{"id":126816,"date":"2025-05-25T19:33:06","date_gmt":"2025-05-25T17:33:06","guid":{"rendered":"https:\/\/exaudi.org\/?p=126816"},"modified":"2025-05-25T19:49:16","modified_gmt":"2025-05-25T17:49:16","slug":"riflessione-del-vescovo-enrique-diaz-lo-spirito-santo-vi-ricordera-tutto-quello-che-vi-ho-detto","status":"publish","type":"post","link":"https:\/\/exaudi.org\/it\/riflessione-del-vescovo-enrique-diaz-lo-spirito-santo-vi-ricordera-tutto-quello-che-vi-ho-detto\/","title":{"rendered":"Riflessione del vescovo Enrique D\u00edaz: Lo Spirito Santo vi ricorder\u00e0 tutto quello che vi ho detto"},"content":{"rendered":"<p>Il vescovo Enrique D\u00edaz D\u00edaz condivide con i lettori di Exaudi la sua riflessione sul <a href=\"https:\/\/www.dominicos.org\/predicacion\/homilia\/25-5-2025\/lecturas\/\">Vangelo di questa domenica, 25 maggio 2025<\/a>, intitolato: \u201c<em>Lo Spirito Santo vi ricorder\u00e0 tutto ci\u00f2 che vi ho detto<\/em>\u201d.<\/p>\n<p>***<\/p>\n<p>Atti degli Apostoli 15, 1-2. 22-29: &#8220;<em>Lo Spirito Santo e noi abbiamo deciso di non gravarvi pi\u00f9 del necessario&#8221;<\/em><\/p>\n<p>Salmo 66: &#8220;<em>Ti lodino tutte le genti, Signore. Alleluia&#8221;<\/em><\/p>\n<p>Apocalisse 21, 10-14. 22-23: &#8220;<em>Un angelo mi mostr\u00f2 la citt\u00e0 santa che scendeva dal cielo&#8221;<\/em><\/p>\n<p>Giovanni 14:23-29: \u201c<em>Lo Spirito Santo vi ricorder\u00e0 tutto ci\u00f2 che vi ho detto<\/em>\u201d<\/p>\n<p>Ci sono momenti difficili nella vita in cui sembra che tutto stia andando in pezzi: la famiglia, il lavoro, la comunit\u00e0. Qualcuno mi ha detto che sembrava un secchio bucato, da cui l&#8217;acqua usciva da tutte le parti e si svuotava. Tuttavia, sente che presto la pace giunger\u00e0 nel suo cuore e ripone la sua fiducia nel Signore Risorto, che sente molto vicino al suo cuore.<\/p>\n<p>\u00c8 curioso il clima di addio che troviamo nel brano di questa domenica. Ges\u00f9 sta per essere consegnato, i suoi discepoli si disperderanno, alcuni lo rinnegheranno, altri lo tradiranno, tutti saranno sconcertati, eppure, nel suo addio, Ges\u00f9 trasmette loro un messaggio di pace, di armonia e di grande sicurezza. In primo luogo, rivela loro un&#8217;esperienza di Dio molto diversa da quella che normalmente si riscontra nell&#8217;Antico Testamento. Ora Ges\u00f9 annuncia e rivela una nuova e vicinissima presenza di Dio. Il Padre non \u00e8 un dio lontano, ma si avvicina all\u2019uomo e vive con lui, formando una comunit\u00e0 con l\u2019essere umano, oggetto del suo amore. &#8220;<em>L\u00ec stabiliremo la nostra dimora&#8221;<\/em>, promette Ges\u00f9. Non bisogna andarlo a cercare sul monte, n\u00e9 attraverso interpreti o mediatori, ma bisogna lasciarsi trovare da Lui, scoprire e accogliere la sua presenza in una relazione non di servo e schiavo davanti al Signore, ma in una relazione di Padre e figlio. Non saremo mai persi nella nostra solitudine; Nel santuario pi\u00f9 inviolabile della nostra intimit\u00e0 abbiamo la compagnia del Dio uno e trino. Di fronte a tutti i mali e agli oscuri presagi che li attendono, Ges\u00f9 offre una nuova esperienza di Dio che incoragger\u00e0, rafforzer\u00e0 e manterr\u00e0 fedeli i discepoli.<\/p>\n<p>Quando viviamo nella paura e nella disperazione possiamo commettere molti errori. La violenza e l&#8217;ingiustizia non si placano con altra violenza, ma non si pongono fine neppure con l&#8217;indifferenza o l&#8217;apatia. \u201c<em>Non perdete la pace<\/em>\u201d. Questa \u00e8 la proposta di Ges\u00f9 e uno dei segni pi\u00f9 grandi della presenza di Dio e della venuta del Regno. Non si tratta di non avere problemi n\u00e9 di sopportare il pi\u00f9 possibile per evitare di dover affrontare conseguenze pi\u00f9 gravi. Non si tratta di una pace imposta con le armi o con il potere, basata sulla schiavit\u00f9, sulla guerra o sulla menzogna. Non si tratta di un equilibrio di forze politiche o sociali che preferiscono non scontrarsi per non farsi del male a vicenda e permettere a ciascuno di continuare a convivere con le proprie ingiustizie. Non si tratta nemmeno solo di una serenit\u00e0 interiore capace di affrontare squilibri e difficolt\u00e0.<\/p>\n<p>La pace che Ges\u00f9 ci offre \u00e8 il dono di Dio che garantisce la dignit\u00e0 e la sicurezza di ogni persona, la sua benedizione creatrice di giustizia e uno stato di benessere materiale e spirituale. Si tratta di raggiungere una crescita completa, un&#8217;adeguata fornitura di cibo e salute per tutti e relazioni amichevoli con Dio e con i fratelli e le sorelle. Si tratta di realizzare per uomini e donne tutto ci\u00f2 di cui l&#8217;uomo ha bisogno sia orizzontalmente che verticalmente. Se cerchiamo la pace che Ges\u00f9 desidera per noi, vivremo senza ansia e senza paura e costruiremo la nuova umanit\u00e0 che Dio desidera.<\/p>\n<p>In questo nostro mondo, dove la violenza ha preso il sopravvento su ogni sfera, dove le guerre pi\u00f9 crudeli sono giustificate e la morte di tanti nostri fratelli e sorelle passa inosservata; Laddove corriamo il rischio di perdere la pace, di diventare timorosi, Cristo ci invita a rafforzare il nostro cuore e ci chiede: &#8220;<em>Non abbiate paura&#8221;<\/em>. Come possiamo non avere paura degli orrori del narcotraffico, quando \u00e8 entrato in tutte le nostre citt\u00e0 e in tutte le nostre comunit\u00e0? Resteremo fermi a guardare mentre i nostri giovani, perfino i bambini, vengono corrotti e contagiati dalla brama di potere, denaro e vizio?<\/p>\n<p>Ascoltiamo le parole di Ges\u00f9 e guardiamo alle vere cause e aggrediamo, non con armi praticamente inutili, ma andando alla radice dei problemi. Se riusciamo a infondere nei bambini e nei ragazzi valori e forza di cuore, non cadranno nelle grinfie del vizio. Ma se trascuriamo la loro educazione e non siamo noi stessi esempi di coerenza e perseveranza, quanto facilmente cadranno i giovani ingenui! \u00c8 doloroso sapere che alcuni giovani non hanno pi\u00f9 altre aspirazioni se non quella di unirsi a gang e cartelli della droga. Dobbiamo proporre la proposta di Ges\u00f9 con maggiore entusiasmo e coerenza. La pace dovrebbe entusiasmarci. Non abbiamo paura.<\/p>\n<p>Non siamo soli in questo compito di costruzione della pace. Il grande dono che Ges\u00f9 ci offre nel suo addio \u00e8 lo Spirito Santo. Se consideriamo solo cosa significa la parola &#8220;<em>Paraclito<\/em>&#8220;, scopriremo la grande missione che ha nei nostri cuori: difensore, intercessore, avvocato, illuminatore, consolatore, insegnante, protettore, costruttore e custode della comunit\u00e0 e di ciascuno dei suoi membri. Ci insegna e ci ricorda ci\u00f2 che Ges\u00f9 ha detto, ma infonde anche in ciascuno di noi un dinamismo interiore per accoglierlo e metterlo in pratica nella vita quotidiana. Non possiamo essere vuoti o vuoti interiori quando abbiamo lo Spirito Santo. Non possiamo essere un secchio secco che rovescia e spreca tutta l&#8217;acqua, quando lo Spirito Santo fa sgorgare una fontana dentro di noi. Quando non crediamo nello Spirito, viviamo nella paura della libert\u00e0 e chiudiamo le porte a Dio e alla nostra realizzazione. Lo Spirito ci d\u00e0 l&#8217;energia per vivere in un modo pi\u00f9 umano e liberatorio, che ci ispira e d\u00e0 energia alle nostre comunit\u00e0. Oggi dobbiamo riempirci di speranza, aprirci a Lui e lasciarci guidare dalla sua forza. Il cristiano \u00e8 un costruttore di pace sotto l\u2019impulso creativo e gioioso dello Spirito. Viviamo nell\u2019angoscia e nella paura o ci lasciamo guidare dallo Spirito? Stiamo cercando dinamicamente nuovi modi per educare, incoraggiare e costruire? Siamo seminatori di speranza? Lasciamo che lo Spirito agisca nelle nostre vite!<\/p>\n<p><em>Concedici, Padre di bont\u00e0, di continuare a celebrare con amore e gioia la vittoria di Cristo risorto e, vincendo le nostre ansie e paure, di lasciarci guidare dal tuo Spirito Santo. Amen.<\/em><\/p>\n","protected":false},"excerpt":{"rendered":"<p>6a domenica di Pasqua<\/p>\n","protected":false},"author":25,"featured_media":126806,"comment_status":"closed","ping_status":"closed","sticky":false,"template":"","format":"standard","meta":{"_acf_changed":false,"_crdt_document":"","inline_featured_image":false,"footnotes":""},"categories":[73,95],"tags":[10963,10964,4952,706,60511],"class_list":["post-126816","post","type-post","status-publish","format-standard","has-post-thumbnail","hentry","category-chiesa-e-mondo","category-spiritualita","tag-enrique-diaz-2","tag-riflessione","tag-trending-it","tag-vangelo","tag-vi-domenica-di-pasqua"],"acf":[],"yoast_head":"<!-- This site is optimized with the Yoast SEO plugin v27.5 - https:\/\/yoast.com\/product\/yoast-seo-wordpress\/ -->\n<title>Riflessione del vescovo Enrique D\u00edaz: Lo Spirito Santo vi ricorder\u00e0 tutto quello che vi ho detto &#8211; Exaudi<\/title>\n<meta name=\"robots\" content=\"index, follow, max-snippet:-1, max-image-preview:large, max-video-preview:-1\" \/>\n<link rel=\"canonical\" href=\"https:\/\/exaudi.org\/it\/riflessione-del-vescovo-enrique-diaz-lo-spirito-santo-vi-ricordera-tutto-quello-che-vi-ho-detto\/\" \/>\n<meta property=\"og:locale\" content=\"it_IT\" \/>\n<meta property=\"og:type\" content=\"article\" \/>\n<meta property=\"og:title\" content=\"Riflessione del vescovo Enrique D\u00edaz: Lo Spirito Santo vi ricorder\u00e0 tutto quello che vi ho detto &#8211; Exaudi\" \/>\n<meta property=\"og:description\" content=\"6a domenica di Pasqua\" \/>\n<meta property=\"og:url\" content=\"https:\/\/exaudi.org\/it\/riflessione-del-vescovo-enrique-diaz-lo-spirito-santo-vi-ricordera-tutto-quello-che-vi-ho-detto\/\" \/>\n<meta property=\"og:site_name\" content=\"Exaudi\" \/>\n<meta property=\"article:publisher\" content=\"https:\/\/www.facebook.com\/ExaudiNews\" \/>\n<meta property=\"article:published_time\" content=\"2025-05-25T17:33:06+00:00\" \/>\n<meta property=\"article:modified_time\" content=\"2025-05-25T17:49:16+00:00\" \/>\n<meta property=\"og:image\" content=\"https:\/\/exaudi.org\/wp-content\/uploads\/2025\/05\/Paloma.jpg\" \/>\n\t<meta property=\"og:image:width\" content=\"1280\" \/>\n\t<meta property=\"og:image:height\" content=\"854\" \/>\n\t<meta property=\"og:image:type\" content=\"image\/jpeg\" \/>\n<meta name=\"author\" content=\"Enrique D\u00edaz\" \/>\n<meta name=\"twitter:card\" content=\"summary_large_image\" \/>\n<meta name=\"twitter:creator\" content=\"@Exaudi_News\" \/>\n<meta name=\"twitter:site\" content=\"@Exaudi_News\" \/>\n<meta name=\"twitter:label1\" content=\"Scritto da\" \/>\n\t<meta name=\"twitter:data1\" content=\"Enrique D\u00edaz\" \/>\n\t<meta name=\"twitter:label2\" content=\"Tempo di lettura stimato\" \/>\n\t<meta name=\"twitter:data2\" content=\"5 minuti\" \/>\n<script type=\"application\/ld+json\" class=\"yoast-schema-graph\">{\"@context\":\"https:\\\/\\\/schema.org\",\"@graph\":[{\"@type\":\"Article\",\"@id\":\"https:\\\/\\\/exaudi.org\\\/it\\\/riflessione-del-vescovo-enrique-diaz-lo-spirito-santo-vi-ricordera-tutto-quello-che-vi-ho-detto\\\/#article\",\"isPartOf\":{\"@id\":\"https:\\\/\\\/exaudi.org\\\/it\\\/riflessione-del-vescovo-enrique-diaz-lo-spirito-santo-vi-ricordera-tutto-quello-che-vi-ho-detto\\\/\"},\"author\":{\"name\":\"Enrique D\u00edaz\",\"@id\":\"https:\\\/\\\/exaudi.org\\\/#\\\/schema\\\/person\\\/c02ffbd10830fa375f6882f7dcf1844d\"},\"headline\":\"Riflessione del vescovo Enrique D\u00edaz: Lo Spirito Santo vi ricorder\u00e0 tutto quello che vi ho detto\",\"datePublished\":\"2025-05-25T17:33:06+00:00\",\"dateModified\":\"2025-05-25T17:49:16+00:00\",\"mainEntityOfPage\":{\"@id\":\"https:\\\/\\\/exaudi.org\\\/it\\\/riflessione-del-vescovo-enrique-diaz-lo-spirito-santo-vi-ricordera-tutto-quello-che-vi-ho-detto\\\/\"},\"wordCount\":1098,\"image\":{\"@id\":\"https:\\\/\\\/exaudi.org\\\/it\\\/riflessione-del-vescovo-enrique-diaz-lo-spirito-santo-vi-ricordera-tutto-quello-che-vi-ho-detto\\\/#primaryimage\"},\"thumbnailUrl\":\"https:\\\/\\\/exaudi.org\\\/wp-content\\\/uploads\\\/2025\\\/05\\\/Paloma.jpg\",\"keywords\":[\"ENRIQUE D\u00cdAZ\",\"RIFLESSIONE\",\"Trending\",\"Vangelo\",\"VI Domenica di Pasqua\"],\"articleSection\":[\"Chiesa e Mondo\",\"Spiritualit\u00e0\"],\"inLanguage\":\"it-IT\"},{\"@type\":\"WebPage\",\"@id\":\"https:\\\/\\\/exaudi.org\\\/it\\\/riflessione-del-vescovo-enrique-diaz-lo-spirito-santo-vi-ricordera-tutto-quello-che-vi-ho-detto\\\/\",\"url\":\"https:\\\/\\\/exaudi.org\\\/it\\\/riflessione-del-vescovo-enrique-diaz-lo-spirito-santo-vi-ricordera-tutto-quello-che-vi-ho-detto\\\/\",\"name\":\"Riflessione del vescovo Enrique D\u00edaz: Lo Spirito Santo vi ricorder\u00e0 tutto quello che vi ho detto &#8211; Exaudi\",\"isPartOf\":{\"@id\":\"https:\\\/\\\/exaudi.org\\\/#website\"},\"primaryImageOfPage\":{\"@id\":\"https:\\\/\\\/exaudi.org\\\/it\\\/riflessione-del-vescovo-enrique-diaz-lo-spirito-santo-vi-ricordera-tutto-quello-che-vi-ho-detto\\\/#primaryimage\"},\"image\":{\"@id\":\"https:\\\/\\\/exaudi.org\\\/it\\\/riflessione-del-vescovo-enrique-diaz-lo-spirito-santo-vi-ricordera-tutto-quello-che-vi-ho-detto\\\/#primaryimage\"},\"thumbnailUrl\":\"https:\\\/\\\/exaudi.org\\\/wp-content\\\/uploads\\\/2025\\\/05\\\/Paloma.jpg\",\"datePublished\":\"2025-05-25T17:33:06+00:00\",\"dateModified\":\"2025-05-25T17:49:16+00:00\",\"author\":{\"@id\":\"https:\\\/\\\/exaudi.org\\\/#\\\/schema\\\/person\\\/c02ffbd10830fa375f6882f7dcf1844d\"},\"breadcrumb\":{\"@id\":\"https:\\\/\\\/exaudi.org\\\/it\\\/riflessione-del-vescovo-enrique-diaz-lo-spirito-santo-vi-ricordera-tutto-quello-che-vi-ho-detto\\\/#breadcrumb\"},\"inLanguage\":\"it-IT\",\"potentialAction\":[{\"@type\":\"ReadAction\",\"target\":[\"https:\\\/\\\/exaudi.org\\\/it\\\/riflessione-del-vescovo-enrique-diaz-lo-spirito-santo-vi-ricordera-tutto-quello-che-vi-ho-detto\\\/\"]}]},{\"@type\":\"ImageObject\",\"inLanguage\":\"it-IT\",\"@id\":\"https:\\\/\\\/exaudi.org\\\/it\\\/riflessione-del-vescovo-enrique-diaz-lo-spirito-santo-vi-ricordera-tutto-quello-che-vi-ho-detto\\\/#primaryimage\",\"url\":\"https:\\\/\\\/exaudi.org\\\/wp-content\\\/uploads\\\/2025\\\/05\\\/Paloma.jpg\",\"contentUrl\":\"https:\\\/\\\/exaudi.org\\\/wp-content\\\/uploads\\\/2025\\\/05\\\/Paloma.jpg\",\"width\":1280,\"height\":854},{\"@type\":\"BreadcrumbList\",\"@id\":\"https:\\\/\\\/exaudi.org\\\/it\\\/riflessione-del-vescovo-enrique-diaz-lo-spirito-santo-vi-ricordera-tutto-quello-che-vi-ho-detto\\\/#breadcrumb\",\"itemListElement\":[{\"@type\":\"ListItem\",\"position\":1,\"name\":\"Portada\",\"item\":\"https:\\\/\\\/exaudi.org\\\/it\\\/\"},{\"@type\":\"ListItem\",\"position\":2,\"name\":\"Riflessione del vescovo Enrique D\u00edaz: Lo Spirito Santo vi ricorder\u00e0 tutto quello che vi ho detto\"}]},{\"@type\":\"WebSite\",\"@id\":\"https:\\\/\\\/exaudi.org\\\/#website\",\"url\":\"https:\\\/\\\/exaudi.org\\\/\",\"name\":\"Exaudi\",\"description\":\"News\",\"potentialAction\":[{\"@type\":\"SearchAction\",\"target\":{\"@type\":\"EntryPoint\",\"urlTemplate\":\"https:\\\/\\\/exaudi.org\\\/?s={search_term_string}\"},\"query-input\":{\"@type\":\"PropertyValueSpecification\",\"valueRequired\":true,\"valueName\":\"search_term_string\"}}],\"inLanguage\":\"it-IT\"},{\"@type\":\"Person\",\"@id\":\"https:\\\/\\\/exaudi.org\\\/#\\\/schema\\\/person\\\/c02ffbd10830fa375f6882f7dcf1844d\",\"name\":\"Enrique D\u00edaz\",\"image\":{\"@type\":\"ImageObject\",\"inLanguage\":\"it-IT\",\"@id\":\"https:\\\/\\\/secure.gravatar.com\\\/avatar\\\/7ca10be5325a95d04b74082d68ba605aa69611eb0f68f47096cb1bc349873284?s=96&d=mm&r=g\",\"url\":\"https:\\\/\\\/secure.gravatar.com\\\/avatar\\\/7ca10be5325a95d04b74082d68ba605aa69611eb0f68f47096cb1bc349873284?s=96&d=mm&r=g\",\"contentUrl\":\"https:\\\/\\\/secure.gravatar.com\\\/avatar\\\/7ca10be5325a95d04b74082d68ba605aa69611eb0f68f47096cb1bc349873284?s=96&d=mm&r=g\",\"caption\":\"Enrique D\u00edaz\"},\"description\":\"Naci\u00f3 en Huandacareo, Michoac\u00e1n, M\u00e9xico, en 1952. Realiz\u00f3 sus estudios de Filosof\u00eda y Teolog\u00eda en el Seminario de Morelia. Ordenado di\u00e1cono el 22 de mayo de 1977, y presb\u00edtero el 23 de octubre del mismo a\u00f1o. Obtuvo la Licenciatura en Sagrada Escritura en el Pontificio Instituto B\u00edblico en Roma. Ha desarrollado m\u00faltiples encargos pastorales como el de capell\u00e1n de la rector\u00eda de las Tres Aves Mar\u00edas; responsable de la Pastoral B\u00edblica Diocesana y director de la Escuela B\u00edblica en Morelia; maestro de Biblia en el Seminario Conciliar de Morelia, p\u00e1rroco de la Parroquia de Nuestra Se\u00f1ora de Guadalupe, Col. Guadalupe, Morelia; o vicario episcopal para la Zona de Nuestra Se\u00f1ora de la Luz, P\u00e1tzcuaro. Ordenado obispo auxiliar de san Crist\u00f3bal de las Casas en 2003. En la Conferencia Episcopal form\u00f3 parte de las Comisiones de Biblia, Diaconado y Ministerios Laicales. Fue responsable de las Dimensiones de Ministerios Laicales, de Educaci\u00f3n y Cultura. Ha participado en encuentros latinoamericanos y mundiales sobre el Diaconado Permanente. Actualmente es el responsable de la Dimensi\u00f3n de Pastoral de la Cultura. Particip\u00f3 como Miembro del S\u00ednodo de Obispos sobre la Palabra de Dios en la Vida y Misi\u00f3n de la Iglesia en Roma, en 2008. Recibi\u00f3 el nombramiento de obispo coadjutor de San Crist\u00f3bal de las Casas en 2014. Nombrado II obispo de Irapuato el d\u00eda 11 de marzo, tom\u00f3 posesi\u00f3n el 19 de Mayo. Colabora en varias revistas y publicaciones sobre todo con la reflexi\u00f3n diaria y dominical tanto en audio como escrita.\",\"url\":\"https:\\\/\\\/exaudi.org\\\/it\\\/author\\\/enriquediaz\\\/\"}]}<\/script>\n<!-- \/ Yoast SEO plugin. -->","yoast_head_json":{"title":"Riflessione del vescovo Enrique D\u00edaz: Lo Spirito Santo vi ricorder\u00e0 tutto quello che vi ho detto &#8211; Exaudi","robots":{"index":"index","follow":"follow","max-snippet":"max-snippet:-1","max-image-preview":"max-image-preview:large","max-video-preview":"max-video-preview:-1"},"canonical":"https:\/\/exaudi.org\/it\/riflessione-del-vescovo-enrique-diaz-lo-spirito-santo-vi-ricordera-tutto-quello-che-vi-ho-detto\/","og_locale":"it_IT","og_type":"article","og_title":"Riflessione del vescovo Enrique D\u00edaz: Lo Spirito Santo vi ricorder\u00e0 tutto quello che vi ho detto &#8211; Exaudi","og_description":"6a domenica di Pasqua","og_url":"https:\/\/exaudi.org\/it\/riflessione-del-vescovo-enrique-diaz-lo-spirito-santo-vi-ricordera-tutto-quello-che-vi-ho-detto\/","og_site_name":"Exaudi","article_publisher":"https:\/\/www.facebook.com\/ExaudiNews","article_published_time":"2025-05-25T17:33:06+00:00","article_modified_time":"2025-05-25T17:49:16+00:00","og_image":[{"width":1280,"height":854,"url":"https:\/\/exaudi.org\/wp-content\/uploads\/2025\/05\/Paloma.jpg","type":"image\/jpeg"}],"author":"Enrique D\u00edaz","twitter_card":"summary_large_image","twitter_creator":"@Exaudi_News","twitter_site":"@Exaudi_News","twitter_misc":{"Scritto da":"Enrique D\u00edaz","Tempo di lettura stimato":"5 minuti"},"schema":{"@context":"https:\/\/schema.org","@graph":[{"@type":"Article","@id":"https:\/\/exaudi.org\/it\/riflessione-del-vescovo-enrique-diaz-lo-spirito-santo-vi-ricordera-tutto-quello-che-vi-ho-detto\/#article","isPartOf":{"@id":"https:\/\/exaudi.org\/it\/riflessione-del-vescovo-enrique-diaz-lo-spirito-santo-vi-ricordera-tutto-quello-che-vi-ho-detto\/"},"author":{"name":"Enrique D\u00edaz","@id":"https:\/\/exaudi.org\/#\/schema\/person\/c02ffbd10830fa375f6882f7dcf1844d"},"headline":"Riflessione del vescovo Enrique D\u00edaz: Lo Spirito Santo vi ricorder\u00e0 tutto quello che vi ho detto","datePublished":"2025-05-25T17:33:06+00:00","dateModified":"2025-05-25T17:49:16+00:00","mainEntityOfPage":{"@id":"https:\/\/exaudi.org\/it\/riflessione-del-vescovo-enrique-diaz-lo-spirito-santo-vi-ricordera-tutto-quello-che-vi-ho-detto\/"},"wordCount":1098,"image":{"@id":"https:\/\/exaudi.org\/it\/riflessione-del-vescovo-enrique-diaz-lo-spirito-santo-vi-ricordera-tutto-quello-che-vi-ho-detto\/#primaryimage"},"thumbnailUrl":"https:\/\/exaudi.org\/wp-content\/uploads\/2025\/05\/Paloma.jpg","keywords":["ENRIQUE D\u00cdAZ","RIFLESSIONE","Trending","Vangelo","VI Domenica di Pasqua"],"articleSection":["Chiesa e Mondo","Spiritualit\u00e0"],"inLanguage":"it-IT"},{"@type":"WebPage","@id":"https:\/\/exaudi.org\/it\/riflessione-del-vescovo-enrique-diaz-lo-spirito-santo-vi-ricordera-tutto-quello-che-vi-ho-detto\/","url":"https:\/\/exaudi.org\/it\/riflessione-del-vescovo-enrique-diaz-lo-spirito-santo-vi-ricordera-tutto-quello-che-vi-ho-detto\/","name":"Riflessione del vescovo Enrique D\u00edaz: Lo Spirito Santo vi ricorder\u00e0 tutto quello che vi ho detto &#8211; Exaudi","isPartOf":{"@id":"https:\/\/exaudi.org\/#website"},"primaryImageOfPage":{"@id":"https:\/\/exaudi.org\/it\/riflessione-del-vescovo-enrique-diaz-lo-spirito-santo-vi-ricordera-tutto-quello-che-vi-ho-detto\/#primaryimage"},"image":{"@id":"https:\/\/exaudi.org\/it\/riflessione-del-vescovo-enrique-diaz-lo-spirito-santo-vi-ricordera-tutto-quello-che-vi-ho-detto\/#primaryimage"},"thumbnailUrl":"https:\/\/exaudi.org\/wp-content\/uploads\/2025\/05\/Paloma.jpg","datePublished":"2025-05-25T17:33:06+00:00","dateModified":"2025-05-25T17:49:16+00:00","author":{"@id":"https:\/\/exaudi.org\/#\/schema\/person\/c02ffbd10830fa375f6882f7dcf1844d"},"breadcrumb":{"@id":"https:\/\/exaudi.org\/it\/riflessione-del-vescovo-enrique-diaz-lo-spirito-santo-vi-ricordera-tutto-quello-che-vi-ho-detto\/#breadcrumb"},"inLanguage":"it-IT","potentialAction":[{"@type":"ReadAction","target":["https:\/\/exaudi.org\/it\/riflessione-del-vescovo-enrique-diaz-lo-spirito-santo-vi-ricordera-tutto-quello-che-vi-ho-detto\/"]}]},{"@type":"ImageObject","inLanguage":"it-IT","@id":"https:\/\/exaudi.org\/it\/riflessione-del-vescovo-enrique-diaz-lo-spirito-santo-vi-ricordera-tutto-quello-che-vi-ho-detto\/#primaryimage","url":"https:\/\/exaudi.org\/wp-content\/uploads\/2025\/05\/Paloma.jpg","contentUrl":"https:\/\/exaudi.org\/wp-content\/uploads\/2025\/05\/Paloma.jpg","width":1280,"height":854},{"@type":"BreadcrumbList","@id":"https:\/\/exaudi.org\/it\/riflessione-del-vescovo-enrique-diaz-lo-spirito-santo-vi-ricordera-tutto-quello-che-vi-ho-detto\/#breadcrumb","itemListElement":[{"@type":"ListItem","position":1,"name":"Portada","item":"https:\/\/exaudi.org\/it\/"},{"@type":"ListItem","position":2,"name":"Riflessione del vescovo Enrique D\u00edaz: Lo Spirito Santo vi ricorder\u00e0 tutto quello che vi ho detto"}]},{"@type":"WebSite","@id":"https:\/\/exaudi.org\/#website","url":"https:\/\/exaudi.org\/","name":"Exaudi","description":"News","potentialAction":[{"@type":"SearchAction","target":{"@type":"EntryPoint","urlTemplate":"https:\/\/exaudi.org\/?s={search_term_string}"},"query-input":{"@type":"PropertyValueSpecification","valueRequired":true,"valueName":"search_term_string"}}],"inLanguage":"it-IT"},{"@type":"Person","@id":"https:\/\/exaudi.org\/#\/schema\/person\/c02ffbd10830fa375f6882f7dcf1844d","name":"Enrique D\u00edaz","image":{"@type":"ImageObject","inLanguage":"it-IT","@id":"https:\/\/secure.gravatar.com\/avatar\/7ca10be5325a95d04b74082d68ba605aa69611eb0f68f47096cb1bc349873284?s=96&d=mm&r=g","url":"https:\/\/secure.gravatar.com\/avatar\/7ca10be5325a95d04b74082d68ba605aa69611eb0f68f47096cb1bc349873284?s=96&d=mm&r=g","contentUrl":"https:\/\/secure.gravatar.com\/avatar\/7ca10be5325a95d04b74082d68ba605aa69611eb0f68f47096cb1bc349873284?s=96&d=mm&r=g","caption":"Enrique D\u00edaz"},"description":"Naci\u00f3 en Huandacareo, Michoac\u00e1n, M\u00e9xico, en 1952. Realiz\u00f3 sus estudios de Filosof\u00eda y Teolog\u00eda en el Seminario de Morelia. Ordenado di\u00e1cono el 22 de mayo de 1977, y presb\u00edtero el 23 de octubre del mismo a\u00f1o. Obtuvo la Licenciatura en Sagrada Escritura en el Pontificio Instituto B\u00edblico en Roma. Ha desarrollado m\u00faltiples encargos pastorales como el de capell\u00e1n de la rector\u00eda de las Tres Aves Mar\u00edas; responsable de la Pastoral B\u00edblica Diocesana y director de la Escuela B\u00edblica en Morelia; maestro de Biblia en el Seminario Conciliar de Morelia, p\u00e1rroco de la Parroquia de Nuestra Se\u00f1ora de Guadalupe, Col. Guadalupe, Morelia; o vicario episcopal para la Zona de Nuestra Se\u00f1ora de la Luz, P\u00e1tzcuaro. Ordenado obispo auxiliar de san Crist\u00f3bal de las Casas en 2003. En la Conferencia Episcopal form\u00f3 parte de las Comisiones de Biblia, Diaconado y Ministerios Laicales. Fue responsable de las Dimensiones de Ministerios Laicales, de Educaci\u00f3n y Cultura. Ha participado en encuentros latinoamericanos y mundiales sobre el Diaconado Permanente. Actualmente es el responsable de la Dimensi\u00f3n de Pastoral de la Cultura. Particip\u00f3 como Miembro del S\u00ednodo de Obispos sobre la Palabra de Dios en la Vida y Misi\u00f3n de la Iglesia en Roma, en 2008. Recibi\u00f3 el nombramiento de obispo coadjutor de San Crist\u00f3bal de las Casas en 2014. Nombrado II obispo de Irapuato el d\u00eda 11 de marzo, tom\u00f3 posesi\u00f3n el 19 de Mayo. Colabora en varias revistas y publicaciones sobre todo con la reflexi\u00f3n diaria y dominical tanto en audio como escrita.","url":"https:\/\/exaudi.org\/it\/author\/enriquediaz\/"}]}},"jetpack_featured_media_url":"https:\/\/exaudi.org\/wp-content\/uploads\/2025\/05\/Paloma.jpg","jetpack_shortlink":"https:\/\/wp.me\/pgKjF2-wZq","_links":{"self":[{"href":"https:\/\/exaudi.org\/it\/wp-json\/wp\/v2\/posts\/126816","targetHints":{"allow":["GET"]}}],"collection":[{"href":"https:\/\/exaudi.org\/it\/wp-json\/wp\/v2\/posts"}],"about":[{"href":"https:\/\/exaudi.org\/it\/wp-json\/wp\/v2\/types\/post"}],"author":[{"embeddable":true,"href":"https:\/\/exaudi.org\/it\/wp-json\/wp\/v2\/users\/25"}],"replies":[{"embeddable":true,"href":"https:\/\/exaudi.org\/it\/wp-json\/wp\/v2\/comments?post=126816"}],"version-history":[{"count":0,"href":"https:\/\/exaudi.org\/it\/wp-json\/wp\/v2\/posts\/126816\/revisions"}],"wp:featuredmedia":[{"embeddable":true,"href":"https:\/\/exaudi.org\/it\/wp-json\/wp\/v2\/media\/126806"}],"wp:attachment":[{"href":"https:\/\/exaudi.org\/it\/wp-json\/wp\/v2\/media?parent=126816"}],"wp:term":[{"taxonomy":"category","embeddable":true,"href":"https:\/\/exaudi.org\/it\/wp-json\/wp\/v2\/categories?post=126816"},{"taxonomy":"post_tag","embeddable":true,"href":"https:\/\/exaudi.org\/it\/wp-json\/wp\/v2\/tags?post=126816"}],"curies":[{"name":"wp","href":"https:\/\/api.w.org\/{rel}","templated":true}]}}