{"id":126607,"date":"2025-05-21T17:34:42","date_gmt":"2025-05-21T15:34:42","guid":{"rendered":"https:\/\/exaudi.org\/?p=126607"},"modified":"2025-05-21T17:35:46","modified_gmt":"2025-05-21T15:35:46","slug":"leone-xiv-gesu-cristo-seminatore-di-speranza","status":"publish","type":"post","link":"https:\/\/exaudi.org\/it\/leone-xiv-gesu-cristo-seminatore-di-speranza\/","title":{"rendered":"Leone XIV: &#8220;Ges\u00f9 Cristo, seminatore di speranza&#8221;"},"content":{"rendered":"<p>Con Piazza San Pietro gremita di fedeli, mercoled\u00ec Papa Leone XIV ha inaugurato il suo ciclo di catechesi, segnando un primo passo fortemente simbolico e pastorale del suo recente pontificato. Nel suo messaggio risuonavano chiaramente due parole: misericordia e pace.<\/p>\n<p>Nella sua riflessione, il Papa ha proposto di ritornare alle parabole di Ges\u00f9, quei &#8220;gioielli del Vangelo&#8221; che, ha affermato, hanno il potere di aprire il cuore umano alla speranza e alla conversione. \u00abLe parabole sono come finestre aperte sul cuore di Dio\u00bb, ha affermato, sottolineando che non si tratta di semplici racconti con una morale, ma di autentici percorsi per incontrare il Signore. In particolare, ha ricordato che questi insegnamenti di Cristo rivelano un Dio che non si stanca mai di tendere la mano all&#8217;umanit\u00e0, anche quando \u00e8 perduta.<\/p>\n<p><img decoding=\"async\" class=\"aligncenter\" src=\"https:\/\/exaudi.org\/wp-content\/uploads\/2025\/05\/ag-leon-2105-2.jpg\" \/><\/p>\n<p>Leone XIV sottolineava che il linguaggio delle parabole sfida la coscienza, non attraverso la condanna, ma attraverso un invito al cambiamento. In un mondo ferito dalla fretta, dall\u2019indifferenza e dalla superficialit\u00e0, il Papa ha incoraggiato i cristiani a fermarsi e a lasciarsi toccare dalla Parola viva di Dio, che, come un seme, pu\u00f2 trasformare anche il terreno pi\u00f9 arido.<\/p>\n<p>Ma la catechesi non \u00e8 stato l&#8217;unico momento forte di questa prima udienza. Con voce profonda e sguardo compassionevole, il Pontefice ha lanciato un forte appello alla pace, soffermandosi in particolare sulla tragica situazione di Gaza. &#8220;La guerra \u00e8 sempre una sconfitta. E quando muoiono persone innocenti, soprattutto bambini, il cuore di Dio si spezza&#8221;, ha detto. Le sue parole, pronunciate con tono calmo ma fermo, provocarono un silenzio commosso tra i presenti.<\/p>\n<p><img decoding=\"async\" class=\"aligncenter\" src=\"https:\/\/exaudi.org\/wp-content\/uploads\/2025\/05\/ag-leon-2105-3.jpg\" \/><\/p>\n<p>Ha esortato la comunit\u00e0 internazionale a non voltarsi dall&#8217;altra parte e ha chiesto gesti concreti di dialogo e riconciliazione. \u00abL&#8217;umanit\u00e0 non pu\u00f2 abituarsi al dolore degli altri\u00bb, ha dichiarato, chiarendo che il suo pontificato sar\u00e0 guidato dai pi\u00f9 vulnerabili.<\/p>\n<p>Questa prima udienza generale di Leone XIV lasci\u00f2 un&#8217;impronta chiara dello stile che egli voleva imprimere al suo ministero: vicinanza, profondit\u00e0 spirituale e un impegno determinato per la giustizia e la pace. Non ci sono stati grandi discorsi teologici o complicate formule dottrinali, ma un messaggio diretto al cuore, dove la Parola di Dio e la sofferenza del popolo si abbracciano in un unico grido.<\/p>\n<p>Inizia cos\u00ec un nuovo capitolo per la Chiesa universale, ora guidata da un Papa che, nel suo primo incontro con i fedeli del mondo, ha ricordato che il Vangelo non \u00e8 un&#8217;idea astratta, ma una forza viva che pu\u00f2 cambiare il mondo&#8230; se per primi gli permettiamo di cambiare noi.<\/p>\n<p>***<\/p>\n<p><b>Ciclo di Catechesi \u2013 Giubileo 2025. Ges\u00f9 Cristo nostra speranza. II. La vita di Ges\u00f9. Le parabole. 6.<i>\u00a0Il seminatore. Egli parl\u00f2 loro di molte cose con parabole<\/i>\u00a0(<i>Mt\u00a0<\/i>13,3a)<br \/>\n<\/b><\/p>\n<p><i>Cari fratelli e sorelle<\/i>,<\/p>\n<p>Sono lieto di accogliervi in questa mia prima Udienza generale. Riprendo oggi il ciclo di catechesi giubilari, sul tema \u00abGes\u00f9 Cristo Nostra Speranza\u00bb, iniziate da\u00a0<a href=\"https:\/\/www.vatican.va\/content\/francesco\/it.html\">Papa Francesco<\/a>.<\/p>\n<p>Continuiamo oggi a meditare sulle parabole di Ges\u00f9, che ci aiutano a ritrovare la speranza, perch\u00e9 ci mostrano come Dio opera nella storia. Oggi vorrei fermarmi su una parabola un po\u2019 particolare, perch\u00e9 si tratta di una specie di introduzione a tutte le parabole. Mi riferisco a quella del seminatore (cfr\u00a0<i>Mt<\/i>\u00a013,1-17). In un certo senso, in questo racconto possiamo riconoscere il modo di comunicare di Ges\u00f9, che ha tanto da insegnarci per l\u2019annuncio del Vangelo oggi.<\/p>\n<p>Ogni parabola racconta una storia che \u00e8 presa dalla vita di tutti i giorni, eppure vuole dirci qualcosa in pi\u00f9, ci rimanda a un significato pi\u00f9 profondo. La parabola fa nascere in noi delle domande, ci invita a non fermarci all\u2019apparenza. Davanti alla storia che viene raccontata o all\u2019immagine che mi viene consegnata, posso chiedermi: dove sono io in questa storia? Cosa dice questa immagine alla mia vita? Il termine parabola viene infatti dal verbo greco\u00a0<i>paraballein<\/i>, che vuol dire\u00a0<i>gettare innanzi<\/i>. La parabola mi getta davanti una parola che mi provoca e mi spinge a interrogarmi.<\/p>\n<p>La parabola del seminatore parla proprio della dinamica della parola di Dio e degli effetti che essa produce. Infatti, ogni parola del Vangelo \u00e8 come un seme che viene gettato nel terreno della nostra vita. Molte volte Ges\u00f9 utilizza l\u2019immagine del seme, con diversi significati. Nel capitolo 13 del Vangelo di Matteo, la parabola del seminatore introduce una serie di altre piccole parabole, alcune delle quali parlano proprio di ci\u00f2 che avviene nel terreno: il grano e la zizzania, il granellino di senape, il tesoro nascosto nel campo. Cos\u2019\u00e8 dunque questo terreno? \u00c8 il nostro cuore, ma \u00e8 anche il mondo, la comunit\u00e0, la Chiesa. La parola di Dio, infatti, feconda e provoca ogni realt\u00e0.<\/p>\n<p>All\u2019inizio, vediamo Ges\u00f9 che esce di casa e intorno a Lui si raduna una grande folla (cfr\u00a0<i>Mt<\/i>\u00a013,1). La sua parola affascina e incuriosisce. Tra la gente ci sono ovviamente tante situazioni differenti. La parola di Ges\u00f9 \u00e8 per tutti, ma opera in ciascuno in modo diverso. Questo contesto ci permette di capire meglio il senso della parabola.<\/p>\n<p>Un seminatore, alquanto originale, esce a seminare, ma non si preoccupa di dove cade il seme. Getta i semi anche l\u00e0 dove \u00e8 improbabile che portino frutto: sulla strada, tra i sassi, in mezzo ai rovi. Questo atteggiamento stupisce chi ascolta e induce a domandarsi: come mai?<\/p>\n<p>Noi siamo abituati a calcolare le cose \u2013 e a volte \u00e8 necessario \u2013, ma questo non vale nell\u2019amore! Il modo in cui questo seminatore \u201csprecone\u201d getta il seme \u00e8 un\u2019immagine del modo in cui Dio ci ama. \u00c8 vero infatti che il destino del seme dipende anche dal modo in cui il terreno lo accoglie e dalla situazione in cui si trova, ma anzitutto in questa parabola Ges\u00f9 ci dice che Dio getta il seme della sua parola su ogni tipo di terreno, cio\u00e8 in qualunque nostra situazione: a volte siamo pi\u00f9 superficiali e distratti, a volte ci lasciamo prendere dall\u2019entusiasmo, a volte siamo oppressi dalle preoccupazioni della vita, ma ci sono anche i momenti in cui siamo disponibili e accoglienti. Dio \u00e8 fiducioso e spera che prima o poi il seme fiorisca. Egli ci ama cos\u00ec: non aspetta che diventiamo il terreno migliore, ci dona sempre generosamente la sua parola. Forse proprio vedendo che Lui si fida di noi, nascer\u00e0 in noi il desiderio di essere un terreno migliore. Questa \u00e8 la speranza, fondata sulla roccia della generosit\u00e0 e della misericordia di Dio.<\/p>\n<p>Raccontando il modo in cui il seme porta frutto, Ges\u00f9 sta parlando anche della sua vita. Ges\u00f9 \u00e8 la Parola, \u00e8 il Seme. E il seme, per portare frutto, deve morire. Allora, questa parabola ci dice che Dio \u00e8 pronto a \u201csprecare\u201d per noi e che Ges\u00f9 \u00e8 disposto a morire per trasformare la nostra vita.<\/p>\n<p>Ho in mente quel bellissimo dipinto di Van Gogh:\u00a0<i>Il seminatore al tramonto<\/i>. Quell\u2019immagine del seminatore sotto il sole cocente mi parla anche della fatica del contadino. E mi colpisce che, alle spalle del seminatore, Van Gogh ha rappresentato il grano gi\u00e0 maturo. Mi sembra proprio un\u2019immagine di speranza: in un modo o nell\u2019altro, il seme ha portato frutto. Non sappiamo bene come, ma \u00e8 cos\u00ec. Al centro della scena, per\u00f2, non c\u2019\u00e8 il seminatore, che sta di lato, ma tutto il dipinto \u00e8 dominato dall\u2019immagine del sole, forse per ricordarci che \u00e8 Dio a muovere la storia, anche se talvolta ci sembra assente o distante. \u00c8 il sole che scalda le zolle della terra e fa maturare il seme.<\/p>\n<p>Cari fratelli e sorelle, in quale situazione della vita oggi la parola di Dio ci sta raggiungendo? Chiediamo al Signore la grazia di accogliere sempre questo seme che \u00e8 la sua parola. E se ci accorgessimo di non essere un terreno fecondo, non scoraggiamoci, ma chiediamo a Lui di lavorarci ancora per farci diventare un terreno migliore.<\/p>\n<p>______________________________<\/p>\n<p><b><i>APPELLO<br \/>\n<\/i>per la popolazione della Striscia di Gaza<\/b><\/p>\n<p>\u00c8 sempre pi\u00f9 preoccupante e dolorosa la situazione nella Striscia di Gaza. Rinnovo il mio appello accorato a consentire l\u2019ingresso di dignitosi aiuti umanitari e a porre fine alle ostilit\u00e0, il cui prezzo straziante \u00e8 pagato dai bambini, dagli anziani, dalle persone malate.<\/p>\n<p>* * *<\/p>\n<p>Rivolgo un cordiale benvenuto ai pellegrini di lingua italiana. In particolare, saluto i sacerdoti del Pontificio Seminario Lombardo e i Legionari di Cristo, e li esorto a fondare la loro vita su Ges\u00f9 e sulla salda roccia della sua Parola, per esserne coraggiosi annunciatori. Saluto inoltre le Suore di San Giuseppe di Annecy e le Monache della Passione di Ges\u00f9 Cristo, che celebrano i rispettivi Capitoli generali: care sorelle, vi accompagno con la mia preghiera affinch\u00e9 il Signore renda fruttuoso il vostro impegno apostolico.<\/p>\n<p>Accolgo con affetto i gruppi parrocchiali e li incoraggio a seguire con fedelt\u00e0 il Vangelo, per essere cristiani autentici in famiglia e in ogni altro ambiente.<\/p>\n<p>Il mio pensiero va infine ai giovani, agli ammalati e agli sposi novelli, augurando a ciascuno di servire sempre Dio nella gioia e di amare il prossimo con spirito evangelico.<\/p>\n<p>E non possiamo concludere questo nostro incontro senza ricordare con tanta gratitudine l\u2019amato Papa Francesco, che proprio un mese fa \u00e8 tornato alla casa del Padre.<\/p>\n<p>A tutti la mia benedizione.<\/p>\n<p><iframe loading=\"lazy\" title=\"May 21 2025 General Audience - Pope Leo XIV\" width=\"500\" height=\"281\" src=\"https:\/\/www.youtube.com\/embed\/qgwsbNfmg-8?feature=oembed\" frameborder=\"0\" allow=\"accelerometer; autoplay; clipboard-write; encrypted-media; gyroscope; picture-in-picture; web-share\" referrerpolicy=\"strict-origin-when-cross-origin\" allowfullscreen><\/iframe><\/p>\n","protected":false},"excerpt":{"rendered":"<p>Nella sua prima udienza generale, il nuovo Pontefice invita a riscoprire la forza trasformativa delle parabole di Ges\u00f9 e chiede la fine della violenza in Terra Santa<\/p>\n","protected":false},"author":17,"featured_media":126540,"comment_status":"closed","ping_status":"closed","sticky":false,"template":"","format":"standard","meta":{"_acf_changed":false,"_crdt_document":"","inline_featured_image":false,"footnotes":""},"categories":[67,111],"tags":[60213,580,4512,51366,4671,20425,2487,60212,32961,29103,1128,688,19629,58164,57717,28326,60214,60215,16490,60211,60210,706],"class_list":["post-126607","post","type-post","status-publish","format-standard","has-post-thumbnail","hentry","category-leone-xiv","category-udienza-generale","tag-appello-per-gaza","tag-catechesi","tag-chiesa-cattolica","tag-conflitto-in-terra-santa","tag-cristianesimo","tag-dialogo-e-riconciliazione","tag-featured-3","tag-guerra-a-gaza","tag-messaggi-del-papa","tag-messaggio-del-papa","tag-misericordia","tag-pace","tag-pace-nel-mondo","tag-papa-leone-xiv","tag-papa-per-la-pace","tag-parabole-di-gesu","tag-pontificato-2025","tag-prima-udienza","tag-pubblico-generale","tag-speranza-e-conversione","tag-udienza-in-piazza-san-pietro","tag-vangelo"],"acf":[],"yoast_head":"<!-- This site is optimized with the Yoast SEO plugin v27.4 - https:\/\/yoast.com\/product\/yoast-seo-wordpress\/ -->\n<title>Leone XIV: &quot;Ges\u00f9 Cristo, seminatore di speranza&quot; &#8211; Exaudi<\/title>\n<meta name=\"robots\" content=\"index, follow, max-snippet:-1, max-image-preview:large, max-video-preview:-1\" \/>\n<link rel=\"canonical\" href=\"https:\/\/exaudi.org\/it\/leone-xiv-gesu-cristo-seminatore-di-speranza\/\" \/>\n<meta property=\"og:locale\" content=\"it_IT\" \/>\n<meta property=\"og:type\" content=\"article\" \/>\n<meta property=\"og:title\" content=\"Leone XIV: &quot;Ges\u00f9 Cristo, seminatore di speranza&quot; &#8211; Exaudi\" \/>\n<meta property=\"og:description\" content=\"Nella sua prima udienza generale, il nuovo Pontefice invita a riscoprire la forza trasformativa delle parabole di Ges\u00f9 e chiede la fine della violenza in Terra Santa\" \/>\n<meta property=\"og:url\" content=\"https:\/\/exaudi.org\/it\/leone-xiv-gesu-cristo-seminatore-di-speranza\/\" \/>\n<meta property=\"og:site_name\" content=\"Exaudi\" \/>\n<meta property=\"article:publisher\" content=\"https:\/\/www.facebook.com\/ExaudiNews\" \/>\n<meta property=\"article:author\" content=\"https:\/\/www.facebook.com\/ExaudiNotizie\/\" \/>\n<meta property=\"article:published_time\" content=\"2025-05-21T15:34:42+00:00\" \/>\n<meta property=\"article:modified_time\" content=\"2025-05-21T15:35:46+00:00\" \/>\n<meta property=\"og:image\" content=\"https:\/\/exaudi.org\/wp-content\/uploads\/2025\/05\/ag-leon-2105-7.jpg\" \/>\n\t<meta property=\"og:image:width\" content=\"800\" \/>\n\t<meta property=\"og:image:height\" content=\"533\" \/>\n\t<meta property=\"og:image:type\" content=\"image\/jpeg\" \/>\n<meta name=\"author\" content=\"Exaudi Redazione\" \/>\n<meta name=\"twitter:card\" content=\"summary_large_image\" \/>\n<meta name=\"twitter:creator\" content=\"@Exaudi_Notizie\" \/>\n<meta name=\"twitter:site\" content=\"@Exaudi_News\" \/>\n<meta name=\"twitter:label1\" content=\"Scritto da\" \/>\n\t<meta name=\"twitter:data1\" content=\"Exaudi Redazione\" \/>\n\t<meta name=\"twitter:label2\" content=\"Tempo di lettura stimato\" \/>\n\t<meta name=\"twitter:data2\" content=\"8 minuti\" \/>\n<script type=\"application\/ld+json\" class=\"yoast-schema-graph\">{\"@context\":\"https:\\\/\\\/schema.org\",\"@graph\":[{\"@type\":\"Article\",\"@id\":\"https:\\\/\\\/exaudi.org\\\/it\\\/leone-xiv-gesu-cristo-seminatore-di-speranza\\\/#article\",\"isPartOf\":{\"@id\":\"https:\\\/\\\/exaudi.org\\\/it\\\/leone-xiv-gesu-cristo-seminatore-di-speranza\\\/\"},\"author\":{\"name\":\"Exaudi Redazione\",\"@id\":\"https:\\\/\\\/exaudi.org\\\/#\\\/schema\\\/person\\\/e1ab6ed07c01774724dd96f925f3a5f0\"},\"headline\":\"Leone XIV: &#8220;Ges\u00f9 Cristo, seminatore di speranza&#8221;\",\"datePublished\":\"2025-05-21T15:34:42+00:00\",\"dateModified\":\"2025-05-21T15:35:46+00:00\",\"mainEntityOfPage\":{\"@id\":\"https:\\\/\\\/exaudi.org\\\/it\\\/leone-xiv-gesu-cristo-seminatore-di-speranza\\\/\"},\"wordCount\":1513,\"image\":{\"@id\":\"https:\\\/\\\/exaudi.org\\\/it\\\/leone-xiv-gesu-cristo-seminatore-di-speranza\\\/#primaryimage\"},\"thumbnailUrl\":\"https:\\\/\\\/exaudi.org\\\/wp-content\\\/uploads\\\/2025\\\/05\\\/ag-leon-2105-7.jpg\",\"keywords\":[\"appello per Gaza\",\"catechesi\",\"Chiesa cattolica\",\"conflitto in Terra Santa\",\"cristianesimo\",\"DIALOGO E RICONCILIAZIONE\",\"Featured\",\"guerra a Gaza\",\"messaggi del Papa\",\"Messaggio del Papa\",\"misericordia\",\"pace\",\"PACE NEL MONDO\",\"Papa Leone XIV\",\"Papa per la pace\",\"Parabole di Ges\u00f9\",\"pontificato 2025\",\"prima udienza\",\"PUBBLICO GENERALE\",\"speranza e conversione\",\"udienza in Piazza San Pietro\",\"Vangelo\"],\"articleSection\":[\"Leone XIV\",\"Udienza generale\"],\"inLanguage\":\"it-IT\"},{\"@type\":\"WebPage\",\"@id\":\"https:\\\/\\\/exaudi.org\\\/it\\\/leone-xiv-gesu-cristo-seminatore-di-speranza\\\/\",\"url\":\"https:\\\/\\\/exaudi.org\\\/it\\\/leone-xiv-gesu-cristo-seminatore-di-speranza\\\/\",\"name\":\"Leone XIV: \\\"Ges\u00f9 Cristo, seminatore di speranza\\\" &#8211; Exaudi\",\"isPartOf\":{\"@id\":\"https:\\\/\\\/exaudi.org\\\/#website\"},\"primaryImageOfPage\":{\"@id\":\"https:\\\/\\\/exaudi.org\\\/it\\\/leone-xiv-gesu-cristo-seminatore-di-speranza\\\/#primaryimage\"},\"image\":{\"@id\":\"https:\\\/\\\/exaudi.org\\\/it\\\/leone-xiv-gesu-cristo-seminatore-di-speranza\\\/#primaryimage\"},\"thumbnailUrl\":\"https:\\\/\\\/exaudi.org\\\/wp-content\\\/uploads\\\/2025\\\/05\\\/ag-leon-2105-7.jpg\",\"datePublished\":\"2025-05-21T15:34:42+00:00\",\"dateModified\":\"2025-05-21T15:35:46+00:00\",\"author\":{\"@id\":\"https:\\\/\\\/exaudi.org\\\/#\\\/schema\\\/person\\\/e1ab6ed07c01774724dd96f925f3a5f0\"},\"breadcrumb\":{\"@id\":\"https:\\\/\\\/exaudi.org\\\/it\\\/leone-xiv-gesu-cristo-seminatore-di-speranza\\\/#breadcrumb\"},\"inLanguage\":\"it-IT\",\"potentialAction\":[{\"@type\":\"ReadAction\",\"target\":[\"https:\\\/\\\/exaudi.org\\\/it\\\/leone-xiv-gesu-cristo-seminatore-di-speranza\\\/\"]}]},{\"@type\":\"ImageObject\",\"inLanguage\":\"it-IT\",\"@id\":\"https:\\\/\\\/exaudi.org\\\/it\\\/leone-xiv-gesu-cristo-seminatore-di-speranza\\\/#primaryimage\",\"url\":\"https:\\\/\\\/exaudi.org\\\/wp-content\\\/uploads\\\/2025\\\/05\\\/ag-leon-2105-7.jpg\",\"contentUrl\":\"https:\\\/\\\/exaudi.org\\\/wp-content\\\/uploads\\\/2025\\\/05\\\/ag-leon-2105-7.jpg\",\"width\":800,\"height\":533},{\"@type\":\"BreadcrumbList\",\"@id\":\"https:\\\/\\\/exaudi.org\\\/it\\\/leone-xiv-gesu-cristo-seminatore-di-speranza\\\/#breadcrumb\",\"itemListElement\":[{\"@type\":\"ListItem\",\"position\":1,\"name\":\"Portada\",\"item\":\"https:\\\/\\\/exaudi.org\\\/it\\\/\"},{\"@type\":\"ListItem\",\"position\":2,\"name\":\"Leone XIV: &#8220;Ges\u00f9 Cristo, seminatore di speranza&#8221;\"}]},{\"@type\":\"WebSite\",\"@id\":\"https:\\\/\\\/exaudi.org\\\/#website\",\"url\":\"https:\\\/\\\/exaudi.org\\\/\",\"name\":\"Exaudi\",\"description\":\"News\",\"potentialAction\":[{\"@type\":\"SearchAction\",\"target\":{\"@type\":\"EntryPoint\",\"urlTemplate\":\"https:\\\/\\\/exaudi.org\\\/?s={search_term_string}\"},\"query-input\":{\"@type\":\"PropertyValueSpecification\",\"valueRequired\":true,\"valueName\":\"search_term_string\"}}],\"inLanguage\":\"it-IT\"},{\"@type\":\"Person\",\"@id\":\"https:\\\/\\\/exaudi.org\\\/#\\\/schema\\\/person\\\/e1ab6ed07c01774724dd96f925f3a5f0\",\"name\":\"Exaudi Redazione\",\"image\":{\"@type\":\"ImageObject\",\"inLanguage\":\"it-IT\",\"@id\":\"https:\\\/\\\/secure.gravatar.com\\\/avatar\\\/ad6774b3ada023bf5b939d64f45c94b3adf91502dd883507d469b4308a943bb3?s=96&d=mm&r=g\",\"url\":\"https:\\\/\\\/secure.gravatar.com\\\/avatar\\\/ad6774b3ada023bf5b939d64f45c94b3adf91502dd883507d469b4308a943bb3?s=96&d=mm&r=g\",\"contentUrl\":\"https:\\\/\\\/secure.gravatar.com\\\/avatar\\\/ad6774b3ada023bf5b939d64f45c94b3adf91502dd883507d469b4308a943bb3?s=96&d=mm&r=g\",\"caption\":\"Exaudi Redazione\"},\"description\":\"Che cosa \u00e8 Exaudi News? Exaudi News \u00e8 un agenzia cattolica internazionale che informa, istruisce e trasforma quotidianamente in spagnolo, inglese e italiano. Attraverso notizie, articoli di analisi e trasmissioni in diretta degli eventi del Papa, Exaudi cerca di rafforzare l'unit\u00e0 dei cristiani e di contribuire all'evangelizzazione del mondo, sempre guidato dalla dottrina sociale della Chiesa. Lavoriamo per portare la verit\u00e0 e i valori cristiani in ogni angolo del pianeta. Aiutaci a trasformare il mondo con Exaudi! Noi di Exaudi crediamo che l'evangelizzazione e l'informazione di qualit\u00e0 possano cambiare la vita. Per continuare la nostra missione ed espandere la nostra portata, abbiamo bisogno del tuo aiuto. Stiamo anche cercando persone motivate che vogliano unirsi al nostro team. Grazie al vostro sostegno raggiungeremo pi\u00f9 persone, diffonderemo il messaggio di Cristo e rafforzeremo l'unit\u00e0 dei cristiani. Vuoi unirti alla nostra missione? Per maggiori informazioni su come contribuire, visita Exaudi.org\\\/it o contattaci direttamente: info@exaudi.org Exaudi: informa, forma e trasforma.\",\"sameAs\":[\"https:\\\/\\\/www.facebook.com\\\/ExaudiNotizie\\\/\",\"https:\\\/\\\/www.instagram.com\\\/Exaudi_notizie\\\/\",\"https:\\\/\\\/x.com\\\/Exaudi_Notizie\",\"https:\\\/\\\/www.youtube.com\\\/@exaudicatholicnews\"],\"url\":\"https:\\\/\\\/exaudi.org\\\/it\\\/author\\\/dlvedi-org\\\/\"}]}<\/script>\n<!-- \/ Yoast SEO plugin. -->","yoast_head_json":{"title":"Leone XIV: \"Ges\u00f9 Cristo, seminatore di speranza\" &#8211; Exaudi","robots":{"index":"index","follow":"follow","max-snippet":"max-snippet:-1","max-image-preview":"max-image-preview:large","max-video-preview":"max-video-preview:-1"},"canonical":"https:\/\/exaudi.org\/it\/leone-xiv-gesu-cristo-seminatore-di-speranza\/","og_locale":"it_IT","og_type":"article","og_title":"Leone XIV: \"Ges\u00f9 Cristo, seminatore di speranza\" &#8211; Exaudi","og_description":"Nella sua prima udienza generale, il nuovo Pontefice invita a riscoprire la forza trasformativa delle parabole di Ges\u00f9 e chiede la fine della violenza in Terra Santa","og_url":"https:\/\/exaudi.org\/it\/leone-xiv-gesu-cristo-seminatore-di-speranza\/","og_site_name":"Exaudi","article_publisher":"https:\/\/www.facebook.com\/ExaudiNews","article_author":"https:\/\/www.facebook.com\/ExaudiNotizie\/","article_published_time":"2025-05-21T15:34:42+00:00","article_modified_time":"2025-05-21T15:35:46+00:00","og_image":[{"width":800,"height":533,"url":"https:\/\/exaudi.org\/wp-content\/uploads\/2025\/05\/ag-leon-2105-7.jpg","type":"image\/jpeg"}],"author":"Exaudi Redazione","twitter_card":"summary_large_image","twitter_creator":"@Exaudi_Notizie","twitter_site":"@Exaudi_News","twitter_misc":{"Scritto da":"Exaudi Redazione","Tempo di lettura stimato":"8 minuti"},"schema":{"@context":"https:\/\/schema.org","@graph":[{"@type":"Article","@id":"https:\/\/exaudi.org\/it\/leone-xiv-gesu-cristo-seminatore-di-speranza\/#article","isPartOf":{"@id":"https:\/\/exaudi.org\/it\/leone-xiv-gesu-cristo-seminatore-di-speranza\/"},"author":{"name":"Exaudi Redazione","@id":"https:\/\/exaudi.org\/#\/schema\/person\/e1ab6ed07c01774724dd96f925f3a5f0"},"headline":"Leone XIV: &#8220;Ges\u00f9 Cristo, seminatore di speranza&#8221;","datePublished":"2025-05-21T15:34:42+00:00","dateModified":"2025-05-21T15:35:46+00:00","mainEntityOfPage":{"@id":"https:\/\/exaudi.org\/it\/leone-xiv-gesu-cristo-seminatore-di-speranza\/"},"wordCount":1513,"image":{"@id":"https:\/\/exaudi.org\/it\/leone-xiv-gesu-cristo-seminatore-di-speranza\/#primaryimage"},"thumbnailUrl":"https:\/\/exaudi.org\/wp-content\/uploads\/2025\/05\/ag-leon-2105-7.jpg","keywords":["appello per Gaza","catechesi","Chiesa cattolica","conflitto in Terra Santa","cristianesimo","DIALOGO E RICONCILIAZIONE","Featured","guerra a Gaza","messaggi del Papa","Messaggio del Papa","misericordia","pace","PACE NEL MONDO","Papa Leone XIV","Papa per la pace","Parabole di Ges\u00f9","pontificato 2025","prima udienza","PUBBLICO GENERALE","speranza e conversione","udienza in Piazza San Pietro","Vangelo"],"articleSection":["Leone XIV","Udienza generale"],"inLanguage":"it-IT"},{"@type":"WebPage","@id":"https:\/\/exaudi.org\/it\/leone-xiv-gesu-cristo-seminatore-di-speranza\/","url":"https:\/\/exaudi.org\/it\/leone-xiv-gesu-cristo-seminatore-di-speranza\/","name":"Leone XIV: \"Ges\u00f9 Cristo, seminatore di speranza\" &#8211; Exaudi","isPartOf":{"@id":"https:\/\/exaudi.org\/#website"},"primaryImageOfPage":{"@id":"https:\/\/exaudi.org\/it\/leone-xiv-gesu-cristo-seminatore-di-speranza\/#primaryimage"},"image":{"@id":"https:\/\/exaudi.org\/it\/leone-xiv-gesu-cristo-seminatore-di-speranza\/#primaryimage"},"thumbnailUrl":"https:\/\/exaudi.org\/wp-content\/uploads\/2025\/05\/ag-leon-2105-7.jpg","datePublished":"2025-05-21T15:34:42+00:00","dateModified":"2025-05-21T15:35:46+00:00","author":{"@id":"https:\/\/exaudi.org\/#\/schema\/person\/e1ab6ed07c01774724dd96f925f3a5f0"},"breadcrumb":{"@id":"https:\/\/exaudi.org\/it\/leone-xiv-gesu-cristo-seminatore-di-speranza\/#breadcrumb"},"inLanguage":"it-IT","potentialAction":[{"@type":"ReadAction","target":["https:\/\/exaudi.org\/it\/leone-xiv-gesu-cristo-seminatore-di-speranza\/"]}]},{"@type":"ImageObject","inLanguage":"it-IT","@id":"https:\/\/exaudi.org\/it\/leone-xiv-gesu-cristo-seminatore-di-speranza\/#primaryimage","url":"https:\/\/exaudi.org\/wp-content\/uploads\/2025\/05\/ag-leon-2105-7.jpg","contentUrl":"https:\/\/exaudi.org\/wp-content\/uploads\/2025\/05\/ag-leon-2105-7.jpg","width":800,"height":533},{"@type":"BreadcrumbList","@id":"https:\/\/exaudi.org\/it\/leone-xiv-gesu-cristo-seminatore-di-speranza\/#breadcrumb","itemListElement":[{"@type":"ListItem","position":1,"name":"Portada","item":"https:\/\/exaudi.org\/it\/"},{"@type":"ListItem","position":2,"name":"Leone XIV: &#8220;Ges\u00f9 Cristo, seminatore di speranza&#8221;"}]},{"@type":"WebSite","@id":"https:\/\/exaudi.org\/#website","url":"https:\/\/exaudi.org\/","name":"Exaudi","description":"News","potentialAction":[{"@type":"SearchAction","target":{"@type":"EntryPoint","urlTemplate":"https:\/\/exaudi.org\/?s={search_term_string}"},"query-input":{"@type":"PropertyValueSpecification","valueRequired":true,"valueName":"search_term_string"}}],"inLanguage":"it-IT"},{"@type":"Person","@id":"https:\/\/exaudi.org\/#\/schema\/person\/e1ab6ed07c01774724dd96f925f3a5f0","name":"Exaudi Redazione","image":{"@type":"ImageObject","inLanguage":"it-IT","@id":"https:\/\/secure.gravatar.com\/avatar\/ad6774b3ada023bf5b939d64f45c94b3adf91502dd883507d469b4308a943bb3?s=96&d=mm&r=g","url":"https:\/\/secure.gravatar.com\/avatar\/ad6774b3ada023bf5b939d64f45c94b3adf91502dd883507d469b4308a943bb3?s=96&d=mm&r=g","contentUrl":"https:\/\/secure.gravatar.com\/avatar\/ad6774b3ada023bf5b939d64f45c94b3adf91502dd883507d469b4308a943bb3?s=96&d=mm&r=g","caption":"Exaudi Redazione"},"description":"Che cosa \u00e8 Exaudi News? Exaudi News \u00e8 un agenzia cattolica internazionale che informa, istruisce e trasforma quotidianamente in spagnolo, inglese e italiano. Attraverso notizie, articoli di analisi e trasmissioni in diretta degli eventi del Papa, Exaudi cerca di rafforzare l'unit\u00e0 dei cristiani e di contribuire all'evangelizzazione del mondo, sempre guidato dalla dottrina sociale della Chiesa. Lavoriamo per portare la verit\u00e0 e i valori cristiani in ogni angolo del pianeta. Aiutaci a trasformare il mondo con Exaudi! Noi di Exaudi crediamo che l'evangelizzazione e l'informazione di qualit\u00e0 possano cambiare la vita. Per continuare la nostra missione ed espandere la nostra portata, abbiamo bisogno del tuo aiuto. Stiamo anche cercando persone motivate che vogliano unirsi al nostro team. Grazie al vostro sostegno raggiungeremo pi\u00f9 persone, diffonderemo il messaggio di Cristo e rafforzeremo l'unit\u00e0 dei cristiani. Vuoi unirti alla nostra missione? Per maggiori informazioni su come contribuire, visita Exaudi.org\/it o contattaci direttamente: info@exaudi.org Exaudi: informa, forma e trasforma.","sameAs":["https:\/\/www.facebook.com\/ExaudiNotizie\/","https:\/\/www.instagram.com\/Exaudi_notizie\/","https:\/\/x.com\/Exaudi_Notizie","https:\/\/www.youtube.com\/@exaudicatholicnews"],"url":"https:\/\/exaudi.org\/it\/author\/dlvedi-org\/"}]}},"jetpack_featured_media_url":"https:\/\/exaudi.org\/wp-content\/uploads\/2025\/05\/ag-leon-2105-7.jpg","jetpack_shortlink":"https:\/\/wp.me\/pgKjF2-wW3","_links":{"self":[{"href":"https:\/\/exaudi.org\/it\/wp-json\/wp\/v2\/posts\/126607","targetHints":{"allow":["GET"]}}],"collection":[{"href":"https:\/\/exaudi.org\/it\/wp-json\/wp\/v2\/posts"}],"about":[{"href":"https:\/\/exaudi.org\/it\/wp-json\/wp\/v2\/types\/post"}],"author":[{"embeddable":true,"href":"https:\/\/exaudi.org\/it\/wp-json\/wp\/v2\/users\/17"}],"replies":[{"embeddable":true,"href":"https:\/\/exaudi.org\/it\/wp-json\/wp\/v2\/comments?post=126607"}],"version-history":[{"count":0,"href":"https:\/\/exaudi.org\/it\/wp-json\/wp\/v2\/posts\/126607\/revisions"}],"wp:featuredmedia":[{"embeddable":true,"href":"https:\/\/exaudi.org\/it\/wp-json\/wp\/v2\/media\/126540"}],"wp:attachment":[{"href":"https:\/\/exaudi.org\/it\/wp-json\/wp\/v2\/media?parent=126607"}],"wp:term":[{"taxonomy":"category","embeddable":true,"href":"https:\/\/exaudi.org\/it\/wp-json\/wp\/v2\/categories?post=126607"},{"taxonomy":"post_tag","embeddable":true,"href":"https:\/\/exaudi.org\/it\/wp-json\/wp\/v2\/tags?post=126607"}],"curies":[{"name":"wp","href":"https:\/\/api.w.org\/{rel}","templated":true}]}}