{"id":126433,"date":"2025-05-19T19:37:29","date_gmt":"2025-05-19T17:37:29","guid":{"rendered":"https:\/\/exaudi.org\/?p=126433"},"modified":"2025-05-19T19:37:29","modified_gmt":"2025-05-19T17:37:29","slug":"papa-leone-xiv-riceve-il-vicepresidente-degli-stati-uniti-vance","status":"publish","type":"post","link":"https:\/\/exaudi.org\/it\/papa-leone-xiv-riceve-il-vicepresidente-degli-stati-uniti-vance\/","title":{"rendered":"Papa Leone XIV riceve il vicepresidente degli Stati Uniti Vance"},"content":{"rendered":"<p>Papa Leone XIV riceve in udienza privata il vicepresidente degli Stati Uniti James David (J.D.) Vance e il segretario di Stato Marco Rubio, che domenica hanno assistito alla sua messa inaugurale.<\/p>\n<p>Dopo l&#8217;udienza privata con il Papa americano, il signor Vance ha incontrato l&#8217;arcivescovo Paul Richard Gallagher, segretario per i rapporti con gli Stati e le organizzazioni internazionali.<\/p>\n<p>Secondo quanto riportato dalla Sala Stampa della Santa Sede, nel corso di cordiali colloqui presso la Segreteria di Stato, il signor Vance e l&#8217;arcivescovo Gallagher hanno ribadito le buone relazioni bilaterali tra la Santa Sede e gli Stati Uniti.<\/p>\n<p>Si \u00e8 parlato anche della collaborazione tra la Chiesa e il governo degli Stati Uniti, nonch\u00e9 di diverse questioni di particolare rilevanza per la vita ecclesiale e la libert\u00e0 religiosa.<\/p>\n<p>Infine, si \u00e8 avuto uno scambio di opinioni su diverse questioni internazionali di attualit\u00e0, sollecitando il rispetto del diritto umanitario e internazionale nelle zone di conflitto e una soluzione negoziata tra le parti coinvolte, ha riferito la Sala Stampa della Santa Sede.<\/p>\n","protected":false},"excerpt":{"rendered":"<p>Petizione: che il diritto umanitario e internazionale sia rispettato nelle zone di conflitto e che si giunga a una soluzione negoziata tra le parti coinvolte<\/p>\n","protected":false},"author":17,"featured_media":126403,"comment_status":"closed","ping_status":"closed","sticky":false,"template":"","format":"standard","meta":{"_acf_changed":false,"_crdt_document":"","inline_featured_image":false,"footnotes":""},"categories":[67],"tags":[59956,59958,59959,2504,59960,665,1466,15072,59961,59962,19629,58164,8589,59963,59964,6252,4952,59957,15553,59965],"class_list":["post-126433","post","type-post","status-publish","format-standard","has-post-thumbnail","hentry","category-leone-xiv","tag-assistenza-umanitaria","tag-collaborazione-globale","tag-cooperazione-tra-vaticano-e-stati-uniti","tag-crisi-climatica","tag-dialogo-internazionale","tag-dialogo-interreligioso","tag-diritti-umani","tag-giustizia-sociale","tag-incontro-papale","tag-pace-e-benessere-globale","tag-pace-nel-mondo","tag-papa-leone-xiv","tag-politica-internazionale","tag-relazioni-diplomatiche-vaticane","tag-relazioni-internazionali-del-vaticano","tag-santa-sede-it","tag-trending-it","tag-udienza-in-vaticano","tag-valori-etici","tag-vicepresidente-degli-stati-uniti"],"acf":[],"yoast_head":"<!-- This site is optimized with the Yoast SEO plugin v27.5 - https:\/\/yoast.com\/product\/yoast-seo-wordpress\/ -->\n<title>Papa Leone XIV riceve il vicepresidente degli Stati Uniti Vance &#8211; Exaudi<\/title>\n<meta name=\"robots\" content=\"index, follow, max-snippet:-1, max-image-preview:large, max-video-preview:-1\" \/>\n<link rel=\"canonical\" href=\"https:\/\/exaudi.org\/it\/papa-leone-xiv-riceve-il-vicepresidente-degli-stati-uniti-vance\/\" \/>\n<meta property=\"og:locale\" content=\"it_IT\" \/>\n<meta property=\"og:type\" content=\"article\" \/>\n<meta property=\"og:title\" content=\"Papa Leone XIV riceve il vicepresidente degli Stati Uniti Vance &#8211; Exaudi\" \/>\n<meta property=\"og:description\" content=\"Petizione: che il diritto umanitario e internazionale sia rispettato nelle zone di conflitto e che si giunga a una soluzione negoziata tra le parti coinvolte\" \/>\n<meta property=\"og:url\" content=\"https:\/\/exaudi.org\/it\/papa-leone-xiv-riceve-il-vicepresidente-degli-stati-uniti-vance\/\" \/>\n<meta property=\"og:site_name\" content=\"Exaudi\" \/>\n<meta property=\"article:publisher\" content=\"https:\/\/www.facebook.com\/ExaudiNews\" \/>\n<meta property=\"article:author\" content=\"https:\/\/www.facebook.com\/ExaudiNotizie\/\" \/>\n<meta property=\"article:published_time\" content=\"2025-05-19T17:37:29+00:00\" \/>\n<meta property=\"og:image\" content=\"https:\/\/exaudi.org\/wp-content\/uploads\/2025\/05\/Pope-Leo-XIV-holds-a-private-audience-with-US-Vice-President-James-David-J.D.-Vance-and-Secretary-of-State-Marco-Rubio-who-attended-the-Inauguration-Mass-of-his-pontificate-on-Sunday.After-the-priv-2.jpg\" \/>\n\t<meta property=\"og:image:width\" content=\"1080\" \/>\n\t<meta property=\"og:image:height\" content=\"1080\" \/>\n\t<meta property=\"og:image:type\" content=\"image\/jpeg\" \/>\n<meta name=\"author\" content=\"Exaudi Redazione\" \/>\n<meta name=\"twitter:card\" content=\"summary_large_image\" \/>\n<meta name=\"twitter:creator\" content=\"@Exaudi_Notizie\" \/>\n<meta name=\"twitter:site\" content=\"@Exaudi_News\" \/>\n<meta name=\"twitter:label1\" content=\"Scritto da\" \/>\n\t<meta name=\"twitter:data1\" content=\"Exaudi Redazione\" \/>\n\t<meta name=\"twitter:label2\" content=\"Tempo di lettura stimato\" \/>\n\t<meta name=\"twitter:data2\" content=\"1 minuto\" \/>\n<script type=\"application\/ld+json\" class=\"yoast-schema-graph\">{\"@context\":\"https:\\\/\\\/schema.org\",\"@graph\":[{\"@type\":\"Article\",\"@id\":\"https:\\\/\\\/exaudi.org\\\/it\\\/papa-leone-xiv-riceve-il-vicepresidente-degli-stati-uniti-vance\\\/#article\",\"isPartOf\":{\"@id\":\"https:\\\/\\\/exaudi.org\\\/it\\\/papa-leone-xiv-riceve-il-vicepresidente-degli-stati-uniti-vance\\\/\"},\"author\":{\"name\":\"Exaudi Redazione\",\"@id\":\"https:\\\/\\\/exaudi.org\\\/#\\\/schema\\\/person\\\/e1ab6ed07c01774724dd96f925f3a5f0\"},\"headline\":\"Papa Leone XIV riceve il vicepresidente degli Stati Uniti Vance\",\"datePublished\":\"2025-05-19T17:37:29+00:00\",\"mainEntityOfPage\":{\"@id\":\"https:\\\/\\\/exaudi.org\\\/it\\\/papa-leone-xiv-riceve-il-vicepresidente-degli-stati-uniti-vance\\\/\"},\"wordCount\":181,\"image\":{\"@id\":\"https:\\\/\\\/exaudi.org\\\/it\\\/papa-leone-xiv-riceve-il-vicepresidente-degli-stati-uniti-vance\\\/#primaryimage\"},\"thumbnailUrl\":\"https:\\\/\\\/exaudi.org\\\/wp-content\\\/uploads\\\/2025\\\/05\\\/Pope-Leo-XIV-holds-a-private-audience-with-US-Vice-President-James-David-J.D.-Vance-and-Secretary-of-State-Marco-Rubio-who-attended-the-Inauguration-Mass-of-his-pontificate-on-Sunday.After-the-priv-2.jpg\",\"keywords\":[\"assistenza umanitaria\",\"collaborazione globale\",\"Cooperazione tra Vaticano e Stati Uniti\",\"crisi climatica\",\"dialogo internazionale\",\"dialogo interreligioso\",\"diritti umani\",\"GIUSTIZIA SOCIALE\",\"incontro papale\",\"pace e benessere globale\",\"PACE NEL MONDO\",\"Papa Leone XIV\",\"politica internazionale\",\"Relazioni diplomatiche vaticane\",\"Relazioni internazionali del Vaticano\",\"Santa Sede\",\"Trending\",\"Udienza in Vaticano\",\"VALORI ETICI\",\"Vicepresidente degli Stati Uniti\"],\"articleSection\":[\"Leone XIV\"],\"inLanguage\":\"it-IT\"},{\"@type\":\"WebPage\",\"@id\":\"https:\\\/\\\/exaudi.org\\\/it\\\/papa-leone-xiv-riceve-il-vicepresidente-degli-stati-uniti-vance\\\/\",\"url\":\"https:\\\/\\\/exaudi.org\\\/it\\\/papa-leone-xiv-riceve-il-vicepresidente-degli-stati-uniti-vance\\\/\",\"name\":\"Papa Leone XIV riceve il vicepresidente degli Stati Uniti Vance &#8211; Exaudi\",\"isPartOf\":{\"@id\":\"https:\\\/\\\/exaudi.org\\\/#website\"},\"primaryImageOfPage\":{\"@id\":\"https:\\\/\\\/exaudi.org\\\/it\\\/papa-leone-xiv-riceve-il-vicepresidente-degli-stati-uniti-vance\\\/#primaryimage\"},\"image\":{\"@id\":\"https:\\\/\\\/exaudi.org\\\/it\\\/papa-leone-xiv-riceve-il-vicepresidente-degli-stati-uniti-vance\\\/#primaryimage\"},\"thumbnailUrl\":\"https:\\\/\\\/exaudi.org\\\/wp-content\\\/uploads\\\/2025\\\/05\\\/Pope-Leo-XIV-holds-a-private-audience-with-US-Vice-President-James-David-J.D.-Vance-and-Secretary-of-State-Marco-Rubio-who-attended-the-Inauguration-Mass-of-his-pontificate-on-Sunday.After-the-priv-2.jpg\",\"datePublished\":\"2025-05-19T17:37:29+00:00\",\"author\":{\"@id\":\"https:\\\/\\\/exaudi.org\\\/#\\\/schema\\\/person\\\/e1ab6ed07c01774724dd96f925f3a5f0\"},\"breadcrumb\":{\"@id\":\"https:\\\/\\\/exaudi.org\\\/it\\\/papa-leone-xiv-riceve-il-vicepresidente-degli-stati-uniti-vance\\\/#breadcrumb\"},\"inLanguage\":\"it-IT\",\"potentialAction\":[{\"@type\":\"ReadAction\",\"target\":[\"https:\\\/\\\/exaudi.org\\\/it\\\/papa-leone-xiv-riceve-il-vicepresidente-degli-stati-uniti-vance\\\/\"]}]},{\"@type\":\"ImageObject\",\"inLanguage\":\"it-IT\",\"@id\":\"https:\\\/\\\/exaudi.org\\\/it\\\/papa-leone-xiv-riceve-il-vicepresidente-degli-stati-uniti-vance\\\/#primaryimage\",\"url\":\"https:\\\/\\\/exaudi.org\\\/wp-content\\\/uploads\\\/2025\\\/05\\\/Pope-Leo-XIV-holds-a-private-audience-with-US-Vice-President-James-David-J.D.-Vance-and-Secretary-of-State-Marco-Rubio-who-attended-the-Inauguration-Mass-of-his-pontificate-on-Sunday.After-the-priv-2.jpg\",\"contentUrl\":\"https:\\\/\\\/exaudi.org\\\/wp-content\\\/uploads\\\/2025\\\/05\\\/Pope-Leo-XIV-holds-a-private-audience-with-US-Vice-President-James-David-J.D.-Vance-and-Secretary-of-State-Marco-Rubio-who-attended-the-Inauguration-Mass-of-his-pontificate-on-Sunday.After-the-priv-2.jpg\",\"width\":1080,\"height\":1080},{\"@type\":\"BreadcrumbList\",\"@id\":\"https:\\\/\\\/exaudi.org\\\/it\\\/papa-leone-xiv-riceve-il-vicepresidente-degli-stati-uniti-vance\\\/#breadcrumb\",\"itemListElement\":[{\"@type\":\"ListItem\",\"position\":1,\"name\":\"Portada\",\"item\":\"https:\\\/\\\/exaudi.org\\\/it\\\/\"},{\"@type\":\"ListItem\",\"position\":2,\"name\":\"Papa Leone XIV riceve il vicepresidente degli Stati Uniti Vance\"}]},{\"@type\":\"WebSite\",\"@id\":\"https:\\\/\\\/exaudi.org\\\/#website\",\"url\":\"https:\\\/\\\/exaudi.org\\\/\",\"name\":\"Exaudi\",\"description\":\"News\",\"potentialAction\":[{\"@type\":\"SearchAction\",\"target\":{\"@type\":\"EntryPoint\",\"urlTemplate\":\"https:\\\/\\\/exaudi.org\\\/?s={search_term_string}\"},\"query-input\":{\"@type\":\"PropertyValueSpecification\",\"valueRequired\":true,\"valueName\":\"search_term_string\"}}],\"inLanguage\":\"it-IT\"},{\"@type\":\"Person\",\"@id\":\"https:\\\/\\\/exaudi.org\\\/#\\\/schema\\\/person\\\/e1ab6ed07c01774724dd96f925f3a5f0\",\"name\":\"Exaudi Redazione\",\"image\":{\"@type\":\"ImageObject\",\"inLanguage\":\"it-IT\",\"@id\":\"https:\\\/\\\/secure.gravatar.com\\\/avatar\\\/ad6774b3ada023bf5b939d64f45c94b3adf91502dd883507d469b4308a943bb3?s=96&d=mm&r=g\",\"url\":\"https:\\\/\\\/secure.gravatar.com\\\/avatar\\\/ad6774b3ada023bf5b939d64f45c94b3adf91502dd883507d469b4308a943bb3?s=96&d=mm&r=g\",\"contentUrl\":\"https:\\\/\\\/secure.gravatar.com\\\/avatar\\\/ad6774b3ada023bf5b939d64f45c94b3adf91502dd883507d469b4308a943bb3?s=96&d=mm&r=g\",\"caption\":\"Exaudi Redazione\"},\"description\":\"Che cosa \u00e8 Exaudi News? Exaudi News \u00e8 un agenzia cattolica internazionale che informa, istruisce e trasforma quotidianamente in spagnolo, inglese e italiano. Attraverso notizie, articoli di analisi e trasmissioni in diretta degli eventi del Papa, Exaudi cerca di rafforzare l'unit\u00e0 dei cristiani e di contribuire all'evangelizzazione del mondo, sempre guidato dalla dottrina sociale della Chiesa. Lavoriamo per portare la verit\u00e0 e i valori cristiani in ogni angolo del pianeta. Aiutaci a trasformare il mondo con Exaudi! Noi di Exaudi crediamo che l'evangelizzazione e l'informazione di qualit\u00e0 possano cambiare la vita. Per continuare la nostra missione ed espandere la nostra portata, abbiamo bisogno del tuo aiuto. Stiamo anche cercando persone motivate che vogliano unirsi al nostro team. Grazie al vostro sostegno raggiungeremo pi\u00f9 persone, diffonderemo il messaggio di Cristo e rafforzeremo l'unit\u00e0 dei cristiani. Vuoi unirti alla nostra missione? Per maggiori informazioni su come contribuire, visita Exaudi.org\\\/it o contattaci direttamente: info@exaudi.org Exaudi: informa, forma e trasforma.\",\"sameAs\":[\"https:\\\/\\\/www.facebook.com\\\/ExaudiNotizie\\\/\",\"https:\\\/\\\/www.instagram.com\\\/Exaudi_notizie\\\/\",\"https:\\\/\\\/x.com\\\/Exaudi_Notizie\",\"https:\\\/\\\/www.youtube.com\\\/@exaudicatholicnews\"],\"url\":\"https:\\\/\\\/exaudi.org\\\/it\\\/author\\\/dlvedi-org\\\/\"}]}<\/script>\n<!-- \/ Yoast SEO plugin. -->","yoast_head_json":{"title":"Papa Leone XIV riceve il vicepresidente degli Stati Uniti Vance &#8211; Exaudi","robots":{"index":"index","follow":"follow","max-snippet":"max-snippet:-1","max-image-preview":"max-image-preview:large","max-video-preview":"max-video-preview:-1"},"canonical":"https:\/\/exaudi.org\/it\/papa-leone-xiv-riceve-il-vicepresidente-degli-stati-uniti-vance\/","og_locale":"it_IT","og_type":"article","og_title":"Papa Leone XIV riceve il vicepresidente degli Stati Uniti Vance &#8211; Exaudi","og_description":"Petizione: che il diritto umanitario e internazionale sia rispettato nelle zone di conflitto e che si giunga a una soluzione negoziata tra le parti coinvolte","og_url":"https:\/\/exaudi.org\/it\/papa-leone-xiv-riceve-il-vicepresidente-degli-stati-uniti-vance\/","og_site_name":"Exaudi","article_publisher":"https:\/\/www.facebook.com\/ExaudiNews","article_author":"https:\/\/www.facebook.com\/ExaudiNotizie\/","article_published_time":"2025-05-19T17:37:29+00:00","og_image":[{"width":1080,"height":1080,"url":"https:\/\/exaudi.org\/wp-content\/uploads\/2025\/05\/Pope-Leo-XIV-holds-a-private-audience-with-US-Vice-President-James-David-J.D.-Vance-and-Secretary-of-State-Marco-Rubio-who-attended-the-Inauguration-Mass-of-his-pontificate-on-Sunday.After-the-priv-2.jpg","type":"image\/jpeg"}],"author":"Exaudi Redazione","twitter_card":"summary_large_image","twitter_creator":"@Exaudi_Notizie","twitter_site":"@Exaudi_News","twitter_misc":{"Scritto da":"Exaudi Redazione","Tempo di lettura stimato":"1 minuto"},"schema":{"@context":"https:\/\/schema.org","@graph":[{"@type":"Article","@id":"https:\/\/exaudi.org\/it\/papa-leone-xiv-riceve-il-vicepresidente-degli-stati-uniti-vance\/#article","isPartOf":{"@id":"https:\/\/exaudi.org\/it\/papa-leone-xiv-riceve-il-vicepresidente-degli-stati-uniti-vance\/"},"author":{"name":"Exaudi Redazione","@id":"https:\/\/exaudi.org\/#\/schema\/person\/e1ab6ed07c01774724dd96f925f3a5f0"},"headline":"Papa Leone XIV riceve il vicepresidente degli Stati Uniti Vance","datePublished":"2025-05-19T17:37:29+00:00","mainEntityOfPage":{"@id":"https:\/\/exaudi.org\/it\/papa-leone-xiv-riceve-il-vicepresidente-degli-stati-uniti-vance\/"},"wordCount":181,"image":{"@id":"https:\/\/exaudi.org\/it\/papa-leone-xiv-riceve-il-vicepresidente-degli-stati-uniti-vance\/#primaryimage"},"thumbnailUrl":"https:\/\/exaudi.org\/wp-content\/uploads\/2025\/05\/Pope-Leo-XIV-holds-a-private-audience-with-US-Vice-President-James-David-J.D.-Vance-and-Secretary-of-State-Marco-Rubio-who-attended-the-Inauguration-Mass-of-his-pontificate-on-Sunday.After-the-priv-2.jpg","keywords":["assistenza umanitaria","collaborazione globale","Cooperazione tra Vaticano e Stati Uniti","crisi climatica","dialogo internazionale","dialogo interreligioso","diritti umani","GIUSTIZIA SOCIALE","incontro papale","pace e benessere globale","PACE NEL MONDO","Papa Leone XIV","politica internazionale","Relazioni diplomatiche vaticane","Relazioni internazionali del Vaticano","Santa Sede","Trending","Udienza in Vaticano","VALORI ETICI","Vicepresidente degli Stati Uniti"],"articleSection":["Leone XIV"],"inLanguage":"it-IT"},{"@type":"WebPage","@id":"https:\/\/exaudi.org\/it\/papa-leone-xiv-riceve-il-vicepresidente-degli-stati-uniti-vance\/","url":"https:\/\/exaudi.org\/it\/papa-leone-xiv-riceve-il-vicepresidente-degli-stati-uniti-vance\/","name":"Papa Leone XIV riceve il vicepresidente degli Stati Uniti Vance &#8211; Exaudi","isPartOf":{"@id":"https:\/\/exaudi.org\/#website"},"primaryImageOfPage":{"@id":"https:\/\/exaudi.org\/it\/papa-leone-xiv-riceve-il-vicepresidente-degli-stati-uniti-vance\/#primaryimage"},"image":{"@id":"https:\/\/exaudi.org\/it\/papa-leone-xiv-riceve-il-vicepresidente-degli-stati-uniti-vance\/#primaryimage"},"thumbnailUrl":"https:\/\/exaudi.org\/wp-content\/uploads\/2025\/05\/Pope-Leo-XIV-holds-a-private-audience-with-US-Vice-President-James-David-J.D.-Vance-and-Secretary-of-State-Marco-Rubio-who-attended-the-Inauguration-Mass-of-his-pontificate-on-Sunday.After-the-priv-2.jpg","datePublished":"2025-05-19T17:37:29+00:00","author":{"@id":"https:\/\/exaudi.org\/#\/schema\/person\/e1ab6ed07c01774724dd96f925f3a5f0"},"breadcrumb":{"@id":"https:\/\/exaudi.org\/it\/papa-leone-xiv-riceve-il-vicepresidente-degli-stati-uniti-vance\/#breadcrumb"},"inLanguage":"it-IT","potentialAction":[{"@type":"ReadAction","target":["https:\/\/exaudi.org\/it\/papa-leone-xiv-riceve-il-vicepresidente-degli-stati-uniti-vance\/"]}]},{"@type":"ImageObject","inLanguage":"it-IT","@id":"https:\/\/exaudi.org\/it\/papa-leone-xiv-riceve-il-vicepresidente-degli-stati-uniti-vance\/#primaryimage","url":"https:\/\/exaudi.org\/wp-content\/uploads\/2025\/05\/Pope-Leo-XIV-holds-a-private-audience-with-US-Vice-President-James-David-J.D.-Vance-and-Secretary-of-State-Marco-Rubio-who-attended-the-Inauguration-Mass-of-his-pontificate-on-Sunday.After-the-priv-2.jpg","contentUrl":"https:\/\/exaudi.org\/wp-content\/uploads\/2025\/05\/Pope-Leo-XIV-holds-a-private-audience-with-US-Vice-President-James-David-J.D.-Vance-and-Secretary-of-State-Marco-Rubio-who-attended-the-Inauguration-Mass-of-his-pontificate-on-Sunday.After-the-priv-2.jpg","width":1080,"height":1080},{"@type":"BreadcrumbList","@id":"https:\/\/exaudi.org\/it\/papa-leone-xiv-riceve-il-vicepresidente-degli-stati-uniti-vance\/#breadcrumb","itemListElement":[{"@type":"ListItem","position":1,"name":"Portada","item":"https:\/\/exaudi.org\/it\/"},{"@type":"ListItem","position":2,"name":"Papa Leone XIV riceve il vicepresidente degli Stati Uniti Vance"}]},{"@type":"WebSite","@id":"https:\/\/exaudi.org\/#website","url":"https:\/\/exaudi.org\/","name":"Exaudi","description":"News","potentialAction":[{"@type":"SearchAction","target":{"@type":"EntryPoint","urlTemplate":"https:\/\/exaudi.org\/?s={search_term_string}"},"query-input":{"@type":"PropertyValueSpecification","valueRequired":true,"valueName":"search_term_string"}}],"inLanguage":"it-IT"},{"@type":"Person","@id":"https:\/\/exaudi.org\/#\/schema\/person\/e1ab6ed07c01774724dd96f925f3a5f0","name":"Exaudi Redazione","image":{"@type":"ImageObject","inLanguage":"it-IT","@id":"https:\/\/secure.gravatar.com\/avatar\/ad6774b3ada023bf5b939d64f45c94b3adf91502dd883507d469b4308a943bb3?s=96&d=mm&r=g","url":"https:\/\/secure.gravatar.com\/avatar\/ad6774b3ada023bf5b939d64f45c94b3adf91502dd883507d469b4308a943bb3?s=96&d=mm&r=g","contentUrl":"https:\/\/secure.gravatar.com\/avatar\/ad6774b3ada023bf5b939d64f45c94b3adf91502dd883507d469b4308a943bb3?s=96&d=mm&r=g","caption":"Exaudi Redazione"},"description":"Che cosa \u00e8 Exaudi News? Exaudi News \u00e8 un agenzia cattolica internazionale che informa, istruisce e trasforma quotidianamente in spagnolo, inglese e italiano. Attraverso notizie, articoli di analisi e trasmissioni in diretta degli eventi del Papa, Exaudi cerca di rafforzare l'unit\u00e0 dei cristiani e di contribuire all'evangelizzazione del mondo, sempre guidato dalla dottrina sociale della Chiesa. Lavoriamo per portare la verit\u00e0 e i valori cristiani in ogni angolo del pianeta. Aiutaci a trasformare il mondo con Exaudi! Noi di Exaudi crediamo che l'evangelizzazione e l'informazione di qualit\u00e0 possano cambiare la vita. Per continuare la nostra missione ed espandere la nostra portata, abbiamo bisogno del tuo aiuto. Stiamo anche cercando persone motivate che vogliano unirsi al nostro team. Grazie al vostro sostegno raggiungeremo pi\u00f9 persone, diffonderemo il messaggio di Cristo e rafforzeremo l'unit\u00e0 dei cristiani. Vuoi unirti alla nostra missione? Per maggiori informazioni su come contribuire, visita Exaudi.org\/it o contattaci direttamente: info@exaudi.org Exaudi: informa, forma e trasforma.","sameAs":["https:\/\/www.facebook.com\/ExaudiNotizie\/","https:\/\/www.instagram.com\/Exaudi_notizie\/","https:\/\/x.com\/Exaudi_Notizie","https:\/\/www.youtube.com\/@exaudicatholicnews"],"url":"https:\/\/exaudi.org\/it\/author\/dlvedi-org\/"}]}},"jetpack_featured_media_url":"https:\/\/exaudi.org\/wp-content\/uploads\/2025\/05\/Pope-Leo-XIV-holds-a-private-audience-with-US-Vice-President-James-David-J.D.-Vance-and-Secretary-of-State-Marco-Rubio-who-attended-the-Inauguration-Mass-of-his-pontificate-on-Sunday.After-the-priv-2.jpg","jetpack_shortlink":"https:\/\/wp.me\/pgKjF2-wTf","_links":{"self":[{"href":"https:\/\/exaudi.org\/it\/wp-json\/wp\/v2\/posts\/126433","targetHints":{"allow":["GET"]}}],"collection":[{"href":"https:\/\/exaudi.org\/it\/wp-json\/wp\/v2\/posts"}],"about":[{"href":"https:\/\/exaudi.org\/it\/wp-json\/wp\/v2\/types\/post"}],"author":[{"embeddable":true,"href":"https:\/\/exaudi.org\/it\/wp-json\/wp\/v2\/users\/17"}],"replies":[{"embeddable":true,"href":"https:\/\/exaudi.org\/it\/wp-json\/wp\/v2\/comments?post=126433"}],"version-history":[{"count":0,"href":"https:\/\/exaudi.org\/it\/wp-json\/wp\/v2\/posts\/126433\/revisions"}],"wp:featuredmedia":[{"embeddable":true,"href":"https:\/\/exaudi.org\/it\/wp-json\/wp\/v2\/media\/126403"}],"wp:attachment":[{"href":"https:\/\/exaudi.org\/it\/wp-json\/wp\/v2\/media?parent=126433"}],"wp:term":[{"taxonomy":"category","embeddable":true,"href":"https:\/\/exaudi.org\/it\/wp-json\/wp\/v2\/categories?post=126433"},{"taxonomy":"post_tag","embeddable":true,"href":"https:\/\/exaudi.org\/it\/wp-json\/wp\/v2\/tags?post=126433"}],"curies":[{"name":"wp","href":"https:\/\/api.w.org\/{rel}","templated":true}]}}