{"id":125527,"date":"2025-05-08T22:37:39","date_gmt":"2025-05-08T20:37:39","guid":{"rendered":"https:\/\/exaudi.org\/?p=125527"},"modified":"2025-05-08T22:37:39","modified_gmt":"2025-05-08T20:37:39","slug":"lalleanza-tra-amicizia-riconoscimento-degli-altri-e-tecnologia","status":"publish","type":"post","link":"https:\/\/exaudi.org\/it\/lalleanza-tra-amicizia-riconoscimento-degli-altri-e-tecnologia\/","title":{"rendered":"L&#8217;alleanza tra amicizia, riconoscimento degli altri e tecnologia"},"content":{"rendered":"<p>Il film &#8220;Sottomarino&#8221; (1928), diretto dal giovane Frank Capra, offre una riflessione insolita sul connubio tra progresso tecnico e legami umani. In questa analisi, Gracia Prats-Arolas e Jos\u00e9-Alfredo Peris-Cancio svelano come questo film pionieristico anticipi le attuali questioni sulla dignit\u00e0, l&#8217;amicizia e la responsabilit\u00e0 morale in un&#8217;epoca dominata dalla tecnologia.<\/p>\n<h3><strong>Il primo capitolo di una trilogia?<\/strong><\/h3>\n<p><em>Sottomarino<\/em> (1928) \u00e8 considerato dagli studiosi dell&#8217;opera di Capra<a href=\"https:\/\/www.observatoriobioetica.org\/2025\/05\/la-alianza-entre-amistad-reconocimiento-del-otro-y-tecnologia-en-submarine-1928\/10004059#_ftn1\">[1]<\/a> come il primo di una trilogia che si sarebbe completata con <em>Il volo<\/em> (1929) e <em>Il dirigibile<\/em> (1931). Tutti concordano sul fatto che ci sono valide ragioni per studiare i tre film insieme, come se facessero parte di una piccola serie. Questi argomenti sarebbero:<\/p>\n<p>a) In tutti e tre i film vediamo gli stessi attori nei ruoli dei protagonisti maschili: Jack Holt (1888-1951) e Ralph Graves (1900-1977).<\/p>\n<p>b) Analogamente in tutti e tre, la trama ruota in gran parte attorno alla concessione di un ruolo fondamentale a un avanzato<br \/>\ntecnologico, a una macchina o a un dispositivo, che viene presentato come un grande progresso al servizio dell&#8217;uomo &#8211; nel primo caso, il sottomarino e le tute da sub; Nel secondo, gli aeroplani e nel terzo le mongolfiere, in particolare i dirigibili.<\/p>\n<p>c) In terzo luogo, tutti i film presentano come l&#8217;alleanza tra lo sforzo umano e il coraggio dei protagonisti, con i progressi tecnologici, contribuir\u00e0 alla soluzione dei problemi sollevati nella trama, dando origine a un climax emotivo fortemente sottolineato alla fine dei tre film;<\/p>\n<p>d) In quarto luogo, presentano un&#8217;amicizia tra i personaggi di Holt e Graves, la cui forza sar\u00e0 messa a dura prova poich\u00e9 entrambi si sono invariabilmente innamorati della stessa donna, che caratterizzano in modo molto diverso in ognuno dei film;<\/p>\n<p>e) La diversa presentazione della protagonista femminile mostrer\u00e0 sempre pi\u00f9 chiaramente l&#8217;importanza del volto femminile e del matrimonio per sottolineare realmente l&#8217;uguaglianza e la complementariet\u00e0 tra uomini e donne.<\/p>\n<p>f) Infine, la serie sembrerebbe essere debitrice del successo del primo film a vincere un Oscar, <em>Wings<\/em> (1927), anche se, come sottolinea giustamente Raymond Carney:<\/p>\n<p>\u2026 Ci\u00f2 che differenzia <em>Submarine, Flight<\/em> e, soprattutto, <em>Dirigible da Wings<\/em> e rende riconoscibile la mano di Capra \u00e8 la complessit\u00e0 della coscienza che egli crea nel rapporto tra i due colleghi protagonisti di ciascuno di questi tre film<a href=\"https:\/\/www.observatoriobioetica.org\/2025\/05\/la-alianza-entre-amistad-reconocimiento-del-otro-y-tecnologia-en-submarine-1928\/10004059#_ftn2\">[2].<\/a><\/p>\n<h3><strong>La richiesta di uno studio individualizzato del Sottomarino (1928)<\/strong><\/h3>\n<p>Tuttavia, e senza negare le numerose verit\u00e0 racchiuse in queste tesi, per il nostro studio da una prospettiva bioetica potrebbe essere pi\u00f9 opportuno non anticipare questa considerazione iniziale di trilogia a <em>Submarine<\/em> e studiarlo a s\u00e9 stante, nella sua individualit\u00e0.Ci sono anche valide ragioni per farlo:<\/p>\n<p>a) Si tratta del primo film di serie A che Capra ha diretto alla Columbia, dopo aver girato, come gi\u00e0 riportato sullo stesso sito, cinque film <em>rapidi<\/em>[<a href=\"https:\/\/www.observatoriobioetica.org\/2025\/05\/la-alianza-entre-amistad-reconocimiento-del-otro-y-tecnologia-en-submarine-1928\/10004059#_ftn3\">3<\/a>], di serie B, pi\u00f9 veloci, come ha raccontato lo stesso regista nella sua autobiografia<a href=\"https:\/\/www.observatoriobioetica.org\/2025\/05\/la-alianza-entre-amistad-reconocimiento-del-otro-y-tecnologia-en-submarine-1928\/10004059#_ftn4\">[4]<\/a>.<\/p>\n<p>b) Capra dovette accettare un progetto originariamente destinato a un altro regista, Irving Willat (1890-1976), il cui lavoro non convinse il proprietario della Columbia, Harry Cohn (1891-1958), cos\u00ec infuse il suo stile nel film di un progetto gi\u00e0 esistente in precedenza.<\/p>\n<p>c) Furono infatti le scelte di Capra di conferire al film un maggiore realismo nella descrizione del personaggio (personalismo) a contribuire al successo del film, da cui si pot\u00e9 concepire Il <em>volo<\/em> e il <em>dirigibile<\/em> come suo seguito. Non c&#8217;era quindi inizialmente alcuna intenzione di girare una serie. \u00c8 stato un esercizio di tentativi ed errori. Come sottolinea Carmen Sof\u00eda Brenes riflettendo sul processo creativo nel cinema:<\/p>\n<p>\u2026 Dobbiamo ricordare che l\u2019autore non \u00e8 come l\u2019uomo che ha nascosto un tesoro e poi va a cercarlo esattamente dove lo ha messo, fingendo di averlo scoperto. Egli \u00e8, al contrario, un vero esploratore che giunge a vedere il senso della storia che egli stesso ha creato solo dopo averla ripensata e riscritta pi\u00f9 volte.<a href=\"https:\/\/www.observatoriobioetica.org\/2025\/05\/la-alianza-entre-amistad-reconocimiento-del-otro-y-tecnologia-en-submarine-1928\/10004059#_ftn5\">[5]<\/a><\/p>\n<p>d) Infine &#8211; ed \u00e8 questa la ragione pi\u00f9 convincente per cui si \u00e8 optato per questa trattazione differenziata con cui si \u00e8 deciso di studiare Submarine individualmente &#8211; tra questo primo film del 1927 e <em>Flight<\/em> del 1929, Frank Capra ne gir\u00f2 altri tre<a href=\"https:\/\/www.observatoriobioetica.org\/2025\/05\/la-alianza-entre-amistad-reconocimiento-del-otro-y-tecnologia-en-submarine-1928\/10004059#_ftn6\">[6]<\/a>, di cui i primi due, <em>The Power of the Press<\/em> (1928) e <em>The Youngest Generation<\/em> (1929), sono molto rilevanti per una riflessione sulla tecnologia e sul progresso. Tra <strong>Flight and Dirigible<\/strong> (1931), Capra diresse <em>Ladies of Leisure<\/em> (1930) e Rain or Shine (1930), nei quali la sua intuizione nella comprensione della condizione femminile rese possibile la creazione di un personaggio femminile molto pi\u00f9 adatto alla natura unica e irripetibile del suo essere. In breve, &#8220;l&#8217;apprendimento cinematografico in azione&#8221; di Frank Capra non si limit\u00f2 ai film della trilogia in s\u00e9, ma trasse beneficio dalla sua intera produzione, sviluppandosi progressivamente film dopo film.<\/p>\n<h3><strong>Una proposta che unisce amicizia e tecnologia<\/strong><\/h3>\n<p>Il termine &#8220;<em>sottomarino<\/em>&#8221; pu\u00f2 essere inteso al meglio come una proposta che unisce amicizia e tecnologia. Per dirla senza mezzi termini: il film di Capra dimostra che i progressi tecnologici <img decoding=\"async\" class=\"alignleft\" src=\"https:\/\/www.observatoriobioetica.org\/wp-content\/uploads\/2025\/05\/th.jpg\" \/><br \/>\nNon sostituiranno il ruolo umano, il loro eroismo. Al contrario, data la sua potenza, la tecnologia pu\u00f2 presentare nuovi rischi che possono essere risolti solo attraverso l&#8217;eroismo personale che crea legami di amicizia.<\/p>\n<p>E ancora una volta, una buona alleanza tra storia del cinema e tecnologia ci consente di estrarre la prova, questo significato pi\u00f9 profondo del film. Infatti, l&#8217;edizione Blu-ray pubblicata dalla Columbia nel 2024 contiene una ricostruzione della colonna sonora a partire dai materiali originali. Ci\u00f2 dimostra che <em>Submarine<\/em> ha incorporato non solo suoni (colpi, scivolamenti, bolle&#8230;) ma anche due canzoni completamente diegetiche. Il primo di questi \u00e8 &#8220;Pals, Just Pals&#8221; di Herman Ruby e Drave Dreyer. Il testo della canzone viene ripetuto pi\u00f9 volte nel corso del film e la musica accompagna costantemente il film.<\/p>\n<p>\u00c8 molto istruttivo prenderne nota del testo, poich\u00e9 in qualche modo riassume il messaggio del film:<\/p>\n<p>Oddio, come prego. \/\/ Saremo sempre amici.<\/p>\n<p>Solo amici.\/\/ Non importa quando ci allontaniamo.<\/p>\n<p>Resteremo amici. \/\/ Solo amici.<\/p>\n<p>Ci siamo divertiti parecchio. \/\/ Abbiamo lottato per le ragazze.<\/p>\n<p>Ma dopotutto. \/\/ Siamo sempre gli stessi vecchi amici.<\/p>\n<p>E quando verr\u00e0 il momento di separarci.\/\/ Ce ne andremo come amici.<\/p>\n<p>Solo amici.<\/p>\n<h3><strong>Una storia di amicizia che va oltre i protagonisti.<\/strong><\/h3>\n<p>La trama di Submarine pu\u00f2 essere riassunta in modo schematico: il palombaro della marina Jack Dorgan (Jack Holt) e il collega con cui comunica durante le immersioni (Bob Mason (Ralph Graves)) stringono una grande amicizia;<img decoding=\"async\" class=\"alignright\" src=\"https:\/\/www.observatoriobioetica.org\/wp-content\/uploads\/2025\/05\/submarine_1928_000116.jpg\" \/> il primo \u00e8 goffo con le ragazze, il secondo un<br \/>\nconquistatore; Dopo un periodo di lontananza dovuto a problemi di servizio, Jack sposa una giovane e frivola Bessie (Dorothy Revier); Jack ha una missione per la quale sar\u00e0 assente per una settimana, Bob va a trovarlo durante quel periodo e per divertirsi flirta con una ragazza che si scopre essere Bessie senza che lei sappia che \u00e8 sposata e che \u00e8 la moglie di un suo amico; Quando Jack ritorna, presenta Bessie a Bob e rimangono entrambi sbalorditi; Ancora una volta Jack deve andare a presentarsi allo Stato Maggiore e, al suo ritorno, li trova quasi abbracciati, cosa che lui interpreta come un abuso da parte dell&#8217;amico e lo caccia indignato da casa, quando in realt\u00e0 stava resistendo alla seduzione di Bessie; Bob parte quindi per una missione a bordo di un sottomarino, che si schianta e cade in una fossa dove solo un sub come Jack pu\u00f2 salvarli; Lui rifiuta per dispetto verso Bob, finch\u00e9 sua moglie non confessa di essere stata lei a prendere l&#8217;iniziativa senza che la sua amica sapesse chi fosse, una settimana prima che Jack li presentasse; Il sub si precipita nel luogo in cui \u00e8 affondato il sottomarino e riesce a immergersi a una profondit\u00e0 tale da portare loro ossigeno e salvarli.<\/p>\n<p>Tuttavia, una trama raccontata in questo modo ha un limite, che spesso pu\u00f2 rappresentare un problema quando si studia questo film, ovvero che non riflette altri aspetti della vera amicizia che esiste tra i marinai dei dragamine che condividono una missione comune. Fin dalle prime scene, li vediamo lavorare in squadra, farsi scherzi a vicenda e coinvolgere cos\u00ec se stessi e tutti gli altri in un compito rischioso. Guarda la scena in cui Jack rimane impigliato nella corda della bomba lanciata per far esplodere una nave affondata. In pochi secondi di tensione, Bob si tuffa in acqua per romperla e salvare il sub. E lo fa con la presenza attiva dei suoi compagni di squadra che vibrano insieme all&#8217;azione come se la stessero compiendo loro stessi.<\/p>\n<h3><strong>Un&#8217;implicazione che arriva alle lacrime<\/strong><\/h3>\n<p>Questo tipo di relazione appare ancora pi\u00f9 intensamente nella seconda parte del film, incentrata sul sottomarino affondato in cerca di soccorso. L\u00ec Bob Mason si assume la responsabilit\u00e0 di incoraggiare i suoi compagni, seguendo gli ordini del comandante del sottomarino (Clarence Burton). Fa scherzi, li distrae con giochi di carte, ma si offre persino di sacrificarsi per gli altri quando sembra non esserci via d&#8217;uscita. Il coinvolgimento raggiunge un punto molto delicato quando assiste alla morte del marinaio pi\u00f9 giovane, rimasto gravemente ferito nella collisione del sottomarino con il cacciatorpediniere. Non pu\u00f2 fare a meno di piangere quando &#8220;il ragazzo&#8221; (Arthur Rankin) muore tra le sue braccia. E a sua volta conforter\u00e0 il Comandante e lo abbraccer\u00e0 quando, alla fine del film, Jack riuscir\u00e0 a raggiungere il sottomarino e a consegnargli l&#8217;ossigeno. Il suo superiore versava lacrime perch\u00e9 pochi secondi prima stava per sparargli nel tentativo di liberare i suoi colleghi dalle loro sofferenze&#8230;<\/p>\n<p>In una storia come questa non viene resa giustizia nemmeno al personaggio di Bessie, vista come una femme fatale, la cui frivolezza rovina l&#8217;amicizia dei protagonisti. \u00c8 molto pi\u00f9 sfumato. Da un lato, la giovane donna \u00e8 espressione dello stile di vita dei ruggenti anni Venti, che aspirava al divertimento senza impegno. Una seconda canzone che appare diegeticamente nel film presenta il locale jazz in cui incontra e seduce Jack come una specie di paradiso. E nella scena finale, quando Jack si \u00e8 allontanato dalla moglie, Bessie appare senza remore con un nuovo marinaio. Pi\u00f9 che una donna perversa, Capra la presenta come la controparte femminile di un tipo di relazione in cui i marinai trattano le donne come un passatempo nei loro giorni liberi. Persino Jack, che ha preso sul serio Bessie e le ha chiesto di sposarlo, non riesce a vederla come una persona che ha un progetto personale per raggiungere la libert\u00e0. Piuttosto, lo vede come un piccolo giocattolo che dovrebbe rallegrargli la vita. E trova questo tipo di relazione insopportabile. In Submarine, Capra propone gi\u00e0 un argomento a favore della pari dignit\u00e0 delle donne che svilupper\u00e0 sempre pi\u00f9 compiutamente nel corso della sua filmografia, come abbiamo gi\u00e0 iniziato a vedere nei suoi B-movie <a href=\"https:\/\/www.observatoriobioetica.org\/2025\/05\/la-alianza-entre-amistad-reconocimiento-del-otro-y-tecnologia-en-submarine-1928\/10004059#_ftn7\">[7]<\/a>.<\/p>\n<p><em>Submarine<\/em> sottolinea che le sfide della tecnologia sono quelle di una societ\u00e0 del futuro, in cui lo sviluppo accelerato di processi meccanizzati di risoluzione dei problemi, lungi dal richiedere un tipo di persona indifferente agli altri, richiede una maggiore disponibilit\u00e0 a dare agli altri. Nei nostri giorni di dibattito sull&#8217;intelligenza artificiale, il film del 1928 segna una via sicura per un vero progresso: a fronte di un uso sempre pi\u00f9 sofisticato della tecnologia, deve corrispondere una crescita morale delle persone, nel riconoscimento della loro dignit\u00e0, non solo nei fini buoni ricercati, ma nella capacit\u00e0 di creare ambienti di lavoro umani, nei quali sia possibile un&#8217;amicizia che migliori tutto. Non c&#8217;\u00e8 vera amicizia, non c&#8217;\u00e8 matrimonio autentico, non c&#8217;\u00e8 autentica comunit\u00e0 umana senza il riconoscimento dell&#8217;altro, soprattutto senza il riconoscimento dell&#8217;altro pi\u00f9 vulnerabile che dipende dalla nostra risposta generosa.<\/p>\n<h3><strong>Conclusione<\/strong><\/h3>\n<p>Riguardo all&#8217;importanza del riconoscimento dell&#8217;altro, \u00e8 opportuno concludere oggi questo contributo rendendo omaggio a Papa Francesco, recentemente scomparso, anche come voce che si \u00e8 espressa profeticamente contro la &#8220;globalizzazione dell&#8217;indifferenza&#8221;. Lo riconobbe all&#8217;epoca anche il sociologo Zygmunt Bauman, che riecheggi\u00f2 le parole del Papa durante la sua visita a Lampedusa. Bauman ne descrive il significato come un invito ineludibile a sradicare l&#8217;indifferenza dai nostri cuori. Per riuscirci, il primo passo \u00e8 saper piangere per tanta crudelt\u00e0.<\/p>\n<p>Papa Francesco ci invita a \u00abestirpare dai nostri cuori quella parte di Erode che pulsa in essi; preghiamo il Signore che ci dia la grazia di piangere per la nostra indifferenza, di piangere per la crudelt\u00e0 del nostro mondo, dei nostri cuori e di tutti coloro che, dall\u2019anonimato, prendono decisioni sociali ed economiche che aprono la porta a situazioni tragiche come questa\u00bb. E, detto questo, si chiede: \u00abQualcuno ha pianto?\u00bb. Qualcuno ha pianto nel nostro mondo oggi? <a href=\"https:\/\/www.observatoriobioetica.org\/2025\/05\/la-alianza-entre-amistad-reconocimiento-del-otro-y-tecnologia-en-submarine-1928\/10004059#_ftn8\">[8]<\/a> <img decoding=\"async\" class=\"alignright\" src=\"https:\/\/www.observatoriobioetica.org\/wp-content\/uploads\/2025\/05\/Papa-Francisco-fotos4.jpg\" \/><\/p>\n<p>I film che ci fanno ridere spesso ci fanno piangere, e in quelle lacrime pu\u00f2 esserci qualcosa di redentore. Li abbiamo visti nei personaggi di Submarine.La pensatrice Catherine Chalier lo ha espresso in un modo quasi insuperabile, con parole che confermano la saggezza dell&#8217;uomo che \u00e8 stato, fino a poco tempo fa, il nostro Santo Padre.<\/p>\n<p>Quando le lacrime degli uomini aspettano, in modo del tutto irrazionale su scala umana, che la vita sia liberata dai fardelli amari e fatali che la tengono prigioniera in se stessa o nell&#8217;altro, come in ogni creatura, non giungono forse sempre solitarie e invincibili, con la speranza di una gioia ancora indicibile, quella di un ricongiungimento definitivo? Certamente accade molto spesso che gli uomini piangano senza sapere cosa si aspettano o addirittura lo respingano con tutta la loro forza emotiva e intellettuale. Capita anche che la parola di speranza sia pi\u00f9 indecente della parola di semplice compassione, quando la sventura colpisce un altro. Ma non gioiscono tutti quando scoprono l&#8217;acqua della rugiada mattutina, tradizionalmente associata al risveglio e alla resurrezione? Questa debole felicit\u00e0, questo brivido di fronte alla speranza della vita, nella sua pura nudit\u00e0, \u00e8 sperimentata talvolta dalle lacrime umane<a href=\"https:\/\/www.observatoriobioetica.org\/2025\/05\/la-alianza-entre-amistad-reconocimiento-del-otro-y-tecnologia-en-submarine-1928\/10004059#_ftn9\">[9]<\/a>.<\/p>\n<p><em><strong>Gracia Prats-Arolas &#8211; Professoressa e ricercatrice in Filosofia e Cinema &#8211; Universit\u00e0 Cattolica di Valencia<\/strong><\/em><\/p>\n<p><a href=\"https:\/\/www.observatoriobioetica.org\/?s=jose+alfredo+peris&amp;post_type%5B%5D=any&amp;search_limit_to_post_titles=0&amp;live_min_character=4&amp;live_posts_per_page=100&amp;live_search_display_featured_image=1&amp;live_search_display_post_type=1&amp;fs=1\">Jos\u00e9 Alfredo Peris-Cancio<\/a> &#8211; <em><strong>Professore e ricercatore in Filosofia e Cinema &#8211; Membro dell&#8217;Osservatorio di Bioetica &#8211; Universit\u00e0 Cattolica di Valencia<\/strong><\/em><\/p>\n<p>***<\/p>\n<p><a href=\"https:\/\/www.observatoriobioetica.org\/2025\/05\/la-alianza-entre-amistad-reconocimiento-del-otro-y-tecnologia-en-submarine-1928\/10004059#_ftnref1\">[1]<\/a> <em>Ad esempio, Carney, R. (1986). Visione americana. I film di Frank Capra. Cambridge, Londra, New York, New Rochelle, Melbourne, Sydney.: Cambridge University Press, pp. 101-112; Girona, R. (2008). Frank Capra. Presidente: Madrid, pp.126-141 o Sanmart\u00edn Esplugues, J., &amp; Peris-Cancio, J.-A. (2017b). Quaderni di filosofia e cinema 02. Principi personalisti nella filmografia di Frank Capra. Valencia: <\/em>Universit\u00e0 Cattolica di Valencia, San Vicente M\u00e1rtir<em>,<\/em> pp. 75-93.<\/p>\n<p><a href=\"https:\/\/www.observatoriobioetica.org\/2025\/05\/la-alianza-entre-amistad-reconocimiento-del-otro-y-tecnologia-en-submarine-1928\/10004059#_ftnref2\">[2]<\/a> Carney, R., cit., p. 103.<\/p>\n<p><a href=\"https:\/\/www.observatoriobioetica.org\/2025\/05\/la-alianza-entre-amistad-reconocimiento-del-otro-y-tecnologia-en-submarine-1928\/10004059#_ftnref3\">[3]<\/a> I quattro conservati sono gi\u00e0 presenti in questo stesso sito: \u201c<a href=\"https:\/\/www.observatoriobioetica.org\/2025\/01\/la-economia-moral-como-criterio-para-la-bioetica-en-that-certain-thing-como-se-corta-el-jamon-1928-de-frank-capra\/10003099\">L\u2019economia morale come criterio di bioetica in \u201cThat Certain Thing\u201d (\u201cCome tagliare il prosciutto\u201d, 1928) di Frank Capra\u201d<\/a>; \u201c<a href=\"https:\/\/www.observatoriobioetica.org\/2025\/01\/la-belleza-del-rostro-humano-y-la-humanizacion-de-la-tecnica-en-so-this-is-love-la-virtud-del-amor-1928-de-frank-capra\/10003219\">La bellezza del volto umano e l\u2019umanizzazione della tecnologia in \u201cSo This Is Love<\/a>\u201d (1928) di Frank Capra\u201d; \u201cIl contrasto tra volto e maschera e la sua importanza per la bioetica in \u00abThe Matinee Idol\u00bb (\u00abMinnie&#8217;s Theater\u00bb, 1938)\u201d, <a href=\"https:\/\/www.observatoriobioetica.org\/2025\/02\/la-contraposicion-entre-rostro-y-mascara-y-su-importancia-para-la-bioetica-en-the-matinee-idol-el-teatro-de-minnie-1938\/10003428\">https:\/\/www.observatoriobioetica.org\/2025\/02\/la-contraposicion-entre-rostro-y-mascara-y-su-importancia-para-la-bioetica-en-the-matinee-idol-el-teatro-de-minnie-1938\/10003428<\/a>; \u201cLa disumanizzazione del volto umano come sfida per la bioetica in \u201cLa via dei forti\u201d (1928)\u201d, <a href=\"https:\/\/www.observatoriobioetica.org\/2025\/03\/la-deshumanizacion-del-rostro-humano-como-desafio-para-la-bioetica-en-the-way-of-the-strong-1928\/10003837\">https:\/\/www.observatoriobioetica.org\/2025\/03\/la-deshumanizacion-del-rostro-humano-como-desafio-para-la-bioetica-en-the-way-of-the-strong-1928\/10003837<\/a><\/p>\n<p><a href=\"https:\/\/www.observatoriobioetica.org\/2025\/05\/la-alianza-entre-amistad-reconocimiento-del-otro-y-tecnologia-en-submarine-1928\/10004059#_ftnref4\">[4]<\/a> Capra, F.,<em> Il nome prima del titolo<\/em>, Madrid, T&amp;B Editores, 20027, pp. 116-126.<\/p>\n<p><a href=\"https:\/\/www.observatoriobioetica.org\/2025\/05\/la-alianza-entre-amistad-reconocimiento-del-otro-y-tecnologia-en-submarine-1928\/10004059#_ftnref5\">[5]<\/a> Brenes, C.-S. (2011). Il lavoro dello spettatore cinematografico. In E. Fuster e J. Garc\u00eda-Noblejas, <em>Ripensare la narrativa: il male morale sugli schermi: bisogni drammatici e patologie industriali<\/em> (pp. 63-74). Roma: EDUSC, p. 65.<\/p>\n<p><a href=\"https:\/\/www.observatoriobioetica.org\/2025\/05\/la-alianza-entre-amistad-reconocimiento-del-otro-y-tecnologia-en-submarine-1928\/10004059#_ftnref6\">[6]<\/a> Se Dio vuole, intendiamo studiare il suo rapporto con la bioetica su questo stesso sito web.<\/p>\n<p><a href=\"https:\/\/www.observatoriobioetica.org\/2025\/05\/la-alianza-entre-amistad-reconocimiento-del-otro-y-tecnologia-en-submarine-1928\/10004059#_ftnref7\">[7]<\/a> Vedi nota.<\/p>\n<p><a href=\"https:\/\/www.observatoriobioetica.org\/2025\/05\/la-alianza-entre-amistad-reconocimiento-del-otro-y-tecnologia-en-submarine-1928\/10004059#_ftnref8\">[8]<\/a> Bauman, Z. (2016). <em>Sconosciuti che bussano alla porta. Barcellona<\/em>: Paid\u00f3s, p. 14.<\/p>\n<p><a href=\"https:\/\/www.observatoriobioetica.org\/2025\/05\/la-alianza-entre-amistad-reconocimiento-del-otro-y-tecnologia-en-submarine-1928\/10004059#_ftnref9\">[9]<\/a> Chalier, C. (2007). <em>Trattato sulle lacrime<\/em>. Salamanca: Seguimi, pp. 223-224.<\/p>\n","protected":false},"excerpt":{"rendered":"<p>\u00abSottomarino\u00bb (1928)<\/p>\n","protected":false},"author":87,"featured_media":125393,"comment_status":"closed","ping_status":"closed","sticky":false,"template":"","format":"standard","meta":{"_acf_changed":false,"_crdt_document":"","inline_featured_image":false,"footnotes":""},"categories":[71],"tags":[58118,58120,58121,58122,22289,58123,58124,58125,13988,58126,58128,16889,16000,58129,58119,47430,12870,251,58131,36691,45303,58133,58132,58130,58134,51195,3850,4952,58135,14154,58136,58127,58137],"class_list":["post-125527","post","type-post","status-publish","format-standard","has-post-thumbnail","hentry","category-analisi","tag-alleanza-tra-amicizia","tag-amicizia-e-tecnologia","tag-bioetica-e-tecnologia","tag-caterina-chalier","tag-cinema-classico","tag-cinema-e-bioetica","tag-columbia-pictures-2","tag-comunita-umana","tag-dignita-umana","tag-dirigibile-1931","tag-eroismo-personale","tag-frank-capra-2","tag-globalizzazione-dellindifferenza","tag-intelligenza-artificiale-e-tecnologia","tag-lamicizia-al-cinema","tag-legami-umani","tag-osservatorio-di-bioetica-delluniversita-cattolica-di-valencia","tag-papa-francesco","tag-personalismo-nel-cinema","tag-progresso-morale","tag-progresso-tecnologico-it","tag-relazioni-umane-nel-cinema","tag-riconoscimento-dellaltro","tag-ruolo-delle-donne-nel-cinema","tag-sottomarino-1928","tag-storia-del-cinema","tag-tecnologia","tag-trending-it","tag-trilogia-di-capra","tag-universita-cattolica-di-valencia","tag-valori-umani-nel-cinema","tag-volo-1929","tag-zygmunt-bauman-2"],"acf":[],"yoast_head":"<!-- This site is optimized with the Yoast SEO plugin v27.5 - https:\/\/yoast.com\/product\/yoast-seo-wordpress\/ -->\n<title>L&#039;alleanza tra amicizia, riconoscimento degli altri e tecnologia &#8211; Exaudi<\/title>\n<meta name=\"robots\" content=\"index, follow, max-snippet:-1, max-image-preview:large, max-video-preview:-1\" \/>\n<link rel=\"canonical\" href=\"https:\/\/exaudi.org\/it\/lalleanza-tra-amicizia-riconoscimento-degli-altri-e-tecnologia\/\" \/>\n<meta property=\"og:locale\" content=\"it_IT\" \/>\n<meta property=\"og:type\" content=\"article\" \/>\n<meta property=\"og:title\" content=\"L&#039;alleanza tra amicizia, riconoscimento degli altri e tecnologia &#8211; Exaudi\" \/>\n<meta property=\"og:description\" content=\"\u00abSottomarino\u00bb (1928)\" \/>\n<meta property=\"og:url\" content=\"https:\/\/exaudi.org\/it\/lalleanza-tra-amicizia-riconoscimento-degli-altri-e-tecnologia\/\" \/>\n<meta property=\"og:site_name\" content=\"Exaudi\" \/>\n<meta property=\"article:publisher\" content=\"https:\/\/www.facebook.com\/ExaudiNews\" \/>\n<meta property=\"article:author\" content=\"https:\/\/www.facebook.com\/observatoriodebioetica\/\" \/>\n<meta property=\"article:published_time\" content=\"2025-05-08T20:37:39+00:00\" \/>\n<meta property=\"og:image\" content=\"https:\/\/exaudi.org\/wp-content\/uploads\/2025\/05\/pexels-buro-millennial-636760-1438072-scaled.jpg\" \/>\n\t<meta property=\"og:image:width\" content=\"2560\" \/>\n\t<meta property=\"og:image:height\" content=\"1709\" \/>\n\t<meta property=\"og:image:type\" content=\"image\/jpeg\" \/>\n<meta name=\"author\" content=\"Observatorio de Bio\u00e9tica UCV\" \/>\n<meta name=\"twitter:card\" content=\"summary_large_image\" \/>\n<meta name=\"twitter:creator\" content=\"@obioetica\" \/>\n<meta name=\"twitter:site\" content=\"@Exaudi_News\" \/>\n<meta name=\"twitter:label1\" content=\"Scritto da\" \/>\n\t<meta name=\"twitter:data1\" content=\"Observatorio de Bio\u00e9tica UCV\" \/>\n\t<meta name=\"twitter:label2\" content=\"Tempo di lettura stimato\" \/>\n\t<meta name=\"twitter:data2\" content=\"13 minuti\" \/>\n<script type=\"application\/ld+json\" class=\"yoast-schema-graph\">{\"@context\":\"https:\\\/\\\/schema.org\",\"@graph\":[{\"@type\":\"Article\",\"@id\":\"https:\\\/\\\/exaudi.org\\\/it\\\/lalleanza-tra-amicizia-riconoscimento-degli-altri-e-tecnologia\\\/#article\",\"isPartOf\":{\"@id\":\"https:\\\/\\\/exaudi.org\\\/it\\\/lalleanza-tra-amicizia-riconoscimento-degli-altri-e-tecnologia\\\/\"},\"author\":{\"name\":\"Observatorio de Bio\u00e9tica UCV\",\"@id\":\"https:\\\/\\\/exaudi.org\\\/#\\\/schema\\\/person\\\/05d1c06e56ecb5490e9bff0d27026595\"},\"headline\":\"L&#8217;alleanza tra amicizia, riconoscimento degli altri e tecnologia\",\"datePublished\":\"2025-05-08T20:37:39+00:00\",\"mainEntityOfPage\":{\"@id\":\"https:\\\/\\\/exaudi.org\\\/it\\\/lalleanza-tra-amicizia-riconoscimento-degli-altri-e-tecnologia\\\/\"},\"wordCount\":2542,\"image\":{\"@id\":\"https:\\\/\\\/exaudi.org\\\/it\\\/lalleanza-tra-amicizia-riconoscimento-degli-altri-e-tecnologia\\\/#primaryimage\"},\"thumbnailUrl\":\"https:\\\/\\\/exaudi.org\\\/wp-content\\\/uploads\\\/2025\\\/05\\\/pexels-buro-millennial-636760-1438072-scaled.jpg\",\"keywords\":[\"alleanza tra amicizia\",\"amicizia e tecnologia\",\"bioetica e tecnologia\",\"Caterina Chalier\",\"cinema classico\",\"Cinema e bioetica\",\"Columbia Pictures\",\"comunit\u00e0 umana\",\"DIGNIT\u00c0 UMANA\",\"Dirigibile 1931\",\"eroismo personale\",\"Frank Capra\",\"GLOBALIZZAZIONE DELL'INDIFFERENZA\",\"intelligenza artificiale e tecnologia\",\"l'amicizia al cinema\",\"legami umani\",\"OSSERVATORIO DI BIOETICA DELL'UNIVERSIT\u00c0 CATTOLICA DI VALENCIA\",\"Papa Francesco\",\"personalismo nel cinema\",\"progresso morale\",\"progresso tecnologico\",\"relazioni umane nel cinema\",\"riconoscimento dell'altro\",\"ruolo delle donne nel cinema\",\"Sottomarino 1928\",\"storia del cinema\",\"tecnologia\",\"Trending\",\"Trilogia di Capra\",\"UNIVERSIT\u00c0 CATTOLICA DI VALENCIA\",\"valori umani nel cinema\",\"Volo 1929\",\"Zygmunt Bauman\"],\"articleSection\":[\"Analisi\"],\"inLanguage\":\"it-IT\"},{\"@type\":\"WebPage\",\"@id\":\"https:\\\/\\\/exaudi.org\\\/it\\\/lalleanza-tra-amicizia-riconoscimento-degli-altri-e-tecnologia\\\/\",\"url\":\"https:\\\/\\\/exaudi.org\\\/it\\\/lalleanza-tra-amicizia-riconoscimento-degli-altri-e-tecnologia\\\/\",\"name\":\"L'alleanza tra amicizia, riconoscimento degli altri e tecnologia &#8211; Exaudi\",\"isPartOf\":{\"@id\":\"https:\\\/\\\/exaudi.org\\\/#website\"},\"primaryImageOfPage\":{\"@id\":\"https:\\\/\\\/exaudi.org\\\/it\\\/lalleanza-tra-amicizia-riconoscimento-degli-altri-e-tecnologia\\\/#primaryimage\"},\"image\":{\"@id\":\"https:\\\/\\\/exaudi.org\\\/it\\\/lalleanza-tra-amicizia-riconoscimento-degli-altri-e-tecnologia\\\/#primaryimage\"},\"thumbnailUrl\":\"https:\\\/\\\/exaudi.org\\\/wp-content\\\/uploads\\\/2025\\\/05\\\/pexels-buro-millennial-636760-1438072-scaled.jpg\",\"datePublished\":\"2025-05-08T20:37:39+00:00\",\"author\":{\"@id\":\"https:\\\/\\\/exaudi.org\\\/#\\\/schema\\\/person\\\/05d1c06e56ecb5490e9bff0d27026595\"},\"breadcrumb\":{\"@id\":\"https:\\\/\\\/exaudi.org\\\/it\\\/lalleanza-tra-amicizia-riconoscimento-degli-altri-e-tecnologia\\\/#breadcrumb\"},\"inLanguage\":\"it-IT\",\"potentialAction\":[{\"@type\":\"ReadAction\",\"target\":[\"https:\\\/\\\/exaudi.org\\\/it\\\/lalleanza-tra-amicizia-riconoscimento-degli-altri-e-tecnologia\\\/\"]}]},{\"@type\":\"ImageObject\",\"inLanguage\":\"it-IT\",\"@id\":\"https:\\\/\\\/exaudi.org\\\/it\\\/lalleanza-tra-amicizia-riconoscimento-degli-altri-e-tecnologia\\\/#primaryimage\",\"url\":\"https:\\\/\\\/exaudi.org\\\/wp-content\\\/uploads\\\/2025\\\/05\\\/pexels-buro-millennial-636760-1438072-scaled.jpg\",\"contentUrl\":\"https:\\\/\\\/exaudi.org\\\/wp-content\\\/uploads\\\/2025\\\/05\\\/pexels-buro-millennial-636760-1438072-scaled.jpg\",\"width\":2560,\"height\":1709,\"caption\":\"Pexels\"},{\"@type\":\"BreadcrumbList\",\"@id\":\"https:\\\/\\\/exaudi.org\\\/it\\\/lalleanza-tra-amicizia-riconoscimento-degli-altri-e-tecnologia\\\/#breadcrumb\",\"itemListElement\":[{\"@type\":\"ListItem\",\"position\":1,\"name\":\"Portada\",\"item\":\"https:\\\/\\\/exaudi.org\\\/it\\\/\"},{\"@type\":\"ListItem\",\"position\":2,\"name\":\"L&#8217;alleanza tra amicizia, riconoscimento degli altri e tecnologia\"}]},{\"@type\":\"WebSite\",\"@id\":\"https:\\\/\\\/exaudi.org\\\/#website\",\"url\":\"https:\\\/\\\/exaudi.org\\\/\",\"name\":\"Exaudi\",\"description\":\"News\",\"potentialAction\":[{\"@type\":\"SearchAction\",\"target\":{\"@type\":\"EntryPoint\",\"urlTemplate\":\"https:\\\/\\\/exaudi.org\\\/?s={search_term_string}\"},\"query-input\":{\"@type\":\"PropertyValueSpecification\",\"valueRequired\":true,\"valueName\":\"search_term_string\"}}],\"inLanguage\":\"it-IT\"},{\"@type\":\"Person\",\"@id\":\"https:\\\/\\\/exaudi.org\\\/#\\\/schema\\\/person\\\/05d1c06e56ecb5490e9bff0d27026595\",\"name\":\"Observatorio de Bio\u00e9tica UCV\",\"image\":{\"@type\":\"ImageObject\",\"inLanguage\":\"it-IT\",\"@id\":\"https:\\\/\\\/secure.gravatar.com\\\/avatar\\\/086563f59595a89fb0851de25d712a03657b1cdfa8af3c9cd0a1ee122fc5d596?s=96&d=mm&r=g\",\"url\":\"https:\\\/\\\/secure.gravatar.com\\\/avatar\\\/086563f59595a89fb0851de25d712a03657b1cdfa8af3c9cd0a1ee122fc5d596?s=96&d=mm&r=g\",\"contentUrl\":\"https:\\\/\\\/secure.gravatar.com\\\/avatar\\\/086563f59595a89fb0851de25d712a03657b1cdfa8af3c9cd0a1ee122fc5d596?s=96&d=mm&r=g\",\"caption\":\"Observatorio de Bio\u00e9tica UCV\"},\"description\":\"El Observatorio de Bio\u00e9tica se encuentra dentro del Instituto Ciencias de la vida de la Universidad Cat\u00f3lica de Valencia \u201cSan Vicente M\u00e1rtir\u201d . En el trasfondo de sus publicaciones, se defiende la vida humana desde la fecundaci\u00f3n a la muerte natural y la dignidad de la persona, teniendo como objetivo aunar esfuerzos para difundir la cultura de la vida como la define la Evangelium Vitae.\",\"sameAs\":[\"https:\\\/\\\/www.observatoriobioetica.org\\\/\",\"https:\\\/\\\/www.facebook.com\\\/observatoriodebioetica\\\/\",\"https:\\\/\\\/x.com\\\/obioetica\",\"https:\\\/\\\/www.youtube.com\\\/channel\\\/UC_Tr4WS5-TXoNo5e1MdQc7w\"],\"url\":\"https:\\\/\\\/exaudi.org\\\/it\\\/author\\\/observatoriodebioeticaucv\\\/\"}]}<\/script>\n<!-- \/ Yoast SEO plugin. -->","yoast_head_json":{"title":"L'alleanza tra amicizia, riconoscimento degli altri e tecnologia &#8211; Exaudi","robots":{"index":"index","follow":"follow","max-snippet":"max-snippet:-1","max-image-preview":"max-image-preview:large","max-video-preview":"max-video-preview:-1"},"canonical":"https:\/\/exaudi.org\/it\/lalleanza-tra-amicizia-riconoscimento-degli-altri-e-tecnologia\/","og_locale":"it_IT","og_type":"article","og_title":"L'alleanza tra amicizia, riconoscimento degli altri e tecnologia &#8211; Exaudi","og_description":"\u00abSottomarino\u00bb (1928)","og_url":"https:\/\/exaudi.org\/it\/lalleanza-tra-amicizia-riconoscimento-degli-altri-e-tecnologia\/","og_site_name":"Exaudi","article_publisher":"https:\/\/www.facebook.com\/ExaudiNews","article_author":"https:\/\/www.facebook.com\/observatoriodebioetica\/","article_published_time":"2025-05-08T20:37:39+00:00","og_image":[{"width":2560,"height":1709,"url":"https:\/\/exaudi.org\/wp-content\/uploads\/2025\/05\/pexels-buro-millennial-636760-1438072-scaled.jpg","type":"image\/jpeg"}],"author":"Observatorio de Bio\u00e9tica UCV","twitter_card":"summary_large_image","twitter_creator":"@obioetica","twitter_site":"@Exaudi_News","twitter_misc":{"Scritto da":"Observatorio de Bio\u00e9tica UCV","Tempo di lettura stimato":"13 minuti"},"schema":{"@context":"https:\/\/schema.org","@graph":[{"@type":"Article","@id":"https:\/\/exaudi.org\/it\/lalleanza-tra-amicizia-riconoscimento-degli-altri-e-tecnologia\/#article","isPartOf":{"@id":"https:\/\/exaudi.org\/it\/lalleanza-tra-amicizia-riconoscimento-degli-altri-e-tecnologia\/"},"author":{"name":"Observatorio de Bio\u00e9tica UCV","@id":"https:\/\/exaudi.org\/#\/schema\/person\/05d1c06e56ecb5490e9bff0d27026595"},"headline":"L&#8217;alleanza tra amicizia, riconoscimento degli altri e tecnologia","datePublished":"2025-05-08T20:37:39+00:00","mainEntityOfPage":{"@id":"https:\/\/exaudi.org\/it\/lalleanza-tra-amicizia-riconoscimento-degli-altri-e-tecnologia\/"},"wordCount":2542,"image":{"@id":"https:\/\/exaudi.org\/it\/lalleanza-tra-amicizia-riconoscimento-degli-altri-e-tecnologia\/#primaryimage"},"thumbnailUrl":"https:\/\/exaudi.org\/wp-content\/uploads\/2025\/05\/pexels-buro-millennial-636760-1438072-scaled.jpg","keywords":["alleanza tra amicizia","amicizia e tecnologia","bioetica e tecnologia","Caterina Chalier","cinema classico","Cinema e bioetica","Columbia Pictures","comunit\u00e0 umana","DIGNIT\u00c0 UMANA","Dirigibile 1931","eroismo personale","Frank Capra","GLOBALIZZAZIONE DELL'INDIFFERENZA","intelligenza artificiale e tecnologia","l'amicizia al cinema","legami umani","OSSERVATORIO DI BIOETICA DELL'UNIVERSIT\u00c0 CATTOLICA DI VALENCIA","Papa Francesco","personalismo nel cinema","progresso morale","progresso tecnologico","relazioni umane nel cinema","riconoscimento dell'altro","ruolo delle donne nel cinema","Sottomarino 1928","storia del cinema","tecnologia","Trending","Trilogia di Capra","UNIVERSIT\u00c0 CATTOLICA DI VALENCIA","valori umani nel cinema","Volo 1929","Zygmunt Bauman"],"articleSection":["Analisi"],"inLanguage":"it-IT"},{"@type":"WebPage","@id":"https:\/\/exaudi.org\/it\/lalleanza-tra-amicizia-riconoscimento-degli-altri-e-tecnologia\/","url":"https:\/\/exaudi.org\/it\/lalleanza-tra-amicizia-riconoscimento-degli-altri-e-tecnologia\/","name":"L'alleanza tra amicizia, riconoscimento degli altri e tecnologia &#8211; Exaudi","isPartOf":{"@id":"https:\/\/exaudi.org\/#website"},"primaryImageOfPage":{"@id":"https:\/\/exaudi.org\/it\/lalleanza-tra-amicizia-riconoscimento-degli-altri-e-tecnologia\/#primaryimage"},"image":{"@id":"https:\/\/exaudi.org\/it\/lalleanza-tra-amicizia-riconoscimento-degli-altri-e-tecnologia\/#primaryimage"},"thumbnailUrl":"https:\/\/exaudi.org\/wp-content\/uploads\/2025\/05\/pexels-buro-millennial-636760-1438072-scaled.jpg","datePublished":"2025-05-08T20:37:39+00:00","author":{"@id":"https:\/\/exaudi.org\/#\/schema\/person\/05d1c06e56ecb5490e9bff0d27026595"},"breadcrumb":{"@id":"https:\/\/exaudi.org\/it\/lalleanza-tra-amicizia-riconoscimento-degli-altri-e-tecnologia\/#breadcrumb"},"inLanguage":"it-IT","potentialAction":[{"@type":"ReadAction","target":["https:\/\/exaudi.org\/it\/lalleanza-tra-amicizia-riconoscimento-degli-altri-e-tecnologia\/"]}]},{"@type":"ImageObject","inLanguage":"it-IT","@id":"https:\/\/exaudi.org\/it\/lalleanza-tra-amicizia-riconoscimento-degli-altri-e-tecnologia\/#primaryimage","url":"https:\/\/exaudi.org\/wp-content\/uploads\/2025\/05\/pexels-buro-millennial-636760-1438072-scaled.jpg","contentUrl":"https:\/\/exaudi.org\/wp-content\/uploads\/2025\/05\/pexels-buro-millennial-636760-1438072-scaled.jpg","width":2560,"height":1709,"caption":"Pexels"},{"@type":"BreadcrumbList","@id":"https:\/\/exaudi.org\/it\/lalleanza-tra-amicizia-riconoscimento-degli-altri-e-tecnologia\/#breadcrumb","itemListElement":[{"@type":"ListItem","position":1,"name":"Portada","item":"https:\/\/exaudi.org\/it\/"},{"@type":"ListItem","position":2,"name":"L&#8217;alleanza tra amicizia, riconoscimento degli altri e tecnologia"}]},{"@type":"WebSite","@id":"https:\/\/exaudi.org\/#website","url":"https:\/\/exaudi.org\/","name":"Exaudi","description":"News","potentialAction":[{"@type":"SearchAction","target":{"@type":"EntryPoint","urlTemplate":"https:\/\/exaudi.org\/?s={search_term_string}"},"query-input":{"@type":"PropertyValueSpecification","valueRequired":true,"valueName":"search_term_string"}}],"inLanguage":"it-IT"},{"@type":"Person","@id":"https:\/\/exaudi.org\/#\/schema\/person\/05d1c06e56ecb5490e9bff0d27026595","name":"Observatorio de Bio\u00e9tica UCV","image":{"@type":"ImageObject","inLanguage":"it-IT","@id":"https:\/\/secure.gravatar.com\/avatar\/086563f59595a89fb0851de25d712a03657b1cdfa8af3c9cd0a1ee122fc5d596?s=96&d=mm&r=g","url":"https:\/\/secure.gravatar.com\/avatar\/086563f59595a89fb0851de25d712a03657b1cdfa8af3c9cd0a1ee122fc5d596?s=96&d=mm&r=g","contentUrl":"https:\/\/secure.gravatar.com\/avatar\/086563f59595a89fb0851de25d712a03657b1cdfa8af3c9cd0a1ee122fc5d596?s=96&d=mm&r=g","caption":"Observatorio de Bio\u00e9tica UCV"},"description":"El Observatorio de Bio\u00e9tica se encuentra dentro del Instituto Ciencias de la vida de la Universidad Cat\u00f3lica de Valencia \u201cSan Vicente M\u00e1rtir\u201d . En el trasfondo de sus publicaciones, se defiende la vida humana desde la fecundaci\u00f3n a la muerte natural y la dignidad de la persona, teniendo como objetivo aunar esfuerzos para difundir la cultura de la vida como la define la Evangelium Vitae.","sameAs":["https:\/\/www.observatoriobioetica.org\/","https:\/\/www.facebook.com\/observatoriodebioetica\/","https:\/\/x.com\/obioetica","https:\/\/www.youtube.com\/channel\/UC_Tr4WS5-TXoNo5e1MdQc7w"],"url":"https:\/\/exaudi.org\/it\/author\/observatoriodebioeticaucv\/"}]}},"jetpack_featured_media_url":"https:\/\/exaudi.org\/wp-content\/uploads\/2025\/05\/pexels-buro-millennial-636760-1438072-scaled.jpg","jetpack_shortlink":"https:\/\/wp.me\/pgKjF2-wED","_links":{"self":[{"href":"https:\/\/exaudi.org\/it\/wp-json\/wp\/v2\/posts\/125527","targetHints":{"allow":["GET"]}}],"collection":[{"href":"https:\/\/exaudi.org\/it\/wp-json\/wp\/v2\/posts"}],"about":[{"href":"https:\/\/exaudi.org\/it\/wp-json\/wp\/v2\/types\/post"}],"author":[{"embeddable":true,"href":"https:\/\/exaudi.org\/it\/wp-json\/wp\/v2\/users\/87"}],"replies":[{"embeddable":true,"href":"https:\/\/exaudi.org\/it\/wp-json\/wp\/v2\/comments?post=125527"}],"version-history":[{"count":0,"href":"https:\/\/exaudi.org\/it\/wp-json\/wp\/v2\/posts\/125527\/revisions"}],"wp:featuredmedia":[{"embeddable":true,"href":"https:\/\/exaudi.org\/it\/wp-json\/wp\/v2\/media\/125393"}],"wp:attachment":[{"href":"https:\/\/exaudi.org\/it\/wp-json\/wp\/v2\/media?parent=125527"}],"wp:term":[{"taxonomy":"category","embeddable":true,"href":"https:\/\/exaudi.org\/it\/wp-json\/wp\/v2\/categories?post=125527"},{"taxonomy":"post_tag","embeddable":true,"href":"https:\/\/exaudi.org\/it\/wp-json\/wp\/v2\/tags?post=125527"}],"curies":[{"name":"wp","href":"https:\/\/api.w.org\/{rel}","templated":true}]}}