{"id":125480,"date":"2025-05-08T19:12:15","date_gmt":"2025-05-08T17:12:15","guid":{"rendered":"https:\/\/exaudi.org\/?p=125480"},"modified":"2025-05-08T19:12:15","modified_gmt":"2025-05-08T17:12:15","slug":"il-vero-conclave","status":"publish","type":"post","link":"https:\/\/exaudi.org\/it\/il-vero-conclave\/","title":{"rendered":"Il vero conclave"},"content":{"rendered":"<h3><strong>Un mistero guidato dallo Spirito Santo<\/strong><\/h3>\n<p>Durante un Conclave, la domanda che risuona nei cuori di molti \u00e8 inevitabile: <strong>chi sar\u00e0 il prossimo Papa?<\/strong> Spesso i sacerdoti sono oggetto di questa preoccupazione, come se potessero prevedere ci\u00f2 che solo lo Spirito Santo conosce. Tuttavia, queste elezioni sono avvolte nel mistero, al di l\u00e0 di qualsiasi previsione o analisi politica.<\/p>\n<p>Padre \u00c1ngel Espinosa de los Monteros condivide un&#8217;interessante riflessione su questo argomento, sottolineando che perfino gli esperti vaticani raramente sono precisi nelle loro previsioni. L&#8217;elezione di un Papa non \u00e8 una questione di statistiche, ma un processo di profondo discernimento, dove lo Spirito Santo agisce attraverso i cardinali riuniti in preghiera e riflessione.<\/p>\n<h3><strong>Uno sguardo critico alla rappresentazione del Conclave nel cinema<\/strong><\/h3>\n<p>Padre Espinosa commenta il film Conclave, una produzione che cerca di ritrarre i momenti dell&#8217;elezione papale. Egli ritiene tuttavia che il film non riesca a catturare la realt\u00e0 del processo, presentando situazioni inverosimili e sensazionali che hanno poco a che fare con la situazione attuale della Chiesa. &#8220;Non vi consiglio nemmeno di andarlo a vedere&#8221;, afferma con enfasi, sottolineando che il film distorce l&#8217;atmosfera di rispetto e discernimento che realmente prevale in un conclave.<\/p>\n<p>Il film mostra scene fittizie concepite per scandalizzare, ma Padre \u00c1ngel sottolinea che, nella realt\u00e0, i cardinali vengono sottoposti a rigorosi controlli prima di assumere una carica cos\u00ec potente. &#8220;Oggi siamo tutti nel mirino delle telecamere, dei social media e delle indagini; tutto \u00e8 noto&#8221;, spiega, notando come oggi la trasparenza e la sorveglianza siano molto maggiori.<\/p>\n<h3><strong>Il vero discernimento: oltre le apparenze<\/strong><\/h3>\n<p>Scegliere il prossimo Papa non \u00e8 un processo semplice. In un mondo in cui perfino le piccole comunit\u00e0 sperimentano divergenze di opinioni, immaginare il livello di discussione di un conclave \u00e8 sconcertante. Padre Espinosa, tuttavia, insiste sul fatto che lo Spirito Santo \u00e8 all&#8217;opera in questo processo, guidando i cardinali nella loro decisione non verso il candidato &#8220;perfetto&#8221;, ma piuttosto verso colui che pu\u00f2 guidare al meglio la Chiesa nel loro momento storico.<\/p>\n<p>Sottolinea inoltre che il vero discernimento non \u00e8 influenzato dai favoriti dei media, poich\u00e9 spesso coloro che sembrano pi\u00f9 probabili non sono quelli scelti. Esempi storici come l&#8217;elezione di Karol Wojty\u0142a a Papa Giovanni Paolo II dimostrano che lo Spirito Santo pu\u00f2 sorprendere il mondo.<\/p>\n<h3><strong>L&#8217;importanza della preghiera<\/strong><\/h3>\n<p>Cosa possiamo fare noi fedeli in questo processo? Padre Espinosa risponde con chiarezza: <strong>pregate<\/strong>. Pregate affinch\u00e9 lo Spirito Santo illumini ogni cardinale nella sua decisione, affinch\u00e9 le ambizioni personali o gli interessi particolari siano messi da parte e la volont\u00e0 di Dio prevalga. \u00abNon puoi pensare a te stesso, pensa alla Chiesa\u00bb, sottolinea, ribadendo la necessit\u00e0 di un discernimento puro e onesto.<\/p>\n<p>Il prossimo Papa sar\u00e0 scelto dallo Spirito Santo e la nostra missione come Chiesa \u00e8 pregare e confidare che questa elezione sar\u00e0 per il bene della Chiesa e del mondo intero.<\/p>\n<p>C<em>he lo Spirito Santo guidi sempre la nostra Chiesa e i suoi pastori. Facciamo tutto il bene che possiamo. Che Dio ti benedica.<\/em><\/p>\n","protected":false},"excerpt":{"rendered":"<p>Chi sar\u00e0 il prossimo Papa? Sul Conclave e il discernimento dello Spirito Santo<\/p>\n","protected":false},"author":147,"featured_media":125382,"comment_status":"closed","ping_status":"closed","sticky":false,"template":"","format":"standard","meta":{"_acf_changed":false,"_crdt_document":"","inline_featured_image":false,"footnotes":""},"categories":[71],"tags":[2056,28183,4512,58059,886,6907,55566,55679,15434,58060,20572,24219,18051,247,578,22709,960,47707,58061,29758,4952,58062],"class_list":["post-125480","post","type-post","status-publish","format-standard","has-post-thumbnail","hentry","category-analisi","tag-cardinali","tag-cattolicesimo","tag-chiesa-cattolica","tag-chiesa-e-politica","tag-conclave","tag-discernimento","tag-elezione-del-papa","tag-elezione-papale","tag-fede-cattolica","tag-film-sul-conclave","tag-formazione-religiosa","tag-padre-angel-espinosa-2","tag-padre-angel-espinosa-de-los-monteros-2","tag-papa","tag-preghiera","tag-riflessione-cattolica","tag-spirito-santo","tag-successione-papale","tag-tradizione-ecclesiastica","tag-trasparenza-nella-chiesa","tag-trending-it","tag-vaticanologia-2"],"acf":[],"yoast_head":"<!-- This site is optimized with the Yoast SEO plugin v27.5 - https:\/\/yoast.com\/product\/yoast-seo-wordpress\/ -->\n<title>Il vero conclave &#8211; Exaudi<\/title>\n<meta name=\"robots\" content=\"index, follow, max-snippet:-1, max-image-preview:large, max-video-preview:-1\" \/>\n<link rel=\"canonical\" href=\"https:\/\/exaudi.org\/it\/il-vero-conclave\/\" \/>\n<meta property=\"og:locale\" content=\"it_IT\" \/>\n<meta property=\"og:type\" content=\"article\" \/>\n<meta property=\"og:title\" content=\"Il vero conclave &#8211; Exaudi\" \/>\n<meta property=\"og:description\" content=\"Chi sar\u00e0 il prossimo Papa? Sul Conclave e il discernimento dello Spirito Santo\" \/>\n<meta property=\"og:url\" content=\"https:\/\/exaudi.org\/it\/il-vero-conclave\/\" \/>\n<meta property=\"og:site_name\" content=\"Exaudi\" \/>\n<meta property=\"article:publisher\" content=\"https:\/\/www.facebook.com\/ExaudiNews\" \/>\n<meta property=\"article:author\" content=\"https:\/\/www.facebook.com\/padreangelespinosadelosmonteros\" \/>\n<meta property=\"article:published_time\" content=\"2025-05-08T17:12:15+00:00\" \/>\n<meta property=\"og:image\" content=\"https:\/\/exaudi.org\/wp-content\/uploads\/2025\/05\/udienza_card.jpg\" \/>\n\t<meta property=\"og:image:width\" content=\"600\" \/>\n\t<meta property=\"og:image:height\" content=\"272\" \/>\n\t<meta property=\"og:image:type\" content=\"image\/jpeg\" \/>\n<meta name=\"author\" content=\"P Angel Espinosa de los Monteros\" \/>\n<meta name=\"twitter:card\" content=\"summary_large_image\" \/>\n<meta name=\"twitter:creator\" content=\"@Exaudi_News\" \/>\n<meta name=\"twitter:site\" content=\"@Exaudi_News\" \/>\n<meta name=\"twitter:label1\" content=\"Scritto da\" \/>\n\t<meta name=\"twitter:data1\" content=\"P Angel Espinosa de los Monteros\" \/>\n\t<meta name=\"twitter:label2\" content=\"Tempo di lettura stimato\" \/>\n\t<meta name=\"twitter:data2\" content=\"2 minuti\" \/>\n<script type=\"application\/ld+json\" class=\"yoast-schema-graph\">{\"@context\":\"https:\\\/\\\/schema.org\",\"@graph\":[{\"@type\":\"Article\",\"@id\":\"https:\\\/\\\/exaudi.org\\\/it\\\/il-vero-conclave\\\/#article\",\"isPartOf\":{\"@id\":\"https:\\\/\\\/exaudi.org\\\/it\\\/il-vero-conclave\\\/\"},\"author\":{\"name\":\"P Angel Espinosa de los Monteros\",\"@id\":\"https:\\\/\\\/exaudi.org\\\/#\\\/schema\\\/person\\\/7bbb76287fda2b4f0ee1ef8eaf16876e\"},\"headline\":\"Il vero conclave\",\"datePublished\":\"2025-05-08T17:12:15+00:00\",\"mainEntityOfPage\":{\"@id\":\"https:\\\/\\\/exaudi.org\\\/it\\\/il-vero-conclave\\\/\"},\"wordCount\":498,\"image\":{\"@id\":\"https:\\\/\\\/exaudi.org\\\/it\\\/il-vero-conclave\\\/#primaryimage\"},\"thumbnailUrl\":\"https:\\\/\\\/exaudi.org\\\/wp-content\\\/uploads\\\/2025\\\/05\\\/udienza_card.jpg\",\"keywords\":[\"cardinali\",\"Cattolicesimo\",\"Chiesa cattolica\",\"chiesa e politica\",\"conclave\",\"discernimento\",\"elezione del Papa\",\"elezione papale\",\"FEDE CATTOLICA\",\"film sul conclave\",\"FORMAZIONE RELIGIOSA\",\"Padre \u00c1ngel Espinosa\",\"PADRE \u00c1NGEL ESPINOSA DE LOS MONTEROS\",\"Papa\",\"preghiera\",\"riflessione cattolica\",\"Spirito Santo\",\"successione papale\",\"tradizione ecclesiastica\",\"trasparenza nella Chiesa\",\"Trending\",\"Vaticanologia\"],\"articleSection\":[\"Analisi\"],\"inLanguage\":\"it-IT\"},{\"@type\":\"WebPage\",\"@id\":\"https:\\\/\\\/exaudi.org\\\/it\\\/il-vero-conclave\\\/\",\"url\":\"https:\\\/\\\/exaudi.org\\\/it\\\/il-vero-conclave\\\/\",\"name\":\"Il vero conclave &#8211; Exaudi\",\"isPartOf\":{\"@id\":\"https:\\\/\\\/exaudi.org\\\/#website\"},\"primaryImageOfPage\":{\"@id\":\"https:\\\/\\\/exaudi.org\\\/it\\\/il-vero-conclave\\\/#primaryimage\"},\"image\":{\"@id\":\"https:\\\/\\\/exaudi.org\\\/it\\\/il-vero-conclave\\\/#primaryimage\"},\"thumbnailUrl\":\"https:\\\/\\\/exaudi.org\\\/wp-content\\\/uploads\\\/2025\\\/05\\\/udienza_card.jpg\",\"datePublished\":\"2025-05-08T17:12:15+00:00\",\"author\":{\"@id\":\"https:\\\/\\\/exaudi.org\\\/#\\\/schema\\\/person\\\/7bbb76287fda2b4f0ee1ef8eaf16876e\"},\"breadcrumb\":{\"@id\":\"https:\\\/\\\/exaudi.org\\\/it\\\/il-vero-conclave\\\/#breadcrumb\"},\"inLanguage\":\"it-IT\",\"potentialAction\":[{\"@type\":\"ReadAction\",\"target\":[\"https:\\\/\\\/exaudi.org\\\/it\\\/il-vero-conclave\\\/\"]}]},{\"@type\":\"ImageObject\",\"inLanguage\":\"it-IT\",\"@id\":\"https:\\\/\\\/exaudi.org\\\/it\\\/il-vero-conclave\\\/#primaryimage\",\"url\":\"https:\\\/\\\/exaudi.org\\\/wp-content\\\/uploads\\\/2025\\\/05\\\/udienza_card.jpg\",\"contentUrl\":\"https:\\\/\\\/exaudi.org\\\/wp-content\\\/uploads\\\/2025\\\/05\\\/udienza_card.jpg\",\"width\":600,\"height\":272},{\"@type\":\"BreadcrumbList\",\"@id\":\"https:\\\/\\\/exaudi.org\\\/it\\\/il-vero-conclave\\\/#breadcrumb\",\"itemListElement\":[{\"@type\":\"ListItem\",\"position\":1,\"name\":\"Portada\",\"item\":\"https:\\\/\\\/exaudi.org\\\/it\\\/\"},{\"@type\":\"ListItem\",\"position\":2,\"name\":\"Il vero conclave\"}]},{\"@type\":\"WebSite\",\"@id\":\"https:\\\/\\\/exaudi.org\\\/#website\",\"url\":\"https:\\\/\\\/exaudi.org\\\/\",\"name\":\"Exaudi\",\"description\":\"News\",\"potentialAction\":[{\"@type\":\"SearchAction\",\"target\":{\"@type\":\"EntryPoint\",\"urlTemplate\":\"https:\\\/\\\/exaudi.org\\\/?s={search_term_string}\"},\"query-input\":{\"@type\":\"PropertyValueSpecification\",\"valueRequired\":true,\"valueName\":\"search_term_string\"}}],\"inLanguage\":\"it-IT\"},{\"@type\":\"Person\",\"@id\":\"https:\\\/\\\/exaudi.org\\\/#\\\/schema\\\/person\\\/7bbb76287fda2b4f0ee1ef8eaf16876e\",\"name\":\"P Angel Espinosa de los Monteros\",\"image\":{\"@type\":\"ImageObject\",\"inLanguage\":\"it-IT\",\"@id\":\"https:\\\/\\\/secure.gravatar.com\\\/avatar\\\/effca3f571ae6f2f0e49f4978ed61eb7db325b2e3b3cfc4528dcd50d2ed847be?s=96&d=mm&r=g\",\"url\":\"https:\\\/\\\/secure.gravatar.com\\\/avatar\\\/effca3f571ae6f2f0e49f4978ed61eb7db325b2e3b3cfc4528dcd50d2ed847be?s=96&d=mm&r=g\",\"contentUrl\":\"https:\\\/\\\/secure.gravatar.com\\\/avatar\\\/effca3f571ae6f2f0e49f4978ed61eb7db325b2e3b3cfc4528dcd50d2ed847be?s=96&d=mm&r=g\",\"caption\":\"P Angel Espinosa de los Monteros\"},\"description\":\"El Padre \u00c1ngel Espinosa de los Monteros ha impartido m\u00e1s de 4,000 conferencias sobre matrimonio, valores familiares y espiritualidad en diferentes ciudades de M\u00e9xico, Estados Unidos, Francia, Italia, Espa\u00f1a y Sudam\u00e9rica. Ha atendido a cientos de matrimonios ofreciendo consejos y programas de crecimiento conyugal y familiar. Es autor del libro \u00abEl anillo es para siempre\u00bb, traducido a diferentes lenguas y a partir de las cuales ha dictado m\u00e1s de 20 t\u00edtulos de conferencias. Actualmente se dedica de tiempo completo a impartir conferencias y renovaciones matrimoniales en 20 pa\u00edses del mundo.\",\"sameAs\":[\"https:\\\/\\\/padreangelespinosadelosmonteros.lookmydc.com\\\/\",\"https:\\\/\\\/www.facebook.com\\\/padreangelespinosadelosmonteros\",\"https:\\\/\\\/www.instagram.com\\\/padreangel.espinosa\\\/\",\"https:\\\/\\\/www.youtube.com\\\/channel\\\/UCL38v1PSZX6VWoC6lXmTRbA\"],\"url\":\"https:\\\/\\\/exaudi.org\\\/it\\\/author\\\/padre-angel-espinosa-de-los-monteros\\\/\"}]}<\/script>\n<!-- \/ Yoast SEO plugin. -->","yoast_head_json":{"title":"Il vero conclave &#8211; Exaudi","robots":{"index":"index","follow":"follow","max-snippet":"max-snippet:-1","max-image-preview":"max-image-preview:large","max-video-preview":"max-video-preview:-1"},"canonical":"https:\/\/exaudi.org\/it\/il-vero-conclave\/","og_locale":"it_IT","og_type":"article","og_title":"Il vero conclave &#8211; Exaudi","og_description":"Chi sar\u00e0 il prossimo Papa? Sul Conclave e il discernimento dello Spirito Santo","og_url":"https:\/\/exaudi.org\/it\/il-vero-conclave\/","og_site_name":"Exaudi","article_publisher":"https:\/\/www.facebook.com\/ExaudiNews","article_author":"https:\/\/www.facebook.com\/padreangelespinosadelosmonteros","article_published_time":"2025-05-08T17:12:15+00:00","og_image":[{"width":600,"height":272,"url":"https:\/\/exaudi.org\/wp-content\/uploads\/2025\/05\/udienza_card.jpg","type":"image\/jpeg"}],"author":"P Angel Espinosa de los Monteros","twitter_card":"summary_large_image","twitter_creator":"@Exaudi_News","twitter_site":"@Exaudi_News","twitter_misc":{"Scritto da":"P Angel Espinosa de los Monteros","Tempo di lettura stimato":"2 minuti"},"schema":{"@context":"https:\/\/schema.org","@graph":[{"@type":"Article","@id":"https:\/\/exaudi.org\/it\/il-vero-conclave\/#article","isPartOf":{"@id":"https:\/\/exaudi.org\/it\/il-vero-conclave\/"},"author":{"name":"P Angel Espinosa de los Monteros","@id":"https:\/\/exaudi.org\/#\/schema\/person\/7bbb76287fda2b4f0ee1ef8eaf16876e"},"headline":"Il vero conclave","datePublished":"2025-05-08T17:12:15+00:00","mainEntityOfPage":{"@id":"https:\/\/exaudi.org\/it\/il-vero-conclave\/"},"wordCount":498,"image":{"@id":"https:\/\/exaudi.org\/it\/il-vero-conclave\/#primaryimage"},"thumbnailUrl":"https:\/\/exaudi.org\/wp-content\/uploads\/2025\/05\/udienza_card.jpg","keywords":["cardinali","Cattolicesimo","Chiesa cattolica","chiesa e politica","conclave","discernimento","elezione del Papa","elezione papale","FEDE CATTOLICA","film sul conclave","FORMAZIONE RELIGIOSA","Padre \u00c1ngel Espinosa","PADRE \u00c1NGEL ESPINOSA DE LOS MONTEROS","Papa","preghiera","riflessione cattolica","Spirito Santo","successione papale","tradizione ecclesiastica","trasparenza nella Chiesa","Trending","Vaticanologia"],"articleSection":["Analisi"],"inLanguage":"it-IT"},{"@type":"WebPage","@id":"https:\/\/exaudi.org\/it\/il-vero-conclave\/","url":"https:\/\/exaudi.org\/it\/il-vero-conclave\/","name":"Il vero conclave &#8211; Exaudi","isPartOf":{"@id":"https:\/\/exaudi.org\/#website"},"primaryImageOfPage":{"@id":"https:\/\/exaudi.org\/it\/il-vero-conclave\/#primaryimage"},"image":{"@id":"https:\/\/exaudi.org\/it\/il-vero-conclave\/#primaryimage"},"thumbnailUrl":"https:\/\/exaudi.org\/wp-content\/uploads\/2025\/05\/udienza_card.jpg","datePublished":"2025-05-08T17:12:15+00:00","author":{"@id":"https:\/\/exaudi.org\/#\/schema\/person\/7bbb76287fda2b4f0ee1ef8eaf16876e"},"breadcrumb":{"@id":"https:\/\/exaudi.org\/it\/il-vero-conclave\/#breadcrumb"},"inLanguage":"it-IT","potentialAction":[{"@type":"ReadAction","target":["https:\/\/exaudi.org\/it\/il-vero-conclave\/"]}]},{"@type":"ImageObject","inLanguage":"it-IT","@id":"https:\/\/exaudi.org\/it\/il-vero-conclave\/#primaryimage","url":"https:\/\/exaudi.org\/wp-content\/uploads\/2025\/05\/udienza_card.jpg","contentUrl":"https:\/\/exaudi.org\/wp-content\/uploads\/2025\/05\/udienza_card.jpg","width":600,"height":272},{"@type":"BreadcrumbList","@id":"https:\/\/exaudi.org\/it\/il-vero-conclave\/#breadcrumb","itemListElement":[{"@type":"ListItem","position":1,"name":"Portada","item":"https:\/\/exaudi.org\/it\/"},{"@type":"ListItem","position":2,"name":"Il vero conclave"}]},{"@type":"WebSite","@id":"https:\/\/exaudi.org\/#website","url":"https:\/\/exaudi.org\/","name":"Exaudi","description":"News","potentialAction":[{"@type":"SearchAction","target":{"@type":"EntryPoint","urlTemplate":"https:\/\/exaudi.org\/?s={search_term_string}"},"query-input":{"@type":"PropertyValueSpecification","valueRequired":true,"valueName":"search_term_string"}}],"inLanguage":"it-IT"},{"@type":"Person","@id":"https:\/\/exaudi.org\/#\/schema\/person\/7bbb76287fda2b4f0ee1ef8eaf16876e","name":"P Angel Espinosa de los Monteros","image":{"@type":"ImageObject","inLanguage":"it-IT","@id":"https:\/\/secure.gravatar.com\/avatar\/effca3f571ae6f2f0e49f4978ed61eb7db325b2e3b3cfc4528dcd50d2ed847be?s=96&d=mm&r=g","url":"https:\/\/secure.gravatar.com\/avatar\/effca3f571ae6f2f0e49f4978ed61eb7db325b2e3b3cfc4528dcd50d2ed847be?s=96&d=mm&r=g","contentUrl":"https:\/\/secure.gravatar.com\/avatar\/effca3f571ae6f2f0e49f4978ed61eb7db325b2e3b3cfc4528dcd50d2ed847be?s=96&d=mm&r=g","caption":"P Angel Espinosa de los Monteros"},"description":"El Padre \u00c1ngel Espinosa de los Monteros ha impartido m\u00e1s de 4,000 conferencias sobre matrimonio, valores familiares y espiritualidad en diferentes ciudades de M\u00e9xico, Estados Unidos, Francia, Italia, Espa\u00f1a y Sudam\u00e9rica. Ha atendido a cientos de matrimonios ofreciendo consejos y programas de crecimiento conyugal y familiar. Es autor del libro \u00abEl anillo es para siempre\u00bb, traducido a diferentes lenguas y a partir de las cuales ha dictado m\u00e1s de 20 t\u00edtulos de conferencias. Actualmente se dedica de tiempo completo a impartir conferencias y renovaciones matrimoniales en 20 pa\u00edses del mundo.","sameAs":["https:\/\/padreangelespinosadelosmonteros.lookmydc.com\/","https:\/\/www.facebook.com\/padreangelespinosadelosmonteros","https:\/\/www.instagram.com\/padreangel.espinosa\/","https:\/\/www.youtube.com\/channel\/UCL38v1PSZX6VWoC6lXmTRbA"],"url":"https:\/\/exaudi.org\/it\/author\/padre-angel-espinosa-de-los-monteros\/"}]}},"jetpack_featured_media_url":"https:\/\/exaudi.org\/wp-content\/uploads\/2025\/05\/udienza_card.jpg","jetpack_shortlink":"https:\/\/wp.me\/pgKjF2-wDS","_links":{"self":[{"href":"https:\/\/exaudi.org\/it\/wp-json\/wp\/v2\/posts\/125480","targetHints":{"allow":["GET"]}}],"collection":[{"href":"https:\/\/exaudi.org\/it\/wp-json\/wp\/v2\/posts"}],"about":[{"href":"https:\/\/exaudi.org\/it\/wp-json\/wp\/v2\/types\/post"}],"author":[{"embeddable":true,"href":"https:\/\/exaudi.org\/it\/wp-json\/wp\/v2\/users\/147"}],"replies":[{"embeddable":true,"href":"https:\/\/exaudi.org\/it\/wp-json\/wp\/v2\/comments?post=125480"}],"version-history":[{"count":0,"href":"https:\/\/exaudi.org\/it\/wp-json\/wp\/v2\/posts\/125480\/revisions"}],"wp:featuredmedia":[{"embeddable":true,"href":"https:\/\/exaudi.org\/it\/wp-json\/wp\/v2\/media\/125382"}],"wp:attachment":[{"href":"https:\/\/exaudi.org\/it\/wp-json\/wp\/v2\/media?parent=125480"}],"wp:term":[{"taxonomy":"category","embeddable":true,"href":"https:\/\/exaudi.org\/it\/wp-json\/wp\/v2\/categories?post=125480"},{"taxonomy":"post_tag","embeddable":true,"href":"https:\/\/exaudi.org\/it\/wp-json\/wp\/v2\/tags?post=125480"}],"curies":[{"name":"wp","href":"https:\/\/api.w.org\/{rel}","templated":true}]}}