{"id":125284,"date":"2025-05-07T04:42:11","date_gmt":"2025-05-07T02:42:11","guid":{"rendered":"https:\/\/exaudi.org\/?p=125284"},"modified":"2025-05-07T04:42:11","modified_gmt":"2025-05-07T02:42:11","slug":"conclave-2025-giuramento-solenne-dei-responsabili-della-riservatezza","status":"publish","type":"post","link":"https:\/\/exaudi.org\/it\/conclave-2025-giuramento-solenne-dei-responsabili-della-riservatezza\/","title":{"rendered":"Conclave 2025: giuramento solenne dei responsabili della riservatezza"},"content":{"rendered":"<p><em>Io N. N. prometto e giuro di osservare il segreto assoluto con chiunque non faccia parte del Collegio dei Cardinali Elettori, e ci\u00f2 in perpetuo, a meno che non riceva speciali facolt\u00e0 espressamente conferite dal neoeletto Pontefice o dai suoi Successori, circa tutto ci\u00f2 che concerne direttamente o indirettamente la votazione e lo scrutinio dei voti per l&#8217;elezione del Sommo Pontefice.<\/em><\/p>\n<p><em>Prometto e giuro inoltre di astenermi dall&#8217;utilizzare qualsiasi strumento per registrare, ascoltare o visionare qualsiasi cosa che avvenga nello Stato della Citt\u00e0 del Vaticano durante il periodo elettorale, e in particolare qualsiasi cosa che direttamente o indirettamente sia in qualsiasi modo collegata alle operazioni relative all&#8217;elezione stessa.<\/em><\/p>\n<p><em>Dichiaro di prestare questo giuramento sapendo che ogni violazione dello stesso comporter\u00e0 per me la pena della scomunica latae sententiae riservata alla Sede Apostolica.<\/em><\/p>\n<p><em>Cos\u00ec mi aiuti Dio e questi Santi Vangeli che tocco con mano.&#8221;<\/em><\/p>\n<p>Con queste parole solenni viene suggellato l&#8217;impegno di totale riservatezza che circonda il Conclave, anche molto tempo dopo la sua conclusione. Il giuramento \u00e8 stato pronunciato luned\u00ec 5 maggio 2025 nella Cappella Paolina del Palazzo Apostolico in Vaticano, in ottemperanza alla costituzione apostolica <a href=\"https:\/\/www.vatican.va\/content\/john-paul-ii\/es\/apost_constitutions\/documents\/hf_jp-ii_apc_22021996_universi-dominici-gregis.html\">Universi Dominici Gregis<\/a>, promulgata da Papa Giovanni Paolo II il 22 febbraio 1996.<\/p>\n<p>Il segreto \u00e8 assoluto: niente registrazioni, n\u00e9 audio n\u00e9 video. Ogni tentativo di violare questa riservatezza \u00e8 punito con la scomunica automatica (<em>latae sententiae<\/em>), imposta direttamente dalla Santa Sede.<\/p>\n<p>Questo giuramento non \u00e8 esclusivo dei cardinali. Viene celebrato da tutti coloro che prendono parte al Conclave, sia religiosi che laici, purch\u00e9 approvati dal cardinale camerlengo e dai tre cardinali presenti.<\/p>\n<p>Chi partecipa? L&#8217;elenco \u00e8 lungo e comprende di tutto, dagli alti funzionari religiosi al personale di supporto:<\/p>\n<ul>\n<li>Il Segretario del Collegio Cardinalizio e Maestro delle Celebrazioni Liturgiche, Monsignor Diego Ravelli.<\/li>\n<li>Sette maestri di cerimonia papali.<\/li>\n<li>Un sacerdote di fiducia del cardinale che presiede il Conclave.<\/li>\n<li>Due religiosi agostiniani addetti alla Sacrestia Pontificia.<\/li>\n<li>Confessori in diverse lingue.<\/li>\n<li>Medici, infermieri e ascensoristi del Palazzo Apostolico.<\/li>\n<li>Personale addetto alle pulizie e alla cucina.<\/li>\n<li>Dipendenti dei fioristi e tecnici dell&#8217;assistenza.<\/li>\n<li>Autisti che trasportano i cardinali da Casa Santa Marta.<\/li>\n<li>Due ufficiali della Guardia Svizzera Pontificia, responsabili della sicurezza nella Cappella Sistina.<\/li>\n<li>Il Direttore della Sicurezza e della Protezione Civile dello Stato della Citt\u00e0 del Vaticano, insieme a parte del suo team.<\/li>\n<\/ul>\n<p>Prima di prestare giuramento, tutti ricevettero una spiegazione dettagliata del suo significato. Hanno poi recitato e firmato personalmente la formula ufficiale davanti al cardinale Kevin Joseph Farrell, camerlengo di Santa Romana Chiesa, alla presenza di due protonotari apostolici.<\/p>\n<p><iframe loading=\"lazy\" title=\"Officials and Conclave staff take Oath of Secrecy in Pauline Chapel, may 6 2025\" width=\"500\" height=\"281\" src=\"https:\/\/www.youtube.com\/embed\/jkoU7MlEoEw?feature=oembed\" frameborder=\"0\" allow=\"accelerometer; autoplay; clipboard-write; encrypted-media; gyroscope; picture-in-picture; web-share\" referrerpolicy=\"strict-origin-when-cross-origin\" allowfullscreen><\/iframe><\/p>\n","protected":false},"excerpt":{"rendered":"<p>Sia gli ecclesiastici che i laici destinati al Conclave, approvati dal Cardinale Camerlengo e dai tre Cardinali Assistenti, secondo la Costituzione Apostolica &#8220;Universi Dominici Gregis&#8221; n. 48, firmato, questo luned\u00ec 5 maggio 2025, il giuramento previsto nella Cappella Paolina, Terza Loggia del Palazzo Apostolico<\/p>\n","protected":false},"author":15,"featured_media":125238,"comment_status":"closed","ping_status":"closed","sticky":false,"template":"","format":"standard","meta":{"_acf_changed":false,"_crdt_document":"","inline_featured_image":false,"footnotes":""},"categories":[131],"tags":[4512,886,56059,57796,56973,57797,57798,40066,251,57800,6252,4952,57799,266],"class_list":["post-125284","post","type-post","status-publish","format-standard","has-post-thumbnail","hentry","category-vaticano","tag-chiesa-cattolica","tag-conclave","tag-conclave-2025-2","tag-conclave-della-riservatezza","tag-elezione-di-un-nuovo-papa","tag-giuramento-del-conclave","tag-giuramento-di-segretezza-conclave","tag-notizie-dal-vaticano","tag-papa-francesco","tag-preparativi-del-conclave","tag-santa-sede-it","tag-trending-it","tag-ufficiali-del-conclave","tag-vaticano"],"acf":[],"yoast_head":"<!-- This site is optimized with the Yoast SEO plugin v27.4 - https:\/\/yoast.com\/product\/yoast-seo-wordpress\/ -->\n<title>Conclave 2025: giuramento solenne dei responsabili della riservatezza &#8211; Exaudi<\/title>\n<meta name=\"robots\" content=\"index, follow, max-snippet:-1, max-image-preview:large, max-video-preview:-1\" \/>\n<link rel=\"canonical\" href=\"https:\/\/exaudi.org\/it\/conclave-2025-giuramento-solenne-dei-responsabili-della-riservatezza\/\" \/>\n<meta property=\"og:locale\" content=\"it_IT\" \/>\n<meta property=\"og:type\" content=\"article\" \/>\n<meta property=\"og:title\" content=\"Conclave 2025: giuramento solenne dei responsabili della riservatezza &#8211; Exaudi\" \/>\n<meta property=\"og:description\" content=\"Sia gli ecclesiastici che i laici destinati al Conclave, approvati dal Cardinale Camerlengo e dai tre Cardinali Assistenti, secondo la Costituzione Apostolica &quot;Universi Dominici Gregis&quot; n. 48, firmato, questo luned\u00ec 5 maggio 2025, il giuramento previsto nella Cappella Paolina, Terza Loggia del Palazzo Apostolico\" \/>\n<meta property=\"og:url\" content=\"https:\/\/exaudi.org\/it\/conclave-2025-giuramento-solenne-dei-responsabili-della-riservatezza\/\" \/>\n<meta property=\"og:site_name\" content=\"Exaudi\" \/>\n<meta property=\"article:publisher\" content=\"https:\/\/www.facebook.com\/ExaudiNews\" \/>\n<meta property=\"article:author\" content=\"https:\/\/www.facebook.com\/ExaudiNoticias\/\" \/>\n<meta property=\"article:published_time\" content=\"2025-05-07T02:42:11+00:00\" \/>\n<meta property=\"og:image\" content=\"https:\/\/exaudi.org\/wp-content\/uploads\/2025\/05\/cq5dam.thumbnail.cropped.750.422-5.jpeg\" \/>\n\t<meta property=\"og:image:width\" content=\"750\" \/>\n\t<meta property=\"og:image:height\" content=\"422\" \/>\n\t<meta property=\"og:image:type\" content=\"image\/jpeg\" \/>\n<meta name=\"author\" content=\"Exaudi Redacci\u00f3n\" \/>\n<meta name=\"twitter:card\" content=\"summary_large_image\" \/>\n<meta name=\"twitter:creator\" content=\"@Exaudi_noticias\" \/>\n<meta name=\"twitter:site\" content=\"@Exaudi_News\" \/>\n<meta name=\"twitter:label1\" content=\"Scritto da\" \/>\n\t<meta name=\"twitter:data1\" content=\"Exaudi Redacci\u00f3n\" \/>\n\t<meta name=\"twitter:label2\" content=\"Tempo di lettura stimato\" \/>\n\t<meta name=\"twitter:data2\" content=\"2 minuti\" \/>\n<script type=\"application\/ld+json\" class=\"yoast-schema-graph\">{\"@context\":\"https:\\\/\\\/schema.org\",\"@graph\":[{\"@type\":\"Article\",\"@id\":\"https:\\\/\\\/exaudi.org\\\/it\\\/conclave-2025-giuramento-solenne-dei-responsabili-della-riservatezza\\\/#article\",\"isPartOf\":{\"@id\":\"https:\\\/\\\/exaudi.org\\\/it\\\/conclave-2025-giuramento-solenne-dei-responsabili-della-riservatezza\\\/\"},\"author\":{\"name\":\"Exaudi Redacci\u00f3n\",\"@id\":\"https:\\\/\\\/exaudi.org\\\/#\\\/schema\\\/person\\\/f5fc8f063065e38742da7afe15f25df7\"},\"headline\":\"Conclave 2025: giuramento solenne dei responsabili della riservatezza\",\"datePublished\":\"2025-05-07T02:42:11+00:00\",\"mainEntityOfPage\":{\"@id\":\"https:\\\/\\\/exaudi.org\\\/it\\\/conclave-2025-giuramento-solenne-dei-responsabili-della-riservatezza\\\/\"},\"wordCount\":426,\"image\":{\"@id\":\"https:\\\/\\\/exaudi.org\\\/it\\\/conclave-2025-giuramento-solenne-dei-responsabili-della-riservatezza\\\/#primaryimage\"},\"thumbnailUrl\":\"https:\\\/\\\/exaudi.org\\\/wp-content\\\/uploads\\\/2025\\\/05\\\/cq5dam.thumbnail.cropped.750.422-5.jpeg\",\"keywords\":[\"Chiesa cattolica\",\"conclave\",\"conclave 2025\",\"conclave della riservatezza\",\"elezione di un nuovo papa\",\"giuramento del conclave\",\"giuramento di segretezza conclave\",\"Notizie dal Vaticano\",\"Papa Francesco\",\"preparativi del conclave\",\"Santa Sede\",\"Trending\",\"ufficiali del conclave\",\"Vaticano\"],\"articleSection\":[\"Vaticano\"],\"inLanguage\":\"it-IT\"},{\"@type\":\"WebPage\",\"@id\":\"https:\\\/\\\/exaudi.org\\\/it\\\/conclave-2025-giuramento-solenne-dei-responsabili-della-riservatezza\\\/\",\"url\":\"https:\\\/\\\/exaudi.org\\\/it\\\/conclave-2025-giuramento-solenne-dei-responsabili-della-riservatezza\\\/\",\"name\":\"Conclave 2025: giuramento solenne dei responsabili della riservatezza &#8211; Exaudi\",\"isPartOf\":{\"@id\":\"https:\\\/\\\/exaudi.org\\\/#website\"},\"primaryImageOfPage\":{\"@id\":\"https:\\\/\\\/exaudi.org\\\/it\\\/conclave-2025-giuramento-solenne-dei-responsabili-della-riservatezza\\\/#primaryimage\"},\"image\":{\"@id\":\"https:\\\/\\\/exaudi.org\\\/it\\\/conclave-2025-giuramento-solenne-dei-responsabili-della-riservatezza\\\/#primaryimage\"},\"thumbnailUrl\":\"https:\\\/\\\/exaudi.org\\\/wp-content\\\/uploads\\\/2025\\\/05\\\/cq5dam.thumbnail.cropped.750.422-5.jpeg\",\"datePublished\":\"2025-05-07T02:42:11+00:00\",\"author\":{\"@id\":\"https:\\\/\\\/exaudi.org\\\/#\\\/schema\\\/person\\\/f5fc8f063065e38742da7afe15f25df7\"},\"breadcrumb\":{\"@id\":\"https:\\\/\\\/exaudi.org\\\/it\\\/conclave-2025-giuramento-solenne-dei-responsabili-della-riservatezza\\\/#breadcrumb\"},\"inLanguage\":\"it-IT\",\"potentialAction\":[{\"@type\":\"ReadAction\",\"target\":[\"https:\\\/\\\/exaudi.org\\\/it\\\/conclave-2025-giuramento-solenne-dei-responsabili-della-riservatezza\\\/\"]}]},{\"@type\":\"ImageObject\",\"inLanguage\":\"it-IT\",\"@id\":\"https:\\\/\\\/exaudi.org\\\/it\\\/conclave-2025-giuramento-solenne-dei-responsabili-della-riservatezza\\\/#primaryimage\",\"url\":\"https:\\\/\\\/exaudi.org\\\/wp-content\\\/uploads\\\/2025\\\/05\\\/cq5dam.thumbnail.cropped.750.422-5.jpeg\",\"contentUrl\":\"https:\\\/\\\/exaudi.org\\\/wp-content\\\/uploads\\\/2025\\\/05\\\/cq5dam.thumbnail.cropped.750.422-5.jpeg\",\"width\":750,\"height\":422},{\"@type\":\"BreadcrumbList\",\"@id\":\"https:\\\/\\\/exaudi.org\\\/it\\\/conclave-2025-giuramento-solenne-dei-responsabili-della-riservatezza\\\/#breadcrumb\",\"itemListElement\":[{\"@type\":\"ListItem\",\"position\":1,\"name\":\"Portada\",\"item\":\"https:\\\/\\\/exaudi.org\\\/it\\\/\"},{\"@type\":\"ListItem\",\"position\":2,\"name\":\"Conclave 2025: giuramento solenne dei responsabili della riservatezza\"}]},{\"@type\":\"WebSite\",\"@id\":\"https:\\\/\\\/exaudi.org\\\/#website\",\"url\":\"https:\\\/\\\/exaudi.org\\\/\",\"name\":\"Exaudi\",\"description\":\"News\",\"potentialAction\":[{\"@type\":\"SearchAction\",\"target\":{\"@type\":\"EntryPoint\",\"urlTemplate\":\"https:\\\/\\\/exaudi.org\\\/?s={search_term_string}\"},\"query-input\":{\"@type\":\"PropertyValueSpecification\",\"valueRequired\":true,\"valueName\":\"search_term_string\"}}],\"inLanguage\":\"it-IT\"},{\"@type\":\"Person\",\"@id\":\"https:\\\/\\\/exaudi.org\\\/#\\\/schema\\\/person\\\/f5fc8f063065e38742da7afe15f25df7\",\"name\":\"Exaudi Redacci\u00f3n\",\"image\":{\"@type\":\"ImageObject\",\"inLanguage\":\"it-IT\",\"@id\":\"https:\\\/\\\/secure.gravatar.com\\\/avatar\\\/fe0f6a059fb68d9b3e11bc5850dd4899b1c7492091a3cb6dd9b01b56ad828be2?s=96&d=mm&r=g\",\"url\":\"https:\\\/\\\/secure.gravatar.com\\\/avatar\\\/fe0f6a059fb68d9b3e11bc5850dd4899b1c7492091a3cb6dd9b01b56ad828be2?s=96&d=mm&r=g\",\"contentUrl\":\"https:\\\/\\\/secure.gravatar.com\\\/avatar\\\/fe0f6a059fb68d9b3e11bc5850dd4899b1c7492091a3cb6dd9b01b56ad828be2?s=96&d=mm&r=g\",\"caption\":\"Exaudi Redacci\u00f3n\"},\"description\":\"\u00bfQu\u00e9 es Exaudi News? Exaudi News es un medio de comunicaci\u00f3n cat\u00f3lico internacional que informa, forma y transforma, diariamente en espa\u00f1ol, ingl\u00e9s e italiano. A trav\u00e9s de noticias, art\u00edculos de an\u00e1lisis y transmisiones en directo de los eventos del Papa, Exaudi busca fortalecer la unidad de los cristianos y contribuir a la evangelizaci\u00f3n del mundo, siempre guiados por la doctrina social de la Iglesia. Trabajamos para acercar la verdad y los valores cristianos a cada rinc\u00f3n del planeta. \u00a1Ay\u00fadanos a transformar el mundo con Exaudi! En Exaudi creemos que la evangelizaci\u00f3n y la informaci\u00f3n de calidad pueden cambiar vidas. Para continuar con nuestra misi\u00f3n y expandir nuestro alcance, necesitamos tu ayuda. Adem\u00e1s, buscamos personas comprometidas que deseen unirse a nuestro equipo. Con tu apoyo, lograremos llegar a m\u00e1s personas, difundir el mensaje de Cristo y reforzar la unidad de los cristianos. \u00bfTe unes a nuestra misi\u00f3n? Para m\u00e1s informaci\u00f3n sobre c\u00f3mo colaborar, visita Exaudi.org\\\/es o cont\u00e1ctanos directamente: info@exaudi.org Exaudi: Informa, forma y transforma.\",\"sameAs\":[\"https:\\\/\\\/www.facebook.com\\\/ExaudiNoticias\\\/\",\"https:\\\/\\\/www.instagram.com\\\/exaudi_noticias\\\/\",\"https:\\\/\\\/x.com\\\/Exaudi_noticias\",\"https:\\\/\\\/www.youtube.com\\\/@exaudicatholicnews\"],\"url\":\"https:\\\/\\\/exaudi.org\\\/it\\\/author\\\/redaccionexaudi\\\/\"}]}<\/script>\n<!-- \/ Yoast SEO plugin. -->","yoast_head_json":{"title":"Conclave 2025: giuramento solenne dei responsabili della riservatezza &#8211; Exaudi","robots":{"index":"index","follow":"follow","max-snippet":"max-snippet:-1","max-image-preview":"max-image-preview:large","max-video-preview":"max-video-preview:-1"},"canonical":"https:\/\/exaudi.org\/it\/conclave-2025-giuramento-solenne-dei-responsabili-della-riservatezza\/","og_locale":"it_IT","og_type":"article","og_title":"Conclave 2025: giuramento solenne dei responsabili della riservatezza &#8211; Exaudi","og_description":"Sia gli ecclesiastici che i laici destinati al Conclave, approvati dal Cardinale Camerlengo e dai tre Cardinali Assistenti, secondo la Costituzione Apostolica \"Universi Dominici Gregis\" n. 48, firmato, questo luned\u00ec 5 maggio 2025, il giuramento previsto nella Cappella Paolina, Terza Loggia del Palazzo Apostolico","og_url":"https:\/\/exaudi.org\/it\/conclave-2025-giuramento-solenne-dei-responsabili-della-riservatezza\/","og_site_name":"Exaudi","article_publisher":"https:\/\/www.facebook.com\/ExaudiNews","article_author":"https:\/\/www.facebook.com\/ExaudiNoticias\/","article_published_time":"2025-05-07T02:42:11+00:00","og_image":[{"width":750,"height":422,"url":"https:\/\/exaudi.org\/wp-content\/uploads\/2025\/05\/cq5dam.thumbnail.cropped.750.422-5.jpeg","type":"image\/jpeg"}],"author":"Exaudi Redacci\u00f3n","twitter_card":"summary_large_image","twitter_creator":"@Exaudi_noticias","twitter_site":"@Exaudi_News","twitter_misc":{"Scritto da":"Exaudi Redacci\u00f3n","Tempo di lettura stimato":"2 minuti"},"schema":{"@context":"https:\/\/schema.org","@graph":[{"@type":"Article","@id":"https:\/\/exaudi.org\/it\/conclave-2025-giuramento-solenne-dei-responsabili-della-riservatezza\/#article","isPartOf":{"@id":"https:\/\/exaudi.org\/it\/conclave-2025-giuramento-solenne-dei-responsabili-della-riservatezza\/"},"author":{"name":"Exaudi Redacci\u00f3n","@id":"https:\/\/exaudi.org\/#\/schema\/person\/f5fc8f063065e38742da7afe15f25df7"},"headline":"Conclave 2025: giuramento solenne dei responsabili della riservatezza","datePublished":"2025-05-07T02:42:11+00:00","mainEntityOfPage":{"@id":"https:\/\/exaudi.org\/it\/conclave-2025-giuramento-solenne-dei-responsabili-della-riservatezza\/"},"wordCount":426,"image":{"@id":"https:\/\/exaudi.org\/it\/conclave-2025-giuramento-solenne-dei-responsabili-della-riservatezza\/#primaryimage"},"thumbnailUrl":"https:\/\/exaudi.org\/wp-content\/uploads\/2025\/05\/cq5dam.thumbnail.cropped.750.422-5.jpeg","keywords":["Chiesa cattolica","conclave","conclave 2025","conclave della riservatezza","elezione di un nuovo papa","giuramento del conclave","giuramento di segretezza conclave","Notizie dal Vaticano","Papa Francesco","preparativi del conclave","Santa Sede","Trending","ufficiali del conclave","Vaticano"],"articleSection":["Vaticano"],"inLanguage":"it-IT"},{"@type":"WebPage","@id":"https:\/\/exaudi.org\/it\/conclave-2025-giuramento-solenne-dei-responsabili-della-riservatezza\/","url":"https:\/\/exaudi.org\/it\/conclave-2025-giuramento-solenne-dei-responsabili-della-riservatezza\/","name":"Conclave 2025: giuramento solenne dei responsabili della riservatezza &#8211; Exaudi","isPartOf":{"@id":"https:\/\/exaudi.org\/#website"},"primaryImageOfPage":{"@id":"https:\/\/exaudi.org\/it\/conclave-2025-giuramento-solenne-dei-responsabili-della-riservatezza\/#primaryimage"},"image":{"@id":"https:\/\/exaudi.org\/it\/conclave-2025-giuramento-solenne-dei-responsabili-della-riservatezza\/#primaryimage"},"thumbnailUrl":"https:\/\/exaudi.org\/wp-content\/uploads\/2025\/05\/cq5dam.thumbnail.cropped.750.422-5.jpeg","datePublished":"2025-05-07T02:42:11+00:00","author":{"@id":"https:\/\/exaudi.org\/#\/schema\/person\/f5fc8f063065e38742da7afe15f25df7"},"breadcrumb":{"@id":"https:\/\/exaudi.org\/it\/conclave-2025-giuramento-solenne-dei-responsabili-della-riservatezza\/#breadcrumb"},"inLanguage":"it-IT","potentialAction":[{"@type":"ReadAction","target":["https:\/\/exaudi.org\/it\/conclave-2025-giuramento-solenne-dei-responsabili-della-riservatezza\/"]}]},{"@type":"ImageObject","inLanguage":"it-IT","@id":"https:\/\/exaudi.org\/it\/conclave-2025-giuramento-solenne-dei-responsabili-della-riservatezza\/#primaryimage","url":"https:\/\/exaudi.org\/wp-content\/uploads\/2025\/05\/cq5dam.thumbnail.cropped.750.422-5.jpeg","contentUrl":"https:\/\/exaudi.org\/wp-content\/uploads\/2025\/05\/cq5dam.thumbnail.cropped.750.422-5.jpeg","width":750,"height":422},{"@type":"BreadcrumbList","@id":"https:\/\/exaudi.org\/it\/conclave-2025-giuramento-solenne-dei-responsabili-della-riservatezza\/#breadcrumb","itemListElement":[{"@type":"ListItem","position":1,"name":"Portada","item":"https:\/\/exaudi.org\/it\/"},{"@type":"ListItem","position":2,"name":"Conclave 2025: giuramento solenne dei responsabili della riservatezza"}]},{"@type":"WebSite","@id":"https:\/\/exaudi.org\/#website","url":"https:\/\/exaudi.org\/","name":"Exaudi","description":"News","potentialAction":[{"@type":"SearchAction","target":{"@type":"EntryPoint","urlTemplate":"https:\/\/exaudi.org\/?s={search_term_string}"},"query-input":{"@type":"PropertyValueSpecification","valueRequired":true,"valueName":"search_term_string"}}],"inLanguage":"it-IT"},{"@type":"Person","@id":"https:\/\/exaudi.org\/#\/schema\/person\/f5fc8f063065e38742da7afe15f25df7","name":"Exaudi Redacci\u00f3n","image":{"@type":"ImageObject","inLanguage":"it-IT","@id":"https:\/\/secure.gravatar.com\/avatar\/fe0f6a059fb68d9b3e11bc5850dd4899b1c7492091a3cb6dd9b01b56ad828be2?s=96&d=mm&r=g","url":"https:\/\/secure.gravatar.com\/avatar\/fe0f6a059fb68d9b3e11bc5850dd4899b1c7492091a3cb6dd9b01b56ad828be2?s=96&d=mm&r=g","contentUrl":"https:\/\/secure.gravatar.com\/avatar\/fe0f6a059fb68d9b3e11bc5850dd4899b1c7492091a3cb6dd9b01b56ad828be2?s=96&d=mm&r=g","caption":"Exaudi Redacci\u00f3n"},"description":"\u00bfQu\u00e9 es Exaudi News? Exaudi News es un medio de comunicaci\u00f3n cat\u00f3lico internacional que informa, forma y transforma, diariamente en espa\u00f1ol, ingl\u00e9s e italiano. A trav\u00e9s de noticias, art\u00edculos de an\u00e1lisis y transmisiones en directo de los eventos del Papa, Exaudi busca fortalecer la unidad de los cristianos y contribuir a la evangelizaci\u00f3n del mundo, siempre guiados por la doctrina social de la Iglesia. Trabajamos para acercar la verdad y los valores cristianos a cada rinc\u00f3n del planeta. \u00a1Ay\u00fadanos a transformar el mundo con Exaudi! En Exaudi creemos que la evangelizaci\u00f3n y la informaci\u00f3n de calidad pueden cambiar vidas. Para continuar con nuestra misi\u00f3n y expandir nuestro alcance, necesitamos tu ayuda. Adem\u00e1s, buscamos personas comprometidas que deseen unirse a nuestro equipo. Con tu apoyo, lograremos llegar a m\u00e1s personas, difundir el mensaje de Cristo y reforzar la unidad de los cristianos. \u00bfTe unes a nuestra misi\u00f3n? Para m\u00e1s informaci\u00f3n sobre c\u00f3mo colaborar, visita Exaudi.org\/es o cont\u00e1ctanos directamente: info@exaudi.org Exaudi: Informa, forma y transforma.","sameAs":["https:\/\/www.facebook.com\/ExaudiNoticias\/","https:\/\/www.instagram.com\/exaudi_noticias\/","https:\/\/x.com\/Exaudi_noticias","https:\/\/www.youtube.com\/@exaudicatholicnews"],"url":"https:\/\/exaudi.org\/it\/author\/redaccionexaudi\/"}]}},"jetpack_featured_media_url":"https:\/\/exaudi.org\/wp-content\/uploads\/2025\/05\/cq5dam.thumbnail.cropped.750.422-5.jpeg","jetpack_shortlink":"https:\/\/wp.me\/pgKjF2-wAI","_links":{"self":[{"href":"https:\/\/exaudi.org\/it\/wp-json\/wp\/v2\/posts\/125284","targetHints":{"allow":["GET"]}}],"collection":[{"href":"https:\/\/exaudi.org\/it\/wp-json\/wp\/v2\/posts"}],"about":[{"href":"https:\/\/exaudi.org\/it\/wp-json\/wp\/v2\/types\/post"}],"author":[{"embeddable":true,"href":"https:\/\/exaudi.org\/it\/wp-json\/wp\/v2\/users\/15"}],"replies":[{"embeddable":true,"href":"https:\/\/exaudi.org\/it\/wp-json\/wp\/v2\/comments?post=125284"}],"version-history":[{"count":0,"href":"https:\/\/exaudi.org\/it\/wp-json\/wp\/v2\/posts\/125284\/revisions"}],"wp:featuredmedia":[{"embeddable":true,"href":"https:\/\/exaudi.org\/it\/wp-json\/wp\/v2\/media\/125238"}],"wp:attachment":[{"href":"https:\/\/exaudi.org\/it\/wp-json\/wp\/v2\/media?parent=125284"}],"wp:term":[{"taxonomy":"category","embeddable":true,"href":"https:\/\/exaudi.org\/it\/wp-json\/wp\/v2\/categories?post=125284"},{"taxonomy":"post_tag","embeddable":true,"href":"https:\/\/exaudi.org\/it\/wp-json\/wp\/v2\/tags?post=125284"}],"curies":[{"name":"wp","href":"https:\/\/api.w.org\/{rel}","templated":true}]}}