{"id":125072,"date":"2025-05-04T17:50:07","date_gmt":"2025-05-04T15:50:07","guid":{"rendered":"https:\/\/exaudi.org\/?p=125072"},"modified":"2025-05-04T17:50:07","modified_gmt":"2025-05-04T15:50:07","slug":"riflessione-del-vescovo-enrique-diaz-ti-lodero-signore-per-sempre-alleluia","status":"publish","type":"post","link":"https:\/\/exaudi.org\/it\/riflessione-del-vescovo-enrique-diaz-ti-lodero-signore-per-sempre-alleluia\/","title":{"rendered":"Riflessione del vescovo Enrique D\u00edaz: Ti loder\u00f2, Signore, per sempre. Alleluia"},"content":{"rendered":"<p>Il vescovo Enrique D\u00edaz D\u00edaz condivide con i lettori di Exaudi la sua riflessione sul <a href=\"https:\/\/www.dominicos.org\/predicacion\/homilia\/4-5-2025\/lecturas\/\">Vangelo di questa domenica, 4 maggio 2025<\/a>, intitolato: <em>&#8220;Ti loder\u00f2, Signore, per sempre. Alleluia&#8221;.<\/em><\/p>\n<p>***<\/p>\n<p>Atti degli Apostoli 5, 27-32. 40-41: &#8220;Di tutte queste cose siamo testimoni noi e lo Spirito Santo&#8221;<\/p>\n<p>Salmo 29: &#8220;Ti loder\u00f2, Signore, per sempre. Alleluia&#8221;<\/p>\n<p>Apocalisse 5:11-14: \u201cDegno \u00e8 l\u2019Agnello che \u00e8 stato immolato di ricevere potenza e ricchezza\u201d<\/p>\n<p>Giovanni 21:1-19: \u201cGes\u00f9 prese il pane e il pesce e li diede ai discepoli\u201d<\/p>\n<p>Oggi continua a risuonare l&#8217;immensa gioia che ci ha portato la domenica di Pasqua: &#8220;Il Signore \u00e8 qui! Il Signore \u00e8 in mezzo a noi!&#8221; Il Vangelo di questa domenica contiene un racconto eccezionale dell&#8217;apparizione di Ges\u00f9 agli apostoli presso il mare di Galilea. Tutto inizia di notte, con un Pedro irrequieto che non riesce a restare passivo e che presto chiama i suoi compagni per risolvere i problemi economici quotidiani. E inizia facendo ci\u00f2 che sa fare meglio: pescare. Conosce a memoria il Mar di Galilea, i luoghi speciali e i momenti opportuni. Possiede l&#8217;incrollabile costanza di chi<br \/>\nha fatto della pesca la sua professione. Ma questa \u00e8 stata una notte di fallimenti e di sforzi sprecati: &#8220;Non ha preso nulla&#8221;. Inizia l&#8217;alba e mentre per alcuni la giornata finisce, per Pedro e i suoi compagni cominciano le benedizioni. \u201cUno sconosciuto\u201d mette in discussione il loro lavoro e chiede loro di gettare le reti in modo sconsiderato, come se non conoscessero il loro lago! E avviene un miracolo. Miracolo della Resurrezione: Quando tutto sembra un fallimento, inutile, quando stiamo per arrenderci\u2026 Cristo viene al nostro fianco e con la sua parola e nel suo nome, tutte le cose cambiano. S\u00ec, possiamo e dobbiamo fare del nostro meglio, ma dobbiamo sempre farlo nel suo nome e con la sua parola. Il Signore \u00e8 molto vicino a noi, anche se non siamo capaci di riconoscerlo. Quando passiamo dalle tenebre alla luce, il Signore ci accompagna; Quando camminiamo in mezzo alle difficolt\u00e0 e quando viviamo con gioia, il Signore \u00e8 anche con noi&#8230; anche se sembra uno sconosciuto, \u00e8 l\u00ec per amarci, per incoraggiarci, per riempirci di speranza.<\/p>\n<p>Ges\u00f9 accoglie con semplicit\u00e0 e amore quei pescatori che erano sull\u2019orlo del fallimento. Il loro benvenuto \u00e8 un pesce e una pagnotta di pane. Abbastanza per rianimare gli affamati, abbastanza per accendere il dialogo e condividere i dolori. La brace viene accesa affinch\u00e9 i pesci, appena pescati, completino il nutrimento necessario. Carboni ardenti, pesci e pane\u2026 segni di attesa, segni di fiducia e di amicizia che Ges\u00f9 offre ai suoi discepoli. Nessun rimprovero per l&#8217;abbandono, nessun rimprovero per la fuga, nessun commento che ferisce o infastidisce. Sono la brace, il pesce e il pane che creano quell&#8217;atmosfera di intimit\u00e0, l&#8217;Eucaristia, un&#8217;atmosfera di perdono gratuito e incondizionato. Quando Ges\u00f9 prese il pane e lo diede loro insieme al pesce, essi devono essersi ricordati dell&#8217;ultima cena che avevano celebrato con il Maestro e del racconto che avevano ascoltato dai due discepoli sulla strada di Emmaus. Ora tocca a loro riconoscerlo quando spezzano il pane. Da allora in poi avrebbero sempre confidato nel Signore e nel suo nome avrebbero sempre condiviso il pane della parola, il pane della vita, il pane della speranza.<\/p>\n<p>Ma Ges\u00f9 ha ancora altre sorprese in questa apparizione. Si rivolge a Peter e gli chiede del suo amore. Ma con le sue parole, Ges\u00f9 le sta dicendo: &#8220;Ti amo. Mi hai rinnegato tre volte, ma il mio amore \u00e8 pi\u00f9 grande del tuo tradimento&#8221;. Ora Pietro pu\u00f2 comprendere che il suo amore pu\u00f2 contare solo sull&#8217;amore di Ges\u00f9 e non su se stesso. Durante l&#8217;Ultima Cena, os\u00f2 travestirsi da eroe: &#8220;Anche se tutti ti tradissero, io non lo far\u00f2 mai. Dar\u00f2 la mia vita per te&#8221;. Non \u00e8 vero, Pedro. Pensi di amarmi, ma non \u00e8 cos\u00ec. Ami il tuo egoismo e la tua apparente generosit\u00e0. Vuoi dimostrarti che mi ami, ma non ho bisogno di prove. Il mio amore per te \u00e8 fedele. Ora, con queste domande, Pietro comincia a comprendere veramente cosa significhi per Cristo amarlo, perdonarlo e ristabilirlo. \u201cTu sai tutto. Posso amarti solo perch\u00e9 Tu sei stato fedele, perch\u00e9 sostieni il mio amore. E non potr\u00f2 seguirti o essere fedele se non trovo in Te ogni giorno la fonte del mio amore.\u201d Domande amorevoli di Ges\u00f9 che toccano nel profondo Pietro, che guariscono la sua vergogna, che lo sollevano e gli affidano i suoi tesori pi\u00f9 cari: \u00abPasci i miei agnelli, pasci le mie pecore\u00bb. Domande incisive anche per ognuno di noi che cerca risposte coerenti e impegnate, risposte interiori, risposte sincere: \u201cX, mi ami veramente?\u201d<\/p>\n<p>Oggi ci chiede anche se lo amiamo veramente. Meditiamo sulla nostra risposta e consideriamo le nostre azioni e il nostro amore per i fratelli e le sorelle, specialmente quelli pi\u00f9 bisognosi. Allora possiamo dire a Ges\u00f9: &#8220;<em>Signore, tu sai tutto; tu sai benissimo che ti amo&#8221;<\/em>. La nostra risposta consiste nell&#8217;essere coerenti con il Vangelo sia nella nostra vita interiore che in quella esteriore. Un vero cristiano non pu\u00f2 accontentarsi di una devozione silenziosa e indifferente di fronte alle gravi ingiustizie della nostra societ\u00e0. Deve essere un cristiano che, nel suo ambiente e nei suoi dintorni, cerca la verit\u00e0, la giustizia e la vera pace. L&#8217;amore per Cristo si manifesta nell&#8217;amore per il prossimo.Ges\u00f9 ci chiede coerenza.<\/p>\n<p>Dobbiamo rispondere a una grande domanda con la nostra vita: in che modo il mio amore e la mia fede in Ges\u00f9 influenzano la mia vita quotidiana, sociale, familiare e politica? Contempliamo Ges\u00f9 Risorto e sperimentiamo la sua presenza, che si manifesta oggi a noi in tre segni molto concreti: 1\u00b0 Ci riscatta dai nostri fallimenti; 2\u00b0 Condivide il cibo con noi, insegnandoci che il pane e il pesce condivisi danno vita e rafforzano la comunit\u00e0; e 3\u00b0 Esige che il suo amore si realizzi nell&#8217;amore verso i fratelli. La sua domanda continua a riecheggiare nei nostri cuori e nelle nostre orecchie: \u00abMi ami pi\u00f9 di costoro?\u00bb<\/p>\n<p>Signore, che hai rinnovato il nostro spirito restituendoci la dignit\u00e0 di tuoi figli, concedici di costruire, pieni di gioia e di speranza, il Regno del tuo Figlio e di attendere il giorno glorioso della risurrezione. Amen.<\/p>\n","protected":false},"excerpt":{"rendered":"<p>Terza domenica di Pasqua<\/p>\n","protected":false},"author":25,"featured_media":125050,"comment_status":"closed","ping_status":"closed","sticky":false,"template":"","format":"standard","meta":{"_acf_changed":false,"_crdt_document":"","inline_featured_image":false,"footnotes":""},"categories":[73,95],"tags":[10963,10964,4952,706],"class_list":["post-125072","post","type-post","status-publish","format-standard","has-post-thumbnail","hentry","category-chiesa-e-mondo","category-spiritualita","tag-enrique-diaz-2","tag-riflessione","tag-trending-it","tag-vangelo"],"acf":[],"yoast_head":"<!-- This site is optimized with the Yoast SEO plugin v27.5 - https:\/\/yoast.com\/product\/yoast-seo-wordpress\/ -->\n<title>Riflessione del vescovo Enrique D\u00edaz: Ti loder\u00f2, Signore, per sempre. Alleluia &#8211; Exaudi<\/title>\n<meta name=\"robots\" content=\"index, follow, max-snippet:-1, max-image-preview:large, max-video-preview:-1\" \/>\n<link rel=\"canonical\" href=\"https:\/\/exaudi.org\/it\/riflessione-del-vescovo-enrique-diaz-ti-lodero-signore-per-sempre-alleluia\/\" \/>\n<meta property=\"og:locale\" content=\"it_IT\" \/>\n<meta property=\"og:type\" content=\"article\" \/>\n<meta property=\"og:title\" content=\"Riflessione del vescovo Enrique D\u00edaz: Ti loder\u00f2, Signore, per sempre. Alleluia &#8211; Exaudi\" \/>\n<meta property=\"og:description\" content=\"Terza domenica di Pasqua\" \/>\n<meta property=\"og:url\" content=\"https:\/\/exaudi.org\/it\/riflessione-del-vescovo-enrique-diaz-ti-lodero-signore-per-sempre-alleluia\/\" \/>\n<meta property=\"og:site_name\" content=\"Exaudi\" \/>\n<meta property=\"article:publisher\" content=\"https:\/\/www.facebook.com\/ExaudiNews\" \/>\n<meta property=\"article:published_time\" content=\"2025-05-04T15:50:07+00:00\" \/>\n<meta property=\"og:image\" content=\"https:\/\/exaudi.org\/wp-content\/uploads\/2025\/05\/fishing-3062034_1280.jpg\" \/>\n\t<meta property=\"og:image:width\" content=\"1280\" \/>\n\t<meta property=\"og:image:height\" content=\"854\" \/>\n\t<meta property=\"og:image:type\" content=\"image\/jpeg\" \/>\n<meta name=\"author\" content=\"Enrique D\u00edaz\" \/>\n<meta name=\"twitter:card\" content=\"summary_large_image\" \/>\n<meta name=\"twitter:creator\" content=\"@Exaudi_News\" \/>\n<meta name=\"twitter:site\" content=\"@Exaudi_News\" \/>\n<meta name=\"twitter:label1\" content=\"Scritto da\" \/>\n\t<meta name=\"twitter:data1\" content=\"Enrique D\u00edaz\" \/>\n\t<meta name=\"twitter:label2\" content=\"Tempo di lettura stimato\" \/>\n\t<meta name=\"twitter:data2\" content=\"5 minuti\" \/>\n<script type=\"application\/ld+json\" class=\"yoast-schema-graph\">{\"@context\":\"https:\\\/\\\/schema.org\",\"@graph\":[{\"@type\":\"Article\",\"@id\":\"https:\\\/\\\/exaudi.org\\\/it\\\/riflessione-del-vescovo-enrique-diaz-ti-lodero-signore-per-sempre-alleluia\\\/#article\",\"isPartOf\":{\"@id\":\"https:\\\/\\\/exaudi.org\\\/it\\\/riflessione-del-vescovo-enrique-diaz-ti-lodero-signore-per-sempre-alleluia\\\/\"},\"author\":{\"name\":\"Enrique D\u00edaz\",\"@id\":\"https:\\\/\\\/exaudi.org\\\/#\\\/schema\\\/person\\\/c02ffbd10830fa375f6882f7dcf1844d\"},\"headline\":\"Riflessione del vescovo Enrique D\u00edaz: Ti loder\u00f2, Signore, per sempre. Alleluia\",\"datePublished\":\"2025-05-04T15:50:07+00:00\",\"mainEntityOfPage\":{\"@id\":\"https:\\\/\\\/exaudi.org\\\/it\\\/riflessione-del-vescovo-enrique-diaz-ti-lodero-signore-per-sempre-alleluia\\\/\"},\"wordCount\":1041,\"image\":{\"@id\":\"https:\\\/\\\/exaudi.org\\\/it\\\/riflessione-del-vescovo-enrique-diaz-ti-lodero-signore-per-sempre-alleluia\\\/#primaryimage\"},\"thumbnailUrl\":\"https:\\\/\\\/exaudi.org\\\/wp-content\\\/uploads\\\/2025\\\/05\\\/fishing-3062034_1280.jpg\",\"keywords\":[\"ENRIQUE D\u00cdAZ\",\"RIFLESSIONE\",\"Trending\",\"Vangelo\"],\"articleSection\":[\"Chiesa e Mondo\",\"Spiritualit\u00e0\"],\"inLanguage\":\"it-IT\"},{\"@type\":\"WebPage\",\"@id\":\"https:\\\/\\\/exaudi.org\\\/it\\\/riflessione-del-vescovo-enrique-diaz-ti-lodero-signore-per-sempre-alleluia\\\/\",\"url\":\"https:\\\/\\\/exaudi.org\\\/it\\\/riflessione-del-vescovo-enrique-diaz-ti-lodero-signore-per-sempre-alleluia\\\/\",\"name\":\"Riflessione del vescovo Enrique D\u00edaz: Ti loder\u00f2, Signore, per sempre. Alleluia &#8211; Exaudi\",\"isPartOf\":{\"@id\":\"https:\\\/\\\/exaudi.org\\\/#website\"},\"primaryImageOfPage\":{\"@id\":\"https:\\\/\\\/exaudi.org\\\/it\\\/riflessione-del-vescovo-enrique-diaz-ti-lodero-signore-per-sempre-alleluia\\\/#primaryimage\"},\"image\":{\"@id\":\"https:\\\/\\\/exaudi.org\\\/it\\\/riflessione-del-vescovo-enrique-diaz-ti-lodero-signore-per-sempre-alleluia\\\/#primaryimage\"},\"thumbnailUrl\":\"https:\\\/\\\/exaudi.org\\\/wp-content\\\/uploads\\\/2025\\\/05\\\/fishing-3062034_1280.jpg\",\"datePublished\":\"2025-05-04T15:50:07+00:00\",\"author\":{\"@id\":\"https:\\\/\\\/exaudi.org\\\/#\\\/schema\\\/person\\\/c02ffbd10830fa375f6882f7dcf1844d\"},\"breadcrumb\":{\"@id\":\"https:\\\/\\\/exaudi.org\\\/it\\\/riflessione-del-vescovo-enrique-diaz-ti-lodero-signore-per-sempre-alleluia\\\/#breadcrumb\"},\"inLanguage\":\"it-IT\",\"potentialAction\":[{\"@type\":\"ReadAction\",\"target\":[\"https:\\\/\\\/exaudi.org\\\/it\\\/riflessione-del-vescovo-enrique-diaz-ti-lodero-signore-per-sempre-alleluia\\\/\"]}]},{\"@type\":\"ImageObject\",\"inLanguage\":\"it-IT\",\"@id\":\"https:\\\/\\\/exaudi.org\\\/it\\\/riflessione-del-vescovo-enrique-diaz-ti-lodero-signore-per-sempre-alleluia\\\/#primaryimage\",\"url\":\"https:\\\/\\\/exaudi.org\\\/wp-content\\\/uploads\\\/2025\\\/05\\\/fishing-3062034_1280.jpg\",\"contentUrl\":\"https:\\\/\\\/exaudi.org\\\/wp-content\\\/uploads\\\/2025\\\/05\\\/fishing-3062034_1280.jpg\",\"width\":1280,\"height\":854,\"caption\":\"Pixabay\"},{\"@type\":\"BreadcrumbList\",\"@id\":\"https:\\\/\\\/exaudi.org\\\/it\\\/riflessione-del-vescovo-enrique-diaz-ti-lodero-signore-per-sempre-alleluia\\\/#breadcrumb\",\"itemListElement\":[{\"@type\":\"ListItem\",\"position\":1,\"name\":\"Portada\",\"item\":\"https:\\\/\\\/exaudi.org\\\/it\\\/\"},{\"@type\":\"ListItem\",\"position\":2,\"name\":\"Riflessione del vescovo Enrique D\u00edaz: Ti loder\u00f2, Signore, per sempre. Alleluia\"}]},{\"@type\":\"WebSite\",\"@id\":\"https:\\\/\\\/exaudi.org\\\/#website\",\"url\":\"https:\\\/\\\/exaudi.org\\\/\",\"name\":\"Exaudi\",\"description\":\"News\",\"potentialAction\":[{\"@type\":\"SearchAction\",\"target\":{\"@type\":\"EntryPoint\",\"urlTemplate\":\"https:\\\/\\\/exaudi.org\\\/?s={search_term_string}\"},\"query-input\":{\"@type\":\"PropertyValueSpecification\",\"valueRequired\":true,\"valueName\":\"search_term_string\"}}],\"inLanguage\":\"it-IT\"},{\"@type\":\"Person\",\"@id\":\"https:\\\/\\\/exaudi.org\\\/#\\\/schema\\\/person\\\/c02ffbd10830fa375f6882f7dcf1844d\",\"name\":\"Enrique D\u00edaz\",\"image\":{\"@type\":\"ImageObject\",\"inLanguage\":\"it-IT\",\"@id\":\"https:\\\/\\\/secure.gravatar.com\\\/avatar\\\/7ca10be5325a95d04b74082d68ba605aa69611eb0f68f47096cb1bc349873284?s=96&d=mm&r=g\",\"url\":\"https:\\\/\\\/secure.gravatar.com\\\/avatar\\\/7ca10be5325a95d04b74082d68ba605aa69611eb0f68f47096cb1bc349873284?s=96&d=mm&r=g\",\"contentUrl\":\"https:\\\/\\\/secure.gravatar.com\\\/avatar\\\/7ca10be5325a95d04b74082d68ba605aa69611eb0f68f47096cb1bc349873284?s=96&d=mm&r=g\",\"caption\":\"Enrique D\u00edaz\"},\"description\":\"Naci\u00f3 en Huandacareo, Michoac\u00e1n, M\u00e9xico, en 1952. Realiz\u00f3 sus estudios de Filosof\u00eda y Teolog\u00eda en el Seminario de Morelia. Ordenado di\u00e1cono el 22 de mayo de 1977, y presb\u00edtero el 23 de octubre del mismo a\u00f1o. Obtuvo la Licenciatura en Sagrada Escritura en el Pontificio Instituto B\u00edblico en Roma. Ha desarrollado m\u00faltiples encargos pastorales como el de capell\u00e1n de la rector\u00eda de las Tres Aves Mar\u00edas; responsable de la Pastoral B\u00edblica Diocesana y director de la Escuela B\u00edblica en Morelia; maestro de Biblia en el Seminario Conciliar de Morelia, p\u00e1rroco de la Parroquia de Nuestra Se\u00f1ora de Guadalupe, Col. Guadalupe, Morelia; o vicario episcopal para la Zona de Nuestra Se\u00f1ora de la Luz, P\u00e1tzcuaro. Ordenado obispo auxiliar de san Crist\u00f3bal de las Casas en 2003. En la Conferencia Episcopal form\u00f3 parte de las Comisiones de Biblia, Diaconado y Ministerios Laicales. Fue responsable de las Dimensiones de Ministerios Laicales, de Educaci\u00f3n y Cultura. Ha participado en encuentros latinoamericanos y mundiales sobre el Diaconado Permanente. Actualmente es el responsable de la Dimensi\u00f3n de Pastoral de la Cultura. Particip\u00f3 como Miembro del S\u00ednodo de Obispos sobre la Palabra de Dios en la Vida y Misi\u00f3n de la Iglesia en Roma, en 2008. Recibi\u00f3 el nombramiento de obispo coadjutor de San Crist\u00f3bal de las Casas en 2014. Nombrado II obispo de Irapuato el d\u00eda 11 de marzo, tom\u00f3 posesi\u00f3n el 19 de Mayo. Colabora en varias revistas y publicaciones sobre todo con la reflexi\u00f3n diaria y dominical tanto en audio como escrita.\",\"url\":\"https:\\\/\\\/exaudi.org\\\/it\\\/author\\\/enriquediaz\\\/\"}]}<\/script>\n<!-- \/ Yoast SEO plugin. -->","yoast_head_json":{"title":"Riflessione del vescovo Enrique D\u00edaz: Ti loder\u00f2, Signore, per sempre. Alleluia &#8211; Exaudi","robots":{"index":"index","follow":"follow","max-snippet":"max-snippet:-1","max-image-preview":"max-image-preview:large","max-video-preview":"max-video-preview:-1"},"canonical":"https:\/\/exaudi.org\/it\/riflessione-del-vescovo-enrique-diaz-ti-lodero-signore-per-sempre-alleluia\/","og_locale":"it_IT","og_type":"article","og_title":"Riflessione del vescovo Enrique D\u00edaz: Ti loder\u00f2, Signore, per sempre. Alleluia &#8211; Exaudi","og_description":"Terza domenica di Pasqua","og_url":"https:\/\/exaudi.org\/it\/riflessione-del-vescovo-enrique-diaz-ti-lodero-signore-per-sempre-alleluia\/","og_site_name":"Exaudi","article_publisher":"https:\/\/www.facebook.com\/ExaudiNews","article_published_time":"2025-05-04T15:50:07+00:00","og_image":[{"width":1280,"height":854,"url":"https:\/\/exaudi.org\/wp-content\/uploads\/2025\/05\/fishing-3062034_1280.jpg","type":"image\/jpeg"}],"author":"Enrique D\u00edaz","twitter_card":"summary_large_image","twitter_creator":"@Exaudi_News","twitter_site":"@Exaudi_News","twitter_misc":{"Scritto da":"Enrique D\u00edaz","Tempo di lettura stimato":"5 minuti"},"schema":{"@context":"https:\/\/schema.org","@graph":[{"@type":"Article","@id":"https:\/\/exaudi.org\/it\/riflessione-del-vescovo-enrique-diaz-ti-lodero-signore-per-sempre-alleluia\/#article","isPartOf":{"@id":"https:\/\/exaudi.org\/it\/riflessione-del-vescovo-enrique-diaz-ti-lodero-signore-per-sempre-alleluia\/"},"author":{"name":"Enrique D\u00edaz","@id":"https:\/\/exaudi.org\/#\/schema\/person\/c02ffbd10830fa375f6882f7dcf1844d"},"headline":"Riflessione del vescovo Enrique D\u00edaz: Ti loder\u00f2, Signore, per sempre. Alleluia","datePublished":"2025-05-04T15:50:07+00:00","mainEntityOfPage":{"@id":"https:\/\/exaudi.org\/it\/riflessione-del-vescovo-enrique-diaz-ti-lodero-signore-per-sempre-alleluia\/"},"wordCount":1041,"image":{"@id":"https:\/\/exaudi.org\/it\/riflessione-del-vescovo-enrique-diaz-ti-lodero-signore-per-sempre-alleluia\/#primaryimage"},"thumbnailUrl":"https:\/\/exaudi.org\/wp-content\/uploads\/2025\/05\/fishing-3062034_1280.jpg","keywords":["ENRIQUE D\u00cdAZ","RIFLESSIONE","Trending","Vangelo"],"articleSection":["Chiesa e Mondo","Spiritualit\u00e0"],"inLanguage":"it-IT"},{"@type":"WebPage","@id":"https:\/\/exaudi.org\/it\/riflessione-del-vescovo-enrique-diaz-ti-lodero-signore-per-sempre-alleluia\/","url":"https:\/\/exaudi.org\/it\/riflessione-del-vescovo-enrique-diaz-ti-lodero-signore-per-sempre-alleluia\/","name":"Riflessione del vescovo Enrique D\u00edaz: Ti loder\u00f2, Signore, per sempre. Alleluia &#8211; Exaudi","isPartOf":{"@id":"https:\/\/exaudi.org\/#website"},"primaryImageOfPage":{"@id":"https:\/\/exaudi.org\/it\/riflessione-del-vescovo-enrique-diaz-ti-lodero-signore-per-sempre-alleluia\/#primaryimage"},"image":{"@id":"https:\/\/exaudi.org\/it\/riflessione-del-vescovo-enrique-diaz-ti-lodero-signore-per-sempre-alleluia\/#primaryimage"},"thumbnailUrl":"https:\/\/exaudi.org\/wp-content\/uploads\/2025\/05\/fishing-3062034_1280.jpg","datePublished":"2025-05-04T15:50:07+00:00","author":{"@id":"https:\/\/exaudi.org\/#\/schema\/person\/c02ffbd10830fa375f6882f7dcf1844d"},"breadcrumb":{"@id":"https:\/\/exaudi.org\/it\/riflessione-del-vescovo-enrique-diaz-ti-lodero-signore-per-sempre-alleluia\/#breadcrumb"},"inLanguage":"it-IT","potentialAction":[{"@type":"ReadAction","target":["https:\/\/exaudi.org\/it\/riflessione-del-vescovo-enrique-diaz-ti-lodero-signore-per-sempre-alleluia\/"]}]},{"@type":"ImageObject","inLanguage":"it-IT","@id":"https:\/\/exaudi.org\/it\/riflessione-del-vescovo-enrique-diaz-ti-lodero-signore-per-sempre-alleluia\/#primaryimage","url":"https:\/\/exaudi.org\/wp-content\/uploads\/2025\/05\/fishing-3062034_1280.jpg","contentUrl":"https:\/\/exaudi.org\/wp-content\/uploads\/2025\/05\/fishing-3062034_1280.jpg","width":1280,"height":854,"caption":"Pixabay"},{"@type":"BreadcrumbList","@id":"https:\/\/exaudi.org\/it\/riflessione-del-vescovo-enrique-diaz-ti-lodero-signore-per-sempre-alleluia\/#breadcrumb","itemListElement":[{"@type":"ListItem","position":1,"name":"Portada","item":"https:\/\/exaudi.org\/it\/"},{"@type":"ListItem","position":2,"name":"Riflessione del vescovo Enrique D\u00edaz: Ti loder\u00f2, Signore, per sempre. Alleluia"}]},{"@type":"WebSite","@id":"https:\/\/exaudi.org\/#website","url":"https:\/\/exaudi.org\/","name":"Exaudi","description":"News","potentialAction":[{"@type":"SearchAction","target":{"@type":"EntryPoint","urlTemplate":"https:\/\/exaudi.org\/?s={search_term_string}"},"query-input":{"@type":"PropertyValueSpecification","valueRequired":true,"valueName":"search_term_string"}}],"inLanguage":"it-IT"},{"@type":"Person","@id":"https:\/\/exaudi.org\/#\/schema\/person\/c02ffbd10830fa375f6882f7dcf1844d","name":"Enrique D\u00edaz","image":{"@type":"ImageObject","inLanguage":"it-IT","@id":"https:\/\/secure.gravatar.com\/avatar\/7ca10be5325a95d04b74082d68ba605aa69611eb0f68f47096cb1bc349873284?s=96&d=mm&r=g","url":"https:\/\/secure.gravatar.com\/avatar\/7ca10be5325a95d04b74082d68ba605aa69611eb0f68f47096cb1bc349873284?s=96&d=mm&r=g","contentUrl":"https:\/\/secure.gravatar.com\/avatar\/7ca10be5325a95d04b74082d68ba605aa69611eb0f68f47096cb1bc349873284?s=96&d=mm&r=g","caption":"Enrique D\u00edaz"},"description":"Naci\u00f3 en Huandacareo, Michoac\u00e1n, M\u00e9xico, en 1952. Realiz\u00f3 sus estudios de Filosof\u00eda y Teolog\u00eda en el Seminario de Morelia. Ordenado di\u00e1cono el 22 de mayo de 1977, y presb\u00edtero el 23 de octubre del mismo a\u00f1o. Obtuvo la Licenciatura en Sagrada Escritura en el Pontificio Instituto B\u00edblico en Roma. Ha desarrollado m\u00faltiples encargos pastorales como el de capell\u00e1n de la rector\u00eda de las Tres Aves Mar\u00edas; responsable de la Pastoral B\u00edblica Diocesana y director de la Escuela B\u00edblica en Morelia; maestro de Biblia en el Seminario Conciliar de Morelia, p\u00e1rroco de la Parroquia de Nuestra Se\u00f1ora de Guadalupe, Col. Guadalupe, Morelia; o vicario episcopal para la Zona de Nuestra Se\u00f1ora de la Luz, P\u00e1tzcuaro. Ordenado obispo auxiliar de san Crist\u00f3bal de las Casas en 2003. En la Conferencia Episcopal form\u00f3 parte de las Comisiones de Biblia, Diaconado y Ministerios Laicales. Fue responsable de las Dimensiones de Ministerios Laicales, de Educaci\u00f3n y Cultura. Ha participado en encuentros latinoamericanos y mundiales sobre el Diaconado Permanente. Actualmente es el responsable de la Dimensi\u00f3n de Pastoral de la Cultura. Particip\u00f3 como Miembro del S\u00ednodo de Obispos sobre la Palabra de Dios en la Vida y Misi\u00f3n de la Iglesia en Roma, en 2008. Recibi\u00f3 el nombramiento de obispo coadjutor de San Crist\u00f3bal de las Casas en 2014. Nombrado II obispo de Irapuato el d\u00eda 11 de marzo, tom\u00f3 posesi\u00f3n el 19 de Mayo. Colabora en varias revistas y publicaciones sobre todo con la reflexi\u00f3n diaria y dominical tanto en audio como escrita.","url":"https:\/\/exaudi.org\/it\/author\/enriquediaz\/"}]}},"jetpack_featured_media_url":"https:\/\/exaudi.org\/wp-content\/uploads\/2025\/05\/fishing-3062034_1280.jpg","jetpack_shortlink":"https:\/\/wp.me\/pgKjF2-wxi","_links":{"self":[{"href":"https:\/\/exaudi.org\/it\/wp-json\/wp\/v2\/posts\/125072","targetHints":{"allow":["GET"]}}],"collection":[{"href":"https:\/\/exaudi.org\/it\/wp-json\/wp\/v2\/posts"}],"about":[{"href":"https:\/\/exaudi.org\/it\/wp-json\/wp\/v2\/types\/post"}],"author":[{"embeddable":true,"href":"https:\/\/exaudi.org\/it\/wp-json\/wp\/v2\/users\/25"}],"replies":[{"embeddable":true,"href":"https:\/\/exaudi.org\/it\/wp-json\/wp\/v2\/comments?post=125072"}],"version-history":[{"count":0,"href":"https:\/\/exaudi.org\/it\/wp-json\/wp\/v2\/posts\/125072\/revisions"}],"wp:featuredmedia":[{"embeddable":true,"href":"https:\/\/exaudi.org\/it\/wp-json\/wp\/v2\/media\/125050"}],"wp:attachment":[{"href":"https:\/\/exaudi.org\/it\/wp-json\/wp\/v2\/media?parent=125072"}],"wp:term":[{"taxonomy":"category","embeddable":true,"href":"https:\/\/exaudi.org\/it\/wp-json\/wp\/v2\/categories?post=125072"},{"taxonomy":"post_tag","embeddable":true,"href":"https:\/\/exaudi.org\/it\/wp-json\/wp\/v2\/tags?post=125072"}],"curies":[{"name":"wp","href":"https:\/\/api.w.org\/{rel}","templated":true}]}}