{"id":125006,"date":"2025-05-02T18:13:29","date_gmt":"2025-05-02T16:13:29","guid":{"rendered":"https:\/\/exaudi.org\/?p=125006"},"modified":"2025-05-02T18:13:29","modified_gmt":"2025-05-02T16:13:29","slug":"in-difesa-della-chiesa","status":"publish","type":"post","link":"https:\/\/exaudi.org\/it\/in-difesa-della-chiesa\/","title":{"rendered":"In difesa della Chiesa"},"content":{"rendered":"<p>Nel mondo odierno, che \u00e8 un mondo passionale, la dittatura del relativismo, del pensiero postmoderno, della post-verit\u00e0, ecc., ha una forte eco. Per molti la verit\u00e0 \u00e8 svalutata. \u00c8 quindi comprensibile che molte ideologie si basino solitamente sulla falsit\u00e0 e sulla menzogna. Pertanto i loro \u201cprogrammi di informazione\u201d sono in realt\u00e0 semplici mezzi di manipolazione.<\/p>\n<p>Ogni giorno ci imbattiamo in correnti ideologiche influenti in molti luoghi del mondo che possiedono le seguenti cinque propriet\u00e0. In primo luogo, per loro l&#8217;unica cosa che conta \u00e8 ci\u00f2 che dice il loro gruppo, e solo perch\u00e9 lo hanno detto, indipendentemente dal fatto che ci\u00f2 che hanno detto sia vero o buono o no. In secondo luogo, sono fortemente contrari ad alcuni importanti principi etici. Molti di loro promuovono la cultura della morte e, in particolare, l&#8217;aborto indotto. Non di rado mancano di principi religiosi o teistici. In terzo luogo, hanno una grande influenza sul potere, sulla politica, sull&#8217;economia e sul giornalismo. Ci\u00f2 consente loro di manipolare: di non rispettare n\u00e9 la verit\u00e0 n\u00e9 la bont\u00e0. In quarto luogo, per avere successo si affidano all&#8217;imposizione, alla pressione, alla forza, alle molestie e al rovesciamento dell&#8217;avversario, alla demagogia e alla paganizzazione, ecc., invece che alla verit\u00e0 e alla bont\u00e0. In quinto luogo, a volte, come nelle promesse elettorali, ricorrono alla menzogna.<\/p>\n<p>La dottrina cristiana, in netto contrasto con questa, \u00e8 al servizio della verit\u00e0 e del bene. La religione cattolica possiede la pienezza della verit\u00e0 morale. La Chiesa cattolica \u00e8 il principale difensore della vita. Per questo motivo, ad esempio, condanno l&#8217;aborto indotto.<\/p>\n<p>Non sorprende, quindi, che alcune di queste ideologie siano in conflitto con la Chiesa. Vestiti da pecore, la attaccano non per ragioni di verit\u00e0 e di bene, ma perch\u00e9 lei, a differenza loro, difende la verit\u00e0, la moralit\u00e0 e il diritto alla vita.<\/p>\n<p>Con i loro attacchi, mirano a fare della Chiesa stessa l&#8217;imputata principale, anzich\u00e9 denunciare specificamente i cattolici che hanno commesso crimini, cosa che non sarebbe sufficiente. In questo grande processo contro la Chiesa, ci\u00f2 che vogliono ottenere \u00e8 far credere alla gente che essa e la religione cattolica siano i luoghi pi\u00f9 importanti in cui si verificano molti gravi mali. Le loro critiche sono ingiuste e illogiche, poich\u00e9 sono puramente negative e non sono disposte ad accettare che ci sia qualcosa di positivo nella Chiesa. Non possono affermare che se pochi hanno commesso dei crimini allora tutti hanno commesso dei crimini, perch\u00e9 ci\u00f2 rivelerebbe la falsit\u00e0 della loro affermazione. Ma poi adottano una tattica che provoca molti danni: il sospetto. Hanno l&#8217;audacia di diffondere il sospetto che il male sia molto pi\u00f9 diffuso e diffuso di quanto non sia in realt\u00e0. In questo modo, l&#8217;attrattiva e l&#8217;interesse della Chiesa non vengono percepiti e la gente non corre dietro ai suoi profumi, dietro al buon odore di Cristo. Inoltre, la Chiesa viene screditata e rifiutata. A questo si aggiunge il fatto che alcuni pensano che la fede soprannaturale sia un&#8217;aggiunta strana ed estranea alla condizione umana. Ci\u00f2 porta molte persone ingenue e prive di spirito critico a vivere fuori dalla Chiesa.<\/p>\n<p>Ma questa persecuzione anticlericale \u00e8 molto curiosa. Beh, le probabilit\u00e0 che le cose vadano come vorrebbero non sono alte.<\/p>\n<p>In effetti: la realt\u00e0 \u00e8 che Cristo predicava la moralit\u00e0 pi\u00f9 pura. La religione cattolica \u00e8 la verit\u00e0. Chi si lascia plasmare dalla fede \u00e8 un santo. Tutti riconoscono la grandezza di santi come Santa Teresa di Calcutta, che sono solo frutti della Chiesa cattolica. Il vero volto della Chiesa sono i santi. Inoltre, Cristo, santissimo, Dio-Uomo, Salvatore del mondo, \u00e8 il fondatore e il capo della Chiesa, che \u00e8 il suo Corpo e la sua Sposa. Lo Spirito Santo \u00e8 l&#8217;anima della Chiesa. Pertanto la santa Chiesa non \u00e8 separabile dagli infiniti splendori della divinit\u00e0. E Cristo, asceso al cielo, ha lasciato la Chiesa come continuatrice della sua opera di salvezza. L&#8217;uomo, quindi, trova in ultima analisi il suo bene e la sua perfezione nella religione cattolica e nella Chiesa. Basta guardare il mondo per vedere che la Chiesa \u00e8 una sorgente in mezzo al deserto.<\/p>\n<p>Inoltre, la storia dimostra che il miglior umanesimo teocentrico, cio\u00e8 il cristianesimo, ha reso la societ\u00e0 pi\u00f9 umana fin dalle sue origini.<\/p>\n<p>Anche tra molti cattolici meno ferventi, vengono preservati pi\u00f9 principi etici e una buona morale che in molti altri esseri umani. Perch\u00e9, nonostante abbiano abbassato un po&#8217; l&#8217;altezza di quella religione, risulta che, poich\u00e9 detta altezza \u00e8 molto alta, hanno ancora molto da lasciare in eredit\u00e0. Inoltre, se un cristiano agisce in modo sbagliato, non lo fa perch\u00e9 \u00e8 cristiano, ma perch\u00e9 non \u00e8 cristiano sotto questo aspetto, cio\u00e8 perch\u00e9 ha agito contro una regola cristiana. Statisticamente, \u00e8 chiaro che nelle aree in cui la Chiesa cattolica \u00e8 stata recentemente accusata, solo una minoranza di cattolici ha commesso reati, e tali reati sono avvenuti in numero molto inferiore rispetto ad altri gruppi.<\/p>\n<p>La storia dimostra anche che quando una societ\u00e0 si scristianizza, i tassi di criminalit\u00e0 aumentano drasticamente. Allo stesso modo, la cosiddetta \u201cmorte di Dio\u201d ha portato alla \u201cmorte dell\u2019uomo\u201d. L&#8217;uomo del XX secolo, che si credeva indipendente da Dio, \u00e8 stato la causa delle guerre mondiali.<\/p>\n<p>Inoltre, accade talvolta che, quando in certe ideologie anticlericali si verifica qualche scandalo pubblico, politico o economico, si ricorra, per distogliere l&#8217;attenzione, ad attribuire alla Chiesa qualche atto malvagio, reale o fittizio, confidando nella sua mitezza.<\/p>\n<p>Vediamo, quindi, che la Chiesa sta attualmente attraversando molte avversit\u00e0. Il bene viene calunniato. Ma questo \u00e8 anche un segno di gloria. Seminare verit\u00e0 e bont\u00e0 in questo mondo non \u00e8 un cammino privo di ostacoli. Cristo, per aver fatto proprio questo, fu crocifisso. Se questo \u00e8 stato il caso di Lui, lo stesso deve essere per la Chiesa, che segue le Sue vie. Ebbene, il discepolo non \u00e8 altro che il maestro. Questa \u00e8 quindi la cosa naturale e logica da fare. La Chiesa continua semplicemente a tenere alta la croce.<\/p>\n<p>Coloro che la attaccano dimenticano che Colui il cui cuore fu trafitto dalla lancia \u00e8 risorto e che con la sua onnipotenza aiuta la Chiesa, contro la quale le porte dell&#8217;inferno non prevarranno. S\u00ec, ci sono le tribolazioni, ma c&#8217;\u00e8 lo Spirito Santo! Per questo la Chiesa ha un futuro. Non cos\u00ec i loro aggressori, che corrono solo verso le proprie sconfitte. Svegliatevi dal sonno, ingenui! Chiunque \u00e8 dalla verit\u00e0 ascolta la voce di Cristo!<\/p>\n","protected":false},"excerpt":{"rendered":"<p>In difesa della Chiesa<\/p>\n","protected":false},"author":45,"featured_media":124970,"comment_status":"closed","ping_status":"closed","sticky":false,"template":"","format":"standard","meta":{"_acf_changed":false,"_crdt_document":"","inline_featured_image":false,"footnotes":""},"categories":[],"tags":[3195,57390,4512,57392,32463,16237,57393,28639,32449,2487,15434,57394,57391,17800,53665,57395,57396,57397,9865,45503,12803,20209,14752,960,5522,19400,33352,57398,57399],"class_list":["post-125006","post","type-post","status-publish","format-standard","has-post-thumbnail","hentry","tag-aborto-it","tag-calunnia-contro-la-chiesa","tag-chiesa-cattolica","tag-cristo-e-la-chiesa","tag-croce-di-cristo","tag-cultura-della-morte","tag-difesa-della-chiesa","tag-dottrina-cristiana","tag-etica-cattolica","tag-featured-3","tag-fede-cattolica","tag-ideologie-anticristiane","tag-il-cattolicesimo-oggi","tag-jose-maria-montiu-de-nuix-3","tag-la-morale-cristiana","tag-manipolazione-dei-media","tag-pensiero-postmoderno","tag-persecuzione-della-fede","tag-persecuzione-religiosa","tag-post-verita","tag-relativismo-2","tag-santi-cattolici","tag-speranza-cristiana","tag-spirito-santo","tag-spiritualita","tag-storia-della-chiesa","tag-umanesimo-cristiano","tag-verita-cristiana","tag-verita-e-bene"],"acf":[],"yoast_head":"<!-- This site is optimized with the Yoast SEO plugin v27.4 - https:\/\/yoast.com\/product\/yoast-seo-wordpress\/ -->\n<title>In difesa della Chiesa &#8211; Exaudi<\/title>\n<meta name=\"robots\" content=\"index, follow, max-snippet:-1, max-image-preview:large, max-video-preview:-1\" \/>\n<link rel=\"canonical\" href=\"https:\/\/exaudi.org\/it\/in-difesa-della-chiesa\/\" \/>\n<meta property=\"og:locale\" content=\"it_IT\" \/>\n<meta property=\"og:type\" content=\"article\" \/>\n<meta property=\"og:title\" content=\"In difesa della Chiesa &#8211; Exaudi\" \/>\n<meta property=\"og:description\" content=\"In difesa della Chiesa\" \/>\n<meta property=\"og:url\" content=\"https:\/\/exaudi.org\/it\/in-difesa-della-chiesa\/\" \/>\n<meta property=\"og:site_name\" content=\"Exaudi\" \/>\n<meta property=\"article:publisher\" content=\"https:\/\/www.facebook.com\/ExaudiNews\" \/>\n<meta property=\"article:published_time\" content=\"2025-05-02T16:13:29+00:00\" \/>\n<meta property=\"og:image\" content=\"https:\/\/exaudi.org\/wp-content\/uploads\/2025\/05\/pexels-trashart-2695947-scaled.jpg\" \/>\n\t<meta property=\"og:image:width\" content=\"2560\" \/>\n\t<meta property=\"og:image:height\" content=\"1920\" \/>\n\t<meta property=\"og:image:type\" content=\"image\/jpeg\" \/>\n<meta name=\"author\" content=\"Jos\u00e9 Mar\u00eda Montiu de Nuix\" \/>\n<meta name=\"twitter:card\" content=\"summary_large_image\" \/>\n<meta name=\"twitter:creator\" content=\"@Exaudi_News\" \/>\n<meta name=\"twitter:site\" content=\"@Exaudi_News\" \/>\n<meta name=\"twitter:label1\" content=\"Scritto da\" \/>\n\t<meta name=\"twitter:data1\" content=\"Jos\u00e9 Mar\u00eda Montiu de Nuix\" \/>\n\t<meta name=\"twitter:label2\" content=\"Tempo di lettura stimato\" \/>\n\t<meta name=\"twitter:data2\" content=\"5 minuti\" \/>\n<script type=\"application\/ld+json\" class=\"yoast-schema-graph\">{\"@context\":\"https:\\\/\\\/schema.org\",\"@graph\":[{\"@type\":\"Article\",\"@id\":\"https:\\\/\\\/exaudi.org\\\/it\\\/in-difesa-della-chiesa\\\/#article\",\"isPartOf\":{\"@id\":\"https:\\\/\\\/exaudi.org\\\/it\\\/in-difesa-della-chiesa\\\/\"},\"author\":{\"name\":\"Jos\u00e9 Mar\u00eda Montiu de Nuix\",\"@id\":\"https:\\\/\\\/exaudi.org\\\/#\\\/schema\\\/person\\\/63aa8d363a4039100348c8036010e9fa\"},\"headline\":\"In difesa della Chiesa\",\"datePublished\":\"2025-05-02T16:13:29+00:00\",\"mainEntityOfPage\":{\"@id\":\"https:\\\/\\\/exaudi.org\\\/it\\\/in-difesa-della-chiesa\\\/\"},\"wordCount\":1053,\"image\":{\"@id\":\"https:\\\/\\\/exaudi.org\\\/it\\\/in-difesa-della-chiesa\\\/#primaryimage\"},\"thumbnailUrl\":\"https:\\\/\\\/exaudi.org\\\/wp-content\\\/uploads\\\/2025\\\/05\\\/pexels-trashart-2695947-scaled.jpg\",\"keywords\":[\"Aborto\",\"calunnia contro la chiesa\",\"Chiesa cattolica\",\"Cristo e la Chiesa\",\"Croce di Cristo\",\"CULTURA DELLA MORTE\",\"difesa della chiesa\",\"dottrina cristiana\",\"Etica cattolica\",\"Featured\",\"FEDE CATTOLICA\",\"ideologie anticristiane\",\"Il cattolicesimo oggi\",\"JOS\u00c9 MAR\u00cdA MONTIU DE NUIX\",\"La morale cristiana\",\"manipolazione dei media\",\"pensiero postmoderno\",\"persecuzione della fede\",\"persecuzione religiosa\",\"post-verit\u00e0\",\"RELATIVISMO\",\"SANTI CATTOLICI\",\"SPERANZA CRISTIANA\",\"Spirito Santo\",\"spiritualit\u00e0\",\"STORIA DELLA CHIESA\",\"Umanesimo cristiano\",\"Verit\u00e0 cristiana\",\"verit\u00e0 e bene\"],\"inLanguage\":\"it-IT\"},{\"@type\":\"WebPage\",\"@id\":\"https:\\\/\\\/exaudi.org\\\/it\\\/in-difesa-della-chiesa\\\/\",\"url\":\"https:\\\/\\\/exaudi.org\\\/it\\\/in-difesa-della-chiesa\\\/\",\"name\":\"In difesa della Chiesa &#8211; Exaudi\",\"isPartOf\":{\"@id\":\"https:\\\/\\\/exaudi.org\\\/#website\"},\"primaryImageOfPage\":{\"@id\":\"https:\\\/\\\/exaudi.org\\\/it\\\/in-difesa-della-chiesa\\\/#primaryimage\"},\"image\":{\"@id\":\"https:\\\/\\\/exaudi.org\\\/it\\\/in-difesa-della-chiesa\\\/#primaryimage\"},\"thumbnailUrl\":\"https:\\\/\\\/exaudi.org\\\/wp-content\\\/uploads\\\/2025\\\/05\\\/pexels-trashart-2695947-scaled.jpg\",\"datePublished\":\"2025-05-02T16:13:29+00:00\",\"author\":{\"@id\":\"https:\\\/\\\/exaudi.org\\\/#\\\/schema\\\/person\\\/63aa8d363a4039100348c8036010e9fa\"},\"breadcrumb\":{\"@id\":\"https:\\\/\\\/exaudi.org\\\/it\\\/in-difesa-della-chiesa\\\/#breadcrumb\"},\"inLanguage\":\"it-IT\",\"potentialAction\":[{\"@type\":\"ReadAction\",\"target\":[\"https:\\\/\\\/exaudi.org\\\/it\\\/in-difesa-della-chiesa\\\/\"]}]},{\"@type\":\"ImageObject\",\"inLanguage\":\"it-IT\",\"@id\":\"https:\\\/\\\/exaudi.org\\\/it\\\/in-difesa-della-chiesa\\\/#primaryimage\",\"url\":\"https:\\\/\\\/exaudi.org\\\/wp-content\\\/uploads\\\/2025\\\/05\\\/pexels-trashart-2695947-scaled.jpg\",\"contentUrl\":\"https:\\\/\\\/exaudi.org\\\/wp-content\\\/uploads\\\/2025\\\/05\\\/pexels-trashart-2695947-scaled.jpg\",\"width\":2560,\"height\":1920},{\"@type\":\"BreadcrumbList\",\"@id\":\"https:\\\/\\\/exaudi.org\\\/it\\\/in-difesa-della-chiesa\\\/#breadcrumb\",\"itemListElement\":[{\"@type\":\"ListItem\",\"position\":1,\"name\":\"Portada\",\"item\":\"https:\\\/\\\/exaudi.org\\\/it\\\/\"},{\"@type\":\"ListItem\",\"position\":2,\"name\":\"In difesa della Chiesa\"}]},{\"@type\":\"WebSite\",\"@id\":\"https:\\\/\\\/exaudi.org\\\/#website\",\"url\":\"https:\\\/\\\/exaudi.org\\\/\",\"name\":\"Exaudi\",\"description\":\"News\",\"potentialAction\":[{\"@type\":\"SearchAction\",\"target\":{\"@type\":\"EntryPoint\",\"urlTemplate\":\"https:\\\/\\\/exaudi.org\\\/?s={search_term_string}\"},\"query-input\":{\"@type\":\"PropertyValueSpecification\",\"valueRequired\":true,\"valueName\":\"search_term_string\"}}],\"inLanguage\":\"it-IT\"},{\"@type\":\"Person\",\"@id\":\"https:\\\/\\\/exaudi.org\\\/#\\\/schema\\\/person\\\/63aa8d363a4039100348c8036010e9fa\",\"name\":\"Jos\u00e9 Mar\u00eda Montiu de Nuix\",\"image\":{\"@type\":\"ImageObject\",\"inLanguage\":\"it-IT\",\"@id\":\"https:\\\/\\\/secure.gravatar.com\\\/avatar\\\/f3d1e54272060740a50258cef7d916098d4ffe7ad9f6a7a8603d12c508634d10?s=96&d=mm&r=g\",\"url\":\"https:\\\/\\\/secure.gravatar.com\\\/avatar\\\/f3d1e54272060740a50258cef7d916098d4ffe7ad9f6a7a8603d12c508634d10?s=96&d=mm&r=g\",\"contentUrl\":\"https:\\\/\\\/secure.gravatar.com\\\/avatar\\\/f3d1e54272060740a50258cef7d916098d4ffe7ad9f6a7a8603d12c508634d10?s=96&d=mm&r=g\",\"caption\":\"Jos\u00e9 Mar\u00eda Montiu de Nuix\"},\"description\":\"Nacido en Cervera, L\u00e9rida, Espa\u00f1a, en 1960 y bautizado ese mismo a\u00f1o. Ordenado sacerdote en 1992. Doctor en Filosof\u00eda. Licenciado en Filosof\u00eda y Ciencias de la Educaci\u00f3n por la Universidad de Barcelona (UB). Licenciado (especialidad: Matem\u00e1tica Fundamental), cursos de doctorado y suficiencia investigadora en Ciencias Exactas por la UB. Licenciado en Filosof\u00eda por la Universidad de Navarra. Licenciado en Estudios Eclesi\u00e1sticos por la Facultad de Teolog\u00eda San Vicente Ferrer, Valencia. Docente e investigador con m\u00e1s de medio millar de publicaciones. Acad\u00e9mico de la Academia Hispanoamericana de Doctores.\",\"url\":\"https:\\\/\\\/exaudi.org\\\/it\\\/author\\\/josepmariamontiudenuix\\\/\"}]}<\/script>\n<!-- \/ Yoast SEO plugin. -->","yoast_head_json":{"title":"In difesa della Chiesa &#8211; Exaudi","robots":{"index":"index","follow":"follow","max-snippet":"max-snippet:-1","max-image-preview":"max-image-preview:large","max-video-preview":"max-video-preview:-1"},"canonical":"https:\/\/exaudi.org\/it\/in-difesa-della-chiesa\/","og_locale":"it_IT","og_type":"article","og_title":"In difesa della Chiesa &#8211; Exaudi","og_description":"In difesa della Chiesa","og_url":"https:\/\/exaudi.org\/it\/in-difesa-della-chiesa\/","og_site_name":"Exaudi","article_publisher":"https:\/\/www.facebook.com\/ExaudiNews","article_published_time":"2025-05-02T16:13:29+00:00","og_image":[{"width":2560,"height":1920,"url":"https:\/\/exaudi.org\/wp-content\/uploads\/2025\/05\/pexels-trashart-2695947-scaled.jpg","type":"image\/jpeg"}],"author":"Jos\u00e9 Mar\u00eda Montiu de Nuix","twitter_card":"summary_large_image","twitter_creator":"@Exaudi_News","twitter_site":"@Exaudi_News","twitter_misc":{"Scritto da":"Jos\u00e9 Mar\u00eda Montiu de Nuix","Tempo di lettura stimato":"5 minuti"},"schema":{"@context":"https:\/\/schema.org","@graph":[{"@type":"Article","@id":"https:\/\/exaudi.org\/it\/in-difesa-della-chiesa\/#article","isPartOf":{"@id":"https:\/\/exaudi.org\/it\/in-difesa-della-chiesa\/"},"author":{"name":"Jos\u00e9 Mar\u00eda Montiu de Nuix","@id":"https:\/\/exaudi.org\/#\/schema\/person\/63aa8d363a4039100348c8036010e9fa"},"headline":"In difesa della Chiesa","datePublished":"2025-05-02T16:13:29+00:00","mainEntityOfPage":{"@id":"https:\/\/exaudi.org\/it\/in-difesa-della-chiesa\/"},"wordCount":1053,"image":{"@id":"https:\/\/exaudi.org\/it\/in-difesa-della-chiesa\/#primaryimage"},"thumbnailUrl":"https:\/\/exaudi.org\/wp-content\/uploads\/2025\/05\/pexels-trashart-2695947-scaled.jpg","keywords":["Aborto","calunnia contro la chiesa","Chiesa cattolica","Cristo e la Chiesa","Croce di Cristo","CULTURA DELLA MORTE","difesa della chiesa","dottrina cristiana","Etica cattolica","Featured","FEDE CATTOLICA","ideologie anticristiane","Il cattolicesimo oggi","JOS\u00c9 MAR\u00cdA MONTIU DE NUIX","La morale cristiana","manipolazione dei media","pensiero postmoderno","persecuzione della fede","persecuzione religiosa","post-verit\u00e0","RELATIVISMO","SANTI CATTOLICI","SPERANZA CRISTIANA","Spirito Santo","spiritualit\u00e0","STORIA DELLA CHIESA","Umanesimo cristiano","Verit\u00e0 cristiana","verit\u00e0 e bene"],"inLanguage":"it-IT"},{"@type":"WebPage","@id":"https:\/\/exaudi.org\/it\/in-difesa-della-chiesa\/","url":"https:\/\/exaudi.org\/it\/in-difesa-della-chiesa\/","name":"In difesa della Chiesa &#8211; Exaudi","isPartOf":{"@id":"https:\/\/exaudi.org\/#website"},"primaryImageOfPage":{"@id":"https:\/\/exaudi.org\/it\/in-difesa-della-chiesa\/#primaryimage"},"image":{"@id":"https:\/\/exaudi.org\/it\/in-difesa-della-chiesa\/#primaryimage"},"thumbnailUrl":"https:\/\/exaudi.org\/wp-content\/uploads\/2025\/05\/pexels-trashart-2695947-scaled.jpg","datePublished":"2025-05-02T16:13:29+00:00","author":{"@id":"https:\/\/exaudi.org\/#\/schema\/person\/63aa8d363a4039100348c8036010e9fa"},"breadcrumb":{"@id":"https:\/\/exaudi.org\/it\/in-difesa-della-chiesa\/#breadcrumb"},"inLanguage":"it-IT","potentialAction":[{"@type":"ReadAction","target":["https:\/\/exaudi.org\/it\/in-difesa-della-chiesa\/"]}]},{"@type":"ImageObject","inLanguage":"it-IT","@id":"https:\/\/exaudi.org\/it\/in-difesa-della-chiesa\/#primaryimage","url":"https:\/\/exaudi.org\/wp-content\/uploads\/2025\/05\/pexels-trashart-2695947-scaled.jpg","contentUrl":"https:\/\/exaudi.org\/wp-content\/uploads\/2025\/05\/pexels-trashart-2695947-scaled.jpg","width":2560,"height":1920},{"@type":"BreadcrumbList","@id":"https:\/\/exaudi.org\/it\/in-difesa-della-chiesa\/#breadcrumb","itemListElement":[{"@type":"ListItem","position":1,"name":"Portada","item":"https:\/\/exaudi.org\/it\/"},{"@type":"ListItem","position":2,"name":"In difesa della Chiesa"}]},{"@type":"WebSite","@id":"https:\/\/exaudi.org\/#website","url":"https:\/\/exaudi.org\/","name":"Exaudi","description":"News","potentialAction":[{"@type":"SearchAction","target":{"@type":"EntryPoint","urlTemplate":"https:\/\/exaudi.org\/?s={search_term_string}"},"query-input":{"@type":"PropertyValueSpecification","valueRequired":true,"valueName":"search_term_string"}}],"inLanguage":"it-IT"},{"@type":"Person","@id":"https:\/\/exaudi.org\/#\/schema\/person\/63aa8d363a4039100348c8036010e9fa","name":"Jos\u00e9 Mar\u00eda Montiu de Nuix","image":{"@type":"ImageObject","inLanguage":"it-IT","@id":"https:\/\/secure.gravatar.com\/avatar\/f3d1e54272060740a50258cef7d916098d4ffe7ad9f6a7a8603d12c508634d10?s=96&d=mm&r=g","url":"https:\/\/secure.gravatar.com\/avatar\/f3d1e54272060740a50258cef7d916098d4ffe7ad9f6a7a8603d12c508634d10?s=96&d=mm&r=g","contentUrl":"https:\/\/secure.gravatar.com\/avatar\/f3d1e54272060740a50258cef7d916098d4ffe7ad9f6a7a8603d12c508634d10?s=96&d=mm&r=g","caption":"Jos\u00e9 Mar\u00eda Montiu de Nuix"},"description":"Nacido en Cervera, L\u00e9rida, Espa\u00f1a, en 1960 y bautizado ese mismo a\u00f1o. Ordenado sacerdote en 1992. Doctor en Filosof\u00eda. Licenciado en Filosof\u00eda y Ciencias de la Educaci\u00f3n por la Universidad de Barcelona (UB). Licenciado (especialidad: Matem\u00e1tica Fundamental), cursos de doctorado y suficiencia investigadora en Ciencias Exactas por la UB. Licenciado en Filosof\u00eda por la Universidad de Navarra. Licenciado en Estudios Eclesi\u00e1sticos por la Facultad de Teolog\u00eda San Vicente Ferrer, Valencia. Docente e investigador con m\u00e1s de medio millar de publicaciones. Acad\u00e9mico de la Academia Hispanoamericana de Doctores.","url":"https:\/\/exaudi.org\/it\/author\/josepmariamontiudenuix\/"}]}},"jetpack_featured_media_url":"https:\/\/exaudi.org\/wp-content\/uploads\/2025\/05\/pexels-trashart-2695947-scaled.jpg","jetpack_shortlink":"https:\/\/wp.me\/pgKjF2-wwe","_links":{"self":[{"href":"https:\/\/exaudi.org\/it\/wp-json\/wp\/v2\/posts\/125006","targetHints":{"allow":["GET"]}}],"collection":[{"href":"https:\/\/exaudi.org\/it\/wp-json\/wp\/v2\/posts"}],"about":[{"href":"https:\/\/exaudi.org\/it\/wp-json\/wp\/v2\/types\/post"}],"author":[{"embeddable":true,"href":"https:\/\/exaudi.org\/it\/wp-json\/wp\/v2\/users\/45"}],"replies":[{"embeddable":true,"href":"https:\/\/exaudi.org\/it\/wp-json\/wp\/v2\/comments?post=125006"}],"version-history":[{"count":0,"href":"https:\/\/exaudi.org\/it\/wp-json\/wp\/v2\/posts\/125006\/revisions"}],"wp:featuredmedia":[{"embeddable":true,"href":"https:\/\/exaudi.org\/it\/wp-json\/wp\/v2\/media\/124970"}],"wp:attachment":[{"href":"https:\/\/exaudi.org\/it\/wp-json\/wp\/v2\/media?parent=125006"}],"wp:term":[{"taxonomy":"category","embeddable":true,"href":"https:\/\/exaudi.org\/it\/wp-json\/wp\/v2\/categories?post=125006"},{"taxonomy":"post_tag","embeddable":true,"href":"https:\/\/exaudi.org\/it\/wp-json\/wp\/v2\/tags?post=125006"}],"curies":[{"name":"wp","href":"https:\/\/api.w.org\/{rel}","templated":true}]}}