{"id":124904,"date":"2025-04-30T19:33:07","date_gmt":"2025-04-30T17:33:07","guid":{"rendered":"https:\/\/exaudi.org\/?p=124904"},"modified":"2025-04-30T19:33:07","modified_gmt":"2025-04-30T17:33:07","slug":"il-conclave-storia-processo-e-tradizioni-dellelezione-papale","status":"publish","type":"post","link":"https:\/\/exaudi.org\/it\/il-conclave-storia-processo-e-tradizioni-dellelezione-papale\/","title":{"rendered":"Il Conclave: storia, processo e tradizioni dell&#8217;elezione papale"},"content":{"rendered":"<p>Il conclave \u00e8 uno degli eventi pi\u00f9 significativi nella Chiesa cattolica, un processo di grande solennit\u00e0 e segretezza che si svolge per eleggere il successore di San Pietro. La parola &#8220;conclave&#8221; deriva dal latino &#8220;cum clavis&#8221;, che significa &#8220;con una chiave&#8221;, poich\u00e9 i cardinali vengono letteralmente chiusi in una stanza finch\u00e9 non viene eletto il nuovo Papa. Questo articolo esplora la storia, il processo e gli aneddoti che circondano questo evento cruciale per la Chiesa.<\/p>\n<h3><strong>Storia del Conclave<\/strong><\/h3>\n<p>L&#8217;origine del conclave risale al Medioevo, quando la Chiesa inizi\u00f2 a formalizzare le elezioni papali per evitare conflitti e dispute sulla successione del Papa. Nel 1059, papa Niccol\u00f2 II stabil\u00ec il diritto dei cardinali di eleggere il papa, eliminando la partecipazione dei laici al processo. Tuttavia, il processo non era strutturato come lo conosciamo oggi.<\/p>\n<p>Il primo conclave &#8220;moderno&#8221;, con la formalizzazione di una serie di regole e misure di sicurezza, ebbe luogo nel 1276, durante il papato di Gregorio X. Questo papa attu\u00f2 la pratica di isolare i cardinali in un&#8217;aula chiusa, per evitare influenze esterne. Nacquero cos\u00ec le prime regole per l&#8217;elezione del Papa, come l&#8217;obbligo di tenere isolati i cardinali finch\u00e9 non si fosse presa una decisione.<\/p>\n<h3><strong>Il processo elettorale<\/strong><\/h3>\n<p>Il conclave si tiene quando il Papa muore o si dimette. Per prima cosa, i cardinali si incontrano nella Citt\u00e0 del Vaticano. I cardinali elettori (quelli che hanno meno di 80 anni) vengono convocati dal Collegio cardinalizio per eleggere il nuovo Papa. Il conclave si svolge nella Cappella Sistina, un luogo ricco di significato storico, dove i cardinali si incontrano secondo una rigorosa procedura.<\/p>\n<p>La votazione si svolge in segreto: ogni cardinale scrive il nome del proprio candidato su una scheda. Per essere eletto Papa, il candidato deve ricevere i due terzi dei voti dei cardinali presenti. Se non si raggiunge questo consenso, le schede vengono bruciate e il fumo che ne risulta viene inviato in Piazza San Pietro per essere esposto al pubblico. La fumata bianca indica che \u00e8 stato eletto un Papa, mentre la fumata nera indica che non \u00e8 stato raggiunto alcun accordo.<\/p>\n<p>Questo processo di votazione viene ripetuto fino al raggiungimento della maggioranza necessaria. Nei casi pi\u00f9 lunghi, come il conclave del 1268-1271, il processo pu\u00f2 durare settimane, anche se la media \u00e8 di pochi giorni.<\/p>\n<h3><strong>Tradizioni del Conclave<\/strong><\/h3>\n<p>Nel corso dei secoli, il conclave \u00e8 stato teatro di aneddoti curiosi e momenti storici. Uno dei pi\u00f9 noti \u00e8 l&#8217;elezione di papa Urbano VI nel 1378, che venne eletto in un conclave a Roma, ma la sua elezione venne subito contestata da alcuni cardinali che si sentirono sotto pressione. Questo conflitto port\u00f2 allo Scisma d&#8217;Occidente, con due papi rivali, uno a Roma e uno ad Avignone, che divisero la Chiesa per diversi decenni.<\/p>\n<p>Una delle tradizioni pi\u00f9 emblematiche del conclave \u00e8 la celebre &#8220;Messa dello Spirito Santo&#8221;, celebrata all&#8217;inizio del processo. Durante questa cerimonia, i cardinali chiedono la guida divina per prendere la decisione giusta, riconoscendo che l&#8217;elezione del Papa non \u00e8 un semplice atto umano, ma una decisione presa sotto l&#8217;ispirazione dello Spirito Santo.<\/p>\n<p>Un&#8217;altra tradizione curiosa \u00e8 il momento in cui il nuovo Papa, dopo la sua elezione, si affaccia sul balcone centrale della Basilica di San Pietro. La prima volta che pronuncia il suo discorso, fa spesso riferimento al suo nome papale e si prende spesso un momento per benedire le persone radunate in piazza.<\/p>\n<p>Il conclave non \u00e8 solo un processo amministrativo, ma un profondo atto di fede che coinvolge la Chiesa universale. Attraverso questo processo, i cardinali eleggono non solo una guida temporale, ma una guida spirituale per l&#8217;intera comunit\u00e0 cattolica, un Papa che ha la responsabilit\u00e0 di guidare la Chiesa verso la verit\u00e0 di Cristo. Nella solennit\u00e0 del conclave, la Chiesa dimostra la sua fede nell&#8217;azione dello Spirito Santo, che guida i cardinali nel loro compito di discernere chi sar\u00e0 il successore di Pietro.<\/p>\n<p>Questo processo, che unisce storia, tradizione e fede, ci ricorda l&#8217;importanza dell&#8217;unit\u00e0 nella Chiesa e il ruolo centrale che il Papa svolge nella missione evangelizzatrice del cristianesimo.<\/p>\n","protected":false},"excerpt":{"rendered":"<p>Uno sguardo al conclave, il solenne processo di elezione del Papa, dalle sue origini alle tradizioni che lo circondano<\/p>\n","protected":false},"author":17,"featured_media":124749,"comment_status":"closed","ping_status":"closed","sticky":false,"template":"","format":"standard","meta":{"_acf_changed":false,"_crdt_document":"","inline_featured_image":false,"footnotes":""},"categories":[71],"tags":[56948,8097,55559,4512,55606,886,56950,56773,55566,56953,56951,56952,56954,55611,56955,56718,56949,56956,56957,4952],"class_list":["post-124904","post","type-post","status-publish","format-standard","has-post-thumbnail","hentry","category-analisi","tag-aneddoti-del-conclave","tag-cappella-sistina","tag-cardinali-elettori","tag-chiesa-cattolica","tag-come-viene-eletto-il-papa","tag-conclave","tag-conclave-dello-spirito-santo","tag-conclave-vaticano-2","tag-elezione-del-papa","tag-fumata-bianca-del-vaticano","tag-fumo-bianco","tag-fumo-nero","tag-messa-dello-spirito-santo","tag-neo-papa","tag-processo-di-elezione-del-papa","tag-storia-del-conclave","tag-storia-delle-elezioni-papali","tag-successore-di-san-pietro","tag-tradizione-papale","tag-trending-it"],"acf":[],"yoast_head":"<!-- This site is optimized with the Yoast SEO plugin v27.4 - https:\/\/yoast.com\/product\/yoast-seo-wordpress\/ -->\n<title>Il Conclave: storia, processo e tradizioni dell&#039;elezione papale &#8211; Exaudi<\/title>\n<meta name=\"robots\" content=\"index, follow, max-snippet:-1, max-image-preview:large, max-video-preview:-1\" \/>\n<link rel=\"canonical\" href=\"https:\/\/exaudi.org\/it\/il-conclave-storia-processo-e-tradizioni-dellelezione-papale\/\" \/>\n<meta property=\"og:locale\" content=\"it_IT\" \/>\n<meta property=\"og:type\" content=\"article\" \/>\n<meta property=\"og:title\" content=\"Il Conclave: storia, processo e tradizioni dell&#039;elezione papale &#8211; Exaudi\" \/>\n<meta property=\"og:description\" content=\"Uno sguardo al conclave, il solenne processo di elezione del Papa, dalle sue origini alle tradizioni che lo circondano\" \/>\n<meta property=\"og:url\" content=\"https:\/\/exaudi.org\/it\/il-conclave-storia-processo-e-tradizioni-dellelezione-papale\/\" \/>\n<meta property=\"og:site_name\" content=\"Exaudi\" \/>\n<meta property=\"article:publisher\" content=\"https:\/\/www.facebook.com\/ExaudiNews\" \/>\n<meta property=\"article:author\" content=\"https:\/\/www.facebook.com\/ExaudiNotizie\/\" \/>\n<meta property=\"article:published_time\" content=\"2025-04-30T17:33:07+00:00\" \/>\n<meta property=\"og:image\" content=\"https:\/\/exaudi.org\/wp-content\/uploads\/2025\/04\/494157060_17954038979944327_3833177887218766606_n-e1745913372462.jpg\" \/>\n\t<meta property=\"og:image:width\" content=\"1080\" \/>\n\t<meta property=\"og:image:height\" content=\"1080\" \/>\n\t<meta property=\"og:image:type\" content=\"image\/jpeg\" \/>\n<meta name=\"author\" content=\"Exaudi Redazione\" \/>\n<meta name=\"twitter:card\" content=\"summary_large_image\" \/>\n<meta name=\"twitter:creator\" content=\"@Exaudi_Notizie\" \/>\n<meta name=\"twitter:site\" content=\"@Exaudi_News\" \/>\n<meta name=\"twitter:label1\" content=\"Scritto da\" \/>\n\t<meta name=\"twitter:data1\" content=\"Exaudi Redazione\" \/>\n\t<meta name=\"twitter:label2\" content=\"Tempo di lettura stimato\" \/>\n\t<meta name=\"twitter:data2\" content=\"3 minuti\" \/>\n<script type=\"application\/ld+json\" class=\"yoast-schema-graph\">{\"@context\":\"https:\\\/\\\/schema.org\",\"@graph\":[{\"@type\":\"Article\",\"@id\":\"https:\\\/\\\/exaudi.org\\\/it\\\/il-conclave-storia-processo-e-tradizioni-dellelezione-papale\\\/#article\",\"isPartOf\":{\"@id\":\"https:\\\/\\\/exaudi.org\\\/it\\\/il-conclave-storia-processo-e-tradizioni-dellelezione-papale\\\/\"},\"author\":{\"name\":\"Exaudi Redazione\",\"@id\":\"https:\\\/\\\/exaudi.org\\\/#\\\/schema\\\/person\\\/e1ab6ed07c01774724dd96f925f3a5f0\"},\"headline\":\"Il Conclave: storia, processo e tradizioni dell&#8217;elezione papale\",\"datePublished\":\"2025-04-30T17:33:07+00:00\",\"mainEntityOfPage\":{\"@id\":\"https:\\\/\\\/exaudi.org\\\/it\\\/il-conclave-storia-processo-e-tradizioni-dellelezione-papale\\\/\"},\"wordCount\":681,\"image\":{\"@id\":\"https:\\\/\\\/exaudi.org\\\/it\\\/il-conclave-storia-processo-e-tradizioni-dellelezione-papale\\\/#primaryimage\"},\"thumbnailUrl\":\"https:\\\/\\\/exaudi.org\\\/wp-content\\\/uploads\\\/2025\\\/04\\\/494157060_17954038979944327_3833177887218766606_n-e1745913372462.jpg\",\"keywords\":[\"aneddoti del conclave\",\"Cappella Sistina\",\"cardinali elettori\",\"Chiesa cattolica\",\"come viene eletto il papa\",\"conclave\",\"Conclave dello Spirito Santo\",\"Conclave vaticano\",\"elezione del Papa\",\"Fumata bianca del Vaticano\",\"fumo bianco\",\"fumo nero\",\"Messa dello Spirito Santo\",\"neo-pap\u00e0\",\"Processo di elezione del Papa\",\"storia del conclave\",\"storia delle elezioni papali\",\"successore di San Pietro\",\"tradizione papale\",\"Trending\"],\"articleSection\":[\"Analisi\"],\"inLanguage\":\"it-IT\"},{\"@type\":\"WebPage\",\"@id\":\"https:\\\/\\\/exaudi.org\\\/it\\\/il-conclave-storia-processo-e-tradizioni-dellelezione-papale\\\/\",\"url\":\"https:\\\/\\\/exaudi.org\\\/it\\\/il-conclave-storia-processo-e-tradizioni-dellelezione-papale\\\/\",\"name\":\"Il Conclave: storia, processo e tradizioni dell'elezione papale &#8211; Exaudi\",\"isPartOf\":{\"@id\":\"https:\\\/\\\/exaudi.org\\\/#website\"},\"primaryImageOfPage\":{\"@id\":\"https:\\\/\\\/exaudi.org\\\/it\\\/il-conclave-storia-processo-e-tradizioni-dellelezione-papale\\\/#primaryimage\"},\"image\":{\"@id\":\"https:\\\/\\\/exaudi.org\\\/it\\\/il-conclave-storia-processo-e-tradizioni-dellelezione-papale\\\/#primaryimage\"},\"thumbnailUrl\":\"https:\\\/\\\/exaudi.org\\\/wp-content\\\/uploads\\\/2025\\\/04\\\/494157060_17954038979944327_3833177887218766606_n-e1745913372462.jpg\",\"datePublished\":\"2025-04-30T17:33:07+00:00\",\"author\":{\"@id\":\"https:\\\/\\\/exaudi.org\\\/#\\\/schema\\\/person\\\/e1ab6ed07c01774724dd96f925f3a5f0\"},\"breadcrumb\":{\"@id\":\"https:\\\/\\\/exaudi.org\\\/it\\\/il-conclave-storia-processo-e-tradizioni-dellelezione-papale\\\/#breadcrumb\"},\"inLanguage\":\"it-IT\",\"potentialAction\":[{\"@type\":\"ReadAction\",\"target\":[\"https:\\\/\\\/exaudi.org\\\/it\\\/il-conclave-storia-processo-e-tradizioni-dellelezione-papale\\\/\"]}]},{\"@type\":\"ImageObject\",\"inLanguage\":\"it-IT\",\"@id\":\"https:\\\/\\\/exaudi.org\\\/it\\\/il-conclave-storia-processo-e-tradizioni-dellelezione-papale\\\/#primaryimage\",\"url\":\"https:\\\/\\\/exaudi.org\\\/wp-content\\\/uploads\\\/2025\\\/04\\\/494157060_17954038979944327_3833177887218766606_n-e1745913372462.jpg\",\"contentUrl\":\"https:\\\/\\\/exaudi.org\\\/wp-content\\\/uploads\\\/2025\\\/04\\\/494157060_17954038979944327_3833177887218766606_n-e1745913372462.jpg\",\"width\":1080,\"height\":1080},{\"@type\":\"BreadcrumbList\",\"@id\":\"https:\\\/\\\/exaudi.org\\\/it\\\/il-conclave-storia-processo-e-tradizioni-dellelezione-papale\\\/#breadcrumb\",\"itemListElement\":[{\"@type\":\"ListItem\",\"position\":1,\"name\":\"Portada\",\"item\":\"https:\\\/\\\/exaudi.org\\\/it\\\/\"},{\"@type\":\"ListItem\",\"position\":2,\"name\":\"Il Conclave: storia, processo e tradizioni dell&#8217;elezione papale\"}]},{\"@type\":\"WebSite\",\"@id\":\"https:\\\/\\\/exaudi.org\\\/#website\",\"url\":\"https:\\\/\\\/exaudi.org\\\/\",\"name\":\"Exaudi\",\"description\":\"News\",\"potentialAction\":[{\"@type\":\"SearchAction\",\"target\":{\"@type\":\"EntryPoint\",\"urlTemplate\":\"https:\\\/\\\/exaudi.org\\\/?s={search_term_string}\"},\"query-input\":{\"@type\":\"PropertyValueSpecification\",\"valueRequired\":true,\"valueName\":\"search_term_string\"}}],\"inLanguage\":\"it-IT\"},{\"@type\":\"Person\",\"@id\":\"https:\\\/\\\/exaudi.org\\\/#\\\/schema\\\/person\\\/e1ab6ed07c01774724dd96f925f3a5f0\",\"name\":\"Exaudi Redazione\",\"image\":{\"@type\":\"ImageObject\",\"inLanguage\":\"it-IT\",\"@id\":\"https:\\\/\\\/secure.gravatar.com\\\/avatar\\\/ad6774b3ada023bf5b939d64f45c94b3adf91502dd883507d469b4308a943bb3?s=96&d=mm&r=g\",\"url\":\"https:\\\/\\\/secure.gravatar.com\\\/avatar\\\/ad6774b3ada023bf5b939d64f45c94b3adf91502dd883507d469b4308a943bb3?s=96&d=mm&r=g\",\"contentUrl\":\"https:\\\/\\\/secure.gravatar.com\\\/avatar\\\/ad6774b3ada023bf5b939d64f45c94b3adf91502dd883507d469b4308a943bb3?s=96&d=mm&r=g\",\"caption\":\"Exaudi Redazione\"},\"description\":\"Che cosa \u00e8 Exaudi News? Exaudi News \u00e8 un agenzia cattolica internazionale che informa, istruisce e trasforma quotidianamente in spagnolo, inglese e italiano. Attraverso notizie, articoli di analisi e trasmissioni in diretta degli eventi del Papa, Exaudi cerca di rafforzare l'unit\u00e0 dei cristiani e di contribuire all'evangelizzazione del mondo, sempre guidato dalla dottrina sociale della Chiesa. Lavoriamo per portare la verit\u00e0 e i valori cristiani in ogni angolo del pianeta. Aiutaci a trasformare il mondo con Exaudi! Noi di Exaudi crediamo che l'evangelizzazione e l'informazione di qualit\u00e0 possano cambiare la vita. Per continuare la nostra missione ed espandere la nostra portata, abbiamo bisogno del tuo aiuto. Stiamo anche cercando persone motivate che vogliano unirsi al nostro team. Grazie al vostro sostegno raggiungeremo pi\u00f9 persone, diffonderemo il messaggio di Cristo e rafforzeremo l'unit\u00e0 dei cristiani. Vuoi unirti alla nostra missione? Per maggiori informazioni su come contribuire, visita Exaudi.org\\\/it o contattaci direttamente: info@exaudi.org Exaudi: informa, forma e trasforma.\",\"sameAs\":[\"https:\\\/\\\/www.facebook.com\\\/ExaudiNotizie\\\/\",\"https:\\\/\\\/www.instagram.com\\\/Exaudi_notizie\\\/\",\"https:\\\/\\\/x.com\\\/Exaudi_Notizie\",\"https:\\\/\\\/www.youtube.com\\\/@exaudicatholicnews\"],\"url\":\"https:\\\/\\\/exaudi.org\\\/it\\\/author\\\/dlvedi-org\\\/\"}]}<\/script>\n<!-- \/ Yoast SEO plugin. -->","yoast_head_json":{"title":"Il Conclave: storia, processo e tradizioni dell'elezione papale &#8211; Exaudi","robots":{"index":"index","follow":"follow","max-snippet":"max-snippet:-1","max-image-preview":"max-image-preview:large","max-video-preview":"max-video-preview:-1"},"canonical":"https:\/\/exaudi.org\/it\/il-conclave-storia-processo-e-tradizioni-dellelezione-papale\/","og_locale":"it_IT","og_type":"article","og_title":"Il Conclave: storia, processo e tradizioni dell'elezione papale &#8211; Exaudi","og_description":"Uno sguardo al conclave, il solenne processo di elezione del Papa, dalle sue origini alle tradizioni che lo circondano","og_url":"https:\/\/exaudi.org\/it\/il-conclave-storia-processo-e-tradizioni-dellelezione-papale\/","og_site_name":"Exaudi","article_publisher":"https:\/\/www.facebook.com\/ExaudiNews","article_author":"https:\/\/www.facebook.com\/ExaudiNotizie\/","article_published_time":"2025-04-30T17:33:07+00:00","og_image":[{"width":1080,"height":1080,"url":"https:\/\/exaudi.org\/wp-content\/uploads\/2025\/04\/494157060_17954038979944327_3833177887218766606_n-e1745913372462.jpg","type":"image\/jpeg"}],"author":"Exaudi Redazione","twitter_card":"summary_large_image","twitter_creator":"@Exaudi_Notizie","twitter_site":"@Exaudi_News","twitter_misc":{"Scritto da":"Exaudi Redazione","Tempo di lettura stimato":"3 minuti"},"schema":{"@context":"https:\/\/schema.org","@graph":[{"@type":"Article","@id":"https:\/\/exaudi.org\/it\/il-conclave-storia-processo-e-tradizioni-dellelezione-papale\/#article","isPartOf":{"@id":"https:\/\/exaudi.org\/it\/il-conclave-storia-processo-e-tradizioni-dellelezione-papale\/"},"author":{"name":"Exaudi Redazione","@id":"https:\/\/exaudi.org\/#\/schema\/person\/e1ab6ed07c01774724dd96f925f3a5f0"},"headline":"Il Conclave: storia, processo e tradizioni dell&#8217;elezione papale","datePublished":"2025-04-30T17:33:07+00:00","mainEntityOfPage":{"@id":"https:\/\/exaudi.org\/it\/il-conclave-storia-processo-e-tradizioni-dellelezione-papale\/"},"wordCount":681,"image":{"@id":"https:\/\/exaudi.org\/it\/il-conclave-storia-processo-e-tradizioni-dellelezione-papale\/#primaryimage"},"thumbnailUrl":"https:\/\/exaudi.org\/wp-content\/uploads\/2025\/04\/494157060_17954038979944327_3833177887218766606_n-e1745913372462.jpg","keywords":["aneddoti del conclave","Cappella Sistina","cardinali elettori","Chiesa cattolica","come viene eletto il papa","conclave","Conclave dello Spirito Santo","Conclave vaticano","elezione del Papa","Fumata bianca del Vaticano","fumo bianco","fumo nero","Messa dello Spirito Santo","neo-pap\u00e0","Processo di elezione del Papa","storia del conclave","storia delle elezioni papali","successore di San Pietro","tradizione papale","Trending"],"articleSection":["Analisi"],"inLanguage":"it-IT"},{"@type":"WebPage","@id":"https:\/\/exaudi.org\/it\/il-conclave-storia-processo-e-tradizioni-dellelezione-papale\/","url":"https:\/\/exaudi.org\/it\/il-conclave-storia-processo-e-tradizioni-dellelezione-papale\/","name":"Il Conclave: storia, processo e tradizioni dell'elezione papale &#8211; Exaudi","isPartOf":{"@id":"https:\/\/exaudi.org\/#website"},"primaryImageOfPage":{"@id":"https:\/\/exaudi.org\/it\/il-conclave-storia-processo-e-tradizioni-dellelezione-papale\/#primaryimage"},"image":{"@id":"https:\/\/exaudi.org\/it\/il-conclave-storia-processo-e-tradizioni-dellelezione-papale\/#primaryimage"},"thumbnailUrl":"https:\/\/exaudi.org\/wp-content\/uploads\/2025\/04\/494157060_17954038979944327_3833177887218766606_n-e1745913372462.jpg","datePublished":"2025-04-30T17:33:07+00:00","author":{"@id":"https:\/\/exaudi.org\/#\/schema\/person\/e1ab6ed07c01774724dd96f925f3a5f0"},"breadcrumb":{"@id":"https:\/\/exaudi.org\/it\/il-conclave-storia-processo-e-tradizioni-dellelezione-papale\/#breadcrumb"},"inLanguage":"it-IT","potentialAction":[{"@type":"ReadAction","target":["https:\/\/exaudi.org\/it\/il-conclave-storia-processo-e-tradizioni-dellelezione-papale\/"]}]},{"@type":"ImageObject","inLanguage":"it-IT","@id":"https:\/\/exaudi.org\/it\/il-conclave-storia-processo-e-tradizioni-dellelezione-papale\/#primaryimage","url":"https:\/\/exaudi.org\/wp-content\/uploads\/2025\/04\/494157060_17954038979944327_3833177887218766606_n-e1745913372462.jpg","contentUrl":"https:\/\/exaudi.org\/wp-content\/uploads\/2025\/04\/494157060_17954038979944327_3833177887218766606_n-e1745913372462.jpg","width":1080,"height":1080},{"@type":"BreadcrumbList","@id":"https:\/\/exaudi.org\/it\/il-conclave-storia-processo-e-tradizioni-dellelezione-papale\/#breadcrumb","itemListElement":[{"@type":"ListItem","position":1,"name":"Portada","item":"https:\/\/exaudi.org\/it\/"},{"@type":"ListItem","position":2,"name":"Il Conclave: storia, processo e tradizioni dell&#8217;elezione papale"}]},{"@type":"WebSite","@id":"https:\/\/exaudi.org\/#website","url":"https:\/\/exaudi.org\/","name":"Exaudi","description":"News","potentialAction":[{"@type":"SearchAction","target":{"@type":"EntryPoint","urlTemplate":"https:\/\/exaudi.org\/?s={search_term_string}"},"query-input":{"@type":"PropertyValueSpecification","valueRequired":true,"valueName":"search_term_string"}}],"inLanguage":"it-IT"},{"@type":"Person","@id":"https:\/\/exaudi.org\/#\/schema\/person\/e1ab6ed07c01774724dd96f925f3a5f0","name":"Exaudi Redazione","image":{"@type":"ImageObject","inLanguage":"it-IT","@id":"https:\/\/secure.gravatar.com\/avatar\/ad6774b3ada023bf5b939d64f45c94b3adf91502dd883507d469b4308a943bb3?s=96&d=mm&r=g","url":"https:\/\/secure.gravatar.com\/avatar\/ad6774b3ada023bf5b939d64f45c94b3adf91502dd883507d469b4308a943bb3?s=96&d=mm&r=g","contentUrl":"https:\/\/secure.gravatar.com\/avatar\/ad6774b3ada023bf5b939d64f45c94b3adf91502dd883507d469b4308a943bb3?s=96&d=mm&r=g","caption":"Exaudi Redazione"},"description":"Che cosa \u00e8 Exaudi News? Exaudi News \u00e8 un agenzia cattolica internazionale che informa, istruisce e trasforma quotidianamente in spagnolo, inglese e italiano. Attraverso notizie, articoli di analisi e trasmissioni in diretta degli eventi del Papa, Exaudi cerca di rafforzare l'unit\u00e0 dei cristiani e di contribuire all'evangelizzazione del mondo, sempre guidato dalla dottrina sociale della Chiesa. Lavoriamo per portare la verit\u00e0 e i valori cristiani in ogni angolo del pianeta. Aiutaci a trasformare il mondo con Exaudi! Noi di Exaudi crediamo che l'evangelizzazione e l'informazione di qualit\u00e0 possano cambiare la vita. Per continuare la nostra missione ed espandere la nostra portata, abbiamo bisogno del tuo aiuto. Stiamo anche cercando persone motivate che vogliano unirsi al nostro team. Grazie al vostro sostegno raggiungeremo pi\u00f9 persone, diffonderemo il messaggio di Cristo e rafforzeremo l'unit\u00e0 dei cristiani. Vuoi unirti alla nostra missione? Per maggiori informazioni su come contribuire, visita Exaudi.org\/it o contattaci direttamente: info@exaudi.org Exaudi: informa, forma e trasforma.","sameAs":["https:\/\/www.facebook.com\/ExaudiNotizie\/","https:\/\/www.instagram.com\/Exaudi_notizie\/","https:\/\/x.com\/Exaudi_Notizie","https:\/\/www.youtube.com\/@exaudicatholicnews"],"url":"https:\/\/exaudi.org\/it\/author\/dlvedi-org\/"}]}},"jetpack_featured_media_url":"https:\/\/exaudi.org\/wp-content\/uploads\/2025\/04\/494157060_17954038979944327_3833177887218766606_n-e1745913372462.jpg","jetpack_shortlink":"https:\/\/wp.me\/pgKjF2-wuA","_links":{"self":[{"href":"https:\/\/exaudi.org\/it\/wp-json\/wp\/v2\/posts\/124904","targetHints":{"allow":["GET"]}}],"collection":[{"href":"https:\/\/exaudi.org\/it\/wp-json\/wp\/v2\/posts"}],"about":[{"href":"https:\/\/exaudi.org\/it\/wp-json\/wp\/v2\/types\/post"}],"author":[{"embeddable":true,"href":"https:\/\/exaudi.org\/it\/wp-json\/wp\/v2\/users\/17"}],"replies":[{"embeddable":true,"href":"https:\/\/exaudi.org\/it\/wp-json\/wp\/v2\/comments?post=124904"}],"version-history":[{"count":0,"href":"https:\/\/exaudi.org\/it\/wp-json\/wp\/v2\/posts\/124904\/revisions"}],"wp:featuredmedia":[{"embeddable":true,"href":"https:\/\/exaudi.org\/it\/wp-json\/wp\/v2\/media\/124749"}],"wp:attachment":[{"href":"https:\/\/exaudi.org\/it\/wp-json\/wp\/v2\/media?parent=124904"}],"wp:term":[{"taxonomy":"category","embeddable":true,"href":"https:\/\/exaudi.org\/it\/wp-json\/wp\/v2\/categories?post=124904"},{"taxonomy":"post_tag","embeddable":true,"href":"https:\/\/exaudi.org\/it\/wp-json\/wp\/v2\/tags?post=124904"}],"curies":[{"name":"wp","href":"https:\/\/api.w.org\/{rel}","templated":true}]}}