{"id":12469,"date":"2021-04-20T15:19:36","date_gmt":"2021-04-20T13:19:36","guid":{"rendered":"https:\/\/exaudi.org\/?p=12469"},"modified":"2021-04-20T15:52:40","modified_gmt":"2021-04-20T13:52:40","slug":"liberta-religiosa-negata-in-62-stati-del-mondo","status":"publish","type":"post","link":"https:\/\/exaudi.org\/it\/liberta-religiosa-negata-in-62-stati-del-mondo\/","title":{"rendered":"Libert\u00e0 religiosa negata in 62 Stati del mondo"},"content":{"rendered":"<p>E\u2019 stato presentato in video conferenza il Rapporto sulla libert\u00e0 religiosa nel mondo, che la fondazione pontificia Aiuto alla Chiesa che Soffre (ACS) pubblica ogni due anni. Il dossier \u00e8 giunto alla XV edizione. Il documento evidenzia che in una nazione su tre si registrano gravi violazioni della libert\u00e0 religiosa. Secondo lo studio, questo diritto fondamentale non \u00e8 stato rispettato in 62 dei 196 Paesi sovrani (31,6% del totale) nel biennio 2018-2020. Sono 416 milioni i cristiani minacciati dalla persecuzione.<\/p>\n<h4>Nove nuovi Paesi<\/h4>\n<p>Alla presentazione, oltre al cardinale Mauro Piacenza e a Thomas Heine-Geldern, rispettivamente Presidente e Presidente esecutivo di ACS Internazionale, hanno partecipato due testimoni diretti della persecuzione religiosa: Asia Bibi, in collegamento dal Canada dove vive dopo la sua liberazione, e mons. Laurent B. Dabir\u00e9, vescovo di Dori e presidente della Conferenza episcopale del Burkina Faso e del Niger. Il Burkina, infatti, \u00e8 uno dei nove Paesi entrati nella triste classifica delle 26 nazioni in cui si soffre la persecuzione.<\/p>\n<p>Gli altri sono sei in Africa (Camerun, Ciad, Comore, Repubblica Democratica del Congo, Mali e Mozambico) e due in Asia (Malesia e Sri Lanka). \u201cLa causa principale \u00e8 la progressiva radicalizzazione del continente africano, specie nelle aree sub-sahariana e orientale, dove la presenza di gruppi jihadisti \u00e8 notevolmente aumentata\u201d ha spiegato il direttore di Aiuto alla Chiesa che Soffre Italia Alessandro Monteduro.<\/p>\n<h4>Il dramma del Burkina Faso<\/h4>\n<p>E&#8217; ben nota, purtroppo, la situazione del Pakistan, <a href=\"https:\/\/exaudi.org\/it\/appello-di-asia-bibi-per-salvare-le-spose-bambine\/\">ricordata da Asia Bibi<\/a>. Ma il dramma della persecuzione si sta estendendo a molti altri paesi. Tra questi il Burkina Faso: \u201cGli attacchi terroristici sono iniziati nel 2015. Sono diventati una vera valanga che si \u00e8 abbattuta nel Sahel e poi \u00e8 avanzata nel resto del paese&#8221; ha spiegato mons. Dabir\u00e9. &#8220;All\u2019inizio era un fenomeno di aggressione di cui non si sapevano i motivi. Poi si \u00e8 capito che erano gruppi provenienti da Mali, Niger, qualcuno dalla Libia\u2026 ci siamo ritrovati nella bufera, con distruzione di case, massacri di civili, distruzione di scuole e ogni simbolo dello Stato e della tolleranza\u201d.<\/p>\n<p>Un fenomeno che \u201csi \u00e8 manifestato come una negazione della libert\u00e0 religiosa non solo per i cristiani. Anche per i musulmani che non condividono questo modo di agire: sono stati cacciati, convertiti all\u2019Islam radicale o uccisi. Non c\u2019\u00e8 un vero piano di persecuzione ma i terroristi non vogliono il pacifico vivere insieme, il dialogo interreligioso che il Burkina conosceva. Nella loro avanzata \u2013 spiega il vescovo \u2013 \u00e8 stato negato ai cristiani il diritto di vivere in pace, di professare la loro fede e non convertirsi ad altre fedi. E\u2019 una rivoluzione rispetto alla convivenza pacifica precedente\u201d.<\/p>\n<h4>Chiuse met\u00e0 delle parrocchie<\/h4>\n<p>Nella diocesi di Dori su 6 parrocchie 3 sono chiuse: \u201cDa 4 anni non possiamo andare oltre piccoli centri urbani, non possiamo esercitare la nostra libert\u00e0 religiosa. Da un paio di mesi vediamo piccola normalizzazione, le uccisioni sono diminuite, ci sono meno sfollati e cerchiamo di portare aiuti materiali e spirituali. Se i fondamentalisti avranno la meglio sar\u00e0 finita per le altre religioni e per la presenza della Chiesa ma non crediamo che questo avverr\u00e0\u201d.<\/p>\n<h4>Un network islamista<\/h4>\n<p>Violazioni della libert\u00e0 religiosa si sono verificate nel 42% delle nazioni africane. Burkina Faso e Mozambico rappresentano due casi eclatanti. \u00abQuesta radicalizzazione non si limita tuttavia all\u2019Africa. Il Rapporto &#8211; sottolinea Monteduro &#8211; descrive il consolidamento di un network islamista transnazionale che si estende dal Mali al Mozambico, dalle Comore nell\u2019Oceano Indiano alle Filippine nel Mar Cinese Meridionale, il cui scopo \u00e8 creare un sedicente califfato transcontinentale\u00bb.<\/p>\n<h4>La repressione usa la tecnologia<\/h4>\n<p>Il Rapporto evidenzia una nuova frontiera: l\u2019abuso della tecnologia digitale, delle cyber networks, della sorveglianza di massa basata sull\u2019intelligenza artificiale (AI) e sulla tecnologia del riconoscimento facciale. L&#8217;obiettivo \u00e8 assicurare un maggiore controllo con finalit\u00e0 discriminatorie. Questo fenomeno \u00e8 evidente soprattutto in Cina, dove il Partito Comunista sta reprimendo i gruppi religiosi. A questo scopo utilizza 626 milioni di telecamere di sorveglianza con tecnologia AI e i sensori degli smartphone. Anche i gruppi jihadisti stanno impiegando la tecnologia digitale per favorire la radicalizzazione e per il reclutamento di nuovi terroristi.<\/p>\n<p>In 42 Paesi (21% del totale), abbandonare o cambiare la propria religione pu\u00f2 determinare gravi conseguenze legali e\/o sociali, con conseguenze che vanno dall\u2019ostracismo familiare alla pena di morte. La ricerca di ACS denuncia anche l\u2019incremento della violenza sessuale impiegata come arma contro le minoranze religiose. In particolare aumentano i crimini contro donne adulte e minorenni che vengono rapite, violentate e costrette a ripudiare la loro fede per abbracciare con la forza quella maggioritaria.<\/p>\n<p>Il 67% circa della popolazione mondiale, circa 5,2 miliardi di persone, vive in nazioni in cui si verificano gravi violazioni della libert\u00e0 religiosa. Fra di esse vi sono quelle pi\u00f9 popolose: Cina, India e Pakistan.<\/p>\n<p>Anche la persecuzione religiosa dei governi autoritari (il riferimento \u00e8 soprattutto a Cina e Corea del Nord) si \u00e8 intensificata. La promozione della supremazia etnica e religiosa in alcune nazioni asiatiche a maggioranza ind\u00f9 e buddista ha contribuito ad aumentare l\u2019oppressione ai danni delle minoranze, riducendone spesso i componenti a livello di cittadini di seconda classe. L\u2019India rappresenta il caso pi\u00f9 eclatante, ma tali politiche vengono applicate anche in Pakistan, Nepal, Sri Lanka e Myanmar.<\/p>\n<h4>La &#8220;persecuzione educata&#8221;<\/h4>\n<p>In Occidente, poi, si registra una diffusione della \u201cpersecuzione educata\u201d, come l&#8217;ha definita Papa Francesco per descrivere il conflitto fra le nuove tendenze culturali e i diritti individuali alla libert\u00e0 di coscienza, conflitto a causa del quale la religione viene relegata nel ristretto perimetro dei luoghi di culto.<\/p>\n<h4>L&#8217;impatto della pandemia<\/h4>\n<p>Il Rapporto fa cenno anche al profondo impatto della pandemia da COVID-19 sul diritto alla libert\u00e0 religiosa. A fronte di una tale emergenza, i governi hanno ritenuto necessario imporre misure straordinarie, applicando in alcuni casi limitazioni sproporzionate al culto religioso, specie se confrontate con quelle imposte ad altre attivit\u00e0 secolari. In alcuni Paesi, come ad esempio il Pakistan e l\u2019India, gli aiuti umanitari sono stati negati alle minoranze religiose. La pandemia \u00e8 utilizzata specie nei social network quale pretesto per stigmatizzare alcuni gruppi religiosi accusati di aver diffuso o addirittura causato la pandemia.<\/p>\n<p>Secondo Alfredo Mantovano, Presidente di ACS Italia, \u00aba causa della pandemia ci siamo abituati a ragionare e a operare in termini di zone rosse, zone arancione, e cos\u00ec via, a seconda dell\u2019intensit\u00e0 del contagio. Il Rapporto adopera da 22 anni la differente intensit\u00e0 dei colori per rendere visivamente chiara l\u2019intensit\u00e0 della persecuzione religiosa nel mondo. Ma nel Rapporto ai colori non corrisponde la tipologia di esercizi commerciali che possono stare aperti o che devono chiudere\u00bb.<\/p>\n<p>\u00abLe restrizioni &#8211; prosegue Mantovano &#8211; attengono all\u2019esercizio di un diritto umano fondamentale, dai luoghi nei quali la condanna a morte colpisce chi mostra in pubblico i segni della propria fede, a quelli che sono teatro tragico dell\u2019uso seriale e programmato della violenza sessuale nei confronti delle giovani donne colpevoli di appartenere a una comunit\u00e0 religiosa da cancellare\u00bb, ha aggiunto il Presidente di ACS Italia.<\/p>\n<h4>L&#8217;Occidente indifferente<\/h4>\n<p>\u201cIl Rapporto &#8211; ha concluso \u2013 \u00e8 uno strumento per vincere l\u2019indifferenza. Se infatti in molti luoghi la fede \u00e8 repressa con la violenza, in altri, in cui si parla di diritti e spesso si elevano a rango di diritti quelli che sono solo desideri, c\u2019\u00e8 un\u2019indifferenza incredibile che ignora la realt\u00e0 di milioni di vittime\u201d della repressione. Il riferimento all&#8217;Occidente secolarizzato \u00e8 evidente.<\/p>\n","protected":false},"excerpt":{"rendered":"<p>Presentato il Rapporto di Aiuto alla Chiesa che Soffre. La testimonianza sul Burkina Faso del vescovo Dabir\u00e9<\/p>\n","protected":false},"author":18,"featured_media":12470,"comment_status":"closed","ping_status":"closed","sticky":false,"template":"","format":"standard","meta":{"_acf_changed":false,"_crdt_document":"","inline_featured_image":false,"footnotes":""},"categories":[71,58,297],"tags":[356,1811,1812,1809,1810],"class_list":["post-12469","post","type-post","status-publish","format-standard","has-post-thumbnail","hentry","category-analisi","category-featured-news","category-ultime-notizie","tag-aiuto-alla-chiesa-che-soffre","tag-asia-bibi","tag-cina","tag-liberta-religiosa","tag-persecuzione"],"acf":[],"yoast_head":"<!-- This site is optimized with the Yoast SEO plugin v27.5 - https:\/\/yoast.com\/product\/yoast-seo-wordpress\/ -->\n<title>Libert\u00e0 religiosa negata in 62 Stati del mondo &#8211; Exaudi<\/title>\n<meta name=\"description\" content=\"Presentato il Rapporto sulla libert\u00e0 religiosa nel mondo della fondazione pontificia Aiuto alla Chiesa che Soffre. Aumentano le persecuzioni\" \/>\n<meta name=\"robots\" content=\"index, follow, max-snippet:-1, max-image-preview:large, max-video-preview:-1\" \/>\n<link rel=\"canonical\" href=\"https:\/\/exaudi.org\/it\/liberta-religiosa-negata-in-62-stati-del-mondo\/\" \/>\n<meta property=\"og:locale\" content=\"it_IT\" \/>\n<meta property=\"og:type\" content=\"article\" \/>\n<meta property=\"og:title\" content=\"Libert\u00e0 religiosa negata in 62 Stati del mondo &#8211; Exaudi\" \/>\n<meta property=\"og:description\" content=\"Presentato il Rapporto sulla libert\u00e0 religiosa nel mondo della fondazione pontificia Aiuto alla Chiesa che Soffre. Aumentano le persecuzioni\" \/>\n<meta property=\"og:url\" content=\"https:\/\/exaudi.org\/it\/liberta-religiosa-negata-in-62-stati-del-mondo\/\" \/>\n<meta property=\"og:site_name\" content=\"Exaudi\" \/>\n<meta property=\"article:publisher\" content=\"https:\/\/www.facebook.com\/ExaudiNews\" \/>\n<meta property=\"article:published_time\" content=\"2021-04-20T13:19:36+00:00\" \/>\n<meta property=\"article:modified_time\" content=\"2021-04-20T13:52:40+00:00\" \/>\n<meta property=\"og:image\" content=\"https:\/\/exaudi.org\/wp-content\/uploads\/2021\/04\/Cartina-Persecuzione-Report-2020_FRONT.jpg\" \/>\n\t<meta property=\"og:image:width\" content=\"1575\" \/>\n\t<meta property=\"og:image:height\" content=\"757\" \/>\n\t<meta property=\"og:image:type\" content=\"image\/jpeg\" \/>\n<meta name=\"author\" content=\"Andrea Acali\" \/>\n<meta name=\"twitter:card\" content=\"summary_large_image\" \/>\n<meta name=\"twitter:creator\" content=\"@Exaudi_News\" \/>\n<meta name=\"twitter:site\" content=\"@Exaudi_News\" \/>\n<meta name=\"twitter:label1\" content=\"Scritto da\" \/>\n\t<meta name=\"twitter:data1\" content=\"Andrea Acali\" \/>\n\t<meta name=\"twitter:label2\" content=\"Tempo di lettura stimato\" \/>\n\t<meta name=\"twitter:data2\" content=\"6 minuti\" \/>\n<script type=\"application\/ld+json\" class=\"yoast-schema-graph\">{\"@context\":\"https:\\\/\\\/schema.org\",\"@graph\":[{\"@type\":\"Article\",\"@id\":\"https:\\\/\\\/exaudi.org\\\/it\\\/liberta-religiosa-negata-in-62-stati-del-mondo\\\/#article\",\"isPartOf\":{\"@id\":\"https:\\\/\\\/exaudi.org\\\/it\\\/liberta-religiosa-negata-in-62-stati-del-mondo\\\/\"},\"author\":{\"name\":\"Andrea Acali\",\"@id\":\"https:\\\/\\\/exaudi.org\\\/#\\\/schema\\\/person\\\/127735be832481a6d3c410c5837bb61a\"},\"headline\":\"Libert\u00e0 religiosa negata in 62 Stati del mondo\",\"datePublished\":\"2021-04-20T13:19:36+00:00\",\"dateModified\":\"2021-04-20T13:52:40+00:00\",\"mainEntityOfPage\":{\"@id\":\"https:\\\/\\\/exaudi.org\\\/it\\\/liberta-religiosa-negata-in-62-stati-del-mondo\\\/\"},\"wordCount\":1208,\"image\":{\"@id\":\"https:\\\/\\\/exaudi.org\\\/it\\\/liberta-religiosa-negata-in-62-stati-del-mondo\\\/#primaryimage\"},\"thumbnailUrl\":\"https:\\\/\\\/exaudi.org\\\/wp-content\\\/uploads\\\/2021\\\/04\\\/Cartina-Persecuzione-Report-2020_FRONT.jpg\",\"keywords\":[\"Aiuto alla Chiesa che Soffre\",\"Asia Bibi\",\"Cina\",\"libert\u00e0 religiosa\",\"persecuzione\"],\"articleSection\":[\"Analisi\",\"Featured News\",\"Ultime Notizie\"],\"inLanguage\":\"it-IT\"},{\"@type\":\"WebPage\",\"@id\":\"https:\\\/\\\/exaudi.org\\\/it\\\/liberta-religiosa-negata-in-62-stati-del-mondo\\\/\",\"url\":\"https:\\\/\\\/exaudi.org\\\/it\\\/liberta-religiosa-negata-in-62-stati-del-mondo\\\/\",\"name\":\"Libert\u00e0 religiosa negata in 62 Stati del mondo &#8211; Exaudi\",\"isPartOf\":{\"@id\":\"https:\\\/\\\/exaudi.org\\\/#website\"},\"primaryImageOfPage\":{\"@id\":\"https:\\\/\\\/exaudi.org\\\/it\\\/liberta-religiosa-negata-in-62-stati-del-mondo\\\/#primaryimage\"},\"image\":{\"@id\":\"https:\\\/\\\/exaudi.org\\\/it\\\/liberta-religiosa-negata-in-62-stati-del-mondo\\\/#primaryimage\"},\"thumbnailUrl\":\"https:\\\/\\\/exaudi.org\\\/wp-content\\\/uploads\\\/2021\\\/04\\\/Cartina-Persecuzione-Report-2020_FRONT.jpg\",\"datePublished\":\"2021-04-20T13:19:36+00:00\",\"dateModified\":\"2021-04-20T13:52:40+00:00\",\"author\":{\"@id\":\"https:\\\/\\\/exaudi.org\\\/#\\\/schema\\\/person\\\/127735be832481a6d3c410c5837bb61a\"},\"description\":\"Presentato il Rapporto sulla libert\u00e0 religiosa nel mondo della fondazione pontificia Aiuto alla Chiesa che Soffre. Aumentano le persecuzioni\",\"breadcrumb\":{\"@id\":\"https:\\\/\\\/exaudi.org\\\/it\\\/liberta-religiosa-negata-in-62-stati-del-mondo\\\/#breadcrumb\"},\"inLanguage\":\"it-IT\",\"potentialAction\":[{\"@type\":\"ReadAction\",\"target\":[\"https:\\\/\\\/exaudi.org\\\/it\\\/liberta-religiosa-negata-in-62-stati-del-mondo\\\/\"]}]},{\"@type\":\"ImageObject\",\"inLanguage\":\"it-IT\",\"@id\":\"https:\\\/\\\/exaudi.org\\\/it\\\/liberta-religiosa-negata-in-62-stati-del-mondo\\\/#primaryimage\",\"url\":\"https:\\\/\\\/exaudi.org\\\/wp-content\\\/uploads\\\/2021\\\/04\\\/Cartina-Persecuzione-Report-2020_FRONT.jpg\",\"contentUrl\":\"https:\\\/\\\/exaudi.org\\\/wp-content\\\/uploads\\\/2021\\\/04\\\/Cartina-Persecuzione-Report-2020_FRONT.jpg\",\"width\":1575,\"height\":757,\"caption\":\"Libert\u00e0 religiosa\"},{\"@type\":\"BreadcrumbList\",\"@id\":\"https:\\\/\\\/exaudi.org\\\/it\\\/liberta-religiosa-negata-in-62-stati-del-mondo\\\/#breadcrumb\",\"itemListElement\":[{\"@type\":\"ListItem\",\"position\":1,\"name\":\"Portada\",\"item\":\"https:\\\/\\\/exaudi.org\\\/it\\\/\"},{\"@type\":\"ListItem\",\"position\":2,\"name\":\"Libert\u00e0 religiosa negata in 62 Stati del mondo\"}]},{\"@type\":\"WebSite\",\"@id\":\"https:\\\/\\\/exaudi.org\\\/#website\",\"url\":\"https:\\\/\\\/exaudi.org\\\/\",\"name\":\"Exaudi\",\"description\":\"News\",\"potentialAction\":[{\"@type\":\"SearchAction\",\"target\":{\"@type\":\"EntryPoint\",\"urlTemplate\":\"https:\\\/\\\/exaudi.org\\\/?s={search_term_string}\"},\"query-input\":{\"@type\":\"PropertyValueSpecification\",\"valueRequired\":true,\"valueName\":\"search_term_string\"}}],\"inLanguage\":\"it-IT\"},{\"@type\":\"Person\",\"@id\":\"https:\\\/\\\/exaudi.org\\\/#\\\/schema\\\/person\\\/127735be832481a6d3c410c5837bb61a\",\"name\":\"Andrea Acali\",\"image\":{\"@type\":\"ImageObject\",\"inLanguage\":\"it-IT\",\"@id\":\"https:\\\/\\\/secure.gravatar.com\\\/avatar\\\/2abf8e528c4f8c571ab456e5ef9ac66b04b987863e3ab3fd9546150699bb9259?s=96&d=mm&r=g\",\"url\":\"https:\\\/\\\/secure.gravatar.com\\\/avatar\\\/2abf8e528c4f8c571ab456e5ef9ac66b04b987863e3ab3fd9546150699bb9259?s=96&d=mm&r=g\",\"contentUrl\":\"https:\\\/\\\/secure.gravatar.com\\\/avatar\\\/2abf8e528c4f8c571ab456e5ef9ac66b04b987863e3ab3fd9546150699bb9259?s=96&d=mm&r=g\",\"caption\":\"Andrea Acali\"},\"description\":\"Andrea Acali es un periodista y comunicador italiano con una larga trayectoria en el \u00e1mbito de la informaci\u00f3n religiosa, social y deportiva. Durante casi treinta a\u00f1os trabaj\u00f3 en el diario Il Tempo como vaticanista y jefe de secci\u00f3n, especializ\u00e1ndose en la cobertura de la actualidad del Vaticano y de la Iglesia cat\u00f3lica. Desde 2016 colabora como periodista web en RomaSette y tambi\u00e9n escribe para el peri\u00f3dico Avvenire. Desde 2019 ejerce como comunicador en la Delegazione della Generalitat de Catalunya in Italia, con sede en Roma, donde combina su experiencia period\u00edstica con la comunicaci\u00f3n institucional\",\"sameAs\":[\"https:\\\/\\\/www.linkedin.com\\\/in\\\/andrea-acali-505567125\\\/?originalSubdomain=it\"],\"url\":\"https:\\\/\\\/exaudi.org\\\/it\\\/author\\\/aacaliexaudi-org\\\/\"}]}<\/script>\n<!-- \/ Yoast SEO plugin. -->","yoast_head_json":{"title":"Libert\u00e0 religiosa negata in 62 Stati del mondo &#8211; Exaudi","description":"Presentato il Rapporto sulla libert\u00e0 religiosa nel mondo della fondazione pontificia Aiuto alla Chiesa che Soffre. Aumentano le persecuzioni","robots":{"index":"index","follow":"follow","max-snippet":"max-snippet:-1","max-image-preview":"max-image-preview:large","max-video-preview":"max-video-preview:-1"},"canonical":"https:\/\/exaudi.org\/it\/liberta-religiosa-negata-in-62-stati-del-mondo\/","og_locale":"it_IT","og_type":"article","og_title":"Libert\u00e0 religiosa negata in 62 Stati del mondo &#8211; Exaudi","og_description":"Presentato il Rapporto sulla libert\u00e0 religiosa nel mondo della fondazione pontificia Aiuto alla Chiesa che Soffre. Aumentano le persecuzioni","og_url":"https:\/\/exaudi.org\/it\/liberta-religiosa-negata-in-62-stati-del-mondo\/","og_site_name":"Exaudi","article_publisher":"https:\/\/www.facebook.com\/ExaudiNews","article_published_time":"2021-04-20T13:19:36+00:00","article_modified_time":"2021-04-20T13:52:40+00:00","og_image":[{"width":1575,"height":757,"url":"https:\/\/exaudi.org\/wp-content\/uploads\/2021\/04\/Cartina-Persecuzione-Report-2020_FRONT.jpg","type":"image\/jpeg"}],"author":"Andrea Acali","twitter_card":"summary_large_image","twitter_creator":"@Exaudi_News","twitter_site":"@Exaudi_News","twitter_misc":{"Scritto da":"Andrea Acali","Tempo di lettura stimato":"6 minuti"},"schema":{"@context":"https:\/\/schema.org","@graph":[{"@type":"Article","@id":"https:\/\/exaudi.org\/it\/liberta-religiosa-negata-in-62-stati-del-mondo\/#article","isPartOf":{"@id":"https:\/\/exaudi.org\/it\/liberta-religiosa-negata-in-62-stati-del-mondo\/"},"author":{"name":"Andrea Acali","@id":"https:\/\/exaudi.org\/#\/schema\/person\/127735be832481a6d3c410c5837bb61a"},"headline":"Libert\u00e0 religiosa negata in 62 Stati del mondo","datePublished":"2021-04-20T13:19:36+00:00","dateModified":"2021-04-20T13:52:40+00:00","mainEntityOfPage":{"@id":"https:\/\/exaudi.org\/it\/liberta-religiosa-negata-in-62-stati-del-mondo\/"},"wordCount":1208,"image":{"@id":"https:\/\/exaudi.org\/it\/liberta-religiosa-negata-in-62-stati-del-mondo\/#primaryimage"},"thumbnailUrl":"https:\/\/exaudi.org\/wp-content\/uploads\/2021\/04\/Cartina-Persecuzione-Report-2020_FRONT.jpg","keywords":["Aiuto alla Chiesa che Soffre","Asia Bibi","Cina","libert\u00e0 religiosa","persecuzione"],"articleSection":["Analisi","Featured News","Ultime Notizie"],"inLanguage":"it-IT"},{"@type":"WebPage","@id":"https:\/\/exaudi.org\/it\/liberta-religiosa-negata-in-62-stati-del-mondo\/","url":"https:\/\/exaudi.org\/it\/liberta-religiosa-negata-in-62-stati-del-mondo\/","name":"Libert\u00e0 religiosa negata in 62 Stati del mondo &#8211; Exaudi","isPartOf":{"@id":"https:\/\/exaudi.org\/#website"},"primaryImageOfPage":{"@id":"https:\/\/exaudi.org\/it\/liberta-religiosa-negata-in-62-stati-del-mondo\/#primaryimage"},"image":{"@id":"https:\/\/exaudi.org\/it\/liberta-religiosa-negata-in-62-stati-del-mondo\/#primaryimage"},"thumbnailUrl":"https:\/\/exaudi.org\/wp-content\/uploads\/2021\/04\/Cartina-Persecuzione-Report-2020_FRONT.jpg","datePublished":"2021-04-20T13:19:36+00:00","dateModified":"2021-04-20T13:52:40+00:00","author":{"@id":"https:\/\/exaudi.org\/#\/schema\/person\/127735be832481a6d3c410c5837bb61a"},"description":"Presentato il Rapporto sulla libert\u00e0 religiosa nel mondo della fondazione pontificia Aiuto alla Chiesa che Soffre. Aumentano le persecuzioni","breadcrumb":{"@id":"https:\/\/exaudi.org\/it\/liberta-religiosa-negata-in-62-stati-del-mondo\/#breadcrumb"},"inLanguage":"it-IT","potentialAction":[{"@type":"ReadAction","target":["https:\/\/exaudi.org\/it\/liberta-religiosa-negata-in-62-stati-del-mondo\/"]}]},{"@type":"ImageObject","inLanguage":"it-IT","@id":"https:\/\/exaudi.org\/it\/liberta-religiosa-negata-in-62-stati-del-mondo\/#primaryimage","url":"https:\/\/exaudi.org\/wp-content\/uploads\/2021\/04\/Cartina-Persecuzione-Report-2020_FRONT.jpg","contentUrl":"https:\/\/exaudi.org\/wp-content\/uploads\/2021\/04\/Cartina-Persecuzione-Report-2020_FRONT.jpg","width":1575,"height":757,"caption":"Libert\u00e0 religiosa"},{"@type":"BreadcrumbList","@id":"https:\/\/exaudi.org\/it\/liberta-religiosa-negata-in-62-stati-del-mondo\/#breadcrumb","itemListElement":[{"@type":"ListItem","position":1,"name":"Portada","item":"https:\/\/exaudi.org\/it\/"},{"@type":"ListItem","position":2,"name":"Libert\u00e0 religiosa negata in 62 Stati del mondo"}]},{"@type":"WebSite","@id":"https:\/\/exaudi.org\/#website","url":"https:\/\/exaudi.org\/","name":"Exaudi","description":"News","potentialAction":[{"@type":"SearchAction","target":{"@type":"EntryPoint","urlTemplate":"https:\/\/exaudi.org\/?s={search_term_string}"},"query-input":{"@type":"PropertyValueSpecification","valueRequired":true,"valueName":"search_term_string"}}],"inLanguage":"it-IT"},{"@type":"Person","@id":"https:\/\/exaudi.org\/#\/schema\/person\/127735be832481a6d3c410c5837bb61a","name":"Andrea Acali","image":{"@type":"ImageObject","inLanguage":"it-IT","@id":"https:\/\/secure.gravatar.com\/avatar\/2abf8e528c4f8c571ab456e5ef9ac66b04b987863e3ab3fd9546150699bb9259?s=96&d=mm&r=g","url":"https:\/\/secure.gravatar.com\/avatar\/2abf8e528c4f8c571ab456e5ef9ac66b04b987863e3ab3fd9546150699bb9259?s=96&d=mm&r=g","contentUrl":"https:\/\/secure.gravatar.com\/avatar\/2abf8e528c4f8c571ab456e5ef9ac66b04b987863e3ab3fd9546150699bb9259?s=96&d=mm&r=g","caption":"Andrea Acali"},"description":"Andrea Acali es un periodista y comunicador italiano con una larga trayectoria en el \u00e1mbito de la informaci\u00f3n religiosa, social y deportiva. Durante casi treinta a\u00f1os trabaj\u00f3 en el diario Il Tempo como vaticanista y jefe de secci\u00f3n, especializ\u00e1ndose en la cobertura de la actualidad del Vaticano y de la Iglesia cat\u00f3lica. Desde 2016 colabora como periodista web en RomaSette y tambi\u00e9n escribe para el peri\u00f3dico Avvenire. Desde 2019 ejerce como comunicador en la Delegazione della Generalitat de Catalunya in Italia, con sede en Roma, donde combina su experiencia period\u00edstica con la comunicaci\u00f3n institucional","sameAs":["https:\/\/www.linkedin.com\/in\/andrea-acali-505567125\/?originalSubdomain=it"],"url":"https:\/\/exaudi.org\/it\/author\/aacaliexaudi-org\/"}]}},"jetpack_featured_media_url":"https:\/\/exaudi.org\/wp-content\/uploads\/2021\/04\/Cartina-Persecuzione-Report-2020_FRONT.jpg","jetpack_shortlink":"https:\/\/wp.me\/pgKjF2-3f7","_links":{"self":[{"href":"https:\/\/exaudi.org\/it\/wp-json\/wp\/v2\/posts\/12469","targetHints":{"allow":["GET"]}}],"collection":[{"href":"https:\/\/exaudi.org\/it\/wp-json\/wp\/v2\/posts"}],"about":[{"href":"https:\/\/exaudi.org\/it\/wp-json\/wp\/v2\/types\/post"}],"author":[{"embeddable":true,"href":"https:\/\/exaudi.org\/it\/wp-json\/wp\/v2\/users\/18"}],"replies":[{"embeddable":true,"href":"https:\/\/exaudi.org\/it\/wp-json\/wp\/v2\/comments?post=12469"}],"version-history":[{"count":0,"href":"https:\/\/exaudi.org\/it\/wp-json\/wp\/v2\/posts\/12469\/revisions"}],"wp:featuredmedia":[{"embeddable":true,"href":"https:\/\/exaudi.org\/it\/wp-json\/wp\/v2\/media\/12470"}],"wp:attachment":[{"href":"https:\/\/exaudi.org\/it\/wp-json\/wp\/v2\/media?parent=12469"}],"wp:term":[{"taxonomy":"category","embeddable":true,"href":"https:\/\/exaudi.org\/it\/wp-json\/wp\/v2\/categories?post=12469"},{"taxonomy":"post_tag","embeddable":true,"href":"https:\/\/exaudi.org\/it\/wp-json\/wp\/v2\/tags?post=12469"}],"curies":[{"name":"wp","href":"https:\/\/api.w.org\/{rel}","templated":true}]}}