{"id":124496,"date":"2025-04-25T16:42:51","date_gmt":"2025-04-25T14:42:51","guid":{"rendered":"https:\/\/exaudi.org\/?p=124496"},"modified":"2025-04-25T16:42:51","modified_gmt":"2025-04-25T14:42:51","slug":"la-rivoluzione-della-tenerezza","status":"publish","type":"post","link":"https:\/\/exaudi.org\/it\/la-rivoluzione-della-tenerezza\/","title":{"rendered":"La rivoluzione della tenerezza"},"content":{"rendered":"<p>Per Papa Francesco, Dio ha tre atteggiamenti: vicinanza, misericordia e tenerezza. Quest&#8217;ultima, soprattutto, \u00e8 stata la bandiera che Francesco ha innalzato durante questi dodici anni del suo pontificato, dando vita a una vera e propria rivoluzione che, pi\u00f9 che una lotta armata frontale e logorante, \u00e8 stata una rivoluzione del cuore con profonde implicazioni nel modo di guardare la realt\u00e0. La rivoluzione di Francesco non \u00e8 stata tanto dottrinale quanto pastorale e, proprio per questo, non si \u00e8 basata su forme o canoni, ma sulla <em>metanoia<\/em> di sentire il Signore Risorto vicino e presente nella vita di ciascuno.<\/p>\n<p>Per Francesco, la tenerezza \u00e8: \u00abun movimento che parte dal cuore e arriva agli occhi, alle orecchie, alle mani. La tenerezza \u00e8 usare gli occhi per vedere l\u2019altro, usare le orecchie per ascoltare l\u2019altro, per sentire il grido dei piccoli, dei poveri, di chi teme il futuro; per ascoltare anche il grido silenzioso della nostra casa comune, la terra inquinata e malata. La tenerezza consiste nell\u2019usare le mani e il cuore per accarezzare l\u2019altro. Per prendersi cura di lui\u00bb.<a href=\"https:\/\/exaudi.org\/es\/la-revolucion-de-la-ternura\/#_ftn1\">[1]<\/a><\/p>\n<p>Per il Vescovo di Roma, il vero cambiamento nella fede sta nel modo in cui la viviamo, affinch\u00e9 nasca dalla profondit\u00e0 della relazione personale con il Padre che desidera trasmettere il suo amore a tutte le sue creature, ma l&#8217;unico modo per raggiungere questo obiettivo \u00e8 attraverso l&#8217;esperienza di sentirsi profondamente amati da Lui. Solo chi sa di essere amato pu\u00f2 amare perch\u00e9 ha conosciuto l&#8217;amore.<\/p>\n<p>Francesco si sent\u00ec profondamente amato da Dio e solo allora fu capace di trasmettere agli altri quello sguardo che non solo li fa sentire accolti, ma li invita anche a diffondere l&#8217;amore che hanno sperimentato. Quindi l&#8217;amore \u00e8 contagioso da persona a persona.<\/p>\n<p>In tutti i suoi gesti, atteggiamenti, parole, pensieri, riflessioni, ecc., Papa Francesco si \u00e8 sforzato di prendersi cura degli altri, costruendo ponti con loro: senza imporre, ha seminato, senza calpestare, ha accompagnato e senza parlare, ha ascoltato. L&#8217;eredit\u00e0 di Francesco \u00e8, tra le tante cose, la tenerezza. Ci\u00f2 diventa un&#8217;ancora perfetta per stabilire il Vangelo, perch\u00e9 Ges\u00f9 lo ha praticato e lo ha trasmesso alle persone con cui ha vissuto, sia santi che peccatori, sia buoni che non cos\u00ec buoni, sia donne che apostoli.<\/p>\n<p>Francesco, come Ges\u00f9, era permeato dall&#8217;amore del Padre, che gli permetteva di vedere gli altri come fratelli e sorelle, senza giudicarli, senza criticarli, senza volerli comprendere e tanto meno cambiarli. Per questo, con pazienza e saggezza, Papa Francesco ci ha insegnato a vedere gli altri come li vedeva Ges\u00f9. La sua vita \u00e8 stata un libro aperto su come dovremmo diventare come Cristo, perch\u00e9 questo \u00e8 ci\u00f2 che conta principalmente nella vita di fede. Quest&#8217;ultima non \u00e8 un trattato intellettuale o un&#8217;eredit\u00e0 gnoseologica, ma un&#8217;esperienza viva che si rafforza nei momenti di tribolazione e vive profondamente nel silenzio e nella perplessit\u00e0.<\/p>\n<p>Forse \u00e8 per questo che Papa Francesco ha chiesto di essere sepolto accanto all&#8217;immagine della Madonna della Salute nella Basilica di Santa Maria Maggiore, perch\u00e9 abbiamo l&#8217;esempio massimo della tenerezza nella madre di Ges\u00f9: Maria.<\/p>\n<p>Oggi Francisco riposa insieme a Maria, che lo abbraccia con la tenerezza che ha sempre dimostrato agli altri. A lui va attribuito il merito di una delle pi\u00f9 grandi riforme della nostra Chiesa, che non viene dichiarata esplicitamente, ma che \u00e8 cos\u00ec significativa da aver posto le basi per una Chiesa diversa alla quale tutti apparteniamo. Una chiesa di luci e ombre, ma segnata, da ora e per sempre, dalla rivoluzione della tenerezza che Francesco ci ha lasciato.<\/p>\n<p><em><strong>Mamma. Elisabetta de los R\u00edos Uriarte.Professore di ricerca presso la Facolt\u00e0 di Bioetica.Universit\u00e0 An\u00e1huac Messico<\/strong><\/em><\/p>\n<p>***<\/p>\n<p><a href=\"https:\/\/exaudi.org\/es\/la-revolucion-de-la-ternura\/#_ftnref1\">[1]<\/a> Cfr. Sansone, Sebastiano. \u201cIn un libro, gli insegnamenti del Papa sulla tenerezza.\u201d In: <a href=\"https:\/\/www.vaticannews.va\/es\/papa\/news\/2023-03\/libro-papa-francisco-ternura-dios-aniversario-pontificado.html#:~:text=La%20ternura%20es%20usar%20los,la%20tierra%20contaminada%20y%20enferma\">https:\/\/www.vaticannews.va\/es\/papa\/news\/2023-03\/libro-papa-francisco-ternura-dios-aniversario-pontificado.html#:~:text=La tenerezza si sta servendo di loro, della terra contaminata e malata<\/a>. Ultima consultazione: 24 aprile 2025.<\/p>\n","protected":false},"excerpt":{"rendered":"<p>L\u2019eredit\u00e0 pi\u00f9 profonda di Papa Francesco non si misura nei documenti, ma nella trasformazione del cuore: una Chiesa che impara a guardare, ascoltare e toccare con tenerezza<\/p>\n","protected":false},"author":27,"featured_media":124454,"comment_status":"closed","ping_status":"closed","sticky":false,"template":"","format":"standard","meta":{"_acf_changed":false,"_crdt_document":"","inline_featured_image":false,"footnotes":""},"categories":[129],"tags":[20601,56228,56229,4512,56231,49153,49209,41122,56230,56232,45384,56233,1128,251,55956,56234,18875,1303,56235,56236,4952,706,1822],"class_list":["post-124496","post","type-post","status-publish","format-standard","has-post-thumbnail","hentry","category-voci","tag-amore-di-dio","tag-bioetica-cristiana-2","tag-cambiamento-pastorale","tag-chiesa-cattolica","tag-chiesa-contemporanea","tag-chiesa-in-movimento","tag-eredita-di-papa-francesco","tag-fede-viva","tag-francesco-e-i-poveri","tag-maria-elisabetta-de-los-rios-uriarte","tag-maria-madre-della-chiesa","tag-metanoia-2","tag-misericordia","tag-papa-francesco","tag-pontificato-di-francesco","tag-rivoluzione-della-tenerezza","tag-spiritualita-cristiana","tag-tenerezza","tag-tenerezza-di-maria","tag-tenerezza-nella-fede","tag-trending-it","tag-vangelo","tag-vicinanza"],"acf":[],"yoast_head":"<!-- This site is optimized with the Yoast SEO plugin v27.4 - https:\/\/yoast.com\/product\/yoast-seo-wordpress\/ -->\n<title>La rivoluzione della tenerezza &#8211; Exaudi<\/title>\n<meta name=\"robots\" content=\"index, follow, max-snippet:-1, max-image-preview:large, max-video-preview:-1\" \/>\n<link rel=\"canonical\" href=\"https:\/\/exaudi.org\/it\/la-rivoluzione-della-tenerezza\/\" \/>\n<meta property=\"og:locale\" content=\"it_IT\" \/>\n<meta property=\"og:type\" content=\"article\" \/>\n<meta property=\"og:title\" content=\"La rivoluzione della tenerezza &#8211; Exaudi\" \/>\n<meta property=\"og:description\" content=\"L\u2019eredit\u00e0 pi\u00f9 profonda di Papa Francesco non si misura nei documenti, ma nella trasformazione del cuore: una Chiesa che impara a guardare, ascoltare e toccare con tenerezza\" \/>\n<meta property=\"og:url\" content=\"https:\/\/exaudi.org\/it\/la-rivoluzione-della-tenerezza\/\" \/>\n<meta property=\"og:site_name\" content=\"Exaudi\" \/>\n<meta property=\"article:publisher\" content=\"https:\/\/www.facebook.com\/ExaudiNews\" \/>\n<meta property=\"article:published_time\" content=\"2025-04-25T14:42:51+00:00\" \/>\n<meta property=\"og:image\" content=\"https:\/\/exaudi.org\/wp-content\/uploads\/2025\/04\/cq5dam.thumbnail.cropped.1500.844-1-2.jpeg\" \/>\n\t<meta property=\"og:image:width\" content=\"1280\" \/>\n\t<meta property=\"og:image:height\" content=\"844\" \/>\n\t<meta property=\"og:image:type\" content=\"image\/jpeg\" \/>\n<meta name=\"author\" content=\"Mar\u00eda Elizabeth de los R\u00edos\" \/>\n<meta name=\"twitter:card\" content=\"summary_large_image\" \/>\n<meta name=\"twitter:creator\" content=\"@Exaudi_News\" \/>\n<meta name=\"twitter:site\" content=\"@Exaudi_News\" \/>\n<meta name=\"twitter:label1\" content=\"Scritto da\" \/>\n\t<meta name=\"twitter:data1\" content=\"Mar\u00eda Elizabeth de los R\u00edos\" \/>\n\t<meta name=\"twitter:label2\" content=\"Tempo di lettura stimato\" \/>\n\t<meta name=\"twitter:data2\" content=\"3 minuti\" \/>\n<script type=\"application\/ld+json\" class=\"yoast-schema-graph\">{\"@context\":\"https:\\\/\\\/schema.org\",\"@graph\":[{\"@type\":\"Article\",\"@id\":\"https:\\\/\\\/exaudi.org\\\/it\\\/la-rivoluzione-della-tenerezza\\\/#article\",\"isPartOf\":{\"@id\":\"https:\\\/\\\/exaudi.org\\\/it\\\/la-rivoluzione-della-tenerezza\\\/\"},\"author\":{\"name\":\"Mar\u00eda Elizabeth de los R\u00edos\",\"@id\":\"https:\\\/\\\/exaudi.org\\\/#\\\/schema\\\/person\\\/596d1ef0c89a7ba901ad973cd653de32\"},\"headline\":\"La rivoluzione della tenerezza\",\"datePublished\":\"2025-04-25T14:42:51+00:00\",\"mainEntityOfPage\":{\"@id\":\"https:\\\/\\\/exaudi.org\\\/it\\\/la-rivoluzione-della-tenerezza\\\/\"},\"wordCount\":649,\"image\":{\"@id\":\"https:\\\/\\\/exaudi.org\\\/it\\\/la-rivoluzione-della-tenerezza\\\/#primaryimage\"},\"thumbnailUrl\":\"https:\\\/\\\/exaudi.org\\\/wp-content\\\/uploads\\\/2025\\\/04\\\/cq5dam.thumbnail.cropped.1500.844-1-2.jpeg\",\"keywords\":[\"AMORE DI DIO\",\"Bioetica cristiana\",\"cambiamento pastorale\",\"Chiesa cattolica\",\"chiesa contemporanea\",\"Chiesa in movimento\",\"eredit\u00e0 di Papa Francesco\",\"fede viva\",\"Francesco e i poveri\",\"Maria Elisabetta de los Rios Uriarte\",\"Maria Madre della Chiesa\",\"metanoia\",\"misericordia\",\"Papa Francesco\",\"pontificato di Francesco\",\"rivoluzione della tenerezza\",\"SPIRITUALIT\u00c0 CRISTIANA\",\"tenerezza\",\"tenerezza di Maria\",\"tenerezza nella fede\",\"Trending\",\"Vangelo\",\"vicinanza\"],\"articleSection\":[\"Voci\"],\"inLanguage\":\"it-IT\"},{\"@type\":\"WebPage\",\"@id\":\"https:\\\/\\\/exaudi.org\\\/it\\\/la-rivoluzione-della-tenerezza\\\/\",\"url\":\"https:\\\/\\\/exaudi.org\\\/it\\\/la-rivoluzione-della-tenerezza\\\/\",\"name\":\"La rivoluzione della tenerezza &#8211; Exaudi\",\"isPartOf\":{\"@id\":\"https:\\\/\\\/exaudi.org\\\/#website\"},\"primaryImageOfPage\":{\"@id\":\"https:\\\/\\\/exaudi.org\\\/it\\\/la-rivoluzione-della-tenerezza\\\/#primaryimage\"},\"image\":{\"@id\":\"https:\\\/\\\/exaudi.org\\\/it\\\/la-rivoluzione-della-tenerezza\\\/#primaryimage\"},\"thumbnailUrl\":\"https:\\\/\\\/exaudi.org\\\/wp-content\\\/uploads\\\/2025\\\/04\\\/cq5dam.thumbnail.cropped.1500.844-1-2.jpeg\",\"datePublished\":\"2025-04-25T14:42:51+00:00\",\"author\":{\"@id\":\"https:\\\/\\\/exaudi.org\\\/#\\\/schema\\\/person\\\/596d1ef0c89a7ba901ad973cd653de32\"},\"breadcrumb\":{\"@id\":\"https:\\\/\\\/exaudi.org\\\/it\\\/la-rivoluzione-della-tenerezza\\\/#breadcrumb\"},\"inLanguage\":\"it-IT\",\"potentialAction\":[{\"@type\":\"ReadAction\",\"target\":[\"https:\\\/\\\/exaudi.org\\\/it\\\/la-rivoluzione-della-tenerezza\\\/\"]}]},{\"@type\":\"ImageObject\",\"inLanguage\":\"it-IT\",\"@id\":\"https:\\\/\\\/exaudi.org\\\/it\\\/la-rivoluzione-della-tenerezza\\\/#primaryimage\",\"url\":\"https:\\\/\\\/exaudi.org\\\/wp-content\\\/uploads\\\/2025\\\/04\\\/cq5dam.thumbnail.cropped.1500.844-1-2.jpeg\",\"contentUrl\":\"https:\\\/\\\/exaudi.org\\\/wp-content\\\/uploads\\\/2025\\\/04\\\/cq5dam.thumbnail.cropped.1500.844-1-2.jpeg\",\"width\":1280,\"height\":844},{\"@type\":\"BreadcrumbList\",\"@id\":\"https:\\\/\\\/exaudi.org\\\/it\\\/la-rivoluzione-della-tenerezza\\\/#breadcrumb\",\"itemListElement\":[{\"@type\":\"ListItem\",\"position\":1,\"name\":\"Portada\",\"item\":\"https:\\\/\\\/exaudi.org\\\/it\\\/\"},{\"@type\":\"ListItem\",\"position\":2,\"name\":\"La rivoluzione della tenerezza\"}]},{\"@type\":\"WebSite\",\"@id\":\"https:\\\/\\\/exaudi.org\\\/#website\",\"url\":\"https:\\\/\\\/exaudi.org\\\/\",\"name\":\"Exaudi\",\"description\":\"News\",\"potentialAction\":[{\"@type\":\"SearchAction\",\"target\":{\"@type\":\"EntryPoint\",\"urlTemplate\":\"https:\\\/\\\/exaudi.org\\\/?s={search_term_string}\"},\"query-input\":{\"@type\":\"PropertyValueSpecification\",\"valueRequired\":true,\"valueName\":\"search_term_string\"}}],\"inLanguage\":\"it-IT\"},{\"@type\":\"Person\",\"@id\":\"https:\\\/\\\/exaudi.org\\\/#\\\/schema\\\/person\\\/596d1ef0c89a7ba901ad973cd653de32\",\"name\":\"Mar\u00eda Elizabeth de los R\u00edos\",\"image\":{\"@type\":\"ImageObject\",\"inLanguage\":\"it-IT\",\"@id\":\"https:\\\/\\\/secure.gravatar.com\\\/avatar\\\/f553347e62c31310ccf05d7029ee08920c654f90d37757c786ac255d9c9d6e3a?s=96&d=mm&r=g\",\"url\":\"https:\\\/\\\/secure.gravatar.com\\\/avatar\\\/f553347e62c31310ccf05d7029ee08920c654f90d37757c786ac255d9c9d6e3a?s=96&d=mm&r=g\",\"contentUrl\":\"https:\\\/\\\/secure.gravatar.com\\\/avatar\\\/f553347e62c31310ccf05d7029ee08920c654f90d37757c786ac255d9c9d6e3a?s=96&d=mm&r=g\",\"caption\":\"Mar\u00eda Elizabeth de los R\u00edos\"},\"description\":\"Doctora en Filosof\u00eda por la Universidad Iberoamericana.Maestra en Bio\u00e9tica por la Universidad An\u00e1huac M\u00e9xico Norte. Licenciada en Filosof\u00eda por la Universidad Iberoamericana.T\u00e9cnico en Atenci\u00f3n M\u00e9dica Prehospitalaria por SUUMA A.C. Scholar research de la C\u00e1tedra UNESCO en Bio\u00e9tica y Derechos Humanos. Miembro de la Academia Nacional Mexicana de Bio\u00e9tica. Miembro y Secretaria general de la Academia Mexicana para el Di\u00e1logo Ciencia-Fe. Ha impartido clases en niveles licenciatura y posgrado en diversas Universidades. Cuenta con publicaciones en revistas acad\u00e9micas y de divulgaci\u00f3n tanto nacionales como internacionales y es columnista invitado del peri\u00f3dico REFORMA. Actualmente es profesora investigadora de la Facultad de Bio\u00e9tica de la Universidad An\u00e1huac M\u00e9xico y Coordinadora de Investigaci\u00f3n en la misma Facultad.\",\"url\":\"https:\\\/\\\/exaudi.org\\\/it\\\/author\\\/mariaelizabethdelosrios\\\/\"}]}<\/script>\n<!-- \/ Yoast SEO plugin. -->","yoast_head_json":{"title":"La rivoluzione della tenerezza &#8211; Exaudi","robots":{"index":"index","follow":"follow","max-snippet":"max-snippet:-1","max-image-preview":"max-image-preview:large","max-video-preview":"max-video-preview:-1"},"canonical":"https:\/\/exaudi.org\/it\/la-rivoluzione-della-tenerezza\/","og_locale":"it_IT","og_type":"article","og_title":"La rivoluzione della tenerezza &#8211; Exaudi","og_description":"L\u2019eredit\u00e0 pi\u00f9 profonda di Papa Francesco non si misura nei documenti, ma nella trasformazione del cuore: una Chiesa che impara a guardare, ascoltare e toccare con tenerezza","og_url":"https:\/\/exaudi.org\/it\/la-rivoluzione-della-tenerezza\/","og_site_name":"Exaudi","article_publisher":"https:\/\/www.facebook.com\/ExaudiNews","article_published_time":"2025-04-25T14:42:51+00:00","og_image":[{"width":1280,"height":844,"url":"https:\/\/exaudi.org\/wp-content\/uploads\/2025\/04\/cq5dam.thumbnail.cropped.1500.844-1-2.jpeg","type":"image\/jpeg"}],"author":"Mar\u00eda Elizabeth de los R\u00edos","twitter_card":"summary_large_image","twitter_creator":"@Exaudi_News","twitter_site":"@Exaudi_News","twitter_misc":{"Scritto da":"Mar\u00eda Elizabeth de los R\u00edos","Tempo di lettura stimato":"3 minuti"},"schema":{"@context":"https:\/\/schema.org","@graph":[{"@type":"Article","@id":"https:\/\/exaudi.org\/it\/la-rivoluzione-della-tenerezza\/#article","isPartOf":{"@id":"https:\/\/exaudi.org\/it\/la-rivoluzione-della-tenerezza\/"},"author":{"name":"Mar\u00eda Elizabeth de los R\u00edos","@id":"https:\/\/exaudi.org\/#\/schema\/person\/596d1ef0c89a7ba901ad973cd653de32"},"headline":"La rivoluzione della tenerezza","datePublished":"2025-04-25T14:42:51+00:00","mainEntityOfPage":{"@id":"https:\/\/exaudi.org\/it\/la-rivoluzione-della-tenerezza\/"},"wordCount":649,"image":{"@id":"https:\/\/exaudi.org\/it\/la-rivoluzione-della-tenerezza\/#primaryimage"},"thumbnailUrl":"https:\/\/exaudi.org\/wp-content\/uploads\/2025\/04\/cq5dam.thumbnail.cropped.1500.844-1-2.jpeg","keywords":["AMORE DI DIO","Bioetica cristiana","cambiamento pastorale","Chiesa cattolica","chiesa contemporanea","Chiesa in movimento","eredit\u00e0 di Papa Francesco","fede viva","Francesco e i poveri","Maria Elisabetta de los Rios Uriarte","Maria Madre della Chiesa","metanoia","misericordia","Papa Francesco","pontificato di Francesco","rivoluzione della tenerezza","SPIRITUALIT\u00c0 CRISTIANA","tenerezza","tenerezza di Maria","tenerezza nella fede","Trending","Vangelo","vicinanza"],"articleSection":["Voci"],"inLanguage":"it-IT"},{"@type":"WebPage","@id":"https:\/\/exaudi.org\/it\/la-rivoluzione-della-tenerezza\/","url":"https:\/\/exaudi.org\/it\/la-rivoluzione-della-tenerezza\/","name":"La rivoluzione della tenerezza &#8211; Exaudi","isPartOf":{"@id":"https:\/\/exaudi.org\/#website"},"primaryImageOfPage":{"@id":"https:\/\/exaudi.org\/it\/la-rivoluzione-della-tenerezza\/#primaryimage"},"image":{"@id":"https:\/\/exaudi.org\/it\/la-rivoluzione-della-tenerezza\/#primaryimage"},"thumbnailUrl":"https:\/\/exaudi.org\/wp-content\/uploads\/2025\/04\/cq5dam.thumbnail.cropped.1500.844-1-2.jpeg","datePublished":"2025-04-25T14:42:51+00:00","author":{"@id":"https:\/\/exaudi.org\/#\/schema\/person\/596d1ef0c89a7ba901ad973cd653de32"},"breadcrumb":{"@id":"https:\/\/exaudi.org\/it\/la-rivoluzione-della-tenerezza\/#breadcrumb"},"inLanguage":"it-IT","potentialAction":[{"@type":"ReadAction","target":["https:\/\/exaudi.org\/it\/la-rivoluzione-della-tenerezza\/"]}]},{"@type":"ImageObject","inLanguage":"it-IT","@id":"https:\/\/exaudi.org\/it\/la-rivoluzione-della-tenerezza\/#primaryimage","url":"https:\/\/exaudi.org\/wp-content\/uploads\/2025\/04\/cq5dam.thumbnail.cropped.1500.844-1-2.jpeg","contentUrl":"https:\/\/exaudi.org\/wp-content\/uploads\/2025\/04\/cq5dam.thumbnail.cropped.1500.844-1-2.jpeg","width":1280,"height":844},{"@type":"BreadcrumbList","@id":"https:\/\/exaudi.org\/it\/la-rivoluzione-della-tenerezza\/#breadcrumb","itemListElement":[{"@type":"ListItem","position":1,"name":"Portada","item":"https:\/\/exaudi.org\/it\/"},{"@type":"ListItem","position":2,"name":"La rivoluzione della tenerezza"}]},{"@type":"WebSite","@id":"https:\/\/exaudi.org\/#website","url":"https:\/\/exaudi.org\/","name":"Exaudi","description":"News","potentialAction":[{"@type":"SearchAction","target":{"@type":"EntryPoint","urlTemplate":"https:\/\/exaudi.org\/?s={search_term_string}"},"query-input":{"@type":"PropertyValueSpecification","valueRequired":true,"valueName":"search_term_string"}}],"inLanguage":"it-IT"},{"@type":"Person","@id":"https:\/\/exaudi.org\/#\/schema\/person\/596d1ef0c89a7ba901ad973cd653de32","name":"Mar\u00eda Elizabeth de los R\u00edos","image":{"@type":"ImageObject","inLanguage":"it-IT","@id":"https:\/\/secure.gravatar.com\/avatar\/f553347e62c31310ccf05d7029ee08920c654f90d37757c786ac255d9c9d6e3a?s=96&d=mm&r=g","url":"https:\/\/secure.gravatar.com\/avatar\/f553347e62c31310ccf05d7029ee08920c654f90d37757c786ac255d9c9d6e3a?s=96&d=mm&r=g","contentUrl":"https:\/\/secure.gravatar.com\/avatar\/f553347e62c31310ccf05d7029ee08920c654f90d37757c786ac255d9c9d6e3a?s=96&d=mm&r=g","caption":"Mar\u00eda Elizabeth de los R\u00edos"},"description":"Doctora en Filosof\u00eda por la Universidad Iberoamericana.Maestra en Bio\u00e9tica por la Universidad An\u00e1huac M\u00e9xico Norte. Licenciada en Filosof\u00eda por la Universidad Iberoamericana.T\u00e9cnico en Atenci\u00f3n M\u00e9dica Prehospitalaria por SUUMA A.C. Scholar research de la C\u00e1tedra UNESCO en Bio\u00e9tica y Derechos Humanos. Miembro de la Academia Nacional Mexicana de Bio\u00e9tica. Miembro y Secretaria general de la Academia Mexicana para el Di\u00e1logo Ciencia-Fe. Ha impartido clases en niveles licenciatura y posgrado en diversas Universidades. Cuenta con publicaciones en revistas acad\u00e9micas y de divulgaci\u00f3n tanto nacionales como internacionales y es columnista invitado del peri\u00f3dico REFORMA. Actualmente es profesora investigadora de la Facultad de Bio\u00e9tica de la Universidad An\u00e1huac M\u00e9xico y Coordinadora de Investigaci\u00f3n en la misma Facultad.","url":"https:\/\/exaudi.org\/it\/author\/mariaelizabethdelosrios\/"}]}},"jetpack_featured_media_url":"https:\/\/exaudi.org\/wp-content\/uploads\/2025\/04\/cq5dam.thumbnail.cropped.1500.844-1-2.jpeg","jetpack_shortlink":"https:\/\/wp.me\/pgKjF2-wo0","_links":{"self":[{"href":"https:\/\/exaudi.org\/it\/wp-json\/wp\/v2\/posts\/124496","targetHints":{"allow":["GET"]}}],"collection":[{"href":"https:\/\/exaudi.org\/it\/wp-json\/wp\/v2\/posts"}],"about":[{"href":"https:\/\/exaudi.org\/it\/wp-json\/wp\/v2\/types\/post"}],"author":[{"embeddable":true,"href":"https:\/\/exaudi.org\/it\/wp-json\/wp\/v2\/users\/27"}],"replies":[{"embeddable":true,"href":"https:\/\/exaudi.org\/it\/wp-json\/wp\/v2\/comments?post=124496"}],"version-history":[{"count":0,"href":"https:\/\/exaudi.org\/it\/wp-json\/wp\/v2\/posts\/124496\/revisions"}],"wp:featuredmedia":[{"embeddable":true,"href":"https:\/\/exaudi.org\/it\/wp-json\/wp\/v2\/media\/124454"}],"wp:attachment":[{"href":"https:\/\/exaudi.org\/it\/wp-json\/wp\/v2\/media?parent=124496"}],"wp:term":[{"taxonomy":"category","embeddable":true,"href":"https:\/\/exaudi.org\/it\/wp-json\/wp\/v2\/categories?post=124496"},{"taxonomy":"post_tag","embeddable":true,"href":"https:\/\/exaudi.org\/it\/wp-json\/wp\/v2\/tags?post=124496"}],"curies":[{"name":"wp","href":"https:\/\/api.w.org\/{rel}","templated":true}]}}