{"id":124492,"date":"2025-04-25T16:23:57","date_gmt":"2025-04-25T14:23:57","guid":{"rendered":"https:\/\/exaudi.org\/?p=124492"},"modified":"2025-04-25T16:33:11","modified_gmt":"2025-04-25T14:33:11","slug":"la-work-perspectives-foundation-nasce-con-lo-scopo-di-promuovere-le-virtu-per-lo-sviluppo-professionale","status":"publish","type":"post","link":"https:\/\/exaudi.org\/it\/la-work-perspectives-foundation-nasce-con-lo-scopo-di-promuovere-le-virtu-per-lo-sviluppo-professionale\/","title":{"rendered":"La Work Perspectives Foundation nasce con lo scopo di promuovere le virt\u00f9 per lo sviluppo professionale"},"content":{"rendered":"<p>Il problema principale su cui dobbiamo riflettere nella societ\u00e0 occidentale \u00e8 il valore attribuito al lavoro. Innanzitutto perch\u00e9 la trasformazione digitale e l&#8217;intelligenza artificiale stanno cambiando il panorama del lavoro e delle professioni. In secondo luogo, e purtroppo, perch\u00e9 esiste una concezione negativa del lavoro. &#8220;Alla <a href=\"https:\/\/perspectivasdeltrabajo.org\/\">Work Perspectives Foundation<\/a>, crediamo di dover rivalutare il lavoro per la sua importanza per gli esseri umani e <strong>di dover ispirare le persone a lavorare sempre meglio, ad apprezzare il nostro lavoro quotidiano<\/strong>. Questi obiettivi possono sembrare utopici, ma raggiungerli \u00e8 molto pi\u00f9 facile di quanto pensiamo. Cosa bisogna fare? Da un lato, dobbiamo avere le argomentazioni \u2013 e di argomentazioni ce ne sono \u2013 per diffondere una cultura del lavoro positiva, e dall&#8217;altro, <strong>dobbiamo acquisire le competenze e le virt\u00f9 necessarie per lavorare sempre meglio<\/strong>&#8220;, afferma Javier Ramos, direttore della Work Perspectives Foundation, un&#8217;organizzazione no-profit che mira a guidare un importante dibattito globale sul lavoro, coinvolgendo tutti gli stakeholder.<\/p>\n<h3><strong>Formazione, ricerca, pubblicazioni<\/strong><\/h3>\n<p>La Fondazione \u00e8 stata costituita con tre ambiti di intervento: formazione, ricerca e pubblicazioni. In un mondo in cui le competenze professionali sono sempre pi\u00f9 richieste, la Workplace Perspectives Foundation si propone di aiutare ogni persona a migliorare come professionista acquisendo delle virt\u00f9. &#8220;Questa formazione deve essere sempre pi\u00f9 ancorata alla capacit\u00e0 di apprendimento di ogni persona e allo sviluppo di virt\u00f9 e capacit\u00e0 che consentano una crescita senza limiti. A tal fine, abbiamo creato il <strong>Programma Competenze e Virt\u00f9 Manageriali, sviluppato in collaborazione con docenti dell&#8217;Universit\u00e0 di Navarra<\/strong>, utilizzando una metodologia online. Questo programma pu\u00f2 aiutare professionisti, manager e quadri intermedi a comprendere meglio se stessi e, quindi, a diventare professionisti e persone migliori, poich\u00e9 la vita lavorativa non deve essere separata dalla vita personale&#8221;, afferma Javier Ramos.<\/p>\n<h3><strong>Lavorare come servizio<\/strong><\/h3>\n<p>Oltre alla formazione, che comprende servizi di tutoraggio per le aziende, gli altri due ambiti coperti dalla Work Perspectives Foundation sono la ricerca e le pubblicazioni. Alla Fondazione abbiamo una visione pi\u00f9 che positiva del lavoro, contraria a quella prevalente nella societ\u00e0 odierna. <strong>Se attraverso il lavoro ci sviluppiamo come individui, possiamo creare e migliorare il mondo, e servire gli altri e la societ\u00e0<\/strong>, perch\u00e9 si tende a pensare che il lavoro sia una sorta di punizione e che questa punizione finisca con la pensione?, conclude Ramos.<\/p>\n","protected":false},"excerpt":{"rendered":"<p>Il primo campo d&#8217;azione di questa organizzazione senza scopo di lucro \u00e8 il lancio di un programma online di competenze e virt\u00f9 gestionali, sviluppato in collaborazione con i professori dell&#8217;Universit\u00e0 di Navarra<\/p>\n","protected":false},"author":17,"featured_media":124399,"comment_status":"closed","ping_status":"closed","sticky":false,"template":"","format":"standard","meta":{"_acf_changed":false,"_crdt_document":"","inline_featured_image":false,"footnotes":""},"categories":[73],"tags":[56187,46212,56182,56183,56186,51803,56184,56185,56189,56188,56195,56197,56198,56199,56200,56201,56196,53526,56191,56193,56192,56194,56190,52753,31499,40698,4952,13555,17931,56202,56203],"class_list":["post-124492","post","type-post","status-publish","format-standard","has-post-thumbnail","hentry","category-chiesa-e-mondo","tag-capacita-di-gestione","tag-crescita-professionale","tag-cultura-del-lavoro","tag-etica-professionale","tag-fondazione-prospettive-del-lavoro","tag-formazione-completa","tag-formazione-nelle-virtu","tag-formazione-online","tag-intelligenza-artificiale-e-occupazione","tag-lumanesimo-al-lavoro","tag-lavorare-come-servizio","tag-lavoro-e-dignita","tag-lavoro-e-felicita","tag-lavoro-e-persona","tag-lavoro-e-societa","tag-lavoro-e-vocazione","tag-lavoro-positivo","tag-lavoro-significativo","tag-leadership-con-virtu","tag-mentoring-aziendale","tag-miglioramento-continuo","tag-pubblicazioni-sul-lavoro","tag-ricerca-di-lavoro","tag-sviluppo-personale-e-professionale","tag-sviluppo-professionale","tag-trasformazione-digitale","tag-trending-it","tag-universita-di-navarra","tag-valore-del-lavoro","tag-virtu-manageriali","tag-virtu-nel-lavoro"],"acf":[],"yoast_head":"<!-- This site is optimized with the Yoast SEO plugin v27.4 - https:\/\/yoast.com\/product\/yoast-seo-wordpress\/ -->\n<title>La Work Perspectives Foundation nasce con lo scopo di promuovere le virt\u00f9 per lo sviluppo professionale &#8211; Exaudi<\/title>\n<meta name=\"robots\" content=\"index, follow, max-snippet:-1, max-image-preview:large, max-video-preview:-1\" \/>\n<link rel=\"canonical\" href=\"https:\/\/exaudi.org\/it\/la-work-perspectives-foundation-nasce-con-lo-scopo-di-promuovere-le-virtu-per-lo-sviluppo-professionale\/\" \/>\n<meta property=\"og:locale\" content=\"it_IT\" \/>\n<meta property=\"og:type\" content=\"article\" \/>\n<meta property=\"og:title\" content=\"La Work Perspectives Foundation nasce con lo scopo di promuovere le virt\u00f9 per lo sviluppo professionale &#8211; Exaudi\" \/>\n<meta property=\"og:description\" content=\"Il primo campo d&#039;azione di questa organizzazione senza scopo di lucro \u00e8 il lancio di un programma online di competenze e virt\u00f9 gestionali, sviluppato in collaborazione con i professori dell&#039;Universit\u00e0 di Navarra\" \/>\n<meta property=\"og:url\" content=\"https:\/\/exaudi.org\/it\/la-work-perspectives-foundation-nasce-con-lo-scopo-di-promuovere-le-virtu-per-lo-sviluppo-professionale\/\" \/>\n<meta property=\"og:site_name\" content=\"Exaudi\" \/>\n<meta property=\"article:publisher\" content=\"https:\/\/www.facebook.com\/ExaudiNews\" \/>\n<meta property=\"article:author\" content=\"https:\/\/www.facebook.com\/ExaudiNotizie\/\" \/>\n<meta property=\"article:published_time\" content=\"2025-04-25T14:23:57+00:00\" \/>\n<meta property=\"article:modified_time\" content=\"2025-04-25T14:33:11+00:00\" \/>\n<meta property=\"og:image\" content=\"https:\/\/exaudi.org\/wp-content\/uploads\/2025\/04\/pexels-pavel-danilyuk-8761299-scaled.jpg\" \/>\n\t<meta property=\"og:image:width\" content=\"2560\" \/>\n\t<meta property=\"og:image:height\" content=\"1709\" \/>\n\t<meta property=\"og:image:type\" content=\"image\/jpeg\" \/>\n<meta name=\"author\" content=\"Exaudi Redazione\" \/>\n<meta name=\"twitter:card\" content=\"summary_large_image\" \/>\n<meta name=\"twitter:creator\" content=\"@Exaudi_Notizie\" \/>\n<meta name=\"twitter:site\" content=\"@Exaudi_News\" \/>\n<meta name=\"twitter:label1\" content=\"Scritto da\" \/>\n\t<meta name=\"twitter:data1\" content=\"Exaudi Redazione\" \/>\n\t<meta name=\"twitter:label2\" content=\"Tempo di lettura stimato\" \/>\n\t<meta name=\"twitter:data2\" content=\"2 minuti\" \/>\n<script type=\"application\/ld+json\" class=\"yoast-schema-graph\">{\"@context\":\"https:\\\/\\\/schema.org\",\"@graph\":[{\"@type\":\"Article\",\"@id\":\"https:\\\/\\\/exaudi.org\\\/it\\\/la-work-perspectives-foundation-nasce-con-lo-scopo-di-promuovere-le-virtu-per-lo-sviluppo-professionale\\\/#article\",\"isPartOf\":{\"@id\":\"https:\\\/\\\/exaudi.org\\\/it\\\/la-work-perspectives-foundation-nasce-con-lo-scopo-di-promuovere-le-virtu-per-lo-sviluppo-professionale\\\/\"},\"author\":{\"name\":\"Exaudi Redazione\",\"@id\":\"https:\\\/\\\/exaudi.org\\\/#\\\/schema\\\/person\\\/e1ab6ed07c01774724dd96f925f3a5f0\"},\"headline\":\"La Work Perspectives Foundation nasce con lo scopo di promuovere le virt\u00f9 per lo sviluppo professionale\",\"datePublished\":\"2025-04-25T14:23:57+00:00\",\"dateModified\":\"2025-04-25T14:33:11+00:00\",\"mainEntityOfPage\":{\"@id\":\"https:\\\/\\\/exaudi.org\\\/it\\\/la-work-perspectives-foundation-nasce-con-lo-scopo-di-promuovere-le-virtu-per-lo-sviluppo-professionale\\\/\"},\"wordCount\":393,\"image\":{\"@id\":\"https:\\\/\\\/exaudi.org\\\/it\\\/la-work-perspectives-foundation-nasce-con-lo-scopo-di-promuovere-le-virtu-per-lo-sviluppo-professionale\\\/#primaryimage\"},\"thumbnailUrl\":\"https:\\\/\\\/exaudi.org\\\/wp-content\\\/uploads\\\/2025\\\/04\\\/pexels-pavel-danilyuk-8761299-scaled.jpg\",\"keywords\":[\"capacit\u00e0 di gestione\",\"crescita professionale\",\"cultura del lavoro\",\"etica professionale\",\"Fondazione Prospettive del Lavoro\",\"formazione completa\",\"formazione nelle virt\u00f9\",\"formazione online\",\"intelligenza artificiale e occupazione\",\"l'umanesimo al lavoro\",\"lavorare come servizio\",\"lavoro e dignit\u00e0\",\"lavoro e felicit\u00e0\",\"lavoro e persona\",\"lavoro e societ\u00e0\",\"lavoro e vocazione\",\"lavoro positivo\",\"lavoro significativo\",\"leadership con virt\u00f9\",\"mentoring aziendale\",\"miglioramento continuo\",\"pubblicazioni sul lavoro\",\"ricerca di lavoro\",\"sviluppo personale e professionale\",\"sviluppo professionale\",\"trasformazione digitale\",\"Trending\",\"UNIVERSIT\u00c0 DI NAVARRA\",\"VALORE DEL LAVORO\",\"virt\u00f9 manageriali\",\"virt\u00f9 nel lavoro\"],\"articleSection\":[\"Chiesa e Mondo\"],\"inLanguage\":\"it-IT\"},{\"@type\":\"WebPage\",\"@id\":\"https:\\\/\\\/exaudi.org\\\/it\\\/la-work-perspectives-foundation-nasce-con-lo-scopo-di-promuovere-le-virtu-per-lo-sviluppo-professionale\\\/\",\"url\":\"https:\\\/\\\/exaudi.org\\\/it\\\/la-work-perspectives-foundation-nasce-con-lo-scopo-di-promuovere-le-virtu-per-lo-sviluppo-professionale\\\/\",\"name\":\"La Work Perspectives Foundation nasce con lo scopo di promuovere le virt\u00f9 per lo sviluppo professionale &#8211; Exaudi\",\"isPartOf\":{\"@id\":\"https:\\\/\\\/exaudi.org\\\/#website\"},\"primaryImageOfPage\":{\"@id\":\"https:\\\/\\\/exaudi.org\\\/it\\\/la-work-perspectives-foundation-nasce-con-lo-scopo-di-promuovere-le-virtu-per-lo-sviluppo-professionale\\\/#primaryimage\"},\"image\":{\"@id\":\"https:\\\/\\\/exaudi.org\\\/it\\\/la-work-perspectives-foundation-nasce-con-lo-scopo-di-promuovere-le-virtu-per-lo-sviluppo-professionale\\\/#primaryimage\"},\"thumbnailUrl\":\"https:\\\/\\\/exaudi.org\\\/wp-content\\\/uploads\\\/2025\\\/04\\\/pexels-pavel-danilyuk-8761299-scaled.jpg\",\"datePublished\":\"2025-04-25T14:23:57+00:00\",\"dateModified\":\"2025-04-25T14:33:11+00:00\",\"author\":{\"@id\":\"https:\\\/\\\/exaudi.org\\\/#\\\/schema\\\/person\\\/e1ab6ed07c01774724dd96f925f3a5f0\"},\"breadcrumb\":{\"@id\":\"https:\\\/\\\/exaudi.org\\\/it\\\/la-work-perspectives-foundation-nasce-con-lo-scopo-di-promuovere-le-virtu-per-lo-sviluppo-professionale\\\/#breadcrumb\"},\"inLanguage\":\"it-IT\",\"potentialAction\":[{\"@type\":\"ReadAction\",\"target\":[\"https:\\\/\\\/exaudi.org\\\/it\\\/la-work-perspectives-foundation-nasce-con-lo-scopo-di-promuovere-le-virtu-per-lo-sviluppo-professionale\\\/\"]}]},{\"@type\":\"ImageObject\",\"inLanguage\":\"it-IT\",\"@id\":\"https:\\\/\\\/exaudi.org\\\/it\\\/la-work-perspectives-foundation-nasce-con-lo-scopo-di-promuovere-le-virtu-per-lo-sviluppo-professionale\\\/#primaryimage\",\"url\":\"https:\\\/\\\/exaudi.org\\\/wp-content\\\/uploads\\\/2025\\\/04\\\/pexels-pavel-danilyuk-8761299-scaled.jpg\",\"contentUrl\":\"https:\\\/\\\/exaudi.org\\\/wp-content\\\/uploads\\\/2025\\\/04\\\/pexels-pavel-danilyuk-8761299-scaled.jpg\",\"width\":2560,\"height\":1709},{\"@type\":\"BreadcrumbList\",\"@id\":\"https:\\\/\\\/exaudi.org\\\/it\\\/la-work-perspectives-foundation-nasce-con-lo-scopo-di-promuovere-le-virtu-per-lo-sviluppo-professionale\\\/#breadcrumb\",\"itemListElement\":[{\"@type\":\"ListItem\",\"position\":1,\"name\":\"Portada\",\"item\":\"https:\\\/\\\/exaudi.org\\\/it\\\/\"},{\"@type\":\"ListItem\",\"position\":2,\"name\":\"La Work Perspectives Foundation nasce con lo scopo di promuovere le virt\u00f9 per lo sviluppo professionale\"}]},{\"@type\":\"WebSite\",\"@id\":\"https:\\\/\\\/exaudi.org\\\/#website\",\"url\":\"https:\\\/\\\/exaudi.org\\\/\",\"name\":\"Exaudi\",\"description\":\"News\",\"potentialAction\":[{\"@type\":\"SearchAction\",\"target\":{\"@type\":\"EntryPoint\",\"urlTemplate\":\"https:\\\/\\\/exaudi.org\\\/?s={search_term_string}\"},\"query-input\":{\"@type\":\"PropertyValueSpecification\",\"valueRequired\":true,\"valueName\":\"search_term_string\"}}],\"inLanguage\":\"it-IT\"},{\"@type\":\"Person\",\"@id\":\"https:\\\/\\\/exaudi.org\\\/#\\\/schema\\\/person\\\/e1ab6ed07c01774724dd96f925f3a5f0\",\"name\":\"Exaudi Redazione\",\"image\":{\"@type\":\"ImageObject\",\"inLanguage\":\"it-IT\",\"@id\":\"https:\\\/\\\/secure.gravatar.com\\\/avatar\\\/ad6774b3ada023bf5b939d64f45c94b3adf91502dd883507d469b4308a943bb3?s=96&d=mm&r=g\",\"url\":\"https:\\\/\\\/secure.gravatar.com\\\/avatar\\\/ad6774b3ada023bf5b939d64f45c94b3adf91502dd883507d469b4308a943bb3?s=96&d=mm&r=g\",\"contentUrl\":\"https:\\\/\\\/secure.gravatar.com\\\/avatar\\\/ad6774b3ada023bf5b939d64f45c94b3adf91502dd883507d469b4308a943bb3?s=96&d=mm&r=g\",\"caption\":\"Exaudi Redazione\"},\"description\":\"Che cosa \u00e8 Exaudi News? Exaudi News \u00e8 un agenzia cattolica internazionale che informa, istruisce e trasforma quotidianamente in spagnolo, inglese e italiano. Attraverso notizie, articoli di analisi e trasmissioni in diretta degli eventi del Papa, Exaudi cerca di rafforzare l'unit\u00e0 dei cristiani e di contribuire all'evangelizzazione del mondo, sempre guidato dalla dottrina sociale della Chiesa. Lavoriamo per portare la verit\u00e0 e i valori cristiani in ogni angolo del pianeta. Aiutaci a trasformare il mondo con Exaudi! Noi di Exaudi crediamo che l'evangelizzazione e l'informazione di qualit\u00e0 possano cambiare la vita. Per continuare la nostra missione ed espandere la nostra portata, abbiamo bisogno del tuo aiuto. Stiamo anche cercando persone motivate che vogliano unirsi al nostro team. Grazie al vostro sostegno raggiungeremo pi\u00f9 persone, diffonderemo il messaggio di Cristo e rafforzeremo l'unit\u00e0 dei cristiani. Vuoi unirti alla nostra missione? Per maggiori informazioni su come contribuire, visita Exaudi.org\\\/it o contattaci direttamente: info@exaudi.org Exaudi: informa, forma e trasforma.\",\"sameAs\":[\"https:\\\/\\\/www.facebook.com\\\/ExaudiNotizie\\\/\",\"https:\\\/\\\/www.instagram.com\\\/Exaudi_notizie\\\/\",\"https:\\\/\\\/x.com\\\/Exaudi_Notizie\",\"https:\\\/\\\/www.youtube.com\\\/@exaudicatholicnews\"],\"url\":\"https:\\\/\\\/exaudi.org\\\/it\\\/author\\\/dlvedi-org\\\/\"}]}<\/script>\n<!-- \/ Yoast SEO plugin. -->","yoast_head_json":{"title":"La Work Perspectives Foundation nasce con lo scopo di promuovere le virt\u00f9 per lo sviluppo professionale &#8211; Exaudi","robots":{"index":"index","follow":"follow","max-snippet":"max-snippet:-1","max-image-preview":"max-image-preview:large","max-video-preview":"max-video-preview:-1"},"canonical":"https:\/\/exaudi.org\/it\/la-work-perspectives-foundation-nasce-con-lo-scopo-di-promuovere-le-virtu-per-lo-sviluppo-professionale\/","og_locale":"it_IT","og_type":"article","og_title":"La Work Perspectives Foundation nasce con lo scopo di promuovere le virt\u00f9 per lo sviluppo professionale &#8211; Exaudi","og_description":"Il primo campo d'azione di questa organizzazione senza scopo di lucro \u00e8 il lancio di un programma online di competenze e virt\u00f9 gestionali, sviluppato in collaborazione con i professori dell'Universit\u00e0 di Navarra","og_url":"https:\/\/exaudi.org\/it\/la-work-perspectives-foundation-nasce-con-lo-scopo-di-promuovere-le-virtu-per-lo-sviluppo-professionale\/","og_site_name":"Exaudi","article_publisher":"https:\/\/www.facebook.com\/ExaudiNews","article_author":"https:\/\/www.facebook.com\/ExaudiNotizie\/","article_published_time":"2025-04-25T14:23:57+00:00","article_modified_time":"2025-04-25T14:33:11+00:00","og_image":[{"width":2560,"height":1709,"url":"https:\/\/exaudi.org\/wp-content\/uploads\/2025\/04\/pexels-pavel-danilyuk-8761299-scaled.jpg","type":"image\/jpeg"}],"author":"Exaudi Redazione","twitter_card":"summary_large_image","twitter_creator":"@Exaudi_Notizie","twitter_site":"@Exaudi_News","twitter_misc":{"Scritto da":"Exaudi Redazione","Tempo di lettura stimato":"2 minuti"},"schema":{"@context":"https:\/\/schema.org","@graph":[{"@type":"Article","@id":"https:\/\/exaudi.org\/it\/la-work-perspectives-foundation-nasce-con-lo-scopo-di-promuovere-le-virtu-per-lo-sviluppo-professionale\/#article","isPartOf":{"@id":"https:\/\/exaudi.org\/it\/la-work-perspectives-foundation-nasce-con-lo-scopo-di-promuovere-le-virtu-per-lo-sviluppo-professionale\/"},"author":{"name":"Exaudi Redazione","@id":"https:\/\/exaudi.org\/#\/schema\/person\/e1ab6ed07c01774724dd96f925f3a5f0"},"headline":"La Work Perspectives Foundation nasce con lo scopo di promuovere le virt\u00f9 per lo sviluppo professionale","datePublished":"2025-04-25T14:23:57+00:00","dateModified":"2025-04-25T14:33:11+00:00","mainEntityOfPage":{"@id":"https:\/\/exaudi.org\/it\/la-work-perspectives-foundation-nasce-con-lo-scopo-di-promuovere-le-virtu-per-lo-sviluppo-professionale\/"},"wordCount":393,"image":{"@id":"https:\/\/exaudi.org\/it\/la-work-perspectives-foundation-nasce-con-lo-scopo-di-promuovere-le-virtu-per-lo-sviluppo-professionale\/#primaryimage"},"thumbnailUrl":"https:\/\/exaudi.org\/wp-content\/uploads\/2025\/04\/pexels-pavel-danilyuk-8761299-scaled.jpg","keywords":["capacit\u00e0 di gestione","crescita professionale","cultura del lavoro","etica professionale","Fondazione Prospettive del Lavoro","formazione completa","formazione nelle virt\u00f9","formazione online","intelligenza artificiale e occupazione","l'umanesimo al lavoro","lavorare come servizio","lavoro e dignit\u00e0","lavoro e felicit\u00e0","lavoro e persona","lavoro e societ\u00e0","lavoro e vocazione","lavoro positivo","lavoro significativo","leadership con virt\u00f9","mentoring aziendale","miglioramento continuo","pubblicazioni sul lavoro","ricerca di lavoro","sviluppo personale e professionale","sviluppo professionale","trasformazione digitale","Trending","UNIVERSIT\u00c0 DI NAVARRA","VALORE DEL LAVORO","virt\u00f9 manageriali","virt\u00f9 nel lavoro"],"articleSection":["Chiesa e Mondo"],"inLanguage":"it-IT"},{"@type":"WebPage","@id":"https:\/\/exaudi.org\/it\/la-work-perspectives-foundation-nasce-con-lo-scopo-di-promuovere-le-virtu-per-lo-sviluppo-professionale\/","url":"https:\/\/exaudi.org\/it\/la-work-perspectives-foundation-nasce-con-lo-scopo-di-promuovere-le-virtu-per-lo-sviluppo-professionale\/","name":"La Work Perspectives Foundation nasce con lo scopo di promuovere le virt\u00f9 per lo sviluppo professionale &#8211; Exaudi","isPartOf":{"@id":"https:\/\/exaudi.org\/#website"},"primaryImageOfPage":{"@id":"https:\/\/exaudi.org\/it\/la-work-perspectives-foundation-nasce-con-lo-scopo-di-promuovere-le-virtu-per-lo-sviluppo-professionale\/#primaryimage"},"image":{"@id":"https:\/\/exaudi.org\/it\/la-work-perspectives-foundation-nasce-con-lo-scopo-di-promuovere-le-virtu-per-lo-sviluppo-professionale\/#primaryimage"},"thumbnailUrl":"https:\/\/exaudi.org\/wp-content\/uploads\/2025\/04\/pexels-pavel-danilyuk-8761299-scaled.jpg","datePublished":"2025-04-25T14:23:57+00:00","dateModified":"2025-04-25T14:33:11+00:00","author":{"@id":"https:\/\/exaudi.org\/#\/schema\/person\/e1ab6ed07c01774724dd96f925f3a5f0"},"breadcrumb":{"@id":"https:\/\/exaudi.org\/it\/la-work-perspectives-foundation-nasce-con-lo-scopo-di-promuovere-le-virtu-per-lo-sviluppo-professionale\/#breadcrumb"},"inLanguage":"it-IT","potentialAction":[{"@type":"ReadAction","target":["https:\/\/exaudi.org\/it\/la-work-perspectives-foundation-nasce-con-lo-scopo-di-promuovere-le-virtu-per-lo-sviluppo-professionale\/"]}]},{"@type":"ImageObject","inLanguage":"it-IT","@id":"https:\/\/exaudi.org\/it\/la-work-perspectives-foundation-nasce-con-lo-scopo-di-promuovere-le-virtu-per-lo-sviluppo-professionale\/#primaryimage","url":"https:\/\/exaudi.org\/wp-content\/uploads\/2025\/04\/pexels-pavel-danilyuk-8761299-scaled.jpg","contentUrl":"https:\/\/exaudi.org\/wp-content\/uploads\/2025\/04\/pexels-pavel-danilyuk-8761299-scaled.jpg","width":2560,"height":1709},{"@type":"BreadcrumbList","@id":"https:\/\/exaudi.org\/it\/la-work-perspectives-foundation-nasce-con-lo-scopo-di-promuovere-le-virtu-per-lo-sviluppo-professionale\/#breadcrumb","itemListElement":[{"@type":"ListItem","position":1,"name":"Portada","item":"https:\/\/exaudi.org\/it\/"},{"@type":"ListItem","position":2,"name":"La Work Perspectives Foundation nasce con lo scopo di promuovere le virt\u00f9 per lo sviluppo professionale"}]},{"@type":"WebSite","@id":"https:\/\/exaudi.org\/#website","url":"https:\/\/exaudi.org\/","name":"Exaudi","description":"News","potentialAction":[{"@type":"SearchAction","target":{"@type":"EntryPoint","urlTemplate":"https:\/\/exaudi.org\/?s={search_term_string}"},"query-input":{"@type":"PropertyValueSpecification","valueRequired":true,"valueName":"search_term_string"}}],"inLanguage":"it-IT"},{"@type":"Person","@id":"https:\/\/exaudi.org\/#\/schema\/person\/e1ab6ed07c01774724dd96f925f3a5f0","name":"Exaudi Redazione","image":{"@type":"ImageObject","inLanguage":"it-IT","@id":"https:\/\/secure.gravatar.com\/avatar\/ad6774b3ada023bf5b939d64f45c94b3adf91502dd883507d469b4308a943bb3?s=96&d=mm&r=g","url":"https:\/\/secure.gravatar.com\/avatar\/ad6774b3ada023bf5b939d64f45c94b3adf91502dd883507d469b4308a943bb3?s=96&d=mm&r=g","contentUrl":"https:\/\/secure.gravatar.com\/avatar\/ad6774b3ada023bf5b939d64f45c94b3adf91502dd883507d469b4308a943bb3?s=96&d=mm&r=g","caption":"Exaudi Redazione"},"description":"Che cosa \u00e8 Exaudi News? Exaudi News \u00e8 un agenzia cattolica internazionale che informa, istruisce e trasforma quotidianamente in spagnolo, inglese e italiano. Attraverso notizie, articoli di analisi e trasmissioni in diretta degli eventi del Papa, Exaudi cerca di rafforzare l'unit\u00e0 dei cristiani e di contribuire all'evangelizzazione del mondo, sempre guidato dalla dottrina sociale della Chiesa. Lavoriamo per portare la verit\u00e0 e i valori cristiani in ogni angolo del pianeta. Aiutaci a trasformare il mondo con Exaudi! Noi di Exaudi crediamo che l'evangelizzazione e l'informazione di qualit\u00e0 possano cambiare la vita. Per continuare la nostra missione ed espandere la nostra portata, abbiamo bisogno del tuo aiuto. Stiamo anche cercando persone motivate che vogliano unirsi al nostro team. Grazie al vostro sostegno raggiungeremo pi\u00f9 persone, diffonderemo il messaggio di Cristo e rafforzeremo l'unit\u00e0 dei cristiani. Vuoi unirti alla nostra missione? Per maggiori informazioni su come contribuire, visita Exaudi.org\/it o contattaci direttamente: info@exaudi.org Exaudi: informa, forma e trasforma.","sameAs":["https:\/\/www.facebook.com\/ExaudiNotizie\/","https:\/\/www.instagram.com\/Exaudi_notizie\/","https:\/\/x.com\/Exaudi_Notizie","https:\/\/www.youtube.com\/@exaudicatholicnews"],"url":"https:\/\/exaudi.org\/it\/author\/dlvedi-org\/"}]}},"jetpack_featured_media_url":"https:\/\/exaudi.org\/wp-content\/uploads\/2025\/04\/pexels-pavel-danilyuk-8761299-scaled.jpg","jetpack_shortlink":"https:\/\/wp.me\/pgKjF2-wnW","_links":{"self":[{"href":"https:\/\/exaudi.org\/it\/wp-json\/wp\/v2\/posts\/124492","targetHints":{"allow":["GET"]}}],"collection":[{"href":"https:\/\/exaudi.org\/it\/wp-json\/wp\/v2\/posts"}],"about":[{"href":"https:\/\/exaudi.org\/it\/wp-json\/wp\/v2\/types\/post"}],"author":[{"embeddable":true,"href":"https:\/\/exaudi.org\/it\/wp-json\/wp\/v2\/users\/17"}],"replies":[{"embeddable":true,"href":"https:\/\/exaudi.org\/it\/wp-json\/wp\/v2\/comments?post=124492"}],"version-history":[{"count":0,"href":"https:\/\/exaudi.org\/it\/wp-json\/wp\/v2\/posts\/124492\/revisions"}],"wp:featuredmedia":[{"embeddable":true,"href":"https:\/\/exaudi.org\/it\/wp-json\/wp\/v2\/media\/124399"}],"wp:attachment":[{"href":"https:\/\/exaudi.org\/it\/wp-json\/wp\/v2\/media?parent=124492"}],"wp:term":[{"taxonomy":"category","embeddable":true,"href":"https:\/\/exaudi.org\/it\/wp-json\/wp\/v2\/categories?post=124492"},{"taxonomy":"post_tag","embeddable":true,"href":"https:\/\/exaudi.org\/it\/wp-json\/wp\/v2\/tags?post=124492"}],"curies":[{"name":"wp","href":"https:\/\/api.w.org\/{rel}","templated":true}]}}