{"id":124229,"date":"2025-04-22T19:55:33","date_gmt":"2025-04-22T17:55:33","guid":{"rendered":"https:\/\/exaudi.org\/?p=124229"},"modified":"2025-04-22T19:55:33","modified_gmt":"2025-04-22T17:55:33","slug":"ci-date-speranza-e-ci-ricordate-che-dio-non-ci-dimentica","status":"publish","type":"post","link":"https:\/\/exaudi.org\/it\/ci-date-speranza-e-ci-ricordate-che-dio-non-ci-dimentica\/","title":{"rendered":"&#8220;Ci date speranza e ci ricordate che Dio non ci dimentica&#8221;"},"content":{"rendered":"<p>Sin dalla sua elezione nel 2013, Papa Francesco \u00e8 una figura di portata mondiale che ha trasceso i confini della Chiesa cattolica, avendo un impatto sui leader politici, religiosi, culturali e sociali di tutto il mondo. La sua attenzione alla misericordia, alla giustizia sociale, alla cura del creato e al dialogo interreligioso ha suscitato ammirazione e rispetto in diversi ambienti. Di seguito alcune opinioni e dichiarazioni di personalit\u00e0 internazionali sul pontefice:<\/p>\n<h3><strong>Leader politici e governativi<\/strong><\/h3>\n<ol>\n<li><strong>Joe Biden, Presidente degli Stati Uniti:<\/strong><br \/>\nBiden, il secondo presidente cattolico nella storia degli Stati Uniti, ha ripetutamente espresso la sua ammirazione per Papa Francesco. In un incontro in Vaticano nel 2021, Biden ha sottolineato l&#8217;impegno del pontefice nei confronti dei poveri e il suo appello all&#8217;azione per il clima. &#8220;Papa Francesco \u00e8 stato una voce morale nel mondo, ricordandoci la nostra responsabilit\u00e0 nei confronti dei pi\u00f9 vulnerabili e del pianeta&#8221;, ha affermato.<\/li>\n<li><strong>Emmanuel Macron, Presidente della Francia:<\/strong><br \/>\nMacron ha elogiato il Papa per il suo ruolo nella promozione della pace e della giustizia sociale. Durante la visita in Vaticano, Macron ha sottolineato l\u2019enciclica Laudato Si\u2019 come documento fondamentale per la lotta al cambiamento climatico. &#8220;Papa Francesco ci ispira ad agire con urgenza e responsabilit\u00e0&#8221;, ha affermato.<\/li>\n<li><strong>Justin Trudeau, Primo Ministro del Canada:<\/strong><br \/>\nTrudeau ha riconosciuto la leadership di Papa Francesco su questioni quali la migrazione e la riconciliazione con i popoli indigeni. Dopo la storica visita del pontefice in Canada nel 2022, durante la quale si \u00e8 scusato per il ruolo della Chiesa negli abusi contro le comunit\u00e0 indigene, Trudeau ha affermato: &#8220;Le vostre parole e azioni sono state un passo cruciale verso la guarigione e la riconciliazione&#8221;.<\/li>\n<li><strong>Angela Merkel, ex cancelliera della Germania:<\/strong><br \/>\nMerkel ha sottolineato l&#8217;importanza del messaggio di Papa Francesco sulle questioni sociali ed etiche. In un incontro in Vaticano, l&#8217;ex cancelliera tedesca ha elogiato il suo impegno a favore dei rifugiati e degli emarginati. &#8220;Papa Francesco ci ricorda che la compassione e la solidariet\u00e0 devono essere i pilastri delle nostre societ\u00e0&#8221;, ha affermato.<\/li>\n<li><strong>Narendra Modi, Primo Ministro dell&#8217;India:<\/strong><br \/>\nSebbene appartenga a una diversa tradizione religiosa, Modi ha riconosciuto il ruolo di Papa Francesco come promotore del dialogo interreligioso e della pace. Durante una visita in Vaticano, il leader indiano ha sottolineato l&#8217;importanza del suo messaggio di fratellanza universale. &#8220;Papa Francesco \u00e8 un leader spirituale che ispira persone di tutte le fedi&#8221;, ha affermato.<\/li>\n<\/ol>\n<h3><strong>Leader religiosi<\/strong><\/h3>\n<ol>\n<li><strong>Bartolomeo I, Patriarca ecumenico di Costantinopoli:<\/strong><br \/>\nIl leader ortodosso ha sottolineato la vicinanza di Papa Francesco e il suo impegno per l&#8217;unit\u00e0 dei cristiani. I due hanno collaborato a iniziative quali la tutela ambientale e la promozione della pace. \u00abPapa Francesco \u00e8 un fratello nella fede e un alleato nella difesa dei valori cristiani\u00bb, ha affermato Bartolomeo I.<\/li>\n<li><strong>Imam Ahmad al-Tayyeb, Grande Imam di Al-Azhar:<\/strong><br \/>\nIl leader musulmano ha elogiato il Papa per il suo impegno nel dialogo interreligioso. Insieme hanno firmato nel 2019 il <em>Documento sulla fratellanza umana<\/em>, una pietra miliare nelle relazioni tra cristianesimo e islam. &#8220;Papa Francesco \u00e8 un uomo di pace e un ponte tra le religioni&#8221;, ha affermato l&#8217;imam.<\/li>\n<li><strong>Il rabbino Abraham Skorka, amico personale di Papa Francesco:<\/strong><br \/>\nIl rabbino Skorka, che coltiva da tempo un&#8217;amicizia con il pontefice, ne ha sottolineato l&#8217;umilt\u00e0 e la capacit\u00e0 di costruire ponti tra comunit\u00e0 diverse. &#8220;Papa Francesco vive ci\u00f2 che predica: vicinanza al prossimo e rispetto per tutte le fedi&#8221;, ha affermato.<\/li>\n<li><strong>Dalai Lama, guida spirituale del buddismo tibetano:<\/strong><br \/>\nIl Dalai Lama ha espresso la sua ammirazione per l&#8217;impegno di Papa Francesco per la pace e la giustizia. In un incontro in Vaticano, il leader buddista ha sottolineato la sua importanza per la compassione e la fratellanza universale. &#8220;Papa Francesco \u00e8 un leader spirituale che ispira persone di tutte le tradizioni&#8221;, ha affermato.<\/li>\n<li><strong>Justin Welby, arcivescovo di Canterbury e leader della Comunione anglicana:<\/strong><br \/>\nWelby ha elogiato Papa Francesco per il suo lavoro nel promuovere l&#8217;unit\u00e0 dei cristiani e per la sua attenzione alla giustizia sociale. &#8220;Papa Francesco ci ricorda che la fede deve tradursi in azioni concrete per aiutare i pi\u00f9 bisognosi&#8221;, ha affermato.<\/li>\n<\/ol>\n<h3><strong>Personalit\u00e0 culturali e sociali<\/strong><\/h3>\n<ol>\n<li><strong>Roberto Benigni, attore e regista italiano:<\/strong><br \/>\nIl celebre artista italiano ha espresso in diverse occasioni la sua profonda ammirazione per Papa Francesco. Benigni, noto per il suo impegno a favore dei valori umanitari, ha descritto il pontefice come &#8220;un faro di speranza in un mondo spesso oscuro&#8221;. In un&#8217;intervista, Benigni ha affermato: &#8220;Papa Francesco ci ricorda che la gioia e l&#8217;umilt\u00e0 sono essenziali per vivere una vita piena. Il suo messaggio di amore e misericordia \u00e8 universale e raggiunge il cuore di tutti, credenti e non credenti&#8221;.<\/li>\n<li><strong>Malala Yousafzai, attivista per l&#8217;istruzione e premio Nobel per la pace:<\/strong><br \/>\nMalala ha espresso la sua ammirazione per Papa Francesco per la sua difesa dei diritti dei migranti e dei rifugiati. &#8220;Il Papa ci ricorda che ogni persona ha dignit\u00e0 e che dobbiamo accogliere coloro che fuggono dalla guerra e dalla povert\u00e0&#8221;, ha affermato.<\/li>\n<li><strong>Andrea Bocelli, tenore e musicista italiano:<\/strong><br \/>\nBocelli ha sottolineato l&#8217;ispirazione che trova nel messaggio di Papa Francesco. &#8220;Il suo invito alla speranza e alla fede in mezzo alle difficolt\u00e0 risuona nella mia musica e nella mia vita&#8221;, ha affermato il tenore.<\/li>\n<li><strong>Shakira, cantante e attivista colombiana:<\/strong><br \/>\nL&#8217;artista ha elogiato Papa Francesco per il suo impegno a favore dell&#8217;istruzione e della giustizia sociale. &#8220;Papa Francesco \u00e8 una voce potente per i pi\u00f9 vulnerabili, soprattutto i bambini&#8221;, ha affermato.<\/li>\n<li><strong>Bono, frontman degli U2 e attivista:<\/strong><br \/>\nBono ha riconosciuto la leadership di Papa Francesco nella lotta contro la povert\u00e0 e la disuguaglianza. &#8220;Papa Francesco ci sfida a essere migliori e a impegnarci per un mondo pi\u00f9 giusto&#8221;, ha affermato il musicista.<\/li>\n<\/ol>\n<h3><strong>Testimonianze di persone comuni<\/strong><\/h3>\n<p>Oltre a personaggi illustri, milioni di persone in tutto il mondo hanno espresso la loro gratitudine a Papa Francesco. Nei suoi viaggi apostolici, il pontefice \u00e8 stato accolto con entusiasmo dai fedeli, che lo vedono come un pastore vicino e compassionevole. Durante la sua visita in Messico nel 2016, una donna indigena le disse: &#8220;Ci dai speranza e ci ricordi che Dio non ci dimentica&#8221;.<\/p>\n<p>Papa Francesco ha lasciato un segno profondo nel mondo, non solo tra i cattolici, ma anche tra le persone di altre fedi e provenienze. Il suo messaggio di amore, giustizia e cura del creato continua a ispirare leader e cittadini comuni a costruire un mondo pi\u00f9 fraterno e solidale. Come ha affermato il Segretario generale delle Nazioni Unite Ant\u00f3nio Guterres: &#8220;Papa Francesco \u00e8 una luce in un tempo di oscurit\u00e0, che ci ricorda che la speranza e l&#8217;azione possono cambiare il mondo&#8221;.<\/p>\n","protected":false},"excerpt":{"rendered":"<p>Cosa hanno detto di Papa Francesco?<\/p>\n","protected":false},"author":17,"featured_media":124230,"comment_status":"closed","ping_status":"closed","sticky":false,"template":"","format":"standard","meta":{"_acf_changed":false,"_crdt_document":"","inline_featured_image":false,"footnotes":""},"categories":[71],"tags":[33915,55476,55477,55478,55479,55475,11249,2707,28183,4512,1301,55481,55482,665,13988,1466,55483,17923,49207,1209,55486,1720,55487,55349,55490,15072,16532,55496,55497,55489,15414,7731,55491,55492,55488,55113,55495,55494,44472,55498,55493,55480,55499,29103,23216,472,12468,1128,48262,55500,40066,1667,55501,19629,251,55502,27727,32100,8780,55330,55112,55503,55474,5435,2490,55504,55505,640,7769,48309,55506,510,483,55485,55484,5522,20624,32704,55507,4952,13453,27688,55508,19610,55509,558,55510],"class_list":["post-124229","post","type-post","status-publish","format-standard","has-post-thumbnail","hentry","category-analisi","tag-amore-per-il-prossimo","tag-amore-universale","tag-andrea-bocelli-2","tag-angela-merkel-3","tag-antonio-guterres-3","tag-attivismo-sociale","tag-bartolomeo-i","tag-cambiamento-climatico","tag-cattolicesimo","tag-chiesa-cattolica","tag-compassione","tag-dalai-lama-2","tag-dialogo-globale","tag-dialogo-interreligioso","tag-dignita-umana","tag-diritti-umani","tag-emmanuel-macron-2","tag-enciclica-laudato-si-2","tag-exaudi-org-2","tag-fede","tag-fedeli-cattolici","tag-felicita","tag-francesco-bergoglio","tag-fratellanza-universale","tag-giustizia-globale","tag-giustizia-sociale","tag-guarigione","tag-i-leader-politici","tag-i-leader-religiosi","tag-impatto-globale","tag-impegno-sociale","tag-joe-biden-3","tag-justin-trudeau-2","tag-justin-welby-2","tag-limam-ahmad-al-tayyeb","tag-la-fratellanza-umana","tag-leader-culturali","tag-leader-ispiratore","tag-leader-mondiali","tag-leader-sociali","tag-leader-spirituale","tag-legame","tag-malala-yousafzai-2","tag-messaggio-del-papa","tag-messaggio-di-pace","tag-migranti","tag-migrazione","tag-misericordia","tag-modestia","tag-narendra-modi-2","tag-notizie-dal-vaticano","tag-onu","tag-opinioni-sul-papa","tag-pace-nel-mondo","tag-papa-francesco","tag-pastore-vicino","tag-pedro-sanchez-2","tag-pontefice","tag-popolazioni-indigene","tag-prendersi-cura-del-pianeta","tag-prenditi-cura-del-creato","tag-rabbino-abraham-skorka","tag-reception","tag-religione","tag-riconciliazione","tag-riconciliazione-globale","tag-riferimento-morale","tag-rifugiati","tag-roberto-benigni","tag-scusa","tag-shakira-2","tag-solidarieta","tag-speranza","tag-speranza-mondiale","tag-speranza-nella-fede","tag-spiritualita","tag-testimonianza-di-vita","tag-testimonianze-di-fede","tag-testimonianze-sul-papa","tag-trending-it","tag-umanita","tag-unita-cristiana","tag-unita-globale","tag-valori-cristiani","tag-vatican-va-3","tag-viaggi-apostolici","tag-voce-morale"],"acf":[],"yoast_head":"<!-- This site is optimized with the Yoast SEO plugin v27.5 - https:\/\/yoast.com\/product\/yoast-seo-wordpress\/ -->\n<title>&quot;Ci date speranza e ci ricordate che Dio non ci dimentica&quot; &#8211; Exaudi<\/title>\n<meta name=\"robots\" content=\"index, follow, max-snippet:-1, max-image-preview:large, max-video-preview:-1\" \/>\n<link rel=\"canonical\" href=\"https:\/\/exaudi.org\/it\/ci-date-speranza-e-ci-ricordate-che-dio-non-ci-dimentica\/\" \/>\n<meta property=\"og:locale\" content=\"it_IT\" \/>\n<meta property=\"og:type\" content=\"article\" \/>\n<meta property=\"og:title\" content=\"&quot;Ci date speranza e ci ricordate che Dio non ci dimentica&quot; &#8211; Exaudi\" \/>\n<meta property=\"og:description\" content=\"Cosa hanno detto di Papa Francesco?\" \/>\n<meta property=\"og:url\" content=\"https:\/\/exaudi.org\/it\/ci-date-speranza-e-ci-ricordate-che-dio-non-ci-dimentica\/\" \/>\n<meta property=\"og:site_name\" content=\"Exaudi\" \/>\n<meta property=\"article:publisher\" content=\"https:\/\/www.facebook.com\/ExaudiNews\" \/>\n<meta property=\"article:author\" content=\"https:\/\/www.facebook.com\/ExaudiNotizie\/\" \/>\n<meta property=\"article:published_time\" content=\"2025-04-22T17:55:33+00:00\" \/>\n<meta property=\"og:image\" content=\"https:\/\/exaudi.org\/wp-content\/uploads\/2025\/04\/1-2.jpeg\" \/>\n\t<meta property=\"og:image:width\" content=\"750\" \/>\n\t<meta property=\"og:image:height\" content=\"422\" \/>\n\t<meta property=\"og:image:type\" content=\"image\/jpeg\" \/>\n<meta name=\"author\" content=\"Exaudi Redazione\" \/>\n<meta name=\"twitter:card\" content=\"summary_large_image\" \/>\n<meta name=\"twitter:creator\" content=\"@Exaudi_Notizie\" \/>\n<meta name=\"twitter:site\" content=\"@Exaudi_News\" \/>\n<meta name=\"twitter:label1\" content=\"Scritto da\" \/>\n\t<meta name=\"twitter:data1\" content=\"Exaudi Redazione\" \/>\n\t<meta name=\"twitter:label2\" content=\"Tempo di lettura stimato\" \/>\n\t<meta name=\"twitter:data2\" content=\"5 minuti\" \/>\n<script type=\"application\/ld+json\" class=\"yoast-schema-graph\">{\"@context\":\"https:\\\/\\\/schema.org\",\"@graph\":[{\"@type\":\"Article\",\"@id\":\"https:\\\/\\\/exaudi.org\\\/it\\\/ci-date-speranza-e-ci-ricordate-che-dio-non-ci-dimentica\\\/#article\",\"isPartOf\":{\"@id\":\"https:\\\/\\\/exaudi.org\\\/it\\\/ci-date-speranza-e-ci-ricordate-che-dio-non-ci-dimentica\\\/\"},\"author\":{\"name\":\"Exaudi Redazione\",\"@id\":\"https:\\\/\\\/exaudi.org\\\/#\\\/schema\\\/person\\\/e1ab6ed07c01774724dd96f925f3a5f0\"},\"headline\":\"&#8220;Ci date speranza e ci ricordate che Dio non ci dimentica&#8221;\",\"datePublished\":\"2025-04-22T17:55:33+00:00\",\"mainEntityOfPage\":{\"@id\":\"https:\\\/\\\/exaudi.org\\\/it\\\/ci-date-speranza-e-ci-ricordate-che-dio-non-ci-dimentica\\\/\"},\"wordCount\":1101,\"image\":{\"@id\":\"https:\\\/\\\/exaudi.org\\\/it\\\/ci-date-speranza-e-ci-ricordate-che-dio-non-ci-dimentica\\\/#primaryimage\"},\"thumbnailUrl\":\"https:\\\/\\\/exaudi.org\\\/wp-content\\\/uploads\\\/2025\\\/04\\\/1-2.jpeg\",\"keywords\":[\"amore per il prossimo\",\"amore universale\",\"Andrea Bocelli\",\"Angela Merkel\",\"Antonio Guterres\",\"attivismo sociale\",\"BARTOLOMEO I\",\"cambiamento climatico\",\"Cattolicesimo\",\"Chiesa cattolica\",\"compassione\",\"Dalai Lama\",\"dialogo globale\",\"dialogo interreligioso\",\"DIGNIT\u00c0 UMANA\",\"diritti umani\",\"Emmanuel Macron\",\"ENCICLICA LAUDATO SI\",\"exaudi.org\",\"fede\",\"Fedeli cattolici\",\"felicit\u00e0\",\"Francesco Bergoglio\",\"fratellanza universale\",\"giustizia globale\",\"GIUSTIZIA SOCIALE\",\"GUARIGIONE\",\"I leader politici\",\"I leader religiosi\",\"impatto globale\",\"IMPEGNO SOCIALE\",\"Joe Biden\",\"Justin Trudeau\",\"Justin Welby\",\"L'Imam Ahmad al-Tayyeb\",\"La fratellanza umana\",\"leader culturali\",\"leader ispiratore\",\"leader mondiali\",\"leader sociali\",\"leader spirituale\",\"Legame\",\"Malala Yousafzai\",\"Messaggio del Papa\",\"messaggio di pace\",\"migranti\",\"MIGRAZIONE\",\"misericordia\",\"modestia\",\"Narendra Modi\",\"Notizie dal Vaticano\",\"Onu\",\"opinioni sul papa\",\"PACE NEL MONDO\",\"Papa Francesco\",\"pastore vicino\",\"Pedro S\u00e1nchez\",\"Pontefice\",\"popolazioni indigene\",\"prendersi cura del pianeta\",\"Prenditi cura del creato\",\"Rabbino Abraham Skorka\",\"Reception\",\"religione\",\"riconciliazione\",\"riconciliazione globale\",\"riferimento morale\",\"rifugiati\",\"Roberto Benigni\",\"Scusa\",\"Shakira\",\"solidariet\u00e0\",\"speranza\",\"speranza mondiale\",\"speranza nella fede\",\"spiritualit\u00e0\",\"TESTIMONIANZA DI VITA\",\"testimonianze di fede\",\"testimonianze sul papa\",\"Trending\",\"UMANIT\u00c0\",\"unit\u00e0 cristiana\",\"unit\u00e0 globale\",\"VALORI CRISTIANI\",\"vatican.va\",\"viaggi apostolici\",\"voce morale\"],\"articleSection\":[\"Analisi\"],\"inLanguage\":\"it-IT\"},{\"@type\":\"WebPage\",\"@id\":\"https:\\\/\\\/exaudi.org\\\/it\\\/ci-date-speranza-e-ci-ricordate-che-dio-non-ci-dimentica\\\/\",\"url\":\"https:\\\/\\\/exaudi.org\\\/it\\\/ci-date-speranza-e-ci-ricordate-che-dio-non-ci-dimentica\\\/\",\"name\":\"\\\"Ci date speranza e ci ricordate che Dio non ci dimentica\\\" &#8211; Exaudi\",\"isPartOf\":{\"@id\":\"https:\\\/\\\/exaudi.org\\\/#website\"},\"primaryImageOfPage\":{\"@id\":\"https:\\\/\\\/exaudi.org\\\/it\\\/ci-date-speranza-e-ci-ricordate-che-dio-non-ci-dimentica\\\/#primaryimage\"},\"image\":{\"@id\":\"https:\\\/\\\/exaudi.org\\\/it\\\/ci-date-speranza-e-ci-ricordate-che-dio-non-ci-dimentica\\\/#primaryimage\"},\"thumbnailUrl\":\"https:\\\/\\\/exaudi.org\\\/wp-content\\\/uploads\\\/2025\\\/04\\\/1-2.jpeg\",\"datePublished\":\"2025-04-22T17:55:33+00:00\",\"author\":{\"@id\":\"https:\\\/\\\/exaudi.org\\\/#\\\/schema\\\/person\\\/e1ab6ed07c01774724dd96f925f3a5f0\"},\"breadcrumb\":{\"@id\":\"https:\\\/\\\/exaudi.org\\\/it\\\/ci-date-speranza-e-ci-ricordate-che-dio-non-ci-dimentica\\\/#breadcrumb\"},\"inLanguage\":\"it-IT\",\"potentialAction\":[{\"@type\":\"ReadAction\",\"target\":[\"https:\\\/\\\/exaudi.org\\\/it\\\/ci-date-speranza-e-ci-ricordate-che-dio-non-ci-dimentica\\\/\"]}]},{\"@type\":\"ImageObject\",\"inLanguage\":\"it-IT\",\"@id\":\"https:\\\/\\\/exaudi.org\\\/it\\\/ci-date-speranza-e-ci-ricordate-che-dio-non-ci-dimentica\\\/#primaryimage\",\"url\":\"https:\\\/\\\/exaudi.org\\\/wp-content\\\/uploads\\\/2025\\\/04\\\/1-2.jpeg\",\"contentUrl\":\"https:\\\/\\\/exaudi.org\\\/wp-content\\\/uploads\\\/2025\\\/04\\\/1-2.jpeg\",\"width\":750,\"height\":422},{\"@type\":\"BreadcrumbList\",\"@id\":\"https:\\\/\\\/exaudi.org\\\/it\\\/ci-date-speranza-e-ci-ricordate-che-dio-non-ci-dimentica\\\/#breadcrumb\",\"itemListElement\":[{\"@type\":\"ListItem\",\"position\":1,\"name\":\"Portada\",\"item\":\"https:\\\/\\\/exaudi.org\\\/it\\\/\"},{\"@type\":\"ListItem\",\"position\":2,\"name\":\"&#8220;Ci date speranza e ci ricordate che Dio non ci dimentica&#8221;\"}]},{\"@type\":\"WebSite\",\"@id\":\"https:\\\/\\\/exaudi.org\\\/#website\",\"url\":\"https:\\\/\\\/exaudi.org\\\/\",\"name\":\"Exaudi\",\"description\":\"News\",\"potentialAction\":[{\"@type\":\"SearchAction\",\"target\":{\"@type\":\"EntryPoint\",\"urlTemplate\":\"https:\\\/\\\/exaudi.org\\\/?s={search_term_string}\"},\"query-input\":{\"@type\":\"PropertyValueSpecification\",\"valueRequired\":true,\"valueName\":\"search_term_string\"}}],\"inLanguage\":\"it-IT\"},{\"@type\":\"Person\",\"@id\":\"https:\\\/\\\/exaudi.org\\\/#\\\/schema\\\/person\\\/e1ab6ed07c01774724dd96f925f3a5f0\",\"name\":\"Exaudi Redazione\",\"image\":{\"@type\":\"ImageObject\",\"inLanguage\":\"it-IT\",\"@id\":\"https:\\\/\\\/secure.gravatar.com\\\/avatar\\\/ad6774b3ada023bf5b939d64f45c94b3adf91502dd883507d469b4308a943bb3?s=96&d=mm&r=g\",\"url\":\"https:\\\/\\\/secure.gravatar.com\\\/avatar\\\/ad6774b3ada023bf5b939d64f45c94b3adf91502dd883507d469b4308a943bb3?s=96&d=mm&r=g\",\"contentUrl\":\"https:\\\/\\\/secure.gravatar.com\\\/avatar\\\/ad6774b3ada023bf5b939d64f45c94b3adf91502dd883507d469b4308a943bb3?s=96&d=mm&r=g\",\"caption\":\"Exaudi Redazione\"},\"description\":\"Che cosa \u00e8 Exaudi News? Exaudi News \u00e8 un agenzia cattolica internazionale che informa, istruisce e trasforma quotidianamente in spagnolo, inglese e italiano. Attraverso notizie, articoli di analisi e trasmissioni in diretta degli eventi del Papa, Exaudi cerca di rafforzare l'unit\u00e0 dei cristiani e di contribuire all'evangelizzazione del mondo, sempre guidato dalla dottrina sociale della Chiesa. Lavoriamo per portare la verit\u00e0 e i valori cristiani in ogni angolo del pianeta. Aiutaci a trasformare il mondo con Exaudi! Noi di Exaudi crediamo che l'evangelizzazione e l'informazione di qualit\u00e0 possano cambiare la vita. Per continuare la nostra missione ed espandere la nostra portata, abbiamo bisogno del tuo aiuto. Stiamo anche cercando persone motivate che vogliano unirsi al nostro team. Grazie al vostro sostegno raggiungeremo pi\u00f9 persone, diffonderemo il messaggio di Cristo e rafforzeremo l'unit\u00e0 dei cristiani. Vuoi unirti alla nostra missione? Per maggiori informazioni su come contribuire, visita Exaudi.org\\\/it o contattaci direttamente: info@exaudi.org Exaudi: informa, forma e trasforma.\",\"sameAs\":[\"https:\\\/\\\/www.facebook.com\\\/ExaudiNotizie\\\/\",\"https:\\\/\\\/www.instagram.com\\\/Exaudi_notizie\\\/\",\"https:\\\/\\\/x.com\\\/Exaudi_Notizie\",\"https:\\\/\\\/www.youtube.com\\\/@exaudicatholicnews\"],\"url\":\"https:\\\/\\\/exaudi.org\\\/it\\\/author\\\/dlvedi-org\\\/\"}]}<\/script>\n<!-- \/ Yoast SEO plugin. -->","yoast_head_json":{"title":"\"Ci date speranza e ci ricordate che Dio non ci dimentica\" &#8211; Exaudi","robots":{"index":"index","follow":"follow","max-snippet":"max-snippet:-1","max-image-preview":"max-image-preview:large","max-video-preview":"max-video-preview:-1"},"canonical":"https:\/\/exaudi.org\/it\/ci-date-speranza-e-ci-ricordate-che-dio-non-ci-dimentica\/","og_locale":"it_IT","og_type":"article","og_title":"\"Ci date speranza e ci ricordate che Dio non ci dimentica\" &#8211; Exaudi","og_description":"Cosa hanno detto di Papa Francesco?","og_url":"https:\/\/exaudi.org\/it\/ci-date-speranza-e-ci-ricordate-che-dio-non-ci-dimentica\/","og_site_name":"Exaudi","article_publisher":"https:\/\/www.facebook.com\/ExaudiNews","article_author":"https:\/\/www.facebook.com\/ExaudiNotizie\/","article_published_time":"2025-04-22T17:55:33+00:00","og_image":[{"width":750,"height":422,"url":"https:\/\/exaudi.org\/wp-content\/uploads\/2025\/04\/1-2.jpeg","type":"image\/jpeg"}],"author":"Exaudi Redazione","twitter_card":"summary_large_image","twitter_creator":"@Exaudi_Notizie","twitter_site":"@Exaudi_News","twitter_misc":{"Scritto da":"Exaudi Redazione","Tempo di lettura stimato":"5 minuti"},"schema":{"@context":"https:\/\/schema.org","@graph":[{"@type":"Article","@id":"https:\/\/exaudi.org\/it\/ci-date-speranza-e-ci-ricordate-che-dio-non-ci-dimentica\/#article","isPartOf":{"@id":"https:\/\/exaudi.org\/it\/ci-date-speranza-e-ci-ricordate-che-dio-non-ci-dimentica\/"},"author":{"name":"Exaudi Redazione","@id":"https:\/\/exaudi.org\/#\/schema\/person\/e1ab6ed07c01774724dd96f925f3a5f0"},"headline":"&#8220;Ci date speranza e ci ricordate che Dio non ci dimentica&#8221;","datePublished":"2025-04-22T17:55:33+00:00","mainEntityOfPage":{"@id":"https:\/\/exaudi.org\/it\/ci-date-speranza-e-ci-ricordate-che-dio-non-ci-dimentica\/"},"wordCount":1101,"image":{"@id":"https:\/\/exaudi.org\/it\/ci-date-speranza-e-ci-ricordate-che-dio-non-ci-dimentica\/#primaryimage"},"thumbnailUrl":"https:\/\/exaudi.org\/wp-content\/uploads\/2025\/04\/1-2.jpeg","keywords":["amore per il prossimo","amore universale","Andrea Bocelli","Angela Merkel","Antonio Guterres","attivismo sociale","BARTOLOMEO I","cambiamento climatico","Cattolicesimo","Chiesa cattolica","compassione","Dalai Lama","dialogo globale","dialogo interreligioso","DIGNIT\u00c0 UMANA","diritti umani","Emmanuel Macron","ENCICLICA LAUDATO SI","exaudi.org","fede","Fedeli cattolici","felicit\u00e0","Francesco Bergoglio","fratellanza universale","giustizia globale","GIUSTIZIA SOCIALE","GUARIGIONE","I leader politici","I leader religiosi","impatto globale","IMPEGNO SOCIALE","Joe Biden","Justin Trudeau","Justin Welby","L'Imam Ahmad al-Tayyeb","La fratellanza umana","leader culturali","leader ispiratore","leader mondiali","leader sociali","leader spirituale","Legame","Malala Yousafzai","Messaggio del Papa","messaggio di pace","migranti","MIGRAZIONE","misericordia","modestia","Narendra Modi","Notizie dal Vaticano","Onu","opinioni sul papa","PACE NEL MONDO","Papa Francesco","pastore vicino","Pedro S\u00e1nchez","Pontefice","popolazioni indigene","prendersi cura del pianeta","Prenditi cura del creato","Rabbino Abraham Skorka","Reception","religione","riconciliazione","riconciliazione globale","riferimento morale","rifugiati","Roberto Benigni","Scusa","Shakira","solidariet\u00e0","speranza","speranza mondiale","speranza nella fede","spiritualit\u00e0","TESTIMONIANZA DI VITA","testimonianze di fede","testimonianze sul papa","Trending","UMANIT\u00c0","unit\u00e0 cristiana","unit\u00e0 globale","VALORI CRISTIANI","vatican.va","viaggi apostolici","voce morale"],"articleSection":["Analisi"],"inLanguage":"it-IT"},{"@type":"WebPage","@id":"https:\/\/exaudi.org\/it\/ci-date-speranza-e-ci-ricordate-che-dio-non-ci-dimentica\/","url":"https:\/\/exaudi.org\/it\/ci-date-speranza-e-ci-ricordate-che-dio-non-ci-dimentica\/","name":"\"Ci date speranza e ci ricordate che Dio non ci dimentica\" &#8211; Exaudi","isPartOf":{"@id":"https:\/\/exaudi.org\/#website"},"primaryImageOfPage":{"@id":"https:\/\/exaudi.org\/it\/ci-date-speranza-e-ci-ricordate-che-dio-non-ci-dimentica\/#primaryimage"},"image":{"@id":"https:\/\/exaudi.org\/it\/ci-date-speranza-e-ci-ricordate-che-dio-non-ci-dimentica\/#primaryimage"},"thumbnailUrl":"https:\/\/exaudi.org\/wp-content\/uploads\/2025\/04\/1-2.jpeg","datePublished":"2025-04-22T17:55:33+00:00","author":{"@id":"https:\/\/exaudi.org\/#\/schema\/person\/e1ab6ed07c01774724dd96f925f3a5f0"},"breadcrumb":{"@id":"https:\/\/exaudi.org\/it\/ci-date-speranza-e-ci-ricordate-che-dio-non-ci-dimentica\/#breadcrumb"},"inLanguage":"it-IT","potentialAction":[{"@type":"ReadAction","target":["https:\/\/exaudi.org\/it\/ci-date-speranza-e-ci-ricordate-che-dio-non-ci-dimentica\/"]}]},{"@type":"ImageObject","inLanguage":"it-IT","@id":"https:\/\/exaudi.org\/it\/ci-date-speranza-e-ci-ricordate-che-dio-non-ci-dimentica\/#primaryimage","url":"https:\/\/exaudi.org\/wp-content\/uploads\/2025\/04\/1-2.jpeg","contentUrl":"https:\/\/exaudi.org\/wp-content\/uploads\/2025\/04\/1-2.jpeg","width":750,"height":422},{"@type":"BreadcrumbList","@id":"https:\/\/exaudi.org\/it\/ci-date-speranza-e-ci-ricordate-che-dio-non-ci-dimentica\/#breadcrumb","itemListElement":[{"@type":"ListItem","position":1,"name":"Portada","item":"https:\/\/exaudi.org\/it\/"},{"@type":"ListItem","position":2,"name":"&#8220;Ci date speranza e ci ricordate che Dio non ci dimentica&#8221;"}]},{"@type":"WebSite","@id":"https:\/\/exaudi.org\/#website","url":"https:\/\/exaudi.org\/","name":"Exaudi","description":"News","potentialAction":[{"@type":"SearchAction","target":{"@type":"EntryPoint","urlTemplate":"https:\/\/exaudi.org\/?s={search_term_string}"},"query-input":{"@type":"PropertyValueSpecification","valueRequired":true,"valueName":"search_term_string"}}],"inLanguage":"it-IT"},{"@type":"Person","@id":"https:\/\/exaudi.org\/#\/schema\/person\/e1ab6ed07c01774724dd96f925f3a5f0","name":"Exaudi Redazione","image":{"@type":"ImageObject","inLanguage":"it-IT","@id":"https:\/\/secure.gravatar.com\/avatar\/ad6774b3ada023bf5b939d64f45c94b3adf91502dd883507d469b4308a943bb3?s=96&d=mm&r=g","url":"https:\/\/secure.gravatar.com\/avatar\/ad6774b3ada023bf5b939d64f45c94b3adf91502dd883507d469b4308a943bb3?s=96&d=mm&r=g","contentUrl":"https:\/\/secure.gravatar.com\/avatar\/ad6774b3ada023bf5b939d64f45c94b3adf91502dd883507d469b4308a943bb3?s=96&d=mm&r=g","caption":"Exaudi Redazione"},"description":"Che cosa \u00e8 Exaudi News? Exaudi News \u00e8 un agenzia cattolica internazionale che informa, istruisce e trasforma quotidianamente in spagnolo, inglese e italiano. Attraverso notizie, articoli di analisi e trasmissioni in diretta degli eventi del Papa, Exaudi cerca di rafforzare l'unit\u00e0 dei cristiani e di contribuire all'evangelizzazione del mondo, sempre guidato dalla dottrina sociale della Chiesa. Lavoriamo per portare la verit\u00e0 e i valori cristiani in ogni angolo del pianeta. Aiutaci a trasformare il mondo con Exaudi! Noi di Exaudi crediamo che l'evangelizzazione e l'informazione di qualit\u00e0 possano cambiare la vita. Per continuare la nostra missione ed espandere la nostra portata, abbiamo bisogno del tuo aiuto. Stiamo anche cercando persone motivate che vogliano unirsi al nostro team. Grazie al vostro sostegno raggiungeremo pi\u00f9 persone, diffonderemo il messaggio di Cristo e rafforzeremo l'unit\u00e0 dei cristiani. Vuoi unirti alla nostra missione? Per maggiori informazioni su come contribuire, visita Exaudi.org\/it o contattaci direttamente: info@exaudi.org Exaudi: informa, forma e trasforma.","sameAs":["https:\/\/www.facebook.com\/ExaudiNotizie\/","https:\/\/www.instagram.com\/Exaudi_notizie\/","https:\/\/x.com\/Exaudi_Notizie","https:\/\/www.youtube.com\/@exaudicatholicnews"],"url":"https:\/\/exaudi.org\/it\/author\/dlvedi-org\/"}]}},"jetpack_featured_media_url":"https:\/\/exaudi.org\/wp-content\/uploads\/2025\/04\/1-2.jpeg","jetpack_shortlink":"https:\/\/wp.me\/pgKjF2-wjH","_links":{"self":[{"href":"https:\/\/exaudi.org\/it\/wp-json\/wp\/v2\/posts\/124229","targetHints":{"allow":["GET"]}}],"collection":[{"href":"https:\/\/exaudi.org\/it\/wp-json\/wp\/v2\/posts"}],"about":[{"href":"https:\/\/exaudi.org\/it\/wp-json\/wp\/v2\/types\/post"}],"author":[{"embeddable":true,"href":"https:\/\/exaudi.org\/it\/wp-json\/wp\/v2\/users\/17"}],"replies":[{"embeddable":true,"href":"https:\/\/exaudi.org\/it\/wp-json\/wp\/v2\/comments?post=124229"}],"version-history":[{"count":0,"href":"https:\/\/exaudi.org\/it\/wp-json\/wp\/v2\/posts\/124229\/revisions"}],"wp:featuredmedia":[{"embeddable":true,"href":"https:\/\/exaudi.org\/it\/wp-json\/wp\/v2\/media\/124230"}],"wp:attachment":[{"href":"https:\/\/exaudi.org\/it\/wp-json\/wp\/v2\/media?parent=124229"}],"wp:term":[{"taxonomy":"category","embeddable":true,"href":"https:\/\/exaudi.org\/it\/wp-json\/wp\/v2\/categories?post=124229"},{"taxonomy":"post_tag","embeddable":true,"href":"https:\/\/exaudi.org\/it\/wp-json\/wp\/v2\/tags?post=124229"}],"curies":[{"name":"wp","href":"https:\/\/api.w.org\/{rel}","templated":true}]}}