{"id":124139,"date":"2025-04-21T17:48:07","date_gmt":"2025-04-21T15:48:07","guid":{"rendered":"https:\/\/exaudi.org\/?p=124139"},"modified":"2025-04-21T17:48:07","modified_gmt":"2025-04-21T15:48:07","slug":"pasqua-per-la-vita-nella-speranza","status":"publish","type":"post","link":"https:\/\/exaudi.org\/it\/pasqua-per-la-vita-nella-speranza\/","title":{"rendered":"Pasqua per la vita nella speranza"},"content":{"rendered":"<p>Oggigiorno, le terapie per il successo, la felicit\u00e0, l&#8217;introspezione, ecc. abbondano in tutti i media. Stanno proliferando tutti i tipi di coaching, formazione, mentoring, discorsi motivazionali, libri e programmi ispiratori, cliniche, esperti e metodologie per migliorare la vita umana. E allo stesso tempo aumenta il numero di problemi legati alla salute mentale, all&#8217;ansia e all&#8217;insensatezza.<\/p>\n<p>Queste attivit\u00e0 e questi problemi aumentano perch\u00e9 gli esseri umani avvertono un costante bisogno di miglioramento, di progresso, di una vita migliore e perch\u00e9 \u2013 oltretutto \u2013 sembra difficile trovare ragioni per sperare in un futuro migliore.<\/p>\n<p>La vocazione primaria di ogni essere umano \u00e8 il bisogno di umanizzarsi ogni giorno, di essere migliore, vivendo i valori iscritti nel cuore di ogni persona, come il desiderio di vita, di libert\u00e0, di giustizia, di verit\u00e0, di solidariet\u00e0, di pace&#8230;<\/p>\n<p>Anche nella dimensione sociale e della convivenza, tutti sperimentiamo la necessit\u00e0 di crescere, migliorando le relazioni interpersonali, le strutture sociali e le organizzazioni.<\/p>\n<p>Proprio la famiglia, la scuola e tutte le istituzioni e gli organismi sociali, in particolare le religioni, esistono per impregnare di valori la vita sociale, per aiutare ogni essere umano a sviluppare e praticare i migliori valori umani, o per rimproverare, se necessario, chiunque li violi.<\/p>\n<p>Questa esigenza di umanizzazione e di perfezione \u00e8 proprio il messaggio fondamentale che la celebrazione liturgica della Pasqua cristiana ci trasmette in questi giorni.<\/p>\n<p>\u201c<strong>Pasqua<\/strong>\u201d \u00e8 una parola di origine ebraica che significa \u201c<strong>passo<\/strong>\u201d. La Pasqua cristiana commemora \u2013 in modo remoto \u2013 il \u201cpassaggio\u201d del popolo dell\u2019Antico Testamento dalla schiavit\u00f9 egizia alla libert\u00e0. Ma, intimamente, confessiamo e celebriamo il &#8220;passaggio&#8221; del Crocifisso dalla morte alla vita, il &#8220;passaggio&#8221; dall&#8217;apparente fallimento del progetto di vita e del Vangelo di Ges\u00f9 sulla croce alla vittoria sul male, al trionfo su ogni forma di schiavit\u00f9 e di morte.<\/p>\n<p>Dopo la morte di Ges\u00f9, la prima esperienza che i primi discepoli del Maestro di Nazaret vissero e condivisero fu quella di una trasformazione della loro mente (Rm 12,2), per vivere secondo la logica e la sapienza di Dio (1 Cor 1,18-25). Trasformazione che consiste in una vita nuova (2 Cor 5,17) grazie alla quale ora possono chiamare Dio \u00abPadre\u00bb (Gal 4,6) e possono, pertanto, vivere amando e servendo tutti come fratelli.<\/p>\n<p>Questa esperienza di cambiamento, di trasformazione, di vita nuova dei primi cristiani \u00e8 il fondamento storico della risurrezione. Vita nuova con cui confessano i morti come vivi, il Crocifisso come Vivente, come Risorto, come presente in mezzo a loro.<\/p>\n<p>Da allora, la testimonianza e la presenza migliore del Risorto nel mondo \u00e8 la vita nuova di un uomo, di una donna, che \u2013 proprio per questo \u2013 confessa l\u2019incontro con il Crocifisso-Risorto come causa di questa vita nuova, fino a gridare come Paolo: \u00ab<em>Non vivo pi\u00f9 io, ma Cristo vive in me<\/em>\u00bb (Gal 2,20).<\/p>\n<p>Questa vita nuova, gioiosa, senza paura, che costruisce la pace, attraverso il perdono e attraverso il pane spezzato e condiviso, vita e speranza in abbondanza mediante il comandamento fraterno dell&#8217;amore, sono i frutti descritti nei resoconti evangelici delle apparizioni.<\/p>\n<p>Il messaggio fondamentale della Pasqua cristiana, che celebra la risurrezione del Crocifisso, \u00e8 dunque un&#8217;esortazione e un invito a tutta l&#8217;umanit\u00e0 a &#8220;passare&#8221; da forme di morte a forme di vita, da una cultura violenta e fratricida a una civilt\u00e0 dell&#8217;amore, a una cultura della solidariet\u00e0 e della speranza.<\/p>\n<p>La Pasqua, quindi, non \u00e8 una commemorazione, una celebrazione riservata esclusivamente ai cristiani. Si tratta, al contrario, di una parola definitiva e definitiva di Dio sulla vita e la morte dell&#8217;uomo e dell&#8217;intera umanit\u00e0. Grazie alla risurrezione di Cristo, possiamo vivere nella gioiosa speranza, con la certezza che siamo chiamati alla salvezza e non al fallimento o al trionfo del male.<\/p>\n<p>La risurrezione canta e proclama la possibilit\u00e0 della vita piena a cui tutti aneliamo, non solo i discepoli di Cristo. Perch\u00e9 \u00ab<em>Dio vuole che tutti gli uomini siano salvati\u2026<\/em>\u00bb (1 Tm 2,4). Attraverso la risurrezione, crediamo e confessiamo che la vita piena, felice ed eterna che tutti speriamo \u00e8 una possibilit\u00e0, o meglio, una certezza nel Dio di Ges\u00f9 Cristo.<\/p>\n<p>Pertanto, la celebrazione della Pasqua, sinonimo della celebrazione della vita abbondante a cui aneliamo, \u00e8 un contributo insuperabile della fede cristiana alla speranza di tutta l&#8217;umanit\u00e0 e &#8220;<em>rappresenta un nobile sforzo per continuare ad affermare la vita anche quando soccombe alla sconfitta della morte<\/em>&#8220;. (Manuel Fraij\u00f3 \u2013 Citato in: Pagola, Jos\u00e9 Antonio, Il cammino aperto da Ges\u00f9, Matteo 1, Pagina 301).<\/p>\n<p>Celebriamo la Pasqua compiendo dei \u201cpassi\u201d verso una vita e una storia personale, familiare e sociale migliori. Possiamo vivere la Pasqua ogni giorno compiendo \u201cpassi\u201d verso relazioni e istituzioni migliori. In mezzo al male quotidiano, possiamo superarlo costruendo e muovendoci verso spazi di vita e di speranza.<\/p>\n<p><em><strong>Buona Pasqua!<\/strong><\/em><\/p>\n","protected":false},"excerpt":{"rendered":"<p>Oltre il coaching e le terapie: la Pasqua come cammino di trasformazione, nuova vita e speranza per tutta l\u2019umanit\u00e0<\/p>\n","protected":false},"author":114,"featured_media":123659,"comment_status":"closed","ping_status":"closed","sticky":false,"template":"","format":"standard","meta":{"_acf_changed":false,"_crdt_document":"","inline_featured_image":false,"footnotes":""},"categories":[129],"tags":[55176,28904,55177,4671,55178,17622,13660,23959,13721,55182,51524,1278,55179,55180,1423,55181,483,5522,15439,4952,23125,33408],"class_list":["post-124139","post","type-post","status-publish","format-standard","has-post-thumbnail","hentry","category-voci","tag-celebrazione-della-pasqua","tag-civilta-dellamore","tag-coaching-cristiano-2","tag-cristianesimo","tag-cultura-della-speranza","tag-fede-cristiana","tag-il-senso-della-vita","tag-mario-j-paredes-4","tag-messaggio-di-pasqua","tag-miglioramento-spirituale","tag-nuova-vita","tag-pasqua","tag-pasqua-cristiana","tag-ristrutturazione-degli-interni","tag-risurrezione","tag-senso-cristiano-della-vita","tag-speranza","tag-spiritualita","tag-trasformazione-personale","tag-trending-it","tag-valori-umani","tag-vita-in-cristo"],"acf":[],"yoast_head":"<!-- This site is optimized with the Yoast SEO plugin v27.5 - https:\/\/yoast.com\/product\/yoast-seo-wordpress\/ -->\n<title>Pasqua per la vita nella speranza &#8211; Exaudi<\/title>\n<meta name=\"robots\" content=\"index, follow, max-snippet:-1, max-image-preview:large, max-video-preview:-1\" \/>\n<link rel=\"canonical\" href=\"https:\/\/exaudi.org\/it\/pasqua-per-la-vita-nella-speranza\/\" \/>\n<meta property=\"og:locale\" content=\"it_IT\" \/>\n<meta property=\"og:type\" content=\"article\" \/>\n<meta property=\"og:title\" content=\"Pasqua per la vita nella speranza &#8211; Exaudi\" \/>\n<meta property=\"og:description\" content=\"Oltre il coaching e le terapie: la Pasqua come cammino di trasformazione, nuova vita e speranza per tutta l\u2019umanit\u00e0\" \/>\n<meta property=\"og:url\" content=\"https:\/\/exaudi.org\/it\/pasqua-per-la-vita-nella-speranza\/\" \/>\n<meta property=\"og:site_name\" content=\"Exaudi\" \/>\n<meta property=\"article:publisher\" content=\"https:\/\/www.facebook.com\/ExaudiNews\" \/>\n<meta property=\"article:author\" content=\"https:\/\/www.facebook.com\/SOMOSCommunityCare\/\" \/>\n<meta property=\"article:published_time\" content=\"2025-04-21T15:48:07+00:00\" \/>\n<meta property=\"og:image\" content=\"https:\/\/exaudi.org\/wp-content\/uploads\/2025\/04\/lexi-laginess-zfvr_8hDngc-unsplash-scaled.jpg\" \/>\n\t<meta property=\"og:image:width\" content=\"2560\" \/>\n\t<meta property=\"og:image:height\" content=\"1779\" \/>\n\t<meta property=\"og:image:type\" content=\"image\/jpeg\" \/>\n<meta name=\"author\" content=\"Mario J. Paredes\" \/>\n<meta name=\"twitter:card\" content=\"summary_large_image\" \/>\n<meta name=\"twitter:creator\" content=\"@SOMOSCare\" \/>\n<meta name=\"twitter:site\" content=\"@Exaudi_News\" \/>\n<meta name=\"twitter:label1\" content=\"Scritto da\" \/>\n\t<meta name=\"twitter:data1\" content=\"Mario J. Paredes\" \/>\n\t<meta name=\"twitter:label2\" content=\"Tempo di lettura stimato\" \/>\n\t<meta name=\"twitter:data2\" content=\"4 minuti\" \/>\n<script type=\"application\/ld+json\" class=\"yoast-schema-graph\">{\"@context\":\"https:\\\/\\\/schema.org\",\"@graph\":[{\"@type\":\"Article\",\"@id\":\"https:\\\/\\\/exaudi.org\\\/it\\\/pasqua-per-la-vita-nella-speranza\\\/#article\",\"isPartOf\":{\"@id\":\"https:\\\/\\\/exaudi.org\\\/it\\\/pasqua-per-la-vita-nella-speranza\\\/\"},\"author\":{\"name\":\"Mario J. Paredes\",\"@id\":\"https:\\\/\\\/exaudi.org\\\/#\\\/schema\\\/person\\\/f4babf785ff6e9ecd6850d1802095c1d\"},\"headline\":\"Pasqua per la vita nella speranza\",\"datePublished\":\"2025-04-21T15:48:07+00:00\",\"mainEntityOfPage\":{\"@id\":\"https:\\\/\\\/exaudi.org\\\/it\\\/pasqua-per-la-vita-nella-speranza\\\/\"},\"wordCount\":776,\"image\":{\"@id\":\"https:\\\/\\\/exaudi.org\\\/it\\\/pasqua-per-la-vita-nella-speranza\\\/#primaryimage\"},\"thumbnailUrl\":\"https:\\\/\\\/exaudi.org\\\/wp-content\\\/uploads\\\/2025\\\/04\\\/lexi-laginess-zfvr_8hDngc-unsplash-scaled.jpg\",\"keywords\":[\"Celebrazione della Pasqua\",\"civilt\u00e0 dell'amore\",\"Coaching cristiano\",\"cristianesimo\",\"cultura della speranza\",\"FEDE CRISTIANA\",\"IL SENSO DELLA VITA\",\"Mario J Paredes\",\"MESSAGGIO DI PASQUA\",\"miglioramento spirituale\",\"Nuova vita\",\"Pasqua\",\"Pasqua cristiana\",\"ristrutturazione degli interni\",\"Risurrezione\",\"Senso cristiano della vita\",\"speranza\",\"spiritualit\u00e0\",\"TRASFORMAZIONE PERSONALE\",\"Trending\",\"valori umani\",\"vita in Cristo\"],\"articleSection\":[\"Voci\"],\"inLanguage\":\"it-IT\"},{\"@type\":\"WebPage\",\"@id\":\"https:\\\/\\\/exaudi.org\\\/it\\\/pasqua-per-la-vita-nella-speranza\\\/\",\"url\":\"https:\\\/\\\/exaudi.org\\\/it\\\/pasqua-per-la-vita-nella-speranza\\\/\",\"name\":\"Pasqua per la vita nella speranza &#8211; Exaudi\",\"isPartOf\":{\"@id\":\"https:\\\/\\\/exaudi.org\\\/#website\"},\"primaryImageOfPage\":{\"@id\":\"https:\\\/\\\/exaudi.org\\\/it\\\/pasqua-per-la-vita-nella-speranza\\\/#primaryimage\"},\"image\":{\"@id\":\"https:\\\/\\\/exaudi.org\\\/it\\\/pasqua-per-la-vita-nella-speranza\\\/#primaryimage\"},\"thumbnailUrl\":\"https:\\\/\\\/exaudi.org\\\/wp-content\\\/uploads\\\/2025\\\/04\\\/lexi-laginess-zfvr_8hDngc-unsplash-scaled.jpg\",\"datePublished\":\"2025-04-21T15:48:07+00:00\",\"author\":{\"@id\":\"https:\\\/\\\/exaudi.org\\\/#\\\/schema\\\/person\\\/f4babf785ff6e9ecd6850d1802095c1d\"},\"breadcrumb\":{\"@id\":\"https:\\\/\\\/exaudi.org\\\/it\\\/pasqua-per-la-vita-nella-speranza\\\/#breadcrumb\"},\"inLanguage\":\"it-IT\",\"potentialAction\":[{\"@type\":\"ReadAction\",\"target\":[\"https:\\\/\\\/exaudi.org\\\/it\\\/pasqua-per-la-vita-nella-speranza\\\/\"]}]},{\"@type\":\"ImageObject\",\"inLanguage\":\"it-IT\",\"@id\":\"https:\\\/\\\/exaudi.org\\\/it\\\/pasqua-per-la-vita-nella-speranza\\\/#primaryimage\",\"url\":\"https:\\\/\\\/exaudi.org\\\/wp-content\\\/uploads\\\/2025\\\/04\\\/lexi-laginess-zfvr_8hDngc-unsplash-scaled.jpg\",\"contentUrl\":\"https:\\\/\\\/exaudi.org\\\/wp-content\\\/uploads\\\/2025\\\/04\\\/lexi-laginess-zfvr_8hDngc-unsplash-scaled.jpg\",\"width\":2560,\"height\":1779,\"caption\":\"Unsplash . Lexi Laginess\"},{\"@type\":\"BreadcrumbList\",\"@id\":\"https:\\\/\\\/exaudi.org\\\/it\\\/pasqua-per-la-vita-nella-speranza\\\/#breadcrumb\",\"itemListElement\":[{\"@type\":\"ListItem\",\"position\":1,\"name\":\"Portada\",\"item\":\"https:\\\/\\\/exaudi.org\\\/it\\\/\"},{\"@type\":\"ListItem\",\"position\":2,\"name\":\"Pasqua per la vita nella speranza\"}]},{\"@type\":\"WebSite\",\"@id\":\"https:\\\/\\\/exaudi.org\\\/#website\",\"url\":\"https:\\\/\\\/exaudi.org\\\/\",\"name\":\"Exaudi\",\"description\":\"News\",\"potentialAction\":[{\"@type\":\"SearchAction\",\"target\":{\"@type\":\"EntryPoint\",\"urlTemplate\":\"https:\\\/\\\/exaudi.org\\\/?s={search_term_string}\"},\"query-input\":{\"@type\":\"PropertyValueSpecification\",\"valueRequired\":true,\"valueName\":\"search_term_string\"}}],\"inLanguage\":\"it-IT\"},{\"@type\":\"Person\",\"@id\":\"https:\\\/\\\/exaudi.org\\\/#\\\/schema\\\/person\\\/f4babf785ff6e9ecd6850d1802095c1d\",\"name\":\"Mario J. Paredes\",\"image\":{\"@type\":\"ImageObject\",\"inLanguage\":\"it-IT\",\"@id\":\"https:\\\/\\\/secure.gravatar.com\\\/avatar\\\/28c707f8b881139d324797c87373ccf8502494a7f73d0f6d23dcda1548e9d254?s=96&d=mm&r=g\",\"url\":\"https:\\\/\\\/secure.gravatar.com\\\/avatar\\\/28c707f8b881139d324797c87373ccf8502494a7f73d0f6d23dcda1548e9d254?s=96&d=mm&r=g\",\"contentUrl\":\"https:\\\/\\\/secure.gravatar.com\\\/avatar\\\/28c707f8b881139d324797c87373ccf8502494a7f73d0f6d23dcda1548e9d254?s=96&d=mm&r=g\",\"caption\":\"Mario J. Paredes\"},\"description\":\"Presidente ejecutivo de SOMOS Community Care, una red de 2,600 m\u00e9dicos independientes -en su mayor\u00eda de atenci\u00f3n primaria- que atienden a cerca de un mill\u00f3n de los pacientes m\u00e1s vulnerables del Medicaid de la Ciudad de Nueva York\",\"sameAs\":[\"http:\\\/\\\/somosnyhealth.org\",\"https:\\\/\\\/www.facebook.com\\\/SOMOSCommunityCare\\\/\",\"https:\\\/\\\/www.instagram.com\\\/somoscare\\\/\",\"https:\\\/\\\/www.linkedin.com\\\/company\\\/somoscommunitycare\\\/\",\"https:\\\/\\\/x.com\\\/SOMOSCare\",\"https:\\\/\\\/www.youtube.com\\\/channel\\\/UCUrnRjEHj5UrNvxU0jHSzQQ\"],\"url\":\"https:\\\/\\\/exaudi.org\\\/it\\\/author\\\/mario-j-paredes\\\/\"}]}<\/script>\n<!-- \/ Yoast SEO plugin. -->","yoast_head_json":{"title":"Pasqua per la vita nella speranza &#8211; Exaudi","robots":{"index":"index","follow":"follow","max-snippet":"max-snippet:-1","max-image-preview":"max-image-preview:large","max-video-preview":"max-video-preview:-1"},"canonical":"https:\/\/exaudi.org\/it\/pasqua-per-la-vita-nella-speranza\/","og_locale":"it_IT","og_type":"article","og_title":"Pasqua per la vita nella speranza &#8211; Exaudi","og_description":"Oltre il coaching e le terapie: la Pasqua come cammino di trasformazione, nuova vita e speranza per tutta l\u2019umanit\u00e0","og_url":"https:\/\/exaudi.org\/it\/pasqua-per-la-vita-nella-speranza\/","og_site_name":"Exaudi","article_publisher":"https:\/\/www.facebook.com\/ExaudiNews","article_author":"https:\/\/www.facebook.com\/SOMOSCommunityCare\/","article_published_time":"2025-04-21T15:48:07+00:00","og_image":[{"width":2560,"height":1779,"url":"https:\/\/exaudi.org\/wp-content\/uploads\/2025\/04\/lexi-laginess-zfvr_8hDngc-unsplash-scaled.jpg","type":"image\/jpeg"}],"author":"Mario J. Paredes","twitter_card":"summary_large_image","twitter_creator":"@SOMOSCare","twitter_site":"@Exaudi_News","twitter_misc":{"Scritto da":"Mario J. Paredes","Tempo di lettura stimato":"4 minuti"},"schema":{"@context":"https:\/\/schema.org","@graph":[{"@type":"Article","@id":"https:\/\/exaudi.org\/it\/pasqua-per-la-vita-nella-speranza\/#article","isPartOf":{"@id":"https:\/\/exaudi.org\/it\/pasqua-per-la-vita-nella-speranza\/"},"author":{"name":"Mario J. Paredes","@id":"https:\/\/exaudi.org\/#\/schema\/person\/f4babf785ff6e9ecd6850d1802095c1d"},"headline":"Pasqua per la vita nella speranza","datePublished":"2025-04-21T15:48:07+00:00","mainEntityOfPage":{"@id":"https:\/\/exaudi.org\/it\/pasqua-per-la-vita-nella-speranza\/"},"wordCount":776,"image":{"@id":"https:\/\/exaudi.org\/it\/pasqua-per-la-vita-nella-speranza\/#primaryimage"},"thumbnailUrl":"https:\/\/exaudi.org\/wp-content\/uploads\/2025\/04\/lexi-laginess-zfvr_8hDngc-unsplash-scaled.jpg","keywords":["Celebrazione della Pasqua","civilt\u00e0 dell'amore","Coaching cristiano","cristianesimo","cultura della speranza","FEDE CRISTIANA","IL SENSO DELLA VITA","Mario J Paredes","MESSAGGIO DI PASQUA","miglioramento spirituale","Nuova vita","Pasqua","Pasqua cristiana","ristrutturazione degli interni","Risurrezione","Senso cristiano della vita","speranza","spiritualit\u00e0","TRASFORMAZIONE PERSONALE","Trending","valori umani","vita in Cristo"],"articleSection":["Voci"],"inLanguage":"it-IT"},{"@type":"WebPage","@id":"https:\/\/exaudi.org\/it\/pasqua-per-la-vita-nella-speranza\/","url":"https:\/\/exaudi.org\/it\/pasqua-per-la-vita-nella-speranza\/","name":"Pasqua per la vita nella speranza &#8211; Exaudi","isPartOf":{"@id":"https:\/\/exaudi.org\/#website"},"primaryImageOfPage":{"@id":"https:\/\/exaudi.org\/it\/pasqua-per-la-vita-nella-speranza\/#primaryimage"},"image":{"@id":"https:\/\/exaudi.org\/it\/pasqua-per-la-vita-nella-speranza\/#primaryimage"},"thumbnailUrl":"https:\/\/exaudi.org\/wp-content\/uploads\/2025\/04\/lexi-laginess-zfvr_8hDngc-unsplash-scaled.jpg","datePublished":"2025-04-21T15:48:07+00:00","author":{"@id":"https:\/\/exaudi.org\/#\/schema\/person\/f4babf785ff6e9ecd6850d1802095c1d"},"breadcrumb":{"@id":"https:\/\/exaudi.org\/it\/pasqua-per-la-vita-nella-speranza\/#breadcrumb"},"inLanguage":"it-IT","potentialAction":[{"@type":"ReadAction","target":["https:\/\/exaudi.org\/it\/pasqua-per-la-vita-nella-speranza\/"]}]},{"@type":"ImageObject","inLanguage":"it-IT","@id":"https:\/\/exaudi.org\/it\/pasqua-per-la-vita-nella-speranza\/#primaryimage","url":"https:\/\/exaudi.org\/wp-content\/uploads\/2025\/04\/lexi-laginess-zfvr_8hDngc-unsplash-scaled.jpg","contentUrl":"https:\/\/exaudi.org\/wp-content\/uploads\/2025\/04\/lexi-laginess-zfvr_8hDngc-unsplash-scaled.jpg","width":2560,"height":1779,"caption":"Unsplash . Lexi Laginess"},{"@type":"BreadcrumbList","@id":"https:\/\/exaudi.org\/it\/pasqua-per-la-vita-nella-speranza\/#breadcrumb","itemListElement":[{"@type":"ListItem","position":1,"name":"Portada","item":"https:\/\/exaudi.org\/it\/"},{"@type":"ListItem","position":2,"name":"Pasqua per la vita nella speranza"}]},{"@type":"WebSite","@id":"https:\/\/exaudi.org\/#website","url":"https:\/\/exaudi.org\/","name":"Exaudi","description":"News","potentialAction":[{"@type":"SearchAction","target":{"@type":"EntryPoint","urlTemplate":"https:\/\/exaudi.org\/?s={search_term_string}"},"query-input":{"@type":"PropertyValueSpecification","valueRequired":true,"valueName":"search_term_string"}}],"inLanguage":"it-IT"},{"@type":"Person","@id":"https:\/\/exaudi.org\/#\/schema\/person\/f4babf785ff6e9ecd6850d1802095c1d","name":"Mario J. Paredes","image":{"@type":"ImageObject","inLanguage":"it-IT","@id":"https:\/\/secure.gravatar.com\/avatar\/28c707f8b881139d324797c87373ccf8502494a7f73d0f6d23dcda1548e9d254?s=96&d=mm&r=g","url":"https:\/\/secure.gravatar.com\/avatar\/28c707f8b881139d324797c87373ccf8502494a7f73d0f6d23dcda1548e9d254?s=96&d=mm&r=g","contentUrl":"https:\/\/secure.gravatar.com\/avatar\/28c707f8b881139d324797c87373ccf8502494a7f73d0f6d23dcda1548e9d254?s=96&d=mm&r=g","caption":"Mario J. Paredes"},"description":"Presidente ejecutivo de SOMOS Community Care, una red de 2,600 m\u00e9dicos independientes -en su mayor\u00eda de atenci\u00f3n primaria- que atienden a cerca de un mill\u00f3n de los pacientes m\u00e1s vulnerables del Medicaid de la Ciudad de Nueva York","sameAs":["http:\/\/somosnyhealth.org","https:\/\/www.facebook.com\/SOMOSCommunityCare\/","https:\/\/www.instagram.com\/somoscare\/","https:\/\/www.linkedin.com\/company\/somoscommunitycare\/","https:\/\/x.com\/SOMOSCare","https:\/\/www.youtube.com\/channel\/UCUrnRjEHj5UrNvxU0jHSzQQ"],"url":"https:\/\/exaudi.org\/it\/author\/mario-j-paredes\/"}]}},"jetpack_featured_media_url":"https:\/\/exaudi.org\/wp-content\/uploads\/2025\/04\/lexi-laginess-zfvr_8hDngc-unsplash-scaled.jpg","jetpack_shortlink":"https:\/\/wp.me\/pgKjF2-wif","_links":{"self":[{"href":"https:\/\/exaudi.org\/it\/wp-json\/wp\/v2\/posts\/124139","targetHints":{"allow":["GET"]}}],"collection":[{"href":"https:\/\/exaudi.org\/it\/wp-json\/wp\/v2\/posts"}],"about":[{"href":"https:\/\/exaudi.org\/it\/wp-json\/wp\/v2\/types\/post"}],"author":[{"embeddable":true,"href":"https:\/\/exaudi.org\/it\/wp-json\/wp\/v2\/users\/114"}],"replies":[{"embeddable":true,"href":"https:\/\/exaudi.org\/it\/wp-json\/wp\/v2\/comments?post=124139"}],"version-history":[{"count":0,"href":"https:\/\/exaudi.org\/it\/wp-json\/wp\/v2\/posts\/124139\/revisions"}],"wp:featuredmedia":[{"embeddable":true,"href":"https:\/\/exaudi.org\/it\/wp-json\/wp\/v2\/media\/123659"}],"wp:attachment":[{"href":"https:\/\/exaudi.org\/it\/wp-json\/wp\/v2\/media?parent=124139"}],"wp:term":[{"taxonomy":"category","embeddable":true,"href":"https:\/\/exaudi.org\/it\/wp-json\/wp\/v2\/categories?post=124139"},{"taxonomy":"post_tag","embeddable":true,"href":"https:\/\/exaudi.org\/it\/wp-json\/wp\/v2\/tags?post=124139"}],"curies":[{"name":"wp","href":"https:\/\/api.w.org\/{rel}","templated":true}]}}