{"id":124052,"date":"2025-04-20T21:30:38","date_gmt":"2025-04-20T19:30:38","guid":{"rendered":"https:\/\/exaudi.org\/?p=124052"},"modified":"2025-04-20T21:30:38","modified_gmt":"2025-04-20T19:30:38","slug":"riflessione-del-vescovo-enrique-diaz-alleluia-alleluia","status":"publish","type":"post","link":"https:\/\/exaudi.org\/it\/riflessione-del-vescovo-enrique-diaz-alleluia-alleluia\/","title":{"rendered":"Riflessione del vescovo Enrique D\u00edaz: Alleluia, alleluia"},"content":{"rendered":"<p>Il vescovo Enrique D\u00edaz D\u00edaz condivide con i lettori di Exaudi la sua riflessione sul <a href=\"https:\/\/www.dominicos.org\/predicacion\/homilia\/20-4-2025\/lecturas\/\">Vangelo di questa domenica, 20 aprile 2025<\/a>, intitolato: \u201c<em>Alleluia, alleluia<\/em>\u201d.<\/p>\n<p>***<\/p>\n<p>Romani 6:3-11: \u201c<em>Cristo, essendo risuscitato dai morti, non muore pi\u00f9<\/em>\u201d<\/p>\n<p>Salmo 117: \u201c<em>Alleluia, alleluia<\/em>\u201d<\/p>\n<p>Luca 24, 1-12: &#8220;<em>Perch\u00e9 cercate tra i morti colui che \u00e8 vivo?&#8221;<\/em><\/p>\n<p>A che ora \u00e8 successo? Come \u00e8 stato? Nessuno sa come spiegarlo, ma tutti ne fanno esperienza. Come il seme che viene custodito nel solco e germoglia con nuova vita, cos\u00ec Ges\u00f9 germoglia gloriosamente con nuova vita. Ges\u00f9 \u00e8 vivo e si rende presente in mezzo ai suoi discepoli. Egli \u201cappare\u201d alle donne, rafforza coloro che sono lontani, coloro che erano fuggiti ritornano, e il cibo si condivide attorno alla tavola, rafforzando la fede in Ges\u00f9 risorto. Contrariamente a quanto ci si aspetterebbe dopo la crocifissione e la morte di Ges\u00f9, dopo l&#8217;abbandono dei pi\u00f9 coraggiosi, dopo il rinnegamento di Pietro e il tradimento di Giuda, dopo gli orribili eventi che avrebbero lasciato un senso di abbandono e fallimento, proprio nel primo giorno della settimana compaiono delle donne che annunciano la vita e ci invitano a ricordare le sue parole. Nel silenzio della notte e nell&#8217;oscurit\u00e0 del sepolcro \u00e8 iniziato il processo della risurrezione del Signore, che si manifesta nei gesti dei suoi discepoli. \u00a0L&#8217;azione trasformativa pi\u00f9 tangibile della risurrezione di Ges\u00f9 fu la sua capacit\u00e0 di trasformare l&#8217;interiorit\u00e0 dei discepoli. A quanti si mostravano dispersi, egoisti, divisi e spaventati, Ges\u00f9 viene a restituire la speranza, a convocarli e radunarli attorno alla comunit\u00e0, a mostrare coraggio nel difendere il Vangelo e a riempirli del suo spirito di perdono.<\/p>\n<p>La piccola comunit\u00e0 dei discepoli era stata dissolta non solo dalla condanna e dall&#8217;assassinio di Ges\u00f9, ma anche dalla paura dei nemici e dall&#8217;insicurezza che il tradimento di uno dei suoi membri lascia nel gruppo. Non c&#8217;\u00e8 niente che faccia pi\u00f9 male che sentirsi traditi e abbandonati da coloro in cui abbiamo riposto la nostra fiducia e il nostro amore. Il tradimento e l&#8217;abbandono distruggono la comunit\u00e0. Tutti erano feriti nel cuore. Alla fine, tutti erano degni di rimprovero: nessuno aveva compreso correttamente la proposta del Maestro. Perci\u00f2 colui che non lo aveva tradito lo aveva abbandonato al suo destino. E se tutti erano degni di rimprovero, tutti avevano bisogno di perdono. Ripristinare la coesione nella comunit\u00e0 dei seguaci, donando loro unit\u00e0 interna nel perdono reciproco, nella solidariet\u00e0, nella fraternit\u00e0 e nell&#8217;uguaglianza, sembrava umanamente impossibile. Ma la presenza e la forza interiore del Risorto rendono tutto ci\u00f2 possibile. Cristo risorge e dona una nuova vita, che si manifesta in un&#8217;energia rinnovata e in una rafforzata integrit\u00e0 della comunit\u00e0.<\/p>\n<p>Le donne, s\u00ec, le \u201cdonne deboli\u201d, dopo il riposo del Sabato, si preparano di buon mattino per andare a cercare un cadavere. I ricordi e l&#8217;affetto non permettono loro di dimenticare il corpo del maestro, e non vogliono che la corruzione e il decadimento tocchino quel corpo amato. Alcuni profumi e le carezze di coloro che erano stati suoi discepoli, intendevano ritardare l&#8217;inevitabile. Tuttavia, cercano tra i morti e sperano di trovare i vivi nella tomba. E con sconcerto e stupore accolgono la notizia dagli &#8220;uomini&#8221; che li criticano per aver cercato colui che ora \u00e8 vivo. Ricordano loro le sue parole che annunciarono la sua passione, la sua morte e la sua resurrezione. Non le avevano capite, ma ora suonano diverse. Avevano ascoltato le sue parole, ma, come gli altri apostoli, non le avevano comprese. E ora cominciano a riconoscere e a comprendere che Dio non pu\u00f2 lasciare che suo Figlio Ges\u00f9 fallisca. \u00c8 la prima esperienza in cui Dio salva il figlio dalla tomba. Per i primi cristiani, al di sopra di ogni altra rappresentazione o schema mentale, la risurrezione di Ges\u00f9 \u00e8 un&#8217;azione di Dio, che con la sua forza creatrice lo salva dalla morte per introdurlo nella pienezza della sua vita. Cos\u00ec le donne iniziano quello che sar\u00e0 il cammino di ogni discepolo: ricordare e credere alla parola; un&#8217;esperienza viva dell&#8217;incontro con il Signore risorto; e una missione che scaturisce in modo irrefrenabile dall&#8217;entusiasmante certezza di avere nel cuore il Risorto.<\/p>\n<p>La risurrezione di Ges\u00f9 \u00e8 anche un punto di partenza e una pietra di paragone per la nostra fede, per noi suoi seguaci. Non possiamo cercare i vivi tra i morti e in una cultura di morte. \u00c8 stato detto che le sue parole non avrebbero alcun significato nel mondo di oggi, che le sue azioni sono state dimenticate, che non potr\u00e0 pi\u00f9 essere presente tra noi; che \u00e8 condannato a morte in una societ\u00e0 del potere, del consumo e degli interessi; E tuttavia Ges\u00f9 \u00e8 ancora vivo e ha una parola di vita per la nostra societ\u00e0 e per i nostri ambienti. La sua resurrezione \u00e8 la forza trasformativa di una societ\u00e0 persa nell&#8217;oscurit\u00e0 dell&#8217;ingiustizia, del terrorismo, della corruzione e del materialismo, dove anche l&#8217;uomo sembra essere morto. Solo la risurrezione di Ges\u00f9 potr\u00e0 alleviare il pesante fardello che portiamo quando perdiamo la fede, quando regna il pessimismo e quando le menzogne \u200b\u200bprendono il sopravvento. Ges\u00f9 risorto ci lancia in una nuova azione; Non esiste forza pi\u00f9 potente della morte e Ges\u00f9 l&#8217;ha vinta. Noi cristiani non possiamo arrenderci; dobbiamo seguire il Cristo trionfante.<\/p>\n<p>Oggi, nel giorno della risurrezione, \u00e8 inutile andare al sepolcro per imbalsamare e piangere Ges\u00f9. Oggi \u00e8 pi\u00f9 vivo che mai e risveglia la nostra speranza e il nostro entusiasmo. Come Ges\u00f9, dobbiamo passare attraverso la morte per avere la vita, ma come Ges\u00f9, non possiamo rimanere nel freddo della tomba; dobbiamo risorgere con Lui e generare nuova vita, nuova speranza e nuova energia per costruire il Suo regno. \u201cNon cercare tra i morti\u201d \u00e8 uno slogan per il rinnovamento della vita, della societ\u00e0, delle strutture oppressive che ci immergono nella paura. Il vero cristiano, sperimentando la risurrezione di Ges\u00f9, sperimenta una gioia completa e una dedizione incrollabile alla costruzione del mondo d&#8217;amore che Egli ci propone.<\/p>\n<p><em>Dio nostro, che per mezzo del tuo Figlio hai vinto la morte e ci hai aperto le porte della vita piena, fa&#8217; che quanti oggi celebriamo la Pasqua possiamo anche risorgere a vita nuova, rinnovati dalla grazia dello Spirito Santo. Amen.<\/em><\/p>\n","protected":false},"excerpt":{"rendered":"<p>Domenica di Pasqua<\/p>\n","protected":false},"author":25,"featured_media":123996,"comment_status":"closed","ping_status":"closed","sticky":false,"template":"","format":"standard","meta":{"_acf_changed":false,"_crdt_document":"","inline_featured_image":false,"footnotes":""},"categories":[73,95],"tags":[10963,10964,4952,706],"class_list":["post-124052","post","type-post","status-publish","format-standard","has-post-thumbnail","hentry","category-chiesa-e-mondo","category-spiritualita","tag-enrique-diaz-2","tag-riflessione","tag-trending-it","tag-vangelo"],"acf":[],"yoast_head":"<!-- This site is optimized with the Yoast SEO plugin v27.5 - https:\/\/yoast.com\/product\/yoast-seo-wordpress\/ -->\n<title>Riflessione del vescovo Enrique D\u00edaz: Alleluia, alleluia &#8211; Exaudi<\/title>\n<meta name=\"robots\" content=\"index, follow, max-snippet:-1, max-image-preview:large, max-video-preview:-1\" \/>\n<link rel=\"canonical\" href=\"https:\/\/exaudi.org\/it\/riflessione-del-vescovo-enrique-diaz-alleluia-alleluia\/\" \/>\n<meta property=\"og:locale\" content=\"it_IT\" \/>\n<meta property=\"og:type\" content=\"article\" \/>\n<meta property=\"og:title\" content=\"Riflessione del vescovo Enrique D\u00edaz: Alleluia, alleluia &#8211; Exaudi\" \/>\n<meta property=\"og:description\" content=\"Domenica di Pasqua\" \/>\n<meta property=\"og:url\" content=\"https:\/\/exaudi.org\/it\/riflessione-del-vescovo-enrique-diaz-alleluia-alleluia\/\" \/>\n<meta property=\"og:site_name\" content=\"Exaudi\" \/>\n<meta property=\"article:publisher\" content=\"https:\/\/www.facebook.com\/ExaudiNews\" \/>\n<meta property=\"article:published_time\" content=\"2025-04-20T19:30:38+00:00\" \/>\n<meta property=\"og:image\" content=\"https:\/\/exaudi.org\/wp-content\/uploads\/2025\/04\/cross-7870808_1280.png\" \/>\n\t<meta property=\"og:image:width\" content=\"1093\" \/>\n\t<meta property=\"og:image:height\" content=\"1280\" \/>\n\t<meta property=\"og:image:type\" content=\"image\/png\" \/>\n<meta name=\"author\" content=\"Enrique D\u00edaz\" \/>\n<meta name=\"twitter:card\" content=\"summary_large_image\" \/>\n<meta name=\"twitter:creator\" content=\"@Exaudi_News\" \/>\n<meta name=\"twitter:site\" content=\"@Exaudi_News\" \/>\n<meta name=\"twitter:label1\" content=\"Scritto da\" \/>\n\t<meta name=\"twitter:data1\" content=\"Enrique D\u00edaz\" \/>\n\t<meta name=\"twitter:label2\" content=\"Tempo di lettura stimato\" \/>\n\t<meta name=\"twitter:data2\" content=\"5 minuti\" \/>\n<script type=\"application\/ld+json\" class=\"yoast-schema-graph\">{\"@context\":\"https:\\\/\\\/schema.org\",\"@graph\":[{\"@type\":\"Article\",\"@id\":\"https:\\\/\\\/exaudi.org\\\/it\\\/riflessione-del-vescovo-enrique-diaz-alleluia-alleluia\\\/#article\",\"isPartOf\":{\"@id\":\"https:\\\/\\\/exaudi.org\\\/it\\\/riflessione-del-vescovo-enrique-diaz-alleluia-alleluia\\\/\"},\"author\":{\"name\":\"Enrique D\u00edaz\",\"@id\":\"https:\\\/\\\/exaudi.org\\\/#\\\/schema\\\/person\\\/c02ffbd10830fa375f6882f7dcf1844d\"},\"headline\":\"Riflessione del vescovo Enrique D\u00edaz: Alleluia, alleluia\",\"datePublished\":\"2025-04-20T19:30:38+00:00\",\"mainEntityOfPage\":{\"@id\":\"https:\\\/\\\/exaudi.org\\\/it\\\/riflessione-del-vescovo-enrique-diaz-alleluia-alleluia\\\/\"},\"wordCount\":1035,\"image\":{\"@id\":\"https:\\\/\\\/exaudi.org\\\/it\\\/riflessione-del-vescovo-enrique-diaz-alleluia-alleluia\\\/#primaryimage\"},\"thumbnailUrl\":\"https:\\\/\\\/exaudi.org\\\/wp-content\\\/uploads\\\/2025\\\/04\\\/cross-7870808_1280.png\",\"keywords\":[\"ENRIQUE D\u00cdAZ\",\"RIFLESSIONE\",\"Trending\",\"Vangelo\"],\"articleSection\":[\"Chiesa e Mondo\",\"Spiritualit\u00e0\"],\"inLanguage\":\"it-IT\"},{\"@type\":\"WebPage\",\"@id\":\"https:\\\/\\\/exaudi.org\\\/it\\\/riflessione-del-vescovo-enrique-diaz-alleluia-alleluia\\\/\",\"url\":\"https:\\\/\\\/exaudi.org\\\/it\\\/riflessione-del-vescovo-enrique-diaz-alleluia-alleluia\\\/\",\"name\":\"Riflessione del vescovo Enrique D\u00edaz: Alleluia, alleluia &#8211; Exaudi\",\"isPartOf\":{\"@id\":\"https:\\\/\\\/exaudi.org\\\/#website\"},\"primaryImageOfPage\":{\"@id\":\"https:\\\/\\\/exaudi.org\\\/it\\\/riflessione-del-vescovo-enrique-diaz-alleluia-alleluia\\\/#primaryimage\"},\"image\":{\"@id\":\"https:\\\/\\\/exaudi.org\\\/it\\\/riflessione-del-vescovo-enrique-diaz-alleluia-alleluia\\\/#primaryimage\"},\"thumbnailUrl\":\"https:\\\/\\\/exaudi.org\\\/wp-content\\\/uploads\\\/2025\\\/04\\\/cross-7870808_1280.png\",\"datePublished\":\"2025-04-20T19:30:38+00:00\",\"author\":{\"@id\":\"https:\\\/\\\/exaudi.org\\\/#\\\/schema\\\/person\\\/c02ffbd10830fa375f6882f7dcf1844d\"},\"breadcrumb\":{\"@id\":\"https:\\\/\\\/exaudi.org\\\/it\\\/riflessione-del-vescovo-enrique-diaz-alleluia-alleluia\\\/#breadcrumb\"},\"inLanguage\":\"it-IT\",\"potentialAction\":[{\"@type\":\"ReadAction\",\"target\":[\"https:\\\/\\\/exaudi.org\\\/it\\\/riflessione-del-vescovo-enrique-diaz-alleluia-alleluia\\\/\"]}]},{\"@type\":\"ImageObject\",\"inLanguage\":\"it-IT\",\"@id\":\"https:\\\/\\\/exaudi.org\\\/it\\\/riflessione-del-vescovo-enrique-diaz-alleluia-alleluia\\\/#primaryimage\",\"url\":\"https:\\\/\\\/exaudi.org\\\/wp-content\\\/uploads\\\/2025\\\/04\\\/cross-7870808_1280.png\",\"contentUrl\":\"https:\\\/\\\/exaudi.org\\\/wp-content\\\/uploads\\\/2025\\\/04\\\/cross-7870808_1280.png\",\"width\":1093,\"height\":1280,\"caption\":\"Pixabay\"},{\"@type\":\"BreadcrumbList\",\"@id\":\"https:\\\/\\\/exaudi.org\\\/it\\\/riflessione-del-vescovo-enrique-diaz-alleluia-alleluia\\\/#breadcrumb\",\"itemListElement\":[{\"@type\":\"ListItem\",\"position\":1,\"name\":\"Portada\",\"item\":\"https:\\\/\\\/exaudi.org\\\/it\\\/\"},{\"@type\":\"ListItem\",\"position\":2,\"name\":\"Riflessione del vescovo Enrique D\u00edaz: Alleluia, alleluia\"}]},{\"@type\":\"WebSite\",\"@id\":\"https:\\\/\\\/exaudi.org\\\/#website\",\"url\":\"https:\\\/\\\/exaudi.org\\\/\",\"name\":\"Exaudi\",\"description\":\"News\",\"potentialAction\":[{\"@type\":\"SearchAction\",\"target\":{\"@type\":\"EntryPoint\",\"urlTemplate\":\"https:\\\/\\\/exaudi.org\\\/?s={search_term_string}\"},\"query-input\":{\"@type\":\"PropertyValueSpecification\",\"valueRequired\":true,\"valueName\":\"search_term_string\"}}],\"inLanguage\":\"it-IT\"},{\"@type\":\"Person\",\"@id\":\"https:\\\/\\\/exaudi.org\\\/#\\\/schema\\\/person\\\/c02ffbd10830fa375f6882f7dcf1844d\",\"name\":\"Enrique D\u00edaz\",\"image\":{\"@type\":\"ImageObject\",\"inLanguage\":\"it-IT\",\"@id\":\"https:\\\/\\\/secure.gravatar.com\\\/avatar\\\/7ca10be5325a95d04b74082d68ba605aa69611eb0f68f47096cb1bc349873284?s=96&d=mm&r=g\",\"url\":\"https:\\\/\\\/secure.gravatar.com\\\/avatar\\\/7ca10be5325a95d04b74082d68ba605aa69611eb0f68f47096cb1bc349873284?s=96&d=mm&r=g\",\"contentUrl\":\"https:\\\/\\\/secure.gravatar.com\\\/avatar\\\/7ca10be5325a95d04b74082d68ba605aa69611eb0f68f47096cb1bc349873284?s=96&d=mm&r=g\",\"caption\":\"Enrique D\u00edaz\"},\"description\":\"Naci\u00f3 en Huandacareo, Michoac\u00e1n, M\u00e9xico, en 1952. Realiz\u00f3 sus estudios de Filosof\u00eda y Teolog\u00eda en el Seminario de Morelia. Ordenado di\u00e1cono el 22 de mayo de 1977, y presb\u00edtero el 23 de octubre del mismo a\u00f1o. Obtuvo la Licenciatura en Sagrada Escritura en el Pontificio Instituto B\u00edblico en Roma. Ha desarrollado m\u00faltiples encargos pastorales como el de capell\u00e1n de la rector\u00eda de las Tres Aves Mar\u00edas; responsable de la Pastoral B\u00edblica Diocesana y director de la Escuela B\u00edblica en Morelia; maestro de Biblia en el Seminario Conciliar de Morelia, p\u00e1rroco de la Parroquia de Nuestra Se\u00f1ora de Guadalupe, Col. Guadalupe, Morelia; o vicario episcopal para la Zona de Nuestra Se\u00f1ora de la Luz, P\u00e1tzcuaro. Ordenado obispo auxiliar de san Crist\u00f3bal de las Casas en 2003. En la Conferencia Episcopal form\u00f3 parte de las Comisiones de Biblia, Diaconado y Ministerios Laicales. Fue responsable de las Dimensiones de Ministerios Laicales, de Educaci\u00f3n y Cultura. Ha participado en encuentros latinoamericanos y mundiales sobre el Diaconado Permanente. Actualmente es el responsable de la Dimensi\u00f3n de Pastoral de la Cultura. Particip\u00f3 como Miembro del S\u00ednodo de Obispos sobre la Palabra de Dios en la Vida y Misi\u00f3n de la Iglesia en Roma, en 2008. Recibi\u00f3 el nombramiento de obispo coadjutor de San Crist\u00f3bal de las Casas en 2014. Nombrado II obispo de Irapuato el d\u00eda 11 de marzo, tom\u00f3 posesi\u00f3n el 19 de Mayo. Colabora en varias revistas y publicaciones sobre todo con la reflexi\u00f3n diaria y dominical tanto en audio como escrita.\",\"url\":\"https:\\\/\\\/exaudi.org\\\/it\\\/author\\\/enriquediaz\\\/\"}]}<\/script>\n<!-- \/ Yoast SEO plugin. -->","yoast_head_json":{"title":"Riflessione del vescovo Enrique D\u00edaz: Alleluia, alleluia &#8211; Exaudi","robots":{"index":"index","follow":"follow","max-snippet":"max-snippet:-1","max-image-preview":"max-image-preview:large","max-video-preview":"max-video-preview:-1"},"canonical":"https:\/\/exaudi.org\/it\/riflessione-del-vescovo-enrique-diaz-alleluia-alleluia\/","og_locale":"it_IT","og_type":"article","og_title":"Riflessione del vescovo Enrique D\u00edaz: Alleluia, alleluia &#8211; Exaudi","og_description":"Domenica di Pasqua","og_url":"https:\/\/exaudi.org\/it\/riflessione-del-vescovo-enrique-diaz-alleluia-alleluia\/","og_site_name":"Exaudi","article_publisher":"https:\/\/www.facebook.com\/ExaudiNews","article_published_time":"2025-04-20T19:30:38+00:00","og_image":[{"width":1093,"height":1280,"url":"https:\/\/exaudi.org\/wp-content\/uploads\/2025\/04\/cross-7870808_1280.png","type":"image\/png"}],"author":"Enrique D\u00edaz","twitter_card":"summary_large_image","twitter_creator":"@Exaudi_News","twitter_site":"@Exaudi_News","twitter_misc":{"Scritto da":"Enrique D\u00edaz","Tempo di lettura stimato":"5 minuti"},"schema":{"@context":"https:\/\/schema.org","@graph":[{"@type":"Article","@id":"https:\/\/exaudi.org\/it\/riflessione-del-vescovo-enrique-diaz-alleluia-alleluia\/#article","isPartOf":{"@id":"https:\/\/exaudi.org\/it\/riflessione-del-vescovo-enrique-diaz-alleluia-alleluia\/"},"author":{"name":"Enrique D\u00edaz","@id":"https:\/\/exaudi.org\/#\/schema\/person\/c02ffbd10830fa375f6882f7dcf1844d"},"headline":"Riflessione del vescovo Enrique D\u00edaz: Alleluia, alleluia","datePublished":"2025-04-20T19:30:38+00:00","mainEntityOfPage":{"@id":"https:\/\/exaudi.org\/it\/riflessione-del-vescovo-enrique-diaz-alleluia-alleluia\/"},"wordCount":1035,"image":{"@id":"https:\/\/exaudi.org\/it\/riflessione-del-vescovo-enrique-diaz-alleluia-alleluia\/#primaryimage"},"thumbnailUrl":"https:\/\/exaudi.org\/wp-content\/uploads\/2025\/04\/cross-7870808_1280.png","keywords":["ENRIQUE D\u00cdAZ","RIFLESSIONE","Trending","Vangelo"],"articleSection":["Chiesa e Mondo","Spiritualit\u00e0"],"inLanguage":"it-IT"},{"@type":"WebPage","@id":"https:\/\/exaudi.org\/it\/riflessione-del-vescovo-enrique-diaz-alleluia-alleluia\/","url":"https:\/\/exaudi.org\/it\/riflessione-del-vescovo-enrique-diaz-alleluia-alleluia\/","name":"Riflessione del vescovo Enrique D\u00edaz: Alleluia, alleluia &#8211; Exaudi","isPartOf":{"@id":"https:\/\/exaudi.org\/#website"},"primaryImageOfPage":{"@id":"https:\/\/exaudi.org\/it\/riflessione-del-vescovo-enrique-diaz-alleluia-alleluia\/#primaryimage"},"image":{"@id":"https:\/\/exaudi.org\/it\/riflessione-del-vescovo-enrique-diaz-alleluia-alleluia\/#primaryimage"},"thumbnailUrl":"https:\/\/exaudi.org\/wp-content\/uploads\/2025\/04\/cross-7870808_1280.png","datePublished":"2025-04-20T19:30:38+00:00","author":{"@id":"https:\/\/exaudi.org\/#\/schema\/person\/c02ffbd10830fa375f6882f7dcf1844d"},"breadcrumb":{"@id":"https:\/\/exaudi.org\/it\/riflessione-del-vescovo-enrique-diaz-alleluia-alleluia\/#breadcrumb"},"inLanguage":"it-IT","potentialAction":[{"@type":"ReadAction","target":["https:\/\/exaudi.org\/it\/riflessione-del-vescovo-enrique-diaz-alleluia-alleluia\/"]}]},{"@type":"ImageObject","inLanguage":"it-IT","@id":"https:\/\/exaudi.org\/it\/riflessione-del-vescovo-enrique-diaz-alleluia-alleluia\/#primaryimage","url":"https:\/\/exaudi.org\/wp-content\/uploads\/2025\/04\/cross-7870808_1280.png","contentUrl":"https:\/\/exaudi.org\/wp-content\/uploads\/2025\/04\/cross-7870808_1280.png","width":1093,"height":1280,"caption":"Pixabay"},{"@type":"BreadcrumbList","@id":"https:\/\/exaudi.org\/it\/riflessione-del-vescovo-enrique-diaz-alleluia-alleluia\/#breadcrumb","itemListElement":[{"@type":"ListItem","position":1,"name":"Portada","item":"https:\/\/exaudi.org\/it\/"},{"@type":"ListItem","position":2,"name":"Riflessione del vescovo Enrique D\u00edaz: Alleluia, alleluia"}]},{"@type":"WebSite","@id":"https:\/\/exaudi.org\/#website","url":"https:\/\/exaudi.org\/","name":"Exaudi","description":"News","potentialAction":[{"@type":"SearchAction","target":{"@type":"EntryPoint","urlTemplate":"https:\/\/exaudi.org\/?s={search_term_string}"},"query-input":{"@type":"PropertyValueSpecification","valueRequired":true,"valueName":"search_term_string"}}],"inLanguage":"it-IT"},{"@type":"Person","@id":"https:\/\/exaudi.org\/#\/schema\/person\/c02ffbd10830fa375f6882f7dcf1844d","name":"Enrique D\u00edaz","image":{"@type":"ImageObject","inLanguage":"it-IT","@id":"https:\/\/secure.gravatar.com\/avatar\/7ca10be5325a95d04b74082d68ba605aa69611eb0f68f47096cb1bc349873284?s=96&d=mm&r=g","url":"https:\/\/secure.gravatar.com\/avatar\/7ca10be5325a95d04b74082d68ba605aa69611eb0f68f47096cb1bc349873284?s=96&d=mm&r=g","contentUrl":"https:\/\/secure.gravatar.com\/avatar\/7ca10be5325a95d04b74082d68ba605aa69611eb0f68f47096cb1bc349873284?s=96&d=mm&r=g","caption":"Enrique D\u00edaz"},"description":"Naci\u00f3 en Huandacareo, Michoac\u00e1n, M\u00e9xico, en 1952. Realiz\u00f3 sus estudios de Filosof\u00eda y Teolog\u00eda en el Seminario de Morelia. Ordenado di\u00e1cono el 22 de mayo de 1977, y presb\u00edtero el 23 de octubre del mismo a\u00f1o. Obtuvo la Licenciatura en Sagrada Escritura en el Pontificio Instituto B\u00edblico en Roma. Ha desarrollado m\u00faltiples encargos pastorales como el de capell\u00e1n de la rector\u00eda de las Tres Aves Mar\u00edas; responsable de la Pastoral B\u00edblica Diocesana y director de la Escuela B\u00edblica en Morelia; maestro de Biblia en el Seminario Conciliar de Morelia, p\u00e1rroco de la Parroquia de Nuestra Se\u00f1ora de Guadalupe, Col. Guadalupe, Morelia; o vicario episcopal para la Zona de Nuestra Se\u00f1ora de la Luz, P\u00e1tzcuaro. Ordenado obispo auxiliar de san Crist\u00f3bal de las Casas en 2003. En la Conferencia Episcopal form\u00f3 parte de las Comisiones de Biblia, Diaconado y Ministerios Laicales. Fue responsable de las Dimensiones de Ministerios Laicales, de Educaci\u00f3n y Cultura. Ha participado en encuentros latinoamericanos y mundiales sobre el Diaconado Permanente. Actualmente es el responsable de la Dimensi\u00f3n de Pastoral de la Cultura. Particip\u00f3 como Miembro del S\u00ednodo de Obispos sobre la Palabra de Dios en la Vida y Misi\u00f3n de la Iglesia en Roma, en 2008. Recibi\u00f3 el nombramiento de obispo coadjutor de San Crist\u00f3bal de las Casas en 2014. Nombrado II obispo de Irapuato el d\u00eda 11 de marzo, tom\u00f3 posesi\u00f3n el 19 de Mayo. Colabora en varias revistas y publicaciones sobre todo con la reflexi\u00f3n diaria y dominical tanto en audio como escrita.","url":"https:\/\/exaudi.org\/it\/author\/enriquediaz\/"}]}},"jetpack_featured_media_url":"https:\/\/exaudi.org\/wp-content\/uploads\/2025\/04\/cross-7870808_1280.png","jetpack_shortlink":"https:\/\/wp.me\/pgKjF2-wgQ","_links":{"self":[{"href":"https:\/\/exaudi.org\/it\/wp-json\/wp\/v2\/posts\/124052","targetHints":{"allow":["GET"]}}],"collection":[{"href":"https:\/\/exaudi.org\/it\/wp-json\/wp\/v2\/posts"}],"about":[{"href":"https:\/\/exaudi.org\/it\/wp-json\/wp\/v2\/types\/post"}],"author":[{"embeddable":true,"href":"https:\/\/exaudi.org\/it\/wp-json\/wp\/v2\/users\/25"}],"replies":[{"embeddable":true,"href":"https:\/\/exaudi.org\/it\/wp-json\/wp\/v2\/comments?post=124052"}],"version-history":[{"count":0,"href":"https:\/\/exaudi.org\/it\/wp-json\/wp\/v2\/posts\/124052\/revisions"}],"wp:featuredmedia":[{"embeddable":true,"href":"https:\/\/exaudi.org\/it\/wp-json\/wp\/v2\/media\/123996"}],"wp:attachment":[{"href":"https:\/\/exaudi.org\/it\/wp-json\/wp\/v2\/media?parent=124052"}],"wp:term":[{"taxonomy":"category","embeddable":true,"href":"https:\/\/exaudi.org\/it\/wp-json\/wp\/v2\/categories?post=124052"},{"taxonomy":"post_tag","embeddable":true,"href":"https:\/\/exaudi.org\/it\/wp-json\/wp\/v2\/tags?post=124052"}],"curies":[{"name":"wp","href":"https:\/\/api.w.org\/{rel}","templated":true}]}}