{"id":123751,"date":"2025-04-15T19:05:13","date_gmt":"2025-04-15T17:05:13","guid":{"rendered":"https:\/\/exaudi.org\/?p=123751"},"modified":"2025-04-15T19:05:13","modified_gmt":"2025-04-15T17:05:13","slug":"sofferenza-e-resurrezione-in-america-latina","status":"publish","type":"post","link":"https:\/\/exaudi.org\/it\/sofferenza-e-resurrezione-in-america-latina\/","title":{"rendered":"Sofferenza e resurrezione in America Latina"},"content":{"rendered":"<p>\u00c8 un periodo misterioso. Nel profondo delle comunit\u00e0 latinoamericane, la <strong>\u201cSettimana Santa\u201d<\/strong> \u00e8 un esercizio rituale e simbolico in cui liturgia cattolica e tradizione popolare combinano lingue preispaniche e meticce per narrare la passione, la morte e la resurrezione di Ges\u00f9 Cristo.<\/p>\n<p>Lo so, la \u201cSettimana Santa\u201d urbana a volte \u00e8 meno densa. Immersa nel trambusto della citt\u00e0, sperimenta la tensione delle societ\u00e0 moderne. Tuttavia, basta allontanarsi un po&#8217; dalle grandi citt\u00e0 per scoprire, durante i &#8220;giorni santi&#8221;, quell&#8217;altro universo che ci pone, come allo stesso tempo, al <strong>centro della fede cristiana e al centro della storia dei nostri popoli<\/strong>.<\/p>\n<p>In effetti, il racconto della Passione ha avuto, per cinquecento anni, la capacit\u00e0 di catturare il dolore delle persone. Non si tratta semplicemente di uno spettacolo che si vive dalla distanza di chi frequenta un \u201cteatro\u201d. Mentre ci addentriamo nell&#8217;intimit\u00e0 dell&#8217;esperienza popolare, ad esempio, delle comunit\u00e0 indigene ed emarginate, la &#8220;Settimana Santa&#8221; \u00e8 un momento di <strong>riconnessione con il nostro dolore<\/strong>, con i nostri ricordi, con la storia vicina e lontana che ci spiega e ci proietta.<\/p>\n<p>Purtroppo non \u00e8 esagerato affermare che l&#8217;America Latina sta vivendo un&#8217;<strong>epoca di crocifissione<\/strong>. La povert\u00e0 e la disuguaglianza diffuse sono accompagnate dalle recenti crisi pandemiche, dai neopopulismi (di un tipo o dell&#8217;altro), dalle crudeli attivit\u00e0 della criminalit\u00e0 organizzata e dalla riconfigurazione dell&#8217;economia globale in senso protezionistico e chiuso.<\/p>\n<p>I volti di milioni di migranti, di comunit\u00e0 indigene emarginate e disprezzate, di madri in cerca dei figli scomparsi, di lavoratori sfruttati, di imprenditori intimiditi, di cittadini repressi che lottano per la democrazia, la giustizia e la libert\u00e0 sono un grido costante che tende a essere ignorato, disprezzato e dimenticato da chi detiene il potere e dai suoi scagnozzi.<\/p>\n<p>Tuttavia, in questo clima che preferiremmo non vedere, ma che si impone per la sua ampiezza e profondit\u00e0, continuano ad apparire i<strong> segni della Speranza e della Risurrezione.<\/strong> Ogni gesto di umanit\u00e0, di fraternit\u00e0, di misericordia, di giustizia, per quanto piccolo, da chiunque compiuto, apre la porta alla speranza ed \u00e8 segno che il male non ha l&#8217;ultima parola. La Risurrezione \u00e8 presente in ogni lotta condotta con gentilezza, cio\u00e8 con compassione per la sofferenza del nostro prossimo, della nostra gente.<\/p>\n<p>La figura di<strong> sant&#8217;Oscar Arnulfo Romero<\/strong>, sempre vicina e significativa, spicca per la sua sapienza profetica: \u00abLo Spirito che ha risuscitato Cristo ci ha dato, in quel Cristo risorto, il modello della storia. Tutta la storia deve camminare verso questo, per creare uomini che, dopo aver vissuto con la croce sulle spalle, si elevino alla libert\u00e0 che ora deve essere assaporata anche su questa terra\u00bb. (&#8230;) \u00abDico che Cristo risorto appartiene gi\u00e0 alla storia presente ed \u00e8 fonte di libert\u00e0 e dignit\u00e0 umana. Ed \u00e8 proprio per questo che celebriamo la Quaresima come preparazione alla Pasqua\u00bb. (\u2026) \u00abLa Quaresima e la Pasqua sono dunque nostre, e lo stesso pu\u00f2 dire ogni popolo\u00bb. (24 febbraio 1980).<\/p>\n<p>Che la certezza della Risurrezione di Ges\u00f9 Cristo, in mezzo alle difficolt\u00e0 e ai limiti del popolo latinoamericano, ci dia speranza per continuare a camminare!<\/p>\n","protected":false},"excerpt":{"rendered":"<p>La nostra regione sta vivendo una Settimana Santa immersa nella violenza, nelle tensioni e nelle speranze<\/p>\n","protected":false},"author":98,"featured_media":123711,"comment_status":"closed","ping_status":"closed","sticky":false,"template":"","format":"standard","meta":{"_acf_changed":false,"_crdt_document":"","inline_featured_image":false,"footnotes":""},"categories":[129],"tags":[32793,54126,13988,42690,54132,54131,15072,54135,32700,49837,54136,54137,54138,51971,54139,54128,54127,23508,54141,54140,18228,54142,54143,54144,14752,54129,20612,54130,54133,54134,54145,4952,54146],"class_list":["post-123751","post","type-post","status-publish","format-standard","has-post-thumbnail","hentry","category-voci","tag-compassione-cristiana","tag-comunita-indigene","tag-dignita-umana","tag-disuguaglianza-sociale","tag-fede-e-dolore","tag-fede-popolare","tag-giustizia-sociale","tag-in-cerca-di-madri","tag-liturgia-cattolica","tag-lottare-per-la-giustizia","tag-migranti-latinoamericani","tag-neopopulismi","tag-oscar-romero-2","tag-passione-di-cristo","tag-poverta-in-america-latina","tag-quaresima-e-pasqua","tag-racket","tag-religiosita-popolare","tag-resurrezione-in-america-latina","tag-risurrezione-di-gesu-cristo","tag-rodrigo-guerra-lopez-2","tag-santoscar-arnulfo-romero","tag-settimana-santa-in-america-latina","tag-sofferenza-in-america-latina","tag-speranza-cristiana","tag-speranza-e-risurrezione","tag-spiritualita-cattolica","tag-spiritualita-latinoamericana","tag-storia-dellamerica-latina","tag-storia-e-fede","tag-tradizioni-preispaniche","tag-trending-it","tag-violenza-in-america-latina"],"acf":[],"yoast_head":"<!-- This site is optimized with the Yoast SEO plugin v27.4 - https:\/\/yoast.com\/product\/yoast-seo-wordpress\/ -->\n<title>Sofferenza e resurrezione in America Latina &#8211; Exaudi<\/title>\n<meta name=\"robots\" content=\"index, follow, max-snippet:-1, max-image-preview:large, max-video-preview:-1\" \/>\n<link rel=\"canonical\" href=\"https:\/\/exaudi.org\/it\/sofferenza-e-resurrezione-in-america-latina\/\" \/>\n<meta property=\"og:locale\" content=\"it_IT\" \/>\n<meta property=\"og:type\" content=\"article\" \/>\n<meta property=\"og:title\" content=\"Sofferenza e resurrezione in America Latina &#8211; Exaudi\" \/>\n<meta property=\"og:description\" content=\"La nostra regione sta vivendo una Settimana Santa immersa nella violenza, nelle tensioni e nelle speranze\" \/>\n<meta property=\"og:url\" content=\"https:\/\/exaudi.org\/it\/sofferenza-e-resurrezione-in-america-latina\/\" \/>\n<meta property=\"og:site_name\" content=\"Exaudi\" \/>\n<meta property=\"article:publisher\" content=\"https:\/\/www.facebook.com\/ExaudiNews\" \/>\n<meta property=\"article:published_time\" content=\"2025-04-15T17:05:13+00:00\" \/>\n<meta property=\"og:image\" content=\"https:\/\/exaudi.org\/wp-content\/uploads\/2025\/04\/pexels-alem-sanchez-182647-977658-scaled-e1744705248311.jpg\" \/>\n\t<meta property=\"og:image:width\" content=\"2560\" \/>\n\t<meta property=\"og:image:height\" content=\"1709\" \/>\n\t<meta property=\"og:image:type\" content=\"image\/jpeg\" \/>\n<meta name=\"author\" content=\"Rodrigo Guerra L\u00f3pez\" \/>\n<meta name=\"twitter:card\" content=\"summary_large_image\" \/>\n<meta name=\"twitter:creator\" content=\"@Exaudi_News\" \/>\n<meta name=\"twitter:site\" content=\"@Exaudi_News\" \/>\n<meta name=\"twitter:label1\" content=\"Scritto da\" \/>\n\t<meta name=\"twitter:data1\" content=\"Rodrigo Guerra L\u00f3pez\" \/>\n\t<meta name=\"twitter:label2\" content=\"Tempo di lettura stimato\" \/>\n\t<meta name=\"twitter:data2\" content=\"2 minuti\" \/>\n<script type=\"application\/ld+json\" class=\"yoast-schema-graph\">{\"@context\":\"https:\\\/\\\/schema.org\",\"@graph\":[{\"@type\":\"Article\",\"@id\":\"https:\\\/\\\/exaudi.org\\\/it\\\/sofferenza-e-resurrezione-in-america-latina\\\/#article\",\"isPartOf\":{\"@id\":\"https:\\\/\\\/exaudi.org\\\/it\\\/sofferenza-e-resurrezione-in-america-latina\\\/\"},\"author\":{\"name\":\"Rodrigo Guerra L\u00f3pez\",\"@id\":\"https:\\\/\\\/exaudi.org\\\/#\\\/schema\\\/person\\\/42c0731aeb305e3ac79b333a9b056576\"},\"headline\":\"Sofferenza e resurrezione in America Latina\",\"datePublished\":\"2025-04-15T17:05:13+00:00\",\"mainEntityOfPage\":{\"@id\":\"https:\\\/\\\/exaudi.org\\\/it\\\/sofferenza-e-resurrezione-in-america-latina\\\/\"},\"wordCount\":507,\"image\":{\"@id\":\"https:\\\/\\\/exaudi.org\\\/it\\\/sofferenza-e-resurrezione-in-america-latina\\\/#primaryimage\"},\"thumbnailUrl\":\"https:\\\/\\\/exaudi.org\\\/wp-content\\\/uploads\\\/2025\\\/04\\\/pexels-alem-sanchez-182647-977658-scaled-e1744705248311.jpg\",\"keywords\":[\"compassione cristiana\",\"comunit\u00e0 indigene\",\"DIGNIT\u00c0 UMANA\",\"disuguaglianza sociale\",\"fede e dolore\",\"fede popolare\",\"GIUSTIZIA SOCIALE\",\"in cerca di madri\",\"Liturgia cattolica\",\"lottare per la giustizia\",\"migranti latinoamericani\",\"neopopulismi\",\"Oscar Romero\",\"Passione di Cristo\",\"povert\u00e0 in America Latina\",\"Quaresima e Pasqua\",\"racket\",\"Religiosit\u00e0 popolare\",\"resurrezione in America Latina\",\"Risurrezione di Ges\u00f9 Cristo\",\"RODRIGO GUERRA L\u00d3PEZ\",\"Sant'Oscar Arnulfo Romero\",\"Settimana Santa in America Latina\",\"Sofferenza in America Latina\",\"SPERANZA CRISTIANA\",\"speranza e risurrezione\",\"SPIRITUALIT\u00c0 CATTOLICA\",\"spiritualit\u00e0 latinoamericana\",\"storia dell'America Latina\",\"storia e fede\",\"tradizioni preispaniche\",\"Trending\",\"violenza in America Latina\"],\"articleSection\":[\"Voci\"],\"inLanguage\":\"it-IT\"},{\"@type\":\"WebPage\",\"@id\":\"https:\\\/\\\/exaudi.org\\\/it\\\/sofferenza-e-resurrezione-in-america-latina\\\/\",\"url\":\"https:\\\/\\\/exaudi.org\\\/it\\\/sofferenza-e-resurrezione-in-america-latina\\\/\",\"name\":\"Sofferenza e resurrezione in America Latina &#8211; Exaudi\",\"isPartOf\":{\"@id\":\"https:\\\/\\\/exaudi.org\\\/#website\"},\"primaryImageOfPage\":{\"@id\":\"https:\\\/\\\/exaudi.org\\\/it\\\/sofferenza-e-resurrezione-in-america-latina\\\/#primaryimage\"},\"image\":{\"@id\":\"https:\\\/\\\/exaudi.org\\\/it\\\/sofferenza-e-resurrezione-in-america-latina\\\/#primaryimage\"},\"thumbnailUrl\":\"https:\\\/\\\/exaudi.org\\\/wp-content\\\/uploads\\\/2025\\\/04\\\/pexels-alem-sanchez-182647-977658-scaled-e1744705248311.jpg\",\"datePublished\":\"2025-04-15T17:05:13+00:00\",\"author\":{\"@id\":\"https:\\\/\\\/exaudi.org\\\/#\\\/schema\\\/person\\\/42c0731aeb305e3ac79b333a9b056576\"},\"breadcrumb\":{\"@id\":\"https:\\\/\\\/exaudi.org\\\/it\\\/sofferenza-e-resurrezione-in-america-latina\\\/#breadcrumb\"},\"inLanguage\":\"it-IT\",\"potentialAction\":[{\"@type\":\"ReadAction\",\"target\":[\"https:\\\/\\\/exaudi.org\\\/it\\\/sofferenza-e-resurrezione-in-america-latina\\\/\"]}]},{\"@type\":\"ImageObject\",\"inLanguage\":\"it-IT\",\"@id\":\"https:\\\/\\\/exaudi.org\\\/it\\\/sofferenza-e-resurrezione-in-america-latina\\\/#primaryimage\",\"url\":\"https:\\\/\\\/exaudi.org\\\/wp-content\\\/uploads\\\/2025\\\/04\\\/pexels-alem-sanchez-182647-977658-scaled-e1744705248311.jpg\",\"contentUrl\":\"https:\\\/\\\/exaudi.org\\\/wp-content\\\/uploads\\\/2025\\\/04\\\/pexels-alem-sanchez-182647-977658-scaled-e1744705248311.jpg\",\"width\":2560,\"height\":1709},{\"@type\":\"BreadcrumbList\",\"@id\":\"https:\\\/\\\/exaudi.org\\\/it\\\/sofferenza-e-resurrezione-in-america-latina\\\/#breadcrumb\",\"itemListElement\":[{\"@type\":\"ListItem\",\"position\":1,\"name\":\"Portada\",\"item\":\"https:\\\/\\\/exaudi.org\\\/it\\\/\"},{\"@type\":\"ListItem\",\"position\":2,\"name\":\"Sofferenza e resurrezione in America Latina\"}]},{\"@type\":\"WebSite\",\"@id\":\"https:\\\/\\\/exaudi.org\\\/#website\",\"url\":\"https:\\\/\\\/exaudi.org\\\/\",\"name\":\"Exaudi\",\"description\":\"News\",\"potentialAction\":[{\"@type\":\"SearchAction\",\"target\":{\"@type\":\"EntryPoint\",\"urlTemplate\":\"https:\\\/\\\/exaudi.org\\\/?s={search_term_string}\"},\"query-input\":{\"@type\":\"PropertyValueSpecification\",\"valueRequired\":true,\"valueName\":\"search_term_string\"}}],\"inLanguage\":\"it-IT\"},{\"@type\":\"Person\",\"@id\":\"https:\\\/\\\/exaudi.org\\\/#\\\/schema\\\/person\\\/42c0731aeb305e3ac79b333a9b056576\",\"name\":\"Rodrigo Guerra L\u00f3pez\",\"image\":{\"@type\":\"ImageObject\",\"inLanguage\":\"it-IT\",\"@id\":\"https:\\\/\\\/secure.gravatar.com\\\/avatar\\\/5f52de5f3535733d62353d8cc63100c139881a50ae2b78830c358107e8dd2f9a?s=96&d=mm&r=g\",\"url\":\"https:\\\/\\\/secure.gravatar.com\\\/avatar\\\/5f52de5f3535733d62353d8cc63100c139881a50ae2b78830c358107e8dd2f9a?s=96&d=mm&r=g\",\"contentUrl\":\"https:\\\/\\\/secure.gravatar.com\\\/avatar\\\/5f52de5f3535733d62353d8cc63100c139881a50ae2b78830c358107e8dd2f9a?s=96&d=mm&r=g\",\"caption\":\"Rodrigo Guerra L\u00f3pez\"},\"description\":\"Doctor en filosof\u00eda por la Academia Internacional de Filosof\u00eda en el Principado de Liechtenstein; miembro ordinario de la Pontificia Academia para la Vida, de la Pontificia Academia de las Ciencias Sociales; Secretario de la Pontificia Comisi\u00f3n para Am\u00e9rica Latina. E-mail: rodrigoguerra@mac.com\",\"url\":\"https:\\\/\\\/exaudi.org\\\/it\\\/author\\\/rodrigoguerra\\\/\"}]}<\/script>\n<!-- \/ Yoast SEO plugin. -->","yoast_head_json":{"title":"Sofferenza e resurrezione in America Latina &#8211; Exaudi","robots":{"index":"index","follow":"follow","max-snippet":"max-snippet:-1","max-image-preview":"max-image-preview:large","max-video-preview":"max-video-preview:-1"},"canonical":"https:\/\/exaudi.org\/it\/sofferenza-e-resurrezione-in-america-latina\/","og_locale":"it_IT","og_type":"article","og_title":"Sofferenza e resurrezione in America Latina &#8211; Exaudi","og_description":"La nostra regione sta vivendo una Settimana Santa immersa nella violenza, nelle tensioni e nelle speranze","og_url":"https:\/\/exaudi.org\/it\/sofferenza-e-resurrezione-in-america-latina\/","og_site_name":"Exaudi","article_publisher":"https:\/\/www.facebook.com\/ExaudiNews","article_published_time":"2025-04-15T17:05:13+00:00","og_image":[{"width":2560,"height":1709,"url":"https:\/\/exaudi.org\/wp-content\/uploads\/2025\/04\/pexels-alem-sanchez-182647-977658-scaled-e1744705248311.jpg","type":"image\/jpeg"}],"author":"Rodrigo Guerra L\u00f3pez","twitter_card":"summary_large_image","twitter_creator":"@Exaudi_News","twitter_site":"@Exaudi_News","twitter_misc":{"Scritto da":"Rodrigo Guerra L\u00f3pez","Tempo di lettura stimato":"2 minuti"},"schema":{"@context":"https:\/\/schema.org","@graph":[{"@type":"Article","@id":"https:\/\/exaudi.org\/it\/sofferenza-e-resurrezione-in-america-latina\/#article","isPartOf":{"@id":"https:\/\/exaudi.org\/it\/sofferenza-e-resurrezione-in-america-latina\/"},"author":{"name":"Rodrigo Guerra L\u00f3pez","@id":"https:\/\/exaudi.org\/#\/schema\/person\/42c0731aeb305e3ac79b333a9b056576"},"headline":"Sofferenza e resurrezione in America Latina","datePublished":"2025-04-15T17:05:13+00:00","mainEntityOfPage":{"@id":"https:\/\/exaudi.org\/it\/sofferenza-e-resurrezione-in-america-latina\/"},"wordCount":507,"image":{"@id":"https:\/\/exaudi.org\/it\/sofferenza-e-resurrezione-in-america-latina\/#primaryimage"},"thumbnailUrl":"https:\/\/exaudi.org\/wp-content\/uploads\/2025\/04\/pexels-alem-sanchez-182647-977658-scaled-e1744705248311.jpg","keywords":["compassione cristiana","comunit\u00e0 indigene","DIGNIT\u00c0 UMANA","disuguaglianza sociale","fede e dolore","fede popolare","GIUSTIZIA SOCIALE","in cerca di madri","Liturgia cattolica","lottare per la giustizia","migranti latinoamericani","neopopulismi","Oscar Romero","Passione di Cristo","povert\u00e0 in America Latina","Quaresima e Pasqua","racket","Religiosit\u00e0 popolare","resurrezione in America Latina","Risurrezione di Ges\u00f9 Cristo","RODRIGO GUERRA L\u00d3PEZ","Sant'Oscar Arnulfo Romero","Settimana Santa in America Latina","Sofferenza in America Latina","SPERANZA CRISTIANA","speranza e risurrezione","SPIRITUALIT\u00c0 CATTOLICA","spiritualit\u00e0 latinoamericana","storia dell'America Latina","storia e fede","tradizioni preispaniche","Trending","violenza in America Latina"],"articleSection":["Voci"],"inLanguage":"it-IT"},{"@type":"WebPage","@id":"https:\/\/exaudi.org\/it\/sofferenza-e-resurrezione-in-america-latina\/","url":"https:\/\/exaudi.org\/it\/sofferenza-e-resurrezione-in-america-latina\/","name":"Sofferenza e resurrezione in America Latina &#8211; Exaudi","isPartOf":{"@id":"https:\/\/exaudi.org\/#website"},"primaryImageOfPage":{"@id":"https:\/\/exaudi.org\/it\/sofferenza-e-resurrezione-in-america-latina\/#primaryimage"},"image":{"@id":"https:\/\/exaudi.org\/it\/sofferenza-e-resurrezione-in-america-latina\/#primaryimage"},"thumbnailUrl":"https:\/\/exaudi.org\/wp-content\/uploads\/2025\/04\/pexels-alem-sanchez-182647-977658-scaled-e1744705248311.jpg","datePublished":"2025-04-15T17:05:13+00:00","author":{"@id":"https:\/\/exaudi.org\/#\/schema\/person\/42c0731aeb305e3ac79b333a9b056576"},"breadcrumb":{"@id":"https:\/\/exaudi.org\/it\/sofferenza-e-resurrezione-in-america-latina\/#breadcrumb"},"inLanguage":"it-IT","potentialAction":[{"@type":"ReadAction","target":["https:\/\/exaudi.org\/it\/sofferenza-e-resurrezione-in-america-latina\/"]}]},{"@type":"ImageObject","inLanguage":"it-IT","@id":"https:\/\/exaudi.org\/it\/sofferenza-e-resurrezione-in-america-latina\/#primaryimage","url":"https:\/\/exaudi.org\/wp-content\/uploads\/2025\/04\/pexels-alem-sanchez-182647-977658-scaled-e1744705248311.jpg","contentUrl":"https:\/\/exaudi.org\/wp-content\/uploads\/2025\/04\/pexels-alem-sanchez-182647-977658-scaled-e1744705248311.jpg","width":2560,"height":1709},{"@type":"BreadcrumbList","@id":"https:\/\/exaudi.org\/it\/sofferenza-e-resurrezione-in-america-latina\/#breadcrumb","itemListElement":[{"@type":"ListItem","position":1,"name":"Portada","item":"https:\/\/exaudi.org\/it\/"},{"@type":"ListItem","position":2,"name":"Sofferenza e resurrezione in America Latina"}]},{"@type":"WebSite","@id":"https:\/\/exaudi.org\/#website","url":"https:\/\/exaudi.org\/","name":"Exaudi","description":"News","potentialAction":[{"@type":"SearchAction","target":{"@type":"EntryPoint","urlTemplate":"https:\/\/exaudi.org\/?s={search_term_string}"},"query-input":{"@type":"PropertyValueSpecification","valueRequired":true,"valueName":"search_term_string"}}],"inLanguage":"it-IT"},{"@type":"Person","@id":"https:\/\/exaudi.org\/#\/schema\/person\/42c0731aeb305e3ac79b333a9b056576","name":"Rodrigo Guerra L\u00f3pez","image":{"@type":"ImageObject","inLanguage":"it-IT","@id":"https:\/\/secure.gravatar.com\/avatar\/5f52de5f3535733d62353d8cc63100c139881a50ae2b78830c358107e8dd2f9a?s=96&d=mm&r=g","url":"https:\/\/secure.gravatar.com\/avatar\/5f52de5f3535733d62353d8cc63100c139881a50ae2b78830c358107e8dd2f9a?s=96&d=mm&r=g","contentUrl":"https:\/\/secure.gravatar.com\/avatar\/5f52de5f3535733d62353d8cc63100c139881a50ae2b78830c358107e8dd2f9a?s=96&d=mm&r=g","caption":"Rodrigo Guerra L\u00f3pez"},"description":"Doctor en filosof\u00eda por la Academia Internacional de Filosof\u00eda en el Principado de Liechtenstein; miembro ordinario de la Pontificia Academia para la Vida, de la Pontificia Academia de las Ciencias Sociales; Secretario de la Pontificia Comisi\u00f3n para Am\u00e9rica Latina. E-mail: rodrigoguerra@mac.com","url":"https:\/\/exaudi.org\/it\/author\/rodrigoguerra\/"}]}},"jetpack_featured_media_url":"https:\/\/exaudi.org\/wp-content\/uploads\/2025\/04\/pexels-alem-sanchez-182647-977658-scaled-e1744705248311.jpg","jetpack_shortlink":"https:\/\/wp.me\/pgKjF2-wbZ","_links":{"self":[{"href":"https:\/\/exaudi.org\/it\/wp-json\/wp\/v2\/posts\/123751","targetHints":{"allow":["GET"]}}],"collection":[{"href":"https:\/\/exaudi.org\/it\/wp-json\/wp\/v2\/posts"}],"about":[{"href":"https:\/\/exaudi.org\/it\/wp-json\/wp\/v2\/types\/post"}],"author":[{"embeddable":true,"href":"https:\/\/exaudi.org\/it\/wp-json\/wp\/v2\/users\/98"}],"replies":[{"embeddable":true,"href":"https:\/\/exaudi.org\/it\/wp-json\/wp\/v2\/comments?post=123751"}],"version-history":[{"count":0,"href":"https:\/\/exaudi.org\/it\/wp-json\/wp\/v2\/posts\/123751\/revisions"}],"wp:featuredmedia":[{"embeddable":true,"href":"https:\/\/exaudi.org\/it\/wp-json\/wp\/v2\/media\/123711"}],"wp:attachment":[{"href":"https:\/\/exaudi.org\/it\/wp-json\/wp\/v2\/media?parent=123751"}],"wp:term":[{"taxonomy":"category","embeddable":true,"href":"https:\/\/exaudi.org\/it\/wp-json\/wp\/v2\/categories?post=123751"},{"taxonomy":"post_tag","embeddable":true,"href":"https:\/\/exaudi.org\/it\/wp-json\/wp\/v2\/tags?post=123751"}],"curies":[{"name":"wp","href":"https:\/\/api.w.org\/{rel}","templated":true}]}}