{"id":123253,"date":"2025-04-08T19:56:34","date_gmt":"2025-04-08T17:56:34","guid":{"rendered":"https:\/\/exaudi.org\/?p=123253"},"modified":"2025-04-08T19:56:34","modified_gmt":"2025-04-08T17:56:34","slug":"sensibilita-nella-gestione-il-muscolo-dimenticato-della-leadership-significativa","status":"publish","type":"post","link":"https:\/\/exaudi.org\/it\/sensibilita-nella-gestione-il-muscolo-dimenticato-della-leadership-significativa\/","title":{"rendered":"Sensibilit\u00e0 nella gestione: il muscolo dimenticato della leadership significativa"},"content":{"rendered":"<p>La sensibilit\u00e0 umana si manifesta nel gioco dei nostri istinti nelle decisioni che prendiamo. La natura umana \u00e8 dotata di un apparato sensibile che garantisce la sopravvivenza sia dell&#8217;individuo che della specie. Abbiamo una serie di meccanismi \u2013 fisici ed emotivi \u2013 orientati alla sopravvivenza individuale e collettiva: il dolore ci avverte del pericolo; la paura innesca risposte alle minacce; La fame e il sonno assicurano il sostentamento corporeo; e l&#8217;affetto e l&#8217;empatia promuovono la coesione sociale e la continuit\u00e0 della vita.<\/p>\n<p>Ad esempio, proviamo fame, e questa sensazione \u00e8 cos\u00ec cruciale per la sopravvivenza dell&#8217;individuo che la sua assenza prolungata genera gravi conseguenze. La perdita prolungata di appetito pu\u00f2 portare a malnutrizione, perdita di peso, debolezza muscolare, indebolimento del sistema immunitario e persino influire negativamente sull&#8217;umore, sulla concentrazione e sulla vita sociale.<\/p>\n<p>Lo stesso vale per la mancanza di sonno. Quando diventa cronica, ha effetti profondi sulla salute fisica, mentale ed emotiva. Ostacola la concentrazione, la memoria e le prestazioni cognitive e aumenta il rischio di incidenti. Inoltre indebolisce il sistema immunitario, altera il metabolismo ed \u00e8 associato a malattie. A livello emotivo, aumenta l&#8217;irritabilit\u00e0, l&#8217;ansia e la possibilit\u00e0 di sviluppare depressione.<\/p>\n<p>Tuttavia, questi meccanismi non agiscono negli esseri umani come negli animali. Nel mondo animale l&#8217;istinto \u00e8 imperativo; Tuttavia, nella persona umana, si presenta con un&#8217;architettura pi\u00f9 debole. L&#8217;animale, quando si trova di fronte al cibo, non pu\u00f2 fare a meno di mangiare. Gli esseri umani, d&#8217;altro canto, anche quando hanno fame, possono scegliere di non mangiare, o di farlo in misura minore.<\/p>\n<p>Ci\u00f2 \u00e8 evidente, ad esempio, nelle pratiche di digiuno. Secondo la Harvard Medical School e la Mayo Clinic, il digiuno intermittente o prolungato, se eseguito correttamente, pu\u00f2 migliorare il metabolismo, ridurre l&#8217;infiammazione e regolare i livelli di insulina, favorendo la perdita di peso senza compromettere la massa muscolare. Un articolo del <em>New England Journal of Medicine<\/em> (Mattson et al., 2019) sottolinea che il digiuno migliora anche la salute cardiovascolare, aumenta la sensibilit\u00e0 all&#8217;insulina e protegge il cervello attivando processi come l&#8217;autofagia e la neurogenesi, che potrebbero avere effetti preventivi contro le malattie neurodegenerative.<\/p>\n<p>Tuttavia, nello sviluppo della personalit\u00e0 umana, soprattutto nei giovani, \u00e8 comune non confrontarsi con questi meccanismi sensibili, ma piuttosto seguirli senza ulteriori riflessioni. Ognuno di essi viene presentato accompagnato da una sensazione piacevole, con la forza di un bene immediato, che mira a diventare imperativo. Dopo un buon pranzo, ad esempio, la sonnolenza diventa l&#8217;opzione pi\u00f9 allettante.<\/p>\n<p>Ma poich\u00e9 questi istinti non sono forti di per s\u00e9, gli esseri umani possono scegliere di seguirli o di resistervi in \u200b\u200bnome di criteri pi\u00f9 elevati del piacere sensoriale. Mantenere un impegno o rispettare un&#8217;altra persona sono esempi di beni superiori che possono guidare le nostre decisioni oltre l&#8217;impulso immediato.<\/p>\n<p>Ed \u00e8 importante notare che ogni volta che una persona sceglie di non confrontarsi con un istinto che si oppone a un bene superiore, quell&#8217;istinto si rafforza. Con il tempo, pu\u00f2 acquisire una forza tale da finire per dominare la volont\u00e0, al punto che la persona non pu\u00f2 pi\u00f9 fare altro che seguirla. Vale a dire, perdere la capacit\u00e0 di decidere liberamente.<\/p>\n<p>Pertanto, nel processo di maturazione della personalit\u00e0 umana \u2013 e in particolar modo nella fase formativa \u2013 \u00e8 essenziale comprendere che questi meccanismi sensibili svolgono una funzione, ma non possono essere gestiti come fini a se stessi. Il rischio pi\u00f9 grande per l&#8217;essere umano \u00e8 quello di lasciarsi trasportare unicamente dalla ricerca del piacere sensuale, perdendo cos\u00ec la capacit\u00e0 di autocontrollo.<\/p>\n","protected":false},"excerpt":{"rendered":"<p>Sensibilit\u00e0 nella gestione: il muscolo dimenticato della leadership significativa<\/p>\n","protected":false},"author":57,"featured_media":123107,"comment_status":"closed","ping_status":"closed","sticky":false,"template":"","format":"standard","meta":{"_acf_changed":false,"_crdt_document":"","inline_featured_image":false,"footnotes":""},"categories":[129],"tags":[53172,50757,33107,53174,48836,53173,22703,33108,21565,29525,2280,2487,53175,53176,50975,15706,53177,53178,53179,36715,53180,53181,53182,53183,33123,53184,53185,18359,53186,14780],"class_list":["post-123253","post","type-post","status-publish","format-standard","has-post-thumbnail","hentry","category-voci","tag-alessandro-fontana","tag-autocontrollo","tag-autofagia-2","tag-benessere-fisico-ed-emotivo","tag-benessere-globale","tag-beni-superiori","tag-decisioni-consapevoli","tag-digiuno-intermittente","tag-educazione-ai-valori","tag-equilibrio-emotivo","tag-fame","tag-featured-3","tag-formazione-dei-giovani","tag-gestione-dellistinto","tag-il-processo-decisionale","tag-impegno","tag-impulso-sensibile","tag-istinti-umani","tag-leadership-significativa","tag-maturazione-personale","tag-meccanismi-emozionali","tag-neurogenesi","tag-personalita-umana","tag-riflessione-etica","tag-salute-cardiovascolare","tag-sensibilita-nella-gestione-chiave","tag-sensibilita-umana","tag-sogno","tag-sopravvivenza-individuale-e-collettiva","tag-sviluppo-personale"],"acf":[],"yoast_head":"<!-- This site is optimized with the Yoast SEO plugin v27.4 - https:\/\/yoast.com\/product\/yoast-seo-wordpress\/ -->\n<title>Sensibilit\u00e0 nella gestione: il muscolo dimenticato della leadership significativa &#8211; Exaudi<\/title>\n<meta name=\"robots\" content=\"index, follow, max-snippet:-1, max-image-preview:large, max-video-preview:-1\" \/>\n<link rel=\"canonical\" href=\"https:\/\/exaudi.org\/it\/sensibilita-nella-gestione-il-muscolo-dimenticato-della-leadership-significativa\/\" \/>\n<meta property=\"og:locale\" content=\"it_IT\" \/>\n<meta property=\"og:type\" content=\"article\" \/>\n<meta property=\"og:title\" content=\"Sensibilit\u00e0 nella gestione: il muscolo dimenticato della leadership significativa &#8211; Exaudi\" \/>\n<meta property=\"og:description\" content=\"Sensibilit\u00e0 nella gestione: il muscolo dimenticato della leadership significativa\" \/>\n<meta property=\"og:url\" content=\"https:\/\/exaudi.org\/it\/sensibilita-nella-gestione-il-muscolo-dimenticato-della-leadership-significativa\/\" \/>\n<meta property=\"og:site_name\" content=\"Exaudi\" \/>\n<meta property=\"article:publisher\" content=\"https:\/\/www.facebook.com\/ExaudiNews\" \/>\n<meta property=\"article:published_time\" content=\"2025-04-08T17:56:34+00:00\" \/>\n<meta property=\"og:image\" content=\"https:\/\/exaudi.org\/wp-content\/uploads\/2025\/04\/pexels-olly-3760774-scaled.jpg\" \/>\n\t<meta property=\"og:image:width\" content=\"2560\" \/>\n\t<meta property=\"og:image:height\" content=\"1707\" \/>\n\t<meta property=\"og:image:type\" content=\"image\/jpeg\" \/>\n<meta name=\"author\" content=\"Alejandro Fontana\" \/>\n<meta name=\"twitter:card\" content=\"summary_large_image\" \/>\n<meta name=\"twitter:creator\" content=\"@Exaudi_News\" \/>\n<meta name=\"twitter:site\" content=\"@Exaudi_News\" \/>\n<meta name=\"twitter:label1\" content=\"Scritto da\" \/>\n\t<meta name=\"twitter:data1\" content=\"Alejandro Fontana\" \/>\n\t<meta name=\"twitter:label2\" content=\"Tempo di lettura stimato\" \/>\n\t<meta name=\"twitter:data2\" content=\"3 minuti\" \/>\n<script type=\"application\/ld+json\" class=\"yoast-schema-graph\">{\"@context\":\"https:\\\/\\\/schema.org\",\"@graph\":[{\"@type\":\"Article\",\"@id\":\"https:\\\/\\\/exaudi.org\\\/it\\\/sensibilita-nella-gestione-il-muscolo-dimenticato-della-leadership-significativa\\\/#article\",\"isPartOf\":{\"@id\":\"https:\\\/\\\/exaudi.org\\\/it\\\/sensibilita-nella-gestione-il-muscolo-dimenticato-della-leadership-significativa\\\/\"},\"author\":{\"name\":\"Alejandro Fontana\",\"@id\":\"https:\\\/\\\/exaudi.org\\\/#\\\/schema\\\/person\\\/036aa1cfc8cb49829af5d777f3965ad7\"},\"headline\":\"Sensibilit\u00e0 nella gestione: il muscolo dimenticato della leadership significativa\",\"datePublished\":\"2025-04-08T17:56:34+00:00\",\"mainEntityOfPage\":{\"@id\":\"https:\\\/\\\/exaudi.org\\\/it\\\/sensibilita-nella-gestione-il-muscolo-dimenticato-della-leadership-significativa\\\/\"},\"wordCount\":592,\"image\":{\"@id\":\"https:\\\/\\\/exaudi.org\\\/it\\\/sensibilita-nella-gestione-il-muscolo-dimenticato-della-leadership-significativa\\\/#primaryimage\"},\"thumbnailUrl\":\"https:\\\/\\\/exaudi.org\\\/wp-content\\\/uploads\\\/2025\\\/04\\\/pexels-olly-3760774-scaled.jpg\",\"keywords\":[\"Alessandro Fontana\",\"autocontrollo\",\"autofagia\",\"benessere fisico ed emotivo\",\"benessere globale\",\"beni superiori\",\"decisioni consapevoli\",\"digiuno intermittente\",\"EDUCAZIONE AI VALORI\",\"equilibrio emotivo\",\"fame\",\"Featured\",\"formazione dei giovani\",\"gestione dell'istinto\",\"il processo decisionale\",\"IMPEGNO\",\"impulso sensibile\",\"istinti umani\",\"leadership significativa\",\"maturazione personale\",\"meccanismi emozionali\",\"neurogenesi\",\"personalit\u00e0 umana\",\"riflessione etica\",\"salute cardiovascolare\",\"sensibilit\u00e0 nella gestione chiave\",\"sensibilit\u00e0 umana\",\"SOGNO\",\"sopravvivenza individuale e collettiva\",\"SVILUPPO PERSONALE\"],\"articleSection\":[\"Voci\"],\"inLanguage\":\"it-IT\"},{\"@type\":\"WebPage\",\"@id\":\"https:\\\/\\\/exaudi.org\\\/it\\\/sensibilita-nella-gestione-il-muscolo-dimenticato-della-leadership-significativa\\\/\",\"url\":\"https:\\\/\\\/exaudi.org\\\/it\\\/sensibilita-nella-gestione-il-muscolo-dimenticato-della-leadership-significativa\\\/\",\"name\":\"Sensibilit\u00e0 nella gestione: il muscolo dimenticato della leadership significativa &#8211; Exaudi\",\"isPartOf\":{\"@id\":\"https:\\\/\\\/exaudi.org\\\/#website\"},\"primaryImageOfPage\":{\"@id\":\"https:\\\/\\\/exaudi.org\\\/it\\\/sensibilita-nella-gestione-il-muscolo-dimenticato-della-leadership-significativa\\\/#primaryimage\"},\"image\":{\"@id\":\"https:\\\/\\\/exaudi.org\\\/it\\\/sensibilita-nella-gestione-il-muscolo-dimenticato-della-leadership-significativa\\\/#primaryimage\"},\"thumbnailUrl\":\"https:\\\/\\\/exaudi.org\\\/wp-content\\\/uploads\\\/2025\\\/04\\\/pexels-olly-3760774-scaled.jpg\",\"datePublished\":\"2025-04-08T17:56:34+00:00\",\"author\":{\"@id\":\"https:\\\/\\\/exaudi.org\\\/#\\\/schema\\\/person\\\/036aa1cfc8cb49829af5d777f3965ad7\"},\"breadcrumb\":{\"@id\":\"https:\\\/\\\/exaudi.org\\\/it\\\/sensibilita-nella-gestione-il-muscolo-dimenticato-della-leadership-significativa\\\/#breadcrumb\"},\"inLanguage\":\"it-IT\",\"potentialAction\":[{\"@type\":\"ReadAction\",\"target\":[\"https:\\\/\\\/exaudi.org\\\/it\\\/sensibilita-nella-gestione-il-muscolo-dimenticato-della-leadership-significativa\\\/\"]}]},{\"@type\":\"ImageObject\",\"inLanguage\":\"it-IT\",\"@id\":\"https:\\\/\\\/exaudi.org\\\/it\\\/sensibilita-nella-gestione-il-muscolo-dimenticato-della-leadership-significativa\\\/#primaryimage\",\"url\":\"https:\\\/\\\/exaudi.org\\\/wp-content\\\/uploads\\\/2025\\\/04\\\/pexels-olly-3760774-scaled.jpg\",\"contentUrl\":\"https:\\\/\\\/exaudi.org\\\/wp-content\\\/uploads\\\/2025\\\/04\\\/pexels-olly-3760774-scaled.jpg\",\"width\":2560,\"height\":1707,\"caption\":\"Pexels . Andrea Piacquadio\"},{\"@type\":\"BreadcrumbList\",\"@id\":\"https:\\\/\\\/exaudi.org\\\/it\\\/sensibilita-nella-gestione-il-muscolo-dimenticato-della-leadership-significativa\\\/#breadcrumb\",\"itemListElement\":[{\"@type\":\"ListItem\",\"position\":1,\"name\":\"Portada\",\"item\":\"https:\\\/\\\/exaudi.org\\\/it\\\/\"},{\"@type\":\"ListItem\",\"position\":2,\"name\":\"Sensibilit\u00e0 nella gestione: il muscolo dimenticato della leadership significativa\"}]},{\"@type\":\"WebSite\",\"@id\":\"https:\\\/\\\/exaudi.org\\\/#website\",\"url\":\"https:\\\/\\\/exaudi.org\\\/\",\"name\":\"Exaudi\",\"description\":\"News\",\"potentialAction\":[{\"@type\":\"SearchAction\",\"target\":{\"@type\":\"EntryPoint\",\"urlTemplate\":\"https:\\\/\\\/exaudi.org\\\/?s={search_term_string}\"},\"query-input\":{\"@type\":\"PropertyValueSpecification\",\"valueRequired\":true,\"valueName\":\"search_term_string\"}}],\"inLanguage\":\"it-IT\"},{\"@type\":\"Person\",\"@id\":\"https:\\\/\\\/exaudi.org\\\/#\\\/schema\\\/person\\\/036aa1cfc8cb49829af5d777f3965ad7\",\"name\":\"Alejandro Fontana\",\"image\":{\"@type\":\"ImageObject\",\"inLanguage\":\"it-IT\",\"@id\":\"https:\\\/\\\/secure.gravatar.com\\\/avatar\\\/288eb00d08e23df21f6e88a59ea2dd3df4566ed7b431ac0bcf3fbf94354fa324?s=96&d=mm&r=g\",\"url\":\"https:\\\/\\\/secure.gravatar.com\\\/avatar\\\/288eb00d08e23df21f6e88a59ea2dd3df4566ed7b431ac0bcf3fbf94354fa324?s=96&d=mm&r=g\",\"contentUrl\":\"https:\\\/\\\/secure.gravatar.com\\\/avatar\\\/288eb00d08e23df21f6e88a59ea2dd3df4566ed7b431ac0bcf3fbf94354fa324?s=96&d=mm&r=g\",\"caption\":\"Alejandro Fontana\"},\"description\":\"Profesor de Direcci\u00f3n General y Control Directivo. Consultor en Direcci\u00f3n General para empresas y organizaciones c\u00edvicas. Doctorado en Planificaci\u00f3n y Desarrollo; M\u00e1ster en Organizaciones y Comportamiento Humano; M.B.A. y M.E. en Ingenier\u00eda Civil. Miembro del grupo de investigaci\u00f3n GESPLAN de la Universidad Polit\u00e9cnica de Madrid. \u00c1reas de inter\u00e9s: cooperaci\u00f3n horizontal; relaci\u00f3n empresa-sociedad civil; negocios internacionales y an\u00e1lisis de estrategias empresariales.\",\"url\":\"https:\\\/\\\/exaudi.org\\\/it\\\/author\\\/alejandrofontana\\\/\"}]}<\/script>\n<!-- \/ Yoast SEO plugin. -->","yoast_head_json":{"title":"Sensibilit\u00e0 nella gestione: il muscolo dimenticato della leadership significativa &#8211; Exaudi","robots":{"index":"index","follow":"follow","max-snippet":"max-snippet:-1","max-image-preview":"max-image-preview:large","max-video-preview":"max-video-preview:-1"},"canonical":"https:\/\/exaudi.org\/it\/sensibilita-nella-gestione-il-muscolo-dimenticato-della-leadership-significativa\/","og_locale":"it_IT","og_type":"article","og_title":"Sensibilit\u00e0 nella gestione: il muscolo dimenticato della leadership significativa &#8211; Exaudi","og_description":"Sensibilit\u00e0 nella gestione: il muscolo dimenticato della leadership significativa","og_url":"https:\/\/exaudi.org\/it\/sensibilita-nella-gestione-il-muscolo-dimenticato-della-leadership-significativa\/","og_site_name":"Exaudi","article_publisher":"https:\/\/www.facebook.com\/ExaudiNews","article_published_time":"2025-04-08T17:56:34+00:00","og_image":[{"width":2560,"height":1707,"url":"https:\/\/exaudi.org\/wp-content\/uploads\/2025\/04\/pexels-olly-3760774-scaled.jpg","type":"image\/jpeg"}],"author":"Alejandro Fontana","twitter_card":"summary_large_image","twitter_creator":"@Exaudi_News","twitter_site":"@Exaudi_News","twitter_misc":{"Scritto da":"Alejandro Fontana","Tempo di lettura stimato":"3 minuti"},"schema":{"@context":"https:\/\/schema.org","@graph":[{"@type":"Article","@id":"https:\/\/exaudi.org\/it\/sensibilita-nella-gestione-il-muscolo-dimenticato-della-leadership-significativa\/#article","isPartOf":{"@id":"https:\/\/exaudi.org\/it\/sensibilita-nella-gestione-il-muscolo-dimenticato-della-leadership-significativa\/"},"author":{"name":"Alejandro Fontana","@id":"https:\/\/exaudi.org\/#\/schema\/person\/036aa1cfc8cb49829af5d777f3965ad7"},"headline":"Sensibilit\u00e0 nella gestione: il muscolo dimenticato della leadership significativa","datePublished":"2025-04-08T17:56:34+00:00","mainEntityOfPage":{"@id":"https:\/\/exaudi.org\/it\/sensibilita-nella-gestione-il-muscolo-dimenticato-della-leadership-significativa\/"},"wordCount":592,"image":{"@id":"https:\/\/exaudi.org\/it\/sensibilita-nella-gestione-il-muscolo-dimenticato-della-leadership-significativa\/#primaryimage"},"thumbnailUrl":"https:\/\/exaudi.org\/wp-content\/uploads\/2025\/04\/pexels-olly-3760774-scaled.jpg","keywords":["Alessandro Fontana","autocontrollo","autofagia","benessere fisico ed emotivo","benessere globale","beni superiori","decisioni consapevoli","digiuno intermittente","EDUCAZIONE AI VALORI","equilibrio emotivo","fame","Featured","formazione dei giovani","gestione dell'istinto","il processo decisionale","IMPEGNO","impulso sensibile","istinti umani","leadership significativa","maturazione personale","meccanismi emozionali","neurogenesi","personalit\u00e0 umana","riflessione etica","salute cardiovascolare","sensibilit\u00e0 nella gestione chiave","sensibilit\u00e0 umana","SOGNO","sopravvivenza individuale e collettiva","SVILUPPO PERSONALE"],"articleSection":["Voci"],"inLanguage":"it-IT"},{"@type":"WebPage","@id":"https:\/\/exaudi.org\/it\/sensibilita-nella-gestione-il-muscolo-dimenticato-della-leadership-significativa\/","url":"https:\/\/exaudi.org\/it\/sensibilita-nella-gestione-il-muscolo-dimenticato-della-leadership-significativa\/","name":"Sensibilit\u00e0 nella gestione: il muscolo dimenticato della leadership significativa &#8211; Exaudi","isPartOf":{"@id":"https:\/\/exaudi.org\/#website"},"primaryImageOfPage":{"@id":"https:\/\/exaudi.org\/it\/sensibilita-nella-gestione-il-muscolo-dimenticato-della-leadership-significativa\/#primaryimage"},"image":{"@id":"https:\/\/exaudi.org\/it\/sensibilita-nella-gestione-il-muscolo-dimenticato-della-leadership-significativa\/#primaryimage"},"thumbnailUrl":"https:\/\/exaudi.org\/wp-content\/uploads\/2025\/04\/pexels-olly-3760774-scaled.jpg","datePublished":"2025-04-08T17:56:34+00:00","author":{"@id":"https:\/\/exaudi.org\/#\/schema\/person\/036aa1cfc8cb49829af5d777f3965ad7"},"breadcrumb":{"@id":"https:\/\/exaudi.org\/it\/sensibilita-nella-gestione-il-muscolo-dimenticato-della-leadership-significativa\/#breadcrumb"},"inLanguage":"it-IT","potentialAction":[{"@type":"ReadAction","target":["https:\/\/exaudi.org\/it\/sensibilita-nella-gestione-il-muscolo-dimenticato-della-leadership-significativa\/"]}]},{"@type":"ImageObject","inLanguage":"it-IT","@id":"https:\/\/exaudi.org\/it\/sensibilita-nella-gestione-il-muscolo-dimenticato-della-leadership-significativa\/#primaryimage","url":"https:\/\/exaudi.org\/wp-content\/uploads\/2025\/04\/pexels-olly-3760774-scaled.jpg","contentUrl":"https:\/\/exaudi.org\/wp-content\/uploads\/2025\/04\/pexels-olly-3760774-scaled.jpg","width":2560,"height":1707,"caption":"Pexels . Andrea Piacquadio"},{"@type":"BreadcrumbList","@id":"https:\/\/exaudi.org\/it\/sensibilita-nella-gestione-il-muscolo-dimenticato-della-leadership-significativa\/#breadcrumb","itemListElement":[{"@type":"ListItem","position":1,"name":"Portada","item":"https:\/\/exaudi.org\/it\/"},{"@type":"ListItem","position":2,"name":"Sensibilit\u00e0 nella gestione: il muscolo dimenticato della leadership significativa"}]},{"@type":"WebSite","@id":"https:\/\/exaudi.org\/#website","url":"https:\/\/exaudi.org\/","name":"Exaudi","description":"News","potentialAction":[{"@type":"SearchAction","target":{"@type":"EntryPoint","urlTemplate":"https:\/\/exaudi.org\/?s={search_term_string}"},"query-input":{"@type":"PropertyValueSpecification","valueRequired":true,"valueName":"search_term_string"}}],"inLanguage":"it-IT"},{"@type":"Person","@id":"https:\/\/exaudi.org\/#\/schema\/person\/036aa1cfc8cb49829af5d777f3965ad7","name":"Alejandro Fontana","image":{"@type":"ImageObject","inLanguage":"it-IT","@id":"https:\/\/secure.gravatar.com\/avatar\/288eb00d08e23df21f6e88a59ea2dd3df4566ed7b431ac0bcf3fbf94354fa324?s=96&d=mm&r=g","url":"https:\/\/secure.gravatar.com\/avatar\/288eb00d08e23df21f6e88a59ea2dd3df4566ed7b431ac0bcf3fbf94354fa324?s=96&d=mm&r=g","contentUrl":"https:\/\/secure.gravatar.com\/avatar\/288eb00d08e23df21f6e88a59ea2dd3df4566ed7b431ac0bcf3fbf94354fa324?s=96&d=mm&r=g","caption":"Alejandro Fontana"},"description":"Profesor de Direcci\u00f3n General y Control Directivo. Consultor en Direcci\u00f3n General para empresas y organizaciones c\u00edvicas. Doctorado en Planificaci\u00f3n y Desarrollo; M\u00e1ster en Organizaciones y Comportamiento Humano; M.B.A. y M.E. en Ingenier\u00eda Civil. Miembro del grupo de investigaci\u00f3n GESPLAN de la Universidad Polit\u00e9cnica de Madrid. \u00c1reas de inter\u00e9s: cooperaci\u00f3n horizontal; relaci\u00f3n empresa-sociedad civil; negocios internacionales y an\u00e1lisis de estrategias empresariales.","url":"https:\/\/exaudi.org\/it\/author\/alejandrofontana\/"}]}},"jetpack_featured_media_url":"https:\/\/exaudi.org\/wp-content\/uploads\/2025\/04\/pexels-olly-3760774-scaled.jpg","jetpack_shortlink":"https:\/\/wp.me\/pgKjF2-w3X","_links":{"self":[{"href":"https:\/\/exaudi.org\/it\/wp-json\/wp\/v2\/posts\/123253","targetHints":{"allow":["GET"]}}],"collection":[{"href":"https:\/\/exaudi.org\/it\/wp-json\/wp\/v2\/posts"}],"about":[{"href":"https:\/\/exaudi.org\/it\/wp-json\/wp\/v2\/types\/post"}],"author":[{"embeddable":true,"href":"https:\/\/exaudi.org\/it\/wp-json\/wp\/v2\/users\/57"}],"replies":[{"embeddable":true,"href":"https:\/\/exaudi.org\/it\/wp-json\/wp\/v2\/comments?post=123253"}],"version-history":[{"count":0,"href":"https:\/\/exaudi.org\/it\/wp-json\/wp\/v2\/posts\/123253\/revisions"}],"wp:featuredmedia":[{"embeddable":true,"href":"https:\/\/exaudi.org\/it\/wp-json\/wp\/v2\/media\/123107"}],"wp:attachment":[{"href":"https:\/\/exaudi.org\/it\/wp-json\/wp\/v2\/media?parent=123253"}],"wp:term":[{"taxonomy":"category","embeddable":true,"href":"https:\/\/exaudi.org\/it\/wp-json\/wp\/v2\/categories?post=123253"},{"taxonomy":"post_tag","embeddable":true,"href":"https:\/\/exaudi.org\/it\/wp-json\/wp\/v2\/tags?post=123253"}],"curies":[{"name":"wp","href":"https:\/\/api.w.org\/{rel}","templated":true}]}}