{"id":123200,"date":"2025-04-08T13:35:33","date_gmt":"2025-04-08T11:35:33","guid":{"rendered":"https:\/\/exaudi.org\/?p=123200"},"modified":"2025-04-14T10:08:14","modified_gmt":"2025-04-14T08:08:14","slug":"universita-santa-croce-giornata-santita-laicale","status":"publish","type":"post","link":"https:\/\/exaudi.org\/it\/universita-santa-croce-giornata-santita-laicale\/","title":{"rendered":"Universit\u00e0 della Santa Croce: una giornata sulla santit\u00e0 laicale"},"content":{"rendered":"<p>In occasione del Giubileo degli Ammalati e del Mondo della Sanit\u00e0 (5 &#8211; 6 aprile 2025), il 3 aprile 2025, presso la Pontificia Universit\u00e0 della Santa Croce, ha avuto luogo la terza giornata dedicata alla santit\u00e0 laicale, sul tema: &#8220;Santit\u00e0 e professioni sanitarie&#8221;.<\/p>\n<p>La giornata \u00e8 iniziata con l\u2019intervento di mons. Fabio Fabene, segretario del Dicastero delle Cause dei Santi, che ha sottolineato un fatto importante: la storia della Chiesa \u00e8 una storia di carit\u00e0, soprattutto verso i malati e i pi\u00f9 fragili. La cura degli ammalati \u00e8 stata parte integrante della missione cristiana, incarnata da santi e beati che hanno saputo unire competenza medica e amore evangelico come dimostrano Vittorio Trancanelli, Ernesto Cofi\u00f1o, Enzo Piccinini, Stanis\u0142awa Leszczy\u0144ska, J\u00e9r\u00f4me Lejeune, Jos\u00e9 G\u00e1lvez Ginachero, i quali \u201coltre alle cure mediche, hanno saputo con la loro vicinanza infondere speranza e luce nel momento buio della malattia, aiutando le persone a scoprire il senso profondo e cristiano della sofferenza\u201d \u2013 ha detto mons. Fabene. \u201cAnche noi oggi, in questo Giubileo della Speranza, dobbiamo muovere i nostri cuori e i nostri passi per organizzare la speranza a favore dei malati e dei fragili\u201d &#8211; ha concluso il segretario del Dicasteri delle Cause dei Santi.<\/p>\n<p>Del legame tra santit\u00e0 e professioni sanitarie dalla prospettiva teologica ha parlato il professore della Pontificia Universit\u00e0 della Santa Croce don Mart\u0131n\u00a0Luque, concentrandosi sulle tre parole: servizio, senso e speranza. Il professore ha sottolineato che \u201cla malattia mette in crisi l\u2019amore e la fede, facendo emergere il senso di solitudine e di fragilit\u00e0 dell\u2019essere umano\u201d. Da qui il valore unico dei sei venerabili e Servi di Dio Vittorio Trancanelli, Ernesto Cofi\u00f1o, Enzo Piccinini, Stanis\u0142awa Leszczy\u0144ska, J\u00e9r\u00f4me Lejeune, Jos\u00e9 G\u00e1lvez Ginachero: per loro \u201ccontatto con i malati non \u00e8 stato percepito semplicemente come una prestazione professionale, ma come un servizio amorevole capace di offrire un orizzonte di senso alla propria condizione di sofferenza e di riaprire cos\u00ec la possibilit\u00e0 della speranza\u201d.<\/p>\n<p>Invece delle cure palliativa ha parlato Chiara Mastroianni, professoressa di Scienze Infermieristiche Generali, Cliniche e Pediatriche presso la Link Campus University. Le cure palliative sono state presentate come un approccio alla cura che va oltre il trattamento dei sintomi: un accompagnamento che mette al centro la persona nella sua totalit\u00e0, soprattutto quando la guarigione non \u00e8 pi\u00f9 possibile. Secondo la professoressa Mastroianni, \u201cle cura palliativa sono \u2018arte dell\u2019esistere\u2019, perch\u00e9 permettono di donare senso e significato alla vita, anche nel tempo della prova\u201d.<\/p>\n<p>Nella seconda parte delle Giornata si \u00e8 svolta la tavola rotonda, con gli interventi riguardanti i sei venerabili e Servi di Dio.<\/p>\n<p>Del venerabile Vittorio Trancanelli ha parlato Enrico Solinas, postulatore della sua causa di beatificazione. Dott. Trancanelli, chiamato \u201cil santo della camera operatoria\u201d, era \u201cun medico amorevolmente sollecito verso i malati, padre dal cuore aperto all&#8217;accoglienza di bambini in difficolt\u00e0, uomo animato da profonda fede\u201d.<\/p>\n<p>Invece il venerabile Ernesto Cofi\u00f1o \u00e8 considerato il padre della pediatria nel Guatemala. Come ha sottolineato il suo postulatore rev. Santiago Callejo, dott. Cofi\u00f1o \u201ccercava sempre soluzioni ai problemi e credeva nel rispetto umano gi\u00e0 dagli inizi della vita\u201d.<\/p>\n<p>La storia del Servo di Dio Enzo Piccinini, medico specializzato in chirurgia generale \u00e8 stata raccontata dalla figlia, Chiara Piccinini.<\/p>\n<p>La testimonianza sulla serva di Dio <a href=\"https:\/\/exaudi.org\/it\/non-saro-mai-erode-per-gli-innocenti\/\" target=\"_blank\" rel=\"noopener\">Stanis\u0142awa Leszczy\u0144ska<\/a> \u00e8 stata fatta dal suo biografo <a href=\"https:\/\/exaudi.org\/it\/author\/wlodzimierzredzioc\/\" target=\"_blank\" rel=\"noopener\">Wlodzimierz Redzioch<\/a>. Stanis\u0142awa fu un\u2019ostetrica polacca che visse parte della sua vita nel terribile periodo della Seconda guerra mondiale e che, durante i due anni trascorsi nel campo di concentramento di Auschwitz-Birkenau, aiut\u00f2 le donne rinchiuse nel campo a partorire i loro bambini.<\/p>\n<p>La figura del grande medico e genetista francese J\u00e9r\u00f4me Lejeune \u00e8 stata ricordata dal postulatore R\u00e9mi Bazin. Il professore, oggi venerabile, fu un medico e ricercatore francese e dedic\u00f2 la vita alla cura dei bambini con sindrome di Down. \u201cMedico per passione, divenne ricercatore per necessit\u00e0\u201d e testimoni\u00f2 con coraggio la dignit\u00e0 inviolabile di ogni vita umana.<\/p>\n<p>La vita del servo di Dio Jos\u00e9 G\u00e1lvez Ginachero, grande medico e attivista sociale spagnolo, \u00e8 stata ricordata dal postulatore Salvador Aguilera L\u00f3pez. Egli fu medico ma anche per un certo periodo sindaco di Malaga; fu pioniere in Spagna per aver eseguito un parto post-mortem e fond\u00f2 un ospedale per i pi\u00f9 poveri. Come ha sottolineato il postulatore, il medico, da cattolico fervente, \u201cvisse la professione come servizio\u201d.<\/p>\n<p><iframe loading=\"lazy\" title=\"Giornata di studio su &quot;Santit\u00e0 e professioni sanitarie&quot;, 3 aprile 2025\" width=\"500\" height=\"281\" src=\"https:\/\/www.youtube.com\/embed\/aVplSAR1WZs?feature=oembed\" frameborder=\"0\" allow=\"accelerometer; autoplay; clipboard-write; encrypted-media; gyroscope; picture-in-picture; web-share\" referrerpolicy=\"strict-origin-when-cross-origin\" allowfullscreen><\/iframe><\/p>\n","protected":false},"excerpt":{"rendered":"<p>Santit\u00e0 nel mondo della sanit\u00e0<\/p>\n","protected":false},"author":85,"featured_media":123202,"comment_status":"closed","ping_status":"closed","sticky":false,"template":"","format":"standard","meta":{"_acf_changed":false,"_crdt_document":"","inline_featured_image":false,"footnotes":""},"categories":[73],"tags":[20288,53067,1005,53061,53060,53055,53054,53063,53050,53068,53048,53049,11673,53057,53051,53062,53065,13994,53066,53064,53052,53047,53046,53059,14752,53056,53058,32704,4952,53045,53053,14924],"class_list":["post-123200","post","type-post","status-publish","format-standard","has-post-thumbnail","hentry","category-chiesa-e-mondo","tag-carita-cristiana","tag-cattolicesimo-e-salute","tag-cause-dei-santi","tag-chiara-mastroianni","tag-cure-palliative-cristiane","tag-enzo-piccinini","tag-ernesto-cofino-2","tag-etica-sanitaria-cattolica","tag-fabio-fabene","tag-giornata-santita-laicale-2025","tag-giubileo-degli-ammalati-2025","tag-giubileo-sanita-2025","tag-jerome-lejeune-2","tag-jose-galvez-ginachero","tag-malattia-e-fede","tag-medicina-e-santita","tag-medicina-e-vocazione","tag-pontificia-universita-della-santa-croce-di-roma","tag-professioni-sanitarie-e-fede","tag-santi-contemporanei","tag-santi-e-sanita","tag-santita-e-professioni-sanitarie","tag-santita-laicale","tag-senso-della-sofferenza","tag-speranza-cristiana","tag-stanislawa-leszczynska","tag-teologia-e-salute","tag-testimonianze-di-fede","tag-trending-it","tag-universita-della-santa-croce","tag-vittorio-trancanelli","tag-wlodzimierz-redzioch"],"acf":[],"yoast_head":"<!-- This site is optimized with the Yoast SEO plugin v27.5 - https:\/\/yoast.com\/product\/yoast-seo-wordpress\/ -->\n<title>Universit\u00e0 della Santa Croce: una giornata sulla santit\u00e0 laicale &#8211; Exaudi<\/title>\n<meta name=\"robots\" content=\"index, follow, max-snippet:-1, max-image-preview:large, max-video-preview:-1\" \/>\n<link rel=\"canonical\" href=\"https:\/\/exaudi.org\/it\/universita-santa-croce-giornata-santita-laicale\/\" \/>\n<meta property=\"og:locale\" content=\"it_IT\" \/>\n<meta property=\"og:type\" content=\"article\" \/>\n<meta property=\"og:title\" content=\"Universit\u00e0 della Santa Croce: una giornata sulla santit\u00e0 laicale &#8211; Exaudi\" \/>\n<meta property=\"og:description\" content=\"Santit\u00e0 nel mondo della sanit\u00e0\" \/>\n<meta property=\"og:url\" content=\"https:\/\/exaudi.org\/it\/universita-santa-croce-giornata-santita-laicale\/\" \/>\n<meta property=\"og:site_name\" content=\"Exaudi\" \/>\n<meta property=\"article:publisher\" content=\"https:\/\/www.facebook.com\/ExaudiNews\" \/>\n<meta property=\"article:published_time\" content=\"2025-04-08T11:35:33+00:00\" \/>\n<meta property=\"article:modified_time\" content=\"2025-04-14T08:08:14+00:00\" \/>\n<meta property=\"og:image\" content=\"https:\/\/exaudi.org\/wp-content\/uploads\/2025\/04\/UPSC.jpg\" \/>\n\t<meta property=\"og:image:width\" content=\"1133\" \/>\n\t<meta property=\"og:image:height\" content=\"636\" \/>\n\t<meta property=\"og:image:type\" content=\"image\/jpeg\" \/>\n<meta name=\"author\" content=\"Wlodzimierz Redzioch\" \/>\n<meta name=\"twitter:card\" content=\"summary_large_image\" \/>\n<meta name=\"twitter:creator\" content=\"@Exaudi_News\" \/>\n<meta name=\"twitter:site\" content=\"@Exaudi_News\" \/>\n<meta name=\"twitter:label1\" content=\"Scritto da\" \/>\n\t<meta name=\"twitter:data1\" content=\"Wlodzimierz Redzioch\" \/>\n\t<meta name=\"twitter:label2\" content=\"Tempo di lettura stimato\" \/>\n\t<meta name=\"twitter:data2\" content=\"4 minuti\" \/>\n<script type=\"application\/ld+json\" class=\"yoast-schema-graph\">{\"@context\":\"https:\\\/\\\/schema.org\",\"@graph\":[{\"@type\":\"Article\",\"@id\":\"https:\\\/\\\/exaudi.org\\\/it\\\/universita-santa-croce-giornata-santita-laicale\\\/#article\",\"isPartOf\":{\"@id\":\"https:\\\/\\\/exaudi.org\\\/it\\\/universita-santa-croce-giornata-santita-laicale\\\/\"},\"author\":{\"name\":\"Wlodzimierz Redzioch\",\"@id\":\"https:\\\/\\\/exaudi.org\\\/#\\\/schema\\\/person\\\/558b6cc7524c4488c69704f46c2578e0\"},\"headline\":\"Universit\u00e0 della Santa Croce: una giornata sulla santit\u00e0 laicale\",\"datePublished\":\"2025-04-08T11:35:33+00:00\",\"dateModified\":\"2025-04-14T08:08:14+00:00\",\"mainEntityOfPage\":{\"@id\":\"https:\\\/\\\/exaudi.org\\\/it\\\/universita-santa-croce-giornata-santita-laicale\\\/\"},\"wordCount\":739,\"image\":{\"@id\":\"https:\\\/\\\/exaudi.org\\\/it\\\/universita-santa-croce-giornata-santita-laicale\\\/#primaryimage\"},\"thumbnailUrl\":\"https:\\\/\\\/exaudi.org\\\/wp-content\\\/uploads\\\/2025\\\/04\\\/UPSC.jpg\",\"keywords\":[\"CARIT\u00c0 CRISTIANA\",\"cattolicesimo e salute\",\"cause dei santi\",\"chiara mastroianni\",\"cure palliative cristiane\",\"enzo piccinini\",\"ernesto cofi\u00f1o\",\"etica sanitaria cattolica\",\"fabio fabene\",\"giornata santit\u00e0 laicale 2025\",\"giubileo degli ammalati 2025\",\"giubileo sanit\u00e0 2025\",\"J\u00c9R\u00d4ME LEJEUNE\",\"jos\u00e9 g\u00e1lvez ginachero\",\"malattia e fede\",\"medicina e santit\u00e0\",\"medicina e vocazione\",\"PONTIFICIA UNIVERSIT\u00c0 DELLA SANTA CROCE DI ROMA\",\"professioni sanitarie e fede\",\"santi contemporanei\",\"santi e sanit\u00e0\",\"santit\u00e0 e professioni sanitarie\",\"santit\u00e0 laicale\",\"senso della sofferenza\",\"SPERANZA CRISTIANA\",\"stanis\u0142awa leszczy\u0144ska\",\"teologia e salute\",\"testimonianze di fede\",\"Trending\",\"universit\u00e0 della santa croce\",\"vittorio trancanelli\",\"Wlodzimierz Redzioch\"],\"articleSection\":[\"Chiesa e Mondo\"],\"inLanguage\":\"it-IT\"},{\"@type\":\"WebPage\",\"@id\":\"https:\\\/\\\/exaudi.org\\\/it\\\/universita-santa-croce-giornata-santita-laicale\\\/\",\"url\":\"https:\\\/\\\/exaudi.org\\\/it\\\/universita-santa-croce-giornata-santita-laicale\\\/\",\"name\":\"Universit\u00e0 della Santa Croce: una giornata sulla santit\u00e0 laicale &#8211; Exaudi\",\"isPartOf\":{\"@id\":\"https:\\\/\\\/exaudi.org\\\/#website\"},\"primaryImageOfPage\":{\"@id\":\"https:\\\/\\\/exaudi.org\\\/it\\\/universita-santa-croce-giornata-santita-laicale\\\/#primaryimage\"},\"image\":{\"@id\":\"https:\\\/\\\/exaudi.org\\\/it\\\/universita-santa-croce-giornata-santita-laicale\\\/#primaryimage\"},\"thumbnailUrl\":\"https:\\\/\\\/exaudi.org\\\/wp-content\\\/uploads\\\/2025\\\/04\\\/UPSC.jpg\",\"datePublished\":\"2025-04-08T11:35:33+00:00\",\"dateModified\":\"2025-04-14T08:08:14+00:00\",\"author\":{\"@id\":\"https:\\\/\\\/exaudi.org\\\/#\\\/schema\\\/person\\\/558b6cc7524c4488c69704f46c2578e0\"},\"breadcrumb\":{\"@id\":\"https:\\\/\\\/exaudi.org\\\/it\\\/universita-santa-croce-giornata-santita-laicale\\\/#breadcrumb\"},\"inLanguage\":\"it-IT\",\"potentialAction\":[{\"@type\":\"ReadAction\",\"target\":[\"https:\\\/\\\/exaudi.org\\\/it\\\/universita-santa-croce-giornata-santita-laicale\\\/\"]}]},{\"@type\":\"ImageObject\",\"inLanguage\":\"it-IT\",\"@id\":\"https:\\\/\\\/exaudi.org\\\/it\\\/universita-santa-croce-giornata-santita-laicale\\\/#primaryimage\",\"url\":\"https:\\\/\\\/exaudi.org\\\/wp-content\\\/uploads\\\/2025\\\/04\\\/UPSC.jpg\",\"contentUrl\":\"https:\\\/\\\/exaudi.org\\\/wp-content\\\/uploads\\\/2025\\\/04\\\/UPSC.jpg\",\"width\":1133,\"height\":636},{\"@type\":\"BreadcrumbList\",\"@id\":\"https:\\\/\\\/exaudi.org\\\/it\\\/universita-santa-croce-giornata-santita-laicale\\\/#breadcrumb\",\"itemListElement\":[{\"@type\":\"ListItem\",\"position\":1,\"name\":\"Portada\",\"item\":\"https:\\\/\\\/exaudi.org\\\/it\\\/\"},{\"@type\":\"ListItem\",\"position\":2,\"name\":\"Universit\u00e0 della Santa Croce: una giornata sulla santit\u00e0 laicale\"}]},{\"@type\":\"WebSite\",\"@id\":\"https:\\\/\\\/exaudi.org\\\/#website\",\"url\":\"https:\\\/\\\/exaudi.org\\\/\",\"name\":\"Exaudi\",\"description\":\"News\",\"potentialAction\":[{\"@type\":\"SearchAction\",\"target\":{\"@type\":\"EntryPoint\",\"urlTemplate\":\"https:\\\/\\\/exaudi.org\\\/?s={search_term_string}\"},\"query-input\":{\"@type\":\"PropertyValueSpecification\",\"valueRequired\":true,\"valueName\":\"search_term_string\"}}],\"inLanguage\":\"it-IT\"},{\"@type\":\"Person\",\"@id\":\"https:\\\/\\\/exaudi.org\\\/#\\\/schema\\\/person\\\/558b6cc7524c4488c69704f46c2578e0\",\"name\":\"Wlodzimierz Redzioch\",\"image\":{\"@type\":\"ImageObject\",\"inLanguage\":\"it-IT\",\"@id\":\"https:\\\/\\\/secure.gravatar.com\\\/avatar\\\/6d24a03e044ad402c01b933d454ac413e287e5a6d92238dd5d98c5c6073d9b49?s=96&d=mm&r=g\",\"url\":\"https:\\\/\\\/secure.gravatar.com\\\/avatar\\\/6d24a03e044ad402c01b933d454ac413e287e5a6d92238dd5d98c5c6073d9b49?s=96&d=mm&r=g\",\"contentUrl\":\"https:\\\/\\\/secure.gravatar.com\\\/avatar\\\/6d24a03e044ad402c01b933d454ac413e287e5a6d92238dd5d98c5c6073d9b49?s=96&d=mm&r=g\",\"caption\":\"Wlodzimierz Redzioch\"},\"description\":\"Wlodzimierz Redzioch \u00e8 nato a Czestochowa (Polonia), si \u00e8 laureato in Ingegneria nel Politecnico. Dopo aver continuato gli studi nell\u2019Universit\u00e0 di Varsavia, presso l\u2019Istituto degli Studi africani, nel 1980 ha lavorato presso il Centro per i pellegrini polacchi a Roma. Dal 1981 al 2012 ha lavorato presso L\u2019Osservatore romano. Dal 1995 collabora con il settimanale cattolico polacco Niedziela come corrispondente dal Vaticano e dall\u2019Italia. Per la sua attivit\u00e0 di vaticanista il 23 settembre 2000 ha ricevuto in Polonia il premio cattolico per il giornalismo \u00abMater Verbi\u00bb; mentre il 14 luglio 2006 Sua Santit\u00e0 Benedetto XVI gli ha conferito il titolo di commendatore dell\u2019Ordine di San Silvestro papa. Autore prolifico, ha scritto diversi volumi sul Vaticano e guide ai due principali santuari mariani: Lourdes e Fatima. Promotore in Polonia del pellegrinaggio a Santiago de Compostela. In occasione della canonizzazione di Giovanni Paolo II ha pubblicato il libro \u201cAccanto a Giovanni Paolo II. Gli amici e i collaboratori raccontano\u201d (Edizioni Ares, Milano 2014), con 22 interviste, compresa la testimonianza d\u2019eccezione di Papa emerito Benedetto XVI. Nel 2024, per commemorare il 40mo anniversario dell\u2019assassinio di don Jerzy Popie\u0142uszko, ha pubblicato la sua biografia \u201cJerzy Popie\u0142uszko. Martire del comunismo\u201d (Edizioni Ares Milano 2024).\",\"url\":\"https:\\\/\\\/exaudi.org\\\/it\\\/author\\\/wlodzimierzredzioc\\\/\"}]}<\/script>\n<!-- \/ Yoast SEO plugin. -->","yoast_head_json":{"title":"Universit\u00e0 della Santa Croce: una giornata sulla santit\u00e0 laicale &#8211; Exaudi","robots":{"index":"index","follow":"follow","max-snippet":"max-snippet:-1","max-image-preview":"max-image-preview:large","max-video-preview":"max-video-preview:-1"},"canonical":"https:\/\/exaudi.org\/it\/universita-santa-croce-giornata-santita-laicale\/","og_locale":"it_IT","og_type":"article","og_title":"Universit\u00e0 della Santa Croce: una giornata sulla santit\u00e0 laicale &#8211; Exaudi","og_description":"Santit\u00e0 nel mondo della sanit\u00e0","og_url":"https:\/\/exaudi.org\/it\/universita-santa-croce-giornata-santita-laicale\/","og_site_name":"Exaudi","article_publisher":"https:\/\/www.facebook.com\/ExaudiNews","article_published_time":"2025-04-08T11:35:33+00:00","article_modified_time":"2025-04-14T08:08:14+00:00","og_image":[{"width":1133,"height":636,"url":"https:\/\/exaudi.org\/wp-content\/uploads\/2025\/04\/UPSC.jpg","type":"image\/jpeg"}],"author":"Wlodzimierz Redzioch","twitter_card":"summary_large_image","twitter_creator":"@Exaudi_News","twitter_site":"@Exaudi_News","twitter_misc":{"Scritto da":"Wlodzimierz Redzioch","Tempo di lettura stimato":"4 minuti"},"schema":{"@context":"https:\/\/schema.org","@graph":[{"@type":"Article","@id":"https:\/\/exaudi.org\/it\/universita-santa-croce-giornata-santita-laicale\/#article","isPartOf":{"@id":"https:\/\/exaudi.org\/it\/universita-santa-croce-giornata-santita-laicale\/"},"author":{"name":"Wlodzimierz Redzioch","@id":"https:\/\/exaudi.org\/#\/schema\/person\/558b6cc7524c4488c69704f46c2578e0"},"headline":"Universit\u00e0 della Santa Croce: una giornata sulla santit\u00e0 laicale","datePublished":"2025-04-08T11:35:33+00:00","dateModified":"2025-04-14T08:08:14+00:00","mainEntityOfPage":{"@id":"https:\/\/exaudi.org\/it\/universita-santa-croce-giornata-santita-laicale\/"},"wordCount":739,"image":{"@id":"https:\/\/exaudi.org\/it\/universita-santa-croce-giornata-santita-laicale\/#primaryimage"},"thumbnailUrl":"https:\/\/exaudi.org\/wp-content\/uploads\/2025\/04\/UPSC.jpg","keywords":["CARIT\u00c0 CRISTIANA","cattolicesimo e salute","cause dei santi","chiara mastroianni","cure palliative cristiane","enzo piccinini","ernesto cofi\u00f1o","etica sanitaria cattolica","fabio fabene","giornata santit\u00e0 laicale 2025","giubileo degli ammalati 2025","giubileo sanit\u00e0 2025","J\u00c9R\u00d4ME LEJEUNE","jos\u00e9 g\u00e1lvez ginachero","malattia e fede","medicina e santit\u00e0","medicina e vocazione","PONTIFICIA UNIVERSIT\u00c0 DELLA SANTA CROCE DI ROMA","professioni sanitarie e fede","santi contemporanei","santi e sanit\u00e0","santit\u00e0 e professioni sanitarie","santit\u00e0 laicale","senso della sofferenza","SPERANZA CRISTIANA","stanis\u0142awa leszczy\u0144ska","teologia e salute","testimonianze di fede","Trending","universit\u00e0 della santa croce","vittorio trancanelli","Wlodzimierz Redzioch"],"articleSection":["Chiesa e Mondo"],"inLanguage":"it-IT"},{"@type":"WebPage","@id":"https:\/\/exaudi.org\/it\/universita-santa-croce-giornata-santita-laicale\/","url":"https:\/\/exaudi.org\/it\/universita-santa-croce-giornata-santita-laicale\/","name":"Universit\u00e0 della Santa Croce: una giornata sulla santit\u00e0 laicale &#8211; Exaudi","isPartOf":{"@id":"https:\/\/exaudi.org\/#website"},"primaryImageOfPage":{"@id":"https:\/\/exaudi.org\/it\/universita-santa-croce-giornata-santita-laicale\/#primaryimage"},"image":{"@id":"https:\/\/exaudi.org\/it\/universita-santa-croce-giornata-santita-laicale\/#primaryimage"},"thumbnailUrl":"https:\/\/exaudi.org\/wp-content\/uploads\/2025\/04\/UPSC.jpg","datePublished":"2025-04-08T11:35:33+00:00","dateModified":"2025-04-14T08:08:14+00:00","author":{"@id":"https:\/\/exaudi.org\/#\/schema\/person\/558b6cc7524c4488c69704f46c2578e0"},"breadcrumb":{"@id":"https:\/\/exaudi.org\/it\/universita-santa-croce-giornata-santita-laicale\/#breadcrumb"},"inLanguage":"it-IT","potentialAction":[{"@type":"ReadAction","target":["https:\/\/exaudi.org\/it\/universita-santa-croce-giornata-santita-laicale\/"]}]},{"@type":"ImageObject","inLanguage":"it-IT","@id":"https:\/\/exaudi.org\/it\/universita-santa-croce-giornata-santita-laicale\/#primaryimage","url":"https:\/\/exaudi.org\/wp-content\/uploads\/2025\/04\/UPSC.jpg","contentUrl":"https:\/\/exaudi.org\/wp-content\/uploads\/2025\/04\/UPSC.jpg","width":1133,"height":636},{"@type":"BreadcrumbList","@id":"https:\/\/exaudi.org\/it\/universita-santa-croce-giornata-santita-laicale\/#breadcrumb","itemListElement":[{"@type":"ListItem","position":1,"name":"Portada","item":"https:\/\/exaudi.org\/it\/"},{"@type":"ListItem","position":2,"name":"Universit\u00e0 della Santa Croce: una giornata sulla santit\u00e0 laicale"}]},{"@type":"WebSite","@id":"https:\/\/exaudi.org\/#website","url":"https:\/\/exaudi.org\/","name":"Exaudi","description":"News","potentialAction":[{"@type":"SearchAction","target":{"@type":"EntryPoint","urlTemplate":"https:\/\/exaudi.org\/?s={search_term_string}"},"query-input":{"@type":"PropertyValueSpecification","valueRequired":true,"valueName":"search_term_string"}}],"inLanguage":"it-IT"},{"@type":"Person","@id":"https:\/\/exaudi.org\/#\/schema\/person\/558b6cc7524c4488c69704f46c2578e0","name":"Wlodzimierz Redzioch","image":{"@type":"ImageObject","inLanguage":"it-IT","@id":"https:\/\/secure.gravatar.com\/avatar\/6d24a03e044ad402c01b933d454ac413e287e5a6d92238dd5d98c5c6073d9b49?s=96&d=mm&r=g","url":"https:\/\/secure.gravatar.com\/avatar\/6d24a03e044ad402c01b933d454ac413e287e5a6d92238dd5d98c5c6073d9b49?s=96&d=mm&r=g","contentUrl":"https:\/\/secure.gravatar.com\/avatar\/6d24a03e044ad402c01b933d454ac413e287e5a6d92238dd5d98c5c6073d9b49?s=96&d=mm&r=g","caption":"Wlodzimierz Redzioch"},"description":"Wlodzimierz Redzioch \u00e8 nato a Czestochowa (Polonia), si \u00e8 laureato in Ingegneria nel Politecnico. Dopo aver continuato gli studi nell\u2019Universit\u00e0 di Varsavia, presso l\u2019Istituto degli Studi africani, nel 1980 ha lavorato presso il Centro per i pellegrini polacchi a Roma. Dal 1981 al 2012 ha lavorato presso L\u2019Osservatore romano. Dal 1995 collabora con il settimanale cattolico polacco Niedziela come corrispondente dal Vaticano e dall\u2019Italia. Per la sua attivit\u00e0 di vaticanista il 23 settembre 2000 ha ricevuto in Polonia il premio cattolico per il giornalismo \u00abMater Verbi\u00bb; mentre il 14 luglio 2006 Sua Santit\u00e0 Benedetto XVI gli ha conferito il titolo di commendatore dell\u2019Ordine di San Silvestro papa. Autore prolifico, ha scritto diversi volumi sul Vaticano e guide ai due principali santuari mariani: Lourdes e Fatima. Promotore in Polonia del pellegrinaggio a Santiago de Compostela. In occasione della canonizzazione di Giovanni Paolo II ha pubblicato il libro \u201cAccanto a Giovanni Paolo II. Gli amici e i collaboratori raccontano\u201d (Edizioni Ares, Milano 2014), con 22 interviste, compresa la testimonianza d\u2019eccezione di Papa emerito Benedetto XVI. Nel 2024, per commemorare il 40mo anniversario dell\u2019assassinio di don Jerzy Popie\u0142uszko, ha pubblicato la sua biografia \u201cJerzy Popie\u0142uszko. Martire del comunismo\u201d (Edizioni Ares Milano 2024).","url":"https:\/\/exaudi.org\/it\/author\/wlodzimierzredzioc\/"}]}},"jetpack_featured_media_url":"https:\/\/exaudi.org\/wp-content\/uploads\/2025\/04\/UPSC.jpg","jetpack_shortlink":"https:\/\/wp.me\/pgKjF2-w36","_links":{"self":[{"href":"https:\/\/exaudi.org\/it\/wp-json\/wp\/v2\/posts\/123200","targetHints":{"allow":["GET"]}}],"collection":[{"href":"https:\/\/exaudi.org\/it\/wp-json\/wp\/v2\/posts"}],"about":[{"href":"https:\/\/exaudi.org\/it\/wp-json\/wp\/v2\/types\/post"}],"author":[{"embeddable":true,"href":"https:\/\/exaudi.org\/it\/wp-json\/wp\/v2\/users\/85"}],"replies":[{"embeddable":true,"href":"https:\/\/exaudi.org\/it\/wp-json\/wp\/v2\/comments?post=123200"}],"version-history":[{"count":0,"href":"https:\/\/exaudi.org\/it\/wp-json\/wp\/v2\/posts\/123200\/revisions"}],"wp:featuredmedia":[{"embeddable":true,"href":"https:\/\/exaudi.org\/it\/wp-json\/wp\/v2\/media\/123202"}],"wp:attachment":[{"href":"https:\/\/exaudi.org\/it\/wp-json\/wp\/v2\/media?parent=123200"}],"wp:term":[{"taxonomy":"category","embeddable":true,"href":"https:\/\/exaudi.org\/it\/wp-json\/wp\/v2\/categories?post=123200"},{"taxonomy":"post_tag","embeddable":true,"href":"https:\/\/exaudi.org\/it\/wp-json\/wp\/v2\/tags?post=123200"}],"curies":[{"name":"wp","href":"https:\/\/api.w.org\/{rel}","templated":true}]}}