{"id":12319,"date":"2021-04-19T17:46:44","date_gmt":"2021-04-19T15:46:44","guid":{"rendered":"https:\/\/exaudi.org\/?p=12319"},"modified":"2021-04-19T17:46:44","modified_gmt":"2021-04-19T15:46:44","slug":"insorti-del-ghetto-simbolo-della-lotta-per-la-liberta","status":"publish","type":"post","link":"https:\/\/exaudi.org\/it\/insorti-del-ghetto-simbolo-della-lotta-per-la-liberta\/","title":{"rendered":"&#8220;Insorti del Ghetto simbolo della lotta per la libert\u00e0&#8221;"},"content":{"rendered":"<p>&#8220;L&#8217;anniversario della rivolta del ghetto di Varsavia \u00e8 un appello ad amare il prossimo, per il rispetto e il riconoscimento della dignit\u00e0 di ogni essere umano. Ci ricorda inequivocabilmente che, alla luce del Vangelo, ogni manifestazione di odio e di aggressione, compreso l&#8217;antisemitismo, \u00e8 un peccato\u201d. Lo ha detto il presidente del Comitato episcopale polacco per il dialogo con l&#8217;ebraismo Rafa\u0142 Markowski, sottolineando che gli insorti del Ghetto sono un simbolo della lotta per la libert\u00e0. L\u2019Ufficio per la Comunicazione Estera della Conferenza Episcopale Polacca ha diffuso il suo messaggio nel 78\u00b0 anniversario della rivolta del ghetto di Varsavia contro l&#8217;occupazione nazista della Polonia.<\/p>\n<p>L&#8217;insurrezione scoppi\u00f2 il 19 aprile. La battaglia degli ebrei tra le mura del ghetto dur\u00f2 fino al 16 maggio 1943. I caduti furono almeno 13.000, i superstiti furono deportati nei campi di concentramento e i nazisti rasero al suolo il ghetto.<\/p>\n<h4>Rivolta contro un piano demoniaco<\/h4>\n<p>Il presidente del Comitato Episcopale per il Dialogo con l&#8217;Ebraismo aggiunge che la rivolta del ghetto di Varsavia fu un eroico tentativo di contrastare &#8220;il piano demoniaco di sterminare l&#8217;intero popolo ebraico&#8221;. &#8220;Gli occupanti tedeschi avevano iniziato ad uccidere gli abitanti del ghetto di Varsavia due giorni prima della pi\u00f9 importante festa ebraica, la Pasqua, e la fine dello sterminio degli ebrei nella capitale fu simboleggiata dalla distruzione della Grande Sinagoga in via T\u0142omackie&#8221;.<\/p>\n<p>Il vescovo Markowski sostiene che gli insorti del ghetto di Varsavia mostrarono eroismo, una grande volont\u00e0 di vivere e forza d&#8217;animo. &#8220;Sono un simbolo della lotta per la libert\u00e0. Lo esprime in maniera commovente uno degli slogan della rivolta: \u2018Se sopravviveremo, lo faremo solo come persone libere; e, se questo \u00e8 impossibile, allora come persone libere moriremo. Conquisteremo la morte in battaglia\u2019. Oggi ricordiamo i nostri fratelli e sorelle morti nel ghetto in circostanze scioccanti. Ricordiamo tutti i deportati nei campi di sterminio, nelle camere a gas a Treblinka, Majdanek e in altri luoghi simili&#8221; scrive.<\/p>\n<h4>La campagna dei narcisi<\/h4>\n<figure id=\"attachment_12290\" aria-describedby=\"caption-attachment-12290\" style=\"width: 300px\" class=\"wp-caption alignnone\"><img loading=\"lazy\" decoding=\"async\" class=\"size-medium wp-image-12290\" src=\"https:\/\/exaudi.org\/wp-content\/uploads\/2021\/04\/03-monuments_warsaw_umschlagplatz_credit_sr_Amata_CSFN-1-300x225.jpg\" alt=\"Rivolta Ghetto \" width=\"300\" height=\"225\" srcset=\"https:\/\/exaudi.org\/wp-content\/uploads\/2021\/04\/03-monuments_warsaw_umschlagplatz_credit_sr_Amata_CSFN-1-300x225.jpg 300w, https:\/\/exaudi.org\/wp-content\/uploads\/2021\/04\/03-monuments_warsaw_umschlagplatz_credit_sr_Amata_CSFN-1-1024x769.jpg 1024w, https:\/\/exaudi.org\/wp-content\/uploads\/2021\/04\/03-monuments_warsaw_umschlagplatz_credit_sr_Amata_CSFN-1-768x577.jpg 768w, https:\/\/exaudi.org\/wp-content\/uploads\/2021\/04\/03-monuments_warsaw_umschlagplatz_credit_sr_Amata_CSFN-1-150x113.jpg 150w, https:\/\/exaudi.org\/wp-content\/uploads\/2021\/04\/03-monuments_warsaw_umschlagplatz_credit_sr_Amata_CSFN-1-696x522.jpg 696w, https:\/\/exaudi.org\/wp-content\/uploads\/2021\/04\/03-monuments_warsaw_umschlagplatz_credit_sr_Amata_CSFN-1-1068x802.jpg 1068w, https:\/\/exaudi.org\/wp-content\/uploads\/2021\/04\/03-monuments_warsaw_umschlagplatz_credit_sr_Amata_CSFN-1-560x420.jpg 560w, https:\/\/exaudi.org\/wp-content\/uploads\/2021\/04\/03-monuments_warsaw_umschlagplatz_credit_sr_Amata_CSFN-1-80x60.jpg 80w, https:\/\/exaudi.org\/wp-content\/uploads\/2021\/04\/03-monuments_warsaw_umschlagplatz_credit_sr_Amata_CSFN-1-265x198.jpg 265w, https:\/\/exaudi.org\/wp-content\/uploads\/2021\/04\/03-monuments_warsaw_umschlagplatz_credit_sr_Amata_CSFN-1.jpg 1127w\" sizes=\"auto, (max-width: 300px) 100vw, 300px\" \/><figcaption id=\"caption-attachment-12290\" class=\"wp-caption-text\">Il monumento Umschlagplatz a Varsavia. Credit: Sr. Amata CSFN<\/figcaption><\/figure>\n<p>Markowski evoca anche i bellissimi narcisi che sbocciano vicino al muro, al monumento Umschlagplatz in via Stawki a Varsavia. Sono un simbolo del ricordo di quei tragici eventi e delle persone eroiche che persero la vita in difesa della loro dignit\u00e0 e libert\u00e0. &#8220;Vorrei ringraziare tutti coloro che si sono uniti alla campagna dei &#8216;Narcisi&#8217; per commemorare gli eroi della rivolta del ghetto. In questo modo, sottolineiamo anche l&#8217;importanza della comunit\u00e0 e della solidariet\u00e0, la necessit\u00e0 di un dialogo al di l\u00e0 delle differenze, come dice il motto che accompagna questa campagna: &#8220;Uniti dalla memoria&#8221;<\/p>\n<h4>Il no al razzismo di S. Giovanni Paolo II a Yad Vashem<\/h4>\n<p>Il vescovo ricorda infine le parole di San Giovanni Paolo II che, parlando nel marzo 2000 al Centro Yad Vashem di Gerusalemme, disse: &#8220;La Chiesa rifiuta il razzismo in qualsiasi forma come negazione dell&#8217;immagine del Creatore insita in ogni essere umano&#8221;. D&#8217;altra parte, a Varsavia, il Papa polacco ci ha ricordato il legame della storia della nostra Patria, creato da ciascuno dei suoi figli e figlie negli ultimi mille anni. Afferm\u00f2 che &#8220;Tutto ci\u00f2 &#8211; compresa la storia dei popoli che hanno vissuto con noi e tra noi, come coloro che sono morti a migliaia tra le mura del ghetto di Varsavia (&#8230;). Tutto ci\u00f2 abbraccio nel pensiero e nel mio cuore durante questa Eucaristia e lo includo in questo unico santo sacrificio di Cristo, in Piazza della Vittoria&#8221; ha concluso Markowski.<\/p>\n","protected":false},"excerpt":{"rendered":"<p>Messaggio del presidente del Comitato episcopale polacco per il dialogo con l&#8217;ebraismo a 78 anni dalla rivolta<\/p>\n","protected":false},"author":17,"featured_media":12297,"comment_status":"closed","ping_status":"closed","sticky":false,"template":"","format":"standard","meta":{"_acf_changed":false,"_crdt_document":"","inline_featured_image":false,"footnotes":""},"categories":[73,297],"tags":[1784,1782,1671,1785,1787,1786,1783],"class_list":["post-12319","post","type-post","status-publish","format-standard","has-post-thumbnail","hentry","category-chiesa-e-mondo","category-ultime-notizie","tag-ebrei","tag-ghetto","tag-giovanni-paolo-ii","tag-nazismo","tag-polonia","tag-sterminio","tag-varsavia"],"acf":[],"yoast_head":"<!-- This site is optimized with the Yoast SEO plugin v27.4 - https:\/\/yoast.com\/product\/yoast-seo-wordpress\/ -->\n<title>&quot;Insorti del Ghetto simbolo della lotta per la libert\u00e0&quot; &#8211; Exaudi<\/title>\n<meta name=\"description\" content=\"78 anni fa la rivolta nel ghetto di Varsavia: messaggio del presidente del Comitato episcopale polacco per il dialogo con l&#039;ebraismo\" \/>\n<meta name=\"robots\" content=\"index, follow, max-snippet:-1, max-image-preview:large, max-video-preview:-1\" \/>\n<link rel=\"canonical\" href=\"https:\/\/exaudi.org\/it\/insorti-del-ghetto-simbolo-della-lotta-per-la-liberta\/\" \/>\n<meta property=\"og:locale\" content=\"it_IT\" \/>\n<meta property=\"og:type\" content=\"article\" \/>\n<meta property=\"og:title\" content=\"&quot;Insorti del Ghetto simbolo della lotta per la libert\u00e0&quot; &#8211; Exaudi\" \/>\n<meta property=\"og:description\" content=\"78 anni fa la rivolta nel ghetto di Varsavia: messaggio del presidente del Comitato episcopale polacco per il dialogo con l&#039;ebraismo\" \/>\n<meta property=\"og:url\" content=\"https:\/\/exaudi.org\/it\/insorti-del-ghetto-simbolo-della-lotta-per-la-liberta\/\" \/>\n<meta property=\"og:site_name\" content=\"Exaudi\" \/>\n<meta property=\"article:publisher\" content=\"https:\/\/www.facebook.com\/ExaudiNews\" \/>\n<meta property=\"article:author\" content=\"https:\/\/www.facebook.com\/ExaudiNotizie\/\" \/>\n<meta property=\"article:published_time\" content=\"2021-04-19T15:46:44+00:00\" \/>\n<meta property=\"og:image\" content=\"https:\/\/exaudi.org\/wp-content\/uploads\/2021\/04\/01-Warsaw_Ghetto_Uprising-1943_credit_Wikimedia_public_domain-1.jpg\" \/>\n\t<meta property=\"og:image:width\" content=\"1660\" \/>\n\t<meta property=\"og:image:height\" content=\"1179\" \/>\n\t<meta property=\"og:image:type\" content=\"image\/jpeg\" \/>\n<meta name=\"author\" content=\"Exaudi Redazione\" \/>\n<meta name=\"twitter:card\" content=\"summary_large_image\" \/>\n<meta name=\"twitter:creator\" content=\"@Exaudi_Notizie\" \/>\n<meta name=\"twitter:site\" content=\"@Exaudi_News\" \/>\n<meta name=\"twitter:label1\" content=\"Scritto da\" \/>\n\t<meta name=\"twitter:data1\" content=\"Exaudi Redazione\" \/>\n\t<meta name=\"twitter:label2\" content=\"Tempo di lettura stimato\" \/>\n\t<meta name=\"twitter:data2\" content=\"3 minuti\" \/>\n<script type=\"application\/ld+json\" class=\"yoast-schema-graph\">{\"@context\":\"https:\\\/\\\/schema.org\",\"@graph\":[{\"@type\":\"Article\",\"@id\":\"https:\\\/\\\/exaudi.org\\\/it\\\/insorti-del-ghetto-simbolo-della-lotta-per-la-liberta\\\/#article\",\"isPartOf\":{\"@id\":\"https:\\\/\\\/exaudi.org\\\/it\\\/insorti-del-ghetto-simbolo-della-lotta-per-la-liberta\\\/\"},\"author\":{\"name\":\"Exaudi Redazione\",\"@id\":\"https:\\\/\\\/exaudi.org\\\/#\\\/schema\\\/person\\\/e1ab6ed07c01774724dd96f925f3a5f0\"},\"headline\":\"&#8220;Insorti del Ghetto simbolo della lotta per la libert\u00e0&#8221;\",\"datePublished\":\"2021-04-19T15:46:44+00:00\",\"mainEntityOfPage\":{\"@id\":\"https:\\\/\\\/exaudi.org\\\/it\\\/insorti-del-ghetto-simbolo-della-lotta-per-la-liberta\\\/\"},\"wordCount\":591,\"image\":{\"@id\":\"https:\\\/\\\/exaudi.org\\\/it\\\/insorti-del-ghetto-simbolo-della-lotta-per-la-liberta\\\/#primaryimage\"},\"thumbnailUrl\":\"https:\\\/\\\/exaudi.org\\\/wp-content\\\/uploads\\\/2021\\\/04\\\/01-Warsaw_Ghetto_Uprising-1943_credit_Wikimedia_public_domain-1.jpg\",\"keywords\":[\"ebrei\",\"Ghetto\",\"Giovanni Paolo II\",\"nazismo\",\"Polonia\",\"sterminio\",\"Varsavia\"],\"articleSection\":[\"Chiesa e Mondo\",\"Ultime Notizie\"],\"inLanguage\":\"it-IT\"},{\"@type\":\"WebPage\",\"@id\":\"https:\\\/\\\/exaudi.org\\\/it\\\/insorti-del-ghetto-simbolo-della-lotta-per-la-liberta\\\/\",\"url\":\"https:\\\/\\\/exaudi.org\\\/it\\\/insorti-del-ghetto-simbolo-della-lotta-per-la-liberta\\\/\",\"name\":\"\\\"Insorti del Ghetto simbolo della lotta per la libert\u00e0\\\" &#8211; Exaudi\",\"isPartOf\":{\"@id\":\"https:\\\/\\\/exaudi.org\\\/#website\"},\"primaryImageOfPage\":{\"@id\":\"https:\\\/\\\/exaudi.org\\\/it\\\/insorti-del-ghetto-simbolo-della-lotta-per-la-liberta\\\/#primaryimage\"},\"image\":{\"@id\":\"https:\\\/\\\/exaudi.org\\\/it\\\/insorti-del-ghetto-simbolo-della-lotta-per-la-liberta\\\/#primaryimage\"},\"thumbnailUrl\":\"https:\\\/\\\/exaudi.org\\\/wp-content\\\/uploads\\\/2021\\\/04\\\/01-Warsaw_Ghetto_Uprising-1943_credit_Wikimedia_public_domain-1.jpg\",\"datePublished\":\"2021-04-19T15:46:44+00:00\",\"author\":{\"@id\":\"https:\\\/\\\/exaudi.org\\\/#\\\/schema\\\/person\\\/e1ab6ed07c01774724dd96f925f3a5f0\"},\"description\":\"78 anni fa la rivolta nel ghetto di Varsavia: messaggio del presidente del Comitato episcopale polacco per il dialogo con l'ebraismo\",\"breadcrumb\":{\"@id\":\"https:\\\/\\\/exaudi.org\\\/it\\\/insorti-del-ghetto-simbolo-della-lotta-per-la-liberta\\\/#breadcrumb\"},\"inLanguage\":\"it-IT\",\"potentialAction\":[{\"@type\":\"ReadAction\",\"target\":[\"https:\\\/\\\/exaudi.org\\\/it\\\/insorti-del-ghetto-simbolo-della-lotta-per-la-liberta\\\/\"]}]},{\"@type\":\"ImageObject\",\"inLanguage\":\"it-IT\",\"@id\":\"https:\\\/\\\/exaudi.org\\\/it\\\/insorti-del-ghetto-simbolo-della-lotta-per-la-liberta\\\/#primaryimage\",\"url\":\"https:\\\/\\\/exaudi.org\\\/wp-content\\\/uploads\\\/2021\\\/04\\\/01-Warsaw_Ghetto_Uprising-1943_credit_Wikimedia_public_domain-1.jpg\",\"contentUrl\":\"https:\\\/\\\/exaudi.org\\\/wp-content\\\/uploads\\\/2021\\\/04\\\/01-Warsaw_Ghetto_Uprising-1943_credit_Wikimedia_public_domain-1.jpg\",\"width\":1660,\"height\":1179,\"caption\":\"Rastrellamento nel ghetto di Varsavia. Photo J\u00fcrgen Stroop Report to Heinrich Himmler from May 1943. Credit to: Wikimedia (public domain)\"},{\"@type\":\"BreadcrumbList\",\"@id\":\"https:\\\/\\\/exaudi.org\\\/it\\\/insorti-del-ghetto-simbolo-della-lotta-per-la-liberta\\\/#breadcrumb\",\"itemListElement\":[{\"@type\":\"ListItem\",\"position\":1,\"name\":\"Portada\",\"item\":\"https:\\\/\\\/exaudi.org\\\/it\\\/\"},{\"@type\":\"ListItem\",\"position\":2,\"name\":\"&#8220;Insorti del Ghetto simbolo della lotta per la libert\u00e0&#8221;\"}]},{\"@type\":\"WebSite\",\"@id\":\"https:\\\/\\\/exaudi.org\\\/#website\",\"url\":\"https:\\\/\\\/exaudi.org\\\/\",\"name\":\"Exaudi\",\"description\":\"News\",\"potentialAction\":[{\"@type\":\"SearchAction\",\"target\":{\"@type\":\"EntryPoint\",\"urlTemplate\":\"https:\\\/\\\/exaudi.org\\\/?s={search_term_string}\"},\"query-input\":{\"@type\":\"PropertyValueSpecification\",\"valueRequired\":true,\"valueName\":\"search_term_string\"}}],\"inLanguage\":\"it-IT\"},{\"@type\":\"Person\",\"@id\":\"https:\\\/\\\/exaudi.org\\\/#\\\/schema\\\/person\\\/e1ab6ed07c01774724dd96f925f3a5f0\",\"name\":\"Exaudi Redazione\",\"image\":{\"@type\":\"ImageObject\",\"inLanguage\":\"it-IT\",\"@id\":\"https:\\\/\\\/secure.gravatar.com\\\/avatar\\\/ad6774b3ada023bf5b939d64f45c94b3adf91502dd883507d469b4308a943bb3?s=96&d=mm&r=g\",\"url\":\"https:\\\/\\\/secure.gravatar.com\\\/avatar\\\/ad6774b3ada023bf5b939d64f45c94b3adf91502dd883507d469b4308a943bb3?s=96&d=mm&r=g\",\"contentUrl\":\"https:\\\/\\\/secure.gravatar.com\\\/avatar\\\/ad6774b3ada023bf5b939d64f45c94b3adf91502dd883507d469b4308a943bb3?s=96&d=mm&r=g\",\"caption\":\"Exaudi Redazione\"},\"description\":\"Che cosa \u00e8 Exaudi News? Exaudi News \u00e8 un agenzia cattolica internazionale che informa, istruisce e trasforma quotidianamente in spagnolo, inglese e italiano. Attraverso notizie, articoli di analisi e trasmissioni in diretta degli eventi del Papa, Exaudi cerca di rafforzare l'unit\u00e0 dei cristiani e di contribuire all'evangelizzazione del mondo, sempre guidato dalla dottrina sociale della Chiesa. Lavoriamo per portare la verit\u00e0 e i valori cristiani in ogni angolo del pianeta. Aiutaci a trasformare il mondo con Exaudi! Noi di Exaudi crediamo che l'evangelizzazione e l'informazione di qualit\u00e0 possano cambiare la vita. Per continuare la nostra missione ed espandere la nostra portata, abbiamo bisogno del tuo aiuto. Stiamo anche cercando persone motivate che vogliano unirsi al nostro team. Grazie al vostro sostegno raggiungeremo pi\u00f9 persone, diffonderemo il messaggio di Cristo e rafforzeremo l'unit\u00e0 dei cristiani. Vuoi unirti alla nostra missione? Per maggiori informazioni su come contribuire, visita Exaudi.org\\\/it o contattaci direttamente: info@exaudi.org Exaudi: informa, forma e trasforma.\",\"sameAs\":[\"https:\\\/\\\/www.facebook.com\\\/ExaudiNotizie\\\/\",\"https:\\\/\\\/www.instagram.com\\\/Exaudi_notizie\\\/\",\"https:\\\/\\\/x.com\\\/Exaudi_Notizie\",\"https:\\\/\\\/www.youtube.com\\\/@exaudicatholicnews\"],\"url\":\"https:\\\/\\\/exaudi.org\\\/it\\\/author\\\/dlvedi-org\\\/\"}]}<\/script>\n<!-- \/ Yoast SEO plugin. -->","yoast_head_json":{"title":"\"Insorti del Ghetto simbolo della lotta per la libert\u00e0\" &#8211; Exaudi","description":"78 anni fa la rivolta nel ghetto di Varsavia: messaggio del presidente del Comitato episcopale polacco per il dialogo con l'ebraismo","robots":{"index":"index","follow":"follow","max-snippet":"max-snippet:-1","max-image-preview":"max-image-preview:large","max-video-preview":"max-video-preview:-1"},"canonical":"https:\/\/exaudi.org\/it\/insorti-del-ghetto-simbolo-della-lotta-per-la-liberta\/","og_locale":"it_IT","og_type":"article","og_title":"\"Insorti del Ghetto simbolo della lotta per la libert\u00e0\" &#8211; Exaudi","og_description":"78 anni fa la rivolta nel ghetto di Varsavia: messaggio del presidente del Comitato episcopale polacco per il dialogo con l'ebraismo","og_url":"https:\/\/exaudi.org\/it\/insorti-del-ghetto-simbolo-della-lotta-per-la-liberta\/","og_site_name":"Exaudi","article_publisher":"https:\/\/www.facebook.com\/ExaudiNews","article_author":"https:\/\/www.facebook.com\/ExaudiNotizie\/","article_published_time":"2021-04-19T15:46:44+00:00","og_image":[{"width":1660,"height":1179,"url":"https:\/\/exaudi.org\/wp-content\/uploads\/2021\/04\/01-Warsaw_Ghetto_Uprising-1943_credit_Wikimedia_public_domain-1.jpg","type":"image\/jpeg"}],"author":"Exaudi Redazione","twitter_card":"summary_large_image","twitter_creator":"@Exaudi_Notizie","twitter_site":"@Exaudi_News","twitter_misc":{"Scritto da":"Exaudi Redazione","Tempo di lettura stimato":"3 minuti"},"schema":{"@context":"https:\/\/schema.org","@graph":[{"@type":"Article","@id":"https:\/\/exaudi.org\/it\/insorti-del-ghetto-simbolo-della-lotta-per-la-liberta\/#article","isPartOf":{"@id":"https:\/\/exaudi.org\/it\/insorti-del-ghetto-simbolo-della-lotta-per-la-liberta\/"},"author":{"name":"Exaudi Redazione","@id":"https:\/\/exaudi.org\/#\/schema\/person\/e1ab6ed07c01774724dd96f925f3a5f0"},"headline":"&#8220;Insorti del Ghetto simbolo della lotta per la libert\u00e0&#8221;","datePublished":"2021-04-19T15:46:44+00:00","mainEntityOfPage":{"@id":"https:\/\/exaudi.org\/it\/insorti-del-ghetto-simbolo-della-lotta-per-la-liberta\/"},"wordCount":591,"image":{"@id":"https:\/\/exaudi.org\/it\/insorti-del-ghetto-simbolo-della-lotta-per-la-liberta\/#primaryimage"},"thumbnailUrl":"https:\/\/exaudi.org\/wp-content\/uploads\/2021\/04\/01-Warsaw_Ghetto_Uprising-1943_credit_Wikimedia_public_domain-1.jpg","keywords":["ebrei","Ghetto","Giovanni Paolo II","nazismo","Polonia","sterminio","Varsavia"],"articleSection":["Chiesa e Mondo","Ultime Notizie"],"inLanguage":"it-IT"},{"@type":"WebPage","@id":"https:\/\/exaudi.org\/it\/insorti-del-ghetto-simbolo-della-lotta-per-la-liberta\/","url":"https:\/\/exaudi.org\/it\/insorti-del-ghetto-simbolo-della-lotta-per-la-liberta\/","name":"\"Insorti del Ghetto simbolo della lotta per la libert\u00e0\" &#8211; Exaudi","isPartOf":{"@id":"https:\/\/exaudi.org\/#website"},"primaryImageOfPage":{"@id":"https:\/\/exaudi.org\/it\/insorti-del-ghetto-simbolo-della-lotta-per-la-liberta\/#primaryimage"},"image":{"@id":"https:\/\/exaudi.org\/it\/insorti-del-ghetto-simbolo-della-lotta-per-la-liberta\/#primaryimage"},"thumbnailUrl":"https:\/\/exaudi.org\/wp-content\/uploads\/2021\/04\/01-Warsaw_Ghetto_Uprising-1943_credit_Wikimedia_public_domain-1.jpg","datePublished":"2021-04-19T15:46:44+00:00","author":{"@id":"https:\/\/exaudi.org\/#\/schema\/person\/e1ab6ed07c01774724dd96f925f3a5f0"},"description":"78 anni fa la rivolta nel ghetto di Varsavia: messaggio del presidente del Comitato episcopale polacco per il dialogo con l'ebraismo","breadcrumb":{"@id":"https:\/\/exaudi.org\/it\/insorti-del-ghetto-simbolo-della-lotta-per-la-liberta\/#breadcrumb"},"inLanguage":"it-IT","potentialAction":[{"@type":"ReadAction","target":["https:\/\/exaudi.org\/it\/insorti-del-ghetto-simbolo-della-lotta-per-la-liberta\/"]}]},{"@type":"ImageObject","inLanguage":"it-IT","@id":"https:\/\/exaudi.org\/it\/insorti-del-ghetto-simbolo-della-lotta-per-la-liberta\/#primaryimage","url":"https:\/\/exaudi.org\/wp-content\/uploads\/2021\/04\/01-Warsaw_Ghetto_Uprising-1943_credit_Wikimedia_public_domain-1.jpg","contentUrl":"https:\/\/exaudi.org\/wp-content\/uploads\/2021\/04\/01-Warsaw_Ghetto_Uprising-1943_credit_Wikimedia_public_domain-1.jpg","width":1660,"height":1179,"caption":"Rastrellamento nel ghetto di Varsavia. Photo J\u00fcrgen Stroop Report to Heinrich Himmler from May 1943. Credit to: Wikimedia (public domain)"},{"@type":"BreadcrumbList","@id":"https:\/\/exaudi.org\/it\/insorti-del-ghetto-simbolo-della-lotta-per-la-liberta\/#breadcrumb","itemListElement":[{"@type":"ListItem","position":1,"name":"Portada","item":"https:\/\/exaudi.org\/it\/"},{"@type":"ListItem","position":2,"name":"&#8220;Insorti del Ghetto simbolo della lotta per la libert\u00e0&#8221;"}]},{"@type":"WebSite","@id":"https:\/\/exaudi.org\/#website","url":"https:\/\/exaudi.org\/","name":"Exaudi","description":"News","potentialAction":[{"@type":"SearchAction","target":{"@type":"EntryPoint","urlTemplate":"https:\/\/exaudi.org\/?s={search_term_string}"},"query-input":{"@type":"PropertyValueSpecification","valueRequired":true,"valueName":"search_term_string"}}],"inLanguage":"it-IT"},{"@type":"Person","@id":"https:\/\/exaudi.org\/#\/schema\/person\/e1ab6ed07c01774724dd96f925f3a5f0","name":"Exaudi Redazione","image":{"@type":"ImageObject","inLanguage":"it-IT","@id":"https:\/\/secure.gravatar.com\/avatar\/ad6774b3ada023bf5b939d64f45c94b3adf91502dd883507d469b4308a943bb3?s=96&d=mm&r=g","url":"https:\/\/secure.gravatar.com\/avatar\/ad6774b3ada023bf5b939d64f45c94b3adf91502dd883507d469b4308a943bb3?s=96&d=mm&r=g","contentUrl":"https:\/\/secure.gravatar.com\/avatar\/ad6774b3ada023bf5b939d64f45c94b3adf91502dd883507d469b4308a943bb3?s=96&d=mm&r=g","caption":"Exaudi Redazione"},"description":"Che cosa \u00e8 Exaudi News? Exaudi News \u00e8 un agenzia cattolica internazionale che informa, istruisce e trasforma quotidianamente in spagnolo, inglese e italiano. Attraverso notizie, articoli di analisi e trasmissioni in diretta degli eventi del Papa, Exaudi cerca di rafforzare l'unit\u00e0 dei cristiani e di contribuire all'evangelizzazione del mondo, sempre guidato dalla dottrina sociale della Chiesa. Lavoriamo per portare la verit\u00e0 e i valori cristiani in ogni angolo del pianeta. Aiutaci a trasformare il mondo con Exaudi! Noi di Exaudi crediamo che l'evangelizzazione e l'informazione di qualit\u00e0 possano cambiare la vita. Per continuare la nostra missione ed espandere la nostra portata, abbiamo bisogno del tuo aiuto. Stiamo anche cercando persone motivate che vogliano unirsi al nostro team. Grazie al vostro sostegno raggiungeremo pi\u00f9 persone, diffonderemo il messaggio di Cristo e rafforzeremo l'unit\u00e0 dei cristiani. Vuoi unirti alla nostra missione? Per maggiori informazioni su come contribuire, visita Exaudi.org\/it o contattaci direttamente: info@exaudi.org Exaudi: informa, forma e trasforma.","sameAs":["https:\/\/www.facebook.com\/ExaudiNotizie\/","https:\/\/www.instagram.com\/Exaudi_notizie\/","https:\/\/x.com\/Exaudi_Notizie","https:\/\/www.youtube.com\/@exaudicatholicnews"],"url":"https:\/\/exaudi.org\/it\/author\/dlvedi-org\/"}]}},"jetpack_featured_media_url":"https:\/\/exaudi.org\/wp-content\/uploads\/2021\/04\/01-Warsaw_Ghetto_Uprising-1943_credit_Wikimedia_public_domain-1.jpg","jetpack_shortlink":"https:\/\/wp.me\/pgKjF2-3cH","_links":{"self":[{"href":"https:\/\/exaudi.org\/it\/wp-json\/wp\/v2\/posts\/12319","targetHints":{"allow":["GET"]}}],"collection":[{"href":"https:\/\/exaudi.org\/it\/wp-json\/wp\/v2\/posts"}],"about":[{"href":"https:\/\/exaudi.org\/it\/wp-json\/wp\/v2\/types\/post"}],"author":[{"embeddable":true,"href":"https:\/\/exaudi.org\/it\/wp-json\/wp\/v2\/users\/17"}],"replies":[{"embeddable":true,"href":"https:\/\/exaudi.org\/it\/wp-json\/wp\/v2\/comments?post=12319"}],"version-history":[{"count":0,"href":"https:\/\/exaudi.org\/it\/wp-json\/wp\/v2\/posts\/12319\/revisions"}],"wp:featuredmedia":[{"embeddable":true,"href":"https:\/\/exaudi.org\/it\/wp-json\/wp\/v2\/media\/12297"}],"wp:attachment":[{"href":"https:\/\/exaudi.org\/it\/wp-json\/wp\/v2\/media?parent=12319"}],"wp:term":[{"taxonomy":"category","embeddable":true,"href":"https:\/\/exaudi.org\/it\/wp-json\/wp\/v2\/categories?post=12319"},{"taxonomy":"post_tag","embeddable":true,"href":"https:\/\/exaudi.org\/it\/wp-json\/wp\/v2\/tags?post=12319"}],"curies":[{"name":"wp","href":"https:\/\/api.w.org\/{rel}","templated":true}]}}