{"id":123039,"date":"2025-04-06T17:41:35","date_gmt":"2025-04-06T15:41:35","guid":{"rendered":"https:\/\/exaudi.org\/?p=123039"},"modified":"2025-04-06T17:41:35","modified_gmt":"2025-04-06T15:41:35","slug":"riflessione-del-vescovo-enrique-diaz-grandi-cose-hai-fatto-per-noi-signore","status":"publish","type":"post","link":"https:\/\/exaudi.org\/it\/riflessione-del-vescovo-enrique-diaz-grandi-cose-hai-fatto-per-noi-signore\/","title":{"rendered":"Riflessione del vescovo Enrique D\u00edaz: Grandi cose hai fatto per noi, Signore"},"content":{"rendered":"<p>Il vescovo Enrique D\u00edaz D\u00edaz condivide con i lettori di Exaudi la sua riflessione sul <a href=\"https:\/\/www.dominicos.org\/predicacion\/evangelio-del-dia\/hoy\/lecturas\/\">Vangelo di questa domenica, 6 aprile 2025<\/a>, intitolato: \u201c<em>Grandi cose hai fatto per noi, Signore<\/em>\u201d.<\/p>\n<p>***<\/p>\n<p>Isaia 43:16-21: \u201c<em>Far\u00f2 qualcosa di nuovo e dar\u00f2 da bere al mio popolo<\/em>\u201d<\/p>\n<p>Salmo 125: \u201c<em>Grandi cose hai fatto per noi, Signore<\/em>\u201d<\/p>\n<p>Filippesi 3:7-14: \u201c<em>Considero tutto spazzatura, per essere conforme a Cristo nella sua morte<\/em>\u201d<\/p>\n<p>Giovanni 8:1-11: \u201c<em>Chi di voi \u00e8 senza peccato, scagli per primo la pietra<\/em>\u201d<\/p>\n<p>San Giovanni in questa domenica ci invita a prepararci molto presto alla Pasqua, rivelandoci nuove intuizioni sul giudizio e sul perdono. \u00c8 facile giudicare gli altri stando in una posizione di sicurezza. I paesi potenti condannano la violenza e il terrorismo, nonostante migliaia di persone siano cadute vittime delle loro orribili politiche. Diventano giudici dei paesi nella lotta contro il traffico di droga e tollerano e nascondono il consumo esorbitante all&#8217;interno dei propri confini. Costruiscono muri per tenere fuori gli immigrati illegali, ma sostengono sistemi economici che alimentano povert\u00e0 e fame. I grandi vertici condannano la povert\u00e0 e l&#8217;ingiustizia, in terra straniera e non nella propria! E molto vicino a casa nostra, nella nostra societ\u00e0 e nella nostra Chiesa, troviamo questi atteggiamenti farisaici che condannano gli altri e nascondono i nostri peccati. \u00c8 pi\u00f9 comodo condannare che esaminare noi stessi interiormente e dare vita.<\/p>\n<p>Gli accusatori usano la donna e il suo peccato per cercare la condanna di Ges\u00f9. Cosa ti aspetteresti come risposta da Ges\u00f9? Molto \u00e8 stato detto, perch\u00e9 il testo stesso lo suggerisce, sulla doppia intenzione degli accusatori. Non sono interessati alle donne, non credono nella loro conversione, negano loro la possibilit\u00e0 di cambiare. Con le pietre che tengono in mano vogliono seppellire non solo il passato della donna, ma anche la donna stessa e, con lei, Ges\u00f9. La donna viene messa in piedi &#8220;al centro&#8221;, come spesso avviene negli interrogatori in tribunale, ma senza offrirle la possibilit\u00e0 di difendersi. Cos\u00ec lei rimane isolata e sola e colui che interrogano \u00e8 Ges\u00f9. Rivolti verso di Lui, aspettano la Sua reazione. Il peccato che mettono tanto in discussione viene trascurato per raggiungere i loro oscuri scopi. Per condannare Ges\u00f9, ignorano la vita e la dignit\u00e0 delle donne. Un atteggiamento molto attuale: la vita delle persone non ha importanza, e vengono accusate e condannate per raggiungere i propri interessi.<\/p>\n<p>Ges\u00f9 si muove quindi su due fronti: la soluzione della trappola e il perdono della donna. Egli si pone chiaramente di fronte alla realt\u00e0 del peccato e si rivela come colui che allo stesso tempo lo smaschera e ce ne libera. La presenza del peccato \u00e8 evidente nel crimine di cui \u00e8 accusata la donna e, ancora pi\u00f9 chiaramente, nel comportamento dei farisei che la usano come pretesto e tendono una trappola a Ges\u00f9. Anche Ges\u00f9 \u00e8 solo quando la donna gli sta davanti. Non lo nasconde; Egli chiama \u201cpeccato\u201d ci\u00f2 che \u00e8 peccato. Questo \u00e8 importante in quella societ\u00e0, ma \u00e8 molto importante anche nella nostra, dove vogliamo mascherare il peccato, ci abituiamo a viverci e vogliamo scusarlo. Lo giustifichiamo in noi stessi e lo condanniamo negli altri. La comunit\u00e0 cristiana deve saper riconoscere, come Ges\u00f9, il peccato autentico che ci separa da Dio e isola i nostri fratelli. Bisogna chiamarlo col suo nome, bandirlo, ma una cosa \u00e8 bandire il peccato e un&#8217;altra \u00e8 bandire il peccatore.\u00a0 Quanto \u00e8 comodo giudicare le persone secondo criteri di sicurezza. Quanto pu\u00f2 essere ingiusto e facile appellarsi alla legge per condannare tante persone emarginate o incapaci di vivere integrate nella nostra societ\u00e0.<\/p>\n<p>Ci\u00f2 che pi\u00f9 colpisce, nel clima liturgico di questi giorni, \u00e8 scoprire come Ges\u00f9, con la sua misericordia e il suo perdono, dissolva definitivamente il passato e doni al peccatore un futuro pieno di speranza. Il cerchio degli accusatori e del peccato si spezza e rimane solo una linea invisibile che lega la donna a Ges\u00f9. Il testo non ci dice nulla dei sentimenti della donna, ma questo serve a sottolineare la gratuit\u00e0 del perdono che il Signore concede e il ruolo salvifico di Ges\u00f9. Alla visione immaginaria della donna schiacciata dalle pietre si sostituisce la stessa donna che si allontana, libera, verso un futuro che Ges\u00f9 le ha aperto. Cosa accadrebbe agli accusatori? Non ci viene pi\u00f9 detto nulla, ma almeno non hanno lapidato la donna come alcuni di noi avrebbero potuto fare. Non perch\u00e9 non abbiamo peccato, ma perch\u00e9 non siamo in grado di riconoscerlo. Cos\u00ec come per la donna, anche per gli accusatori \u00e8 un&#8217;occasione di salvezza. Certamente, per le donne si tratta di un vero e proprio passaggio dalla morte alla vita, come deve essere la conversione di ciascuna di noi. Questo \u00e8 ci\u00f2 che Ges\u00f9 ci offre in questa Quaresima. Significa rendere realt\u00e0 nella nostra vita il mistero pasquale: morte e risurrezione.<\/p>\n<p>In questo testo \u00e8 importante non condannare gli altri tanto quanto ricercare la propria conversione. Di fronte a cos\u00ec tanti giudizi e condanne facili, Ges\u00f9 ci invita a non condannare freddamente gli altri, ma a comprenderli a partire dalla nostra condotta personale. Prima di tirare pietre a qualcuno, dobbiamo saper giudicare il nostro peccato. Forse allora scopriremo che ci\u00f2 di cui molte persone hanno bisogno non \u00e8 una condanna, ma un po&#8217; di comprensione che possa aiutarle e una possibilit\u00e0 di riabilitazione. Ci\u00f2 di cui la donna adultera aveva bisogno non erano pietre, ma un cuore misericordioso e una mano che la aiutasse ad alzarsi.<\/p>\n<p>La Quaresima \u00e8 l&#8217;occasione per accogliere la misericordia di Ges\u00f9, che non \u00e8 venuto per condannare, ma per salvare; che non ci abbandona alla morte, ma ci dona nuova vita e liberazione. La Quaresima \u00e8 un tempo in cui ci mettiamo soli, sinceramente, davanti a Ges\u00f9, guardiamo alla nostra vita, sentiamo il suo sguardo onnipervadente e scopriamo la sua mano e la sua misericordia, che ci salvano dal nostro peccato e ci offrono una vita nuova.<\/p>\n<p><em>Signore Ges\u00f9, oggi che mi sento pieno di peccato, solo e isolato, voglio anche sentire la tua mano amorevole che mi solleva, mi incoraggia e mi conforta. Voglio sentire la tua voce. \u00abNeanch&#8217;io ti condanno\u00bb, voglio sentire il tuo respiro che mi invita: \u00abVa&#8217; e non peccare pi\u00f9\u00bb. Grazie, Signore, per avermi mostrato una misericordia cos\u00ec grande. Amen<\/em><\/p>\n","protected":false},"excerpt":{"rendered":"<p>Quinta domenica di Quaresima<\/p>\n","protected":false},"author":25,"featured_media":123019,"comment_status":"closed","ping_status":"closed","sticky":false,"template":"","format":"standard","meta":{"_acf_changed":false,"_crdt_document":"","inline_featured_image":false,"footnotes":""},"categories":[73,95],"tags":[10963,10964,4952,706],"class_list":["post-123039","post","type-post","status-publish","format-standard","has-post-thumbnail","hentry","category-chiesa-e-mondo","category-spiritualita","tag-enrique-diaz-2","tag-riflessione","tag-trending-it","tag-vangelo"],"acf":[],"yoast_head":"<!-- This site is optimized with the Yoast SEO plugin v27.5 - https:\/\/yoast.com\/product\/yoast-seo-wordpress\/ -->\n<title>Riflessione del vescovo Enrique D\u00edaz: Grandi cose hai fatto per noi, Signore &#8211; Exaudi<\/title>\n<meta name=\"robots\" content=\"index, follow, max-snippet:-1, max-image-preview:large, max-video-preview:-1\" \/>\n<link rel=\"canonical\" href=\"https:\/\/exaudi.org\/it\/riflessione-del-vescovo-enrique-diaz-grandi-cose-hai-fatto-per-noi-signore\/\" \/>\n<meta property=\"og:locale\" content=\"it_IT\" \/>\n<meta property=\"og:type\" content=\"article\" \/>\n<meta property=\"og:title\" content=\"Riflessione del vescovo Enrique D\u00edaz: Grandi cose hai fatto per noi, Signore &#8211; Exaudi\" \/>\n<meta property=\"og:description\" content=\"Quinta domenica di Quaresima\" \/>\n<meta property=\"og:url\" content=\"https:\/\/exaudi.org\/it\/riflessione-del-vescovo-enrique-diaz-grandi-cose-hai-fatto-per-noi-signore\/\" \/>\n<meta property=\"og:site_name\" content=\"Exaudi\" \/>\n<meta property=\"article:publisher\" content=\"https:\/\/www.facebook.com\/ExaudiNews\" \/>\n<meta property=\"article:published_time\" content=\"2025-04-06T15:41:35+00:00\" \/>\n<meta property=\"og:image\" content=\"https:\/\/exaudi.org\/wp-content\/uploads\/2025\/04\/trees-9480700_1280.webp\" \/>\n\t<meta property=\"og:image:width\" content=\"1280\" \/>\n\t<meta property=\"og:image:height\" content=\"854\" \/>\n\t<meta property=\"og:image:type\" content=\"image\/webp\" \/>\n<meta name=\"author\" content=\"Enrique D\u00edaz\" \/>\n<meta name=\"twitter:card\" content=\"summary_large_image\" \/>\n<meta name=\"twitter:creator\" content=\"@Exaudi_News\" \/>\n<meta name=\"twitter:site\" content=\"@Exaudi_News\" \/>\n<meta name=\"twitter:label1\" content=\"Scritto da\" \/>\n\t<meta name=\"twitter:data1\" content=\"Enrique D\u00edaz\" \/>\n\t<meta name=\"twitter:label2\" content=\"Tempo di lettura stimato\" \/>\n\t<meta name=\"twitter:data2\" content=\"5 minuti\" \/>\n<script type=\"application\/ld+json\" class=\"yoast-schema-graph\">{\"@context\":\"https:\\\/\\\/schema.org\",\"@graph\":[{\"@type\":\"Article\",\"@id\":\"https:\\\/\\\/exaudi.org\\\/it\\\/riflessione-del-vescovo-enrique-diaz-grandi-cose-hai-fatto-per-noi-signore\\\/#article\",\"isPartOf\":{\"@id\":\"https:\\\/\\\/exaudi.org\\\/it\\\/riflessione-del-vescovo-enrique-diaz-grandi-cose-hai-fatto-per-noi-signore\\\/\"},\"author\":{\"name\":\"Enrique D\u00edaz\",\"@id\":\"https:\\\/\\\/exaudi.org\\\/#\\\/schema\\\/person\\\/c02ffbd10830fa375f6882f7dcf1844d\"},\"headline\":\"Riflessione del vescovo Enrique D\u00edaz: Grandi cose hai fatto per noi, Signore\",\"datePublished\":\"2025-04-06T15:41:35+00:00\",\"mainEntityOfPage\":{\"@id\":\"https:\\\/\\\/exaudi.org\\\/it\\\/riflessione-del-vescovo-enrique-diaz-grandi-cose-hai-fatto-per-noi-signore\\\/\"},\"wordCount\":1031,\"image\":{\"@id\":\"https:\\\/\\\/exaudi.org\\\/it\\\/riflessione-del-vescovo-enrique-diaz-grandi-cose-hai-fatto-per-noi-signore\\\/#primaryimage\"},\"thumbnailUrl\":\"https:\\\/\\\/exaudi.org\\\/wp-content\\\/uploads\\\/2025\\\/04\\\/trees-9480700_1280.webp\",\"keywords\":[\"ENRIQUE D\u00cdAZ\",\"RIFLESSIONE\",\"Trending\",\"Vangelo\"],\"articleSection\":[\"Chiesa e Mondo\",\"Spiritualit\u00e0\"],\"inLanguage\":\"it-IT\"},{\"@type\":\"WebPage\",\"@id\":\"https:\\\/\\\/exaudi.org\\\/it\\\/riflessione-del-vescovo-enrique-diaz-grandi-cose-hai-fatto-per-noi-signore\\\/\",\"url\":\"https:\\\/\\\/exaudi.org\\\/it\\\/riflessione-del-vescovo-enrique-diaz-grandi-cose-hai-fatto-per-noi-signore\\\/\",\"name\":\"Riflessione del vescovo Enrique D\u00edaz: Grandi cose hai fatto per noi, Signore &#8211; Exaudi\",\"isPartOf\":{\"@id\":\"https:\\\/\\\/exaudi.org\\\/#website\"},\"primaryImageOfPage\":{\"@id\":\"https:\\\/\\\/exaudi.org\\\/it\\\/riflessione-del-vescovo-enrique-diaz-grandi-cose-hai-fatto-per-noi-signore\\\/#primaryimage\"},\"image\":{\"@id\":\"https:\\\/\\\/exaudi.org\\\/it\\\/riflessione-del-vescovo-enrique-diaz-grandi-cose-hai-fatto-per-noi-signore\\\/#primaryimage\"},\"thumbnailUrl\":\"https:\\\/\\\/exaudi.org\\\/wp-content\\\/uploads\\\/2025\\\/04\\\/trees-9480700_1280.webp\",\"datePublished\":\"2025-04-06T15:41:35+00:00\",\"author\":{\"@id\":\"https:\\\/\\\/exaudi.org\\\/#\\\/schema\\\/person\\\/c02ffbd10830fa375f6882f7dcf1844d\"},\"breadcrumb\":{\"@id\":\"https:\\\/\\\/exaudi.org\\\/it\\\/riflessione-del-vescovo-enrique-diaz-grandi-cose-hai-fatto-per-noi-signore\\\/#breadcrumb\"},\"inLanguage\":\"it-IT\",\"potentialAction\":[{\"@type\":\"ReadAction\",\"target\":[\"https:\\\/\\\/exaudi.org\\\/it\\\/riflessione-del-vescovo-enrique-diaz-grandi-cose-hai-fatto-per-noi-signore\\\/\"]}]},{\"@type\":\"ImageObject\",\"inLanguage\":\"it-IT\",\"@id\":\"https:\\\/\\\/exaudi.org\\\/it\\\/riflessione-del-vescovo-enrique-diaz-grandi-cose-hai-fatto-per-noi-signore\\\/#primaryimage\",\"url\":\"https:\\\/\\\/exaudi.org\\\/wp-content\\\/uploads\\\/2025\\\/04\\\/trees-9480700_1280.webp\",\"contentUrl\":\"https:\\\/\\\/exaudi.org\\\/wp-content\\\/uploads\\\/2025\\\/04\\\/trees-9480700_1280.webp\",\"width\":1280,\"height\":854,\"caption\":\"Pixabay\"},{\"@type\":\"BreadcrumbList\",\"@id\":\"https:\\\/\\\/exaudi.org\\\/it\\\/riflessione-del-vescovo-enrique-diaz-grandi-cose-hai-fatto-per-noi-signore\\\/#breadcrumb\",\"itemListElement\":[{\"@type\":\"ListItem\",\"position\":1,\"name\":\"Portada\",\"item\":\"https:\\\/\\\/exaudi.org\\\/it\\\/\"},{\"@type\":\"ListItem\",\"position\":2,\"name\":\"Riflessione del vescovo Enrique D\u00edaz: Grandi cose hai fatto per noi, Signore\"}]},{\"@type\":\"WebSite\",\"@id\":\"https:\\\/\\\/exaudi.org\\\/#website\",\"url\":\"https:\\\/\\\/exaudi.org\\\/\",\"name\":\"Exaudi\",\"description\":\"News\",\"potentialAction\":[{\"@type\":\"SearchAction\",\"target\":{\"@type\":\"EntryPoint\",\"urlTemplate\":\"https:\\\/\\\/exaudi.org\\\/?s={search_term_string}\"},\"query-input\":{\"@type\":\"PropertyValueSpecification\",\"valueRequired\":true,\"valueName\":\"search_term_string\"}}],\"inLanguage\":\"it-IT\"},{\"@type\":\"Person\",\"@id\":\"https:\\\/\\\/exaudi.org\\\/#\\\/schema\\\/person\\\/c02ffbd10830fa375f6882f7dcf1844d\",\"name\":\"Enrique D\u00edaz\",\"image\":{\"@type\":\"ImageObject\",\"inLanguage\":\"it-IT\",\"@id\":\"https:\\\/\\\/secure.gravatar.com\\\/avatar\\\/7ca10be5325a95d04b74082d68ba605aa69611eb0f68f47096cb1bc349873284?s=96&d=mm&r=g\",\"url\":\"https:\\\/\\\/secure.gravatar.com\\\/avatar\\\/7ca10be5325a95d04b74082d68ba605aa69611eb0f68f47096cb1bc349873284?s=96&d=mm&r=g\",\"contentUrl\":\"https:\\\/\\\/secure.gravatar.com\\\/avatar\\\/7ca10be5325a95d04b74082d68ba605aa69611eb0f68f47096cb1bc349873284?s=96&d=mm&r=g\",\"caption\":\"Enrique D\u00edaz\"},\"description\":\"Naci\u00f3 en Huandacareo, Michoac\u00e1n, M\u00e9xico, en 1952. Realiz\u00f3 sus estudios de Filosof\u00eda y Teolog\u00eda en el Seminario de Morelia. Ordenado di\u00e1cono el 22 de mayo de 1977, y presb\u00edtero el 23 de octubre del mismo a\u00f1o. Obtuvo la Licenciatura en Sagrada Escritura en el Pontificio Instituto B\u00edblico en Roma. Ha desarrollado m\u00faltiples encargos pastorales como el de capell\u00e1n de la rector\u00eda de las Tres Aves Mar\u00edas; responsable de la Pastoral B\u00edblica Diocesana y director de la Escuela B\u00edblica en Morelia; maestro de Biblia en el Seminario Conciliar de Morelia, p\u00e1rroco de la Parroquia de Nuestra Se\u00f1ora de Guadalupe, Col. Guadalupe, Morelia; o vicario episcopal para la Zona de Nuestra Se\u00f1ora de la Luz, P\u00e1tzcuaro. Ordenado obispo auxiliar de san Crist\u00f3bal de las Casas en 2003. En la Conferencia Episcopal form\u00f3 parte de las Comisiones de Biblia, Diaconado y Ministerios Laicales. Fue responsable de las Dimensiones de Ministerios Laicales, de Educaci\u00f3n y Cultura. Ha participado en encuentros latinoamericanos y mundiales sobre el Diaconado Permanente. Actualmente es el responsable de la Dimensi\u00f3n de Pastoral de la Cultura. Particip\u00f3 como Miembro del S\u00ednodo de Obispos sobre la Palabra de Dios en la Vida y Misi\u00f3n de la Iglesia en Roma, en 2008. Recibi\u00f3 el nombramiento de obispo coadjutor de San Crist\u00f3bal de las Casas en 2014. Nombrado II obispo de Irapuato el d\u00eda 11 de marzo, tom\u00f3 posesi\u00f3n el 19 de Mayo. Colabora en varias revistas y publicaciones sobre todo con la reflexi\u00f3n diaria y dominical tanto en audio como escrita.\",\"url\":\"https:\\\/\\\/exaudi.org\\\/it\\\/author\\\/enriquediaz\\\/\"}]}<\/script>\n<!-- \/ Yoast SEO plugin. -->","yoast_head_json":{"title":"Riflessione del vescovo Enrique D\u00edaz: Grandi cose hai fatto per noi, Signore &#8211; Exaudi","robots":{"index":"index","follow":"follow","max-snippet":"max-snippet:-1","max-image-preview":"max-image-preview:large","max-video-preview":"max-video-preview:-1"},"canonical":"https:\/\/exaudi.org\/it\/riflessione-del-vescovo-enrique-diaz-grandi-cose-hai-fatto-per-noi-signore\/","og_locale":"it_IT","og_type":"article","og_title":"Riflessione del vescovo Enrique D\u00edaz: Grandi cose hai fatto per noi, Signore &#8211; Exaudi","og_description":"Quinta domenica di Quaresima","og_url":"https:\/\/exaudi.org\/it\/riflessione-del-vescovo-enrique-diaz-grandi-cose-hai-fatto-per-noi-signore\/","og_site_name":"Exaudi","article_publisher":"https:\/\/www.facebook.com\/ExaudiNews","article_published_time":"2025-04-06T15:41:35+00:00","og_image":[{"width":1280,"height":854,"url":"https:\/\/exaudi.org\/wp-content\/uploads\/2025\/04\/trees-9480700_1280.webp","type":"image\/webp"}],"author":"Enrique D\u00edaz","twitter_card":"summary_large_image","twitter_creator":"@Exaudi_News","twitter_site":"@Exaudi_News","twitter_misc":{"Scritto da":"Enrique D\u00edaz","Tempo di lettura stimato":"5 minuti"},"schema":{"@context":"https:\/\/schema.org","@graph":[{"@type":"Article","@id":"https:\/\/exaudi.org\/it\/riflessione-del-vescovo-enrique-diaz-grandi-cose-hai-fatto-per-noi-signore\/#article","isPartOf":{"@id":"https:\/\/exaudi.org\/it\/riflessione-del-vescovo-enrique-diaz-grandi-cose-hai-fatto-per-noi-signore\/"},"author":{"name":"Enrique D\u00edaz","@id":"https:\/\/exaudi.org\/#\/schema\/person\/c02ffbd10830fa375f6882f7dcf1844d"},"headline":"Riflessione del vescovo Enrique D\u00edaz: Grandi cose hai fatto per noi, Signore","datePublished":"2025-04-06T15:41:35+00:00","mainEntityOfPage":{"@id":"https:\/\/exaudi.org\/it\/riflessione-del-vescovo-enrique-diaz-grandi-cose-hai-fatto-per-noi-signore\/"},"wordCount":1031,"image":{"@id":"https:\/\/exaudi.org\/it\/riflessione-del-vescovo-enrique-diaz-grandi-cose-hai-fatto-per-noi-signore\/#primaryimage"},"thumbnailUrl":"https:\/\/exaudi.org\/wp-content\/uploads\/2025\/04\/trees-9480700_1280.webp","keywords":["ENRIQUE D\u00cdAZ","RIFLESSIONE","Trending","Vangelo"],"articleSection":["Chiesa e Mondo","Spiritualit\u00e0"],"inLanguage":"it-IT"},{"@type":"WebPage","@id":"https:\/\/exaudi.org\/it\/riflessione-del-vescovo-enrique-diaz-grandi-cose-hai-fatto-per-noi-signore\/","url":"https:\/\/exaudi.org\/it\/riflessione-del-vescovo-enrique-diaz-grandi-cose-hai-fatto-per-noi-signore\/","name":"Riflessione del vescovo Enrique D\u00edaz: Grandi cose hai fatto per noi, Signore &#8211; Exaudi","isPartOf":{"@id":"https:\/\/exaudi.org\/#website"},"primaryImageOfPage":{"@id":"https:\/\/exaudi.org\/it\/riflessione-del-vescovo-enrique-diaz-grandi-cose-hai-fatto-per-noi-signore\/#primaryimage"},"image":{"@id":"https:\/\/exaudi.org\/it\/riflessione-del-vescovo-enrique-diaz-grandi-cose-hai-fatto-per-noi-signore\/#primaryimage"},"thumbnailUrl":"https:\/\/exaudi.org\/wp-content\/uploads\/2025\/04\/trees-9480700_1280.webp","datePublished":"2025-04-06T15:41:35+00:00","author":{"@id":"https:\/\/exaudi.org\/#\/schema\/person\/c02ffbd10830fa375f6882f7dcf1844d"},"breadcrumb":{"@id":"https:\/\/exaudi.org\/it\/riflessione-del-vescovo-enrique-diaz-grandi-cose-hai-fatto-per-noi-signore\/#breadcrumb"},"inLanguage":"it-IT","potentialAction":[{"@type":"ReadAction","target":["https:\/\/exaudi.org\/it\/riflessione-del-vescovo-enrique-diaz-grandi-cose-hai-fatto-per-noi-signore\/"]}]},{"@type":"ImageObject","inLanguage":"it-IT","@id":"https:\/\/exaudi.org\/it\/riflessione-del-vescovo-enrique-diaz-grandi-cose-hai-fatto-per-noi-signore\/#primaryimage","url":"https:\/\/exaudi.org\/wp-content\/uploads\/2025\/04\/trees-9480700_1280.webp","contentUrl":"https:\/\/exaudi.org\/wp-content\/uploads\/2025\/04\/trees-9480700_1280.webp","width":1280,"height":854,"caption":"Pixabay"},{"@type":"BreadcrumbList","@id":"https:\/\/exaudi.org\/it\/riflessione-del-vescovo-enrique-diaz-grandi-cose-hai-fatto-per-noi-signore\/#breadcrumb","itemListElement":[{"@type":"ListItem","position":1,"name":"Portada","item":"https:\/\/exaudi.org\/it\/"},{"@type":"ListItem","position":2,"name":"Riflessione del vescovo Enrique D\u00edaz: Grandi cose hai fatto per noi, Signore"}]},{"@type":"WebSite","@id":"https:\/\/exaudi.org\/#website","url":"https:\/\/exaudi.org\/","name":"Exaudi","description":"News","potentialAction":[{"@type":"SearchAction","target":{"@type":"EntryPoint","urlTemplate":"https:\/\/exaudi.org\/?s={search_term_string}"},"query-input":{"@type":"PropertyValueSpecification","valueRequired":true,"valueName":"search_term_string"}}],"inLanguage":"it-IT"},{"@type":"Person","@id":"https:\/\/exaudi.org\/#\/schema\/person\/c02ffbd10830fa375f6882f7dcf1844d","name":"Enrique D\u00edaz","image":{"@type":"ImageObject","inLanguage":"it-IT","@id":"https:\/\/secure.gravatar.com\/avatar\/7ca10be5325a95d04b74082d68ba605aa69611eb0f68f47096cb1bc349873284?s=96&d=mm&r=g","url":"https:\/\/secure.gravatar.com\/avatar\/7ca10be5325a95d04b74082d68ba605aa69611eb0f68f47096cb1bc349873284?s=96&d=mm&r=g","contentUrl":"https:\/\/secure.gravatar.com\/avatar\/7ca10be5325a95d04b74082d68ba605aa69611eb0f68f47096cb1bc349873284?s=96&d=mm&r=g","caption":"Enrique D\u00edaz"},"description":"Naci\u00f3 en Huandacareo, Michoac\u00e1n, M\u00e9xico, en 1952. Realiz\u00f3 sus estudios de Filosof\u00eda y Teolog\u00eda en el Seminario de Morelia. Ordenado di\u00e1cono el 22 de mayo de 1977, y presb\u00edtero el 23 de octubre del mismo a\u00f1o. Obtuvo la Licenciatura en Sagrada Escritura en el Pontificio Instituto B\u00edblico en Roma. Ha desarrollado m\u00faltiples encargos pastorales como el de capell\u00e1n de la rector\u00eda de las Tres Aves Mar\u00edas; responsable de la Pastoral B\u00edblica Diocesana y director de la Escuela B\u00edblica en Morelia; maestro de Biblia en el Seminario Conciliar de Morelia, p\u00e1rroco de la Parroquia de Nuestra Se\u00f1ora de Guadalupe, Col. Guadalupe, Morelia; o vicario episcopal para la Zona de Nuestra Se\u00f1ora de la Luz, P\u00e1tzcuaro. Ordenado obispo auxiliar de san Crist\u00f3bal de las Casas en 2003. En la Conferencia Episcopal form\u00f3 parte de las Comisiones de Biblia, Diaconado y Ministerios Laicales. Fue responsable de las Dimensiones de Ministerios Laicales, de Educaci\u00f3n y Cultura. Ha participado en encuentros latinoamericanos y mundiales sobre el Diaconado Permanente. Actualmente es el responsable de la Dimensi\u00f3n de Pastoral de la Cultura. Particip\u00f3 como Miembro del S\u00ednodo de Obispos sobre la Palabra de Dios en la Vida y Misi\u00f3n de la Iglesia en Roma, en 2008. Recibi\u00f3 el nombramiento de obispo coadjutor de San Crist\u00f3bal de las Casas en 2014. Nombrado II obispo de Irapuato el d\u00eda 11 de marzo, tom\u00f3 posesi\u00f3n el 19 de Mayo. Colabora en varias revistas y publicaciones sobre todo con la reflexi\u00f3n diaria y dominical tanto en audio como escrita.","url":"https:\/\/exaudi.org\/it\/author\/enriquediaz\/"}]}},"jetpack_featured_media_url":"https:\/\/exaudi.org\/wp-content\/uploads\/2025\/04\/trees-9480700_1280.webp","jetpack_shortlink":"https:\/\/wp.me\/pgKjF2-w0v","_links":{"self":[{"href":"https:\/\/exaudi.org\/it\/wp-json\/wp\/v2\/posts\/123039","targetHints":{"allow":["GET"]}}],"collection":[{"href":"https:\/\/exaudi.org\/it\/wp-json\/wp\/v2\/posts"}],"about":[{"href":"https:\/\/exaudi.org\/it\/wp-json\/wp\/v2\/types\/post"}],"author":[{"embeddable":true,"href":"https:\/\/exaudi.org\/it\/wp-json\/wp\/v2\/users\/25"}],"replies":[{"embeddable":true,"href":"https:\/\/exaudi.org\/it\/wp-json\/wp\/v2\/comments?post=123039"}],"version-history":[{"count":0,"href":"https:\/\/exaudi.org\/it\/wp-json\/wp\/v2\/posts\/123039\/revisions"}],"wp:featuredmedia":[{"embeddable":true,"href":"https:\/\/exaudi.org\/it\/wp-json\/wp\/v2\/media\/123019"}],"wp:attachment":[{"href":"https:\/\/exaudi.org\/it\/wp-json\/wp\/v2\/media?parent=123039"}],"wp:term":[{"taxonomy":"category","embeddable":true,"href":"https:\/\/exaudi.org\/it\/wp-json\/wp\/v2\/categories?post=123039"},{"taxonomy":"post_tag","embeddable":true,"href":"https:\/\/exaudi.org\/it\/wp-json\/wp\/v2\/tags?post=123039"}],"curies":[{"name":"wp","href":"https:\/\/api.w.org\/{rel}","templated":true}]}}