{"id":122954,"date":"2025-04-03T17:36:35","date_gmt":"2025-04-03T15:36:35","guid":{"rendered":"https:\/\/exaudi.org\/?p=122954"},"modified":"2025-04-03T17:36:35","modified_gmt":"2025-04-03T15:36:35","slug":"giovanni-paolo-ii-linstancabile-pellegrino-che-continua-a-ispirare-il-mondo","status":"publish","type":"post","link":"https:\/\/exaudi.org\/it\/giovanni-paolo-ii-linstancabile-pellegrino-che-continua-a-ispirare-il-mondo\/","title":{"rendered":"Giovanni Paolo II: l&#8217;instancabile pellegrino che continua a ispirare il mondo"},"content":{"rendered":"<p>Con una toccante celebrazione nella Basilica di San Pietro, la Chiesa ha commemorato il ventesimo anniversario della morte di San Giovanni Paolo II. L&#8217;Eucaristia, presieduta dal cardinale Pietro Parolin, Segretario di Stato Vaticano, ha riunito centinaia di fedeli che hanno voluto rendere omaggio alla vita e all&#8217;eredit\u00e0 di un Papa che ha segnato la storia con il suo carisma e la sua dedizione. Tra i presenti c&#8217;era il cardinale Stanis\u0142aw Dziwisz, suo segretario personale, e numerosi fedeli che hanno seguito la cerimonia con profonda devozione.<\/p>\n<h3><strong>Una testimonianza di fede incrollabile<\/strong><\/h3>\n<p>Durante l&#8217;omelia, il cardinale Parolin ha ricordato Giovanni Paolo II come un &#8220;pellegrino instancabile&#8221; che, spinto dal suo amore appassionato per Cristo, ha dedicato la sua vita all&#8217;evangelizzazione e al servizio dell&#8217;umanit\u00e0. Il suo instancabile lavoro per la pace e la riconciliazione continua a essere fonte di ispirazione per i credenti di tutto il mondo.<\/p>\n<p>Il cardinale ha anche sottolineato la voce profetica del Papa polacco, che non ha esitato a denunciare le ingiustizie e a invocare la pace in tempi di conflitto. I loro appelli, spesso ignorati ai loro tempi, risuonano oggi pi\u00f9 forti che mai in un mondo che cerca ancora vie verso l&#8217;unit\u00e0 e la fratellanza. Dal suo primo viaggio apostolico ai suoi discorsi all&#8217;ONU, il suo messaggio \u00e8 sempre stato permeato dalla certezza che fede e ragione potessero unirsi per costruire un mondo migliore.<\/p>\n<p><img loading=\"lazy\" decoding=\"async\" class=\"size-medium wp-image-122929 alignleft\" src=\"https:\/\/exaudi.org\/wp-content\/uploads\/2025\/04\/cq5dam.thumbnail.cropped.750.422-4-300x169.jpeg\" alt=\"\" width=\"300\" height=\"169\" srcset=\"https:\/\/exaudi.org\/wp-content\/uploads\/2025\/04\/cq5dam.thumbnail.cropped.750.422-4-300x169.jpeg 300w, https:\/\/exaudi.org\/wp-content\/uploads\/2025\/04\/cq5dam.thumbnail.cropped.750.422-4-500x281.jpeg 500w, https:\/\/exaudi.org\/wp-content\/uploads\/2025\/04\/cq5dam.thumbnail.cropped.750.422-4.jpeg 750w\" sizes=\"auto, (max-width: 300px) 100vw, 300px\" \/><\/p>\n<p>Con una toccante celebrazione nella Basilica di San Pietro, la Chiesa ha commemorato il ventesimo anniversario della morte di San Giovanni Paolo II. L&#8217;Eucaristia, presieduta dal cardinale Pietro Parolin, Segretario di Stato Vaticano, ha riunito centinaia di fedeli che hanno voluto rendere omaggio alla vita e all&#8217;eredit\u00e0 di un Papa che ha segnato la storia con il suo carisma e la sua dedizione. Tra i presenti c&#8217;era il cardinale Stanis\u0142aw Dziwisz, suo segretario personale, e numerosi fedeli che hanno seguito la cerimonia con profonda devozione.<\/p>\n<p>&nbsp;<\/p>\n<h3><strong>Una testimonianza di fede incrollabile<\/strong><\/h3>\n<p>Durante l&#8217;omelia, il cardinale Parolin ha ricordato Giovanni Paolo II come un &#8220;pellegrino instancabile&#8221; che, spinto dal suo amore appassionato per Cristo, ha dedicato la sua vita all&#8217;evangelizzazione e al servizio dell&#8217;umanit\u00e0. Il suo instancabile lavoro per la pace e la riconciliazione continua a essere fonte di ispirazione per i credenti di tutto il mondo.<\/p>\n<p>Il cardinale ha anche sottolineato la voce profetica del Papa polacco, che non ha esitato a denunciare le ingiustizie e a invocare la pace in tempi di conflitto. I loro appelli, spesso ignorati ai loro tempi, risuonano oggi pi\u00f9 forti che mai in un mondo che cerca ancora vie verso l&#8217;unit\u00e0 e la fratellanza. Dal suo primo viaggio apostolico ai suoi discorsi all&#8217;ONU, il suo messaggio \u00e8 sempre stato permeato dalla certezza che fede e ragione potessero unirsi per costruire un mondo migliore.<\/p>\n","protected":false},"excerpt":{"rendered":"<p>Un&#8217;eredit\u00e0 di fede e impegno per l&#8217;umanit\u00e0<\/p>\n","protected":false},"author":17,"featured_media":122932,"comment_status":"closed","ping_status":"closed","sticky":false,"template":"","format":"standard","meta":{"_acf_changed":false,"_crdt_document":"","inline_featured_image":false,"footnotes":""},"categories":[67,131],"tags":[52579,7103,52077,52078,4512,4115,1466,1092,1668,10878,1671,48279,1809,29103,688,28779,887,2490,19400,4952,52580,1417,9837],"class_list":["post-122954","post","type-post","status-publish","format-standard","has-post-thumbnail","hentry","category-leone-xiv","category-vaticano","tag-anniversario-di-giovanni-paolo-ii","tag-basilica-di-san-pietro","tag-cardinale-dziwisz","tag-cardinale-parolin","tag-chiesa-cattolica","tag-comunismo","tag-diritti-umani","tag-evangelizzazione","tag-fraternita","tag-giornata-mondiale-della-gioventu","tag-giovanni-paolo-ii","tag-la-fede-cristiana","tag-liberta-religiosa","tag-messaggio-del-papa","tag-pace","tag-papa-polacco","tag-pontificato","tag-riconciliazione","tag-storia-della-chiesa","tag-trending-it","tag-tutti-voi","tag-unita","tag-vergine-maria"],"acf":[],"yoast_head":"<!-- This site is optimized with the Yoast SEO plugin v27.5 - https:\/\/yoast.com\/product\/yoast-seo-wordpress\/ -->\n<title>Giovanni Paolo II: l&#039;instancabile pellegrino che continua a ispirare il mondo &#8211; Exaudi<\/title>\n<meta name=\"robots\" content=\"index, follow, max-snippet:-1, max-image-preview:large, max-video-preview:-1\" \/>\n<link rel=\"canonical\" href=\"https:\/\/exaudi.org\/it\/giovanni-paolo-ii-linstancabile-pellegrino-che-continua-a-ispirare-il-mondo\/\" \/>\n<meta property=\"og:locale\" content=\"it_IT\" \/>\n<meta property=\"og:type\" content=\"article\" \/>\n<meta property=\"og:title\" content=\"Giovanni Paolo II: l&#039;instancabile pellegrino che continua a ispirare il mondo &#8211; Exaudi\" \/>\n<meta property=\"og:description\" content=\"Un&#039;eredit\u00e0 di fede e impegno per l&#039;umanit\u00e0\" \/>\n<meta property=\"og:url\" content=\"https:\/\/exaudi.org\/it\/giovanni-paolo-ii-linstancabile-pellegrino-che-continua-a-ispirare-il-mondo\/\" \/>\n<meta property=\"og:site_name\" content=\"Exaudi\" \/>\n<meta property=\"article:publisher\" content=\"https:\/\/www.facebook.com\/ExaudiNews\" \/>\n<meta property=\"article:author\" content=\"https:\/\/www.facebook.com\/ExaudiNotizie\/\" \/>\n<meta property=\"article:published_time\" content=\"2025-04-03T15:36:35+00:00\" \/>\n<meta property=\"og:image\" content=\"https:\/\/exaudi.org\/wp-content\/uploads\/2025\/04\/cq5dam.thumbnail.cropped.750.422-2-1.jpeg\" \/>\n\t<meta property=\"og:image:width\" content=\"750\" \/>\n\t<meta property=\"og:image:height\" content=\"422\" \/>\n\t<meta property=\"og:image:type\" content=\"image\/jpeg\" \/>\n<meta name=\"author\" content=\"Exaudi Redazione\" \/>\n<meta name=\"twitter:card\" content=\"summary_large_image\" \/>\n<meta name=\"twitter:creator\" content=\"@Exaudi_Notizie\" \/>\n<meta name=\"twitter:site\" content=\"@Exaudi_News\" \/>\n<meta name=\"twitter:label1\" content=\"Scritto da\" \/>\n\t<meta name=\"twitter:data1\" content=\"Exaudi Redazione\" \/>\n\t<meta name=\"twitter:label2\" content=\"Tempo di lettura stimato\" \/>\n\t<meta name=\"twitter:data2\" content=\"2 minuti\" \/>\n<script type=\"application\/ld+json\" class=\"yoast-schema-graph\">{\"@context\":\"https:\\\/\\\/schema.org\",\"@graph\":[{\"@type\":\"Article\",\"@id\":\"https:\\\/\\\/exaudi.org\\\/it\\\/giovanni-paolo-ii-linstancabile-pellegrino-che-continua-a-ispirare-il-mondo\\\/#article\",\"isPartOf\":{\"@id\":\"https:\\\/\\\/exaudi.org\\\/it\\\/giovanni-paolo-ii-linstancabile-pellegrino-che-continua-a-ispirare-il-mondo\\\/\"},\"author\":{\"name\":\"Exaudi Redazione\",\"@id\":\"https:\\\/\\\/exaudi.org\\\/#\\\/schema\\\/person\\\/e1ab6ed07c01774724dd96f925f3a5f0\"},\"headline\":\"Giovanni Paolo II: l&#8217;instancabile pellegrino che continua a ispirare il mondo\",\"datePublished\":\"2025-04-03T15:36:35+00:00\",\"mainEntityOfPage\":{\"@id\":\"https:\\\/\\\/exaudi.org\\\/it\\\/giovanni-paolo-ii-linstancabile-pellegrino-che-continua-a-ispirare-il-mondo\\\/\"},\"wordCount\":485,\"image\":{\"@id\":\"https:\\\/\\\/exaudi.org\\\/it\\\/giovanni-paolo-ii-linstancabile-pellegrino-che-continua-a-ispirare-il-mondo\\\/#primaryimage\"},\"thumbnailUrl\":\"https:\\\/\\\/exaudi.org\\\/wp-content\\\/uploads\\\/2025\\\/04\\\/cq5dam.thumbnail.cropped.750.422-2-1.jpeg\",\"keywords\":[\"anniversario di Giovanni Paolo II\",\"Basilica di San Pietro\",\"Cardinale Dziwisz\",\"Cardinale Parolin\",\"Chiesa cattolica\",\"comunismo\",\"diritti umani\",\"evangelizzazione\",\"fraternit\u00e0\",\"GIORNATA MONDIALE DELLA GIOVENT\u00d9\",\"Giovanni Paolo II\",\"La fede cristiana\",\"libert\u00e0 religiosa\",\"Messaggio del Papa\",\"pace\",\"Papa polacco\",\"pontificato\",\"riconciliazione\",\"STORIA DELLA CHIESA\",\"Trending\",\"tutti voi\",\"unit\u00e0\",\"VERGINE MARIA\"],\"articleSection\":[\"Leone XIV\",\"Vaticano\"],\"inLanguage\":\"it-IT\"},{\"@type\":\"WebPage\",\"@id\":\"https:\\\/\\\/exaudi.org\\\/it\\\/giovanni-paolo-ii-linstancabile-pellegrino-che-continua-a-ispirare-il-mondo\\\/\",\"url\":\"https:\\\/\\\/exaudi.org\\\/it\\\/giovanni-paolo-ii-linstancabile-pellegrino-che-continua-a-ispirare-il-mondo\\\/\",\"name\":\"Giovanni Paolo II: l'instancabile pellegrino che continua a ispirare il mondo &#8211; Exaudi\",\"isPartOf\":{\"@id\":\"https:\\\/\\\/exaudi.org\\\/#website\"},\"primaryImageOfPage\":{\"@id\":\"https:\\\/\\\/exaudi.org\\\/it\\\/giovanni-paolo-ii-linstancabile-pellegrino-che-continua-a-ispirare-il-mondo\\\/#primaryimage\"},\"image\":{\"@id\":\"https:\\\/\\\/exaudi.org\\\/it\\\/giovanni-paolo-ii-linstancabile-pellegrino-che-continua-a-ispirare-il-mondo\\\/#primaryimage\"},\"thumbnailUrl\":\"https:\\\/\\\/exaudi.org\\\/wp-content\\\/uploads\\\/2025\\\/04\\\/cq5dam.thumbnail.cropped.750.422-2-1.jpeg\",\"datePublished\":\"2025-04-03T15:36:35+00:00\",\"author\":{\"@id\":\"https:\\\/\\\/exaudi.org\\\/#\\\/schema\\\/person\\\/e1ab6ed07c01774724dd96f925f3a5f0\"},\"breadcrumb\":{\"@id\":\"https:\\\/\\\/exaudi.org\\\/it\\\/giovanni-paolo-ii-linstancabile-pellegrino-che-continua-a-ispirare-il-mondo\\\/#breadcrumb\"},\"inLanguage\":\"it-IT\",\"potentialAction\":[{\"@type\":\"ReadAction\",\"target\":[\"https:\\\/\\\/exaudi.org\\\/it\\\/giovanni-paolo-ii-linstancabile-pellegrino-che-continua-a-ispirare-il-mondo\\\/\"]}]},{\"@type\":\"ImageObject\",\"inLanguage\":\"it-IT\",\"@id\":\"https:\\\/\\\/exaudi.org\\\/it\\\/giovanni-paolo-ii-linstancabile-pellegrino-che-continua-a-ispirare-il-mondo\\\/#primaryimage\",\"url\":\"https:\\\/\\\/exaudi.org\\\/wp-content\\\/uploads\\\/2025\\\/04\\\/cq5dam.thumbnail.cropped.750.422-2-1.jpeg\",\"contentUrl\":\"https:\\\/\\\/exaudi.org\\\/wp-content\\\/uploads\\\/2025\\\/04\\\/cq5dam.thumbnail.cropped.750.422-2-1.jpeg\",\"width\":750,\"height\":422},{\"@type\":\"BreadcrumbList\",\"@id\":\"https:\\\/\\\/exaudi.org\\\/it\\\/giovanni-paolo-ii-linstancabile-pellegrino-che-continua-a-ispirare-il-mondo\\\/#breadcrumb\",\"itemListElement\":[{\"@type\":\"ListItem\",\"position\":1,\"name\":\"Portada\",\"item\":\"https:\\\/\\\/exaudi.org\\\/it\\\/\"},{\"@type\":\"ListItem\",\"position\":2,\"name\":\"Giovanni Paolo II: l&#8217;instancabile pellegrino che continua a ispirare il mondo\"}]},{\"@type\":\"WebSite\",\"@id\":\"https:\\\/\\\/exaudi.org\\\/#website\",\"url\":\"https:\\\/\\\/exaudi.org\\\/\",\"name\":\"Exaudi\",\"description\":\"News\",\"potentialAction\":[{\"@type\":\"SearchAction\",\"target\":{\"@type\":\"EntryPoint\",\"urlTemplate\":\"https:\\\/\\\/exaudi.org\\\/?s={search_term_string}\"},\"query-input\":{\"@type\":\"PropertyValueSpecification\",\"valueRequired\":true,\"valueName\":\"search_term_string\"}}],\"inLanguage\":\"it-IT\"},{\"@type\":\"Person\",\"@id\":\"https:\\\/\\\/exaudi.org\\\/#\\\/schema\\\/person\\\/e1ab6ed07c01774724dd96f925f3a5f0\",\"name\":\"Exaudi Redazione\",\"image\":{\"@type\":\"ImageObject\",\"inLanguage\":\"it-IT\",\"@id\":\"https:\\\/\\\/secure.gravatar.com\\\/avatar\\\/ad6774b3ada023bf5b939d64f45c94b3adf91502dd883507d469b4308a943bb3?s=96&d=mm&r=g\",\"url\":\"https:\\\/\\\/secure.gravatar.com\\\/avatar\\\/ad6774b3ada023bf5b939d64f45c94b3adf91502dd883507d469b4308a943bb3?s=96&d=mm&r=g\",\"contentUrl\":\"https:\\\/\\\/secure.gravatar.com\\\/avatar\\\/ad6774b3ada023bf5b939d64f45c94b3adf91502dd883507d469b4308a943bb3?s=96&d=mm&r=g\",\"caption\":\"Exaudi Redazione\"},\"description\":\"Che cosa \u00e8 Exaudi News? Exaudi News \u00e8 un agenzia cattolica internazionale che informa, istruisce e trasforma quotidianamente in spagnolo, inglese e italiano. Attraverso notizie, articoli di analisi e trasmissioni in diretta degli eventi del Papa, Exaudi cerca di rafforzare l'unit\u00e0 dei cristiani e di contribuire all'evangelizzazione del mondo, sempre guidato dalla dottrina sociale della Chiesa. Lavoriamo per portare la verit\u00e0 e i valori cristiani in ogni angolo del pianeta. Aiutaci a trasformare il mondo con Exaudi! Noi di Exaudi crediamo che l'evangelizzazione e l'informazione di qualit\u00e0 possano cambiare la vita. Per continuare la nostra missione ed espandere la nostra portata, abbiamo bisogno del tuo aiuto. Stiamo anche cercando persone motivate che vogliano unirsi al nostro team. Grazie al vostro sostegno raggiungeremo pi\u00f9 persone, diffonderemo il messaggio di Cristo e rafforzeremo l'unit\u00e0 dei cristiani. Vuoi unirti alla nostra missione? Per maggiori informazioni su come contribuire, visita Exaudi.org\\\/it o contattaci direttamente: info@exaudi.org Exaudi: informa, forma e trasforma.\",\"sameAs\":[\"https:\\\/\\\/www.facebook.com\\\/ExaudiNotizie\\\/\",\"https:\\\/\\\/www.instagram.com\\\/Exaudi_notizie\\\/\",\"https:\\\/\\\/x.com\\\/Exaudi_Notizie\",\"https:\\\/\\\/www.youtube.com\\\/@exaudicatholicnews\"],\"url\":\"https:\\\/\\\/exaudi.org\\\/it\\\/author\\\/dlvedi-org\\\/\"}]}<\/script>\n<!-- \/ Yoast SEO plugin. -->","yoast_head_json":{"title":"Giovanni Paolo II: l'instancabile pellegrino che continua a ispirare il mondo &#8211; Exaudi","robots":{"index":"index","follow":"follow","max-snippet":"max-snippet:-1","max-image-preview":"max-image-preview:large","max-video-preview":"max-video-preview:-1"},"canonical":"https:\/\/exaudi.org\/it\/giovanni-paolo-ii-linstancabile-pellegrino-che-continua-a-ispirare-il-mondo\/","og_locale":"it_IT","og_type":"article","og_title":"Giovanni Paolo II: l'instancabile pellegrino che continua a ispirare il mondo &#8211; Exaudi","og_description":"Un'eredit\u00e0 di fede e impegno per l'umanit\u00e0","og_url":"https:\/\/exaudi.org\/it\/giovanni-paolo-ii-linstancabile-pellegrino-che-continua-a-ispirare-il-mondo\/","og_site_name":"Exaudi","article_publisher":"https:\/\/www.facebook.com\/ExaudiNews","article_author":"https:\/\/www.facebook.com\/ExaudiNotizie\/","article_published_time":"2025-04-03T15:36:35+00:00","og_image":[{"width":750,"height":422,"url":"https:\/\/exaudi.org\/wp-content\/uploads\/2025\/04\/cq5dam.thumbnail.cropped.750.422-2-1.jpeg","type":"image\/jpeg"}],"author":"Exaudi Redazione","twitter_card":"summary_large_image","twitter_creator":"@Exaudi_Notizie","twitter_site":"@Exaudi_News","twitter_misc":{"Scritto da":"Exaudi Redazione","Tempo di lettura stimato":"2 minuti"},"schema":{"@context":"https:\/\/schema.org","@graph":[{"@type":"Article","@id":"https:\/\/exaudi.org\/it\/giovanni-paolo-ii-linstancabile-pellegrino-che-continua-a-ispirare-il-mondo\/#article","isPartOf":{"@id":"https:\/\/exaudi.org\/it\/giovanni-paolo-ii-linstancabile-pellegrino-che-continua-a-ispirare-il-mondo\/"},"author":{"name":"Exaudi Redazione","@id":"https:\/\/exaudi.org\/#\/schema\/person\/e1ab6ed07c01774724dd96f925f3a5f0"},"headline":"Giovanni Paolo II: l&#8217;instancabile pellegrino che continua a ispirare il mondo","datePublished":"2025-04-03T15:36:35+00:00","mainEntityOfPage":{"@id":"https:\/\/exaudi.org\/it\/giovanni-paolo-ii-linstancabile-pellegrino-che-continua-a-ispirare-il-mondo\/"},"wordCount":485,"image":{"@id":"https:\/\/exaudi.org\/it\/giovanni-paolo-ii-linstancabile-pellegrino-che-continua-a-ispirare-il-mondo\/#primaryimage"},"thumbnailUrl":"https:\/\/exaudi.org\/wp-content\/uploads\/2025\/04\/cq5dam.thumbnail.cropped.750.422-2-1.jpeg","keywords":["anniversario di Giovanni Paolo II","Basilica di San Pietro","Cardinale Dziwisz","Cardinale Parolin","Chiesa cattolica","comunismo","diritti umani","evangelizzazione","fraternit\u00e0","GIORNATA MONDIALE DELLA GIOVENT\u00d9","Giovanni Paolo II","La fede cristiana","libert\u00e0 religiosa","Messaggio del Papa","pace","Papa polacco","pontificato","riconciliazione","STORIA DELLA CHIESA","Trending","tutti voi","unit\u00e0","VERGINE MARIA"],"articleSection":["Leone XIV","Vaticano"],"inLanguage":"it-IT"},{"@type":"WebPage","@id":"https:\/\/exaudi.org\/it\/giovanni-paolo-ii-linstancabile-pellegrino-che-continua-a-ispirare-il-mondo\/","url":"https:\/\/exaudi.org\/it\/giovanni-paolo-ii-linstancabile-pellegrino-che-continua-a-ispirare-il-mondo\/","name":"Giovanni Paolo II: l'instancabile pellegrino che continua a ispirare il mondo &#8211; Exaudi","isPartOf":{"@id":"https:\/\/exaudi.org\/#website"},"primaryImageOfPage":{"@id":"https:\/\/exaudi.org\/it\/giovanni-paolo-ii-linstancabile-pellegrino-che-continua-a-ispirare-il-mondo\/#primaryimage"},"image":{"@id":"https:\/\/exaudi.org\/it\/giovanni-paolo-ii-linstancabile-pellegrino-che-continua-a-ispirare-il-mondo\/#primaryimage"},"thumbnailUrl":"https:\/\/exaudi.org\/wp-content\/uploads\/2025\/04\/cq5dam.thumbnail.cropped.750.422-2-1.jpeg","datePublished":"2025-04-03T15:36:35+00:00","author":{"@id":"https:\/\/exaudi.org\/#\/schema\/person\/e1ab6ed07c01774724dd96f925f3a5f0"},"breadcrumb":{"@id":"https:\/\/exaudi.org\/it\/giovanni-paolo-ii-linstancabile-pellegrino-che-continua-a-ispirare-il-mondo\/#breadcrumb"},"inLanguage":"it-IT","potentialAction":[{"@type":"ReadAction","target":["https:\/\/exaudi.org\/it\/giovanni-paolo-ii-linstancabile-pellegrino-che-continua-a-ispirare-il-mondo\/"]}]},{"@type":"ImageObject","inLanguage":"it-IT","@id":"https:\/\/exaudi.org\/it\/giovanni-paolo-ii-linstancabile-pellegrino-che-continua-a-ispirare-il-mondo\/#primaryimage","url":"https:\/\/exaudi.org\/wp-content\/uploads\/2025\/04\/cq5dam.thumbnail.cropped.750.422-2-1.jpeg","contentUrl":"https:\/\/exaudi.org\/wp-content\/uploads\/2025\/04\/cq5dam.thumbnail.cropped.750.422-2-1.jpeg","width":750,"height":422},{"@type":"BreadcrumbList","@id":"https:\/\/exaudi.org\/it\/giovanni-paolo-ii-linstancabile-pellegrino-che-continua-a-ispirare-il-mondo\/#breadcrumb","itemListElement":[{"@type":"ListItem","position":1,"name":"Portada","item":"https:\/\/exaudi.org\/it\/"},{"@type":"ListItem","position":2,"name":"Giovanni Paolo II: l&#8217;instancabile pellegrino che continua a ispirare il mondo"}]},{"@type":"WebSite","@id":"https:\/\/exaudi.org\/#website","url":"https:\/\/exaudi.org\/","name":"Exaudi","description":"News","potentialAction":[{"@type":"SearchAction","target":{"@type":"EntryPoint","urlTemplate":"https:\/\/exaudi.org\/?s={search_term_string}"},"query-input":{"@type":"PropertyValueSpecification","valueRequired":true,"valueName":"search_term_string"}}],"inLanguage":"it-IT"},{"@type":"Person","@id":"https:\/\/exaudi.org\/#\/schema\/person\/e1ab6ed07c01774724dd96f925f3a5f0","name":"Exaudi Redazione","image":{"@type":"ImageObject","inLanguage":"it-IT","@id":"https:\/\/secure.gravatar.com\/avatar\/ad6774b3ada023bf5b939d64f45c94b3adf91502dd883507d469b4308a943bb3?s=96&d=mm&r=g","url":"https:\/\/secure.gravatar.com\/avatar\/ad6774b3ada023bf5b939d64f45c94b3adf91502dd883507d469b4308a943bb3?s=96&d=mm&r=g","contentUrl":"https:\/\/secure.gravatar.com\/avatar\/ad6774b3ada023bf5b939d64f45c94b3adf91502dd883507d469b4308a943bb3?s=96&d=mm&r=g","caption":"Exaudi Redazione"},"description":"Che cosa \u00e8 Exaudi News? Exaudi News \u00e8 un agenzia cattolica internazionale che informa, istruisce e trasforma quotidianamente in spagnolo, inglese e italiano. Attraverso notizie, articoli di analisi e trasmissioni in diretta degli eventi del Papa, Exaudi cerca di rafforzare l'unit\u00e0 dei cristiani e di contribuire all'evangelizzazione del mondo, sempre guidato dalla dottrina sociale della Chiesa. Lavoriamo per portare la verit\u00e0 e i valori cristiani in ogni angolo del pianeta. Aiutaci a trasformare il mondo con Exaudi! Noi di Exaudi crediamo che l'evangelizzazione e l'informazione di qualit\u00e0 possano cambiare la vita. Per continuare la nostra missione ed espandere la nostra portata, abbiamo bisogno del tuo aiuto. Stiamo anche cercando persone motivate che vogliano unirsi al nostro team. Grazie al vostro sostegno raggiungeremo pi\u00f9 persone, diffonderemo il messaggio di Cristo e rafforzeremo l'unit\u00e0 dei cristiani. Vuoi unirti alla nostra missione? Per maggiori informazioni su come contribuire, visita Exaudi.org\/it o contattaci direttamente: info@exaudi.org Exaudi: informa, forma e trasforma.","sameAs":["https:\/\/www.facebook.com\/ExaudiNotizie\/","https:\/\/www.instagram.com\/Exaudi_notizie\/","https:\/\/x.com\/Exaudi_Notizie","https:\/\/www.youtube.com\/@exaudicatholicnews"],"url":"https:\/\/exaudi.org\/it\/author\/dlvedi-org\/"}]}},"jetpack_featured_media_url":"https:\/\/exaudi.org\/wp-content\/uploads\/2025\/04\/cq5dam.thumbnail.cropped.750.422-2-1.jpeg","jetpack_shortlink":"https:\/\/wp.me\/pgKjF2-vZ8","_links":{"self":[{"href":"https:\/\/exaudi.org\/it\/wp-json\/wp\/v2\/posts\/122954","targetHints":{"allow":["GET"]}}],"collection":[{"href":"https:\/\/exaudi.org\/it\/wp-json\/wp\/v2\/posts"}],"about":[{"href":"https:\/\/exaudi.org\/it\/wp-json\/wp\/v2\/types\/post"}],"author":[{"embeddable":true,"href":"https:\/\/exaudi.org\/it\/wp-json\/wp\/v2\/users\/17"}],"replies":[{"embeddable":true,"href":"https:\/\/exaudi.org\/it\/wp-json\/wp\/v2\/comments?post=122954"}],"version-history":[{"count":0,"href":"https:\/\/exaudi.org\/it\/wp-json\/wp\/v2\/posts\/122954\/revisions"}],"wp:featuredmedia":[{"embeddable":true,"href":"https:\/\/exaudi.org\/it\/wp-json\/wp\/v2\/media\/122932"}],"wp:attachment":[{"href":"https:\/\/exaudi.org\/it\/wp-json\/wp\/v2\/media?parent=122954"}],"wp:term":[{"taxonomy":"category","embeddable":true,"href":"https:\/\/exaudi.org\/it\/wp-json\/wp\/v2\/categories?post=122954"},{"taxonomy":"post_tag","embeddable":true,"href":"https:\/\/exaudi.org\/it\/wp-json\/wp\/v2\/tags?post=122954"}],"curies":[{"name":"wp","href":"https:\/\/api.w.org\/{rel}","templated":true}]}}