{"id":122865,"date":"2025-04-02T16:34:41","date_gmt":"2025-04-02T14:34:41","guid":{"rendered":"https:\/\/exaudi.org\/?p=122865"},"modified":"2025-04-02T16:46:03","modified_gmt":"2025-04-02T14:46:03","slug":"echi-del-giubileo-dei-missionari-della-misericordia","status":"publish","type":"post","link":"https:\/\/exaudi.org\/it\/echi-del-giubileo-dei-missionari-della-misericordia\/","title":{"rendered":"Echi del Giubileo dei Missionari della Misericordia"},"content":{"rendered":"<p>Il messaggio del Giubileo dei Missionari della Misericordia \u00e8 pienamente, vibrante e urgentemente attuale.<\/p>\n<p>Questo evento \u00e8 stato concepito non solo come un giubileo, ma anche come quarto incontro mondiale dei Missionari della Misericordia per la loro formazione specifica e per incontrare il Papa.<\/p>\n<p>Per la prima volta, e a causa della sua convalescenza, il Vicario di Cristo non ha potuto essere presente. Cio\u00e8, non era fisicamente presente, ma era molto presente, molto vicino. Credo che questo sia un dato essenziale, che non bisogna dimenticare, perch\u00e9 fornisce una chiave di lettura molto importante dell&#8217;incontro.<\/p>\n<p>\u00c8 noto infatti, secondo monsignor Rino Fisichella, che il Papa ha pregato per i missionari della misericordia e per ciascuno di loro. Monsignor Fisichella ha anche sottolineato quanto sia toccante il fatto che il messaggio del Papa ai Missionari della Misericordia risalga al 19 marzo, quando il Santo Padre era ricoverato al Policlinico Gemelli in malattia. L\u00ec il Papa espresse il desiderio di essere presente a questa cerimonia giubilare. In questa occasione, come aveva fatto nei due incontri precedenti, il successore di Pietro ci ha consegnato una stola, i missionari della misericordia. In esso si manifesta il potere speciale, ricevuto direttamente dal Sommo Pontefice, che noi missionari della misericordia abbiamo nei confronti del sacramento della confessione, chiamato anche sacramento della misericordia.<\/p>\n<p>Da parte sua, il Sommo Pontefice \u00e8 stato molto presente nella mente e nel cuore dei missionari della misericordia. Cos\u00ec, ad esempio, il Santo Rosario pregato da monsignor Fisichella e da tutti noi nei Giardini Vaticani \u00e8 stato per Papa Francesco.<\/p>\n<p>In una parola, \u00e8 stato un incontro filiale-paterno, di comunione ecclesiale attorno a Pietro, accanto alla Roccia su cui \u00e8 edificata la Chiesa. Pertanto, questo evento, a cui hanno partecipato centinaia di sacerdoti provenienti da tutto il mondo, pu\u00f2 aiutarci ad amare di pi\u00f9 il Papa, soprattutto durante la sua convalescenza.<\/p>\n<p>Questa vicinanza di Sua Santit\u00e0 \u00e8 strettamente legata anche alla sua insistenza sulla grande importanza del sacramento della confessione per la vita dei cattolici, poich\u00e9 noi missionari della misericordia siamo, prima di tutto, confessori. Si tratta di un elemento molto notevole del suo pontificato. Questo \u00e8 molto importante anche perch\u00e9 questo sacramento \u00e8 molto combattivo, c&#8217;\u00e8 molta confusione a riguardo e molte persone non gli attribuiscono abbastanza valore.<\/p>\n<p>In pratica, l&#8217;obiettivo prefissato \u00e8 di fondamentale importanza. Ora, come sottolinea giustamente Vatican News, \u00abl&#8217;obiettivo di questo evento \u00e8 rimettere il sacramento della riconciliazione al centro della vita pastorale della Chiesa\u00bb. Questo \u00e8 qualcosa che non dovremmo dimenticare.<\/p>\n<p>In questo sesto grande evento dell&#8217;attuale Anno Santo, e come \u00e8 consuetudine in questi raduni mondiali, noi missionari della misericordia, con il Santissimo Sacramento dell&#8217;Altare solennemente esposto, ci siamo confessati gli uni gli altri, affinch\u00e9 i sacerdoti di tutto il mondo abbiano reso testimonianza del santo sacramento della confessione. Ci\u00f2 \u00e8 ancora importante, poich\u00e9 l&#8217;uomo contemporaneo tende ad attribuire pi\u00f9 valore alla testimonianza che alle parole.<\/p>\n<p>L&#8217;evento ha coinciso anche con la dodicesima celebrazione delle ventiquattro ore con il Signore, istituita per volont\u00e0 del Papa. Si tratta di un&#8217;iniziativa globale che promuove l&#8217;adorazione del Santissimo Sacramento e l&#8217;amministrazione del sacramento del perdono in tutto il mondo, e che noi missionari della misericordia siamo chiamati a promuovere.<\/p>\n<p>La formazione di quest&#8217;anno dei Missionari della Misericordia, che comprende il convegno internazionale, ha posto particolare enfasi sul rapporto tra il sacramento della confessione e la speranza. Ges\u00f9 \u00e8 la nostra speranza. Il sacramento ci apre a una meravigliosa speranza, poich\u00e9 ci apre le porte del cielo e rinnova la nostra vita in un modo meraviglioso. Questa tanto desiderata rifioritura della nostra esistenza \u00e8 realizzata dall&#8217;amore misericordioso del Signore, che ci abbraccia in modo del tutto speciale in questo santo sacramento. Il confessore \u00e8 chiamato a essere la carit\u00e0 di Cristo, che accoglie, che ama, che aiuta, che incoraggia, che ispira, che \u00e8 strumento di Dio per quella vita nuova, bella e piena di speranza. Come ha osservato Papa Francesco, \u00abla misericordia suscita gioia, perch\u00e9 il cuore si apre alla speranza di una vita nuova\u00bb. Il sacramento della confessione \u00e8 il sacramento della pace e della gioia. Un grande tesoro! Bellissima musica! Davvero appetitoso, tesoro!<\/p>\n<p>La bellezza del perdono \u00e8 ben visibile anche nella bellissima parabola del figliol prodigo, inserita nel Vangelo della Santa Messa presieduta da monsignor Rino Fisichella, pro prefetto del principale dicastero per l&#8217;evangelizzazione della Santa Sede, e concelebrata da noi missionari della misericordia.<\/p>\n<p>In sintesi, il messaggio principale di questo evento \u00e8 l&#8217;importanza e la necessit\u00e0 della confessione, la meraviglia e la bellezza della confessione e il suo profondo rapporto con la speranza. Non dobbiamo dimenticare che un giubileo senza confessione sarebbe un giubileo vuoto. Quindi, in questo anno giubilare, ci\u00f2 che \u00e8 necessario ora \u00e8 confessarsi.<\/p>\n","protected":false},"excerpt":{"rendered":"<p>Misericordia in azione<\/p>\n","protected":false},"author":45,"featured_media":122717,"comment_status":"closed","ping_status":"closed","sticky":false,"template":"","format":"standard","meta":{"_acf_changed":false,"_crdt_document":"","inline_featured_image":false,"footnotes":""},"categories":[71],"tags":[52431,30759,52432,4512,4512,4512,4512,4512,52433,52435,476,52434,3242,51832,39086,51825,2490,33950,36004,48309,483,23147,266],"class_list":{"0":"post-122865","1":"post","2":"type-post","3":"status-publish","4":"format-standard","5":"has-post-thumbnail","6":"hentry","7":"category-analisi","8":"tag-24-ore-con-il-signore","9":"tag-anno-santo","10":"tag-carita-di-cristo","11":"tag-chiesa-cattolica","16":"tag-confessione-e-speranza","17":"tag-formazione-missionaria","18":"tag-giubileo","19":"tag-incontro-missionario-mondiale","20":"tag-missionari","21":"tag-missionarie-della-misericordia","22":"tag-pace-e-gioia","23":"tag-parabola-del-figliol-prodigo","24":"tag-riconciliazione","25":"tag-sacramento-della-confessione","26":"tag-santissimo-sacramento","27":"tag-scusa","28":"tag-speranza","29":"tag-testimonianza-cristiana","30":"tag-vaticano"},"acf":[],"yoast_head":"<!-- This site is optimized with the Yoast SEO plugin v27.4 - https:\/\/yoast.com\/product\/yoast-seo-wordpress\/ -->\n<title>Echi del Giubileo dei Missionari della Misericordia &#8211; Exaudi<\/title>\n<meta name=\"robots\" content=\"index, follow, max-snippet:-1, max-image-preview:large, max-video-preview:-1\" \/>\n<link rel=\"canonical\" href=\"https:\/\/exaudi.org\/it\/echi-del-giubileo-dei-missionari-della-misericordia\/\" \/>\n<meta property=\"og:locale\" content=\"it_IT\" \/>\n<meta property=\"og:type\" content=\"article\" \/>\n<meta property=\"og:title\" content=\"Echi del Giubileo dei Missionari della Misericordia &#8211; Exaudi\" \/>\n<meta property=\"og:description\" content=\"Misericordia in azione\" \/>\n<meta property=\"og:url\" content=\"https:\/\/exaudi.org\/it\/echi-del-giubileo-dei-missionari-della-misericordia\/\" \/>\n<meta property=\"og:site_name\" content=\"Exaudi\" \/>\n<meta property=\"article:publisher\" content=\"https:\/\/www.facebook.com\/ExaudiNews\" \/>\n<meta property=\"article:published_time\" content=\"2025-04-02T14:34:41+00:00\" \/>\n<meta property=\"article:modified_time\" content=\"2025-04-02T14:46:03+00:00\" \/>\n<meta property=\"og:image\" content=\"https:\/\/exaudi.org\/wp-content\/uploads\/2025\/04\/cq5dam.thumbnail.cropped.1500.844.jpeg\" \/>\n\t<meta property=\"og:image:width\" content=\"1280\" \/>\n\t<meta property=\"og:image:height\" content=\"720\" \/>\n\t<meta property=\"og:image:type\" content=\"image\/jpeg\" \/>\n<meta name=\"author\" content=\"Jos\u00e9 Mar\u00eda Montiu de Nuix\" \/>\n<meta name=\"twitter:card\" content=\"summary_large_image\" \/>\n<meta name=\"twitter:creator\" content=\"@Exaudi_News\" \/>\n<meta name=\"twitter:site\" content=\"@Exaudi_News\" \/>\n<meta name=\"twitter:label1\" content=\"Scritto da\" \/>\n\t<meta name=\"twitter:data1\" content=\"Jos\u00e9 Mar\u00eda Montiu de Nuix\" \/>\n\t<meta name=\"twitter:label2\" content=\"Tempo di lettura stimato\" \/>\n\t<meta name=\"twitter:data2\" content=\"4 minuti\" \/>\n<script type=\"application\/ld+json\" class=\"yoast-schema-graph\">{\"@context\":\"https:\\\/\\\/schema.org\",\"@graph\":[{\"@type\":\"Article\",\"@id\":\"https:\\\/\\\/exaudi.org\\\/it\\\/echi-del-giubileo-dei-missionari-della-misericordia\\\/#article\",\"isPartOf\":{\"@id\":\"https:\\\/\\\/exaudi.org\\\/it\\\/echi-del-giubileo-dei-missionari-della-misericordia\\\/\"},\"author\":{\"name\":\"Jos\u00e9 Mar\u00eda Montiu de Nuix\",\"@id\":\"https:\\\/\\\/exaudi.org\\\/#\\\/schema\\\/person\\\/63aa8d363a4039100348c8036010e9fa\"},\"headline\":\"Echi del Giubileo dei Missionari della Misericordia\",\"datePublished\":\"2025-04-02T14:34:41+00:00\",\"dateModified\":\"2025-04-02T14:46:03+00:00\",\"mainEntityOfPage\":{\"@id\":\"https:\\\/\\\/exaudi.org\\\/it\\\/echi-del-giubileo-dei-missionari-della-misericordia\\\/\"},\"wordCount\":776,\"image\":{\"@id\":\"https:\\\/\\\/exaudi.org\\\/it\\\/echi-del-giubileo-dei-missionari-della-misericordia\\\/#primaryimage\"},\"thumbnailUrl\":\"https:\\\/\\\/exaudi.org\\\/wp-content\\\/uploads\\\/2025\\\/04\\\/cq5dam.thumbnail.cropped.1500.844.jpeg\",\"keywords\":[\"24 ore con il Signore\",\"Anno Santo\",\"carit\u00e0 di Cristo\",\"Chiesa cattolica\",\"Chiesa cattolica\",\"Chiesa cattolica\",\"Chiesa cattolica\",\"Chiesa cattolica\",\"confessione e speranza\",\"formazione missionaria\",\"giubileo\",\"incontro missionario mondiale\",\"missionari\",\"Missionarie della Misericordia\",\"Pace e gioia\",\"parabola del figliol prodigo\",\"riconciliazione\",\"sacramento della confessione\",\"Santissimo Sacramento\",\"Scusa\",\"speranza\",\"testimonianza cristiana\",\"Vaticano\"],\"articleSection\":[\"Analisi\"],\"inLanguage\":\"it-IT\"},{\"@type\":\"WebPage\",\"@id\":\"https:\\\/\\\/exaudi.org\\\/it\\\/echi-del-giubileo-dei-missionari-della-misericordia\\\/\",\"url\":\"https:\\\/\\\/exaudi.org\\\/it\\\/echi-del-giubileo-dei-missionari-della-misericordia\\\/\",\"name\":\"Echi del Giubileo dei Missionari della Misericordia &#8211; Exaudi\",\"isPartOf\":{\"@id\":\"https:\\\/\\\/exaudi.org\\\/#website\"},\"primaryImageOfPage\":{\"@id\":\"https:\\\/\\\/exaudi.org\\\/it\\\/echi-del-giubileo-dei-missionari-della-misericordia\\\/#primaryimage\"},\"image\":{\"@id\":\"https:\\\/\\\/exaudi.org\\\/it\\\/echi-del-giubileo-dei-missionari-della-misericordia\\\/#primaryimage\"},\"thumbnailUrl\":\"https:\\\/\\\/exaudi.org\\\/wp-content\\\/uploads\\\/2025\\\/04\\\/cq5dam.thumbnail.cropped.1500.844.jpeg\",\"datePublished\":\"2025-04-02T14:34:41+00:00\",\"dateModified\":\"2025-04-02T14:46:03+00:00\",\"author\":{\"@id\":\"https:\\\/\\\/exaudi.org\\\/#\\\/schema\\\/person\\\/63aa8d363a4039100348c8036010e9fa\"},\"breadcrumb\":{\"@id\":\"https:\\\/\\\/exaudi.org\\\/it\\\/echi-del-giubileo-dei-missionari-della-misericordia\\\/#breadcrumb\"},\"inLanguage\":\"it-IT\",\"potentialAction\":[{\"@type\":\"ReadAction\",\"target\":[\"https:\\\/\\\/exaudi.org\\\/it\\\/echi-del-giubileo-dei-missionari-della-misericordia\\\/\"]}]},{\"@type\":\"ImageObject\",\"inLanguage\":\"it-IT\",\"@id\":\"https:\\\/\\\/exaudi.org\\\/it\\\/echi-del-giubileo-dei-missionari-della-misericordia\\\/#primaryimage\",\"url\":\"https:\\\/\\\/exaudi.org\\\/wp-content\\\/uploads\\\/2025\\\/04\\\/cq5dam.thumbnail.cropped.1500.844.jpeg\",\"contentUrl\":\"https:\\\/\\\/exaudi.org\\\/wp-content\\\/uploads\\\/2025\\\/04\\\/cq5dam.thumbnail.cropped.1500.844.jpeg\",\"width\":1280,\"height\":720},{\"@type\":\"BreadcrumbList\",\"@id\":\"https:\\\/\\\/exaudi.org\\\/it\\\/echi-del-giubileo-dei-missionari-della-misericordia\\\/#breadcrumb\",\"itemListElement\":[{\"@type\":\"ListItem\",\"position\":1,\"name\":\"Portada\",\"item\":\"https:\\\/\\\/exaudi.org\\\/it\\\/\"},{\"@type\":\"ListItem\",\"position\":2,\"name\":\"Echi del Giubileo dei Missionari della Misericordia\"}]},{\"@type\":\"WebSite\",\"@id\":\"https:\\\/\\\/exaudi.org\\\/#website\",\"url\":\"https:\\\/\\\/exaudi.org\\\/\",\"name\":\"Exaudi\",\"description\":\"News\",\"potentialAction\":[{\"@type\":\"SearchAction\",\"target\":{\"@type\":\"EntryPoint\",\"urlTemplate\":\"https:\\\/\\\/exaudi.org\\\/?s={search_term_string}\"},\"query-input\":{\"@type\":\"PropertyValueSpecification\",\"valueRequired\":true,\"valueName\":\"search_term_string\"}}],\"inLanguage\":\"it-IT\"},{\"@type\":\"Person\",\"@id\":\"https:\\\/\\\/exaudi.org\\\/#\\\/schema\\\/person\\\/63aa8d363a4039100348c8036010e9fa\",\"name\":\"Jos\u00e9 Mar\u00eda Montiu de Nuix\",\"image\":{\"@type\":\"ImageObject\",\"inLanguage\":\"it-IT\",\"@id\":\"https:\\\/\\\/secure.gravatar.com\\\/avatar\\\/f3d1e54272060740a50258cef7d916098d4ffe7ad9f6a7a8603d12c508634d10?s=96&d=mm&r=g\",\"url\":\"https:\\\/\\\/secure.gravatar.com\\\/avatar\\\/f3d1e54272060740a50258cef7d916098d4ffe7ad9f6a7a8603d12c508634d10?s=96&d=mm&r=g\",\"contentUrl\":\"https:\\\/\\\/secure.gravatar.com\\\/avatar\\\/f3d1e54272060740a50258cef7d916098d4ffe7ad9f6a7a8603d12c508634d10?s=96&d=mm&r=g\",\"caption\":\"Jos\u00e9 Mar\u00eda Montiu de Nuix\"},\"description\":\"Nacido en Cervera, L\u00e9rida, Espa\u00f1a, en 1960 y bautizado ese mismo a\u00f1o. Ordenado sacerdote en 1992. Doctor en Filosof\u00eda. Licenciado en Filosof\u00eda y Ciencias de la Educaci\u00f3n por la Universidad de Barcelona (UB). Licenciado (especialidad: Matem\u00e1tica Fundamental), cursos de doctorado y suficiencia investigadora en Ciencias Exactas por la UB. Licenciado en Filosof\u00eda por la Universidad de Navarra. Licenciado en Estudios Eclesi\u00e1sticos por la Facultad de Teolog\u00eda San Vicente Ferrer, Valencia. Docente e investigador con m\u00e1s de medio millar de publicaciones. Acad\u00e9mico de la Academia Hispanoamericana de Doctores.\",\"url\":\"https:\\\/\\\/exaudi.org\\\/it\\\/author\\\/josepmariamontiudenuix\\\/\"}]}<\/script>\n<!-- \/ Yoast SEO plugin. -->","yoast_head_json":{"title":"Echi del Giubileo dei Missionari della Misericordia &#8211; Exaudi","robots":{"index":"index","follow":"follow","max-snippet":"max-snippet:-1","max-image-preview":"max-image-preview:large","max-video-preview":"max-video-preview:-1"},"canonical":"https:\/\/exaudi.org\/it\/echi-del-giubileo-dei-missionari-della-misericordia\/","og_locale":"it_IT","og_type":"article","og_title":"Echi del Giubileo dei Missionari della Misericordia &#8211; Exaudi","og_description":"Misericordia in azione","og_url":"https:\/\/exaudi.org\/it\/echi-del-giubileo-dei-missionari-della-misericordia\/","og_site_name":"Exaudi","article_publisher":"https:\/\/www.facebook.com\/ExaudiNews","article_published_time":"2025-04-02T14:34:41+00:00","article_modified_time":"2025-04-02T14:46:03+00:00","og_image":[{"width":1280,"height":720,"url":"https:\/\/exaudi.org\/wp-content\/uploads\/2025\/04\/cq5dam.thumbnail.cropped.1500.844.jpeg","type":"image\/jpeg"}],"author":"Jos\u00e9 Mar\u00eda Montiu de Nuix","twitter_card":"summary_large_image","twitter_creator":"@Exaudi_News","twitter_site":"@Exaudi_News","twitter_misc":{"Scritto da":"Jos\u00e9 Mar\u00eda Montiu de Nuix","Tempo di lettura stimato":"4 minuti"},"schema":{"@context":"https:\/\/schema.org","@graph":[{"@type":"Article","@id":"https:\/\/exaudi.org\/it\/echi-del-giubileo-dei-missionari-della-misericordia\/#article","isPartOf":{"@id":"https:\/\/exaudi.org\/it\/echi-del-giubileo-dei-missionari-della-misericordia\/"},"author":{"name":"Jos\u00e9 Mar\u00eda Montiu de Nuix","@id":"https:\/\/exaudi.org\/#\/schema\/person\/63aa8d363a4039100348c8036010e9fa"},"headline":"Echi del Giubileo dei Missionari della Misericordia","datePublished":"2025-04-02T14:34:41+00:00","dateModified":"2025-04-02T14:46:03+00:00","mainEntityOfPage":{"@id":"https:\/\/exaudi.org\/it\/echi-del-giubileo-dei-missionari-della-misericordia\/"},"wordCount":776,"image":{"@id":"https:\/\/exaudi.org\/it\/echi-del-giubileo-dei-missionari-della-misericordia\/#primaryimage"},"thumbnailUrl":"https:\/\/exaudi.org\/wp-content\/uploads\/2025\/04\/cq5dam.thumbnail.cropped.1500.844.jpeg","keywords":["24 ore con il Signore","Anno Santo","carit\u00e0 di Cristo","Chiesa cattolica","Chiesa cattolica","Chiesa cattolica","Chiesa cattolica","Chiesa cattolica","confessione e speranza","formazione missionaria","giubileo","incontro missionario mondiale","missionari","Missionarie della Misericordia","Pace e gioia","parabola del figliol prodigo","riconciliazione","sacramento della confessione","Santissimo Sacramento","Scusa","speranza","testimonianza cristiana","Vaticano"],"articleSection":["Analisi"],"inLanguage":"it-IT"},{"@type":"WebPage","@id":"https:\/\/exaudi.org\/it\/echi-del-giubileo-dei-missionari-della-misericordia\/","url":"https:\/\/exaudi.org\/it\/echi-del-giubileo-dei-missionari-della-misericordia\/","name":"Echi del Giubileo dei Missionari della Misericordia &#8211; Exaudi","isPartOf":{"@id":"https:\/\/exaudi.org\/#website"},"primaryImageOfPage":{"@id":"https:\/\/exaudi.org\/it\/echi-del-giubileo-dei-missionari-della-misericordia\/#primaryimage"},"image":{"@id":"https:\/\/exaudi.org\/it\/echi-del-giubileo-dei-missionari-della-misericordia\/#primaryimage"},"thumbnailUrl":"https:\/\/exaudi.org\/wp-content\/uploads\/2025\/04\/cq5dam.thumbnail.cropped.1500.844.jpeg","datePublished":"2025-04-02T14:34:41+00:00","dateModified":"2025-04-02T14:46:03+00:00","author":{"@id":"https:\/\/exaudi.org\/#\/schema\/person\/63aa8d363a4039100348c8036010e9fa"},"breadcrumb":{"@id":"https:\/\/exaudi.org\/it\/echi-del-giubileo-dei-missionari-della-misericordia\/#breadcrumb"},"inLanguage":"it-IT","potentialAction":[{"@type":"ReadAction","target":["https:\/\/exaudi.org\/it\/echi-del-giubileo-dei-missionari-della-misericordia\/"]}]},{"@type":"ImageObject","inLanguage":"it-IT","@id":"https:\/\/exaudi.org\/it\/echi-del-giubileo-dei-missionari-della-misericordia\/#primaryimage","url":"https:\/\/exaudi.org\/wp-content\/uploads\/2025\/04\/cq5dam.thumbnail.cropped.1500.844.jpeg","contentUrl":"https:\/\/exaudi.org\/wp-content\/uploads\/2025\/04\/cq5dam.thumbnail.cropped.1500.844.jpeg","width":1280,"height":720},{"@type":"BreadcrumbList","@id":"https:\/\/exaudi.org\/it\/echi-del-giubileo-dei-missionari-della-misericordia\/#breadcrumb","itemListElement":[{"@type":"ListItem","position":1,"name":"Portada","item":"https:\/\/exaudi.org\/it\/"},{"@type":"ListItem","position":2,"name":"Echi del Giubileo dei Missionari della Misericordia"}]},{"@type":"WebSite","@id":"https:\/\/exaudi.org\/#website","url":"https:\/\/exaudi.org\/","name":"Exaudi","description":"News","potentialAction":[{"@type":"SearchAction","target":{"@type":"EntryPoint","urlTemplate":"https:\/\/exaudi.org\/?s={search_term_string}"},"query-input":{"@type":"PropertyValueSpecification","valueRequired":true,"valueName":"search_term_string"}}],"inLanguage":"it-IT"},{"@type":"Person","@id":"https:\/\/exaudi.org\/#\/schema\/person\/63aa8d363a4039100348c8036010e9fa","name":"Jos\u00e9 Mar\u00eda Montiu de Nuix","image":{"@type":"ImageObject","inLanguage":"it-IT","@id":"https:\/\/secure.gravatar.com\/avatar\/f3d1e54272060740a50258cef7d916098d4ffe7ad9f6a7a8603d12c508634d10?s=96&d=mm&r=g","url":"https:\/\/secure.gravatar.com\/avatar\/f3d1e54272060740a50258cef7d916098d4ffe7ad9f6a7a8603d12c508634d10?s=96&d=mm&r=g","contentUrl":"https:\/\/secure.gravatar.com\/avatar\/f3d1e54272060740a50258cef7d916098d4ffe7ad9f6a7a8603d12c508634d10?s=96&d=mm&r=g","caption":"Jos\u00e9 Mar\u00eda Montiu de Nuix"},"description":"Nacido en Cervera, L\u00e9rida, Espa\u00f1a, en 1960 y bautizado ese mismo a\u00f1o. Ordenado sacerdote en 1992. Doctor en Filosof\u00eda. Licenciado en Filosof\u00eda y Ciencias de la Educaci\u00f3n por la Universidad de Barcelona (UB). Licenciado (especialidad: Matem\u00e1tica Fundamental), cursos de doctorado y suficiencia investigadora en Ciencias Exactas por la UB. Licenciado en Filosof\u00eda por la Universidad de Navarra. Licenciado en Estudios Eclesi\u00e1sticos por la Facultad de Teolog\u00eda San Vicente Ferrer, Valencia. Docente e investigador con m\u00e1s de medio millar de publicaciones. Acad\u00e9mico de la Academia Hispanoamericana de Doctores.","url":"https:\/\/exaudi.org\/it\/author\/josepmariamontiudenuix\/"}]}},"jetpack_featured_media_url":"https:\/\/exaudi.org\/wp-content\/uploads\/2025\/04\/cq5dam.thumbnail.cropped.1500.844.jpeg","jetpack_shortlink":"https:\/\/wp.me\/pgKjF2-vXH","_links":{"self":[{"href":"https:\/\/exaudi.org\/it\/wp-json\/wp\/v2\/posts\/122865","targetHints":{"allow":["GET"]}}],"collection":[{"href":"https:\/\/exaudi.org\/it\/wp-json\/wp\/v2\/posts"}],"about":[{"href":"https:\/\/exaudi.org\/it\/wp-json\/wp\/v2\/types\/post"}],"author":[{"embeddable":true,"href":"https:\/\/exaudi.org\/it\/wp-json\/wp\/v2\/users\/45"}],"replies":[{"embeddable":true,"href":"https:\/\/exaudi.org\/it\/wp-json\/wp\/v2\/comments?post=122865"}],"version-history":[{"count":0,"href":"https:\/\/exaudi.org\/it\/wp-json\/wp\/v2\/posts\/122865\/revisions"}],"wp:featuredmedia":[{"embeddable":true,"href":"https:\/\/exaudi.org\/it\/wp-json\/wp\/v2\/media\/122717"}],"wp:attachment":[{"href":"https:\/\/exaudi.org\/it\/wp-json\/wp\/v2\/media?parent=122865"}],"wp:term":[{"taxonomy":"category","embeddable":true,"href":"https:\/\/exaudi.org\/it\/wp-json\/wp\/v2\/categories?post=122865"},{"taxonomy":"post_tag","embeddable":true,"href":"https:\/\/exaudi.org\/it\/wp-json\/wp\/v2\/tags?post=122865"}],"curies":[{"name":"wp","href":"https:\/\/api.w.org\/{rel}","templated":true}]}}