{"id":122780,"date":"2025-04-01T19:39:38","date_gmt":"2025-04-01T17:39:38","guid":{"rendered":"https:\/\/exaudi.org\/?p=122780"},"modified":"2025-04-01T19:49:24","modified_gmt":"2025-04-01T17:49:24","slug":"il-sacerdote-trova-la-sua-ragion-dessere-nelleucaristia","status":"publish","type":"post","link":"https:\/\/exaudi.org\/it\/il-sacerdote-trova-la-sua-ragion-dessere-nelleucaristia\/","title":{"rendered":"&#8220;Il sacerdote trova la sua ragion d&#8217;essere nell&#8217;Eucaristia&#8221;"},"content":{"rendered":"<p>Jeus Jardin ha trovato la sua vocazione nell&#8217;<a href=\"https:\/\/fundacioncarf.org\/es\/la-eucaristia-memorial-del-corazon\/\">Eucaristia<\/a>, abbandonando la sua carriera di infermiere per seguire l&#8217;invito di Dio a diventare sacerdote.<\/p>\n<p>Proveniente da una famiglia non praticante, questo sacerdote filippino, dopo aver resistito per un po&#8217; alla chiamata di Dio, condivide la sua testimonianza di come alla fine si \u00e8 arreso alla voce che lo esortava a consacrarsi solo a Lui.<\/p>\n<p>Dio scrive dritto anche sulle linee storte e crea vere e proprie opere d&#8217;arte. \u00c8 il caso di padre Jeus Jardin, sacerdote filippino dell&#8217;arcidiocesi di Davao, che ha conosciuto l&#8217;amore di Dio durante l&#8217;infanzia e l&#8217;adolescenza, nonostante provenisse da una famiglia non praticante, grazie all&#8217;importante ruolo della nonna.<\/p>\n<p>Quando ormai aveva compiuto il grande passo di diventare sacerdote, e nonostante l&#8217;opposizione dei genitori, ben presto avrebbe dovuto abbandonare il seminario. Ha conseguito la laurea in Infermieristica e ha lavorato come professore universitario. Ma quelle lettere che Dio aveva infuso nel suo cuore non finirono per essere cancellate, finch\u00e9, alla fine, dovette arrendersi all&#8217;evidenza circa la strada da seguire.<\/p>\n<p>Aveva una bella vita e aveva perfino ottenuto il permesso di esercitare la professione infermieristica negli Stati Uniti, ma sapeva di essere chiamato a una missione molto pi\u00f9 alta. Cos\u00ec, con umilt\u00e0 e otto anni dopo, chiese di rientrare in seminario per essere finalmente ordinato <a href=\"https:\/\/fundacioncarf.org\/ser-sacerdote-en-bolivia-regalo-para-los-fieles\/\">sacerdote<\/a> nel 2017. E vide che tutto era fatto bene.<\/p>\n<h3><strong><img loading=\"lazy\" decoding=\"async\" class=\"size-medium wp-image-122615 alignright\" src=\"https:\/\/exaudi.org\/wp-content\/uploads\/2025\/03\/aprender-a-ser-sacerdote-300x200.png\" alt=\"\" width=\"300\" height=\"200\" srcset=\"https:\/\/exaudi.org\/wp-content\/uploads\/2025\/03\/aprender-a-ser-sacerdote-300x200.png 300w, https:\/\/exaudi.org\/wp-content\/uploads\/2025\/03\/aprender-a-ser-sacerdote-360x240.png?crop=1 360w, https:\/\/exaudi.org\/wp-content\/uploads\/2025\/03\/aprender-a-ser-sacerdote-500x333.png 500w, https:\/\/exaudi.org\/wp-content\/uploads\/2025\/03\/aprender-a-ser-sacerdote.png 720w\" sizes=\"auto, (max-width: 300px) 100vw, 300px\" \/>Una chiamata al cuore<\/strong><\/h3>\n<p>&#8220;Dio ha sempre un modo per far conoscere la Sua volont\u00e0 attraverso i desideri del cuore di ogni persona, e la stessa cosa \u00e8 successa con me, perch\u00e9 sentivo che il Signore mi stava ancora chiamando al sacerdozio&#8221;, spiega in questa intervista.<\/p>\n<p>Don Jeus confessa che il suo cuore gli diceva che, se voleva essere felice, doveva tornare alle sue origini, in questo caso al seminario. In realt\u00e0 la sua vita andava bene, ma n\u00e9 il denaro n\u00e9 la paura di perdere tutto ci\u00f2 che aveva realizzato professionalmente riuscirono a vincere la chiamata di Dio. &#8220;Ho visto che la felicit\u00e0 non veniva da l\u00ec, e il mio cuore lo sentiva&#8221;, aggiunge.<\/p>\n<p>Al suo ritorno in seminario, il suo vescovo decise di mandarlo a studiare presso il <a href=\"https:\/\/seminariobidasoa.org\/\">Seminario Internazionale di Bidasoa<\/a> e l&#8217;Universit\u00e0 di Navarra, grazie a una borsa di studio della Fondazione CARF, cosa che gli permise di rafforzare e confermare notevolmente la sua vocazione sacerdotale.<\/p>\n<h3><strong>Imparare a essere prete<\/strong><\/h3>\n<p>&#8220;Sono stato a Pamplona sette anni, cinque come seminarista a Bidasoa e due come sacerdote. Pamplona \u00e8 la mia seconda casa. &#8220;Come seminarista, ho avuto dei formatori che erano dei veri uomini di Dio, che mi hanno insegnato non solo con le loro parole, ma anche con la loro vita, cosa significa essere un sacerdote&#8221;, sottolinea con convinzione Jeus Jardin.<\/p>\n<p>Gli anni trascorsi a Pamplona non solo gli hanno dato una solida formazione intellettuale, ma, citando specificamente Bidasoa, l&#8217;Universit\u00e0 di Navarra e, nel suo secondo periodo in Spagna, la residenza Cristo Rey in via Padre Barace a Pamplona, \u200b\u200bafferma che \u00e8 stato in questi luoghi &#8220;dove mi hanno insegnato a essere un sacerdote, un amico e una persona, e per questo posso dire che mi hanno insegnato molto&#8221;.<\/p>\n<p>Ora, Jeus Jardin stesso trasmette questo stesso spirito nel seminario della sua arcidiocesi, dove mostra ai giovani le grandi sfide che i sacerdoti devono affrontare oggi. Secondo lui, questi sono i migliori consigli per affrontarli: &#8220;cercare di comprendere i propri limiti e non superarli; dare valore ai momenti di preghiera e di direzione spirituale; imparare a riposare con la Madre e il Signore&#8221;. Inoltre, sottolinea l&#8217;importanza della Santa Messa: &#8220;il sacerdote trova nell&#8217;Eucaristia la sua ragion d&#8217;essere fondamentale; \u00e8 la ragion del suo sacerdozio&#8221;.<\/p>\n<h3><strong><img loading=\"lazy\" decoding=\"async\" class=\"size-medium wp-image-122621 alignleft\" src=\"https:\/\/exaudi.org\/wp-content\/uploads\/2025\/03\/jeus-jardin-sacerdote-filipino-pandemia-300x225.png\" alt=\"\" width=\"300\" height=\"225\" srcset=\"https:\/\/exaudi.org\/wp-content\/uploads\/2025\/03\/jeus-jardin-sacerdote-filipino-pandemia-300x225.png 300w, https:\/\/exaudi.org\/wp-content\/uploads\/2025\/03\/jeus-jardin-sacerdote-filipino-pandemia-770x578.png 770w, https:\/\/exaudi.org\/wp-content\/uploads\/2025\/03\/jeus-jardin-sacerdote-filipino-pandemia-500x375.png 500w, https:\/\/exaudi.org\/wp-content\/uploads\/2025\/03\/jeus-jardin-sacerdote-filipino-pandemia.png 800w\" sizes=\"auto, (max-width: 300px) 100vw, 300px\" \/>Non temere il silenzio<\/strong><\/h3>\n<p>Di fronte alla crisi di vocazioni che sembra devastare la Chiesa in questo momento, padre Jeus resta fiducioso e afferma che &#8220;il Signore chiama sempre, anche se per sentire la sua voce \u00e8 necessario saper ascoltare e non temere il silenzio, perch\u00e9 il Signore chiama, ma la sua voce \u00e8 sottile&#8221;.<\/p>\n<p>Ai giovani che hanno gi\u00e0 sentito questa chiamata, egli invita a non aver paura di rispondere. &#8220;Nella mia esperienza, ho visto che avevo molta paura di lasciare le cose che avevo: di guadagnare meno soldi, di non poter avere una casa o una macchina. Ma il Signore \u00e8 un buon pagatore. Non siamo chiamati solo ad avere beni materiali. Siamo chiamati a una vita trascendente, a una vita in comunione con Dio. \u00c8 l\u00ec che risiede la nostra felicit\u00e0&#8221;, aggiunge.<\/p>\n<p>Come momento pi\u00f9 memorabile della sua vita sacerdotale, egli ricorda quello in cui pot\u00e9 sperimentare la Provvidenza in modo molto chiaro e in cui dovette mettere in pratica tutto ci\u00f2 che aveva imparato in precedenza. &#8220;Nel seminario in cui attualmente svolgo il ruolo di tesoriere, stiamo affrontando un&#8217;epidemia di COVID con circa 75 persone infette, tra seminaristi e sacerdoti.<\/p>\n<p>Il mio test era negativo, ma data la mia posizione, ho deciso di stare con tutti coloro che erano malati. Siamo riusciti a coesistere e a sopravvivere, e a sperimentare veramente la provvidenza di Dio. &#8220;I giorni di quarantena con i seminaristi e i sacerdoti sono diventati per me giorni indimenticabili&#8221;, ricorda.<\/p>\n<p>Infine, questo sacerdote delle Filippine vorrebbe esprimere la sua gratitudine ai benefattori della Fondazione CARF che hanno fatto tanto bene a lui, prima come seminarista e poi come sacerdote: &#8220;Grazie mille a tutti. Il vostro sostegno rende possibile ai seminaristi e ai sacerdoti come me di ricevere la formazione necessaria per il compito di essere un pastore. Che Dio ve ne ricompensi.<\/p>\n","protected":false},"excerpt":{"rendered":"<p>L&#8217;Eucaristia \u00e8 il centro di tutti i sacerdoti e del sacerdozio di padre Jeus Jardin, sacerdote filippino, che ha abbandonato la carriera infermieristica per seguire la sua vocazione e la chiamata di Dio<\/p>\n","protected":false},"author":119,"featured_media":122618,"comment_status":"closed","ping_status":"closed","sticky":false,"template":"","format":"standard","meta":{"_acf_changed":false,"_crdt_document":"","inline_featured_image":false,"footnotes":""},"categories":[73,97],"tags":[16942,52292,52293,20889,1384,52295,11577,15435,52296,52294,578,3356,52297,1370,6449,2825,37840,44208,4952,13555,1596,15444],"class_list":["post-122780","post","type-post","status-publish","format-standard","has-post-thumbnail","hentry","category-chiesa-e-mondo","category-testimoni","tag-chiamata-di-dio","tag-covid-e-sacerdoti","tag-crisi-delle-vocazioni","tag-direzione-spirituale","tag-eucaristia","tag-felicita-in-dio","tag-fondazione-carf","tag-formazione-sacerdotale","tag-giardino-di-gesu","tag-il-sacerdote-trova-la-sua-ragione-dessere-nelleucaristia","tag-preghiera","tag-sacerdote-it","tag-sacerdote-filippino","tag-sacerdozio","tag-santa-messa","tag-seminario-it","tag-seminario-di-bidasoa","tag-testimonianza-sacerdotale","tag-trending-it","tag-universita-di-navarra","tag-vocazione","tag-vocazione-sacerdotale"],"acf":[],"yoast_head":"<!-- This site is optimized with the Yoast SEO plugin v27.5 - https:\/\/yoast.com\/product\/yoast-seo-wordpress\/ -->\n<title>&quot;Il sacerdote trova la sua ragion d&#039;essere nell&#039;Eucaristia&quot; &#8211; Exaudi<\/title>\n<meta name=\"robots\" content=\"index, follow, max-snippet:-1, max-image-preview:large, max-video-preview:-1\" \/>\n<link rel=\"canonical\" href=\"https:\/\/exaudi.org\/it\/il-sacerdote-trova-la-sua-ragion-dessere-nelleucaristia\/\" \/>\n<meta property=\"og:locale\" content=\"it_IT\" \/>\n<meta property=\"og:type\" content=\"article\" \/>\n<meta property=\"og:title\" content=\"&quot;Il sacerdote trova la sua ragion d&#039;essere nell&#039;Eucaristia&quot; &#8211; Exaudi\" \/>\n<meta property=\"og:description\" content=\"L&#039;Eucaristia \u00e8 il centro di tutti i sacerdoti e del sacerdozio di padre Jeus Jardin, sacerdote filippino, che ha abbandonato la carriera infermieristica per seguire la sua vocazione e la chiamata di Dio\" \/>\n<meta property=\"og:url\" content=\"https:\/\/exaudi.org\/it\/il-sacerdote-trova-la-sua-ragion-dessere-nelleucaristia\/\" \/>\n<meta property=\"og:site_name\" content=\"Exaudi\" \/>\n<meta property=\"article:publisher\" content=\"https:\/\/www.facebook.com\/ExaudiNews\" \/>\n<meta property=\"article:author\" content=\"https:\/\/www.facebook.com\/fundacioncarf\/\" \/>\n<meta property=\"article:published_time\" content=\"2025-04-01T17:39:38+00:00\" \/>\n<meta property=\"article:modified_time\" content=\"2025-04-01T17:49:24+00:00\" \/>\n<meta property=\"og:image\" content=\"https:\/\/exaudi.org\/wp-content\/uploads\/2025\/03\/jesu-jardin-sacerdote-eucaristia.png\" \/>\n\t<meta property=\"og:image:width\" content=\"800\" \/>\n\t<meta property=\"og:image:height\" content=\"600\" \/>\n\t<meta property=\"og:image:type\" content=\"image\/png\" \/>\n<meta name=\"author\" content=\"Fundaci\u00f3n CARF\" \/>\n<meta name=\"twitter:card\" content=\"summary_large_image\" \/>\n<meta name=\"twitter:creator\" content=\"@https:\/\/x.com\/fundacioncarf\" \/>\n<meta name=\"twitter:site\" content=\"@Exaudi_News\" \/>\n<meta name=\"twitter:label1\" content=\"Scritto da\" \/>\n\t<meta name=\"twitter:data1\" content=\"Fundaci\u00f3n CARF\" \/>\n\t<meta name=\"twitter:label2\" content=\"Tempo di lettura stimato\" \/>\n\t<meta name=\"twitter:data2\" content=\"4 minuti\" \/>\n<script type=\"application\/ld+json\" class=\"yoast-schema-graph\">{\"@context\":\"https:\\\/\\\/schema.org\",\"@graph\":[{\"@type\":\"Article\",\"@id\":\"https:\\\/\\\/exaudi.org\\\/it\\\/il-sacerdote-trova-la-sua-ragion-dessere-nelleucaristia\\\/#article\",\"isPartOf\":{\"@id\":\"https:\\\/\\\/exaudi.org\\\/it\\\/il-sacerdote-trova-la-sua-ragion-dessere-nelleucaristia\\\/\"},\"author\":{\"name\":\"Fundaci\u00f3n CARF\",\"@id\":\"https:\\\/\\\/exaudi.org\\\/#\\\/schema\\\/person\\\/fab8261a088ccf38cb54b3c50baa7baf\"},\"headline\":\"&#8220;Il sacerdote trova la sua ragion d&#8217;essere nell&#8217;Eucaristia&#8221;\",\"datePublished\":\"2025-04-01T17:39:38+00:00\",\"dateModified\":\"2025-04-01T17:49:24+00:00\",\"mainEntityOfPage\":{\"@id\":\"https:\\\/\\\/exaudi.org\\\/it\\\/il-sacerdote-trova-la-sua-ragion-dessere-nelleucaristia\\\/\"},\"wordCount\":923,\"image\":{\"@id\":\"https:\\\/\\\/exaudi.org\\\/it\\\/il-sacerdote-trova-la-sua-ragion-dessere-nelleucaristia\\\/#primaryimage\"},\"thumbnailUrl\":\"https:\\\/\\\/exaudi.org\\\/wp-content\\\/uploads\\\/2025\\\/03\\\/jesu-jardin-sacerdote-eucaristia.png\",\"keywords\":[\"CHIAMATA DI DIO\",\"COVID e sacerdoti\",\"crisi delle vocazioni\",\"DIREZIONE SPIRITUALE\",\"Eucaristia\",\"felicit\u00e0 in Dio\",\"FONDAZIONE CARF\",\"FORMAZIONE SACERDOTALE\",\"Giardino di Ges\u00f9\",\"Il sacerdote trova la sua ragione d'essere nell'Eucaristia\",\"preghiera\",\"Sacerdote\",\"Sacerdote filippino\",\"sacerdozio\",\"Santa Messa\",\"Seminario\",\"Seminario di Bidasoa\",\"testimonianza sacerdotale\",\"Trending\",\"UNIVERSIT\u00c0 DI NAVARRA\",\"vocazione\",\"VOCAZIONE SACERDOTALE\"],\"articleSection\":[\"Chiesa e Mondo\",\"Testimoni\"],\"inLanguage\":\"it-IT\"},{\"@type\":\"WebPage\",\"@id\":\"https:\\\/\\\/exaudi.org\\\/it\\\/il-sacerdote-trova-la-sua-ragion-dessere-nelleucaristia\\\/\",\"url\":\"https:\\\/\\\/exaudi.org\\\/it\\\/il-sacerdote-trova-la-sua-ragion-dessere-nelleucaristia\\\/\",\"name\":\"\\\"Il sacerdote trova la sua ragion d'essere nell'Eucaristia\\\" &#8211; Exaudi\",\"isPartOf\":{\"@id\":\"https:\\\/\\\/exaudi.org\\\/#website\"},\"primaryImageOfPage\":{\"@id\":\"https:\\\/\\\/exaudi.org\\\/it\\\/il-sacerdote-trova-la-sua-ragion-dessere-nelleucaristia\\\/#primaryimage\"},\"image\":{\"@id\":\"https:\\\/\\\/exaudi.org\\\/it\\\/il-sacerdote-trova-la-sua-ragion-dessere-nelleucaristia\\\/#primaryimage\"},\"thumbnailUrl\":\"https:\\\/\\\/exaudi.org\\\/wp-content\\\/uploads\\\/2025\\\/03\\\/jesu-jardin-sacerdote-eucaristia.png\",\"datePublished\":\"2025-04-01T17:39:38+00:00\",\"dateModified\":\"2025-04-01T17:49:24+00:00\",\"author\":{\"@id\":\"https:\\\/\\\/exaudi.org\\\/#\\\/schema\\\/person\\\/fab8261a088ccf38cb54b3c50baa7baf\"},\"breadcrumb\":{\"@id\":\"https:\\\/\\\/exaudi.org\\\/it\\\/il-sacerdote-trova-la-sua-ragion-dessere-nelleucaristia\\\/#breadcrumb\"},\"inLanguage\":\"it-IT\",\"potentialAction\":[{\"@type\":\"ReadAction\",\"target\":[\"https:\\\/\\\/exaudi.org\\\/it\\\/il-sacerdote-trova-la-sua-ragion-dessere-nelleucaristia\\\/\"]}]},{\"@type\":\"ImageObject\",\"inLanguage\":\"it-IT\",\"@id\":\"https:\\\/\\\/exaudi.org\\\/it\\\/il-sacerdote-trova-la-sua-ragion-dessere-nelleucaristia\\\/#primaryimage\",\"url\":\"https:\\\/\\\/exaudi.org\\\/wp-content\\\/uploads\\\/2025\\\/03\\\/jesu-jardin-sacerdote-eucaristia.png\",\"contentUrl\":\"https:\\\/\\\/exaudi.org\\\/wp-content\\\/uploads\\\/2025\\\/03\\\/jesu-jardin-sacerdote-eucaristia.png\",\"width\":800,\"height\":600},{\"@type\":\"BreadcrumbList\",\"@id\":\"https:\\\/\\\/exaudi.org\\\/it\\\/il-sacerdote-trova-la-sua-ragion-dessere-nelleucaristia\\\/#breadcrumb\",\"itemListElement\":[{\"@type\":\"ListItem\",\"position\":1,\"name\":\"Portada\",\"item\":\"https:\\\/\\\/exaudi.org\\\/it\\\/\"},{\"@type\":\"ListItem\",\"position\":2,\"name\":\"&#8220;Il sacerdote trova la sua ragion d&#8217;essere nell&#8217;Eucaristia&#8221;\"}]},{\"@type\":\"WebSite\",\"@id\":\"https:\\\/\\\/exaudi.org\\\/#website\",\"url\":\"https:\\\/\\\/exaudi.org\\\/\",\"name\":\"Exaudi\",\"description\":\"News\",\"potentialAction\":[{\"@type\":\"SearchAction\",\"target\":{\"@type\":\"EntryPoint\",\"urlTemplate\":\"https:\\\/\\\/exaudi.org\\\/?s={search_term_string}\"},\"query-input\":{\"@type\":\"PropertyValueSpecification\",\"valueRequired\":true,\"valueName\":\"search_term_string\"}}],\"inLanguage\":\"it-IT\"},{\"@type\":\"Person\",\"@id\":\"https:\\\/\\\/exaudi.org\\\/#\\\/schema\\\/person\\\/fab8261a088ccf38cb54b3c50baa7baf\",\"name\":\"Fundaci\u00f3n CARF\",\"image\":{\"@type\":\"ImageObject\",\"inLanguage\":\"it-IT\",\"@id\":\"https:\\\/\\\/secure.gravatar.com\\\/avatar\\\/ab292d3529973c0d1cf4cda9208c6a8a7ee52923f0a291c39104715fa46aae4b?s=96&d=mm&r=g\",\"url\":\"https:\\\/\\\/secure.gravatar.com\\\/avatar\\\/ab292d3529973c0d1cf4cda9208c6a8a7ee52923f0a291c39104715fa46aae4b?s=96&d=mm&r=g\",\"contentUrl\":\"https:\\\/\\\/secure.gravatar.com\\\/avatar\\\/ab292d3529973c0d1cf4cda9208c6a8a7ee52923f0a291c39104715fa46aae4b?s=96&d=mm&r=g\",\"caption\":\"Fundaci\u00f3n CARF\"},\"description\":\"Trabajamos para llevar la sonrisa de Dios a todos los rincones del mundo a trav\u00e9s de los sacerdotes y ayudando a su formaci\u00f3n. Gracias a nuestros benefactores, ayudamos a la formaci\u00f3n de los sacerdotes, difundimos su buen nombre y rezamos por su fidelidad y las vocaciones. Trabajamos para servir a la Iglesia y que ninguna vocaci\u00f3n se pierda y luego ellos puedan transmitir en su labor pastoral toda la luz, ciencia y doctrina recibida. Acad\u00e9mico Las licenciaturas, programas de especializacio\u0301n o doctorados, otorgan a cada candidato una formaci\u00f3n espec\u00edfica en Teologi\u0301a, Filosofi\u0301a, Derecho Cano\u0301nico o Comunicacio\u0301n Social Institucional. Espiritual Los seminaristas y sacerdotes complementan su formacio\u0301n acade\u0301mica y humana con la espiritual, ya que deben estar preparados para seguir su vocaci\u00f3n y prestar su cuerpo y su espi\u0301ritu al Sen\u0303or. Humano A trave\u0301s del ambiente de familia y de preparaci\u00f3n, se consigue el desarrollo de actitudes, capacidades y valores que impactan en el crecimiento personal y social de los sacerdotes.\",\"sameAs\":[\"https:\\\/\\\/fundacioncarf.org\\\/\",\"https:\\\/\\\/www.facebook.com\\\/fundacioncarf\\\/\",\"https:\\\/\\\/www.instagram.com\\\/fundacioncarf\\\/\",\"https:\\\/\\\/www.linkedin.com\\\/company\\\/fundacioncarf\\\/posts\\\/?feedView=all\",\"https:\\\/\\\/x.com\\\/https:\\\/\\\/x.com\\\/fundacioncarf\",\"https:\\\/\\\/www.youtube.com\\\/c\\\/fundacioncarf\"],\"url\":\"https:\\\/\\\/exaudi.org\\\/it\\\/author\\\/carf\\\/\"}]}<\/script>\n<!-- \/ Yoast SEO plugin. -->","yoast_head_json":{"title":"\"Il sacerdote trova la sua ragion d'essere nell'Eucaristia\" &#8211; Exaudi","robots":{"index":"index","follow":"follow","max-snippet":"max-snippet:-1","max-image-preview":"max-image-preview:large","max-video-preview":"max-video-preview:-1"},"canonical":"https:\/\/exaudi.org\/it\/il-sacerdote-trova-la-sua-ragion-dessere-nelleucaristia\/","og_locale":"it_IT","og_type":"article","og_title":"\"Il sacerdote trova la sua ragion d'essere nell'Eucaristia\" &#8211; Exaudi","og_description":"L'Eucaristia \u00e8 il centro di tutti i sacerdoti e del sacerdozio di padre Jeus Jardin, sacerdote filippino, che ha abbandonato la carriera infermieristica per seguire la sua vocazione e la chiamata di Dio","og_url":"https:\/\/exaudi.org\/it\/il-sacerdote-trova-la-sua-ragion-dessere-nelleucaristia\/","og_site_name":"Exaudi","article_publisher":"https:\/\/www.facebook.com\/ExaudiNews","article_author":"https:\/\/www.facebook.com\/fundacioncarf\/","article_published_time":"2025-04-01T17:39:38+00:00","article_modified_time":"2025-04-01T17:49:24+00:00","og_image":[{"width":800,"height":600,"url":"https:\/\/exaudi.org\/wp-content\/uploads\/2025\/03\/jesu-jardin-sacerdote-eucaristia.png","type":"image\/png"}],"author":"Fundaci\u00f3n CARF","twitter_card":"summary_large_image","twitter_creator":"@https:\/\/x.com\/fundacioncarf","twitter_site":"@Exaudi_News","twitter_misc":{"Scritto da":"Fundaci\u00f3n CARF","Tempo di lettura stimato":"4 minuti"},"schema":{"@context":"https:\/\/schema.org","@graph":[{"@type":"Article","@id":"https:\/\/exaudi.org\/it\/il-sacerdote-trova-la-sua-ragion-dessere-nelleucaristia\/#article","isPartOf":{"@id":"https:\/\/exaudi.org\/it\/il-sacerdote-trova-la-sua-ragion-dessere-nelleucaristia\/"},"author":{"name":"Fundaci\u00f3n CARF","@id":"https:\/\/exaudi.org\/#\/schema\/person\/fab8261a088ccf38cb54b3c50baa7baf"},"headline":"&#8220;Il sacerdote trova la sua ragion d&#8217;essere nell&#8217;Eucaristia&#8221;","datePublished":"2025-04-01T17:39:38+00:00","dateModified":"2025-04-01T17:49:24+00:00","mainEntityOfPage":{"@id":"https:\/\/exaudi.org\/it\/il-sacerdote-trova-la-sua-ragion-dessere-nelleucaristia\/"},"wordCount":923,"image":{"@id":"https:\/\/exaudi.org\/it\/il-sacerdote-trova-la-sua-ragion-dessere-nelleucaristia\/#primaryimage"},"thumbnailUrl":"https:\/\/exaudi.org\/wp-content\/uploads\/2025\/03\/jesu-jardin-sacerdote-eucaristia.png","keywords":["CHIAMATA DI DIO","COVID e sacerdoti","crisi delle vocazioni","DIREZIONE SPIRITUALE","Eucaristia","felicit\u00e0 in Dio","FONDAZIONE CARF","FORMAZIONE SACERDOTALE","Giardino di Ges\u00f9","Il sacerdote trova la sua ragione d'essere nell'Eucaristia","preghiera","Sacerdote","Sacerdote filippino","sacerdozio","Santa Messa","Seminario","Seminario di Bidasoa","testimonianza sacerdotale","Trending","UNIVERSIT\u00c0 DI NAVARRA","vocazione","VOCAZIONE SACERDOTALE"],"articleSection":["Chiesa e Mondo","Testimoni"],"inLanguage":"it-IT"},{"@type":"WebPage","@id":"https:\/\/exaudi.org\/it\/il-sacerdote-trova-la-sua-ragion-dessere-nelleucaristia\/","url":"https:\/\/exaudi.org\/it\/il-sacerdote-trova-la-sua-ragion-dessere-nelleucaristia\/","name":"\"Il sacerdote trova la sua ragion d'essere nell'Eucaristia\" &#8211; Exaudi","isPartOf":{"@id":"https:\/\/exaudi.org\/#website"},"primaryImageOfPage":{"@id":"https:\/\/exaudi.org\/it\/il-sacerdote-trova-la-sua-ragion-dessere-nelleucaristia\/#primaryimage"},"image":{"@id":"https:\/\/exaudi.org\/it\/il-sacerdote-trova-la-sua-ragion-dessere-nelleucaristia\/#primaryimage"},"thumbnailUrl":"https:\/\/exaudi.org\/wp-content\/uploads\/2025\/03\/jesu-jardin-sacerdote-eucaristia.png","datePublished":"2025-04-01T17:39:38+00:00","dateModified":"2025-04-01T17:49:24+00:00","author":{"@id":"https:\/\/exaudi.org\/#\/schema\/person\/fab8261a088ccf38cb54b3c50baa7baf"},"breadcrumb":{"@id":"https:\/\/exaudi.org\/it\/il-sacerdote-trova-la-sua-ragion-dessere-nelleucaristia\/#breadcrumb"},"inLanguage":"it-IT","potentialAction":[{"@type":"ReadAction","target":["https:\/\/exaudi.org\/it\/il-sacerdote-trova-la-sua-ragion-dessere-nelleucaristia\/"]}]},{"@type":"ImageObject","inLanguage":"it-IT","@id":"https:\/\/exaudi.org\/it\/il-sacerdote-trova-la-sua-ragion-dessere-nelleucaristia\/#primaryimage","url":"https:\/\/exaudi.org\/wp-content\/uploads\/2025\/03\/jesu-jardin-sacerdote-eucaristia.png","contentUrl":"https:\/\/exaudi.org\/wp-content\/uploads\/2025\/03\/jesu-jardin-sacerdote-eucaristia.png","width":800,"height":600},{"@type":"BreadcrumbList","@id":"https:\/\/exaudi.org\/it\/il-sacerdote-trova-la-sua-ragion-dessere-nelleucaristia\/#breadcrumb","itemListElement":[{"@type":"ListItem","position":1,"name":"Portada","item":"https:\/\/exaudi.org\/it\/"},{"@type":"ListItem","position":2,"name":"&#8220;Il sacerdote trova la sua ragion d&#8217;essere nell&#8217;Eucaristia&#8221;"}]},{"@type":"WebSite","@id":"https:\/\/exaudi.org\/#website","url":"https:\/\/exaudi.org\/","name":"Exaudi","description":"News","potentialAction":[{"@type":"SearchAction","target":{"@type":"EntryPoint","urlTemplate":"https:\/\/exaudi.org\/?s={search_term_string}"},"query-input":{"@type":"PropertyValueSpecification","valueRequired":true,"valueName":"search_term_string"}}],"inLanguage":"it-IT"},{"@type":"Person","@id":"https:\/\/exaudi.org\/#\/schema\/person\/fab8261a088ccf38cb54b3c50baa7baf","name":"Fundaci\u00f3n CARF","image":{"@type":"ImageObject","inLanguage":"it-IT","@id":"https:\/\/secure.gravatar.com\/avatar\/ab292d3529973c0d1cf4cda9208c6a8a7ee52923f0a291c39104715fa46aae4b?s=96&d=mm&r=g","url":"https:\/\/secure.gravatar.com\/avatar\/ab292d3529973c0d1cf4cda9208c6a8a7ee52923f0a291c39104715fa46aae4b?s=96&d=mm&r=g","contentUrl":"https:\/\/secure.gravatar.com\/avatar\/ab292d3529973c0d1cf4cda9208c6a8a7ee52923f0a291c39104715fa46aae4b?s=96&d=mm&r=g","caption":"Fundaci\u00f3n CARF"},"description":"Trabajamos para llevar la sonrisa de Dios a todos los rincones del mundo a trav\u00e9s de los sacerdotes y ayudando a su formaci\u00f3n. Gracias a nuestros benefactores, ayudamos a la formaci\u00f3n de los sacerdotes, difundimos su buen nombre y rezamos por su fidelidad y las vocaciones. Trabajamos para servir a la Iglesia y que ninguna vocaci\u00f3n se pierda y luego ellos puedan transmitir en su labor pastoral toda la luz, ciencia y doctrina recibida. Acad\u00e9mico Las licenciaturas, programas de especializacio\u0301n o doctorados, otorgan a cada candidato una formaci\u00f3n espec\u00edfica en Teologi\u0301a, Filosofi\u0301a, Derecho Cano\u0301nico o Comunicacio\u0301n Social Institucional. Espiritual Los seminaristas y sacerdotes complementan su formacio\u0301n acade\u0301mica y humana con la espiritual, ya que deben estar preparados para seguir su vocaci\u00f3n y prestar su cuerpo y su espi\u0301ritu al Sen\u0303or. Humano A trave\u0301s del ambiente de familia y de preparaci\u00f3n, se consigue el desarrollo de actitudes, capacidades y valores que impactan en el crecimiento personal y social de los sacerdotes.","sameAs":["https:\/\/fundacioncarf.org\/","https:\/\/www.facebook.com\/fundacioncarf\/","https:\/\/www.instagram.com\/fundacioncarf\/","https:\/\/www.linkedin.com\/company\/fundacioncarf\/posts\/?feedView=all","https:\/\/x.com\/https:\/\/x.com\/fundacioncarf","https:\/\/www.youtube.com\/c\/fundacioncarf"],"url":"https:\/\/exaudi.org\/it\/author\/carf\/"}]}},"jetpack_featured_media_url":"https:\/\/exaudi.org\/wp-content\/uploads\/2025\/03\/jesu-jardin-sacerdote-eucaristia.png","jetpack_shortlink":"https:\/\/wp.me\/pgKjF2-vWk","_links":{"self":[{"href":"https:\/\/exaudi.org\/it\/wp-json\/wp\/v2\/posts\/122780","targetHints":{"allow":["GET"]}}],"collection":[{"href":"https:\/\/exaudi.org\/it\/wp-json\/wp\/v2\/posts"}],"about":[{"href":"https:\/\/exaudi.org\/it\/wp-json\/wp\/v2\/types\/post"}],"author":[{"embeddable":true,"href":"https:\/\/exaudi.org\/it\/wp-json\/wp\/v2\/users\/119"}],"replies":[{"embeddable":true,"href":"https:\/\/exaudi.org\/it\/wp-json\/wp\/v2\/comments?post=122780"}],"version-history":[{"count":0,"href":"https:\/\/exaudi.org\/it\/wp-json\/wp\/v2\/posts\/122780\/revisions"}],"wp:featuredmedia":[{"embeddable":true,"href":"https:\/\/exaudi.org\/it\/wp-json\/wp\/v2\/media\/122618"}],"wp:attachment":[{"href":"https:\/\/exaudi.org\/it\/wp-json\/wp\/v2\/media?parent=122780"}],"wp:term":[{"taxonomy":"category","embeddable":true,"href":"https:\/\/exaudi.org\/it\/wp-json\/wp\/v2\/categories?post=122780"},{"taxonomy":"post_tag","embeddable":true,"href":"https:\/\/exaudi.org\/it\/wp-json\/wp\/v2\/tags?post=122780"}],"curies":[{"name":"wp","href":"https:\/\/api.w.org\/{rel}","templated":true}]}}