{"id":122764,"date":"2025-04-01T18:31:32","date_gmt":"2025-04-01T16:31:32","guid":{"rendered":"https:\/\/exaudi.org\/?p=122764"},"modified":"2025-04-01T18:31:32","modified_gmt":"2025-04-01T16:31:32","slug":"le-chiavi-per-essere-un-buon-sacerdote","status":"publish","type":"post","link":"https:\/\/exaudi.org\/it\/le-chiavi-per-essere-un-buon-sacerdote\/","title":{"rendered":"Le chiavi per essere un buon sacerdote"},"content":{"rendered":"<p>Un sacerdote \u00e8 pi\u00f9 di un leader religioso; \u00c8 una guida spirituale che deve impegnarsi nella missione della Chiesa e nella formazione integrale delle anime affidate alle sue cure. Nella tradizione cattolica sono emersi alcuni elementi chiave che definiscono le qualit\u00e0 di un buon sacerdote, che dovrebbero essere guidate non solo dalla formazione teologica, ma anche dalla dedizione al servizio di Dio e degli altri.<\/p>\n<p>Di seguito presentiamo le chiavi fondamentali che ogni sacerdote deve coltivare per realizzare efficacemente la propria vocazione.<\/p>\n<h3><strong>1. Vita spirituale profonda<\/strong><\/h3>\n<p>Il sacerdote deve essere un uomo di preghiera costante, che vive in intima comunione con Dio. La vostra vita spirituale deve essere nutrita dall\u2019Eucaristia, dalla Parola di Dio e dalla preghiera personale. Come dice Papa Francesco, il sacerdote \u00e8 \u201cl\u2019uomo di Dio\u201d e il rapporto personale con Lui deve essere il centro della sua vita. Un buon sacerdote si sforza di mantenere la propria vita interiore, perch\u00e9 solo un uomo dalla fede solida pu\u00f2 trasmettere tale fede ai suoi parrocchiani.<\/p>\n<p>\u00ab<em>Il sacerdote \u00e8 chiamato ad essere uomo di preghiera, di ascolto di Dio e del suo popolo, di servizio costante e disinteressato<\/em>\u00bb<em> (Papa Francesco, Evangelii Gaudium, 2013).<\/em><\/p>\n<h3><strong>2. Siate pastori vicini alla gente<\/strong><\/h3>\n<p>Un altro aspetto fondamentale \u00e8 la vicinanza alla comunit\u00e0. Un buon sacerdote non dovrebbe considerarsi solo un predicatore dall&#8217;altare, ma anche un pastore che cammina accanto ai suoi parrocchiani nelle loro gioie e nelle loro sofferenze. La cura pastorale implica, oltre all&#8217;insegnamento, anche l&#8217;accompagnamento, l&#8217;ascolto e la vicinanza alle necessit\u00e0 di ogni persona.<\/p>\n<p>Il sacerdote deve essere un modello di compassione e generosit\u00e0, seguendo l&#8217;esempio di Cristo, che \u00e8 stato vicino agli emarginati, ai malati e ai peccatori.<\/p>\n<p><em>\u00abUn pastore vicino, che esce dalla sua zona di comfort, che va incontro al suo popolo con misericordia, \u00e8 il cuore della vocazione sacerdotale\u00bb (Catechismo della Chiesa Cattolica, 2002).<\/em><\/p>\n<h3><strong>3. Fedelt\u00e0 al Magistero della Chiesa<\/strong><\/h3>\n<p>Un sacerdote deve essere fedele agli insegnamenti della Chiesa. Ci\u00f2 implica non solo insegnare correttamente la dottrina, ma anche vivere in conformit\u00e0 ad essa. Il sacerdozio non \u00e8 un cammino di adattamento ai tempi, ma una chiamata a restare saldi nelle verit\u00e0 rivelate da Cristo, che sono sempre valide.<\/p>\n<p><em>\u00abIl sacerdote deve essere servitore fedele della verit\u00e0 che ci \u00e8 stata rivelata, non delle mode del momento\u00bb (Papa Benedetto XVI, Sacramentum Caritatis, 2007).<\/em><\/p>\n<h3><strong>4. Santificazione personale e degli altri<\/strong><\/h3>\n<p>Il sacerdote deve comprendere la sua missione come quella di un santificatore, che non si limita a celebrare i sacramenti ma incoraggia anche gli altri a vivere la santit\u00e0. La sua vita deve essere una testimonianza costante della presenza di Dio e un esempio di carit\u00e0 e di sacrificio.<\/p>\n<p>Inoltre, la santit\u00e0 personale del sacerdote \u00e8 essenziale affinch\u00e9 egli possa aiutare gli altri nel loro processo di santificazione. La grazia dei sacramenti che celebra dovrebbe trasformare la sua vita e quella di coloro che lo ricevono.<\/p>\n<p><em>\u00abIl sacerdote \u00e8 chiamato a essere santo affinch\u00e9 il suo ministero sia fecondo. La sua vita deve riflettere la santit\u00e0 di Dio\u00bb (Papa Giovanni Paolo II, Pastores dabo vobis, 1992).<\/em><\/p>\n<h3><strong>5. Sii un uomo di carit\u00e0 e di servizio<\/strong><\/h3>\n<p>La carit\u00e0 \u00e8 una delle virt\u00f9 cardinali che devono caratterizzare il sacerdote. La Chiesa insegna che il sacerdote deve essere il primo ad amare il prossimo, soprattutto i pi\u00f9 bisognosi, perch\u00e9 la sua vocazione \u00e8 servire, non essere servito. Deve mostrare amore concreto alle persone, aiutandole a trovare in Dio la risposta alle loro sofferenze e ai loro bisogni.<\/p>\n<p><em>\u00abIl sacerdote \u00e8 un servitore e la sua vita dev\u2019essere segnata dall\u2019amore che si traduce in servizio generoso agli altri\u00bb (Papa Francesco, Evangelii Gaudium, 2013).<\/em><\/p>\n<h3><strong>6. Capacit\u00e0 di evangelizzazione e formazione<\/strong><\/h3>\n<p>Un buon sacerdote deve essere un evangelizzatore. Egli non si limita a predicare la parola di Dio, ma \u00e8 chiamato anche a formarsi costantemente per trasmettere la verit\u00e0 del Vangelo in modo chiaro, accessibile ed esperienziale. La formazione continua in teologia, spiritualit\u00e0 e cultura \u00e8 essenziale per guidare la comunit\u00e0 nel suo cammino di fede.<\/p>\n<p><em>\u00abIl sacerdote deve essere un formatore dei cuori e una luce che guida verso Cristo\u00bb (Catechismo della Chiesa Cattolica, 157).<\/em><\/p>\n<h3><strong>7. Senso di sacrificio e rinuncia<\/strong><\/h3>\n<p>Il sacrificio \u00e8 un altro aspetto essenziale nella vita del sacerdote. La chiamata al sacerdozio implica la rinuncia a molti aspetti della vita personale in favore di una dedizione totale alla missione della Chiesa. Questa rinuncia non deve essere vista come un peso, ma come una risposta generosa all\u2019amore di Dio.<\/p>\n<p><em>\u00abIl sacerdozio \u00e8 un dono, un servizio che comporta una rinuncia. Ma questa rinuncia non \u00e8 tristezza, bens\u00ec gioia di vivere per Cristo\u00bb (Papa Giovanni Paolo II, Christifideles Laici, 1988).<\/em><\/p>\n<p>Le chiavi di un buon sacerdote abbracciano vari aspetti della sua vita: spiritualit\u00e0, vicinanza alla comunit\u00e0, fedelt\u00e0 dottrinale, carit\u00e0, sacrificio ed evangelizzazione. Un sacerdote che vive queste virt\u00f9 non sar\u00e0 solo un buon pastore, ma un vero riflesso di Cristo nel mondo. La loro vocazione deve essere centrata in Dio e orientata al servizio degli altri, essendo sempre modello di santit\u00e0 e di amore.<\/p>\n<p>Seguendo questi principi, i sacerdoti possono contribuire in modo significativo alla crescita spirituale della Chiesa e al benessere della societ\u00e0, sempre guidati dall&#8217;esempio di Cristo, il Grande Sacerdote.<\/p>\n","protected":false},"excerpt":{"rendered":"<p>Caratteristiche essenziali che ogni sacerdote deve coltivare per compiere la sua missione di guidare, santificare e servire la comunit\u00e0 con amore e fedelt\u00e0 alla Chiesa<\/p>\n","protected":false},"author":149,"featured_media":122603,"comment_status":"closed","ping_status":"closed","sticky":false,"template":"","format":"standard","meta":{"_acf_changed":false,"_crdt_document":"","inline_featured_image":false,"footnotes":""},"categories":[129],"tags":[52238,25264,38633,1092,15434,52237,15435,25656,52236,52239,996,3356,52240,39698,1896,4952,52242,20627,52241,15444],"class_list":["post-122764","post","type-post","status-publish","format-standard","has-post-thumbnail","hentry","category-voci","tag-leadership-spirituale","tag-amore-cristiano","tag-carita-e-servizio","tag-evangelizzazione","tag-fede-cattolica","tag-fedelta-alla-chiesa","tag-formazione-sacerdotale","tag-javier-ferrer-garcia-2","tag-le-chiavi-di-un-buon-sacerdote","tag-missione-del-sacerdote","tag-pastorale","tag-sacerdote-it","tag-sacerdoti-e-comunita","tag-sacerdozio-cattolico","tag-santita","tag-trending-it","tag-virtu-sacerdotale","tag-vita-di-preghiera","tag-vita-spirituale-del-sacerdote","tag-vocazione-sacerdotale"],"acf":[],"yoast_head":"<!-- This site is optimized with the Yoast SEO plugin v27.5 - https:\/\/yoast.com\/product\/yoast-seo-wordpress\/ -->\n<title>Le chiavi per essere un buon sacerdote &#8211; Exaudi<\/title>\n<meta name=\"robots\" content=\"index, follow, max-snippet:-1, max-image-preview:large, max-video-preview:-1\" \/>\n<link rel=\"canonical\" href=\"https:\/\/exaudi.org\/it\/le-chiavi-per-essere-un-buon-sacerdote\/\" \/>\n<meta property=\"og:locale\" content=\"it_IT\" \/>\n<meta property=\"og:type\" content=\"article\" \/>\n<meta property=\"og:title\" content=\"Le chiavi per essere un buon sacerdote &#8211; Exaudi\" \/>\n<meta property=\"og:description\" content=\"Caratteristiche essenziali che ogni sacerdote deve coltivare per compiere la sua missione di guidare, santificare e servire la comunit\u00e0 con amore e fedelt\u00e0 alla Chiesa\" \/>\n<meta property=\"og:url\" content=\"https:\/\/exaudi.org\/it\/le-chiavi-per-essere-un-buon-sacerdote\/\" \/>\n<meta property=\"og:site_name\" content=\"Exaudi\" \/>\n<meta property=\"article:publisher\" content=\"https:\/\/www.facebook.com\/ExaudiNews\" \/>\n<meta property=\"article:published_time\" content=\"2025-04-01T16:31:32+00:00\" \/>\n<meta property=\"og:image\" content=\"https:\/\/exaudi.org\/wp-content\/uploads\/2025\/04\/anna-hecker-7BKG2g4pM7M-unsplash-scaled.jpg\" \/>\n\t<meta property=\"og:image:width\" content=\"2560\" \/>\n\t<meta property=\"og:image:height\" content=\"1707\" \/>\n\t<meta property=\"og:image:type\" content=\"image\/jpeg\" \/>\n<meta name=\"author\" content=\"Javier Ferrer Garc\u00eda\" \/>\n<meta name=\"twitter:card\" content=\"summary_large_image\" \/>\n<meta name=\"twitter:creator\" content=\"@Exaudi_News\" \/>\n<meta name=\"twitter:site\" content=\"@Exaudi_News\" \/>\n<meta name=\"twitter:label1\" content=\"Scritto da\" \/>\n\t<meta name=\"twitter:data1\" content=\"Javier Ferrer Garc\u00eda\" \/>\n\t<meta name=\"twitter:label2\" content=\"Tempo di lettura stimato\" \/>\n\t<meta name=\"twitter:data2\" content=\"4 minuti\" \/>\n<script type=\"application\/ld+json\" class=\"yoast-schema-graph\">{\"@context\":\"https:\\\/\\\/schema.org\",\"@graph\":[{\"@type\":\"Article\",\"@id\":\"https:\\\/\\\/exaudi.org\\\/it\\\/le-chiavi-per-essere-un-buon-sacerdote\\\/#article\",\"isPartOf\":{\"@id\":\"https:\\\/\\\/exaudi.org\\\/it\\\/le-chiavi-per-essere-un-buon-sacerdote\\\/\"},\"author\":{\"name\":\"Javier Ferrer Garc\u00eda\",\"@id\":\"https:\\\/\\\/exaudi.org\\\/#\\\/schema\\\/person\\\/0428626ea256fe1d193098fe0ee2b91d\"},\"headline\":\"Le chiavi per essere un buon sacerdote\",\"datePublished\":\"2025-04-01T16:31:32+00:00\",\"mainEntityOfPage\":{\"@id\":\"https:\\\/\\\/exaudi.org\\\/it\\\/le-chiavi-per-essere-un-buon-sacerdote\\\/\"},\"wordCount\":845,\"image\":{\"@id\":\"https:\\\/\\\/exaudi.org\\\/it\\\/le-chiavi-per-essere-un-buon-sacerdote\\\/#primaryimage\"},\"thumbnailUrl\":\"https:\\\/\\\/exaudi.org\\\/wp-content\\\/uploads\\\/2025\\\/04\\\/anna-hecker-7BKG2g4pM7M-unsplash-scaled.jpg\",\"keywords\":[\"#leadership spirituale\",\"AMORE CRISTIANO\",\"carit\u00e0 e servizio\",\"evangelizzazione\",\"FEDE CATTOLICA\",\"fedelt\u00e0 alla Chiesa\",\"FORMAZIONE SACERDOTALE\",\"Javier Ferrer Garc\u00eda\",\"le chiavi di un buon sacerdote\",\"missione del sacerdote\",\"pastorale\",\"Sacerdote\",\"sacerdoti e comunit\u00e0\",\"Sacerdozio cattolico\",\"santit\u00e0\",\"Trending\",\"virt\u00f9 sacerdotale\",\"VITA DI PREGHIERA\",\"vita spirituale del sacerdote\",\"VOCAZIONE SACERDOTALE\"],\"articleSection\":[\"Voci\"],\"inLanguage\":\"it-IT\"},{\"@type\":\"WebPage\",\"@id\":\"https:\\\/\\\/exaudi.org\\\/it\\\/le-chiavi-per-essere-un-buon-sacerdote\\\/\",\"url\":\"https:\\\/\\\/exaudi.org\\\/it\\\/le-chiavi-per-essere-un-buon-sacerdote\\\/\",\"name\":\"Le chiavi per essere un buon sacerdote &#8211; Exaudi\",\"isPartOf\":{\"@id\":\"https:\\\/\\\/exaudi.org\\\/#website\"},\"primaryImageOfPage\":{\"@id\":\"https:\\\/\\\/exaudi.org\\\/it\\\/le-chiavi-per-essere-un-buon-sacerdote\\\/#primaryimage\"},\"image\":{\"@id\":\"https:\\\/\\\/exaudi.org\\\/it\\\/le-chiavi-per-essere-un-buon-sacerdote\\\/#primaryimage\"},\"thumbnailUrl\":\"https:\\\/\\\/exaudi.org\\\/wp-content\\\/uploads\\\/2025\\\/04\\\/anna-hecker-7BKG2g4pM7M-unsplash-scaled.jpg\",\"datePublished\":\"2025-04-01T16:31:32+00:00\",\"author\":{\"@id\":\"https:\\\/\\\/exaudi.org\\\/#\\\/schema\\\/person\\\/0428626ea256fe1d193098fe0ee2b91d\"},\"breadcrumb\":{\"@id\":\"https:\\\/\\\/exaudi.org\\\/it\\\/le-chiavi-per-essere-un-buon-sacerdote\\\/#breadcrumb\"},\"inLanguage\":\"it-IT\",\"potentialAction\":[{\"@type\":\"ReadAction\",\"target\":[\"https:\\\/\\\/exaudi.org\\\/it\\\/le-chiavi-per-essere-un-buon-sacerdote\\\/\"]}]},{\"@type\":\"ImageObject\",\"inLanguage\":\"it-IT\",\"@id\":\"https:\\\/\\\/exaudi.org\\\/it\\\/le-chiavi-per-essere-un-buon-sacerdote\\\/#primaryimage\",\"url\":\"https:\\\/\\\/exaudi.org\\\/wp-content\\\/uploads\\\/2025\\\/04\\\/anna-hecker-7BKG2g4pM7M-unsplash-scaled.jpg\",\"contentUrl\":\"https:\\\/\\\/exaudi.org\\\/wp-content\\\/uploads\\\/2025\\\/04\\\/anna-hecker-7BKG2g4pM7M-unsplash-scaled.jpg\",\"width\":2560,\"height\":1707,\"caption\":\"Anna Hecker . Unsplash\"},{\"@type\":\"BreadcrumbList\",\"@id\":\"https:\\\/\\\/exaudi.org\\\/it\\\/le-chiavi-per-essere-un-buon-sacerdote\\\/#breadcrumb\",\"itemListElement\":[{\"@type\":\"ListItem\",\"position\":1,\"name\":\"Portada\",\"item\":\"https:\\\/\\\/exaudi.org\\\/it\\\/\"},{\"@type\":\"ListItem\",\"position\":2,\"name\":\"Le chiavi per essere un buon sacerdote\"}]},{\"@type\":\"WebSite\",\"@id\":\"https:\\\/\\\/exaudi.org\\\/#website\",\"url\":\"https:\\\/\\\/exaudi.org\\\/\",\"name\":\"Exaudi\",\"description\":\"News\",\"potentialAction\":[{\"@type\":\"SearchAction\",\"target\":{\"@type\":\"EntryPoint\",\"urlTemplate\":\"https:\\\/\\\/exaudi.org\\\/?s={search_term_string}\"},\"query-input\":{\"@type\":\"PropertyValueSpecification\",\"valueRequired\":true,\"valueName\":\"search_term_string\"}}],\"inLanguage\":\"it-IT\"},{\"@type\":\"Person\",\"@id\":\"https:\\\/\\\/exaudi.org\\\/#\\\/schema\\\/person\\\/0428626ea256fe1d193098fe0ee2b91d\",\"name\":\"Javier Ferrer Garc\u00eda\",\"image\":{\"@type\":\"ImageObject\",\"inLanguage\":\"it-IT\",\"@id\":\"https:\\\/\\\/secure.gravatar.com\\\/avatar\\\/c7bc1aef05f4433794cef4a55499c99ae6c0d617e2aa24ba4876a5432af93b2d?s=96&d=mm&r=g\",\"url\":\"https:\\\/\\\/secure.gravatar.com\\\/avatar\\\/c7bc1aef05f4433794cef4a55499c99ae6c0d617e2aa24ba4876a5432af93b2d?s=96&d=mm&r=g\",\"contentUrl\":\"https:\\\/\\\/secure.gravatar.com\\\/avatar\\\/c7bc1aef05f4433794cef4a55499c99ae6c0d617e2aa24ba4876a5432af93b2d?s=96&d=mm&r=g\",\"caption\":\"Javier Ferrer Garc\u00eda\"},\"description\":\"Soy un apasionado de la vida. Fil\u00f3sofo y economista. Mi carrera profesional se ha enriquecido con el constante deseo de aprender y crecer tanto en el \u00e1mbito acad\u00e9mico como en el personal. Me considero un ferviente lector y amante del cine, lo cual me permite tener una perspectiva amplia y diversa sobre el mundo que nos rodea. Como cat\u00f3lico comprometido, busco integrar mis valores en cada aspecto de mi vida, desde mi carrera profesional hasta mi rol como esposo y padre de familia\",\"url\":\"https:\\\/\\\/exaudi.org\\\/it\\\/author\\\/javier-ferrer-garcia\\\/\"}]}<\/script>\n<!-- \/ Yoast SEO plugin. -->","yoast_head_json":{"title":"Le chiavi per essere un buon sacerdote &#8211; Exaudi","robots":{"index":"index","follow":"follow","max-snippet":"max-snippet:-1","max-image-preview":"max-image-preview:large","max-video-preview":"max-video-preview:-1"},"canonical":"https:\/\/exaudi.org\/it\/le-chiavi-per-essere-un-buon-sacerdote\/","og_locale":"it_IT","og_type":"article","og_title":"Le chiavi per essere un buon sacerdote &#8211; Exaudi","og_description":"Caratteristiche essenziali che ogni sacerdote deve coltivare per compiere la sua missione di guidare, santificare e servire la comunit\u00e0 con amore e fedelt\u00e0 alla Chiesa","og_url":"https:\/\/exaudi.org\/it\/le-chiavi-per-essere-un-buon-sacerdote\/","og_site_name":"Exaudi","article_publisher":"https:\/\/www.facebook.com\/ExaudiNews","article_published_time":"2025-04-01T16:31:32+00:00","og_image":[{"width":2560,"height":1707,"url":"https:\/\/exaudi.org\/wp-content\/uploads\/2025\/04\/anna-hecker-7BKG2g4pM7M-unsplash-scaled.jpg","type":"image\/jpeg"}],"author":"Javier Ferrer Garc\u00eda","twitter_card":"summary_large_image","twitter_creator":"@Exaudi_News","twitter_site":"@Exaudi_News","twitter_misc":{"Scritto da":"Javier Ferrer Garc\u00eda","Tempo di lettura stimato":"4 minuti"},"schema":{"@context":"https:\/\/schema.org","@graph":[{"@type":"Article","@id":"https:\/\/exaudi.org\/it\/le-chiavi-per-essere-un-buon-sacerdote\/#article","isPartOf":{"@id":"https:\/\/exaudi.org\/it\/le-chiavi-per-essere-un-buon-sacerdote\/"},"author":{"name":"Javier Ferrer Garc\u00eda","@id":"https:\/\/exaudi.org\/#\/schema\/person\/0428626ea256fe1d193098fe0ee2b91d"},"headline":"Le chiavi per essere un buon sacerdote","datePublished":"2025-04-01T16:31:32+00:00","mainEntityOfPage":{"@id":"https:\/\/exaudi.org\/it\/le-chiavi-per-essere-un-buon-sacerdote\/"},"wordCount":845,"image":{"@id":"https:\/\/exaudi.org\/it\/le-chiavi-per-essere-un-buon-sacerdote\/#primaryimage"},"thumbnailUrl":"https:\/\/exaudi.org\/wp-content\/uploads\/2025\/04\/anna-hecker-7BKG2g4pM7M-unsplash-scaled.jpg","keywords":["#leadership spirituale","AMORE CRISTIANO","carit\u00e0 e servizio","evangelizzazione","FEDE CATTOLICA","fedelt\u00e0 alla Chiesa","FORMAZIONE SACERDOTALE","Javier Ferrer Garc\u00eda","le chiavi di un buon sacerdote","missione del sacerdote","pastorale","Sacerdote","sacerdoti e comunit\u00e0","Sacerdozio cattolico","santit\u00e0","Trending","virt\u00f9 sacerdotale","VITA DI PREGHIERA","vita spirituale del sacerdote","VOCAZIONE SACERDOTALE"],"articleSection":["Voci"],"inLanguage":"it-IT"},{"@type":"WebPage","@id":"https:\/\/exaudi.org\/it\/le-chiavi-per-essere-un-buon-sacerdote\/","url":"https:\/\/exaudi.org\/it\/le-chiavi-per-essere-un-buon-sacerdote\/","name":"Le chiavi per essere un buon sacerdote &#8211; Exaudi","isPartOf":{"@id":"https:\/\/exaudi.org\/#website"},"primaryImageOfPage":{"@id":"https:\/\/exaudi.org\/it\/le-chiavi-per-essere-un-buon-sacerdote\/#primaryimage"},"image":{"@id":"https:\/\/exaudi.org\/it\/le-chiavi-per-essere-un-buon-sacerdote\/#primaryimage"},"thumbnailUrl":"https:\/\/exaudi.org\/wp-content\/uploads\/2025\/04\/anna-hecker-7BKG2g4pM7M-unsplash-scaled.jpg","datePublished":"2025-04-01T16:31:32+00:00","author":{"@id":"https:\/\/exaudi.org\/#\/schema\/person\/0428626ea256fe1d193098fe0ee2b91d"},"breadcrumb":{"@id":"https:\/\/exaudi.org\/it\/le-chiavi-per-essere-un-buon-sacerdote\/#breadcrumb"},"inLanguage":"it-IT","potentialAction":[{"@type":"ReadAction","target":["https:\/\/exaudi.org\/it\/le-chiavi-per-essere-un-buon-sacerdote\/"]}]},{"@type":"ImageObject","inLanguage":"it-IT","@id":"https:\/\/exaudi.org\/it\/le-chiavi-per-essere-un-buon-sacerdote\/#primaryimage","url":"https:\/\/exaudi.org\/wp-content\/uploads\/2025\/04\/anna-hecker-7BKG2g4pM7M-unsplash-scaled.jpg","contentUrl":"https:\/\/exaudi.org\/wp-content\/uploads\/2025\/04\/anna-hecker-7BKG2g4pM7M-unsplash-scaled.jpg","width":2560,"height":1707,"caption":"Anna Hecker . Unsplash"},{"@type":"BreadcrumbList","@id":"https:\/\/exaudi.org\/it\/le-chiavi-per-essere-un-buon-sacerdote\/#breadcrumb","itemListElement":[{"@type":"ListItem","position":1,"name":"Portada","item":"https:\/\/exaudi.org\/it\/"},{"@type":"ListItem","position":2,"name":"Le chiavi per essere un buon sacerdote"}]},{"@type":"WebSite","@id":"https:\/\/exaudi.org\/#website","url":"https:\/\/exaudi.org\/","name":"Exaudi","description":"News","potentialAction":[{"@type":"SearchAction","target":{"@type":"EntryPoint","urlTemplate":"https:\/\/exaudi.org\/?s={search_term_string}"},"query-input":{"@type":"PropertyValueSpecification","valueRequired":true,"valueName":"search_term_string"}}],"inLanguage":"it-IT"},{"@type":"Person","@id":"https:\/\/exaudi.org\/#\/schema\/person\/0428626ea256fe1d193098fe0ee2b91d","name":"Javier Ferrer Garc\u00eda","image":{"@type":"ImageObject","inLanguage":"it-IT","@id":"https:\/\/secure.gravatar.com\/avatar\/c7bc1aef05f4433794cef4a55499c99ae6c0d617e2aa24ba4876a5432af93b2d?s=96&d=mm&r=g","url":"https:\/\/secure.gravatar.com\/avatar\/c7bc1aef05f4433794cef4a55499c99ae6c0d617e2aa24ba4876a5432af93b2d?s=96&d=mm&r=g","contentUrl":"https:\/\/secure.gravatar.com\/avatar\/c7bc1aef05f4433794cef4a55499c99ae6c0d617e2aa24ba4876a5432af93b2d?s=96&d=mm&r=g","caption":"Javier Ferrer Garc\u00eda"},"description":"Soy un apasionado de la vida. Fil\u00f3sofo y economista. Mi carrera profesional se ha enriquecido con el constante deseo de aprender y crecer tanto en el \u00e1mbito acad\u00e9mico como en el personal. Me considero un ferviente lector y amante del cine, lo cual me permite tener una perspectiva amplia y diversa sobre el mundo que nos rodea. Como cat\u00f3lico comprometido, busco integrar mis valores en cada aspecto de mi vida, desde mi carrera profesional hasta mi rol como esposo y padre de familia","url":"https:\/\/exaudi.org\/it\/author\/javier-ferrer-garcia\/"}]}},"jetpack_featured_media_url":"https:\/\/exaudi.org\/wp-content\/uploads\/2025\/04\/anna-hecker-7BKG2g4pM7M-unsplash-scaled.jpg","jetpack_shortlink":"https:\/\/wp.me\/pgKjF2-vW4","_links":{"self":[{"href":"https:\/\/exaudi.org\/it\/wp-json\/wp\/v2\/posts\/122764","targetHints":{"allow":["GET"]}}],"collection":[{"href":"https:\/\/exaudi.org\/it\/wp-json\/wp\/v2\/posts"}],"about":[{"href":"https:\/\/exaudi.org\/it\/wp-json\/wp\/v2\/types\/post"}],"author":[{"embeddable":true,"href":"https:\/\/exaudi.org\/it\/wp-json\/wp\/v2\/users\/149"}],"replies":[{"embeddable":true,"href":"https:\/\/exaudi.org\/it\/wp-json\/wp\/v2\/comments?post=122764"}],"version-history":[{"count":0,"href":"https:\/\/exaudi.org\/it\/wp-json\/wp\/v2\/posts\/122764\/revisions"}],"wp:featuredmedia":[{"embeddable":true,"href":"https:\/\/exaudi.org\/it\/wp-json\/wp\/v2\/media\/122603"}],"wp:attachment":[{"href":"https:\/\/exaudi.org\/it\/wp-json\/wp\/v2\/media?parent=122764"}],"wp:term":[{"taxonomy":"category","embeddable":true,"href":"https:\/\/exaudi.org\/it\/wp-json\/wp\/v2\/categories?post=122764"},{"taxonomy":"post_tag","embeddable":true,"href":"https:\/\/exaudi.org\/it\/wp-json\/wp\/v2\/tags?post=122764"}],"curies":[{"name":"wp","href":"https:\/\/api.w.org\/{rel}","templated":true}]}}