{"id":122436,"date":"2025-03-29T18:50:12","date_gmt":"2025-03-29T17:50:12","guid":{"rendered":"https:\/\/exaudi.org\/?p=122436"},"modified":"2025-03-29T18:50:12","modified_gmt":"2025-03-29T17:50:12","slug":"domani-e-domenica-laetare-ma-il-covid-non-e-piu-presente","status":"publish","type":"post","link":"https:\/\/exaudi.org\/it\/domani-e-domenica-laetare-ma-il-covid-non-e-piu-presente\/","title":{"rendered":"Domani \u00e8 DOMENICA LAETARE, ma il COVID non \u00e8 pi\u00f9 presente"},"content":{"rendered":"<p>Cinque anni fa eravamo ancora chiusi in casa e celebravamo la messa nella chiesa parrocchiale perch\u00e9 la potessimo guardare su YouTube.<\/p>\n<p>Allego qui l&#8217;omelia della domenica Laetare di quell&#8217;anno:<\/p>\n<p>Potresti dirmi che sei nato peccatore e che vuoi darci delle lezioni? Beh no. Ma parleremo un po&#8217; del Vangelo di oggi.<\/p>\n<p>Signore, fammi vedere. La seconda lettura si conclude dicendo: \u00abSvegliati, o tu che dormi, destati dai morti, e Cristo ti illuminer\u00e0\u00bb. Penso che dobbiamo svegliarci per accrescere la nostra fede. La fede di molti era addormentata, e forse anche la mia.<\/p>\n<p>Quindi, ovunque siate, ovunque vediate questo, svegliate i cristiani, la vostra famiglia, svegliateli alla fede, chiedete loro di aprire il vostro cuore al Signore, perch\u00e9 l&#8217;uomo guarda gli occhi e Dio guarda il cuore. Svegliate anche il vostro parroco, chiedetegli di parlarvi, chiamatelo, chiedetegli come sta. E se lo desiderate, prendendo tutte le precauzioni e le urgenze, chiedete la comunione o i sacramenti.<\/p>\n<p>Oggi ho ricevuto una chiamata che mi informava che una donna \u00e8 morta qui nel villaggio, ma aveva ricevuto i sacramenti, \u00e8 in pace. E va incontro a Dio.<\/p>\n<p>Forse non hai capito la canzone all&#8217;inizio. \u00c8 la canzone intitolata Exodus dal film I dieci comandamenti di Charlton Heston. Ed \u00e8 quello che ho messo in casa quando \u00e8 morta mia madre. Perch\u00e9 segnava la partenza del popolo d&#8217;Israele verso la terra promessa. S\u00cc. Stiamo andando verso la terra promessa. E va bene parlare un po&#8217; della morte. Ma aprendo gli occhi per vedere come l&#8217;uomo cieco che non poteva vedere, vedendo la vita eterna, che i tuoi genitori, i tuoi nonni e tanti cari sono l\u00ec, i sacerdoti di questa citt\u00e0 che abbiamo perso.<\/p>\n<p>Anche alcuni giovani. Ecco perch\u00e9 \u00e8 il momento di riflettere su quel giorno. \u00c8 vero che le persone care possono lasciarci, \u00e8 vero che se ne vanno per tutto il giorno. Infatti, oggi non dico mai messa per pi\u00f9 di una persona, e oggi non so se sar\u00e0 per otto. Perch\u00e9 non riusciamo a continuare a pregare per tutte le famiglie e per tutte le persone disperse. Qui in citt\u00e0 e fuori. Ma apriamo un po&#8217; gli occhi alla vita eterna. Entriamo alla presenza di Dio e affidiamoci alla Vergine. Raccontiamogli come sta andando la giornata. Qui ognuno fa quello che pu\u00f2. I conducenti dei trattori spruzzano spray sulle strade. Le ragazze si prendono cura dei nonni. I genitori sono con i loro figli, quelli che possono. Gli unici ad essere soli sono i malati. Quindi, se sei malato e mi vedi da qui, oggi prego per te, per la tua gente, per le persone che ami. Oggi prego affinch\u00e9 i nostri cuori accolgano il Signore e affinch\u00e9 possiamo pensare di pi\u00f9 a Lui. E prego per coloro che mancano di fede o che soffrono soprattutto in questo momento, affinch\u00e9 il Signore apra i loro cuori, apra i loro occhi e possano prendere coscienza di tutto il bene, di tutto il bene che fanno e hanno fatto. Con poca fede o con molta. Ma con un cuore buono, che guarda a Dio.<\/p>\n<p>Mia nonna diceva sempre: &#8220;Guarda, Dio ti guarda, guarda, ti guarda, guarda, morirai, guarda, non sai quando&#8221;. Perci\u00f2, con il cuore colmo della gioia della Domenica del Signore, con gli occhi rivolti al cielo e i piedi per terra, preghiamo oggi per quel momento e prepariamo la nostra anima a presentarci davanti a Dio e a potergli dire: guarda, Signore, non ho nulla. L&#8217;unica cosa che ho \u00e8 la tua morte in croce, la tua passione, la tua risurrezione, il tuo sangue, che purifica i nostri peccati, che ci rende santi e che pu\u00f2 renderti oggi un trasmettitore di pace, di gioia, di speranza, di felicit\u00e0.<\/p>\n<p>Qui, nel campanile, un tempo si suonavano i canti quaresimali, ora si suonano anche le sevillanas. Bene, apri la finestra e ascoltali, oppure riproducili in casa, visto che ormai tutti sanno suonare la musica. Ci\u00f2 che non possiamo fare \u00e8 rimpicciolire il nostro cuore, nasconderci sotto il letto e dire: &#8220;Ho paura, non voglio fare niente&#8221;. So che hai paura, tutti hanno paura, anche i pompieri quando c&#8217;\u00e8 un incendio. Ed \u00e8 davvero dura vederli dire addio alle loro famiglie, l&#8217;ho visto in Almod\u00f3var de Pinar. Quindi ora di&#8217; a chi ti \u00e8 vicino che lo ami, che sei con lui, che se ha bisogno pu\u00f2 contare su di te, non isolarti. Siamo gi\u00e0 abbastanza isolati da tutto senza che tu debba isolarti anche dalla tua famiglia. Durante i pasti, parla, tira fuori quello che hai dentro, racconta a tua madre, a tuo padre o ai tuoi figli come ti senti. E se potete, vi prego di aiutarci in qualunque modo possibile. Alcuni realizzano forniture per gli ospedali, altri cantano dalla finestra, altri escono ad applaudire alle otto di sera, io applaudo, ma sono solo per strada.<\/p>\n<p>Ecco perch\u00e9 \u00e8 la cosa pi\u00f9 importante. L\u00e0 dove si trova il tuo tesoro, l\u00ec sar\u00e0 il tuo cuore. E oggi il Nostro tesoro \u00e8 qui, sull&#8217;altare del popolo, nella vostra parrocchia, nel vostro tabernacolo. In verit\u00e0, da qualunque parte tu venga, qualunque cosa ci sia dentro la tua anima, il tuo cuore e la tua mente, oggi prego per te.<\/p>\n<p>Cos\u00ec sia.<\/p>\n","protected":false},"excerpt":{"rendered":"<p>Dall\u2019incertezza alla gioia: cinque anni dopo celebriamo la domenica Laetare con rinnovata speranza<\/p>\n","protected":false},"author":138,"featured_media":122421,"comment_status":"closed","ping_status":"closed","sticky":false,"template":"","format":"standard","meta":{"_acf_changed":false,"_crdt_document":"","inline_featured_image":false,"footnotes":""},"categories":[73,95],"tags":[20601,35636,668,5613,20403,430,288,882,11198,51781,1384,1209,37317,48320,35391,6372,20617,14737,578,48104,2490,1423,2547,510,483,14216,4952,706,9837],"class_list":["post-122436","post","type-post","status-publish","format-standard","has-post-thumbnail","hentry","category-chiesa-e-mondo","category-spiritualita","tag-amore-di-dio","tag-beneficenza","tag-chiesa","tag-comunione","tag-comunita-cristiana","tag-conversione","tag-covid","tag-cristo","tag-dio","tag-domenica-laetare","tag-eucaristia","tag-fede","tag-gioia-cristiana","tag-la-vita-eterna","tag-massa","tag-omelia","tag-padre-antonio-maria-domenech-2","tag-parrocchia","tag-preghiera","tag-prestato","tag-riconciliazione","tag-risurrezione","tag-sacramenti","tag-solidarieta","tag-speranza","tag-testimonianza-di-fede","tag-trending-it","tag-vangelo","tag-vergine-maria"],"acf":[],"yoast_head":"<!-- This site is optimized with the Yoast SEO plugin v27.5 - https:\/\/yoast.com\/product\/yoast-seo-wordpress\/ -->\n<title>Domani \u00e8 DOMENICA LAETARE, ma il COVID non \u00e8 pi\u00f9 presente &#8211; Exaudi<\/title>\n<meta name=\"robots\" content=\"index, follow, max-snippet:-1, max-image-preview:large, max-video-preview:-1\" \/>\n<link rel=\"canonical\" href=\"https:\/\/exaudi.org\/it\/domani-e-domenica-laetare-ma-il-covid-non-e-piu-presente\/\" \/>\n<meta property=\"og:locale\" content=\"it_IT\" \/>\n<meta property=\"og:type\" content=\"article\" \/>\n<meta property=\"og:title\" content=\"Domani \u00e8 DOMENICA LAETARE, ma il COVID non \u00e8 pi\u00f9 presente &#8211; Exaudi\" \/>\n<meta property=\"og:description\" content=\"Dall\u2019incertezza alla gioia: cinque anni dopo celebriamo la domenica Laetare con rinnovata speranza\" \/>\n<meta property=\"og:url\" content=\"https:\/\/exaudi.org\/it\/domani-e-domenica-laetare-ma-il-covid-non-e-piu-presente\/\" \/>\n<meta property=\"og:site_name\" content=\"Exaudi\" \/>\n<meta property=\"article:publisher\" content=\"https:\/\/www.facebook.com\/ExaudiNews\" \/>\n<meta property=\"article:author\" content=\"https:\/\/www.facebook.com\/sotanarural\/?locale=es_ES\" \/>\n<meta property=\"article:published_time\" content=\"2025-03-29T17:50:12+00:00\" \/>\n<meta property=\"og:image\" content=\"https:\/\/exaudi.org\/wp-content\/uploads\/2025\/03\/cq5dam.web_.1280.1280-1.jpeg\" \/>\n\t<meta property=\"og:image:width\" content=\"1280\" \/>\n\t<meta property=\"og:image:height\" content=\"732\" \/>\n\t<meta property=\"og:image:type\" content=\"image\/jpeg\" \/>\n<meta name=\"author\" content=\"Padre Antonio Mar\u00eda Domenech\" \/>\n<meta name=\"twitter:card\" content=\"summary_large_image\" \/>\n<meta name=\"twitter:creator\" content=\"@https:\/\/twitter.com\/antoniomariamcr?ref_src=twsrcgoogletwcampserptwgrauthor\" \/>\n<meta name=\"twitter:site\" content=\"@Exaudi_News\" \/>\n<meta name=\"twitter:label1\" content=\"Scritto da\" \/>\n\t<meta name=\"twitter:data1\" content=\"Padre Antonio Mar\u00eda Domenech\" \/>\n\t<meta name=\"twitter:label2\" content=\"Tempo di lettura stimato\" \/>\n\t<meta name=\"twitter:data2\" content=\"4 minuti\" \/>\n<script type=\"application\/ld+json\" class=\"yoast-schema-graph\">{\"@context\":\"https:\\\/\\\/schema.org\",\"@graph\":[{\"@type\":\"Article\",\"@id\":\"https:\\\/\\\/exaudi.org\\\/it\\\/domani-e-domenica-laetare-ma-il-covid-non-e-piu-presente\\\/#article\",\"isPartOf\":{\"@id\":\"https:\\\/\\\/exaudi.org\\\/it\\\/domani-e-domenica-laetare-ma-il-covid-non-e-piu-presente\\\/\"},\"author\":{\"name\":\"Padre Antonio Mar\u00eda Domenech\",\"@id\":\"https:\\\/\\\/exaudi.org\\\/#\\\/schema\\\/person\\\/49f03b61c85f6873df3534d23338de9c\"},\"headline\":\"Domani \u00e8 DOMENICA LAETARE, ma il COVID non \u00e8 pi\u00f9 presente\",\"datePublished\":\"2025-03-29T17:50:12+00:00\",\"mainEntityOfPage\":{\"@id\":\"https:\\\/\\\/exaudi.org\\\/it\\\/domani-e-domenica-laetare-ma-il-covid-non-e-piu-presente\\\/\"},\"wordCount\":873,\"image\":{\"@id\":\"https:\\\/\\\/exaudi.org\\\/it\\\/domani-e-domenica-laetare-ma-il-covid-non-e-piu-presente\\\/#primaryimage\"},\"thumbnailUrl\":\"https:\\\/\\\/exaudi.org\\\/wp-content\\\/uploads\\\/2025\\\/03\\\/cq5dam.web_.1280.1280-1.jpeg\",\"keywords\":[\"AMORE DI DIO\",\"beneficenza\",\"Chiesa\",\"comunione\",\"COMUNIT\u00c0 CRISTIANA\",\"conversione\",\"Covid\",\"Cristo\",\"DIO\",\"Domenica Laetare\",\"Eucaristia\",\"fede\",\"gioia cristiana\",\"La vita eterna\",\"massa\",\"Omelia\",\"PADRE ANTONIO MAR\u00cdA DOMENECH\",\"PARROCCHIA\",\"preghiera\",\"Prestato\",\"riconciliazione\",\"Risurrezione\",\"sacramenti\",\"solidariet\u00e0\",\"speranza\",\"TESTIMONIANZA DI FEDE\",\"Trending\",\"Vangelo\",\"VERGINE MARIA\"],\"articleSection\":[\"Chiesa e Mondo\",\"Spiritualit\u00e0\"],\"inLanguage\":\"it-IT\"},{\"@type\":\"WebPage\",\"@id\":\"https:\\\/\\\/exaudi.org\\\/it\\\/domani-e-domenica-laetare-ma-il-covid-non-e-piu-presente\\\/\",\"url\":\"https:\\\/\\\/exaudi.org\\\/it\\\/domani-e-domenica-laetare-ma-il-covid-non-e-piu-presente\\\/\",\"name\":\"Domani \u00e8 DOMENICA LAETARE, ma il COVID non \u00e8 pi\u00f9 presente &#8211; Exaudi\",\"isPartOf\":{\"@id\":\"https:\\\/\\\/exaudi.org\\\/#website\"},\"primaryImageOfPage\":{\"@id\":\"https:\\\/\\\/exaudi.org\\\/it\\\/domani-e-domenica-laetare-ma-il-covid-non-e-piu-presente\\\/#primaryimage\"},\"image\":{\"@id\":\"https:\\\/\\\/exaudi.org\\\/it\\\/domani-e-domenica-laetare-ma-il-covid-non-e-piu-presente\\\/#primaryimage\"},\"thumbnailUrl\":\"https:\\\/\\\/exaudi.org\\\/wp-content\\\/uploads\\\/2025\\\/03\\\/cq5dam.web_.1280.1280-1.jpeg\",\"datePublished\":\"2025-03-29T17:50:12+00:00\",\"author\":{\"@id\":\"https:\\\/\\\/exaudi.org\\\/#\\\/schema\\\/person\\\/49f03b61c85f6873df3534d23338de9c\"},\"breadcrumb\":{\"@id\":\"https:\\\/\\\/exaudi.org\\\/it\\\/domani-e-domenica-laetare-ma-il-covid-non-e-piu-presente\\\/#breadcrumb\"},\"inLanguage\":\"it-IT\",\"potentialAction\":[{\"@type\":\"ReadAction\",\"target\":[\"https:\\\/\\\/exaudi.org\\\/it\\\/domani-e-domenica-laetare-ma-il-covid-non-e-piu-presente\\\/\"]}]},{\"@type\":\"ImageObject\",\"inLanguage\":\"it-IT\",\"@id\":\"https:\\\/\\\/exaudi.org\\\/it\\\/domani-e-domenica-laetare-ma-il-covid-non-e-piu-presente\\\/#primaryimage\",\"url\":\"https:\\\/\\\/exaudi.org\\\/wp-content\\\/uploads\\\/2025\\\/03\\\/cq5dam.web_.1280.1280-1.jpeg\",\"contentUrl\":\"https:\\\/\\\/exaudi.org\\\/wp-content\\\/uploads\\\/2025\\\/03\\\/cq5dam.web_.1280.1280-1.jpeg\",\"width\":1280,\"height\":732},{\"@type\":\"BreadcrumbList\",\"@id\":\"https:\\\/\\\/exaudi.org\\\/it\\\/domani-e-domenica-laetare-ma-il-covid-non-e-piu-presente\\\/#breadcrumb\",\"itemListElement\":[{\"@type\":\"ListItem\",\"position\":1,\"name\":\"Portada\",\"item\":\"https:\\\/\\\/exaudi.org\\\/it\\\/\"},{\"@type\":\"ListItem\",\"position\":2,\"name\":\"Domani \u00e8 DOMENICA LAETARE, ma il COVID non \u00e8 pi\u00f9 presente\"}]},{\"@type\":\"WebSite\",\"@id\":\"https:\\\/\\\/exaudi.org\\\/#website\",\"url\":\"https:\\\/\\\/exaudi.org\\\/\",\"name\":\"Exaudi\",\"description\":\"News\",\"potentialAction\":[{\"@type\":\"SearchAction\",\"target\":{\"@type\":\"EntryPoint\",\"urlTemplate\":\"https:\\\/\\\/exaudi.org\\\/?s={search_term_string}\"},\"query-input\":{\"@type\":\"PropertyValueSpecification\",\"valueRequired\":true,\"valueName\":\"search_term_string\"}}],\"inLanguage\":\"it-IT\"},{\"@type\":\"Person\",\"@id\":\"https:\\\/\\\/exaudi.org\\\/#\\\/schema\\\/person\\\/49f03b61c85f6873df3534d23338de9c\",\"name\":\"Padre Antonio Mar\u00eda Domenech\",\"image\":{\"@type\":\"ImageObject\",\"inLanguage\":\"it-IT\",\"@id\":\"https:\\\/\\\/secure.gravatar.com\\\/avatar\\\/f59f832f122b486f0bee3515ea74c2ad9e2b83f2f8646040712a555d287356e4?s=96&d=mm&r=g\",\"url\":\"https:\\\/\\\/secure.gravatar.com\\\/avatar\\\/f59f832f122b486f0bee3515ea74c2ad9e2b83f2f8646040712a555d287356e4?s=96&d=mm&r=g\",\"contentUrl\":\"https:\\\/\\\/secure.gravatar.com\\\/avatar\\\/f59f832f122b486f0bee3515ea74c2ad9e2b83f2f8646040712a555d287356e4?s=96&d=mm&r=g\",\"caption\":\"Padre Antonio Mar\u00eda Domenech\"},\"description\":\"Antonio Mar\u00eda Domenech Guill\u00e9n. Sacerdote feliz de serlo, p\u00e1rroco rural ilusionado con sus pueblos y sus gentes, un amigo m\u00e1s; con motivos para vivir y morir.\",\"sameAs\":[\"https:\\\/\\\/sellenarondeinmensaalegria.wordpress.com\\\/\",\"https:\\\/\\\/www.facebook.com\\\/sotanarural\\\/?locale=es_ES\",\"https:\\\/\\\/www.linkedin.com\\\/in\\\/antoniomariadomenech\\\/?originalSubdomain=es\",\"https:\\\/\\\/x.com\\\/https:\\\/\\\/twitter.com\\\/antoniomariamcr?ref_src=twsrcgoogletwcampserptwgrauthor\",\"https:\\\/\\\/www.youtube.com\\\/channel\\\/UCEXJ629hWwJqM5uslcTdSsA\"],\"url\":\"https:\\\/\\\/exaudi.org\\\/it\\\/author\\\/padre-antonio-maria-domenech\\\/\"}]}<\/script>\n<!-- \/ Yoast SEO plugin. -->","yoast_head_json":{"title":"Domani \u00e8 DOMENICA LAETARE, ma il COVID non \u00e8 pi\u00f9 presente &#8211; Exaudi","robots":{"index":"index","follow":"follow","max-snippet":"max-snippet:-1","max-image-preview":"max-image-preview:large","max-video-preview":"max-video-preview:-1"},"canonical":"https:\/\/exaudi.org\/it\/domani-e-domenica-laetare-ma-il-covid-non-e-piu-presente\/","og_locale":"it_IT","og_type":"article","og_title":"Domani \u00e8 DOMENICA LAETARE, ma il COVID non \u00e8 pi\u00f9 presente &#8211; Exaudi","og_description":"Dall\u2019incertezza alla gioia: cinque anni dopo celebriamo la domenica Laetare con rinnovata speranza","og_url":"https:\/\/exaudi.org\/it\/domani-e-domenica-laetare-ma-il-covid-non-e-piu-presente\/","og_site_name":"Exaudi","article_publisher":"https:\/\/www.facebook.com\/ExaudiNews","article_author":"https:\/\/www.facebook.com\/sotanarural\/?locale=es_ES","article_published_time":"2025-03-29T17:50:12+00:00","og_image":[{"width":1280,"height":732,"url":"https:\/\/exaudi.org\/wp-content\/uploads\/2025\/03\/cq5dam.web_.1280.1280-1.jpeg","type":"image\/jpeg"}],"author":"Padre Antonio Mar\u00eda Domenech","twitter_card":"summary_large_image","twitter_creator":"@https:\/\/twitter.com\/antoniomariamcr?ref_src=twsrcgoogletwcampserptwgrauthor","twitter_site":"@Exaudi_News","twitter_misc":{"Scritto da":"Padre Antonio Mar\u00eda Domenech","Tempo di lettura stimato":"4 minuti"},"schema":{"@context":"https:\/\/schema.org","@graph":[{"@type":"Article","@id":"https:\/\/exaudi.org\/it\/domani-e-domenica-laetare-ma-il-covid-non-e-piu-presente\/#article","isPartOf":{"@id":"https:\/\/exaudi.org\/it\/domani-e-domenica-laetare-ma-il-covid-non-e-piu-presente\/"},"author":{"name":"Padre Antonio Mar\u00eda Domenech","@id":"https:\/\/exaudi.org\/#\/schema\/person\/49f03b61c85f6873df3534d23338de9c"},"headline":"Domani \u00e8 DOMENICA LAETARE, ma il COVID non \u00e8 pi\u00f9 presente","datePublished":"2025-03-29T17:50:12+00:00","mainEntityOfPage":{"@id":"https:\/\/exaudi.org\/it\/domani-e-domenica-laetare-ma-il-covid-non-e-piu-presente\/"},"wordCount":873,"image":{"@id":"https:\/\/exaudi.org\/it\/domani-e-domenica-laetare-ma-il-covid-non-e-piu-presente\/#primaryimage"},"thumbnailUrl":"https:\/\/exaudi.org\/wp-content\/uploads\/2025\/03\/cq5dam.web_.1280.1280-1.jpeg","keywords":["AMORE DI DIO","beneficenza","Chiesa","comunione","COMUNIT\u00c0 CRISTIANA","conversione","Covid","Cristo","DIO","Domenica Laetare","Eucaristia","fede","gioia cristiana","La vita eterna","massa","Omelia","PADRE ANTONIO MAR\u00cdA DOMENECH","PARROCCHIA","preghiera","Prestato","riconciliazione","Risurrezione","sacramenti","solidariet\u00e0","speranza","TESTIMONIANZA DI FEDE","Trending","Vangelo","VERGINE MARIA"],"articleSection":["Chiesa e Mondo","Spiritualit\u00e0"],"inLanguage":"it-IT"},{"@type":"WebPage","@id":"https:\/\/exaudi.org\/it\/domani-e-domenica-laetare-ma-il-covid-non-e-piu-presente\/","url":"https:\/\/exaudi.org\/it\/domani-e-domenica-laetare-ma-il-covid-non-e-piu-presente\/","name":"Domani \u00e8 DOMENICA LAETARE, ma il COVID non \u00e8 pi\u00f9 presente &#8211; Exaudi","isPartOf":{"@id":"https:\/\/exaudi.org\/#website"},"primaryImageOfPage":{"@id":"https:\/\/exaudi.org\/it\/domani-e-domenica-laetare-ma-il-covid-non-e-piu-presente\/#primaryimage"},"image":{"@id":"https:\/\/exaudi.org\/it\/domani-e-domenica-laetare-ma-il-covid-non-e-piu-presente\/#primaryimage"},"thumbnailUrl":"https:\/\/exaudi.org\/wp-content\/uploads\/2025\/03\/cq5dam.web_.1280.1280-1.jpeg","datePublished":"2025-03-29T17:50:12+00:00","author":{"@id":"https:\/\/exaudi.org\/#\/schema\/person\/49f03b61c85f6873df3534d23338de9c"},"breadcrumb":{"@id":"https:\/\/exaudi.org\/it\/domani-e-domenica-laetare-ma-il-covid-non-e-piu-presente\/#breadcrumb"},"inLanguage":"it-IT","potentialAction":[{"@type":"ReadAction","target":["https:\/\/exaudi.org\/it\/domani-e-domenica-laetare-ma-il-covid-non-e-piu-presente\/"]}]},{"@type":"ImageObject","inLanguage":"it-IT","@id":"https:\/\/exaudi.org\/it\/domani-e-domenica-laetare-ma-il-covid-non-e-piu-presente\/#primaryimage","url":"https:\/\/exaudi.org\/wp-content\/uploads\/2025\/03\/cq5dam.web_.1280.1280-1.jpeg","contentUrl":"https:\/\/exaudi.org\/wp-content\/uploads\/2025\/03\/cq5dam.web_.1280.1280-1.jpeg","width":1280,"height":732},{"@type":"BreadcrumbList","@id":"https:\/\/exaudi.org\/it\/domani-e-domenica-laetare-ma-il-covid-non-e-piu-presente\/#breadcrumb","itemListElement":[{"@type":"ListItem","position":1,"name":"Portada","item":"https:\/\/exaudi.org\/it\/"},{"@type":"ListItem","position":2,"name":"Domani \u00e8 DOMENICA LAETARE, ma il COVID non \u00e8 pi\u00f9 presente"}]},{"@type":"WebSite","@id":"https:\/\/exaudi.org\/#website","url":"https:\/\/exaudi.org\/","name":"Exaudi","description":"News","potentialAction":[{"@type":"SearchAction","target":{"@type":"EntryPoint","urlTemplate":"https:\/\/exaudi.org\/?s={search_term_string}"},"query-input":{"@type":"PropertyValueSpecification","valueRequired":true,"valueName":"search_term_string"}}],"inLanguage":"it-IT"},{"@type":"Person","@id":"https:\/\/exaudi.org\/#\/schema\/person\/49f03b61c85f6873df3534d23338de9c","name":"Padre Antonio Mar\u00eda Domenech","image":{"@type":"ImageObject","inLanguage":"it-IT","@id":"https:\/\/secure.gravatar.com\/avatar\/f59f832f122b486f0bee3515ea74c2ad9e2b83f2f8646040712a555d287356e4?s=96&d=mm&r=g","url":"https:\/\/secure.gravatar.com\/avatar\/f59f832f122b486f0bee3515ea74c2ad9e2b83f2f8646040712a555d287356e4?s=96&d=mm&r=g","contentUrl":"https:\/\/secure.gravatar.com\/avatar\/f59f832f122b486f0bee3515ea74c2ad9e2b83f2f8646040712a555d287356e4?s=96&d=mm&r=g","caption":"Padre Antonio Mar\u00eda Domenech"},"description":"Antonio Mar\u00eda Domenech Guill\u00e9n. Sacerdote feliz de serlo, p\u00e1rroco rural ilusionado con sus pueblos y sus gentes, un amigo m\u00e1s; con motivos para vivir y morir.","sameAs":["https:\/\/sellenarondeinmensaalegria.wordpress.com\/","https:\/\/www.facebook.com\/sotanarural\/?locale=es_ES","https:\/\/www.linkedin.com\/in\/antoniomariadomenech\/?originalSubdomain=es","https:\/\/x.com\/https:\/\/twitter.com\/antoniomariamcr?ref_src=twsrcgoogletwcampserptwgrauthor","https:\/\/www.youtube.com\/channel\/UCEXJ629hWwJqM5uslcTdSsA"],"url":"https:\/\/exaudi.org\/it\/author\/padre-antonio-maria-domenech\/"}]}},"jetpack_featured_media_url":"https:\/\/exaudi.org\/wp-content\/uploads\/2025\/03\/cq5dam.web_.1280.1280-1.jpeg","jetpack_shortlink":"https:\/\/wp.me\/pgKjF2-vQM","_links":{"self":[{"href":"https:\/\/exaudi.org\/it\/wp-json\/wp\/v2\/posts\/122436","targetHints":{"allow":["GET"]}}],"collection":[{"href":"https:\/\/exaudi.org\/it\/wp-json\/wp\/v2\/posts"}],"about":[{"href":"https:\/\/exaudi.org\/it\/wp-json\/wp\/v2\/types\/post"}],"author":[{"embeddable":true,"href":"https:\/\/exaudi.org\/it\/wp-json\/wp\/v2\/users\/138"}],"replies":[{"embeddable":true,"href":"https:\/\/exaudi.org\/it\/wp-json\/wp\/v2\/comments?post=122436"}],"version-history":[{"count":0,"href":"https:\/\/exaudi.org\/it\/wp-json\/wp\/v2\/posts\/122436\/revisions"}],"wp:featuredmedia":[{"embeddable":true,"href":"https:\/\/exaudi.org\/it\/wp-json\/wp\/v2\/media\/122421"}],"wp:attachment":[{"href":"https:\/\/exaudi.org\/it\/wp-json\/wp\/v2\/media?parent=122436"}],"wp:term":[{"taxonomy":"category","embeddable":true,"href":"https:\/\/exaudi.org\/it\/wp-json\/wp\/v2\/categories?post=122436"},{"taxonomy":"post_tag","embeddable":true,"href":"https:\/\/exaudi.org\/it\/wp-json\/wp\/v2\/tags?post=122436"}],"curies":[{"name":"wp","href":"https:\/\/api.w.org\/{rel}","templated":true}]}}