{"id":122295,"date":"2025-03-27T16:11:40","date_gmt":"2025-03-27T15:11:40","guid":{"rendered":"https:\/\/exaudi.org\/?p=122295"},"modified":"2025-03-27T16:11:40","modified_gmt":"2025-03-27T15:11:40","slug":"padre-marwan-la-terra-santa-ha-bisogno-di-pellegrini-abbiamo-bisogno-della-loro-consolazione","status":"publish","type":"post","link":"https:\/\/exaudi.org\/it\/padre-marwan-la-terra-santa-ha-bisogno-di-pellegrini-abbiamo-bisogno-della-loro-consolazione\/","title":{"rendered":"Padre Marwan: &#8220;La Terra Santa ha bisogno di pellegrini. Abbiamo bisogno della loro consolazione&#8221;"},"content":{"rendered":"<p>Quando \u00e8 iniziato il conflitto in Terra Santa, si trovava ancora a Roma, ma ogni due mesi si recava a Gerusalemme per filmare e registrare i suoi programmi per il <a href=\"https:\/\/www.cmc-terrasanta.com\/es\">Christian Media Center<\/a>, il canale di comunicazione della <a href=\"https:\/\/www.custodia.org\/es\">Custodia<\/a>.<\/p>\n<p>Ora, in questa intervista, ci racconta la sua esperienza della guerra a Gaza e condivide il suo desiderio e la sua emozione nell&#8217;accogliere i pellegrini in Israele.<\/p>\n<h3><strong>Il conflitto in Terra Santa<\/strong><\/h3>\n<p>Padre Marwan, da sempre molto vicino alla Fondazione CARF, ci racconta <strong>come un cattolico ha vissuto il conflitto in Israele<\/strong>: &#8220;Innanzitutto, vorrei chiarire che il conflitto non \u00e8 iniziato tra palestinesi e israeliani, ma tra Hamas e israeliani, il che \u00e8 totalmente diverso&#8221;.<\/p>\n<p>In quanto cristiano cattolico, ha vissuto <strong>tutto questo con ansia, con molta paura<\/strong>, senza sapere quale sarebbe stato il suo futuro a causa di questa guerra. Ma ci\u00f2 che ha anche da dire \u00e8 che essere cattolici o cristiani in Israele non \u00e8 diverso dall&#8217;essere di qualsiasi altra religione.<\/p>\n<p>Marwan \u00e8 nato a Gerusalemme nel 1974 in una famiglia ecumenica (suo padre era ortodosso e sua madre cattolica). Fu battezzato dai Melchiti perch\u00e9 lo zio di sua madre era un sacerdote melchita. Successivamente studi\u00f2 presso una prestigiosa scuola anglicana a Gerusalemme.<\/p>\n<p>Padre Marwan, cittadino israeliano di etnia arabo-palestinese, cristiano, \u00e8 cresciuto tra diverse fedi e riti, il che gli conferisce un&#8217;autorit\u00e0 unica nel suo genere per spiegare molto bene le idiosincrasie delle diverse fedi in Terra Santa.<\/p>\n<h3><strong>Costruttori di ponti per la pace<\/strong><\/h3>\n<p>&#8220;Quando c&#8217;\u00e8 una guerra, tutti ne sperimentiamo le conseguenze e tutti soffriamo allo stesso modo. L&#8217;unica differenza, <strong>che noi cristiani cattolici in Terra Santa cerchiamo di fare in tempi di conflitto, \u00e8 fare tutto il possibile per essere costruttori di ponti per la pace<\/strong>&#8220;, dice.<\/p>\n<p>Questo impegno e questa missione di tutti i cristiani di Gerusalemme, anche quelli in minoranza, sono radicati nel loro cuore. &#8220;Non importa quanti siamo, ci\u00f2 che conta \u00e8 cosa facciamo e come lo facciamo. Siamo costruttori di ponti di pace tra le diverse etnie, religioni e nazionalit\u00e0 della popolazione della Terra Santa. &#8220;Facciamo la differenza in termini di qualit\u00e0&#8221;, afferma il sacerdote francescano.<\/p>\n<h3><strong>Pellegrini dopo il cessate il fuoco<\/strong><\/h3>\n<p>E adesso, <strong>dopo il cessate il fuoco, cosa desideri? Cosa possono aspettarsi i pellegrini?<\/strong>\u00a0Tra i <a href=\"https:\/\/fundacioncarf.org\/peregrinaciones-roma-tierra-santa-fundacion-carf\/\">pellegrinaggi organizzati dalla Fondazione CARF<\/a>, uno di questi \u00e8 quello ai luoghi santi, che, per il momento e a causa della situazione, \u00e8 stato rinviato.<\/p>\n<p>Di recente, padre Francesco Patton, Custode dei Luoghi Santi, e il Patriarca latino di Gerusalemme, cardinale Pierre Batista Pizzaballa, hanno lanciato un appello ai pellegrini perch\u00e9 tornino con fiducia a visitare la Terra di Ges\u00f9.<\/p>\n<p>&#8220;Certamente lo hanno fatto, perch\u00e9 sanno che i luoghi santi sono ancora l\u00ec e la gente della Terra Santa aspetta ancora che i pellegrini cristiani provenienti da tutto il mondo li visitino&#8221;, afferma <a href=\"https:\/\/fundacioncarf.org\/en-tierra-santa-somos-minoria-en-numero\/\">padre Marwan<\/a>.<\/p>\n<h3><strong>I pellegrini, una grande consolazione<\/strong><\/h3>\n<p>Padre Marwan insiste sul fatto che il pericolo del conflitto \u00e8 passato e che, dopo pi\u00f9 di un anno di guerra, i cristiani di Terra Santa, pietre vive, attendono con ansia l&#8217;arrivo di centinaia di migliaia di pellegrini per accoglierli e unirsi a loro come fratelli della stessa Chiesa.<\/p>\n<p>&#8220;E devo anche dire che i pellegrini che verranno nei luoghi santi incontreranno le sofferenze del loro popolo a causa della guerra, <strong>ma vi assicuro che la loro presenza sar\u00e0 di grande conforto per tutti, cristiani e non cristiani<\/strong>.&#8221;<\/p>\n<p>Sentire la presenza della Chiesa universale<\/p>\n<p>Padre Marwan ha qualcosa di molto chiaro. In questo momento, uno dei bisogni pi\u00f9 urgenti dei cristiani in Israele \u00e8 quello di sentirsi parte della Chiesa universale.<\/p>\n<p>&#8220;Sai, a volte parliamo di quanto abbiamo bisogno di sostegno finanziario, giustizia e pace, persino di sostegno psicologico. Ma in quest&#8217;<strong>era postbellica, credo che la cosa pi\u00f9 importante per la Terra Santa e la sua gente sia la presenza internazionale della Chiesa universale in mezzo al caos<\/strong>.<\/p>\n<p>Penso che la presenza e l&#8217;essere presenti siano ci\u00f2 di cui abbiamo davvero urgente bisogno in Terra Santa. Quanto pi\u00f9 pellegrini cristiani saranno presenti nella terra della salvezza, tanto pi\u00f9 la Chiesa universale sar\u00e0 presente con loro.<\/p>\n<p>Ci auguriamo che questo invito al pellegrinaggio nei luoghi santi, soprattutto quest&#8217;anno durante il Giubileo della Speranza, sia una realt\u00e0 che porti grande conforto ai cristiani.<\/p>\n","protected":false},"excerpt":{"rendered":"<p>Padre Marwan \u00e8 un sacerdote francescano nato e residente a Gerusalemme che studia Comunicazione istituzionale presso la Pontificia Universit\u00e0 della Santa Croce (Roma)<\/p>\n","protected":false},"author":119,"featured_media":122203,"comment_status":"closed","ping_status":"closed","sticky":false,"template":"","format":"standard","meta":{"_acf_changed":false,"_crdt_document":"","inline_featured_image":false,"footnotes":""},"categories":[73,97],"tags":[51362,51363,51364,35632,4512,4474,18257,51365,51366,33150,51367,51368,26929,2749,11577,41875,821,35976,51371,51372,10564,2347,30824,51373,29153,51370,26284,2584,4089,51374,51369,51375,819,4952],"class_list":["post-122295","post","type-post","status-publish","format-standard","has-post-thumbnail","hentry","category-chiesa-e-mondo","category-testimoni","tag-arabo-palestinese","tag-cardinale-pierre-batista-pizzaballa","tag-centro-multimediale-cristiano","tag-cessate-il-fuoco","tag-chiesa-cattolica","tag-chiesa-ortodossa","tag-chiesa-universale","tag-cittadino-israeliano","tag-conflitto-in-terra-santa","tag-consolazione-cristiana","tag-costruzione-di-ponti","tag-cristiani-in-israele","tag-custodia-di-terra-santa","tag-ecumenismo-it","tag-fondazione-carf","tag-fratellanza-cristiana","tag-gerusalemme","tag-giubileo-della-speranza","tag-guerra-di-gaza","tag-guerra-e-fede","tag-hamas-2","tag-israele","tag-luoghi-sacri","tag-melchiti","tag-pace-in-terra-santa","tag-padre-marwan","tag-patriarca-latino-di-gerusalemme","tag-pellegrinaggi","tag-pellegrini","tag-presenza-della-chiesa","tag-scuola-anglicana","tag-terra-di-gesu","tag-terra-santa","tag-trending-it"],"acf":[],"yoast_head":"<!-- This site is optimized with the Yoast SEO plugin v27.5 - https:\/\/yoast.com\/product\/yoast-seo-wordpress\/ -->\n<title>Padre Marwan: &quot;La Terra Santa ha bisogno di pellegrini. Abbiamo bisogno della loro consolazione&quot; &#8211; Exaudi<\/title>\n<meta name=\"robots\" content=\"index, follow, max-snippet:-1, max-image-preview:large, max-video-preview:-1\" \/>\n<link rel=\"canonical\" href=\"https:\/\/exaudi.org\/it\/padre-marwan-la-terra-santa-ha-bisogno-di-pellegrini-abbiamo-bisogno-della-loro-consolazione\/\" \/>\n<meta property=\"og:locale\" content=\"it_IT\" \/>\n<meta property=\"og:type\" content=\"article\" \/>\n<meta property=\"og:title\" content=\"Padre Marwan: &quot;La Terra Santa ha bisogno di pellegrini. Abbiamo bisogno della loro consolazione&quot; &#8211; Exaudi\" \/>\n<meta property=\"og:description\" content=\"Padre Marwan \u00e8 un sacerdote francescano nato e residente a Gerusalemme che studia Comunicazione istituzionale presso la Pontificia Universit\u00e0 della Santa Croce (Roma)\" \/>\n<meta property=\"og:url\" content=\"https:\/\/exaudi.org\/it\/padre-marwan-la-terra-santa-ha-bisogno-di-pellegrini-abbiamo-bisogno-della-loro-consolazione\/\" \/>\n<meta property=\"og:site_name\" content=\"Exaudi\" \/>\n<meta property=\"article:publisher\" content=\"https:\/\/www.facebook.com\/ExaudiNews\" \/>\n<meta property=\"article:author\" content=\"https:\/\/www.facebook.com\/fundacioncarf\/\" \/>\n<meta property=\"article:published_time\" content=\"2025-03-27T15:11:40+00:00\" \/>\n<meta property=\"og:image\" content=\"https:\/\/exaudi.org\/wp-content\/uploads\/2025\/03\/peregrinos-tierra-santa-marwuan.webp\" \/>\n\t<meta property=\"og:image:width\" content=\"720\" \/>\n\t<meta property=\"og:image:height\" content=\"400\" \/>\n\t<meta property=\"og:image:type\" content=\"image\/webp\" \/>\n<meta name=\"author\" content=\"Fundaci\u00f3n CARF\" \/>\n<meta name=\"twitter:card\" content=\"summary_large_image\" \/>\n<meta name=\"twitter:creator\" content=\"@https:\/\/x.com\/fundacioncarf\" \/>\n<meta name=\"twitter:site\" content=\"@Exaudi_News\" \/>\n<meta name=\"twitter:label1\" content=\"Scritto da\" \/>\n\t<meta name=\"twitter:data1\" content=\"Fundaci\u00f3n CARF\" \/>\n\t<meta name=\"twitter:label2\" content=\"Tempo di lettura stimato\" \/>\n\t<meta name=\"twitter:data2\" content=\"3 minuti\" \/>\n<script type=\"application\/ld+json\" class=\"yoast-schema-graph\">{\"@context\":\"https:\\\/\\\/schema.org\",\"@graph\":[{\"@type\":\"Article\",\"@id\":\"https:\\\/\\\/exaudi.org\\\/it\\\/padre-marwan-la-terra-santa-ha-bisogno-di-pellegrini-abbiamo-bisogno-della-loro-consolazione\\\/#article\",\"isPartOf\":{\"@id\":\"https:\\\/\\\/exaudi.org\\\/it\\\/padre-marwan-la-terra-santa-ha-bisogno-di-pellegrini-abbiamo-bisogno-della-loro-consolazione\\\/\"},\"author\":{\"name\":\"Fundaci\u00f3n CARF\",\"@id\":\"https:\\\/\\\/exaudi.org\\\/#\\\/schema\\\/person\\\/fab8261a088ccf38cb54b3c50baa7baf\"},\"headline\":\"Padre Marwan: &#8220;La Terra Santa ha bisogno di pellegrini. Abbiamo bisogno della loro consolazione&#8221;\",\"datePublished\":\"2025-03-27T15:11:40+00:00\",\"mainEntityOfPage\":{\"@id\":\"https:\\\/\\\/exaudi.org\\\/it\\\/padre-marwan-la-terra-santa-ha-bisogno-di-pellegrini-abbiamo-bisogno-della-loro-consolazione\\\/\"},\"wordCount\":716,\"image\":{\"@id\":\"https:\\\/\\\/exaudi.org\\\/it\\\/padre-marwan-la-terra-santa-ha-bisogno-di-pellegrini-abbiamo-bisogno-della-loro-consolazione\\\/#primaryimage\"},\"thumbnailUrl\":\"https:\\\/\\\/exaudi.org\\\/wp-content\\\/uploads\\\/2025\\\/03\\\/peregrinos-tierra-santa-marwuan.webp\",\"keywords\":[\"Arabo-palestinese\",\"Cardinale Pierre Batista Pizzaballa\",\"Centro multimediale cristiano\",\"cessate il fuoco\",\"Chiesa cattolica\",\"Chiesa Ortodossa\",\"CHIESA UNIVERSALE\",\"Cittadino israeliano\",\"conflitto in Terra Santa\",\"Consolazione cristiana\",\"costruzione di ponti\",\"Cristiani in Israele\",\"Custodia di Terra Santa\",\"Ecumenismo\",\"FONDAZIONE CARF\",\"fratellanza cristiana\",\"Gerusalemme\",\"Giubileo della speranza\",\"Guerra di Gaza\",\"guerra e fede\",\"Hamas\",\"Israele\",\"luoghi sacri\",\"Melchiti\",\"Pace in Terra Santa\",\"Padre Marwan\",\"Patriarca latino di Gerusalemme\",\"pellegrinaggi\",\"pellegrini\",\"presenza della Chiesa\",\"Scuola anglicana\",\"Terra di Ges\u00f9\",\"Terra Santa\",\"Trending\"],\"articleSection\":[\"Chiesa e Mondo\",\"Testimoni\"],\"inLanguage\":\"it-IT\"},{\"@type\":\"WebPage\",\"@id\":\"https:\\\/\\\/exaudi.org\\\/it\\\/padre-marwan-la-terra-santa-ha-bisogno-di-pellegrini-abbiamo-bisogno-della-loro-consolazione\\\/\",\"url\":\"https:\\\/\\\/exaudi.org\\\/it\\\/padre-marwan-la-terra-santa-ha-bisogno-di-pellegrini-abbiamo-bisogno-della-loro-consolazione\\\/\",\"name\":\"Padre Marwan: \\\"La Terra Santa ha bisogno di pellegrini. Abbiamo bisogno della loro consolazione\\\" &#8211; Exaudi\",\"isPartOf\":{\"@id\":\"https:\\\/\\\/exaudi.org\\\/#website\"},\"primaryImageOfPage\":{\"@id\":\"https:\\\/\\\/exaudi.org\\\/it\\\/padre-marwan-la-terra-santa-ha-bisogno-di-pellegrini-abbiamo-bisogno-della-loro-consolazione\\\/#primaryimage\"},\"image\":{\"@id\":\"https:\\\/\\\/exaudi.org\\\/it\\\/padre-marwan-la-terra-santa-ha-bisogno-di-pellegrini-abbiamo-bisogno-della-loro-consolazione\\\/#primaryimage\"},\"thumbnailUrl\":\"https:\\\/\\\/exaudi.org\\\/wp-content\\\/uploads\\\/2025\\\/03\\\/peregrinos-tierra-santa-marwuan.webp\",\"datePublished\":\"2025-03-27T15:11:40+00:00\",\"author\":{\"@id\":\"https:\\\/\\\/exaudi.org\\\/#\\\/schema\\\/person\\\/fab8261a088ccf38cb54b3c50baa7baf\"},\"breadcrumb\":{\"@id\":\"https:\\\/\\\/exaudi.org\\\/it\\\/padre-marwan-la-terra-santa-ha-bisogno-di-pellegrini-abbiamo-bisogno-della-loro-consolazione\\\/#breadcrumb\"},\"inLanguage\":\"it-IT\",\"potentialAction\":[{\"@type\":\"ReadAction\",\"target\":[\"https:\\\/\\\/exaudi.org\\\/it\\\/padre-marwan-la-terra-santa-ha-bisogno-di-pellegrini-abbiamo-bisogno-della-loro-consolazione\\\/\"]}]},{\"@type\":\"ImageObject\",\"inLanguage\":\"it-IT\",\"@id\":\"https:\\\/\\\/exaudi.org\\\/it\\\/padre-marwan-la-terra-santa-ha-bisogno-di-pellegrini-abbiamo-bisogno-della-loro-consolazione\\\/#primaryimage\",\"url\":\"https:\\\/\\\/exaudi.org\\\/wp-content\\\/uploads\\\/2025\\\/03\\\/peregrinos-tierra-santa-marwuan.webp\",\"contentUrl\":\"https:\\\/\\\/exaudi.org\\\/wp-content\\\/uploads\\\/2025\\\/03\\\/peregrinos-tierra-santa-marwuan.webp\",\"width\":720,\"height\":400},{\"@type\":\"BreadcrumbList\",\"@id\":\"https:\\\/\\\/exaudi.org\\\/it\\\/padre-marwan-la-terra-santa-ha-bisogno-di-pellegrini-abbiamo-bisogno-della-loro-consolazione\\\/#breadcrumb\",\"itemListElement\":[{\"@type\":\"ListItem\",\"position\":1,\"name\":\"Portada\",\"item\":\"https:\\\/\\\/exaudi.org\\\/it\\\/\"},{\"@type\":\"ListItem\",\"position\":2,\"name\":\"Padre Marwan: &#8220;La Terra Santa ha bisogno di pellegrini. Abbiamo bisogno della loro consolazione&#8221;\"}]},{\"@type\":\"WebSite\",\"@id\":\"https:\\\/\\\/exaudi.org\\\/#website\",\"url\":\"https:\\\/\\\/exaudi.org\\\/\",\"name\":\"Exaudi\",\"description\":\"News\",\"potentialAction\":[{\"@type\":\"SearchAction\",\"target\":{\"@type\":\"EntryPoint\",\"urlTemplate\":\"https:\\\/\\\/exaudi.org\\\/?s={search_term_string}\"},\"query-input\":{\"@type\":\"PropertyValueSpecification\",\"valueRequired\":true,\"valueName\":\"search_term_string\"}}],\"inLanguage\":\"it-IT\"},{\"@type\":\"Person\",\"@id\":\"https:\\\/\\\/exaudi.org\\\/#\\\/schema\\\/person\\\/fab8261a088ccf38cb54b3c50baa7baf\",\"name\":\"Fundaci\u00f3n CARF\",\"image\":{\"@type\":\"ImageObject\",\"inLanguage\":\"it-IT\",\"@id\":\"https:\\\/\\\/secure.gravatar.com\\\/avatar\\\/ab292d3529973c0d1cf4cda9208c6a8a7ee52923f0a291c39104715fa46aae4b?s=96&d=mm&r=g\",\"url\":\"https:\\\/\\\/secure.gravatar.com\\\/avatar\\\/ab292d3529973c0d1cf4cda9208c6a8a7ee52923f0a291c39104715fa46aae4b?s=96&d=mm&r=g\",\"contentUrl\":\"https:\\\/\\\/secure.gravatar.com\\\/avatar\\\/ab292d3529973c0d1cf4cda9208c6a8a7ee52923f0a291c39104715fa46aae4b?s=96&d=mm&r=g\",\"caption\":\"Fundaci\u00f3n CARF\"},\"description\":\"Trabajamos para llevar la sonrisa de Dios a todos los rincones del mundo a trav\u00e9s de los sacerdotes y ayudando a su formaci\u00f3n. Gracias a nuestros benefactores, ayudamos a la formaci\u00f3n de los sacerdotes, difundimos su buen nombre y rezamos por su fidelidad y las vocaciones. Trabajamos para servir a la Iglesia y que ninguna vocaci\u00f3n se pierda y luego ellos puedan transmitir en su labor pastoral toda la luz, ciencia y doctrina recibida. Acad\u00e9mico Las licenciaturas, programas de especializacio\u0301n o doctorados, otorgan a cada candidato una formaci\u00f3n espec\u00edfica en Teologi\u0301a, Filosofi\u0301a, Derecho Cano\u0301nico o Comunicacio\u0301n Social Institucional. Espiritual Los seminaristas y sacerdotes complementan su formacio\u0301n acade\u0301mica y humana con la espiritual, ya que deben estar preparados para seguir su vocaci\u00f3n y prestar su cuerpo y su espi\u0301ritu al Sen\u0303or. Humano A trave\u0301s del ambiente de familia y de preparaci\u00f3n, se consigue el desarrollo de actitudes, capacidades y valores que impactan en el crecimiento personal y social de los sacerdotes.\",\"sameAs\":[\"https:\\\/\\\/fundacioncarf.org\\\/\",\"https:\\\/\\\/www.facebook.com\\\/fundacioncarf\\\/\",\"https:\\\/\\\/www.instagram.com\\\/fundacioncarf\\\/\",\"https:\\\/\\\/www.linkedin.com\\\/company\\\/fundacioncarf\\\/posts\\\/?feedView=all\",\"https:\\\/\\\/x.com\\\/https:\\\/\\\/x.com\\\/fundacioncarf\",\"https:\\\/\\\/www.youtube.com\\\/c\\\/fundacioncarf\"],\"url\":\"https:\\\/\\\/exaudi.org\\\/it\\\/author\\\/carf\\\/\"}]}<\/script>\n<!-- \/ Yoast SEO plugin. -->","yoast_head_json":{"title":"Padre Marwan: \"La Terra Santa ha bisogno di pellegrini. Abbiamo bisogno della loro consolazione\" &#8211; Exaudi","robots":{"index":"index","follow":"follow","max-snippet":"max-snippet:-1","max-image-preview":"max-image-preview:large","max-video-preview":"max-video-preview:-1"},"canonical":"https:\/\/exaudi.org\/it\/padre-marwan-la-terra-santa-ha-bisogno-di-pellegrini-abbiamo-bisogno-della-loro-consolazione\/","og_locale":"it_IT","og_type":"article","og_title":"Padre Marwan: \"La Terra Santa ha bisogno di pellegrini. Abbiamo bisogno della loro consolazione\" &#8211; Exaudi","og_description":"Padre Marwan \u00e8 un sacerdote francescano nato e residente a Gerusalemme che studia Comunicazione istituzionale presso la Pontificia Universit\u00e0 della Santa Croce (Roma)","og_url":"https:\/\/exaudi.org\/it\/padre-marwan-la-terra-santa-ha-bisogno-di-pellegrini-abbiamo-bisogno-della-loro-consolazione\/","og_site_name":"Exaudi","article_publisher":"https:\/\/www.facebook.com\/ExaudiNews","article_author":"https:\/\/www.facebook.com\/fundacioncarf\/","article_published_time":"2025-03-27T15:11:40+00:00","og_image":[{"width":720,"height":400,"url":"https:\/\/exaudi.org\/wp-content\/uploads\/2025\/03\/peregrinos-tierra-santa-marwuan.webp","type":"image\/webp"}],"author":"Fundaci\u00f3n CARF","twitter_card":"summary_large_image","twitter_creator":"@https:\/\/x.com\/fundacioncarf","twitter_site":"@Exaudi_News","twitter_misc":{"Scritto da":"Fundaci\u00f3n CARF","Tempo di lettura stimato":"3 minuti"},"schema":{"@context":"https:\/\/schema.org","@graph":[{"@type":"Article","@id":"https:\/\/exaudi.org\/it\/padre-marwan-la-terra-santa-ha-bisogno-di-pellegrini-abbiamo-bisogno-della-loro-consolazione\/#article","isPartOf":{"@id":"https:\/\/exaudi.org\/it\/padre-marwan-la-terra-santa-ha-bisogno-di-pellegrini-abbiamo-bisogno-della-loro-consolazione\/"},"author":{"name":"Fundaci\u00f3n CARF","@id":"https:\/\/exaudi.org\/#\/schema\/person\/fab8261a088ccf38cb54b3c50baa7baf"},"headline":"Padre Marwan: &#8220;La Terra Santa ha bisogno di pellegrini. Abbiamo bisogno della loro consolazione&#8221;","datePublished":"2025-03-27T15:11:40+00:00","mainEntityOfPage":{"@id":"https:\/\/exaudi.org\/it\/padre-marwan-la-terra-santa-ha-bisogno-di-pellegrini-abbiamo-bisogno-della-loro-consolazione\/"},"wordCount":716,"image":{"@id":"https:\/\/exaudi.org\/it\/padre-marwan-la-terra-santa-ha-bisogno-di-pellegrini-abbiamo-bisogno-della-loro-consolazione\/#primaryimage"},"thumbnailUrl":"https:\/\/exaudi.org\/wp-content\/uploads\/2025\/03\/peregrinos-tierra-santa-marwuan.webp","keywords":["Arabo-palestinese","Cardinale Pierre Batista Pizzaballa","Centro multimediale cristiano","cessate il fuoco","Chiesa cattolica","Chiesa Ortodossa","CHIESA UNIVERSALE","Cittadino israeliano","conflitto in Terra Santa","Consolazione cristiana","costruzione di ponti","Cristiani in Israele","Custodia di Terra Santa","Ecumenismo","FONDAZIONE CARF","fratellanza cristiana","Gerusalemme","Giubileo della speranza","Guerra di Gaza","guerra e fede","Hamas","Israele","luoghi sacri","Melchiti","Pace in Terra Santa","Padre Marwan","Patriarca latino di Gerusalemme","pellegrinaggi","pellegrini","presenza della Chiesa","Scuola anglicana","Terra di Ges\u00f9","Terra Santa","Trending"],"articleSection":["Chiesa e Mondo","Testimoni"],"inLanguage":"it-IT"},{"@type":"WebPage","@id":"https:\/\/exaudi.org\/it\/padre-marwan-la-terra-santa-ha-bisogno-di-pellegrini-abbiamo-bisogno-della-loro-consolazione\/","url":"https:\/\/exaudi.org\/it\/padre-marwan-la-terra-santa-ha-bisogno-di-pellegrini-abbiamo-bisogno-della-loro-consolazione\/","name":"Padre Marwan: \"La Terra Santa ha bisogno di pellegrini. Abbiamo bisogno della loro consolazione\" &#8211; Exaudi","isPartOf":{"@id":"https:\/\/exaudi.org\/#website"},"primaryImageOfPage":{"@id":"https:\/\/exaudi.org\/it\/padre-marwan-la-terra-santa-ha-bisogno-di-pellegrini-abbiamo-bisogno-della-loro-consolazione\/#primaryimage"},"image":{"@id":"https:\/\/exaudi.org\/it\/padre-marwan-la-terra-santa-ha-bisogno-di-pellegrini-abbiamo-bisogno-della-loro-consolazione\/#primaryimage"},"thumbnailUrl":"https:\/\/exaudi.org\/wp-content\/uploads\/2025\/03\/peregrinos-tierra-santa-marwuan.webp","datePublished":"2025-03-27T15:11:40+00:00","author":{"@id":"https:\/\/exaudi.org\/#\/schema\/person\/fab8261a088ccf38cb54b3c50baa7baf"},"breadcrumb":{"@id":"https:\/\/exaudi.org\/it\/padre-marwan-la-terra-santa-ha-bisogno-di-pellegrini-abbiamo-bisogno-della-loro-consolazione\/#breadcrumb"},"inLanguage":"it-IT","potentialAction":[{"@type":"ReadAction","target":["https:\/\/exaudi.org\/it\/padre-marwan-la-terra-santa-ha-bisogno-di-pellegrini-abbiamo-bisogno-della-loro-consolazione\/"]}]},{"@type":"ImageObject","inLanguage":"it-IT","@id":"https:\/\/exaudi.org\/it\/padre-marwan-la-terra-santa-ha-bisogno-di-pellegrini-abbiamo-bisogno-della-loro-consolazione\/#primaryimage","url":"https:\/\/exaudi.org\/wp-content\/uploads\/2025\/03\/peregrinos-tierra-santa-marwuan.webp","contentUrl":"https:\/\/exaudi.org\/wp-content\/uploads\/2025\/03\/peregrinos-tierra-santa-marwuan.webp","width":720,"height":400},{"@type":"BreadcrumbList","@id":"https:\/\/exaudi.org\/it\/padre-marwan-la-terra-santa-ha-bisogno-di-pellegrini-abbiamo-bisogno-della-loro-consolazione\/#breadcrumb","itemListElement":[{"@type":"ListItem","position":1,"name":"Portada","item":"https:\/\/exaudi.org\/it\/"},{"@type":"ListItem","position":2,"name":"Padre Marwan: &#8220;La Terra Santa ha bisogno di pellegrini. Abbiamo bisogno della loro consolazione&#8221;"}]},{"@type":"WebSite","@id":"https:\/\/exaudi.org\/#website","url":"https:\/\/exaudi.org\/","name":"Exaudi","description":"News","potentialAction":[{"@type":"SearchAction","target":{"@type":"EntryPoint","urlTemplate":"https:\/\/exaudi.org\/?s={search_term_string}"},"query-input":{"@type":"PropertyValueSpecification","valueRequired":true,"valueName":"search_term_string"}}],"inLanguage":"it-IT"},{"@type":"Person","@id":"https:\/\/exaudi.org\/#\/schema\/person\/fab8261a088ccf38cb54b3c50baa7baf","name":"Fundaci\u00f3n CARF","image":{"@type":"ImageObject","inLanguage":"it-IT","@id":"https:\/\/secure.gravatar.com\/avatar\/ab292d3529973c0d1cf4cda9208c6a8a7ee52923f0a291c39104715fa46aae4b?s=96&d=mm&r=g","url":"https:\/\/secure.gravatar.com\/avatar\/ab292d3529973c0d1cf4cda9208c6a8a7ee52923f0a291c39104715fa46aae4b?s=96&d=mm&r=g","contentUrl":"https:\/\/secure.gravatar.com\/avatar\/ab292d3529973c0d1cf4cda9208c6a8a7ee52923f0a291c39104715fa46aae4b?s=96&d=mm&r=g","caption":"Fundaci\u00f3n CARF"},"description":"Trabajamos para llevar la sonrisa de Dios a todos los rincones del mundo a trav\u00e9s de los sacerdotes y ayudando a su formaci\u00f3n. Gracias a nuestros benefactores, ayudamos a la formaci\u00f3n de los sacerdotes, difundimos su buen nombre y rezamos por su fidelidad y las vocaciones. Trabajamos para servir a la Iglesia y que ninguna vocaci\u00f3n se pierda y luego ellos puedan transmitir en su labor pastoral toda la luz, ciencia y doctrina recibida. Acad\u00e9mico Las licenciaturas, programas de especializacio\u0301n o doctorados, otorgan a cada candidato una formaci\u00f3n espec\u00edfica en Teologi\u0301a, Filosofi\u0301a, Derecho Cano\u0301nico o Comunicacio\u0301n Social Institucional. Espiritual Los seminaristas y sacerdotes complementan su formacio\u0301n acade\u0301mica y humana con la espiritual, ya que deben estar preparados para seguir su vocaci\u00f3n y prestar su cuerpo y su espi\u0301ritu al Sen\u0303or. Humano A trave\u0301s del ambiente de familia y de preparaci\u00f3n, se consigue el desarrollo de actitudes, capacidades y valores que impactan en el crecimiento personal y social de los sacerdotes.","sameAs":["https:\/\/fundacioncarf.org\/","https:\/\/www.facebook.com\/fundacioncarf\/","https:\/\/www.instagram.com\/fundacioncarf\/","https:\/\/www.linkedin.com\/company\/fundacioncarf\/posts\/?feedView=all","https:\/\/x.com\/https:\/\/x.com\/fundacioncarf","https:\/\/www.youtube.com\/c\/fundacioncarf"],"url":"https:\/\/exaudi.org\/it\/author\/carf\/"}]}},"jetpack_featured_media_url":"https:\/\/exaudi.org\/wp-content\/uploads\/2025\/03\/peregrinos-tierra-santa-marwuan.webp","jetpack_shortlink":"https:\/\/wp.me\/pgKjF2-vOv","_links":{"self":[{"href":"https:\/\/exaudi.org\/it\/wp-json\/wp\/v2\/posts\/122295","targetHints":{"allow":["GET"]}}],"collection":[{"href":"https:\/\/exaudi.org\/it\/wp-json\/wp\/v2\/posts"}],"about":[{"href":"https:\/\/exaudi.org\/it\/wp-json\/wp\/v2\/types\/post"}],"author":[{"embeddable":true,"href":"https:\/\/exaudi.org\/it\/wp-json\/wp\/v2\/users\/119"}],"replies":[{"embeddable":true,"href":"https:\/\/exaudi.org\/it\/wp-json\/wp\/v2\/comments?post=122295"}],"version-history":[{"count":0,"href":"https:\/\/exaudi.org\/it\/wp-json\/wp\/v2\/posts\/122295\/revisions"}],"wp:featuredmedia":[{"embeddable":true,"href":"https:\/\/exaudi.org\/it\/wp-json\/wp\/v2\/media\/122203"}],"wp:attachment":[{"href":"https:\/\/exaudi.org\/it\/wp-json\/wp\/v2\/media?parent=122295"}],"wp:term":[{"taxonomy":"category","embeddable":true,"href":"https:\/\/exaudi.org\/it\/wp-json\/wp\/v2\/categories?post=122295"},{"taxonomy":"post_tag","embeddable":true,"href":"https:\/\/exaudi.org\/it\/wp-json\/wp\/v2\/tags?post=122295"}],"curies":[{"name":"wp","href":"https:\/\/api.w.org\/{rel}","templated":true}]}}