{"id":121543,"date":"2025-03-18T15:37:50","date_gmt":"2025-03-18T14:37:50","guid":{"rendered":"https:\/\/exaudi.org\/?p=121543"},"modified":"2025-03-18T15:37:50","modified_gmt":"2025-03-18T14:37:50","slug":"con-la-vita-umana-2025","status":"publish","type":"post","link":"https:\/\/exaudi.org\/it\/con-la-vita-umana-2025\/","title":{"rendered":"Con la vita umana 2025"},"content":{"rendered":"<p>Pochi giorni fa si \u00e8 tenuto a Madrid un nuovo Congresso Nazionale Pro-Life, organizzato dalla Federazione delle Associazioni Pro-Life e dall&#8217;Universit\u00e0 San Pablo CEU, con il motto &#8220;Da dentro a fuori&#8221;, per riflettere sulla difesa della vita umana e condividere alcune testimonianze.<\/p>\n<p>Questo Congresso ha sottolineato l&#8217;importanza dell&#8217;informazione e del sostegno alle donne incinte, nonch\u00e9 della tutela della vita fin dal concepimento. Tra le testimonianze c&#8217;\u00e8 quella di Mar\u00eda \u00c1ngeles, madre di cinque figli viventi e due defunti, persi prima della nascita. Nella stanza c&#8217;era un ragazzo di 13 anni che non sarebbe mai nato se avesse seguito il consiglio di un ginecologo pro-aborto.<\/p>\n<p>Ha inoltre affermato il diritto delle donne a essere informate e a prendere decisioni senza pressioni. &#8220;Le conseguenze di un aborto sono molto gravi e durano tutta la vita&#8221;, ha affermato, sottolineando che non colpisce solo la madre e il bambino, ma l&#8217;intera societ\u00e0.<\/p>\n<p>Il Congresso, con numerose relazioni e testimonianze, ha sottolineato l\u2019importanza di sostenere le donne incinte e la necessit\u00e0 di promuovere una cultura della vita basata sul sostegno, sull\u2019informazione e sulla speranza.<\/p>\n<h3><strong>Mos\u00e9<\/strong><\/h3>\n<p>Sono venuto da lontano per difendere la vita umana dalle pressioni di alcune persone potenti. Il libro dell&#8217;Esodo racconta dell&#8217;oppressione subita dai discendenti di Giacobbe in Egitto. Vivevano in schiavit\u00f9 e svolgevano lavori crudeli che rendevano le loro vite un inferno. Per impedire la crescita degli Ebrei, incaricarono le levatrici ebree di uccidere il maschio se fosse nato e di lasciare in vita la femmina se fosse nata lei. Ma quelle levatrici temettero Dio e non obbedirono all&#8217;ordine, dicendo che le donne ebree sono pi\u00f9 robuste delle egiziane e che quando arrivano hanno gi\u00e0 partorito. Il libro aggiunge che &#8220;Dio ricompens\u00f2 le levatrici e il villaggio crebbe e divenne molto forte. E le levatrici, poich\u00e9 temevano Dio, Dio diede loro anche delle famiglie.<\/p>\n<p>Sembra che il Faraone abbia fatto a meno di quelle donne e abbia ordinato a tutto il suo popolo che quando fosse nato un maschio ebreo lo avrebbero gettato nel Nilo. La storia \u00e8 nota nel suo sviluppo successivo, perch\u00e9 una donna ebrea diede alla luce un bambino maschio e lo tenne nascosto per tre mesi; Cos\u00ec, quando non pot\u00e9 pi\u00f9 nasconderlo, escogit\u00f2 un modo per salvarlo: lo mise in una cesta ben preparata e lo fece galleggiare sul Nilo sotto l&#8217;occhio vigile della figlia maggiore. Cos\u00ec, quando la figlia del faraone scese con le sue ancelle per fare il bagno, vide il cesto nascosto tra le canne e chiese che glielo portassero: rimase meravigliata dalla creatura e decise di adottare il bambino come suo figlio. La sorella del bambino, ancora attenta alla corrente, assistette all&#8217;evento e si offr\u00ec di darlo a una donna affinch\u00e9 lo allattasse. Quando il bambino fu cresciuto, lo port\u00f2 dalla figlia del faraone, che lo adott\u00f2 e lo chiam\u00f2 &#8220;Mos\u00e8&#8221; nella sua lingua madre, perch\u00e9 era stato tratto dalle acque. Un evento che si riflette oggi nelle madri affidatarie e nelle famiglie, perch\u00e9 tutto \u00e8 gi\u00e0 stato inventato ed \u00e8 sempre possibile farlo rivivere attraverso la generosit\u00e0.<\/p>\n<p>Il libro sacro sottolinea che le levatrici ebree avevano timore di Dio e dell&#8217;ingegno della madre nel salvare il suo bambino. Come \u00e8 noto, Mos\u00e8 crebbe nell&#8217;ambiente di palazzo, ricevendo la formazione adeguata e, in seguito, tra sofferenze, fu scelto per guidare la marcia del popolo ebraico fuori dall&#8217;oppressione dell&#8217;Egitto, camminando con la protezione di Dio in mezzo alle difficolt\u00e0 verso la Terra Promessa, con tante vicissitudini che questo Libro dell&#8217;Esodo racconta.<\/p>\n<p>Molte famiglie ricorderanno che anni fa, quando si avvicinava una nascita, la culla o il nido erano comunemente conosciuti come &#8220;cesta di Mos\u00e8&#8221;.<\/p>\n<h3><strong>Promuovere le famiglie affidatarie<\/strong><\/h3>\n<p>In questo Congresso si \u00e8 parlato anche del sostegno alle famiglie affidatarie, come racconta Maril\u00f3 Alfonso, 50 anni, madre di due figli e impegnata nell&#8217;affidamento. &#8220;Non siamo una famiglia convenzionale, ma una famiglia affidataria&#8221;, ha spiegato all&#8217;inizio della sua presentazione, sottolineando la differenza fondamentale tra affidamento e adozione. &#8220;L&#8217;affidamento \u00e8 temporaneo; offriamo ai bambini una casa e una famiglia mentre la loro situazione si risolve&#8221;, ha osservato, mentre l&#8217;adozione implica un&#8217;integrazione permanente nella famiglia.<\/p>\n<p>Il Congresso, patrocinato dall&#8217;Associazione nazionale dei propagandisti, ha sottolineato che in Spagna pi\u00f9 di 17.000 minori non possono vivere con i genitori e sono affidati a famiglie adottive. Molti di loro, ha spiegato Maril\u00f3, potrebbero trovare casa se pi\u00f9 famiglie fossero a conoscenza di questa possibilit\u00e0 e la scegliessero. &#8220;Quando ci siamo sposati, avevo ben chiaro in mente che volevo aiutare i bambini che non avevano genitori o che non potevano vivere con loro&#8221;, ha ricordato.<\/p>\n<p>Un&#8217;altra donna, Clara, ha affermato che il mondo dell&#8217;affidamento familiare \u00e8 ancora in gran parte sconosciuto e che il suo processo di coinvolgimento \u00e8 stato molto difficile. Ha raccontato che nel corso degli anni sono passati per casa sua undici bambini, la maggior parte dei quali erano neonati con sintomi di astinenza, cio\u00e8 neonati di madri con dipendenze, che arrivavano con problemi di salute. E come l&#8217;oratore precedente, Maril\u00f3 e la sua famiglia continuano a sostenere questo lavoro. &#8220;Non \u00e8 facile, ma l&#8217;amore che diamo e riceviamo compensa tutto&#8221;, ha affermato.<\/p>\n<p>L&#8217;episodio dell&#8217;Esodo dimostra che le donne sono le migliori difensori della vita, che il cuore rifiuta la morte dell&#8217;innocente e che la ragione prudente trova il modo di superare le leggi ingiuste contro la vita imposte dai nemici della libert\u00e0.<\/p>\n","protected":false},"excerpt":{"rendered":"<p>Un impegno per la vita: testimonianze, sfide e speranza nella difesa dei pi\u00f9 vulnerabili<\/p>\n","protected":false},"author":128,"featured_media":121481,"comment_status":"closed","ping_status":"closed","sticky":false,"template":"","format":"standard","meta":{"_acf_changed":false,"_crdt_document":"","inline_featured_image":false,"footnotes":""},"categories":[129],"tags":[49859,49861,49862,21808,28259,13988,19470,49869,40717,49864,49865,49866,49858,49867,49868,40626,49870,49860,49871,4952,49872,49873,49863],"class_list":["post-121543","post","type-post","status-publish","format-standard","has-post-thumbnail","hentry","category-voci","tag-adozione-e-affidamento","tag-associazione-nazionale-dei-propagandisti","tag-congresso-pro-life-2025","tag-cultura-della-vita","tag-difesa-della-vita","tag-dignita-umana","tag-diritto-alla-vita","tag-donne-incinte","tag-etica-e-vita","tag-famiglia-e-affidamento","tag-federazione-delle-associazioni-pro-life","tag-gesu-ortiz-lopez","tag-laborto-e-le-sue-conseguenze","tag-lotta-contro-laborto","tag-mose-e-la-difesa-della-vita","tag-protezione-dei-nascituri","tag-sindrome-da-astinenza-neonatale","tag-sostegno-alla-maternita","tag-testimonianza-pro-life","tag-trending-it","tag-universita-ceu-di-san-pablo","tag-valori-pro-life","tag-vangelo-della-vita"],"acf":[],"yoast_head":"<!-- This site is optimized with the Yoast SEO plugin v27.4 - https:\/\/yoast.com\/product\/yoast-seo-wordpress\/ -->\n<title>Con la vita umana 2025 &#8211; Exaudi<\/title>\n<meta name=\"robots\" content=\"index, follow, max-snippet:-1, max-image-preview:large, max-video-preview:-1\" \/>\n<link rel=\"canonical\" href=\"https:\/\/exaudi.org\/it\/con-la-vita-umana-2025\/\" \/>\n<meta property=\"og:locale\" content=\"it_IT\" \/>\n<meta property=\"og:type\" content=\"article\" \/>\n<meta property=\"og:title\" content=\"Con la vita umana 2025 &#8211; Exaudi\" \/>\n<meta property=\"og:description\" content=\"Un impegno per la vita: testimonianze, sfide e speranza nella difesa dei pi\u00f9 vulnerabili\" \/>\n<meta property=\"og:url\" content=\"https:\/\/exaudi.org\/it\/con-la-vita-umana-2025\/\" \/>\n<meta property=\"og:site_name\" content=\"Exaudi\" \/>\n<meta property=\"article:publisher\" content=\"https:\/\/www.facebook.com\/ExaudiNews\" \/>\n<meta property=\"article:published_time\" content=\"2025-03-18T14:37:50+00:00\" \/>\n<meta property=\"og:image\" content=\"https:\/\/exaudi.org\/wp-content\/uploads\/2025\/03\/pexels-dalida-jakli-2150468204-31187960-scaled.jpg\" \/>\n\t<meta property=\"og:image:width\" content=\"2560\" \/>\n\t<meta property=\"og:image:height\" content=\"1703\" \/>\n\t<meta property=\"og:image:type\" content=\"image\/jpeg\" \/>\n<meta name=\"author\" content=\"Jes\u00fas Ortiz L\u00f3pez\" \/>\n<meta name=\"twitter:card\" content=\"summary_large_image\" \/>\n<meta name=\"twitter:creator\" content=\"@Exaudi_News\" \/>\n<meta name=\"twitter:site\" content=\"@Exaudi_News\" \/>\n<meta name=\"twitter:label1\" content=\"Scritto da\" \/>\n\t<meta name=\"twitter:data1\" content=\"Jes\u00fas Ortiz L\u00f3pez\" \/>\n\t<meta name=\"twitter:label2\" content=\"Tempo di lettura stimato\" \/>\n\t<meta name=\"twitter:data2\" content=\"4 minuti\" \/>\n<script type=\"application\/ld+json\" class=\"yoast-schema-graph\">{\"@context\":\"https:\\\/\\\/schema.org\",\"@graph\":[{\"@type\":\"Article\",\"@id\":\"https:\\\/\\\/exaudi.org\\\/it\\\/con-la-vita-umana-2025\\\/#article\",\"isPartOf\":{\"@id\":\"https:\\\/\\\/exaudi.org\\\/it\\\/con-la-vita-umana-2025\\\/\"},\"author\":{\"name\":\"Jes\u00fas Ortiz L\u00f3pez\",\"@id\":\"https:\\\/\\\/exaudi.org\\\/#\\\/schema\\\/person\\\/3c3d6c1d74b3326212e45cd4d50eb7bc\"},\"headline\":\"Con la vita umana 2025\",\"datePublished\":\"2025-03-18T14:37:50+00:00\",\"mainEntityOfPage\":{\"@id\":\"https:\\\/\\\/exaudi.org\\\/it\\\/con-la-vita-umana-2025\\\/\"},\"wordCount\":907,\"image\":{\"@id\":\"https:\\\/\\\/exaudi.org\\\/it\\\/con-la-vita-umana-2025\\\/#primaryimage\"},\"thumbnailUrl\":\"https:\\\/\\\/exaudi.org\\\/wp-content\\\/uploads\\\/2025\\\/03\\\/pexels-dalida-jakli-2150468204-31187960-scaled.jpg\",\"keywords\":[\"adozione e affidamento\",\"Associazione nazionale dei propagandisti\",\"congresso pro-life 2025\",\"CULTURA DELLA VITA\",\"Difesa della vita\",\"DIGNIT\u00c0 UMANA\",\"DIRITTO ALLA VITA\",\"donne incinte\",\"etica e vita\",\"famiglia e affidamento\",\"Federazione delle Associazioni Pro-Life\",\"Ges\u00f9 Ortiz Lopez\",\"l'aborto e le sue conseguenze\",\"lotta contro l'aborto\",\"Mos\u00e8 e la difesa della vita\",\"protezione dei nascituri\",\"sindrome da astinenza neonatale\",\"sostegno alla maternit\u00e0\",\"testimonianza pro-life\",\"Trending\",\"Universit\u00e0 CEU di San Pablo\",\"valori pro-life\",\"vangelo della vita\"],\"articleSection\":[\"Voci\"],\"inLanguage\":\"it-IT\"},{\"@type\":\"WebPage\",\"@id\":\"https:\\\/\\\/exaudi.org\\\/it\\\/con-la-vita-umana-2025\\\/\",\"url\":\"https:\\\/\\\/exaudi.org\\\/it\\\/con-la-vita-umana-2025\\\/\",\"name\":\"Con la vita umana 2025 &#8211; Exaudi\",\"isPartOf\":{\"@id\":\"https:\\\/\\\/exaudi.org\\\/#website\"},\"primaryImageOfPage\":{\"@id\":\"https:\\\/\\\/exaudi.org\\\/it\\\/con-la-vita-umana-2025\\\/#primaryimage\"},\"image\":{\"@id\":\"https:\\\/\\\/exaudi.org\\\/it\\\/con-la-vita-umana-2025\\\/#primaryimage\"},\"thumbnailUrl\":\"https:\\\/\\\/exaudi.org\\\/wp-content\\\/uploads\\\/2025\\\/03\\\/pexels-dalida-jakli-2150468204-31187960-scaled.jpg\",\"datePublished\":\"2025-03-18T14:37:50+00:00\",\"author\":{\"@id\":\"https:\\\/\\\/exaudi.org\\\/#\\\/schema\\\/person\\\/3c3d6c1d74b3326212e45cd4d50eb7bc\"},\"breadcrumb\":{\"@id\":\"https:\\\/\\\/exaudi.org\\\/it\\\/con-la-vita-umana-2025\\\/#breadcrumb\"},\"inLanguage\":\"it-IT\",\"potentialAction\":[{\"@type\":\"ReadAction\",\"target\":[\"https:\\\/\\\/exaudi.org\\\/it\\\/con-la-vita-umana-2025\\\/\"]}]},{\"@type\":\"ImageObject\",\"inLanguage\":\"it-IT\",\"@id\":\"https:\\\/\\\/exaudi.org\\\/it\\\/con-la-vita-umana-2025\\\/#primaryimage\",\"url\":\"https:\\\/\\\/exaudi.org\\\/wp-content\\\/uploads\\\/2025\\\/03\\\/pexels-dalida-jakli-2150468204-31187960-scaled.jpg\",\"contentUrl\":\"https:\\\/\\\/exaudi.org\\\/wp-content\\\/uploads\\\/2025\\\/03\\\/pexels-dalida-jakli-2150468204-31187960-scaled.jpg\",\"width\":2560,\"height\":1703,\"caption\":\"Pexels\"},{\"@type\":\"BreadcrumbList\",\"@id\":\"https:\\\/\\\/exaudi.org\\\/it\\\/con-la-vita-umana-2025\\\/#breadcrumb\",\"itemListElement\":[{\"@type\":\"ListItem\",\"position\":1,\"name\":\"Portada\",\"item\":\"https:\\\/\\\/exaudi.org\\\/it\\\/\"},{\"@type\":\"ListItem\",\"position\":2,\"name\":\"Con la vita umana 2025\"}]},{\"@type\":\"WebSite\",\"@id\":\"https:\\\/\\\/exaudi.org\\\/#website\",\"url\":\"https:\\\/\\\/exaudi.org\\\/\",\"name\":\"Exaudi\",\"description\":\"News\",\"potentialAction\":[{\"@type\":\"SearchAction\",\"target\":{\"@type\":\"EntryPoint\",\"urlTemplate\":\"https:\\\/\\\/exaudi.org\\\/?s={search_term_string}\"},\"query-input\":{\"@type\":\"PropertyValueSpecification\",\"valueRequired\":true,\"valueName\":\"search_term_string\"}}],\"inLanguage\":\"it-IT\"},{\"@type\":\"Person\",\"@id\":\"https:\\\/\\\/exaudi.org\\\/#\\\/schema\\\/person\\\/3c3d6c1d74b3326212e45cd4d50eb7bc\",\"name\":\"Jes\u00fas Ortiz L\u00f3pez\",\"image\":{\"@type\":\"ImageObject\",\"inLanguage\":\"it-IT\",\"@id\":\"https:\\\/\\\/secure.gravatar.com\\\/avatar\\\/2d7ee77dedc332dcc206ca43529a8190285a10671f125c6318eb213d610dab47?s=96&d=mm&r=g\",\"url\":\"https:\\\/\\\/secure.gravatar.com\\\/avatar\\\/2d7ee77dedc332dcc206ca43529a8190285a10671f125c6318eb213d610dab47?s=96&d=mm&r=g\",\"contentUrl\":\"https:\\\/\\\/secure.gravatar.com\\\/avatar\\\/2d7ee77dedc332dcc206ca43529a8190285a10671f125c6318eb213d610dab47?s=96&d=mm&r=g\",\"caption\":\"Jes\u00fas Ortiz L\u00f3pez\"},\"description\":\"Jes\u00fas Ortiz L\u00f3pez es sacerdote que ejerce su labor pastoral en Madrid. Doctor en Pedagog\u00eda, por la Universidad de Navarra, y tambi\u00e9n Doctor en Derecho Can\u00f3nico. Durante varios a\u00f1os ha ejercido la docencia en esa misma Universidad, como Profesor del actual Instituto Superior de Ciencias Religiosas. Ha dirigido cursos de pedagog\u00eda religiosa para profesores de religi\u00f3n. Es autor de varias obras de sobre aspectos fundamentales de teolog\u00eda y catequ\u00e9tica, tales como: Creo pero no practico; Conocer a Dios; Preguntas comprometidas; Tres pilares de la vida cristiana.\",\"url\":\"https:\\\/\\\/exaudi.org\\\/it\\\/author\\\/jesus-ortiz-lopez\\\/\"}]}<\/script>\n<!-- \/ Yoast SEO plugin. -->","yoast_head_json":{"title":"Con la vita umana 2025 &#8211; Exaudi","robots":{"index":"index","follow":"follow","max-snippet":"max-snippet:-1","max-image-preview":"max-image-preview:large","max-video-preview":"max-video-preview:-1"},"canonical":"https:\/\/exaudi.org\/it\/con-la-vita-umana-2025\/","og_locale":"it_IT","og_type":"article","og_title":"Con la vita umana 2025 &#8211; Exaudi","og_description":"Un impegno per la vita: testimonianze, sfide e speranza nella difesa dei pi\u00f9 vulnerabili","og_url":"https:\/\/exaudi.org\/it\/con-la-vita-umana-2025\/","og_site_name":"Exaudi","article_publisher":"https:\/\/www.facebook.com\/ExaudiNews","article_published_time":"2025-03-18T14:37:50+00:00","og_image":[{"width":2560,"height":1703,"url":"https:\/\/exaudi.org\/wp-content\/uploads\/2025\/03\/pexels-dalida-jakli-2150468204-31187960-scaled.jpg","type":"image\/jpeg"}],"author":"Jes\u00fas Ortiz L\u00f3pez","twitter_card":"summary_large_image","twitter_creator":"@Exaudi_News","twitter_site":"@Exaudi_News","twitter_misc":{"Scritto da":"Jes\u00fas Ortiz L\u00f3pez","Tempo di lettura stimato":"4 minuti"},"schema":{"@context":"https:\/\/schema.org","@graph":[{"@type":"Article","@id":"https:\/\/exaudi.org\/it\/con-la-vita-umana-2025\/#article","isPartOf":{"@id":"https:\/\/exaudi.org\/it\/con-la-vita-umana-2025\/"},"author":{"name":"Jes\u00fas Ortiz L\u00f3pez","@id":"https:\/\/exaudi.org\/#\/schema\/person\/3c3d6c1d74b3326212e45cd4d50eb7bc"},"headline":"Con la vita umana 2025","datePublished":"2025-03-18T14:37:50+00:00","mainEntityOfPage":{"@id":"https:\/\/exaudi.org\/it\/con-la-vita-umana-2025\/"},"wordCount":907,"image":{"@id":"https:\/\/exaudi.org\/it\/con-la-vita-umana-2025\/#primaryimage"},"thumbnailUrl":"https:\/\/exaudi.org\/wp-content\/uploads\/2025\/03\/pexels-dalida-jakli-2150468204-31187960-scaled.jpg","keywords":["adozione e affidamento","Associazione nazionale dei propagandisti","congresso pro-life 2025","CULTURA DELLA VITA","Difesa della vita","DIGNIT\u00c0 UMANA","DIRITTO ALLA VITA","donne incinte","etica e vita","famiglia e affidamento","Federazione delle Associazioni Pro-Life","Ges\u00f9 Ortiz Lopez","l'aborto e le sue conseguenze","lotta contro l'aborto","Mos\u00e8 e la difesa della vita","protezione dei nascituri","sindrome da astinenza neonatale","sostegno alla maternit\u00e0","testimonianza pro-life","Trending","Universit\u00e0 CEU di San Pablo","valori pro-life","vangelo della vita"],"articleSection":["Voci"],"inLanguage":"it-IT"},{"@type":"WebPage","@id":"https:\/\/exaudi.org\/it\/con-la-vita-umana-2025\/","url":"https:\/\/exaudi.org\/it\/con-la-vita-umana-2025\/","name":"Con la vita umana 2025 &#8211; Exaudi","isPartOf":{"@id":"https:\/\/exaudi.org\/#website"},"primaryImageOfPage":{"@id":"https:\/\/exaudi.org\/it\/con-la-vita-umana-2025\/#primaryimage"},"image":{"@id":"https:\/\/exaudi.org\/it\/con-la-vita-umana-2025\/#primaryimage"},"thumbnailUrl":"https:\/\/exaudi.org\/wp-content\/uploads\/2025\/03\/pexels-dalida-jakli-2150468204-31187960-scaled.jpg","datePublished":"2025-03-18T14:37:50+00:00","author":{"@id":"https:\/\/exaudi.org\/#\/schema\/person\/3c3d6c1d74b3326212e45cd4d50eb7bc"},"breadcrumb":{"@id":"https:\/\/exaudi.org\/it\/con-la-vita-umana-2025\/#breadcrumb"},"inLanguage":"it-IT","potentialAction":[{"@type":"ReadAction","target":["https:\/\/exaudi.org\/it\/con-la-vita-umana-2025\/"]}]},{"@type":"ImageObject","inLanguage":"it-IT","@id":"https:\/\/exaudi.org\/it\/con-la-vita-umana-2025\/#primaryimage","url":"https:\/\/exaudi.org\/wp-content\/uploads\/2025\/03\/pexels-dalida-jakli-2150468204-31187960-scaled.jpg","contentUrl":"https:\/\/exaudi.org\/wp-content\/uploads\/2025\/03\/pexels-dalida-jakli-2150468204-31187960-scaled.jpg","width":2560,"height":1703,"caption":"Pexels"},{"@type":"BreadcrumbList","@id":"https:\/\/exaudi.org\/it\/con-la-vita-umana-2025\/#breadcrumb","itemListElement":[{"@type":"ListItem","position":1,"name":"Portada","item":"https:\/\/exaudi.org\/it\/"},{"@type":"ListItem","position":2,"name":"Con la vita umana 2025"}]},{"@type":"WebSite","@id":"https:\/\/exaudi.org\/#website","url":"https:\/\/exaudi.org\/","name":"Exaudi","description":"News","potentialAction":[{"@type":"SearchAction","target":{"@type":"EntryPoint","urlTemplate":"https:\/\/exaudi.org\/?s={search_term_string}"},"query-input":{"@type":"PropertyValueSpecification","valueRequired":true,"valueName":"search_term_string"}}],"inLanguage":"it-IT"},{"@type":"Person","@id":"https:\/\/exaudi.org\/#\/schema\/person\/3c3d6c1d74b3326212e45cd4d50eb7bc","name":"Jes\u00fas Ortiz L\u00f3pez","image":{"@type":"ImageObject","inLanguage":"it-IT","@id":"https:\/\/secure.gravatar.com\/avatar\/2d7ee77dedc332dcc206ca43529a8190285a10671f125c6318eb213d610dab47?s=96&d=mm&r=g","url":"https:\/\/secure.gravatar.com\/avatar\/2d7ee77dedc332dcc206ca43529a8190285a10671f125c6318eb213d610dab47?s=96&d=mm&r=g","contentUrl":"https:\/\/secure.gravatar.com\/avatar\/2d7ee77dedc332dcc206ca43529a8190285a10671f125c6318eb213d610dab47?s=96&d=mm&r=g","caption":"Jes\u00fas Ortiz L\u00f3pez"},"description":"Jes\u00fas Ortiz L\u00f3pez es sacerdote que ejerce su labor pastoral en Madrid. Doctor en Pedagog\u00eda, por la Universidad de Navarra, y tambi\u00e9n Doctor en Derecho Can\u00f3nico. Durante varios a\u00f1os ha ejercido la docencia en esa misma Universidad, como Profesor del actual Instituto Superior de Ciencias Religiosas. Ha dirigido cursos de pedagog\u00eda religiosa para profesores de religi\u00f3n. Es autor de varias obras de sobre aspectos fundamentales de teolog\u00eda y catequ\u00e9tica, tales como: Creo pero no practico; Conocer a Dios; Preguntas comprometidas; Tres pilares de la vida cristiana.","url":"https:\/\/exaudi.org\/it\/author\/jesus-ortiz-lopez\/"}]}},"jetpack_featured_media_url":"https:\/\/exaudi.org\/wp-content\/uploads\/2025\/03\/pexels-dalida-jakli-2150468204-31187960-scaled.jpg","jetpack_shortlink":"https:\/\/wp.me\/pgKjF2-vCn","_links":{"self":[{"href":"https:\/\/exaudi.org\/it\/wp-json\/wp\/v2\/posts\/121543","targetHints":{"allow":["GET"]}}],"collection":[{"href":"https:\/\/exaudi.org\/it\/wp-json\/wp\/v2\/posts"}],"about":[{"href":"https:\/\/exaudi.org\/it\/wp-json\/wp\/v2\/types\/post"}],"author":[{"embeddable":true,"href":"https:\/\/exaudi.org\/it\/wp-json\/wp\/v2\/users\/128"}],"replies":[{"embeddable":true,"href":"https:\/\/exaudi.org\/it\/wp-json\/wp\/v2\/comments?post=121543"}],"version-history":[{"count":0,"href":"https:\/\/exaudi.org\/it\/wp-json\/wp\/v2\/posts\/121543\/revisions"}],"wp:featuredmedia":[{"embeddable":true,"href":"https:\/\/exaudi.org\/it\/wp-json\/wp\/v2\/media\/121481"}],"wp:attachment":[{"href":"https:\/\/exaudi.org\/it\/wp-json\/wp\/v2\/media?parent=121543"}],"wp:term":[{"taxonomy":"category","embeddable":true,"href":"https:\/\/exaudi.org\/it\/wp-json\/wp\/v2\/categories?post=121543"},{"taxonomy":"post_tag","embeddable":true,"href":"https:\/\/exaudi.org\/it\/wp-json\/wp\/v2\/tags?post=121543"}],"curies":[{"name":"wp","href":"https:\/\/api.w.org\/{rel}","templated":true}]}}