{"id":121512,"date":"2025-03-17T19:09:22","date_gmt":"2025-03-17T18:09:22","guid":{"rendered":"https:\/\/exaudi.org\/?p=121512"},"modified":"2025-03-17T19:09:22","modified_gmt":"2025-03-17T18:09:22","slug":"nella-basilica-di-san-pietro-lantico-rito-della-statio-lent","status":"publish","type":"post","link":"https:\/\/exaudi.org\/it\/nella-basilica-di-san-pietro-lantico-rito-della-statio-lent\/","title":{"rendered":"Nella Basilica di San Pietro, l&#8217;antico rito della &#8220;Statio Lent&#8221;"},"content":{"rendered":"<p>Dopo l&#8217;esposizione della reliquia della lancia di Longino, il centurione romano che trafisse il costato di Ges\u00f9, la celebrazione ha avuto luogo all&#8217;Altare della Cattedra, presieduta dal cardinale Gambetti.<\/p>\n<p>Nel pomeriggio di sabato 15 marzo si \u00e8 svolta nella Basilica di San Pietro la &#8220;Statio Cuaresmal&#8221;. Questo antico rito di tradizione romana, durante i quaranta giorni di Quaresima, secondo un calendario prestabilito, vede fedeli e pellegrini sostare in una delle chiese di Roma che custodiscono la memoria dei martiri. Vengono poi recitate le litanie dei santi in una breve processione e viene celebrata l&#8217;Eucaristia.<\/p>\n<h3><strong>Esposizione della reliquia della Lancia di Longino<\/strong><\/h3>\n<p>Il sabato che precede la seconda domenica di Quaresima, nella Basilica Vaticana si svolge la &#8220;Statio&#8221;, dove la processione accompagnata dalle litanie raggiunge la Loggia della Veronica. Qui ha luogo l&#8217;esposizione della reliquia della lancia di Longino, il centurione romano che trafisse il costato di Cristo. Il cardinale Mauro Gambetti, arciprete della Basilica Papale di San Pietro, presiede quindi la celebrazione eucaristica presso l&#8217;Altare della Cattedra, alla presenza dei canonici della Basilica, dei sacerdoti che desiderano concelebrare e del Popolo di Dio.<\/p>\n<h3><strong>Le prossime stazioni<\/strong><\/h3>\n<p>La prima &#8220;Statio Cuaresmal&#8221; ha avuto luogo il Mercoled\u00ec delle Ceneri, nella Basilica di Santa Sabina. Domenica 16 marzo, seconda domenica di Quaresima, alle ore 19.00 \u00e8 stata celebrata la \u201cStatio\u201d a Santa Maria in Domnica alla Navicella. Luned\u00ec 17, invece, i fedeli si raduneranno per celebrare il tradizionale rito presso la chiesa di San Clemente, vicino al Colosseo, alle ore 18.30, mentre marted\u00ec, alle ore 18, potranno recarsi a San Saba, sull&#8217;Aventino. Mercoled\u00ec 19 marzo la Basilica di Santa Cecilia in Trastevere ospiter\u00e0 la liturgia alle ore 17.30; alla stessa ora e nella stessa zona, ma presso la chiesa di Santa Maria in Trastevere, il giorno successivo, gioved\u00ec 20 marzo. Venerd\u00ec la chiesa di San Vitale in Fovea ospiter\u00e0 la funzione alle 18:30. Sabato 22 marzo, alle ore 19.00, l&#8217;incontro \u00e8 ai Santi Marcellino e Pietro al Laterano e il 23 marzo, terza domenica di Quaresima, a San Lorenzo fuori le Mura, alle ore 18.30.<\/p>\n","protected":false},"excerpt":{"rendered":"<p>Sabato scorso, 15 marzo, in Vaticano, si \u00e8 svolta la tradizionale &#8216;corteo&#8217; celebrato durante i 40 giorni di Quaresima a Roma, in una delle chiese che custodiscono la memoria dei martiri<\/p>\n","protected":false},"author":17,"featured_media":121443,"comment_status":"closed","ping_status":"closed","sticky":false,"template":"","format":"standard","meta":{"_acf_changed":false,"_crdt_document":"","inline_featured_image":false,"footnotes":""},"categories":[131],"tags":[7103,49791,49792,49793,49794,49795,49796,1384,49797,49798,4089,48104,17041,249,49799,49800,49801,1044,49802,49803,8024,49804,49805,266],"class_list":["post-121512","post","type-post","status-publish","format-standard","has-post-thumbnail","hentry","category-vaticano","tag-basilica-di-san-pietro","tag-cardinale-gambetti","tag-chiesa-dei-martiri","tag-chiesa-di-san-clemente","tag-chiesa-di-san-saba","tag-chiesa-di-san-vitale-in-fovea","tag-chiesa-di-santa-cecilia-in-trastevere","tag-eucaristia","tag-litanie-dei-santi","tag-loggia-della-veronica","tag-pellegrini","tag-prestato","tag-processione","tag-quaresima","tag-reliquia-della-lancia-di-longino","tag-rito-tradizionale","tag-rituale-romano","tag-roma","tag-san-lorenzo-fuori-le-mura-2","tag-santa-maria-in-dominica-a-navicella","tag-santa-maria-in-trastevere","tag-santa-sabina-2","tag-santi-marcellino-e-pietro-al-laterano-2","tag-vaticano"],"acf":[],"yoast_head":"<!-- This site is optimized with the Yoast SEO plugin v27.4 - https:\/\/yoast.com\/product\/yoast-seo-wordpress\/ -->\n<title>Nella Basilica di San Pietro, l&#039;antico rito della &quot;Statio Lent&quot; &#8211; Exaudi<\/title>\n<meta name=\"robots\" content=\"index, follow, max-snippet:-1, max-image-preview:large, max-video-preview:-1\" \/>\n<link rel=\"canonical\" href=\"https:\/\/exaudi.org\/it\/nella-basilica-di-san-pietro-lantico-rito-della-statio-lent\/\" \/>\n<meta property=\"og:locale\" content=\"it_IT\" \/>\n<meta property=\"og:type\" content=\"article\" \/>\n<meta property=\"og:title\" content=\"Nella Basilica di San Pietro, l&#039;antico rito della &quot;Statio Lent&quot; &#8211; Exaudi\" \/>\n<meta property=\"og:description\" content=\"Sabato scorso, 15 marzo, in Vaticano, si \u00e8 svolta la tradizionale &#039;corteo&#039; celebrato durante i 40 giorni di Quaresima a Roma, in una delle chiese che custodiscono la memoria dei martiri\" \/>\n<meta property=\"og:url\" content=\"https:\/\/exaudi.org\/it\/nella-basilica-di-san-pietro-lantico-rito-della-statio-lent\/\" \/>\n<meta property=\"og:site_name\" content=\"Exaudi\" \/>\n<meta property=\"article:publisher\" content=\"https:\/\/www.facebook.com\/ExaudiNews\" \/>\n<meta property=\"article:author\" content=\"https:\/\/www.facebook.com\/ExaudiNotizie\/\" \/>\n<meta property=\"article:published_time\" content=\"2025-03-17T18:09:22+00:00\" \/>\n<meta property=\"og:image\" content=\"https:\/\/exaudi.org\/wp-content\/uploads\/2025\/03\/pexels-kelly-1179532-19143253-scaled.jpg\" \/>\n\t<meta property=\"og:image:width\" content=\"2560\" \/>\n\t<meta property=\"og:image:height\" content=\"1438\" \/>\n\t<meta property=\"og:image:type\" content=\"image\/jpeg\" \/>\n<meta name=\"author\" content=\"Exaudi Redazione\" \/>\n<meta name=\"twitter:card\" content=\"summary_large_image\" \/>\n<meta name=\"twitter:creator\" content=\"@Exaudi_Notizie\" \/>\n<meta name=\"twitter:site\" content=\"@Exaudi_News\" \/>\n<meta name=\"twitter:label1\" content=\"Scritto da\" \/>\n\t<meta name=\"twitter:data1\" content=\"Exaudi Redazione\" \/>\n\t<meta name=\"twitter:label2\" content=\"Tempo di lettura stimato\" \/>\n\t<meta name=\"twitter:data2\" content=\"2 minuti\" \/>\n<script type=\"application\/ld+json\" class=\"yoast-schema-graph\">{\"@context\":\"https:\\\/\\\/schema.org\",\"@graph\":[{\"@type\":\"Article\",\"@id\":\"https:\\\/\\\/exaudi.org\\\/it\\\/nella-basilica-di-san-pietro-lantico-rito-della-statio-lent\\\/#article\",\"isPartOf\":{\"@id\":\"https:\\\/\\\/exaudi.org\\\/it\\\/nella-basilica-di-san-pietro-lantico-rito-della-statio-lent\\\/\"},\"author\":{\"name\":\"Exaudi Redazione\",\"@id\":\"https:\\\/\\\/exaudi.org\\\/#\\\/schema\\\/person\\\/e1ab6ed07c01774724dd96f925f3a5f0\"},\"headline\":\"Nella Basilica di San Pietro, l&#8217;antico rito della &#8220;Statio Lent&#8221;\",\"datePublished\":\"2025-03-17T18:09:22+00:00\",\"mainEntityOfPage\":{\"@id\":\"https:\\\/\\\/exaudi.org\\\/it\\\/nella-basilica-di-san-pietro-lantico-rito-della-statio-lent\\\/\"},\"wordCount\":343,\"image\":{\"@id\":\"https:\\\/\\\/exaudi.org\\\/it\\\/nella-basilica-di-san-pietro-lantico-rito-della-statio-lent\\\/#primaryimage\"},\"thumbnailUrl\":\"https:\\\/\\\/exaudi.org\\\/wp-content\\\/uploads\\\/2025\\\/03\\\/pexels-kelly-1179532-19143253-scaled.jpg\",\"keywords\":[\"Basilica di San Pietro\",\"Cardinale Gambetti\",\"Chiesa dei Martiri\",\"Chiesa di San Clemente\",\"Chiesa di San Saba\",\"Chiesa di San Vitale in Fovea\",\"Chiesa di Santa Cecilia in Trastevere\",\"Eucaristia\",\"Litanie dei Santi\",\"Loggia della Veronica\",\"pellegrini\",\"Prestato\",\"processione\",\"quaresima\",\"reliquia della lancia di Longino\",\"rito tradizionale\",\"Rituale romano\",\"Roma\",\"San Lorenzo fuori le Mura\",\"Santa Maria in Dominica a Navicella\",\"Santa Mar\u00eda in Trastevere\",\"Santa Sabina\",\"Santi Marcellino e Pietro al Laterano\",\"Vaticano\"],\"articleSection\":[\"Vaticano\"],\"inLanguage\":\"it-IT\"},{\"@type\":\"WebPage\",\"@id\":\"https:\\\/\\\/exaudi.org\\\/it\\\/nella-basilica-di-san-pietro-lantico-rito-della-statio-lent\\\/\",\"url\":\"https:\\\/\\\/exaudi.org\\\/it\\\/nella-basilica-di-san-pietro-lantico-rito-della-statio-lent\\\/\",\"name\":\"Nella Basilica di San Pietro, l'antico rito della \\\"Statio Lent\\\" &#8211; Exaudi\",\"isPartOf\":{\"@id\":\"https:\\\/\\\/exaudi.org\\\/#website\"},\"primaryImageOfPage\":{\"@id\":\"https:\\\/\\\/exaudi.org\\\/it\\\/nella-basilica-di-san-pietro-lantico-rito-della-statio-lent\\\/#primaryimage\"},\"image\":{\"@id\":\"https:\\\/\\\/exaudi.org\\\/it\\\/nella-basilica-di-san-pietro-lantico-rito-della-statio-lent\\\/#primaryimage\"},\"thumbnailUrl\":\"https:\\\/\\\/exaudi.org\\\/wp-content\\\/uploads\\\/2025\\\/03\\\/pexels-kelly-1179532-19143253-scaled.jpg\",\"datePublished\":\"2025-03-17T18:09:22+00:00\",\"author\":{\"@id\":\"https:\\\/\\\/exaudi.org\\\/#\\\/schema\\\/person\\\/e1ab6ed07c01774724dd96f925f3a5f0\"},\"breadcrumb\":{\"@id\":\"https:\\\/\\\/exaudi.org\\\/it\\\/nella-basilica-di-san-pietro-lantico-rito-della-statio-lent\\\/#breadcrumb\"},\"inLanguage\":\"it-IT\",\"potentialAction\":[{\"@type\":\"ReadAction\",\"target\":[\"https:\\\/\\\/exaudi.org\\\/it\\\/nella-basilica-di-san-pietro-lantico-rito-della-statio-lent\\\/\"]}]},{\"@type\":\"ImageObject\",\"inLanguage\":\"it-IT\",\"@id\":\"https:\\\/\\\/exaudi.org\\\/it\\\/nella-basilica-di-san-pietro-lantico-rito-della-statio-lent\\\/#primaryimage\",\"url\":\"https:\\\/\\\/exaudi.org\\\/wp-content\\\/uploads\\\/2025\\\/03\\\/pexels-kelly-1179532-19143253-scaled.jpg\",\"contentUrl\":\"https:\\\/\\\/exaudi.org\\\/wp-content\\\/uploads\\\/2025\\\/03\\\/pexels-kelly-1179532-19143253-scaled.jpg\",\"width\":2560,\"height\":1438},{\"@type\":\"BreadcrumbList\",\"@id\":\"https:\\\/\\\/exaudi.org\\\/it\\\/nella-basilica-di-san-pietro-lantico-rito-della-statio-lent\\\/#breadcrumb\",\"itemListElement\":[{\"@type\":\"ListItem\",\"position\":1,\"name\":\"Portada\",\"item\":\"https:\\\/\\\/exaudi.org\\\/it\\\/\"},{\"@type\":\"ListItem\",\"position\":2,\"name\":\"Nella Basilica di San Pietro, l&#8217;antico rito della &#8220;Statio Lent&#8221;\"}]},{\"@type\":\"WebSite\",\"@id\":\"https:\\\/\\\/exaudi.org\\\/#website\",\"url\":\"https:\\\/\\\/exaudi.org\\\/\",\"name\":\"Exaudi\",\"description\":\"News\",\"potentialAction\":[{\"@type\":\"SearchAction\",\"target\":{\"@type\":\"EntryPoint\",\"urlTemplate\":\"https:\\\/\\\/exaudi.org\\\/?s={search_term_string}\"},\"query-input\":{\"@type\":\"PropertyValueSpecification\",\"valueRequired\":true,\"valueName\":\"search_term_string\"}}],\"inLanguage\":\"it-IT\"},{\"@type\":\"Person\",\"@id\":\"https:\\\/\\\/exaudi.org\\\/#\\\/schema\\\/person\\\/e1ab6ed07c01774724dd96f925f3a5f0\",\"name\":\"Exaudi Redazione\",\"image\":{\"@type\":\"ImageObject\",\"inLanguage\":\"it-IT\",\"@id\":\"https:\\\/\\\/secure.gravatar.com\\\/avatar\\\/ad6774b3ada023bf5b939d64f45c94b3adf91502dd883507d469b4308a943bb3?s=96&d=mm&r=g\",\"url\":\"https:\\\/\\\/secure.gravatar.com\\\/avatar\\\/ad6774b3ada023bf5b939d64f45c94b3adf91502dd883507d469b4308a943bb3?s=96&d=mm&r=g\",\"contentUrl\":\"https:\\\/\\\/secure.gravatar.com\\\/avatar\\\/ad6774b3ada023bf5b939d64f45c94b3adf91502dd883507d469b4308a943bb3?s=96&d=mm&r=g\",\"caption\":\"Exaudi Redazione\"},\"description\":\"Che cosa \u00e8 Exaudi News? Exaudi News \u00e8 un agenzia cattolica internazionale che informa, istruisce e trasforma quotidianamente in spagnolo, inglese e italiano. Attraverso notizie, articoli di analisi e trasmissioni in diretta degli eventi del Papa, Exaudi cerca di rafforzare l'unit\u00e0 dei cristiani e di contribuire all'evangelizzazione del mondo, sempre guidato dalla dottrina sociale della Chiesa. Lavoriamo per portare la verit\u00e0 e i valori cristiani in ogni angolo del pianeta. Aiutaci a trasformare il mondo con Exaudi! Noi di Exaudi crediamo che l'evangelizzazione e l'informazione di qualit\u00e0 possano cambiare la vita. Per continuare la nostra missione ed espandere la nostra portata, abbiamo bisogno del tuo aiuto. Stiamo anche cercando persone motivate che vogliano unirsi al nostro team. Grazie al vostro sostegno raggiungeremo pi\u00f9 persone, diffonderemo il messaggio di Cristo e rafforzeremo l'unit\u00e0 dei cristiani. Vuoi unirti alla nostra missione? Per maggiori informazioni su come contribuire, visita Exaudi.org\\\/it o contattaci direttamente: info@exaudi.org Exaudi: informa, forma e trasforma.\",\"sameAs\":[\"https:\\\/\\\/www.facebook.com\\\/ExaudiNotizie\\\/\",\"https:\\\/\\\/www.instagram.com\\\/Exaudi_notizie\\\/\",\"https:\\\/\\\/x.com\\\/Exaudi_Notizie\",\"https:\\\/\\\/www.youtube.com\\\/@exaudicatholicnews\"],\"url\":\"https:\\\/\\\/exaudi.org\\\/it\\\/author\\\/dlvedi-org\\\/\"}]}<\/script>\n<!-- \/ Yoast SEO plugin. -->","yoast_head_json":{"title":"Nella Basilica di San Pietro, l'antico rito della \"Statio Lent\" &#8211; Exaudi","robots":{"index":"index","follow":"follow","max-snippet":"max-snippet:-1","max-image-preview":"max-image-preview:large","max-video-preview":"max-video-preview:-1"},"canonical":"https:\/\/exaudi.org\/it\/nella-basilica-di-san-pietro-lantico-rito-della-statio-lent\/","og_locale":"it_IT","og_type":"article","og_title":"Nella Basilica di San Pietro, l'antico rito della \"Statio Lent\" &#8211; Exaudi","og_description":"Sabato scorso, 15 marzo, in Vaticano, si \u00e8 svolta la tradizionale 'corteo' celebrato durante i 40 giorni di Quaresima a Roma, in una delle chiese che custodiscono la memoria dei martiri","og_url":"https:\/\/exaudi.org\/it\/nella-basilica-di-san-pietro-lantico-rito-della-statio-lent\/","og_site_name":"Exaudi","article_publisher":"https:\/\/www.facebook.com\/ExaudiNews","article_author":"https:\/\/www.facebook.com\/ExaudiNotizie\/","article_published_time":"2025-03-17T18:09:22+00:00","og_image":[{"width":2560,"height":1438,"url":"https:\/\/exaudi.org\/wp-content\/uploads\/2025\/03\/pexels-kelly-1179532-19143253-scaled.jpg","type":"image\/jpeg"}],"author":"Exaudi Redazione","twitter_card":"summary_large_image","twitter_creator":"@Exaudi_Notizie","twitter_site":"@Exaudi_News","twitter_misc":{"Scritto da":"Exaudi Redazione","Tempo di lettura stimato":"2 minuti"},"schema":{"@context":"https:\/\/schema.org","@graph":[{"@type":"Article","@id":"https:\/\/exaudi.org\/it\/nella-basilica-di-san-pietro-lantico-rito-della-statio-lent\/#article","isPartOf":{"@id":"https:\/\/exaudi.org\/it\/nella-basilica-di-san-pietro-lantico-rito-della-statio-lent\/"},"author":{"name":"Exaudi Redazione","@id":"https:\/\/exaudi.org\/#\/schema\/person\/e1ab6ed07c01774724dd96f925f3a5f0"},"headline":"Nella Basilica di San Pietro, l&#8217;antico rito della &#8220;Statio Lent&#8221;","datePublished":"2025-03-17T18:09:22+00:00","mainEntityOfPage":{"@id":"https:\/\/exaudi.org\/it\/nella-basilica-di-san-pietro-lantico-rito-della-statio-lent\/"},"wordCount":343,"image":{"@id":"https:\/\/exaudi.org\/it\/nella-basilica-di-san-pietro-lantico-rito-della-statio-lent\/#primaryimage"},"thumbnailUrl":"https:\/\/exaudi.org\/wp-content\/uploads\/2025\/03\/pexels-kelly-1179532-19143253-scaled.jpg","keywords":["Basilica di San Pietro","Cardinale Gambetti","Chiesa dei Martiri","Chiesa di San Clemente","Chiesa di San Saba","Chiesa di San Vitale in Fovea","Chiesa di Santa Cecilia in Trastevere","Eucaristia","Litanie dei Santi","Loggia della Veronica","pellegrini","Prestato","processione","quaresima","reliquia della lancia di Longino","rito tradizionale","Rituale romano","Roma","San Lorenzo fuori le Mura","Santa Maria in Dominica a Navicella","Santa Mar\u00eda in Trastevere","Santa Sabina","Santi Marcellino e Pietro al Laterano","Vaticano"],"articleSection":["Vaticano"],"inLanguage":"it-IT"},{"@type":"WebPage","@id":"https:\/\/exaudi.org\/it\/nella-basilica-di-san-pietro-lantico-rito-della-statio-lent\/","url":"https:\/\/exaudi.org\/it\/nella-basilica-di-san-pietro-lantico-rito-della-statio-lent\/","name":"Nella Basilica di San Pietro, l'antico rito della \"Statio Lent\" &#8211; Exaudi","isPartOf":{"@id":"https:\/\/exaudi.org\/#website"},"primaryImageOfPage":{"@id":"https:\/\/exaudi.org\/it\/nella-basilica-di-san-pietro-lantico-rito-della-statio-lent\/#primaryimage"},"image":{"@id":"https:\/\/exaudi.org\/it\/nella-basilica-di-san-pietro-lantico-rito-della-statio-lent\/#primaryimage"},"thumbnailUrl":"https:\/\/exaudi.org\/wp-content\/uploads\/2025\/03\/pexels-kelly-1179532-19143253-scaled.jpg","datePublished":"2025-03-17T18:09:22+00:00","author":{"@id":"https:\/\/exaudi.org\/#\/schema\/person\/e1ab6ed07c01774724dd96f925f3a5f0"},"breadcrumb":{"@id":"https:\/\/exaudi.org\/it\/nella-basilica-di-san-pietro-lantico-rito-della-statio-lent\/#breadcrumb"},"inLanguage":"it-IT","potentialAction":[{"@type":"ReadAction","target":["https:\/\/exaudi.org\/it\/nella-basilica-di-san-pietro-lantico-rito-della-statio-lent\/"]}]},{"@type":"ImageObject","inLanguage":"it-IT","@id":"https:\/\/exaudi.org\/it\/nella-basilica-di-san-pietro-lantico-rito-della-statio-lent\/#primaryimage","url":"https:\/\/exaudi.org\/wp-content\/uploads\/2025\/03\/pexels-kelly-1179532-19143253-scaled.jpg","contentUrl":"https:\/\/exaudi.org\/wp-content\/uploads\/2025\/03\/pexels-kelly-1179532-19143253-scaled.jpg","width":2560,"height":1438},{"@type":"BreadcrumbList","@id":"https:\/\/exaudi.org\/it\/nella-basilica-di-san-pietro-lantico-rito-della-statio-lent\/#breadcrumb","itemListElement":[{"@type":"ListItem","position":1,"name":"Portada","item":"https:\/\/exaudi.org\/it\/"},{"@type":"ListItem","position":2,"name":"Nella Basilica di San Pietro, l&#8217;antico rito della &#8220;Statio Lent&#8221;"}]},{"@type":"WebSite","@id":"https:\/\/exaudi.org\/#website","url":"https:\/\/exaudi.org\/","name":"Exaudi","description":"News","potentialAction":[{"@type":"SearchAction","target":{"@type":"EntryPoint","urlTemplate":"https:\/\/exaudi.org\/?s={search_term_string}"},"query-input":{"@type":"PropertyValueSpecification","valueRequired":true,"valueName":"search_term_string"}}],"inLanguage":"it-IT"},{"@type":"Person","@id":"https:\/\/exaudi.org\/#\/schema\/person\/e1ab6ed07c01774724dd96f925f3a5f0","name":"Exaudi Redazione","image":{"@type":"ImageObject","inLanguage":"it-IT","@id":"https:\/\/secure.gravatar.com\/avatar\/ad6774b3ada023bf5b939d64f45c94b3adf91502dd883507d469b4308a943bb3?s=96&d=mm&r=g","url":"https:\/\/secure.gravatar.com\/avatar\/ad6774b3ada023bf5b939d64f45c94b3adf91502dd883507d469b4308a943bb3?s=96&d=mm&r=g","contentUrl":"https:\/\/secure.gravatar.com\/avatar\/ad6774b3ada023bf5b939d64f45c94b3adf91502dd883507d469b4308a943bb3?s=96&d=mm&r=g","caption":"Exaudi Redazione"},"description":"Che cosa \u00e8 Exaudi News? Exaudi News \u00e8 un agenzia cattolica internazionale che informa, istruisce e trasforma quotidianamente in spagnolo, inglese e italiano. Attraverso notizie, articoli di analisi e trasmissioni in diretta degli eventi del Papa, Exaudi cerca di rafforzare l'unit\u00e0 dei cristiani e di contribuire all'evangelizzazione del mondo, sempre guidato dalla dottrina sociale della Chiesa. Lavoriamo per portare la verit\u00e0 e i valori cristiani in ogni angolo del pianeta. Aiutaci a trasformare il mondo con Exaudi! Noi di Exaudi crediamo che l'evangelizzazione e l'informazione di qualit\u00e0 possano cambiare la vita. Per continuare la nostra missione ed espandere la nostra portata, abbiamo bisogno del tuo aiuto. Stiamo anche cercando persone motivate che vogliano unirsi al nostro team. Grazie al vostro sostegno raggiungeremo pi\u00f9 persone, diffonderemo il messaggio di Cristo e rafforzeremo l'unit\u00e0 dei cristiani. Vuoi unirti alla nostra missione? Per maggiori informazioni su come contribuire, visita Exaudi.org\/it o contattaci direttamente: info@exaudi.org Exaudi: informa, forma e trasforma.","sameAs":["https:\/\/www.facebook.com\/ExaudiNotizie\/","https:\/\/www.instagram.com\/Exaudi_notizie\/","https:\/\/x.com\/Exaudi_Notizie","https:\/\/www.youtube.com\/@exaudicatholicnews"],"url":"https:\/\/exaudi.org\/it\/author\/dlvedi-org\/"}]}},"jetpack_featured_media_url":"https:\/\/exaudi.org\/wp-content\/uploads\/2025\/03\/pexels-kelly-1179532-19143253-scaled.jpg","jetpack_shortlink":"https:\/\/wp.me\/pgKjF2-vBS","_links":{"self":[{"href":"https:\/\/exaudi.org\/it\/wp-json\/wp\/v2\/posts\/121512","targetHints":{"allow":["GET"]}}],"collection":[{"href":"https:\/\/exaudi.org\/it\/wp-json\/wp\/v2\/posts"}],"about":[{"href":"https:\/\/exaudi.org\/it\/wp-json\/wp\/v2\/types\/post"}],"author":[{"embeddable":true,"href":"https:\/\/exaudi.org\/it\/wp-json\/wp\/v2\/users\/17"}],"replies":[{"embeddable":true,"href":"https:\/\/exaudi.org\/it\/wp-json\/wp\/v2\/comments?post=121512"}],"version-history":[{"count":0,"href":"https:\/\/exaudi.org\/it\/wp-json\/wp\/v2\/posts\/121512\/revisions"}],"wp:featuredmedia":[{"embeddable":true,"href":"https:\/\/exaudi.org\/it\/wp-json\/wp\/v2\/media\/121443"}],"wp:attachment":[{"href":"https:\/\/exaudi.org\/it\/wp-json\/wp\/v2\/media?parent=121512"}],"wp:term":[{"taxonomy":"category","embeddable":true,"href":"https:\/\/exaudi.org\/it\/wp-json\/wp\/v2\/categories?post=121512"},{"taxonomy":"post_tag","embeddable":true,"href":"https:\/\/exaudi.org\/it\/wp-json\/wp\/v2\/tags?post=121512"}],"curies":[{"name":"wp","href":"https:\/\/api.w.org\/{rel}","templated":true}]}}