{"id":121505,"date":"2025-03-17T18:59:19","date_gmt":"2025-03-17T17:59:19","guid":{"rendered":"https:\/\/exaudi.org\/?p=121505"},"modified":"2025-03-17T18:59:19","modified_gmt":"2025-03-17T17:59:19","slug":"guidare-con-fede-ed-eccellenza","status":"publish","type":"post","link":"https:\/\/exaudi.org\/it\/guidare-con-fede-ed-eccellenza\/","title":{"rendered":"Guidare con fede ed eccellenza"},"content":{"rendered":"<p>Nel dinamico mondo degli affari odierno, la figura dell&#8217;imprenditore cristiano emerge come un leader che, guidato dalla sua fede, ricerca non solo il successo economico, ma anche il benessere globale dei suoi dipendenti e della societ\u00e0 in generale. Questo approccio olistico si basa sui principi cristiani che promuovono la dignit\u00e0 umana, la solidariet\u00e0 e lo sviluppo sostenibile.<\/p>\n<h3><strong>Caratteristiche di un imprenditore cristiano<\/strong><\/h3>\n<ol>\n<li><strong>Etica e onest\u00e0:<\/strong> basa le sue decisioni sulla moralit\u00e0 cristiana, agendo con integrit\u00e0 e trasparenza in tutte le sue azioni.<\/li>\n<li><strong>Responsabilit\u00e0 sociale:<\/strong> riconosce il proprio ruolo nella societ\u00e0, contribuendo al bene comune e sostenendo iniziative a beneficio dei pi\u00f9 bisognosi.<\/li>\n<li><strong>Rispetto della dignit\u00e0 umana:<\/strong> valorizza ogni persona come figlia di Dio, promuovendo un clima di rispetto ed equit\u00e0 nella tua azienda.<\/li>\n<li><strong>Leadership di servizio:<\/strong> segui l&#8217;esempio di Cristo, guidando con umilt\u00e0 e anteponendo i bisogni degli altri ai tuoi.<\/li>\n<li><strong>Ricerca dell&#8217;eccellenza:<\/strong> punta alla perfezione nel tuo lavoro, offrendo prodotti e servizi di qualit\u00e0 che rispecchino il tuo impegno per la verit\u00e0 e la bellezza.<\/li>\n<\/ol>\n<h3><strong>L&#8217;ambiente in azienda<\/strong><\/h3>\n<p>Un&#8217;azienda guidata dai principi cattolici si distingue per la creazione di un ambiente di lavoro che riflette i valori del Vangelo:<\/p>\n<ul>\n<li><strong>Clima di fiducia e collaborazione:<\/strong> vengono promossi la comunicazione aperta e il lavoro di squadra, riconoscendo che ogni membro apporta al gruppo i propri talenti unici.<\/li>\n<li><strong>Formazione completa:<\/strong> vengono offerte opportunit\u00e0 di crescita professionale e personale, favorendo lo sviluppo di competenze e virt\u00f9 nei dipendenti.<\/li>\n<li><strong>Equilibrio tra lavoro e famiglia:<\/strong> il tempo personale e familiare viene rispettato, comprendendo l&#8217;importanza di bilanciare lavoro e vita familiare.<\/li>\n<li><strong>Impegno per la comunit\u00e0:<\/strong> vengono incoraggiati progetti che apportano benefici alla societ\u00e0, dimostrando solidariet\u00e0 e responsabilit\u00e0 sociale.<\/li>\n<li><strong>Tutela dell&#8217;ambiente:<\/strong> vengono implementate pratiche sostenibili che rispettano il creato e promuovono la conservazione del pianeta.<\/li>\n<\/ul>\n<p>Integrando questi valori nel loro lavoro quotidiano, gli imprenditori cristiani non solo contribuiscono al successo della loro attivit\u00e0, ma diventano anche agenti di cambiamento positivo nella societ\u00e0, riflettendo l&#8217;amore e la giustizia di Dio nel mondo degli affari.<\/p>\n","protected":false},"excerpt":{"rendered":"<p>Integrare i valori cristiani per trasformare il mondo degli affari<\/p>\n","protected":false},"author":149,"featured_media":121439,"comment_status":"closed","ping_status":"closed","sticky":false,"template":"","format":"standard","meta":{"_acf_changed":false,"_crdt_document":"","inline_featured_image":false,"footnotes":""},"categories":[129],"tags":[49774,49775,49770,49773,49776,28718,47788,2487,49777,49780,43956,49772,40230,25780,49778,33584,49779,49771],"class_list":["post-121505","post","type-post","status-publish","format-standard","has-post-thumbnail","hentry","category-voci","tag-azienda-con-uno-scopo","tag-azienda-con-valori","tag-come-essere-un-imprenditore-cattolico","tag-compagnia-cattolica","tag-compagnia-e-vangelo","tag-equilibrio-lavoro-famiglia","tag-etica-cristiana-negli-affari","tag-featured-3","tag-fede-e-intraprendenza","tag-i-valori-cristiani-negli-affari","tag-imprenditore-cattolico","tag-la-dignita-umana-sul-lavoro","tag-leadership-cristiana","tag-leadership-di-servizio","tag-principi-cristiani-negli-affari","tag-responsabilita-sociale-dimpresa","tag-solidarieta-in-azienda","tag-sviluppo-sostenibile-cristiano"],"acf":[],"yoast_head":"<!-- This site is optimized with the Yoast SEO plugin v27.4 - https:\/\/yoast.com\/product\/yoast-seo-wordpress\/ -->\n<title>Guidare con fede ed eccellenza &#8211; Exaudi<\/title>\n<meta name=\"robots\" content=\"index, follow, max-snippet:-1, max-image-preview:large, max-video-preview:-1\" \/>\n<link rel=\"canonical\" href=\"https:\/\/exaudi.org\/it\/guidare-con-fede-ed-eccellenza\/\" \/>\n<meta property=\"og:locale\" content=\"it_IT\" \/>\n<meta property=\"og:type\" content=\"article\" \/>\n<meta property=\"og:title\" content=\"Guidare con fede ed eccellenza &#8211; Exaudi\" \/>\n<meta property=\"og:description\" content=\"Integrare i valori cristiani per trasformare il mondo degli affari\" \/>\n<meta property=\"og:url\" content=\"https:\/\/exaudi.org\/it\/guidare-con-fede-ed-eccellenza\/\" \/>\n<meta property=\"og:site_name\" content=\"Exaudi\" \/>\n<meta property=\"article:publisher\" content=\"https:\/\/www.facebook.com\/ExaudiNews\" \/>\n<meta property=\"article:published_time\" content=\"2025-03-17T17:59:19+00:00\" \/>\n<meta property=\"og:image\" content=\"https:\/\/exaudi.org\/wp-content\/uploads\/2025\/03\/pexels-ketut-subiyanto-4560165-scaled.jpg\" \/>\n\t<meta property=\"og:image:width\" content=\"2560\" \/>\n\t<meta property=\"og:image:height\" content=\"1707\" \/>\n\t<meta property=\"og:image:type\" content=\"image\/jpeg\" \/>\n<meta name=\"author\" content=\"Javier Ferrer Garc\u00eda\" \/>\n<meta name=\"twitter:card\" content=\"summary_large_image\" \/>\n<meta name=\"twitter:creator\" content=\"@Exaudi_News\" \/>\n<meta name=\"twitter:site\" content=\"@Exaudi_News\" \/>\n<meta name=\"twitter:label1\" content=\"Scritto da\" \/>\n\t<meta name=\"twitter:data1\" content=\"Javier Ferrer Garc\u00eda\" \/>\n\t<meta name=\"twitter:label2\" content=\"Tempo di lettura stimato\" \/>\n\t<meta name=\"twitter:data2\" content=\"2 minuti\" \/>\n<script type=\"application\/ld+json\" class=\"yoast-schema-graph\">{\"@context\":\"https:\\\/\\\/schema.org\",\"@graph\":[{\"@type\":\"Article\",\"@id\":\"https:\\\/\\\/exaudi.org\\\/it\\\/guidare-con-fede-ed-eccellenza\\\/#article\",\"isPartOf\":{\"@id\":\"https:\\\/\\\/exaudi.org\\\/it\\\/guidare-con-fede-ed-eccellenza\\\/\"},\"author\":{\"name\":\"Javier Ferrer Garc\u00eda\",\"@id\":\"https:\\\/\\\/exaudi.org\\\/#\\\/schema\\\/person\\\/0428626ea256fe1d193098fe0ee2b91d\"},\"headline\":\"Guidare con fede ed eccellenza\",\"datePublished\":\"2025-03-17T17:59:19+00:00\",\"mainEntityOfPage\":{\"@id\":\"https:\\\/\\\/exaudi.org\\\/it\\\/guidare-con-fede-ed-eccellenza\\\/\"},\"wordCount\":339,\"image\":{\"@id\":\"https:\\\/\\\/exaudi.org\\\/it\\\/guidare-con-fede-ed-eccellenza\\\/#primaryimage\"},\"thumbnailUrl\":\"https:\\\/\\\/exaudi.org\\\/wp-content\\\/uploads\\\/2025\\\/03\\\/pexels-ketut-subiyanto-4560165-scaled.jpg\",\"keywords\":[\"azienda con uno scopo\",\"azienda con valori\",\"come essere un imprenditore cattolico\",\"Compagnia cattolica\",\"compagnia e vangelo\",\"equilibrio lavoro-famiglia\",\"etica cristiana negli affari\",\"Featured\",\"fede e intraprendenza\",\"I valori cristiani negli affari\",\"imprenditore cattolico\",\"La dignit\u00e0 umana sul lavoro\",\"Leadership cristiana\",\"leadership di servizio\",\"Principi cristiani negli affari\",\"responsabilit\u00e0 sociale d\u2019impresa\",\"solidariet\u00e0 in azienda\",\"Sviluppo sostenibile cristiano\"],\"articleSection\":[\"Voci\"],\"inLanguage\":\"it-IT\"},{\"@type\":\"WebPage\",\"@id\":\"https:\\\/\\\/exaudi.org\\\/it\\\/guidare-con-fede-ed-eccellenza\\\/\",\"url\":\"https:\\\/\\\/exaudi.org\\\/it\\\/guidare-con-fede-ed-eccellenza\\\/\",\"name\":\"Guidare con fede ed eccellenza &#8211; Exaudi\",\"isPartOf\":{\"@id\":\"https:\\\/\\\/exaudi.org\\\/#website\"},\"primaryImageOfPage\":{\"@id\":\"https:\\\/\\\/exaudi.org\\\/it\\\/guidare-con-fede-ed-eccellenza\\\/#primaryimage\"},\"image\":{\"@id\":\"https:\\\/\\\/exaudi.org\\\/it\\\/guidare-con-fede-ed-eccellenza\\\/#primaryimage\"},\"thumbnailUrl\":\"https:\\\/\\\/exaudi.org\\\/wp-content\\\/uploads\\\/2025\\\/03\\\/pexels-ketut-subiyanto-4560165-scaled.jpg\",\"datePublished\":\"2025-03-17T17:59:19+00:00\",\"author\":{\"@id\":\"https:\\\/\\\/exaudi.org\\\/#\\\/schema\\\/person\\\/0428626ea256fe1d193098fe0ee2b91d\"},\"breadcrumb\":{\"@id\":\"https:\\\/\\\/exaudi.org\\\/it\\\/guidare-con-fede-ed-eccellenza\\\/#breadcrumb\"},\"inLanguage\":\"it-IT\",\"potentialAction\":[{\"@type\":\"ReadAction\",\"target\":[\"https:\\\/\\\/exaudi.org\\\/it\\\/guidare-con-fede-ed-eccellenza\\\/\"]}]},{\"@type\":\"ImageObject\",\"inLanguage\":\"it-IT\",\"@id\":\"https:\\\/\\\/exaudi.org\\\/it\\\/guidare-con-fede-ed-eccellenza\\\/#primaryimage\",\"url\":\"https:\\\/\\\/exaudi.org\\\/wp-content\\\/uploads\\\/2025\\\/03\\\/pexels-ketut-subiyanto-4560165-scaled.jpg\",\"contentUrl\":\"https:\\\/\\\/exaudi.org\\\/wp-content\\\/uploads\\\/2025\\\/03\\\/pexels-ketut-subiyanto-4560165-scaled.jpg\",\"width\":2560,\"height\":1707,\"caption\":\"Pexels\"},{\"@type\":\"BreadcrumbList\",\"@id\":\"https:\\\/\\\/exaudi.org\\\/it\\\/guidare-con-fede-ed-eccellenza\\\/#breadcrumb\",\"itemListElement\":[{\"@type\":\"ListItem\",\"position\":1,\"name\":\"Portada\",\"item\":\"https:\\\/\\\/exaudi.org\\\/it\\\/\"},{\"@type\":\"ListItem\",\"position\":2,\"name\":\"Guidare con fede ed eccellenza\"}]},{\"@type\":\"WebSite\",\"@id\":\"https:\\\/\\\/exaudi.org\\\/#website\",\"url\":\"https:\\\/\\\/exaudi.org\\\/\",\"name\":\"Exaudi\",\"description\":\"News\",\"potentialAction\":[{\"@type\":\"SearchAction\",\"target\":{\"@type\":\"EntryPoint\",\"urlTemplate\":\"https:\\\/\\\/exaudi.org\\\/?s={search_term_string}\"},\"query-input\":{\"@type\":\"PropertyValueSpecification\",\"valueRequired\":true,\"valueName\":\"search_term_string\"}}],\"inLanguage\":\"it-IT\"},{\"@type\":\"Person\",\"@id\":\"https:\\\/\\\/exaudi.org\\\/#\\\/schema\\\/person\\\/0428626ea256fe1d193098fe0ee2b91d\",\"name\":\"Javier Ferrer Garc\u00eda\",\"image\":{\"@type\":\"ImageObject\",\"inLanguage\":\"it-IT\",\"@id\":\"https:\\\/\\\/secure.gravatar.com\\\/avatar\\\/c7bc1aef05f4433794cef4a55499c99ae6c0d617e2aa24ba4876a5432af93b2d?s=96&d=mm&r=g\",\"url\":\"https:\\\/\\\/secure.gravatar.com\\\/avatar\\\/c7bc1aef05f4433794cef4a55499c99ae6c0d617e2aa24ba4876a5432af93b2d?s=96&d=mm&r=g\",\"contentUrl\":\"https:\\\/\\\/secure.gravatar.com\\\/avatar\\\/c7bc1aef05f4433794cef4a55499c99ae6c0d617e2aa24ba4876a5432af93b2d?s=96&d=mm&r=g\",\"caption\":\"Javier Ferrer Garc\u00eda\"},\"description\":\"Soy un apasionado de la vida. Fil\u00f3sofo y economista. Mi carrera profesional se ha enriquecido con el constante deseo de aprender y crecer tanto en el \u00e1mbito acad\u00e9mico como en el personal. Me considero un ferviente lector y amante del cine, lo cual me permite tener una perspectiva amplia y diversa sobre el mundo que nos rodea. Como cat\u00f3lico comprometido, busco integrar mis valores en cada aspecto de mi vida, desde mi carrera profesional hasta mi rol como esposo y padre de familia\",\"url\":\"https:\\\/\\\/exaudi.org\\\/it\\\/author\\\/javier-ferrer-garcia\\\/\"}]}<\/script>\n<!-- \/ Yoast SEO plugin. -->","yoast_head_json":{"title":"Guidare con fede ed eccellenza &#8211; Exaudi","robots":{"index":"index","follow":"follow","max-snippet":"max-snippet:-1","max-image-preview":"max-image-preview:large","max-video-preview":"max-video-preview:-1"},"canonical":"https:\/\/exaudi.org\/it\/guidare-con-fede-ed-eccellenza\/","og_locale":"it_IT","og_type":"article","og_title":"Guidare con fede ed eccellenza &#8211; Exaudi","og_description":"Integrare i valori cristiani per trasformare il mondo degli affari","og_url":"https:\/\/exaudi.org\/it\/guidare-con-fede-ed-eccellenza\/","og_site_name":"Exaudi","article_publisher":"https:\/\/www.facebook.com\/ExaudiNews","article_published_time":"2025-03-17T17:59:19+00:00","og_image":[{"width":2560,"height":1707,"url":"https:\/\/exaudi.org\/wp-content\/uploads\/2025\/03\/pexels-ketut-subiyanto-4560165-scaled.jpg","type":"image\/jpeg"}],"author":"Javier Ferrer Garc\u00eda","twitter_card":"summary_large_image","twitter_creator":"@Exaudi_News","twitter_site":"@Exaudi_News","twitter_misc":{"Scritto da":"Javier Ferrer Garc\u00eda","Tempo di lettura stimato":"2 minuti"},"schema":{"@context":"https:\/\/schema.org","@graph":[{"@type":"Article","@id":"https:\/\/exaudi.org\/it\/guidare-con-fede-ed-eccellenza\/#article","isPartOf":{"@id":"https:\/\/exaudi.org\/it\/guidare-con-fede-ed-eccellenza\/"},"author":{"name":"Javier Ferrer Garc\u00eda","@id":"https:\/\/exaudi.org\/#\/schema\/person\/0428626ea256fe1d193098fe0ee2b91d"},"headline":"Guidare con fede ed eccellenza","datePublished":"2025-03-17T17:59:19+00:00","mainEntityOfPage":{"@id":"https:\/\/exaudi.org\/it\/guidare-con-fede-ed-eccellenza\/"},"wordCount":339,"image":{"@id":"https:\/\/exaudi.org\/it\/guidare-con-fede-ed-eccellenza\/#primaryimage"},"thumbnailUrl":"https:\/\/exaudi.org\/wp-content\/uploads\/2025\/03\/pexels-ketut-subiyanto-4560165-scaled.jpg","keywords":["azienda con uno scopo","azienda con valori","come essere un imprenditore cattolico","Compagnia cattolica","compagnia e vangelo","equilibrio lavoro-famiglia","etica cristiana negli affari","Featured","fede e intraprendenza","I valori cristiani negli affari","imprenditore cattolico","La dignit\u00e0 umana sul lavoro","Leadership cristiana","leadership di servizio","Principi cristiani negli affari","responsabilit\u00e0 sociale d\u2019impresa","solidariet\u00e0 in azienda","Sviluppo sostenibile cristiano"],"articleSection":["Voci"],"inLanguage":"it-IT"},{"@type":"WebPage","@id":"https:\/\/exaudi.org\/it\/guidare-con-fede-ed-eccellenza\/","url":"https:\/\/exaudi.org\/it\/guidare-con-fede-ed-eccellenza\/","name":"Guidare con fede ed eccellenza &#8211; Exaudi","isPartOf":{"@id":"https:\/\/exaudi.org\/#website"},"primaryImageOfPage":{"@id":"https:\/\/exaudi.org\/it\/guidare-con-fede-ed-eccellenza\/#primaryimage"},"image":{"@id":"https:\/\/exaudi.org\/it\/guidare-con-fede-ed-eccellenza\/#primaryimage"},"thumbnailUrl":"https:\/\/exaudi.org\/wp-content\/uploads\/2025\/03\/pexels-ketut-subiyanto-4560165-scaled.jpg","datePublished":"2025-03-17T17:59:19+00:00","author":{"@id":"https:\/\/exaudi.org\/#\/schema\/person\/0428626ea256fe1d193098fe0ee2b91d"},"breadcrumb":{"@id":"https:\/\/exaudi.org\/it\/guidare-con-fede-ed-eccellenza\/#breadcrumb"},"inLanguage":"it-IT","potentialAction":[{"@type":"ReadAction","target":["https:\/\/exaudi.org\/it\/guidare-con-fede-ed-eccellenza\/"]}]},{"@type":"ImageObject","inLanguage":"it-IT","@id":"https:\/\/exaudi.org\/it\/guidare-con-fede-ed-eccellenza\/#primaryimage","url":"https:\/\/exaudi.org\/wp-content\/uploads\/2025\/03\/pexels-ketut-subiyanto-4560165-scaled.jpg","contentUrl":"https:\/\/exaudi.org\/wp-content\/uploads\/2025\/03\/pexels-ketut-subiyanto-4560165-scaled.jpg","width":2560,"height":1707,"caption":"Pexels"},{"@type":"BreadcrumbList","@id":"https:\/\/exaudi.org\/it\/guidare-con-fede-ed-eccellenza\/#breadcrumb","itemListElement":[{"@type":"ListItem","position":1,"name":"Portada","item":"https:\/\/exaudi.org\/it\/"},{"@type":"ListItem","position":2,"name":"Guidare con fede ed eccellenza"}]},{"@type":"WebSite","@id":"https:\/\/exaudi.org\/#website","url":"https:\/\/exaudi.org\/","name":"Exaudi","description":"News","potentialAction":[{"@type":"SearchAction","target":{"@type":"EntryPoint","urlTemplate":"https:\/\/exaudi.org\/?s={search_term_string}"},"query-input":{"@type":"PropertyValueSpecification","valueRequired":true,"valueName":"search_term_string"}}],"inLanguage":"it-IT"},{"@type":"Person","@id":"https:\/\/exaudi.org\/#\/schema\/person\/0428626ea256fe1d193098fe0ee2b91d","name":"Javier Ferrer Garc\u00eda","image":{"@type":"ImageObject","inLanguage":"it-IT","@id":"https:\/\/secure.gravatar.com\/avatar\/c7bc1aef05f4433794cef4a55499c99ae6c0d617e2aa24ba4876a5432af93b2d?s=96&d=mm&r=g","url":"https:\/\/secure.gravatar.com\/avatar\/c7bc1aef05f4433794cef4a55499c99ae6c0d617e2aa24ba4876a5432af93b2d?s=96&d=mm&r=g","contentUrl":"https:\/\/secure.gravatar.com\/avatar\/c7bc1aef05f4433794cef4a55499c99ae6c0d617e2aa24ba4876a5432af93b2d?s=96&d=mm&r=g","caption":"Javier Ferrer Garc\u00eda"},"description":"Soy un apasionado de la vida. Fil\u00f3sofo y economista. Mi carrera profesional se ha enriquecido con el constante deseo de aprender y crecer tanto en el \u00e1mbito acad\u00e9mico como en el personal. Me considero un ferviente lector y amante del cine, lo cual me permite tener una perspectiva amplia y diversa sobre el mundo que nos rodea. Como cat\u00f3lico comprometido, busco integrar mis valores en cada aspecto de mi vida, desde mi carrera profesional hasta mi rol como esposo y padre de familia","url":"https:\/\/exaudi.org\/it\/author\/javier-ferrer-garcia\/"}]}},"jetpack_featured_media_url":"https:\/\/exaudi.org\/wp-content\/uploads\/2025\/03\/pexels-ketut-subiyanto-4560165-scaled.jpg","jetpack_shortlink":"https:\/\/wp.me\/pgKjF2-vBL","_links":{"self":[{"href":"https:\/\/exaudi.org\/it\/wp-json\/wp\/v2\/posts\/121505","targetHints":{"allow":["GET"]}}],"collection":[{"href":"https:\/\/exaudi.org\/it\/wp-json\/wp\/v2\/posts"}],"about":[{"href":"https:\/\/exaudi.org\/it\/wp-json\/wp\/v2\/types\/post"}],"author":[{"embeddable":true,"href":"https:\/\/exaudi.org\/it\/wp-json\/wp\/v2\/users\/149"}],"replies":[{"embeddable":true,"href":"https:\/\/exaudi.org\/it\/wp-json\/wp\/v2\/comments?post=121505"}],"version-history":[{"count":0,"href":"https:\/\/exaudi.org\/it\/wp-json\/wp\/v2\/posts\/121505\/revisions"}],"wp:featuredmedia":[{"embeddable":true,"href":"https:\/\/exaudi.org\/it\/wp-json\/wp\/v2\/media\/121439"}],"wp:attachment":[{"href":"https:\/\/exaudi.org\/it\/wp-json\/wp\/v2\/media?parent=121505"}],"wp:term":[{"taxonomy":"category","embeddable":true,"href":"https:\/\/exaudi.org\/it\/wp-json\/wp\/v2\/categories?post=121505"},{"taxonomy":"post_tag","embeddable":true,"href":"https:\/\/exaudi.org\/it\/wp-json\/wp\/v2\/tags?post=121505"}],"curies":[{"name":"wp","href":"https:\/\/api.w.org\/{rel}","templated":true}]}}