{"id":119516,"date":"2025-02-18T21:30:51","date_gmt":"2025-02-18T20:30:51","guid":{"rendered":"https:\/\/exaudi.org\/?p=119516"},"modified":"2025-02-18T21:30:51","modified_gmt":"2025-02-18T20:30:51","slug":"come-preparare-e-vivere-un-ritiro-spirituale","status":"publish","type":"post","link":"https:\/\/exaudi.org\/it\/come-preparare-e-vivere-un-ritiro-spirituale\/","title":{"rendered":"Come preparare e vivere un ritiro spirituale"},"content":{"rendered":"<p>I ritiri spirituali sono un&#8217;opportunit\u00e0 preziosa per avvicinarci a Dio, riflettere sulla nostra vita e rafforzare la nostra fede. Sono momenti di pace e contemplazione che ci permettono di staccare la spina dalle distrazioni quotidiane e di riconnetterci con il nostro scopo divino. Per trarne il massimo vantaggio \u00e8 importante prepararsi adeguatamente e viverlo con un atteggiamento aperto e ricettivo. In questa guida ti offriamo alcuni consigli pratici per vivere un ritiro spirituale profondo e trasformativo.<\/p>\n<h3><strong>1. Preparazione pre-ritiro<\/strong><\/h3>\n<p>La preparazione \u00e8 fondamentale per vivere un ritiro spirituale fruttuoso. Sebbene il ritiro sia concepito come un momento di riposo e riflessione, una corretta disposizione spirituale ne massimizza l&#8217;impatto.<\/p>\n<p><strong>a) Preghiera e riflessione personale<\/strong><\/p>\n<p>Prima di partecipare al ritiro, prenditi del tempo per pregare e affida le tue preoccupazioni, i tuoi timori e i tuoi desideri nelle mani di Dio. Puoi iniziare con una semplice preghiera, chiedendo a Dio di concederti la grazia di vivere il ritiro pienamente. Rifletti sugli ambiti della tua vita che senti il \u200b\u200bbisogno di rinnovare o guarire, cos\u00ec da poter entrare nel ritiro con un cuore pronto a ricevere la grazia che Dio ha in serbo per te.<\/p>\n<p><strong>b) Silenzio interiore<\/strong><\/p>\n<p>Il ritiro cerca di allontanarci dalle voci esterne e dal rumore del mondo. \u00c8 importante iniziare a praticare il silenzio interiore prima di arrivare, cercando di staccare la spina dalle preoccupazioni quotidiane e permettere al Signore di parlarti dal profondo del tuo essere.<\/p>\n<p><strong>c) Preparazione emotiva e fisica<\/strong><\/p>\n<p>A volte le emozioni irrisolte o l&#8217;esaurimento fisico possono ostacolare la nostra esperienza di ritiro. Prendetevi del tempo per riposare e cercate di entrare nel ritiro con un atteggiamento calmo e rilassato. Questo ti aiuter\u00e0 a sfruttare al meglio i momenti di meditazione e riflessione.<\/p>\n<h3><strong>2. Vivere il ritiro spirituale: atteggiamenti per trarne il massimo vantaggio<\/strong><\/h3>\n<p>Durante il ritiro, l&#8217;obiettivo \u00e8 approfondire il tuo rapporto personale con Dio, consentendo Gli di agire nella tua vita. Per fare questo \u00e8 importante viverlo con una serie di atteggiamenti fondamentali.<\/p>\n<p><strong>a) Disponibilit\u00e0 e apertura<\/strong><\/p>\n<p>\u00c8 essenziale iniziare il ritiro con la mente e il cuore aperti, pronti a ricevere ci\u00f2 che Dio ha in serbo per voi. Durante i discorsi, le meditazioni e i momenti di preghiera, lascia che lo Spirito Santo operi nella tua vita, anche se si tratta di un&#8217;esperienza difficile o inaspettata.<\/p>\n<p><strong>b) Partecipazione attiva<\/strong><\/p>\n<p>Sebbene il ritiro comporti momenti di silenzio e solitudine, \u00e8 anche un&#8217;esperienza comunitaria. Partecipa attivamente alle attivit\u00e0, alle meditazioni guidate e ai momenti di preghiera. Condividere queste informazioni con gli altri pu\u00f2 arricchire profondamente la tua esperienza.<\/p>\n<p><strong>c) Ascoltare Dio attraverso i sacramenti<\/strong><\/p>\n<p>Un ritiro spirituale \u00e8 caratterizzato dalla profonda attenzione alla preghiera e ai sacramenti. La confessione \u00e8 uno dei momenti chiave di ogni ritiro, poich\u00e9 consente di riconciliarsi con Dio e di ricominciare (<a href=\"https:\/\/www.vatican.va\/content\/francesco\/es\/cotidie\/2018\/documents\/papa-francesco-cotidie_20180904_examen-conciencia.html\">esame di coscienza<\/a>). L\u2019Eucaristia \u00e8 un altro pilastro fondamentale che vi avviciner\u00e0 al cuore di Cristo. Fate s\u00ec che questi momenti sacramentali siano il centro del vostro ritiro.<\/p>\n<p><strong>d) Silenzio e riflessione interiore<\/strong><\/p>\n<p>Il silenzio \u00e8 un mezzo potente per ascoltare la voce di Dio. Approfittate dei momenti di silenzio per esaminare la vostra coscienza, meditare sulle Scritture e riflettere sulla vostra vita. Non temere la solitudine, perch\u00e9 in essa puoi ascoltare le risposte e le consolazioni di Dio.<\/p>\n<p><strong>e) Accettare la trasformazione<\/strong><\/p>\n<p>Il ritiro \u00e8 concepito per trasformarci, ma per questo \u00e8 necessaria umilt\u00e0. Devi essere disposto a riconoscere le tue debolezze, ad affrontare i tuoi peccati e a permettere alla grazia di Dio di fare in te ci\u00f2 che vuole. Ci\u00f2 potrebbe comportare momenti di sfida o di conversione, ma tutto ci\u00f2 sar\u00e0 per il tuo bene e per la tua crescita spirituale.<\/p>\n<h3><strong>3. Alla fine del ritiro: Integrare l&#8217;esperienza nella vita quotidiana<\/strong><\/h3>\n<p>La pensione non dovrebbe essere un&#8217;esperienza isolata. \u00c8 importante integrare ci\u00f2 che hai sperimentato nella tua vita quotidiana affinch\u00e9 i suoi frutti durino.<\/p>\n<p><strong>a) Ringraziamento<\/strong><\/p>\n<p>Grazie a Dio per il tempo che hai vissuto. Puoi farlo con una preghiera personale, nella quale esprimi la tua gratitudine per averti permesso di vivere quell\u2019esperienza di incontro con Lui.<\/p>\n<p><strong>b) Piano d&#8217;azione spirituale<\/strong><\/p>\n<p>Mentre lasci il ritiro, rifletti sugli impegni che puoi prendere per continuare a crescere nella tua vita spirituale. Ci\u00f2 pu\u00f2 includere l&#8217;impegno nella preghiera quotidiana, la partecipazione alla messa pi\u00f9 frequente o il servizio agli altri in modo pi\u00f9 impegnato.<\/p>\n<p><strong>c) Continua con la comunit\u00e0<\/strong><\/p>\n<p>I ritiri spirituali sono un&#8217;opportunit\u00e0 per rafforzare i legami con la comunit\u00e0 cristiana. Continua a partecipare alle attivit\u00e0 parrocchiali, trova un gruppo di preghiera o una cerchia di amici con cui condividere la tua esperienza e continuare a crescere spiritualmente.<\/p>\n<h3><strong>***<\/strong><\/h3>\n<p>Vivere un ritiro spirituale \u00e8 un&#8217;opportunit\u00e0 per rinnovare la nostra fede, approfondire il nostro rapporto con Dio e trasformare noi stessi interiormente. Con un&#8217;adeguata preparazione e la volont\u00e0 di accogliere ci\u00f2 che Dio ha in serbo per noi, un ritiro spirituale pu\u00f2 segnare un prima e un dopo nella nostra vita. Cogliete questa opportunit\u00e0 per crescere nella vostra fede e realizzare una vera conversione interiore.<\/p>\n<p>Ricordiamo che, come ci ricorda Papa Francesco, i ritiri spirituali sono momenti di grazia che ci permettono di &#8220;tornare all&#8217;essenziale&#8221;, allontanandoci dal superficiale e riconoscendo ci\u00f2 che conta davvero: il nostro rapporto con Dio e con gli altri. Che tu possa vivere un ritiro pieno di frutti spirituali!<\/p>\n","protected":false},"excerpt":{"rendered":"<p>Come preparare e vivere un ritiro spirituale<\/p>\n","protected":false},"author":149,"featured_media":119418,"comment_status":"closed","ping_status":"closed","sticky":false,"template":"","format":"standard","meta":{"_acf_changed":false,"_crdt_document":"","inline_featured_image":false,"footnotes":""},"categories":[71],"tags":[46416,15200,20614,46417,46418,46419,28666,30809,46420,46421,46422,46423,46424,46425,46426,46428,34763,46427,19091,18875,26668,4952,14223,46429],"class_list":["post-119516","post","type-post","status-publish","format-standard","has-post-thumbnail","hentry","category-analisi","tag-confessione-ed-eucaristia","tag-crescita-spirituale","tag-esperienza-spirituale","tag-guida-per-ritiri-spirituali","tag-momenti-di-silenzio","tag-preparazione-al-ritiro","tag-riflessione-cristiana","tag-rinnovamento-spirituale","tag-ritiro-cattolico","tag-ritiro-con-dio","tag-ritiro-cristiano","tag-ritiro-di-conversione","tag-ritiro-di-fine-settimana","tag-ritiro-di-meditazione","tag-ritiro-di-preghiera","tag-ritiro-per-la-fede","tag-ritiro-spirituale","tag-ritiro-spirituale-2025","tag-silenzio-interiore","tag-spiritualita-cristiana","tag-trasformazione-spirituale","tag-trending-it","tag-vita-cristiana","tag-vivere-un-ritiro"],"acf":[],"yoast_head":"<!-- This site is optimized with the Yoast SEO plugin v27.5 - https:\/\/yoast.com\/product\/yoast-seo-wordpress\/ -->\n<title>Come preparare e vivere un ritiro spirituale &#8211; Exaudi<\/title>\n<meta name=\"robots\" content=\"index, follow, max-snippet:-1, max-image-preview:large, max-video-preview:-1\" \/>\n<link rel=\"canonical\" href=\"https:\/\/exaudi.org\/it\/come-preparare-e-vivere-un-ritiro-spirituale\/\" \/>\n<meta property=\"og:locale\" content=\"it_IT\" \/>\n<meta property=\"og:type\" content=\"article\" \/>\n<meta property=\"og:title\" content=\"Come preparare e vivere un ritiro spirituale &#8211; Exaudi\" \/>\n<meta property=\"og:description\" content=\"Come preparare e vivere un ritiro spirituale\" \/>\n<meta property=\"og:url\" content=\"https:\/\/exaudi.org\/it\/come-preparare-e-vivere-un-ritiro-spirituale\/\" \/>\n<meta property=\"og:site_name\" content=\"Exaudi\" \/>\n<meta property=\"article:publisher\" content=\"https:\/\/www.facebook.com\/ExaudiNews\" \/>\n<meta property=\"article:published_time\" content=\"2025-02-18T20:30:51+00:00\" \/>\n<meta property=\"og:image\" content=\"https:\/\/exaudi.org\/wp-content\/uploads\/2025\/02\/pexels-pripicart-631986-scaled.jpg\" \/>\n\t<meta property=\"og:image:width\" content=\"2560\" \/>\n\t<meta property=\"og:image:height\" content=\"1704\" \/>\n\t<meta property=\"og:image:type\" content=\"image\/jpeg\" \/>\n<meta name=\"author\" content=\"Javier Ferrer Garc\u00eda\" \/>\n<meta name=\"twitter:card\" content=\"summary_large_image\" \/>\n<meta name=\"twitter:creator\" content=\"@Exaudi_News\" \/>\n<meta name=\"twitter:site\" content=\"@Exaudi_News\" \/>\n<meta name=\"twitter:label1\" content=\"Scritto da\" \/>\n\t<meta name=\"twitter:data1\" content=\"Javier Ferrer Garc\u00eda\" \/>\n\t<meta name=\"twitter:label2\" content=\"Tempo di lettura stimato\" \/>\n\t<meta name=\"twitter:data2\" content=\"4 minuti\" \/>\n<script type=\"application\/ld+json\" class=\"yoast-schema-graph\">{\"@context\":\"https:\\\/\\\/schema.org\",\"@graph\":[{\"@type\":\"Article\",\"@id\":\"https:\\\/\\\/exaudi.org\\\/it\\\/come-preparare-e-vivere-un-ritiro-spirituale\\\/#article\",\"isPartOf\":{\"@id\":\"https:\\\/\\\/exaudi.org\\\/it\\\/come-preparare-e-vivere-un-ritiro-spirituale\\\/\"},\"author\":{\"name\":\"Javier Ferrer Garc\u00eda\",\"@id\":\"https:\\\/\\\/exaudi.org\\\/#\\\/schema\\\/person\\\/0428626ea256fe1d193098fe0ee2b91d\"},\"headline\":\"Come preparare e vivere un ritiro spirituale\",\"datePublished\":\"2025-02-18T20:30:51+00:00\",\"mainEntityOfPage\":{\"@id\":\"https:\\\/\\\/exaudi.org\\\/it\\\/come-preparare-e-vivere-un-ritiro-spirituale\\\/\"},\"wordCount\":881,\"image\":{\"@id\":\"https:\\\/\\\/exaudi.org\\\/it\\\/come-preparare-e-vivere-un-ritiro-spirituale\\\/#primaryimage\"},\"thumbnailUrl\":\"https:\\\/\\\/exaudi.org\\\/wp-content\\\/uploads\\\/2025\\\/02\\\/pexels-pripicart-631986-scaled.jpg\",\"keywords\":[\"confessione ed eucaristia\",\"crescita spirituale\",\"ESPERIENZA SPIRITUALE\",\"guida per ritiri spirituali\",\"momenti di silenzio\",\"preparazione al ritiro\",\"riflessione cristiana\",\"rinnovamento spirituale\",\"ritiro cattolico\",\"ritiro con Dio\",\"ritiro cristiano\",\"ritiro di conversione\",\"ritiro di fine settimana\",\"ritiro di meditazione\",\"ritiro di preghiera\",\"ritiro per la fede\",\"ritiro spirituale\",\"ritiro spirituale 2025\",\"SILENZIO INTERIORE\",\"SPIRITUALIT\u00c0 CRISTIANA\",\"trasformazione spirituale\",\"Trending\",\"VITA CRISTIANA\",\"vivere un ritiro\"],\"articleSection\":[\"Analisi\"],\"inLanguage\":\"it-IT\"},{\"@type\":\"WebPage\",\"@id\":\"https:\\\/\\\/exaudi.org\\\/it\\\/come-preparare-e-vivere-un-ritiro-spirituale\\\/\",\"url\":\"https:\\\/\\\/exaudi.org\\\/it\\\/come-preparare-e-vivere-un-ritiro-spirituale\\\/\",\"name\":\"Come preparare e vivere un ritiro spirituale &#8211; Exaudi\",\"isPartOf\":{\"@id\":\"https:\\\/\\\/exaudi.org\\\/#website\"},\"primaryImageOfPage\":{\"@id\":\"https:\\\/\\\/exaudi.org\\\/it\\\/come-preparare-e-vivere-un-ritiro-spirituale\\\/#primaryimage\"},\"image\":{\"@id\":\"https:\\\/\\\/exaudi.org\\\/it\\\/come-preparare-e-vivere-un-ritiro-spirituale\\\/#primaryimage\"},\"thumbnailUrl\":\"https:\\\/\\\/exaudi.org\\\/wp-content\\\/uploads\\\/2025\\\/02\\\/pexels-pripicart-631986-scaled.jpg\",\"datePublished\":\"2025-02-18T20:30:51+00:00\",\"author\":{\"@id\":\"https:\\\/\\\/exaudi.org\\\/#\\\/schema\\\/person\\\/0428626ea256fe1d193098fe0ee2b91d\"},\"breadcrumb\":{\"@id\":\"https:\\\/\\\/exaudi.org\\\/it\\\/come-preparare-e-vivere-un-ritiro-spirituale\\\/#breadcrumb\"},\"inLanguage\":\"it-IT\",\"potentialAction\":[{\"@type\":\"ReadAction\",\"target\":[\"https:\\\/\\\/exaudi.org\\\/it\\\/come-preparare-e-vivere-un-ritiro-spirituale\\\/\"]}]},{\"@type\":\"ImageObject\",\"inLanguage\":\"it-IT\",\"@id\":\"https:\\\/\\\/exaudi.org\\\/it\\\/come-preparare-e-vivere-un-ritiro-spirituale\\\/#primaryimage\",\"url\":\"https:\\\/\\\/exaudi.org\\\/wp-content\\\/uploads\\\/2025\\\/02\\\/pexels-pripicart-631986-scaled.jpg\",\"contentUrl\":\"https:\\\/\\\/exaudi.org\\\/wp-content\\\/uploads\\\/2025\\\/02\\\/pexels-pripicart-631986-scaled.jpg\",\"width\":2560,\"height\":1704},{\"@type\":\"BreadcrumbList\",\"@id\":\"https:\\\/\\\/exaudi.org\\\/it\\\/come-preparare-e-vivere-un-ritiro-spirituale\\\/#breadcrumb\",\"itemListElement\":[{\"@type\":\"ListItem\",\"position\":1,\"name\":\"Portada\",\"item\":\"https:\\\/\\\/exaudi.org\\\/it\\\/\"},{\"@type\":\"ListItem\",\"position\":2,\"name\":\"Come preparare e vivere un ritiro spirituale\"}]},{\"@type\":\"WebSite\",\"@id\":\"https:\\\/\\\/exaudi.org\\\/#website\",\"url\":\"https:\\\/\\\/exaudi.org\\\/\",\"name\":\"Exaudi\",\"description\":\"News\",\"potentialAction\":[{\"@type\":\"SearchAction\",\"target\":{\"@type\":\"EntryPoint\",\"urlTemplate\":\"https:\\\/\\\/exaudi.org\\\/?s={search_term_string}\"},\"query-input\":{\"@type\":\"PropertyValueSpecification\",\"valueRequired\":true,\"valueName\":\"search_term_string\"}}],\"inLanguage\":\"it-IT\"},{\"@type\":\"Person\",\"@id\":\"https:\\\/\\\/exaudi.org\\\/#\\\/schema\\\/person\\\/0428626ea256fe1d193098fe0ee2b91d\",\"name\":\"Javier Ferrer Garc\u00eda\",\"image\":{\"@type\":\"ImageObject\",\"inLanguage\":\"it-IT\",\"@id\":\"https:\\\/\\\/secure.gravatar.com\\\/avatar\\\/c7bc1aef05f4433794cef4a55499c99ae6c0d617e2aa24ba4876a5432af93b2d?s=96&d=mm&r=g\",\"url\":\"https:\\\/\\\/secure.gravatar.com\\\/avatar\\\/c7bc1aef05f4433794cef4a55499c99ae6c0d617e2aa24ba4876a5432af93b2d?s=96&d=mm&r=g\",\"contentUrl\":\"https:\\\/\\\/secure.gravatar.com\\\/avatar\\\/c7bc1aef05f4433794cef4a55499c99ae6c0d617e2aa24ba4876a5432af93b2d?s=96&d=mm&r=g\",\"caption\":\"Javier Ferrer Garc\u00eda\"},\"description\":\"Soy un apasionado de la vida. Fil\u00f3sofo y economista. Mi carrera profesional se ha enriquecido con el constante deseo de aprender y crecer tanto en el \u00e1mbito acad\u00e9mico como en el personal. Me considero un ferviente lector y amante del cine, lo cual me permite tener una perspectiva amplia y diversa sobre el mundo que nos rodea. Como cat\u00f3lico comprometido, busco integrar mis valores en cada aspecto de mi vida, desde mi carrera profesional hasta mi rol como esposo y padre de familia\",\"url\":\"https:\\\/\\\/exaudi.org\\\/it\\\/author\\\/javier-ferrer-garcia\\\/\"}]}<\/script>\n<!-- \/ Yoast SEO plugin. -->","yoast_head_json":{"title":"Come preparare e vivere un ritiro spirituale &#8211; Exaudi","robots":{"index":"index","follow":"follow","max-snippet":"max-snippet:-1","max-image-preview":"max-image-preview:large","max-video-preview":"max-video-preview:-1"},"canonical":"https:\/\/exaudi.org\/it\/come-preparare-e-vivere-un-ritiro-spirituale\/","og_locale":"it_IT","og_type":"article","og_title":"Come preparare e vivere un ritiro spirituale &#8211; Exaudi","og_description":"Come preparare e vivere un ritiro spirituale","og_url":"https:\/\/exaudi.org\/it\/come-preparare-e-vivere-un-ritiro-spirituale\/","og_site_name":"Exaudi","article_publisher":"https:\/\/www.facebook.com\/ExaudiNews","article_published_time":"2025-02-18T20:30:51+00:00","og_image":[{"width":2560,"height":1704,"url":"https:\/\/exaudi.org\/wp-content\/uploads\/2025\/02\/pexels-pripicart-631986-scaled.jpg","type":"image\/jpeg"}],"author":"Javier Ferrer Garc\u00eda","twitter_card":"summary_large_image","twitter_creator":"@Exaudi_News","twitter_site":"@Exaudi_News","twitter_misc":{"Scritto da":"Javier Ferrer Garc\u00eda","Tempo di lettura stimato":"4 minuti"},"schema":{"@context":"https:\/\/schema.org","@graph":[{"@type":"Article","@id":"https:\/\/exaudi.org\/it\/come-preparare-e-vivere-un-ritiro-spirituale\/#article","isPartOf":{"@id":"https:\/\/exaudi.org\/it\/come-preparare-e-vivere-un-ritiro-spirituale\/"},"author":{"name":"Javier Ferrer Garc\u00eda","@id":"https:\/\/exaudi.org\/#\/schema\/person\/0428626ea256fe1d193098fe0ee2b91d"},"headline":"Come preparare e vivere un ritiro spirituale","datePublished":"2025-02-18T20:30:51+00:00","mainEntityOfPage":{"@id":"https:\/\/exaudi.org\/it\/come-preparare-e-vivere-un-ritiro-spirituale\/"},"wordCount":881,"image":{"@id":"https:\/\/exaudi.org\/it\/come-preparare-e-vivere-un-ritiro-spirituale\/#primaryimage"},"thumbnailUrl":"https:\/\/exaudi.org\/wp-content\/uploads\/2025\/02\/pexels-pripicart-631986-scaled.jpg","keywords":["confessione ed eucaristia","crescita spirituale","ESPERIENZA SPIRITUALE","guida per ritiri spirituali","momenti di silenzio","preparazione al ritiro","riflessione cristiana","rinnovamento spirituale","ritiro cattolico","ritiro con Dio","ritiro cristiano","ritiro di conversione","ritiro di fine settimana","ritiro di meditazione","ritiro di preghiera","ritiro per la fede","ritiro spirituale","ritiro spirituale 2025","SILENZIO INTERIORE","SPIRITUALIT\u00c0 CRISTIANA","trasformazione spirituale","Trending","VITA CRISTIANA","vivere un ritiro"],"articleSection":["Analisi"],"inLanguage":"it-IT"},{"@type":"WebPage","@id":"https:\/\/exaudi.org\/it\/come-preparare-e-vivere-un-ritiro-spirituale\/","url":"https:\/\/exaudi.org\/it\/come-preparare-e-vivere-un-ritiro-spirituale\/","name":"Come preparare e vivere un ritiro spirituale &#8211; Exaudi","isPartOf":{"@id":"https:\/\/exaudi.org\/#website"},"primaryImageOfPage":{"@id":"https:\/\/exaudi.org\/it\/come-preparare-e-vivere-un-ritiro-spirituale\/#primaryimage"},"image":{"@id":"https:\/\/exaudi.org\/it\/come-preparare-e-vivere-un-ritiro-spirituale\/#primaryimage"},"thumbnailUrl":"https:\/\/exaudi.org\/wp-content\/uploads\/2025\/02\/pexels-pripicart-631986-scaled.jpg","datePublished":"2025-02-18T20:30:51+00:00","author":{"@id":"https:\/\/exaudi.org\/#\/schema\/person\/0428626ea256fe1d193098fe0ee2b91d"},"breadcrumb":{"@id":"https:\/\/exaudi.org\/it\/come-preparare-e-vivere-un-ritiro-spirituale\/#breadcrumb"},"inLanguage":"it-IT","potentialAction":[{"@type":"ReadAction","target":["https:\/\/exaudi.org\/it\/come-preparare-e-vivere-un-ritiro-spirituale\/"]}]},{"@type":"ImageObject","inLanguage":"it-IT","@id":"https:\/\/exaudi.org\/it\/come-preparare-e-vivere-un-ritiro-spirituale\/#primaryimage","url":"https:\/\/exaudi.org\/wp-content\/uploads\/2025\/02\/pexels-pripicart-631986-scaled.jpg","contentUrl":"https:\/\/exaudi.org\/wp-content\/uploads\/2025\/02\/pexels-pripicart-631986-scaled.jpg","width":2560,"height":1704},{"@type":"BreadcrumbList","@id":"https:\/\/exaudi.org\/it\/come-preparare-e-vivere-un-ritiro-spirituale\/#breadcrumb","itemListElement":[{"@type":"ListItem","position":1,"name":"Portada","item":"https:\/\/exaudi.org\/it\/"},{"@type":"ListItem","position":2,"name":"Come preparare e vivere un ritiro spirituale"}]},{"@type":"WebSite","@id":"https:\/\/exaudi.org\/#website","url":"https:\/\/exaudi.org\/","name":"Exaudi","description":"News","potentialAction":[{"@type":"SearchAction","target":{"@type":"EntryPoint","urlTemplate":"https:\/\/exaudi.org\/?s={search_term_string}"},"query-input":{"@type":"PropertyValueSpecification","valueRequired":true,"valueName":"search_term_string"}}],"inLanguage":"it-IT"},{"@type":"Person","@id":"https:\/\/exaudi.org\/#\/schema\/person\/0428626ea256fe1d193098fe0ee2b91d","name":"Javier Ferrer Garc\u00eda","image":{"@type":"ImageObject","inLanguage":"it-IT","@id":"https:\/\/secure.gravatar.com\/avatar\/c7bc1aef05f4433794cef4a55499c99ae6c0d617e2aa24ba4876a5432af93b2d?s=96&d=mm&r=g","url":"https:\/\/secure.gravatar.com\/avatar\/c7bc1aef05f4433794cef4a55499c99ae6c0d617e2aa24ba4876a5432af93b2d?s=96&d=mm&r=g","contentUrl":"https:\/\/secure.gravatar.com\/avatar\/c7bc1aef05f4433794cef4a55499c99ae6c0d617e2aa24ba4876a5432af93b2d?s=96&d=mm&r=g","caption":"Javier Ferrer Garc\u00eda"},"description":"Soy un apasionado de la vida. Fil\u00f3sofo y economista. Mi carrera profesional se ha enriquecido con el constante deseo de aprender y crecer tanto en el \u00e1mbito acad\u00e9mico como en el personal. Me considero un ferviente lector y amante del cine, lo cual me permite tener una perspectiva amplia y diversa sobre el mundo que nos rodea. Como cat\u00f3lico comprometido, busco integrar mis valores en cada aspecto de mi vida, desde mi carrera profesional hasta mi rol como esposo y padre de familia","url":"https:\/\/exaudi.org\/it\/author\/javier-ferrer-garcia\/"}]}},"jetpack_featured_media_url":"https:\/\/exaudi.org\/wp-content\/uploads\/2025\/02\/pexels-pripicart-631986-scaled.jpg","jetpack_shortlink":"https:\/\/wp.me\/pgKjF2-v5G","_links":{"self":[{"href":"https:\/\/exaudi.org\/it\/wp-json\/wp\/v2\/posts\/119516","targetHints":{"allow":["GET"]}}],"collection":[{"href":"https:\/\/exaudi.org\/it\/wp-json\/wp\/v2\/posts"}],"about":[{"href":"https:\/\/exaudi.org\/it\/wp-json\/wp\/v2\/types\/post"}],"author":[{"embeddable":true,"href":"https:\/\/exaudi.org\/it\/wp-json\/wp\/v2\/users\/149"}],"replies":[{"embeddable":true,"href":"https:\/\/exaudi.org\/it\/wp-json\/wp\/v2\/comments?post=119516"}],"version-history":[{"count":0,"href":"https:\/\/exaudi.org\/it\/wp-json\/wp\/v2\/posts\/119516\/revisions"}],"wp:featuredmedia":[{"embeddable":true,"href":"https:\/\/exaudi.org\/it\/wp-json\/wp\/v2\/media\/119418"}],"wp:attachment":[{"href":"https:\/\/exaudi.org\/it\/wp-json\/wp\/v2\/media?parent=119516"}],"wp:term":[{"taxonomy":"category","embeddable":true,"href":"https:\/\/exaudi.org\/it\/wp-json\/wp\/v2\/categories?post=119516"},{"taxonomy":"post_tag","embeddable":true,"href":"https:\/\/exaudi.org\/it\/wp-json\/wp\/v2\/tags?post=119516"}],"curies":[{"name":"wp","href":"https:\/\/api.w.org\/{rel}","templated":true}]}}