{"id":119236,"date":"2025-02-13T18:52:27","date_gmt":"2025-02-13T17:52:27","guid":{"rendered":"https:\/\/exaudi.org\/?p=119236"},"modified":"2025-02-13T18:52:27","modified_gmt":"2025-02-13T17:52:27","slug":"relativismo-una-radiografia-della-societa-contemporanea","status":"publish","type":"post","link":"https:\/\/exaudi.org\/it\/relativismo-una-radiografia-della-societa-contemporanea\/","title":{"rendered":"Relativismo: una radiografia della societ\u00e0 contemporanea"},"content":{"rendered":"<p>Capitolo 3 (di 5) di una miniserie sulla &#8220;laicit\u00e0&#8221;. Un argomento di enorme interesse e rilevanza nella nostra societ\u00e0 multiculturale. Lo studio della secolarit\u00e0 pu\u00f2 aiutare a rispondere a domande come: cos&#8217;\u00e8 la secolarit\u00e0 cristiana? \u00c8 mai stato raggiunto in qualche momento della storia? \u00c8 possibile realizzarlo in modo definitivo? Quali sono le cause dell\u2019attuale secolarizzazione? Si tratta di un processo irreversibile, legato al progresso? Il cristianesimo scomparir\u00e0 dall&#8217;Europa? Quali sono le radici del secolarismo negli ultimi secoli? Il secolarismo del XIX secolo \u00e8 lo stesso del XXI secolo? La Costituzione di un Paese pu\u00f2 regolamentare il regime dei Sacramenti? E sancire l&#8217;aborto come diritto fondamentale? La religione \u00e8 un pericolo per la democrazia? La tolleranza consiste nella giustapposizione di tutte le credenze? Cos\u2019\u00e8 questa \u201cbattaglia culturale\u201d? Quali sono la sua efficacia e i suoi limiti? Stiamo entrando in una nuova fase di post-secolarizzazione? Cosa pu\u00f2 fare un comune cittadino?<\/p>\n<p>Nei capitoli precedenti abbiamo esplorato l&#8217;evoluzione del rapporto tra politica e religione nel corso dei duemila anni di storia cristiana. Dall&#8217;avvento dell&#8217;Impero Romano nell&#8217;antichit\u00e0, passando per l&#8217;ordinamento del Cristianesimo nel Medioevo, fino all&#8217;enfasi moderna sui diritti della persona, la societ\u00e0 ha attraversato diverse prospettive. In questo capitolo ci concentreremo sul relativismo, l&#8217;ideologia 2.0 emersa come ultima manifestazione del secolarismo, in contrapposizione al cristianesimo.<\/p>\n<h3><strong>Relativismo: una nuova religione?<\/strong><\/h3>\n<p>Sebbene in teoria l&#8217;Occidente sembri aver raggiunto la secolarizzazione, in realt\u00e0 la verit\u00e0, la bont\u00e0 e la bellezza, ovvero i cosiddetti trascendentali, restano elementi fondamentali che strutturano la nostra comprensione del mondo. Invece di scomparire, questi elementi si sono trasformati. Ci\u00f2 che un tempo era il cristianesimo \u00e8 stato sostituito da una nuova &#8220;religione relativista&#8221;, che propone una versione manipolata della verit\u00e0, della bont\u00e0 e della bellezza.<\/p>\n<p>Il relativismo moderno si presenta come un credo, una morale e un modello di santit\u00e0, con un&#8217;idea di cosa dovrebbe essere un &#8220;santo&#8221; relativista. A differenza del cristianesimo, questa ideologia impone la violenza alla persona manipolando le propriet\u00e0 fondamentali dell&#8217;esistenza.<\/p>\n<h3><strong>La proposta della verit\u00e0: lo scientismo<\/strong><\/h3>\n<p>La prima manifestazione del relativismo si riscontra nella sua concezione della <strong>verit\u00e0<\/strong>, che si esprime attraverso lo scientismo. Questa ideologia sostiene che solo la conoscenza ottenuta attraverso il metodo scientifico \u00e8 valida, relegando altre forme di conoscenza come la filosofia, la teologia o l&#8217;arte a un livello secondario.<\/p>\n<p>Il successo della scienza e della tecnologia nella risoluzione dei problemi ha rafforzato questa posizione, ma lo scientismo \u00e8 stato criticato per il suo riduzionismo. La realt\u00e0 \u00e8 molto pi\u00f9 complessa dei dati empirici studiati dalla scienza e affermare che la scienza abbia tutte le risposte \u00e8 un errore.<\/p>\n<p>I progressi della fisica, come la sostituzione della fisica newtoniana con la fisica relativistica, dimostrano che la conoscenza scientifica \u00e8 in ultima analisi provvisoria. Inoltre, la scienza da sola non pu\u00f2 spiegare questioni profonde come il perch\u00e9 dell&#8217;esistenza o le leggi morali che governano la vita umana. Per affrontare queste problematiche \u00e8 necessario ricorrere alla filosofia, che fornisce una dimensione razionale alla comprensione della realt\u00e0.<\/p>\n<h3><strong>La proposta del bene: il pragmatismo<\/strong><\/h3>\n<p>Quanto al <strong>bene<\/strong>, il relativismo si traduce in un pragmatismo che valorizza idee e azioni unicamente per la loro utilit\u00e0 immediata e pratica. Questo atteggiamento ha permeato la politica, l&#8217;economia e le relazioni personali, dove ci\u00f2 che conta \u00e8 il beneficio immediato, senza tenere conto dei principi etici o trascendenti.<\/p>\n<p>In questo contesto la dignit\u00e0 umana \u00e8 facilmente manipolabile. Il relativismo non offre alcuna base solida per la dignit\u00e0 assoluta della persona, consentendo che gli individui siano considerati come mezzi per raggiungere un fine. Questo approccio pragmatico si riflette anche nella crisi dei valori che investono la politica e le relazioni personali, dove l\u2019amore e l\u2019impegno profondo lasciano il posto a una logica di convenienza e utilit\u00e0.<\/p>\n<p>Il pragmatismo relativistico pone anche gravi difficolt\u00e0 nell&#8217;uso responsabile della tecnologia. Se la moralit\u00e0 si basa esclusivamente su ci\u00f2 che \u00e8 utile in un dato momento, \u00e8 impossibile stabilire un solido quadro etico per l&#8217;uso di tecnologie come l&#8217;intelligenza artificiale o l&#8217;energia nucleare.<\/p>\n<h3><strong>La proposta della bellezza: il materialismo<\/strong><\/h3>\n<p>Infine, il relativismo esprime la sua visione della <strong>bellezza<\/strong> anche attraverso il materialismo. Questa visione pone l&#8217;accento sull&#8217;aspetto materiale ed economico, considerando irrilevante quello spirituale. Nella societ\u00e0 contemporanea, la felicit\u00e0 \u00e8 associata al successo economico, all&#8217;accumulo di ricchezza e all&#8217;accesso a esperienze di lusso. Questo materialismo ha influenzato anche la decisione di avere figli, poich\u00e9 molti giovani vedono la genitorialit\u00e0 come un ostacolo a una vita comoda e piacevole.<\/p>\n<p>Questo approccio alla bellezza, che misura il successo in base al denaro e al consumo, ha portato a una crisi di valori e a una perdita di senso della vita. L\u2019idea del sacrificio per un bene superiore, cos\u00ec presente nella visione cristiana, \u00e8 stata sostituita dalla ricerca dei piaceri immediati.<\/p>\n<h3><strong>Critica del relativismo<\/strong><\/h3>\n<p>Il relativismo, concentrandosi esclusivamente sull&#8217;utilit\u00e0, sulla scienza e sui beni materiali, tralascia aspetti fondamentali dell&#8217;esperienza umana. L&#8217;approccio scientifico non fornisce risposte definitive sull&#8217;origine della realt\u00e0, sullo scopo della vita o sulla moralit\u00e0. Inoltre, il pragmatismo e il materialismo ignorano i principi etici che sono alla base della dignit\u00e0 umana e delle relazioni autentiche. Di conseguenza, la societ\u00e0 si trova ad affrontare una crisi di valori e una profonda insoddisfazione, che si traduce in individualismo, solitudine e perdita di senso.<\/p>\n<p>In definitiva, il relativismo propone una visione della vita limitata e pericolosa, poich\u00e9 mette a rischio le cose pi\u00f9 importanti dell&#8217;umanit\u00e0: la verit\u00e0, la bont\u00e0 e la bellezza, intese nel loro senso pi\u00f9 profondo e trascendentale.<\/p>\n<p>Questa miniserie \u00e8 composta da cinque capitoli:<\/p>\n<ol>\n<li><a href=\"https:\/\/exaudi.org\/it\/laicita-secolarismo-e-secolarizzazione-una-prospettiva-storica-e-concettuale\/\">Storia: La lunga marcia verso la laicit\u00e0<\/a><\/li>\n<li><a href=\"https:\/\/exaudi.org\/it\/laicita-le-3-ondate-del-secolo-scorso\/\">Laicit\u00e0: le 3 ondate del secolo scorso<\/a><\/li>\n<li><a href=\"https:\/\/exaudi.org\/it\/?p=119236&amp;preview_id=119236&amp;preview_nonce=41fc4adb55&amp;post_format=standard&amp;_thumbnail_id=119062&amp;preview=true\">Il relativismo \u00e8 religione<\/a><\/li>\n<li>La battaglia culturale<\/li>\n<li>L&#8217;individuo e il tutto<\/li>\n<\/ol>\n","protected":false},"excerpt":{"rendered":"<p>Episodio 3: Il relativismo come nuova religione<\/p>\n","protected":false},"author":126,"featured_media":119062,"comment_status":"closed","ping_status":"closed","sticky":false,"template":"","format":"standard","meta":{"_acf_changed":false,"_crdt_document":"","inline_featured_image":false,"footnotes":""},"categories":[71],"tags":[45838,45839,45840,1110,3371,45841,7626,2487,37637,45843,30975,23748,13743,45842,12803,15552,38856,19610,45844],"class_list":["post-119236","post","type-post","status-publish","format-standard","has-post-thumbnail","hentry","category-analisi","tag-cambiamenti-sociali","tag-credenze-religiose","tag-crisi-dei-valori","tag-educazione","tag-etica-it","tag-evoluzione-della-moralita","tag-featured-it","tag-featured-3","tag-filosofia-moderna-2","tag-laicismo-2","tag-liberta-di-pensiero","tag-luis-herrera-campo-2","tag-moralita","tag-postmodernismo-2","tag-relativismo-2","tag-societa-contemporanea","tag-trasformazione-culturale","tag-valori-cristiani","tag-verita-assoluta"],"acf":[],"yoast_head":"<!-- This site is optimized with the Yoast SEO plugin v27.5 - https:\/\/yoast.com\/product\/yoast-seo-wordpress\/ -->\n<title>Relativismo: una radiografia della societ\u00e0 contemporanea &#8211; Exaudi<\/title>\n<meta name=\"robots\" content=\"index, follow, max-snippet:-1, max-image-preview:large, max-video-preview:-1\" \/>\n<link rel=\"canonical\" href=\"https:\/\/exaudi.org\/it\/relativismo-una-radiografia-della-societa-contemporanea\/\" \/>\n<meta property=\"og:locale\" content=\"it_IT\" \/>\n<meta property=\"og:type\" content=\"article\" \/>\n<meta property=\"og:title\" content=\"Relativismo: una radiografia della societ\u00e0 contemporanea &#8211; Exaudi\" \/>\n<meta property=\"og:description\" content=\"Episodio 3: Il relativismo come nuova religione\" \/>\n<meta property=\"og:url\" content=\"https:\/\/exaudi.org\/it\/relativismo-una-radiografia-della-societa-contemporanea\/\" \/>\n<meta property=\"og:site_name\" content=\"Exaudi\" \/>\n<meta property=\"article:publisher\" content=\"https:\/\/www.facebook.com\/ExaudiNews\" \/>\n<meta property=\"article:published_time\" content=\"2025-02-13T17:52:27+00:00\" \/>\n<meta property=\"og:image\" content=\"https:\/\/exaudi.org\/wp-content\/uploads\/2025\/02\/pexels-omaralnahi-18495.jpg\" \/>\n\t<meta property=\"og:image:width\" content=\"2162\" \/>\n\t<meta property=\"og:image:height\" content=\"1475\" \/>\n\t<meta property=\"og:image:type\" content=\"image\/jpeg\" \/>\n<meta name=\"author\" content=\"Luis Herrera Campo\" \/>\n<meta name=\"twitter:card\" content=\"summary_large_image\" \/>\n<meta name=\"twitter:creator\" content=\"@Exaudi_News\" \/>\n<meta name=\"twitter:site\" content=\"@Exaudi_News\" \/>\n<meta name=\"twitter:label1\" content=\"Scritto da\" \/>\n\t<meta name=\"twitter:data1\" content=\"Luis Herrera Campo\" \/>\n\t<meta name=\"twitter:label2\" content=\"Tempo di lettura stimato\" \/>\n\t<meta name=\"twitter:data2\" content=\"5 minuti\" \/>\n<script type=\"application\/ld+json\" class=\"yoast-schema-graph\">{\"@context\":\"https:\\\/\\\/schema.org\",\"@graph\":[{\"@type\":\"Article\",\"@id\":\"https:\\\/\\\/exaudi.org\\\/it\\\/relativismo-una-radiografia-della-societa-contemporanea\\\/#article\",\"isPartOf\":{\"@id\":\"https:\\\/\\\/exaudi.org\\\/it\\\/relativismo-una-radiografia-della-societa-contemporanea\\\/\"},\"author\":{\"name\":\"Luis Herrera Campo\",\"@id\":\"https:\\\/\\\/exaudi.org\\\/#\\\/schema\\\/person\\\/8ba25804983f8e88d3d71c3808a804bc\"},\"headline\":\"Relativismo: una radiografia della societ\u00e0 contemporanea\",\"datePublished\":\"2025-02-13T17:52:27+00:00\",\"mainEntityOfPage\":{\"@id\":\"https:\\\/\\\/exaudi.org\\\/it\\\/relativismo-una-radiografia-della-societa-contemporanea\\\/\"},\"wordCount\":949,\"image\":{\"@id\":\"https:\\\/\\\/exaudi.org\\\/it\\\/relativismo-una-radiografia-della-societa-contemporanea\\\/#primaryimage\"},\"thumbnailUrl\":\"https:\\\/\\\/exaudi.org\\\/wp-content\\\/uploads\\\/2025\\\/02\\\/pexels-omaralnahi-18495.jpg\",\"keywords\":[\"cambiamenti sociali\",\"credenze religiose\",\"crisi dei valori\",\"educazione\",\"\u00c9tica\",\"evoluzione della moralit\u00e0\",\"Featured\",\"Featured\",\"Filosofia moderna\",\"laicismo\",\"libert\u00e0 di pensiero\",\"Luis Herrera Campo\",\"MORALIT\u00c0\",\"postmodernismo\",\"RELATIVISMO\",\"SOCIET\u00c0 CONTEMPORANEA\",\"trasformazione culturale\",\"VALORI CRISTIANI\",\"verit\u00e0 assoluta\"],\"articleSection\":[\"Analisi\"],\"inLanguage\":\"it-IT\"},{\"@type\":\"WebPage\",\"@id\":\"https:\\\/\\\/exaudi.org\\\/it\\\/relativismo-una-radiografia-della-societa-contemporanea\\\/\",\"url\":\"https:\\\/\\\/exaudi.org\\\/it\\\/relativismo-una-radiografia-della-societa-contemporanea\\\/\",\"name\":\"Relativismo: una radiografia della societ\u00e0 contemporanea &#8211; Exaudi\",\"isPartOf\":{\"@id\":\"https:\\\/\\\/exaudi.org\\\/#website\"},\"primaryImageOfPage\":{\"@id\":\"https:\\\/\\\/exaudi.org\\\/it\\\/relativismo-una-radiografia-della-societa-contemporanea\\\/#primaryimage\"},\"image\":{\"@id\":\"https:\\\/\\\/exaudi.org\\\/it\\\/relativismo-una-radiografia-della-societa-contemporanea\\\/#primaryimage\"},\"thumbnailUrl\":\"https:\\\/\\\/exaudi.org\\\/wp-content\\\/uploads\\\/2025\\\/02\\\/pexels-omaralnahi-18495.jpg\",\"datePublished\":\"2025-02-13T17:52:27+00:00\",\"author\":{\"@id\":\"https:\\\/\\\/exaudi.org\\\/#\\\/schema\\\/person\\\/8ba25804983f8e88d3d71c3808a804bc\"},\"breadcrumb\":{\"@id\":\"https:\\\/\\\/exaudi.org\\\/it\\\/relativismo-una-radiografia-della-societa-contemporanea\\\/#breadcrumb\"},\"inLanguage\":\"it-IT\",\"potentialAction\":[{\"@type\":\"ReadAction\",\"target\":[\"https:\\\/\\\/exaudi.org\\\/it\\\/relativismo-una-radiografia-della-societa-contemporanea\\\/\"]}]},{\"@type\":\"ImageObject\",\"inLanguage\":\"it-IT\",\"@id\":\"https:\\\/\\\/exaudi.org\\\/it\\\/relativismo-una-radiografia-della-societa-contemporanea\\\/#primaryimage\",\"url\":\"https:\\\/\\\/exaudi.org\\\/wp-content\\\/uploads\\\/2025\\\/02\\\/pexels-omaralnahi-18495.jpg\",\"contentUrl\":\"https:\\\/\\\/exaudi.org\\\/wp-content\\\/uploads\\\/2025\\\/02\\\/pexels-omaralnahi-18495.jpg\",\"width\":2162,\"height\":1475},{\"@type\":\"BreadcrumbList\",\"@id\":\"https:\\\/\\\/exaudi.org\\\/it\\\/relativismo-una-radiografia-della-societa-contemporanea\\\/#breadcrumb\",\"itemListElement\":[{\"@type\":\"ListItem\",\"position\":1,\"name\":\"Portada\",\"item\":\"https:\\\/\\\/exaudi.org\\\/it\\\/\"},{\"@type\":\"ListItem\",\"position\":2,\"name\":\"Relativismo: una radiografia della societ\u00e0 contemporanea\"}]},{\"@type\":\"WebSite\",\"@id\":\"https:\\\/\\\/exaudi.org\\\/#website\",\"url\":\"https:\\\/\\\/exaudi.org\\\/\",\"name\":\"Exaudi\",\"description\":\"News\",\"potentialAction\":[{\"@type\":\"SearchAction\",\"target\":{\"@type\":\"EntryPoint\",\"urlTemplate\":\"https:\\\/\\\/exaudi.org\\\/?s={search_term_string}\"},\"query-input\":{\"@type\":\"PropertyValueSpecification\",\"valueRequired\":true,\"valueName\":\"search_term_string\"}}],\"inLanguage\":\"it-IT\"},{\"@type\":\"Person\",\"@id\":\"https:\\\/\\\/exaudi.org\\\/#\\\/schema\\\/person\\\/8ba25804983f8e88d3d71c3808a804bc\",\"name\":\"Luis Herrera Campo\",\"image\":{\"@type\":\"ImageObject\",\"inLanguage\":\"it-IT\",\"@id\":\"https:\\\/\\\/secure.gravatar.com\\\/avatar\\\/eac7d1a3c11ac010e320a821607af7cd107b34e1bdffe2f58efdf2b0a8d1c6e5?s=96&d=mm&r=g\",\"url\":\"https:\\\/\\\/secure.gravatar.com\\\/avatar\\\/eac7d1a3c11ac010e320a821607af7cd107b34e1bdffe2f58efdf2b0a8d1c6e5?s=96&d=mm&r=g\",\"contentUrl\":\"https:\\\/\\\/secure.gravatar.com\\\/avatar\\\/eac7d1a3c11ac010e320a821607af7cd107b34e1bdffe2f58efdf2b0a8d1c6e5?s=96&d=mm&r=g\",\"caption\":\"Luis Herrera Campo\"},\"description\":\"Nac\u00ed en Burgos, donde vivo. Soy sacerdote del Opus Dei.\",\"sameAs\":[\"https:\\\/\\\/www.youtube.com\\\/@luisherreracampo\\\/featured\"],\"url\":\"https:\\\/\\\/exaudi.org\\\/it\\\/author\\\/luis-herrera-campo\\\/\"}]}<\/script>\n<!-- \/ Yoast SEO plugin. -->","yoast_head_json":{"title":"Relativismo: una radiografia della societ\u00e0 contemporanea &#8211; Exaudi","robots":{"index":"index","follow":"follow","max-snippet":"max-snippet:-1","max-image-preview":"max-image-preview:large","max-video-preview":"max-video-preview:-1"},"canonical":"https:\/\/exaudi.org\/it\/relativismo-una-radiografia-della-societa-contemporanea\/","og_locale":"it_IT","og_type":"article","og_title":"Relativismo: una radiografia della societ\u00e0 contemporanea &#8211; Exaudi","og_description":"Episodio 3: Il relativismo come nuova religione","og_url":"https:\/\/exaudi.org\/it\/relativismo-una-radiografia-della-societa-contemporanea\/","og_site_name":"Exaudi","article_publisher":"https:\/\/www.facebook.com\/ExaudiNews","article_published_time":"2025-02-13T17:52:27+00:00","og_image":[{"width":2162,"height":1475,"url":"https:\/\/exaudi.org\/wp-content\/uploads\/2025\/02\/pexels-omaralnahi-18495.jpg","type":"image\/jpeg"}],"author":"Luis Herrera Campo","twitter_card":"summary_large_image","twitter_creator":"@Exaudi_News","twitter_site":"@Exaudi_News","twitter_misc":{"Scritto da":"Luis Herrera Campo","Tempo di lettura stimato":"5 minuti"},"schema":{"@context":"https:\/\/schema.org","@graph":[{"@type":"Article","@id":"https:\/\/exaudi.org\/it\/relativismo-una-radiografia-della-societa-contemporanea\/#article","isPartOf":{"@id":"https:\/\/exaudi.org\/it\/relativismo-una-radiografia-della-societa-contemporanea\/"},"author":{"name":"Luis Herrera Campo","@id":"https:\/\/exaudi.org\/#\/schema\/person\/8ba25804983f8e88d3d71c3808a804bc"},"headline":"Relativismo: una radiografia della societ\u00e0 contemporanea","datePublished":"2025-02-13T17:52:27+00:00","mainEntityOfPage":{"@id":"https:\/\/exaudi.org\/it\/relativismo-una-radiografia-della-societa-contemporanea\/"},"wordCount":949,"image":{"@id":"https:\/\/exaudi.org\/it\/relativismo-una-radiografia-della-societa-contemporanea\/#primaryimage"},"thumbnailUrl":"https:\/\/exaudi.org\/wp-content\/uploads\/2025\/02\/pexels-omaralnahi-18495.jpg","keywords":["cambiamenti sociali","credenze religiose","crisi dei valori","educazione","\u00c9tica","evoluzione della moralit\u00e0","Featured","Featured","Filosofia moderna","laicismo","libert\u00e0 di pensiero","Luis Herrera Campo","MORALIT\u00c0","postmodernismo","RELATIVISMO","SOCIET\u00c0 CONTEMPORANEA","trasformazione culturale","VALORI CRISTIANI","verit\u00e0 assoluta"],"articleSection":["Analisi"],"inLanguage":"it-IT"},{"@type":"WebPage","@id":"https:\/\/exaudi.org\/it\/relativismo-una-radiografia-della-societa-contemporanea\/","url":"https:\/\/exaudi.org\/it\/relativismo-una-radiografia-della-societa-contemporanea\/","name":"Relativismo: una radiografia della societ\u00e0 contemporanea &#8211; Exaudi","isPartOf":{"@id":"https:\/\/exaudi.org\/#website"},"primaryImageOfPage":{"@id":"https:\/\/exaudi.org\/it\/relativismo-una-radiografia-della-societa-contemporanea\/#primaryimage"},"image":{"@id":"https:\/\/exaudi.org\/it\/relativismo-una-radiografia-della-societa-contemporanea\/#primaryimage"},"thumbnailUrl":"https:\/\/exaudi.org\/wp-content\/uploads\/2025\/02\/pexels-omaralnahi-18495.jpg","datePublished":"2025-02-13T17:52:27+00:00","author":{"@id":"https:\/\/exaudi.org\/#\/schema\/person\/8ba25804983f8e88d3d71c3808a804bc"},"breadcrumb":{"@id":"https:\/\/exaudi.org\/it\/relativismo-una-radiografia-della-societa-contemporanea\/#breadcrumb"},"inLanguage":"it-IT","potentialAction":[{"@type":"ReadAction","target":["https:\/\/exaudi.org\/it\/relativismo-una-radiografia-della-societa-contemporanea\/"]}]},{"@type":"ImageObject","inLanguage":"it-IT","@id":"https:\/\/exaudi.org\/it\/relativismo-una-radiografia-della-societa-contemporanea\/#primaryimage","url":"https:\/\/exaudi.org\/wp-content\/uploads\/2025\/02\/pexels-omaralnahi-18495.jpg","contentUrl":"https:\/\/exaudi.org\/wp-content\/uploads\/2025\/02\/pexels-omaralnahi-18495.jpg","width":2162,"height":1475},{"@type":"BreadcrumbList","@id":"https:\/\/exaudi.org\/it\/relativismo-una-radiografia-della-societa-contemporanea\/#breadcrumb","itemListElement":[{"@type":"ListItem","position":1,"name":"Portada","item":"https:\/\/exaudi.org\/it\/"},{"@type":"ListItem","position":2,"name":"Relativismo: una radiografia della societ\u00e0 contemporanea"}]},{"@type":"WebSite","@id":"https:\/\/exaudi.org\/#website","url":"https:\/\/exaudi.org\/","name":"Exaudi","description":"News","potentialAction":[{"@type":"SearchAction","target":{"@type":"EntryPoint","urlTemplate":"https:\/\/exaudi.org\/?s={search_term_string}"},"query-input":{"@type":"PropertyValueSpecification","valueRequired":true,"valueName":"search_term_string"}}],"inLanguage":"it-IT"},{"@type":"Person","@id":"https:\/\/exaudi.org\/#\/schema\/person\/8ba25804983f8e88d3d71c3808a804bc","name":"Luis Herrera Campo","image":{"@type":"ImageObject","inLanguage":"it-IT","@id":"https:\/\/secure.gravatar.com\/avatar\/eac7d1a3c11ac010e320a821607af7cd107b34e1bdffe2f58efdf2b0a8d1c6e5?s=96&d=mm&r=g","url":"https:\/\/secure.gravatar.com\/avatar\/eac7d1a3c11ac010e320a821607af7cd107b34e1bdffe2f58efdf2b0a8d1c6e5?s=96&d=mm&r=g","contentUrl":"https:\/\/secure.gravatar.com\/avatar\/eac7d1a3c11ac010e320a821607af7cd107b34e1bdffe2f58efdf2b0a8d1c6e5?s=96&d=mm&r=g","caption":"Luis Herrera Campo"},"description":"Nac\u00ed en Burgos, donde vivo. Soy sacerdote del Opus Dei.","sameAs":["https:\/\/www.youtube.com\/@luisherreracampo\/featured"],"url":"https:\/\/exaudi.org\/it\/author\/luis-herrera-campo\/"}]}},"jetpack_featured_media_url":"https:\/\/exaudi.org\/wp-content\/uploads\/2025\/02\/pexels-omaralnahi-18495.jpg","jetpack_shortlink":"https:\/\/wp.me\/pgKjF2-v1a","_links":{"self":[{"href":"https:\/\/exaudi.org\/it\/wp-json\/wp\/v2\/posts\/119236","targetHints":{"allow":["GET"]}}],"collection":[{"href":"https:\/\/exaudi.org\/it\/wp-json\/wp\/v2\/posts"}],"about":[{"href":"https:\/\/exaudi.org\/it\/wp-json\/wp\/v2\/types\/post"}],"author":[{"embeddable":true,"href":"https:\/\/exaudi.org\/it\/wp-json\/wp\/v2\/users\/126"}],"replies":[{"embeddable":true,"href":"https:\/\/exaudi.org\/it\/wp-json\/wp\/v2\/comments?post=119236"}],"version-history":[{"count":0,"href":"https:\/\/exaudi.org\/it\/wp-json\/wp\/v2\/posts\/119236\/revisions"}],"wp:featuredmedia":[{"embeddable":true,"href":"https:\/\/exaudi.org\/it\/wp-json\/wp\/v2\/media\/119062"}],"wp:attachment":[{"href":"https:\/\/exaudi.org\/it\/wp-json\/wp\/v2\/media?parent=119236"}],"wp:term":[{"taxonomy":"category","embeddable":true,"href":"https:\/\/exaudi.org\/it\/wp-json\/wp\/v2\/categories?post=119236"},{"taxonomy":"post_tag","embeddable":true,"href":"https:\/\/exaudi.org\/it\/wp-json\/wp\/v2\/tags?post=119236"}],"curies":[{"name":"wp","href":"https:\/\/api.w.org\/{rel}","templated":true}]}}