{"id":118537,"date":"2025-02-04T17:52:20","date_gmt":"2025-02-04T16:52:20","guid":{"rendered":"https:\/\/exaudi.org\/?p=118537"},"modified":"2025-02-04T17:52:20","modified_gmt":"2025-02-04T16:52:20","slug":"giubileo-dalla-malattia","status":"publish","type":"post","link":"https:\/\/exaudi.org\/it\/giubileo-dalla-malattia\/","title":{"rendered":"Giubileo dalla malattia"},"content":{"rendered":"<p>Papa Francesco, essendo anziano e malato, ha indetto il Giubileo della Speranza. Nella bolla di convocazione non mancano riferimenti alla vecchiaia e alla malattia.<\/p>\n<p>Conoscendo l&#8217;animo umano, si vede il desiderio di speranza raggiungere gli angoli pi\u00f9 bui del dolore.<\/p>\n<p>Per i malati \u00e8 anche il giubileo della speranza.<\/p>\n<p>Quando ero responsabile della Pastorale, insistevamo sul concetto che uno era malato, non che uno era malato, come se la malattia non ti desse un&#8217;identit\u00e0, ma che fosse solo un&#8217;altra sfaccettatura della vita, uno stato. Ora, dopo pi\u00f9 di dieci anni di sofferenza per il morbo di Parkinson, anche se non posso dire che ci\u00f2 che mi definisce sia la malattia, dobbiamo convenire che esiste un prima e un dopo la diagnosi. Quando la malattia diventa permanente, diventa una compagna di viaggio che non abbiamo invitato, ma che sar\u00e0 sempre l\u00ec. Come il passeggero seduto accanto a noi, non dobbiamo ignorare che si trova nella nostra stessa auto. Non lasciamoci invadere, ma assecondiamo le sue esigenze. Accettare le limitazioni senza sottomettersi ad esse.<\/p>\n<p>La maggior parte delle malattie sono complesse, personali e non trasmissibili. I sintomi percepibili esternamente sono, nella maggior parte dei casi, la punta dell&#8217;iceberg, qualcosa di visibile, ma che nasconde un elenco di difficolt\u00e0 che il paziente sopporta e soffre in silenzio nel tentativo permanente di rispondere alla normalit\u00e0. Non fartelo notare dagli altri. Quindi, oltre a negare i sintomi, possiamo sentirci in colpa per le carenze che questi provocano. Ad esempio, la depressione e l&#8217;ansia sono comuni, solitamente accompagnano la maggior parte delle malattie e causano pi\u00f9 difficolt\u00e0 rispetto alla rigidit\u00e0 muscolare o ai movimenti involontari, ad esempio nel caso del Parkinson. I sintomi psichici, cos\u00ec fraintesi da chi non ne soffre, vengono spesso attribuiti alla cattiva volont\u00e0 del paziente. Quando ci\u00f2 accade e il paziente si incolpa per la sua tristezza e per il suo comportamento ansioso, entra in una sorta di circolo vizioso che, se possibile, aggrava la depressione. Non \u00e8 difficile comprendere l&#8217;associazione che il popolo ebraico faceva tra malattia e peccato. \u00abChi ha peccato, lui o i suoi genitori?\u00bb chiede Giovanni a Ges\u00f9. 9, 2-3. Ora, egli non associa la malattia al peccato, ma tende a giudicare la condotta del malato, ritenendolo responsabile della sua condizione. L&#8217;obesit\u00e0 patologica, per citarne una, \u00e8 una delle patologie che pi\u00f9 colpiscono chi ne soffre, cos\u00ec come qualsiasi altra malattia mentale. &#8220;<em>Sei cos\u00ec perch\u00e9 lo vuoi essere<\/em>&#8221; si sente dire pi\u00f9 di una volta.<\/p>\n<p>Gli amici di Giobbe gli fanno sapere che Dio non sbaglia mai. Al contrario, \u00e8 lo stesso malato a giudicare Dio per avergli mandato questo male. C&#8217;\u00e8 un conflitto di fede. &#8220;Se Dio mi ama, perch\u00e9 devo ammalarmi?&#8221;<\/p>\n<p>A volte \u00e8 lo stesso paziente che condanna se stesso come un cattivo figlio di Dio. Poich\u00e9 la mancanza di un tono vitale allegro, il pessimismo, la stanchezza e l&#8217;affaticamento sono attribuiti non alla mancanza di salute, ma alla mancanza di fede. &#8220;Un santo triste \u00e8 un santo triste&#8221;, si dice spesso. Ci\u00f2 provoca sentimenti di frustrazione e di peccato dovuti alla mancanza di gioia. Soprattutto quando la tristezza \u00e8 segno di sconfitta in un mondo cos\u00ec \u201cpositivo\u201d. Molte crisi vocazionali sia nella vita religiosa che nel matrimonio sono causate da una scarsa tolleranza della sconfitta della malattia.<\/p>\n<p>Il giubileo non curer\u00e0 la nostra depressione o la nostra stanchezza cronica, ma ci metter\u00e0 nella prospettiva del perdono. Il perdono \u00e8 fonte di gioia. Perdonare le nostre ansie e depressioni \u00e8 l&#8217;inizio della Salute che Ges\u00f9 viene a portare.<\/p>\n<p>La terapia \u00e8 importante per chiarire i comportamenti e sviluppare strategie di adattamento, ma come afferma Josef Pieper nel suo libro sul concetto di peccato, solo il perdono pu\u00f2 riparare il danno causato. Esistono molte filosofie che si avvicinano alla spiegazione del male e della responsabilit\u00e0 dell&#8217;uomo per il peccato, ma non hanno la potenza di Qualcuno che ci perdona dalla radice.<\/p>\n<p>Anche gli altri, coloro che vivono con il paziente, i familiari, gli amici e la societ\u00e0 in generale, sono colpiti dalla malattia. Le relazioni diventano ostacolate. A volte, pi\u00f9 la vicinanza \u00e8 grande, pi\u00f9 la ferita brucia.<\/p>\n<p>Ricordo quel malato di AIDS, all&#8217;inizio della malattia, quando era mortale, che era cos\u00ec profondamente angosciato che si isol\u00f2 da tutti, nascondendo il suo dolore, non mostrando debolezza, anzi, tutto il contrario. Era gentile ed educato. Un paziente affascinante. Tuttavia, quando la madre gli faceva visita, lui scaricava su di lei tutta la sua frustrazione, al punto che la donna usciva sempre piangendo quando sentiva l&#8217;aggressione verbale del figlio. Solo colei che lo portava in grembo poteva sfogare la sua rabbia. Solo lei era una \u201cmadre\u201d di fronte al dolore del figlio.<\/p>\n<p>Il Giubileo della Speranza, nella misura in cui cerca di riportarci allo stato iniziale del battesimo, ci offre il sacramento della riconciliazione come opportunit\u00e0 per riconoscere il peccato e chiedere perdono per gli effetti che la malattia provoca indirettamente nelle nostre relazioni con gli altri.<\/p>\n<h3><strong>Perdonare gli altri<\/strong><\/h3>\n<p>L&#8217;imperfezione, la tristezza, la goffaggine fisica, le ossessioni, la lentezza, le paure, le distorsioni cognitive e altri effetti della malattia sono spesso mal tollerati dagli altri.<\/p>\n<p>C&#8217;\u00e8 la tendenza a voler nascondere il paziente. Perch\u00e9 questo o quel leader, pastore, politico che soffre di una simile malattia non va in pensione? Lo standard di normalit\u00e0 \u00e8 molto rigoroso.<\/p>\n<p>La produttivit\u00e0 a cui ci sottopone il mondo fa s\u00ec che i malati vengano emarginati. Nella bolla il Papa parla di pazienza. Qualcosa che il paziente deve necessariamente imparare e che per gli altri non \u00e8 cos\u00ec facile comprendere: Lui dice: \u201c<em>siamo abituati a volere tutto e subito, in un mondo in cui la fretta \u00e8 diventata una costante. Non c&#8217;\u00e8 pi\u00f9 tempo per incontrarsi e spesso anche all&#8217;interno delle famiglie diventa difficile ritrovarsi e parlare con calma. La pazienza \u00e8 stata relegata alla fretta, causando gravi danni alle persone. Al loro posto, infatti, prendono il sopravvento l&#8217;intolleranza, il nervosismo e talvolta la violenza gratuita, che provocano insoddisfazione e chiusura mentale<\/em>.&#8221;<\/p>\n<p>Tuttavia, i luoghi comuni, i rimedi per tutto, le scienze e le pseudoscienze a disposizione di qualsiasi spettatore televisivo o internauta, fanno s\u00ec che il paziente si senta inutile di fronte alle soluzioni proposte da altri. A titolo di esempio e per aggiungere un pizzico di umorismo, ricordo di aver dovuto ascoltare dei \u201cconsigli\u201d assurdi riguardo al Parkinson. \u201cQuello se ne va con una tazza di caff\u00e8\u201d e quest\u2019altro: \u201cfacendo il bagno in acqua molto calda, quasi bollente, si riacquista la mobilit\u00e0\u201d.<\/p>\n<p>Il motivo principale \u00e8 che la malattia provoca una certa angoscia nell&#8217;altro. Ecco perch\u00e9 \u00e8 difficile visitare le persone malate, perch\u00e9 la malattia provoca un certo disagio nel visitatore. Il modo per fermare o liberarsi da questa ansia \u00e8 quello di evitare ogni responsabilit\u00e0 nei confronti del paziente. Vengono consigliati e prescritti rimedi senza essere professionisti sanitari o, al contrario, vengono indirizzati all&#8217;associazione delle persone colpite da quella patologia affinch\u00e9 si sentano tutelate. Il rapporto con il paziente diventa professionale. I famosi gruppi di auto-aiuto che fanno tanto bene, ma sono il segno dell&#8217;incapacit\u00e0 della societ\u00e0 di tollerare e integrare coloro che hanno qualche particolarit\u00e0.<\/p>\n<p>Gli altri, noi stessi compresi, anche quando siamo malati ed entriamo in contatto con malattie diverse dalla nostra, non sono tenuti a comprendere la malattia degli altri.<\/p>\n<p>Il problema sorge quando, a causa della scarsa comprensione della nostra malattia, ci isoliamo individualmente o ci raggruppiamo in un ghetto riservato esclusivamente a pazienti come noi.<\/p>\n<p>Gli altri, coloro che non capiscono la nostra malattia, hanno tutto il diritto di non sapere, di dire la loro e di cercare di \u201caiutare\u201d per sentirsi sereni. C&#8217;\u00e8 tanta buona volont\u00e0, anche se qualche parola sbagliata pu\u00f2 causare danni. Possiamo percepirlo come un&#8217;aggressione o come una buona intenzione inappropriata, dipende da noi. Il perdono, fin dall&#8217;inizio, facilita il dialogo e dal perdono nasce la verit\u00e0.<\/p>\n<p>Il giubileo ci invita a vivere la riconciliazione. Se abbiamo accumulato risentimenti e incomprensioni, l&#8217;anno di grazia che il giubileo rappresenta ci spinge a ristabilire buoni rapporti con l&#8217;ambiente in cui viviamo. Ce lo dice ancora il Papa nella bolla di convocazione: &#8220;<em>Nel cuore di ogni persona c&#8217;\u00e8 la speranza come desiderio e attesa del bene, anche senza sapere che cosa porter\u00e0 il domani. Tuttavia, l&#8217;imprevedibilit\u00e0 del futuro suscita spesso sentimenti contrastanti: dalla fiducia alla paura, dalla serenit\u00e0 allo scoraggiamento, dalla certezza al dubbio. Spesso incontriamo persone scoraggiate, che guardano al futuro con scetticismo e pessimismo, come se nulla potesse offrire loro la felicit\u00e0. Il Giubileo sia per tutti occasione per ravvivare la speranza\u201d<\/em><\/p>\n<h3><strong>Riconciliati e riconciliatori<\/strong><\/h3>\n<p>Il giubileo ci permette di entrare nella dinamica del perdono, ricevuto e donato. \u00c8 quel ritorno all&#8217;inizio.<\/p>\n<p>Se la malattia provoca disagio, che a sua volta influisce negativamente sui sintomi, \u00e8 stato anche dimostrato che, nonostante il cattivo umore e la tristezza siano spesso inevitabili, l&#8217;umore aiuta a vivere la malattia in modo diverso e sembra che ci\u00f2 migliori i sintomi. Un&#8217;amica, moglie e madre, appartenente a uno dei gruppi matrimoniali della parrocchia, si ammal\u00f2 di cancro. Dovendo rimanere ricoverato in ospedale per tre mesi. Dopo un po&#8217; gli ho chiesto come stava, facendogli capire chiaramente che ero sorpreso dal suo buon umore. Mi ha detto: &#8220;<em>Non ho scelto questa malattia, non posso, ma voglio scegliere il modo in cui conviverci<\/em>&#8220;.<\/p>\n<p>Nella chiave del giubileo della speranza, la malattia viene vissuta in modo diverso. Concludo con un altro frammento del toro. \u00ab<em>Ma in realt\u00e0 abbiamo tutti bisogno di recuperare la gioia di vivere, perch\u00e9 l\u2019essere umano, creato a immagine e somiglianza di Dio (cfr Gen 1,26), non pu\u00f2 accontentarsi di sopravvivere o sussistere mediocremente, adattandosi al presente momento e lasciandosi soddisfare solo dalle realt\u00e0 materiali. Ci\u00f2 ci rinchiude nell\u2019individualismo ed erode la speranza, generando una tristezza che si annida nel cuore, rendendoci sgradevoli e intolleranti\u201d.<\/em><\/p>\n","protected":false},"excerpt":{"rendered":"<p>Trovare la luce nella malattia e la riconciliazione nel dolore<\/p>\n","protected":false},"author":77,"featured_media":118414,"comment_status":"closed","ping_status":"closed","sticky":false,"template":"","format":"standard","meta":{"_acf_changed":false,"_crdt_document":"","inline_featured_image":false,"footnotes":""},"categories":[129],"tags":[13770,33659,12721,43942,29379,1209,43941,476,9070,35976,3082,43943,43944,251,43945,13681,13358,880,2490,15932,11786,483,4952,18932,5984],"class_list":["post-118537","post","type-post","status-publish","format-standard","has-post-thumbnail","hentry","category-voci","tag-alfons-gea-2","tag-ansia","tag-cancro","tag-depressione","tag-emarginazione","tag-fede","tag-gioia-di-vivere","tag-giubileo","tag-giubileo-2025-2","tag-giubileo-della-speranza","tag-malattia","tag-malattia-mentale","tag-obesita-patologica","tag-papa-francesco","tag-parkinson-2","tag-pazienza","tag-peccato","tag-perdono","tag-riconciliazione","tag-sacramento-della-riconciliazione","tag-societa","tag-speranza","tag-trending-it","tag-umore","tag-vecchiaia"],"acf":[],"yoast_head":"<!-- This site is optimized with the Yoast SEO plugin v27.5 - https:\/\/yoast.com\/product\/yoast-seo-wordpress\/ -->\n<title>Giubileo dalla malattia &#8211; Exaudi<\/title>\n<meta name=\"robots\" content=\"index, follow, max-snippet:-1, max-image-preview:large, max-video-preview:-1\" \/>\n<link rel=\"canonical\" href=\"https:\/\/exaudi.org\/it\/giubileo-dalla-malattia\/\" \/>\n<meta property=\"og:locale\" content=\"it_IT\" \/>\n<meta property=\"og:type\" content=\"article\" \/>\n<meta property=\"og:title\" content=\"Giubileo dalla malattia &#8211; Exaudi\" \/>\n<meta property=\"og:description\" content=\"Trovare la luce nella malattia e la riconciliazione nel dolore\" \/>\n<meta property=\"og:url\" content=\"https:\/\/exaudi.org\/it\/giubileo-dalla-malattia\/\" \/>\n<meta property=\"og:site_name\" content=\"Exaudi\" \/>\n<meta property=\"article:publisher\" content=\"https:\/\/www.facebook.com\/ExaudiNews\" \/>\n<meta property=\"article:published_time\" content=\"2025-02-04T16:52:20+00:00\" \/>\n<meta property=\"og:image\" content=\"https:\/\/exaudi.org\/wp-content\/uploads\/2025\/02\/cq5dam.thumbnail.cropped.750.422-7.jpeg\" \/>\n\t<meta property=\"og:image:width\" content=\"750\" \/>\n\t<meta property=\"og:image:height\" content=\"422\" \/>\n\t<meta property=\"og:image:type\" content=\"image\/jpeg\" \/>\n<meta name=\"author\" content=\"Alfons Gea\" \/>\n<meta name=\"twitter:card\" content=\"summary_large_image\" \/>\n<meta name=\"twitter:creator\" content=\"@Exaudi_News\" \/>\n<meta name=\"twitter:site\" content=\"@Exaudi_News\" \/>\n<meta name=\"twitter:label1\" content=\"Scritto da\" \/>\n\t<meta name=\"twitter:data1\" content=\"Alfons Gea\" \/>\n\t<meta name=\"twitter:label2\" content=\"Tempo di lettura stimato\" \/>\n\t<meta name=\"twitter:data2\" content=\"8 minuti\" \/>\n<script type=\"application\/ld+json\" class=\"yoast-schema-graph\">{\"@context\":\"https:\\\/\\\/schema.org\",\"@graph\":[{\"@type\":\"Article\",\"@id\":\"https:\\\/\\\/exaudi.org\\\/it\\\/giubileo-dalla-malattia\\\/#article\",\"isPartOf\":{\"@id\":\"https:\\\/\\\/exaudi.org\\\/it\\\/giubileo-dalla-malattia\\\/\"},\"author\":{\"name\":\"Alfons Gea\",\"@id\":\"https:\\\/\\\/exaudi.org\\\/#\\\/schema\\\/person\\\/ac92bf102c0b53544ebdec5b9d0aed18\"},\"headline\":\"Giubileo dalla malattia\",\"datePublished\":\"2025-02-04T16:52:20+00:00\",\"mainEntityOfPage\":{\"@id\":\"https:\\\/\\\/exaudi.org\\\/it\\\/giubileo-dalla-malattia\\\/\"},\"wordCount\":1630,\"image\":{\"@id\":\"https:\\\/\\\/exaudi.org\\\/it\\\/giubileo-dalla-malattia\\\/#primaryimage\"},\"thumbnailUrl\":\"https:\\\/\\\/exaudi.org\\\/wp-content\\\/uploads\\\/2025\\\/02\\\/cq5dam.thumbnail.cropped.750.422-7.jpeg\",\"keywords\":[\"ALFONS GEA\",\"ansia\",\"CANCRO\",\"Depressione\",\"Emarginazione\",\"fede\",\"Gioia di vivere\",\"giubileo\",\"Giubileo 2025\",\"Giubileo della speranza\",\"malattia\",\"malattia mentale\",\"obesit\u00e0 patologica\",\"Papa Francesco\",\"Parkinson\",\"pazienza\",\"PECCATO\",\"perdono\",\"riconciliazione\",\"SACRAMENTO DELLA RICONCILIAZIONE\",\"SOCIET\u00c0\",\"speranza\",\"Trending\",\"UMORE\",\"vecchiaia\"],\"articleSection\":[\"Voci\"],\"inLanguage\":\"it-IT\"},{\"@type\":\"WebPage\",\"@id\":\"https:\\\/\\\/exaudi.org\\\/it\\\/giubileo-dalla-malattia\\\/\",\"url\":\"https:\\\/\\\/exaudi.org\\\/it\\\/giubileo-dalla-malattia\\\/\",\"name\":\"Giubileo dalla malattia &#8211; Exaudi\",\"isPartOf\":{\"@id\":\"https:\\\/\\\/exaudi.org\\\/#website\"},\"primaryImageOfPage\":{\"@id\":\"https:\\\/\\\/exaudi.org\\\/it\\\/giubileo-dalla-malattia\\\/#primaryimage\"},\"image\":{\"@id\":\"https:\\\/\\\/exaudi.org\\\/it\\\/giubileo-dalla-malattia\\\/#primaryimage\"},\"thumbnailUrl\":\"https:\\\/\\\/exaudi.org\\\/wp-content\\\/uploads\\\/2025\\\/02\\\/cq5dam.thumbnail.cropped.750.422-7.jpeg\",\"datePublished\":\"2025-02-04T16:52:20+00:00\",\"author\":{\"@id\":\"https:\\\/\\\/exaudi.org\\\/#\\\/schema\\\/person\\\/ac92bf102c0b53544ebdec5b9d0aed18\"},\"breadcrumb\":{\"@id\":\"https:\\\/\\\/exaudi.org\\\/it\\\/giubileo-dalla-malattia\\\/#breadcrumb\"},\"inLanguage\":\"it-IT\",\"potentialAction\":[{\"@type\":\"ReadAction\",\"target\":[\"https:\\\/\\\/exaudi.org\\\/it\\\/giubileo-dalla-malattia\\\/\"]}]},{\"@type\":\"ImageObject\",\"inLanguage\":\"it-IT\",\"@id\":\"https:\\\/\\\/exaudi.org\\\/it\\\/giubileo-dalla-malattia\\\/#primaryimage\",\"url\":\"https:\\\/\\\/exaudi.org\\\/wp-content\\\/uploads\\\/2025\\\/02\\\/cq5dam.thumbnail.cropped.750.422-7.jpeg\",\"contentUrl\":\"https:\\\/\\\/exaudi.org\\\/wp-content\\\/uploads\\\/2025\\\/02\\\/cq5dam.thumbnail.cropped.750.422-7.jpeg\",\"width\":750,\"height\":422},{\"@type\":\"BreadcrumbList\",\"@id\":\"https:\\\/\\\/exaudi.org\\\/it\\\/giubileo-dalla-malattia\\\/#breadcrumb\",\"itemListElement\":[{\"@type\":\"ListItem\",\"position\":1,\"name\":\"Portada\",\"item\":\"https:\\\/\\\/exaudi.org\\\/it\\\/\"},{\"@type\":\"ListItem\",\"position\":2,\"name\":\"Giubileo dalla malattia\"}]},{\"@type\":\"WebSite\",\"@id\":\"https:\\\/\\\/exaudi.org\\\/#website\",\"url\":\"https:\\\/\\\/exaudi.org\\\/\",\"name\":\"Exaudi\",\"description\":\"News\",\"potentialAction\":[{\"@type\":\"SearchAction\",\"target\":{\"@type\":\"EntryPoint\",\"urlTemplate\":\"https:\\\/\\\/exaudi.org\\\/?s={search_term_string}\"},\"query-input\":{\"@type\":\"PropertyValueSpecification\",\"valueRequired\":true,\"valueName\":\"search_term_string\"}}],\"inLanguage\":\"it-IT\"},{\"@type\":\"Person\",\"@id\":\"https:\\\/\\\/exaudi.org\\\/#\\\/schema\\\/person\\\/ac92bf102c0b53544ebdec5b9d0aed18\",\"name\":\"Alfons Gea\",\"image\":{\"@type\":\"ImageObject\",\"inLanguage\":\"it-IT\",\"@id\":\"https:\\\/\\\/secure.gravatar.com\\\/avatar\\\/24ebf96806e8303525f3910faa8289fe6c8726339b6a79ad483356d520db03c6?s=96&d=mm&r=g\",\"url\":\"https:\\\/\\\/secure.gravatar.com\\\/avatar\\\/24ebf96806e8303525f3910faa8289fe6c8726339b6a79ad483356d520db03c6?s=96&d=mm&r=g\",\"contentUrl\":\"https:\\\/\\\/secure.gravatar.com\\\/avatar\\\/24ebf96806e8303525f3910faa8289fe6c8726339b6a79ad483356d520db03c6?s=96&d=mm&r=g\",\"caption\":\"Alfons Gea\"},\"description\":\"Licenciado en Teolog\u00eda en Facultad de Teolog\u00eda de Barcelona (1988). Diplomado en Magisterio \u2013 profesor EGB. Universidad de Barcelona (1990). Licenciado en Psicopedagogia. Universidad Ram\u00f3n Llull, (1994). Responsable del Servicio de Atenci\u00f3n al Duelo de Funeraria Municipal de Terrassa (2001-2022). Terapeuta en Gabinete Gedi - Psicolog\u00eda aplicada (2022). P\u00e1rroco de St. Viucente de Jonquereas, de Sabadell (2012). Articulista en revistas especializadas y prensa comarcal. Formador en atenci\u00f3n al duelo de profesionales sanitarios y sociosanitarios: Trabajadoras sociales, psic\u00f3logas\\\/os, m\u00e9dicas, enfermer\u00eda, maestras (1995). Ha participado en varios programas de opini\u00f3n y debate de televisiones y radios nacionales. Anteriormente ejerci\u00f3 como asistente espiritual de los hospitales en Terrassa: San L\u00e1zaro, Mutua, y Hospital de Terrassa (1997-2018. Fue p\u00e1rroco de la parroquia Virgen de Montserrat de Terrassa (1997-2013) y responsable de Formaci\u00f3n de la Delegaci\u00f3n de Pastoral de la Salud de la di\u00f3cesis de Barcelona (1995-2005). Delegado episcopal de Pastoral de la salud de la di\u00f3cesis de Terrassa (2005-2012). Coordinador de la Pastoral de la Salud de la Conferencia episcopal catalana. Maestro de EGB, Coordinador de secundaria, subdirector de escuela, jefe de gabinete psicopedag\u00f3gico, fundador y director del Centro Sara \u2013 casa de acogida para enfermos de SIDA, educador en situaciones de riesgo social, Fundador del Taller Solidario \u2013 centro de inserci\u00f3n laboral.\",\"url\":\"https:\\\/\\\/exaudi.org\\\/it\\\/author\\\/alfonsogea\\\/\"}]}<\/script>\n<!-- \/ Yoast SEO plugin. -->","yoast_head_json":{"title":"Giubileo dalla malattia &#8211; Exaudi","robots":{"index":"index","follow":"follow","max-snippet":"max-snippet:-1","max-image-preview":"max-image-preview:large","max-video-preview":"max-video-preview:-1"},"canonical":"https:\/\/exaudi.org\/it\/giubileo-dalla-malattia\/","og_locale":"it_IT","og_type":"article","og_title":"Giubileo dalla malattia &#8211; Exaudi","og_description":"Trovare la luce nella malattia e la riconciliazione nel dolore","og_url":"https:\/\/exaudi.org\/it\/giubileo-dalla-malattia\/","og_site_name":"Exaudi","article_publisher":"https:\/\/www.facebook.com\/ExaudiNews","article_published_time":"2025-02-04T16:52:20+00:00","og_image":[{"width":750,"height":422,"url":"https:\/\/exaudi.org\/wp-content\/uploads\/2025\/02\/cq5dam.thumbnail.cropped.750.422-7.jpeg","type":"image\/jpeg"}],"author":"Alfons Gea","twitter_card":"summary_large_image","twitter_creator":"@Exaudi_News","twitter_site":"@Exaudi_News","twitter_misc":{"Scritto da":"Alfons Gea","Tempo di lettura stimato":"8 minuti"},"schema":{"@context":"https:\/\/schema.org","@graph":[{"@type":"Article","@id":"https:\/\/exaudi.org\/it\/giubileo-dalla-malattia\/#article","isPartOf":{"@id":"https:\/\/exaudi.org\/it\/giubileo-dalla-malattia\/"},"author":{"name":"Alfons Gea","@id":"https:\/\/exaudi.org\/#\/schema\/person\/ac92bf102c0b53544ebdec5b9d0aed18"},"headline":"Giubileo dalla malattia","datePublished":"2025-02-04T16:52:20+00:00","mainEntityOfPage":{"@id":"https:\/\/exaudi.org\/it\/giubileo-dalla-malattia\/"},"wordCount":1630,"image":{"@id":"https:\/\/exaudi.org\/it\/giubileo-dalla-malattia\/#primaryimage"},"thumbnailUrl":"https:\/\/exaudi.org\/wp-content\/uploads\/2025\/02\/cq5dam.thumbnail.cropped.750.422-7.jpeg","keywords":["ALFONS GEA","ansia","CANCRO","Depressione","Emarginazione","fede","Gioia di vivere","giubileo","Giubileo 2025","Giubileo della speranza","malattia","malattia mentale","obesit\u00e0 patologica","Papa Francesco","Parkinson","pazienza","PECCATO","perdono","riconciliazione","SACRAMENTO DELLA RICONCILIAZIONE","SOCIET\u00c0","speranza","Trending","UMORE","vecchiaia"],"articleSection":["Voci"],"inLanguage":"it-IT"},{"@type":"WebPage","@id":"https:\/\/exaudi.org\/it\/giubileo-dalla-malattia\/","url":"https:\/\/exaudi.org\/it\/giubileo-dalla-malattia\/","name":"Giubileo dalla malattia &#8211; Exaudi","isPartOf":{"@id":"https:\/\/exaudi.org\/#website"},"primaryImageOfPage":{"@id":"https:\/\/exaudi.org\/it\/giubileo-dalla-malattia\/#primaryimage"},"image":{"@id":"https:\/\/exaudi.org\/it\/giubileo-dalla-malattia\/#primaryimage"},"thumbnailUrl":"https:\/\/exaudi.org\/wp-content\/uploads\/2025\/02\/cq5dam.thumbnail.cropped.750.422-7.jpeg","datePublished":"2025-02-04T16:52:20+00:00","author":{"@id":"https:\/\/exaudi.org\/#\/schema\/person\/ac92bf102c0b53544ebdec5b9d0aed18"},"breadcrumb":{"@id":"https:\/\/exaudi.org\/it\/giubileo-dalla-malattia\/#breadcrumb"},"inLanguage":"it-IT","potentialAction":[{"@type":"ReadAction","target":["https:\/\/exaudi.org\/it\/giubileo-dalla-malattia\/"]}]},{"@type":"ImageObject","inLanguage":"it-IT","@id":"https:\/\/exaudi.org\/it\/giubileo-dalla-malattia\/#primaryimage","url":"https:\/\/exaudi.org\/wp-content\/uploads\/2025\/02\/cq5dam.thumbnail.cropped.750.422-7.jpeg","contentUrl":"https:\/\/exaudi.org\/wp-content\/uploads\/2025\/02\/cq5dam.thumbnail.cropped.750.422-7.jpeg","width":750,"height":422},{"@type":"BreadcrumbList","@id":"https:\/\/exaudi.org\/it\/giubileo-dalla-malattia\/#breadcrumb","itemListElement":[{"@type":"ListItem","position":1,"name":"Portada","item":"https:\/\/exaudi.org\/it\/"},{"@type":"ListItem","position":2,"name":"Giubileo dalla malattia"}]},{"@type":"WebSite","@id":"https:\/\/exaudi.org\/#website","url":"https:\/\/exaudi.org\/","name":"Exaudi","description":"News","potentialAction":[{"@type":"SearchAction","target":{"@type":"EntryPoint","urlTemplate":"https:\/\/exaudi.org\/?s={search_term_string}"},"query-input":{"@type":"PropertyValueSpecification","valueRequired":true,"valueName":"search_term_string"}}],"inLanguage":"it-IT"},{"@type":"Person","@id":"https:\/\/exaudi.org\/#\/schema\/person\/ac92bf102c0b53544ebdec5b9d0aed18","name":"Alfons Gea","image":{"@type":"ImageObject","inLanguage":"it-IT","@id":"https:\/\/secure.gravatar.com\/avatar\/24ebf96806e8303525f3910faa8289fe6c8726339b6a79ad483356d520db03c6?s=96&d=mm&r=g","url":"https:\/\/secure.gravatar.com\/avatar\/24ebf96806e8303525f3910faa8289fe6c8726339b6a79ad483356d520db03c6?s=96&d=mm&r=g","contentUrl":"https:\/\/secure.gravatar.com\/avatar\/24ebf96806e8303525f3910faa8289fe6c8726339b6a79ad483356d520db03c6?s=96&d=mm&r=g","caption":"Alfons Gea"},"description":"Licenciado en Teolog\u00eda en Facultad de Teolog\u00eda de Barcelona (1988). Diplomado en Magisterio \u2013 profesor EGB. Universidad de Barcelona (1990). Licenciado en Psicopedagogia. Universidad Ram\u00f3n Llull, (1994). Responsable del Servicio de Atenci\u00f3n al Duelo de Funeraria Municipal de Terrassa (2001-2022). Terapeuta en Gabinete Gedi - Psicolog\u00eda aplicada (2022). P\u00e1rroco de St. Viucente de Jonquereas, de Sabadell (2012). Articulista en revistas especializadas y prensa comarcal. Formador en atenci\u00f3n al duelo de profesionales sanitarios y sociosanitarios: Trabajadoras sociales, psic\u00f3logas\/os, m\u00e9dicas, enfermer\u00eda, maestras (1995). Ha participado en varios programas de opini\u00f3n y debate de televisiones y radios nacionales. Anteriormente ejerci\u00f3 como asistente espiritual de los hospitales en Terrassa: San L\u00e1zaro, Mutua, y Hospital de Terrassa (1997-2018. Fue p\u00e1rroco de la parroquia Virgen de Montserrat de Terrassa (1997-2013) y responsable de Formaci\u00f3n de la Delegaci\u00f3n de Pastoral de la Salud de la di\u00f3cesis de Barcelona (1995-2005). Delegado episcopal de Pastoral de la salud de la di\u00f3cesis de Terrassa (2005-2012). Coordinador de la Pastoral de la Salud de la Conferencia episcopal catalana. Maestro de EGB, Coordinador de secundaria, subdirector de escuela, jefe de gabinete psicopedag\u00f3gico, fundador y director del Centro Sara \u2013 casa de acogida para enfermos de SIDA, educador en situaciones de riesgo social, Fundador del Taller Solidario \u2013 centro de inserci\u00f3n laboral.","url":"https:\/\/exaudi.org\/it\/author\/alfonsogea\/"}]}},"jetpack_featured_media_url":"https:\/\/exaudi.org\/wp-content\/uploads\/2025\/02\/cq5dam.thumbnail.cropped.750.422-7.jpeg","jetpack_shortlink":"https:\/\/wp.me\/pgKjF2-uPT","_links":{"self":[{"href":"https:\/\/exaudi.org\/it\/wp-json\/wp\/v2\/posts\/118537","targetHints":{"allow":["GET"]}}],"collection":[{"href":"https:\/\/exaudi.org\/it\/wp-json\/wp\/v2\/posts"}],"about":[{"href":"https:\/\/exaudi.org\/it\/wp-json\/wp\/v2\/types\/post"}],"author":[{"embeddable":true,"href":"https:\/\/exaudi.org\/it\/wp-json\/wp\/v2\/users\/77"}],"replies":[{"embeddable":true,"href":"https:\/\/exaudi.org\/it\/wp-json\/wp\/v2\/comments?post=118537"}],"version-history":[{"count":0,"href":"https:\/\/exaudi.org\/it\/wp-json\/wp\/v2\/posts\/118537\/revisions"}],"wp:featuredmedia":[{"embeddable":true,"href":"https:\/\/exaudi.org\/it\/wp-json\/wp\/v2\/media\/118414"}],"wp:attachment":[{"href":"https:\/\/exaudi.org\/it\/wp-json\/wp\/v2\/media?parent=118537"}],"wp:term":[{"taxonomy":"category","embeddable":true,"href":"https:\/\/exaudi.org\/it\/wp-json\/wp\/v2\/categories?post=118537"},{"taxonomy":"post_tag","embeddable":true,"href":"https:\/\/exaudi.org\/it\/wp-json\/wp\/v2\/tags?post=118537"}],"curies":[{"name":"wp","href":"https:\/\/api.w.org\/{rel}","templated":true}]}}