{"id":118334,"date":"2026-02-02T17:08:29","date_gmt":"2026-02-02T16:08:29","guid":{"rendered":"https:\/\/exaudi.org\/?p=118334"},"modified":"2026-02-02T18:31:43","modified_gmt":"2026-02-02T17:31:43","slug":"la-presentazione-di-gesu-al-tempio-e-la-purificazione-della-vergine","status":"publish","type":"post","link":"https:\/\/exaudi.org\/it\/la-presentazione-di-gesu-al-tempio-e-la-purificazione-della-vergine\/","title":{"rendered":"La Presentazione di Ges\u00f9 al Tempio e la Purificazione della Vergine"},"content":{"rendered":"<p>Il sacerdote <a href=\"https:\/\/exaudi.org\/es\/author\/manuelgonzalez\/\"><strong>Manuel Gonz\u00e1lez L\u00f3pez de Lemus<\/strong><\/a> offre questo articolo sulla Presentazione di Ges\u00f9 al Tempio e la Purificazione della Vergine.<\/p>\n<p>Secondo il Vangelo di san Luca, nel secondo capitolo, a partire dal versetto 21, l&#8217;evangelista ci racconta della circoncisione e della presentazione di Ges\u00f9 al tempio. La circoncisione venne eseguita otto giorni dopo la nascita. La Presentazione di Ges\u00f9 e la Purificazione della Vergine vennero celebrate quaranta giorni dopo la nascita di Ges\u00f9 a Betlemme. Poich\u00e9 il Natale si festeggia il 25 dicembre, la Presentazione cade ogni anno il 2 febbraio.<\/p>\n<p>Il Vangelo di san Luca aggiunge che la presentazione di Ges\u00f9 al tempio era una prescrizione della Legge di Mos\u00e8. Nel libro dell&#8217;Esodo si dice: \u00abConsacratemi ogni primogenito; ogni primogenito tra i figli d&#8217;Israele, tanto degli uomini quanto del bestiame\u00bb (13,2) e pi\u00f9 avanti: \u00abconsacrerai al Signore ogni primogenito. Anche il primogenito del tuo bestiame, se \u00e8 maschio, appartiene al Signore\u00bb. (13:12). E per spiegare cosa significa tutto questo, nello stesso capitolo si aggiunge: \u201cE avvenne che, quando il Faraone si ostin\u00f2 a non lasciarci andare, il Signore uccise tutti i primogeniti nel paese d\u2019Egitto, dal primogenito di dall&#8217;uomo al primogenito degli animali. Per questo motivo io sacrifico al Signore ogni primogenito maschio che esce dal seno materno, ma riscatto ogni primogenito dei miei figli\u00bb. (13:15). Ci\u00f2 rende pi\u00f9 facile capire perch\u00e9 gli ebrei, e in questo caso Maria e Giuseppe, salgono al Tempio per presentare il Bambino. La Legge di Mos\u00e8 prescriveva anche che una donna diventasse impura dopo il parto e dovesse rimanere confinata in casa per quaranta giorni se avesse dato alla luce un figlio maschio. Il libro del Levitico, al capitolo dodicesimo, ci racconta quanto segue: \u201cIl Signore comand\u00f2 a Mos\u00e8 di dire agli Israeliti: \u00abSe una donna partorisce un maschio, sar\u00e0 impura per sette giorni, come quando ha le sue mestruazioni. L&#8217;ottavo giorno il bambino verr\u00e0 circonciso e poi la donna dovr\u00e0 rimanere per 33 giorni a purificarsi dal flusso di sangue. Non toccher\u00e0 nulla di sacro n\u00e9 entrer\u00e0 nel santuario, finch\u00e9 non siano compiuti i giorni della sua purificazione\u00bb (1-4). Dopo il tempo della Purificazione, egli doveva presentarsi al Tempio per essere legalmente purificato, portando con s\u00e9 un agnello di un anno per l&#8217;olocausto e un giovane piccione o una colomba come sacrificio espiatorio per il peccato. Se si trattava di una famiglia povera, bastava offrire due colombe o due tortore (cfr Lv 12,6-8).<\/p>\n<p>Perch\u00e9 \u00e8 successo questo? La Legge di Mos\u00e8 comandava che i primogeniti fossero riservati al servizio del culto divino, come ricordo perpetuo del grande miracolo compiuto dal Signore in Egitto, quando l&#8217;angelo sterminatore elimin\u00f2 in una notte tutti i primogeniti degli Egiziani, lasciando solo i primogeniti salvi quelli degli Ebrei. In seguito fu stabilito che i membri della trib\u00f9 di Levi avrebbero prestato servizio nel Tempio e si sarebbero dedicati alle azioni sacerdotali per il servizio del Tempio. Il primogenito offerto a Dio doveva essere simbolicamente riscattato mediante il pagamento anticipato di una somma d&#8217;argento. Cos\u00ec lo narra il Libro dei Numeri al capitolo diciottesimo: \u00abTutti i primogeniti maschi degli Israeliti e tutti i primogeniti degli animali che essi offriranno al Signore apparterranno a voi, ma accetterete il prezzo del riscatto di un uomo pi\u00f9 anziano\u00bb figlio o del primo parto di un animale impuro. Il riscatto verr\u00e0 pagato un mese dopo la nascita al prezzo di cinque monete d\u2019argento, secondo il peso ufficiale che stabilisce che ogni moneta d\u2019argento deve pesare 11 grammi\u201d (15-17).<\/p>\n<p>Ecco cosa fanno Maria e Giuseppe quaranta giorni dopo la nascita di Ges\u00f9. L&#8217;esempio di Maria e Ges\u00f9 \u00e8 impressionante, come obbediscono alla Legge, come si sottomettono come se fossero macchiati, quando erano il nuovo Adamo e la nuova Eva del Regno dei Cieli che ha avuto inizio qui sulla terra. Questo \u00e8 per noi un esempio di come dovremmo comportarci, nonostante tutti i sacrifici personali che la santa Legge di Dio richiede.<\/p>\n<p>Maria e Giuseppe arrivano a Gerusalemme da Betlemme con Ges\u00f9 tra le braccia. La Legge non richiedeva che il bambino venisse portato fisicamente al Tempio, ma spesso le madri lo facevano per invocare su di loro le benedizioni del cielo. Superato il cortile dei gentili, si giunge al cortile delle donne, dove le madri che attendevano il loro turno per purificarsi. La Vergine Maria, come ogni altra donna, si unisce alla coda che avanza lentamente verso la Puerta Especiosa o porta di Nicanor, situata tra l&#8217;atrio delle donne e quello degli Israeliti. Ogni settimana era il sacerdote levita a occuparsi di questa cerimonia: riceveva l&#8217;offerta per il sacrificio, benediceva la madre e la purificava attraverso il rito dell&#8217;aspersione.<\/p>\n<p>Poi, una volta terminato il rito, consegnano i cinque cicli d&#8217;argento, prezzo del riscatto del primogenito. La somma di denaro non era piccola, poich\u00e9 equivaleva al salario di un bracciante per venti giornate di lavoro. Ma gli sposi, anche Maria e Giuseppe, lo consegnano con la gioia di chi ha risparmiato per nove mesi, pieni di speranza di riscattarlo e tornare a casa con il figlio.<\/p>\n<p>Poi entrano in scena due personaggi tanto interessanti quanto curiosi: Simeone e Anna, figlia di Fanuele. \u00c8 come se Dio non volesse che il primo ingresso del Verbo di Dio fatto uomo rimanesse oscurato e ignorato. Sulla terra aveva inizio il disegno divino della salvezza; si stava realizzando il grande mistero della nostra Redenzione. Lo aveva gi\u00e0 annunciato il profeta Malachia: \u00abEntrer\u00e0 nel suo tempio il Sovrano che cercate, e l&#8217;angelo dell&#8217;alleanza che voi desiderate\u00bb (3,1).<\/p>\n<p>San Luca ci racconta che Simeone era un uomo giusto e timorato di Dio, che attendeva la consolazione di Israele, e lo Spirito Santo era in lui. Sa che il Messia porter\u00e0 il perdono e la pace a tutti gli uomini sulla terra. Aveva pregato a lungo il Signore affinch\u00e9 giungesse quel momento e aveva ricevuto una rivelazione dallo Spirito di Dio affinch\u00e9 sapesse che non sarebbe morto senza prima aver visto il Salvatore, il Cristo del Signore. Mosso dalla sua grazia, si avvicin\u00f2 a Maria e Giuseppe, prese il Bambino tra le braccia e benedisse Dio.<\/p>\n<p>Pieno di fervore, Simeone pronuncia alcune parole solenni con cui benedice Dio e lo ringrazia per l&#8217;inesprimibile conforto che gli sta offrendo in questi momenti emozionanti. E dalla sua bocca uscirono parole profetiche che diventeranno l&#8217;inno del Nunc Dimittis, che sono le prime parole dell&#8217;inno in latino: \u00abOra, Signore, puoi portare in pace il tuo servo\u2026\u00bb.<\/p>\n<p>L&#8217;inno \u00e8 un gioiello che i sacerdoti recitano ogni giorno prima di andare a dormire e recita pi\u00f9 o meno cos\u00ec: &#8220;Ora, Signore, puoi lasciare che il tuo servo muoia in pace, come hai promesso. Ho visto con i miei occhi come ci salverai. Ora tutte le nazioni potranno vedere qual \u00e8 il tuo piano. Egli sar\u00e0 luce per illuminare la tua via a tutte le genti e glorificher\u00e0 il tuo popolo Israele\u00bb (Lc 2,29-32).<\/p>\n<p>Il primo insegnamento di questa profezia dello Spirito Santo \u00e8 che Cristo \u00e8 il Salvatore di tutti gli uomini: dono per ebrei e gentili, finalmente uniti nel compimento del disegno divino di salvezza. Dio stesso lo aveva gi\u00e0 annunciato molti secoli prima attraverso il profeta Isaia: \u00abIo ti far\u00f2 come alleanza del mio popolo e luce delle nazioni\u00bb (42,6). E pi\u00f9 avanti: \u00abTi render\u00f2 luce delle genti, perch\u00e9 tu porti la salvezza fino all&#8217;estremit\u00e0 della terra\u00bb (49,6).<\/p>\n<p>Dio ha mandato il suo Figlio nel mondo per salvare tutti, ripristinando cos\u00ec il piano salvifico originario di Dio, attraverso il quale siamo tutti chiamati a partecipare all&#8217;amore di Dio mediante il suo Spirito Santo. Ecco perch\u00e9 questa festa \u00e8 la festa della Luce di Dio, popolarmente chiamata la festa delle candele. I fedeli ricevono le loro candele, che vengono benedette, e si dirigono verso l&#8217;altare per rinnovare i misteri della nostra fede.<\/p>\n<p>Simeone aggiunge qualcosa di molto misterioso e profetico: \u00abEcco, questo bambino \u00e8 qui per la rovina e la risurrezione di molti in Israele e come segno di contraddizione &#8211; e anche a te una spada trafigger\u00e0 l&#8217;anima &#8211; affinch\u00e9 i pensieri di \u00abMolti siano svelati\u00bb (Lc 2,34-35). In questo modo ricorda a Maria che tutti coloro che sono vicini a Ges\u00f9 Cristo dovranno partecipare al suo mistero pasquale (Passione, Morte e Risurrezione) per entrare nella sua gloria e partecipare alla salvezza del genere umano.<\/p>\n<p>Nostro Signore Ges\u00f9 Cristo \u00e8 la luce del mondo, le nostre candele sono il segno di questa meravigliosa realt\u00e0. Non \u00e8 strano che, come ci ricorda san Luca: \u00abMaria e Giuseppe si stupivano delle cose che si dicevano di lui\u00bb (Lc 2,33).<\/p>\n<p><em>YouTube:<\/em> <a href=\"https:\/\/www.youtube.com\/channel\/UCa2gyJNGDlp99tt6vc8fB9g\">Padre Manuel Gonz\u00e1lez<\/a> \/ <em>Facebook:<\/em> <a href=\"https:\/\/www.facebook.com\/D.ManuelGlez.D.Mito.Fr.E.NAA\">Emmanuel J. Gonz\u00e1lez<\/a><\/p>\n<p><em>Instagram:<\/em> <a href=\"https:\/\/www.instagram.com\/mitogonzalez2013\/\">@mitogonzalez2013<\/a> \/ <em>Blog:<\/em> <a href=\"https:\/\/consideracionesespirituales.blogspot.com\/?m=1\">Considerazioni spirituali<\/a><\/p>\n","protected":false},"excerpt":{"rendered":"<p>Candelora: luce per le genti e gloria per Israele<\/p>\n","protected":false},"author":43,"featured_media":156172,"comment_status":"closed","ping_status":"closed","sticky":false,"template":"","format":"standard","meta":{"_acf_changed":false,"_crdt_document":"","inline_featured_image":false,"footnotes":""},"categories":[73,91,95],"tags":[92881,92904,92880,92882,92885,92886,92887,92888,92889,92890,92893,92892,92894,92895,92896,92897,39856,92898,92891,92899,92900,92901,92902,43524,92903,92883,4952,92884],"class_list":["post-118334","post","type-post","status-publish","format-standard","has-post-thumbnail","hentry","category-chiesa-e-mondo","category-santita","category-spiritualita","tag-2-febbraio","tag-candele-benedette","tag-candelora","tag-circoncisione-di-gesu","tag-esodo-13","tag-festa-della-candelora","tag-festa-della-luce","tag-festa-delle-candele","tag-festa-liturgica-di-febbraio","tag-gloria-di-israele","tag-legge-di-mose","tag-levitico-12-2","tag-luce-per-le-genti","tag-manuel-gonzalez-lopez-de-lemus-2","tag-natale-40-giorni-dopo","tag-nunc-dimittis-2","tag-presentazione-del-signore","tag-presentazione-di-gesu-al-tempio","tag-presentazione-di-gesu-al-tempio-e-purificazione-della-vergine","tag-primogenito-redento","tag-profezia-di-simeone","tag-purificazione-della-vergine-maria","tag-redenzione-salvifica","tag-sacerdote-manuel-gonzalez-2","tag-simeon-e-ana","tag-spada-nellanima-di-maria","tag-trending-it","tag-vangelo-di-luca-2"],"acf":[],"yoast_head":"<!-- This site is optimized with the Yoast SEO plugin v27.5 - https:\/\/yoast.com\/product\/yoast-seo-wordpress\/ -->\n<title>La Presentazione di Ges\u00f9 al Tempio e la Purificazione della Vergine &#8211; Exaudi<\/title>\n<meta name=\"robots\" content=\"index, follow, max-snippet:-1, max-image-preview:large, max-video-preview:-1\" \/>\n<link rel=\"canonical\" href=\"https:\/\/exaudi.org\/it\/la-presentazione-di-gesu-al-tempio-e-la-purificazione-della-vergine\/\" \/>\n<meta property=\"og:locale\" content=\"it_IT\" \/>\n<meta property=\"og:type\" content=\"article\" \/>\n<meta property=\"og:title\" content=\"La Presentazione di Ges\u00f9 al Tempio e la Purificazione della Vergine &#8211; Exaudi\" \/>\n<meta property=\"og:description\" content=\"Candelora: luce per le genti e gloria per Israele\" \/>\n<meta property=\"og:url\" content=\"https:\/\/exaudi.org\/it\/la-presentazione-di-gesu-al-tempio-e-la-purificazione-della-vergine\/\" \/>\n<meta property=\"og:site_name\" content=\"Exaudi\" \/>\n<meta property=\"article:publisher\" content=\"https:\/\/www.facebook.com\/ExaudiNews\" \/>\n<meta property=\"article:published_time\" content=\"2026-02-02T16:08:29+00:00\" \/>\n<meta property=\"article:modified_time\" content=\"2026-02-02T17:31:43+00:00\" \/>\n<meta property=\"og:image\" content=\"https:\/\/exaudi.org\/wp-content\/uploads\/2025\/02\/1.webp\" \/>\n\t<meta property=\"og:image:width\" content=\"1024\" \/>\n\t<meta property=\"og:image:height\" content=\"714\" \/>\n\t<meta property=\"og:image:type\" content=\"image\/webp\" \/>\n<meta name=\"author\" content=\"Manuel Gonz\u00e1lez\" \/>\n<meta name=\"twitter:card\" content=\"summary_large_image\" \/>\n<meta name=\"twitter:creator\" content=\"@Exaudi_News\" \/>\n<meta name=\"twitter:site\" content=\"@Exaudi_News\" \/>\n<meta name=\"twitter:label1\" content=\"Scritto da\" \/>\n\t<meta name=\"twitter:data1\" content=\"Manuel Gonz\u00e1lez\" \/>\n\t<meta name=\"twitter:label2\" content=\"Tempo di lettura stimato\" \/>\n\t<meta name=\"twitter:data2\" content=\"7 minuti\" \/>\n<script type=\"application\/ld+json\" class=\"yoast-schema-graph\">{\"@context\":\"https:\\\/\\\/schema.org\",\"@graph\":[{\"@type\":\"Article\",\"@id\":\"https:\\\/\\\/exaudi.org\\\/it\\\/la-presentazione-di-gesu-al-tempio-e-la-purificazione-della-vergine\\\/#article\",\"isPartOf\":{\"@id\":\"https:\\\/\\\/exaudi.org\\\/it\\\/la-presentazione-di-gesu-al-tempio-e-la-purificazione-della-vergine\\\/\"},\"author\":{\"name\":\"Manuel Gonz\u00e1lez\",\"@id\":\"https:\\\/\\\/exaudi.org\\\/#\\\/schema\\\/person\\\/72bbeb632655ed6b04377a03162e4ecf\"},\"headline\":\"La Presentazione di Ges\u00f9 al Tempio e la Purificazione della Vergine\",\"datePublished\":\"2026-02-02T16:08:29+00:00\",\"dateModified\":\"2026-02-02T17:31:43+00:00\",\"mainEntityOfPage\":{\"@id\":\"https:\\\/\\\/exaudi.org\\\/it\\\/la-presentazione-di-gesu-al-tempio-e-la-purificazione-della-vergine\\\/\"},\"wordCount\":1443,\"image\":{\"@id\":\"https:\\\/\\\/exaudi.org\\\/it\\\/la-presentazione-di-gesu-al-tempio-e-la-purificazione-della-vergine\\\/#primaryimage\"},\"thumbnailUrl\":\"https:\\\/\\\/exaudi.org\\\/wp-content\\\/uploads\\\/2025\\\/02\\\/1.webp\",\"keywords\":[\"2 febbraio\",\"Candele benedette\",\"Candelora\",\"Circoncisione di Ges\u00f9\",\"Esodo 13\",\"Festa della Candelora\",\"Festa della Luce\",\"Festa delle Candele\",\"Festa liturgica di febbraio\",\"Gloria di Israele\",\"Legge di Mos\u00e8\",\"Levitico 12\",\"Luce per le genti\",\"Manuel Gonz\u00e1lez L\u00f3pez de Lemus\",\"Natale 40 giorni dopo\",\"Nunc Dimittis\",\"Presentazione del Signore\",\"Presentazione di Ges\u00f9 al Tempio\",\"Presentazione di Ges\u00f9 al Tempio e Purificazione della Vergine\",\"Primogenito redento\",\"Profezia di Simeone\",\"Purificazione della Vergine Maria\",\"Redenzione salvifica\",\"sacerdote Manuel Gonzalez\",\"Simeon e Ana\",\"Spada nell'anima di Maria\",\"Trending\",\"Vangelo di Luca 2\"],\"articleSection\":[\"Chiesa e Mondo\",\"Santit\u00e0\",\"Spiritualit\u00e0\"],\"inLanguage\":\"it-IT\"},{\"@type\":\"WebPage\",\"@id\":\"https:\\\/\\\/exaudi.org\\\/it\\\/la-presentazione-di-gesu-al-tempio-e-la-purificazione-della-vergine\\\/\",\"url\":\"https:\\\/\\\/exaudi.org\\\/it\\\/la-presentazione-di-gesu-al-tempio-e-la-purificazione-della-vergine\\\/\",\"name\":\"La Presentazione di Ges\u00f9 al Tempio e la Purificazione della Vergine &#8211; Exaudi\",\"isPartOf\":{\"@id\":\"https:\\\/\\\/exaudi.org\\\/#website\"},\"primaryImageOfPage\":{\"@id\":\"https:\\\/\\\/exaudi.org\\\/it\\\/la-presentazione-di-gesu-al-tempio-e-la-purificazione-della-vergine\\\/#primaryimage\"},\"image\":{\"@id\":\"https:\\\/\\\/exaudi.org\\\/it\\\/la-presentazione-di-gesu-al-tempio-e-la-purificazione-della-vergine\\\/#primaryimage\"},\"thumbnailUrl\":\"https:\\\/\\\/exaudi.org\\\/wp-content\\\/uploads\\\/2025\\\/02\\\/1.webp\",\"datePublished\":\"2026-02-02T16:08:29+00:00\",\"dateModified\":\"2026-02-02T17:31:43+00:00\",\"author\":{\"@id\":\"https:\\\/\\\/exaudi.org\\\/#\\\/schema\\\/person\\\/72bbeb632655ed6b04377a03162e4ecf\"},\"breadcrumb\":{\"@id\":\"https:\\\/\\\/exaudi.org\\\/it\\\/la-presentazione-di-gesu-al-tempio-e-la-purificazione-della-vergine\\\/#breadcrumb\"},\"inLanguage\":\"it-IT\",\"potentialAction\":[{\"@type\":\"ReadAction\",\"target\":[\"https:\\\/\\\/exaudi.org\\\/it\\\/la-presentazione-di-gesu-al-tempio-e-la-purificazione-della-vergine\\\/\"]}]},{\"@type\":\"ImageObject\",\"inLanguage\":\"it-IT\",\"@id\":\"https:\\\/\\\/exaudi.org\\\/it\\\/la-presentazione-di-gesu-al-tempio-e-la-purificazione-della-vergine\\\/#primaryimage\",\"url\":\"https:\\\/\\\/exaudi.org\\\/wp-content\\\/uploads\\\/2025\\\/02\\\/1.webp\",\"contentUrl\":\"https:\\\/\\\/exaudi.org\\\/wp-content\\\/uploads\\\/2025\\\/02\\\/1.webp\",\"width\":1024,\"height\":714},{\"@type\":\"BreadcrumbList\",\"@id\":\"https:\\\/\\\/exaudi.org\\\/it\\\/la-presentazione-di-gesu-al-tempio-e-la-purificazione-della-vergine\\\/#breadcrumb\",\"itemListElement\":[{\"@type\":\"ListItem\",\"position\":1,\"name\":\"Portada\",\"item\":\"https:\\\/\\\/exaudi.org\\\/it\\\/\"},{\"@type\":\"ListItem\",\"position\":2,\"name\":\"La Presentazione di Ges\u00f9 al Tempio e la Purificazione della Vergine\"}]},{\"@type\":\"WebSite\",\"@id\":\"https:\\\/\\\/exaudi.org\\\/#website\",\"url\":\"https:\\\/\\\/exaudi.org\\\/\",\"name\":\"Exaudi\",\"description\":\"News\",\"potentialAction\":[{\"@type\":\"SearchAction\",\"target\":{\"@type\":\"EntryPoint\",\"urlTemplate\":\"https:\\\/\\\/exaudi.org\\\/?s={search_term_string}\"},\"query-input\":{\"@type\":\"PropertyValueSpecification\",\"valueRequired\":true,\"valueName\":\"search_term_string\"}}],\"inLanguage\":\"it-IT\"},{\"@type\":\"Person\",\"@id\":\"https:\\\/\\\/exaudi.org\\\/#\\\/schema\\\/person\\\/72bbeb632655ed6b04377a03162e4ecf\",\"name\":\"Manuel Gonz\u00e1lez\",\"image\":{\"@type\":\"ImageObject\",\"inLanguage\":\"it-IT\",\"@id\":\"https:\\\/\\\/secure.gravatar.com\\\/avatar\\\/b650f3b71747fb7c16cea083f7e830431bb04c31281e501dde3b27257f4e54b8?s=96&d=mm&r=g\",\"url\":\"https:\\\/\\\/secure.gravatar.com\\\/avatar\\\/b650f3b71747fb7c16cea083f7e830431bb04c31281e501dde3b27257f4e54b8?s=96&d=mm&r=g\",\"contentUrl\":\"https:\\\/\\\/secure.gravatar.com\\\/avatar\\\/b650f3b71747fb7c16cea083f7e830431bb04c31281e501dde3b27257f4e54b8?s=96&d=mm&r=g\",\"caption\":\"Manuel Gonz\u00e1lez\"},\"description\":\"Nac\u00ed en Montgomery, West Virginia, USA. Me traslad\u00e9 muy pronto a Sevilla donde viv\u00ed 20 a\u00f1os y estudi\u00e9 la escuela primaria, secundaria y me licenci\u00e9 en 1980 en Medicina y cirug\u00eda por la universidad de Sevilla. 1982 march\u00e9 a Roma donde acab\u00e9 mis estudios eclesi\u00e1sticos de Teolog\u00eda. Me orden\u00f3 sacerdote el Romano Pont\u00edfice S. Juan Pablo II el 12 de junio del 1983 en la bas\u00edlica de S. Pedro. Continu\u00e9 mis estudios de master y doctorado en la universidad de Navarra donde present\u00e9 mi tesina y tesis doctoral sobre algunas questiones escatol\u00f3gicas en S. Ambrosio de Mil\u00e1n. Estos estudios los compagin\u00e9 con pastoral universitaria en una residencia para estudiantes. En 1985 me traslad\u00e9 a Madrid donde estuve ayudando en la capellan\u00eda del colegio Montealto. En agosto del 1986 me march\u00e9 a Nairobi, Kenia donde estuve trabajando pastoralmente durante hasta principios del 2003. Estuve trabajando 6 a\u00f1os en la capellan\u00eda de Strathmore school. Otros 6 a\u00f1os de capell\u00e1n de Kianda school y Kibondeni training center. El resto del tiempo estuve en Strathmore college, que en ese periodo se pas\u00f3 a ser una universidad. De vuelta en Espa\u00f1a he trabajado pastoralmente con gente joven, matrimonios y sacerdotes en Gij\u00f3n 6 meses, Le\u00f3n 4 a\u00f1os, Oviedo donde estuve 6 a\u00f1os de capell\u00e1n del colegio Pe\u00f1amayor y en Valladolid de capell\u00e1n del centro deportivo y cultural Niara. Actualmente estoy trabajando de capell\u00e1n en el colegio Pe\u00f1acorada de Le\u00f3n\",\"url\":\"https:\\\/\\\/exaudi.org\\\/it\\\/author\\\/manuelgonzalez\\\/\"}]}<\/script>\n<!-- \/ Yoast SEO plugin. -->","yoast_head_json":{"title":"La Presentazione di Ges\u00f9 al Tempio e la Purificazione della Vergine &#8211; Exaudi","robots":{"index":"index","follow":"follow","max-snippet":"max-snippet:-1","max-image-preview":"max-image-preview:large","max-video-preview":"max-video-preview:-1"},"canonical":"https:\/\/exaudi.org\/it\/la-presentazione-di-gesu-al-tempio-e-la-purificazione-della-vergine\/","og_locale":"it_IT","og_type":"article","og_title":"La Presentazione di Ges\u00f9 al Tempio e la Purificazione della Vergine &#8211; Exaudi","og_description":"Candelora: luce per le genti e gloria per Israele","og_url":"https:\/\/exaudi.org\/it\/la-presentazione-di-gesu-al-tempio-e-la-purificazione-della-vergine\/","og_site_name":"Exaudi","article_publisher":"https:\/\/www.facebook.com\/ExaudiNews","article_published_time":"2026-02-02T16:08:29+00:00","article_modified_time":"2026-02-02T17:31:43+00:00","og_image":[{"width":1024,"height":714,"url":"https:\/\/exaudi.org\/wp-content\/uploads\/2025\/02\/1.webp","type":"image\/webp"}],"author":"Manuel Gonz\u00e1lez","twitter_card":"summary_large_image","twitter_creator":"@Exaudi_News","twitter_site":"@Exaudi_News","twitter_misc":{"Scritto da":"Manuel Gonz\u00e1lez","Tempo di lettura stimato":"7 minuti"},"schema":{"@context":"https:\/\/schema.org","@graph":[{"@type":"Article","@id":"https:\/\/exaudi.org\/it\/la-presentazione-di-gesu-al-tempio-e-la-purificazione-della-vergine\/#article","isPartOf":{"@id":"https:\/\/exaudi.org\/it\/la-presentazione-di-gesu-al-tempio-e-la-purificazione-della-vergine\/"},"author":{"name":"Manuel Gonz\u00e1lez","@id":"https:\/\/exaudi.org\/#\/schema\/person\/72bbeb632655ed6b04377a03162e4ecf"},"headline":"La Presentazione di Ges\u00f9 al Tempio e la Purificazione della Vergine","datePublished":"2026-02-02T16:08:29+00:00","dateModified":"2026-02-02T17:31:43+00:00","mainEntityOfPage":{"@id":"https:\/\/exaudi.org\/it\/la-presentazione-di-gesu-al-tempio-e-la-purificazione-della-vergine\/"},"wordCount":1443,"image":{"@id":"https:\/\/exaudi.org\/it\/la-presentazione-di-gesu-al-tempio-e-la-purificazione-della-vergine\/#primaryimage"},"thumbnailUrl":"https:\/\/exaudi.org\/wp-content\/uploads\/2025\/02\/1.webp","keywords":["2 febbraio","Candele benedette","Candelora","Circoncisione di Ges\u00f9","Esodo 13","Festa della Candelora","Festa della Luce","Festa delle Candele","Festa liturgica di febbraio","Gloria di Israele","Legge di Mos\u00e8","Levitico 12","Luce per le genti","Manuel Gonz\u00e1lez L\u00f3pez de Lemus","Natale 40 giorni dopo","Nunc Dimittis","Presentazione del Signore","Presentazione di Ges\u00f9 al Tempio","Presentazione di Ges\u00f9 al Tempio e Purificazione della Vergine","Primogenito redento","Profezia di Simeone","Purificazione della Vergine Maria","Redenzione salvifica","sacerdote Manuel Gonzalez","Simeon e Ana","Spada nell'anima di Maria","Trending","Vangelo di Luca 2"],"articleSection":["Chiesa e Mondo","Santit\u00e0","Spiritualit\u00e0"],"inLanguage":"it-IT"},{"@type":"WebPage","@id":"https:\/\/exaudi.org\/it\/la-presentazione-di-gesu-al-tempio-e-la-purificazione-della-vergine\/","url":"https:\/\/exaudi.org\/it\/la-presentazione-di-gesu-al-tempio-e-la-purificazione-della-vergine\/","name":"La Presentazione di Ges\u00f9 al Tempio e la Purificazione della Vergine &#8211; Exaudi","isPartOf":{"@id":"https:\/\/exaudi.org\/#website"},"primaryImageOfPage":{"@id":"https:\/\/exaudi.org\/it\/la-presentazione-di-gesu-al-tempio-e-la-purificazione-della-vergine\/#primaryimage"},"image":{"@id":"https:\/\/exaudi.org\/it\/la-presentazione-di-gesu-al-tempio-e-la-purificazione-della-vergine\/#primaryimage"},"thumbnailUrl":"https:\/\/exaudi.org\/wp-content\/uploads\/2025\/02\/1.webp","datePublished":"2026-02-02T16:08:29+00:00","dateModified":"2026-02-02T17:31:43+00:00","author":{"@id":"https:\/\/exaudi.org\/#\/schema\/person\/72bbeb632655ed6b04377a03162e4ecf"},"breadcrumb":{"@id":"https:\/\/exaudi.org\/it\/la-presentazione-di-gesu-al-tempio-e-la-purificazione-della-vergine\/#breadcrumb"},"inLanguage":"it-IT","potentialAction":[{"@type":"ReadAction","target":["https:\/\/exaudi.org\/it\/la-presentazione-di-gesu-al-tempio-e-la-purificazione-della-vergine\/"]}]},{"@type":"ImageObject","inLanguage":"it-IT","@id":"https:\/\/exaudi.org\/it\/la-presentazione-di-gesu-al-tempio-e-la-purificazione-della-vergine\/#primaryimage","url":"https:\/\/exaudi.org\/wp-content\/uploads\/2025\/02\/1.webp","contentUrl":"https:\/\/exaudi.org\/wp-content\/uploads\/2025\/02\/1.webp","width":1024,"height":714},{"@type":"BreadcrumbList","@id":"https:\/\/exaudi.org\/it\/la-presentazione-di-gesu-al-tempio-e-la-purificazione-della-vergine\/#breadcrumb","itemListElement":[{"@type":"ListItem","position":1,"name":"Portada","item":"https:\/\/exaudi.org\/it\/"},{"@type":"ListItem","position":2,"name":"La Presentazione di Ges\u00f9 al Tempio e la Purificazione della Vergine"}]},{"@type":"WebSite","@id":"https:\/\/exaudi.org\/#website","url":"https:\/\/exaudi.org\/","name":"Exaudi","description":"News","potentialAction":[{"@type":"SearchAction","target":{"@type":"EntryPoint","urlTemplate":"https:\/\/exaudi.org\/?s={search_term_string}"},"query-input":{"@type":"PropertyValueSpecification","valueRequired":true,"valueName":"search_term_string"}}],"inLanguage":"it-IT"},{"@type":"Person","@id":"https:\/\/exaudi.org\/#\/schema\/person\/72bbeb632655ed6b04377a03162e4ecf","name":"Manuel Gonz\u00e1lez","image":{"@type":"ImageObject","inLanguage":"it-IT","@id":"https:\/\/secure.gravatar.com\/avatar\/b650f3b71747fb7c16cea083f7e830431bb04c31281e501dde3b27257f4e54b8?s=96&d=mm&r=g","url":"https:\/\/secure.gravatar.com\/avatar\/b650f3b71747fb7c16cea083f7e830431bb04c31281e501dde3b27257f4e54b8?s=96&d=mm&r=g","contentUrl":"https:\/\/secure.gravatar.com\/avatar\/b650f3b71747fb7c16cea083f7e830431bb04c31281e501dde3b27257f4e54b8?s=96&d=mm&r=g","caption":"Manuel Gonz\u00e1lez"},"description":"Nac\u00ed en Montgomery, West Virginia, USA. Me traslad\u00e9 muy pronto a Sevilla donde viv\u00ed 20 a\u00f1os y estudi\u00e9 la escuela primaria, secundaria y me licenci\u00e9 en 1980 en Medicina y cirug\u00eda por la universidad de Sevilla. 1982 march\u00e9 a Roma donde acab\u00e9 mis estudios eclesi\u00e1sticos de Teolog\u00eda. Me orden\u00f3 sacerdote el Romano Pont\u00edfice S. Juan Pablo II el 12 de junio del 1983 en la bas\u00edlica de S. Pedro. Continu\u00e9 mis estudios de master y doctorado en la universidad de Navarra donde present\u00e9 mi tesina y tesis doctoral sobre algunas questiones escatol\u00f3gicas en S. Ambrosio de Mil\u00e1n. Estos estudios los compagin\u00e9 con pastoral universitaria en una residencia para estudiantes. En 1985 me traslad\u00e9 a Madrid donde estuve ayudando en la capellan\u00eda del colegio Montealto. En agosto del 1986 me march\u00e9 a Nairobi, Kenia donde estuve trabajando pastoralmente durante hasta principios del 2003. Estuve trabajando 6 a\u00f1os en la capellan\u00eda de Strathmore school. Otros 6 a\u00f1os de capell\u00e1n de Kianda school y Kibondeni training center. El resto del tiempo estuve en Strathmore college, que en ese periodo se pas\u00f3 a ser una universidad. De vuelta en Espa\u00f1a he trabajado pastoralmente con gente joven, matrimonios y sacerdotes en Gij\u00f3n 6 meses, Le\u00f3n 4 a\u00f1os, Oviedo donde estuve 6 a\u00f1os de capell\u00e1n del colegio Pe\u00f1amayor y en Valladolid de capell\u00e1n del centro deportivo y cultural Niara. Actualmente estoy trabajando de capell\u00e1n en el colegio Pe\u00f1acorada de Le\u00f3n","url":"https:\/\/exaudi.org\/it\/author\/manuelgonzalez\/"}]}},"jetpack_featured_media_url":"https:\/\/exaudi.org\/wp-content\/uploads\/2025\/02\/1.webp","jetpack_shortlink":"https:\/\/wp.me\/pgKjF2-uMC","_links":{"self":[{"href":"https:\/\/exaudi.org\/it\/wp-json\/wp\/v2\/posts\/118334","targetHints":{"allow":["GET"]}}],"collection":[{"href":"https:\/\/exaudi.org\/it\/wp-json\/wp\/v2\/posts"}],"about":[{"href":"https:\/\/exaudi.org\/it\/wp-json\/wp\/v2\/types\/post"}],"author":[{"embeddable":true,"href":"https:\/\/exaudi.org\/it\/wp-json\/wp\/v2\/users\/43"}],"replies":[{"embeddable":true,"href":"https:\/\/exaudi.org\/it\/wp-json\/wp\/v2\/comments?post=118334"}],"version-history":[{"count":2,"href":"https:\/\/exaudi.org\/it\/wp-json\/wp\/v2\/posts\/118334\/revisions"}],"predecessor-version":[{"id":156176,"href":"https:\/\/exaudi.org\/it\/wp-json\/wp\/v2\/posts\/118334\/revisions\/156176"}],"wp:featuredmedia":[{"embeddable":true,"href":"https:\/\/exaudi.org\/it\/wp-json\/wp\/v2\/media\/156172"}],"wp:attachment":[{"href":"https:\/\/exaudi.org\/it\/wp-json\/wp\/v2\/media?parent=118334"}],"wp:term":[{"taxonomy":"category","embeddable":true,"href":"https:\/\/exaudi.org\/it\/wp-json\/wp\/v2\/categories?post=118334"},{"taxonomy":"post_tag","embeddable":true,"href":"https:\/\/exaudi.org\/it\/wp-json\/wp\/v2\/tags?post=118334"}],"curies":[{"name":"wp","href":"https:\/\/api.w.org\/{rel}","templated":true}]}}