{"id":118270,"date":"2025-01-28T18:14:05","date_gmt":"2025-01-28T17:14:05","guid":{"rendered":"https:\/\/exaudi.org\/?p=118270"},"modified":"2025-01-31T18:27:43","modified_gmt":"2025-01-31T17:27:43","slug":"30-giorni-senza-social-media-cosa-succede-quando-ti-stacchi-davvero","status":"publish","type":"post","link":"https:\/\/exaudi.org\/it\/30-giorni-senza-social-media-cosa-succede-quando-ti-stacchi-davvero\/","title":{"rendered":"30 giorni senza social media. Cosa succede quando ti stacchi davvero?"},"content":{"rendered":"<p>Sette ore al giorno. \u00c8 questo il periodo che molti adolescenti trascorrono affascinati da schermi di ogni genere: smartphone e social network, serie televisive, chat, videogiochi&#8230; Un dato allarmante che ci mette di fronte a una realt\u00e0 innegabile: a quindici anni, sembra che non c&#8217;\u00e8 vita senza social network. Ma cosa succederebbe se provassimo a invertire la rotta? Nel suo libro <a href=\"https:\/\/www.cittanuova.it\/libri\/9788831128872\/liberamente-veronica\/\"><em><strong>Libremente Ver\u00f3nica<\/strong><\/em><\/a>, lo scrittore e regista <strong><a href=\"https:\/\/www.cittanuova.it\/persona\/fernando-muraca\/\">Fernando Muraca<\/a><\/strong> lancia una sfida provocatoria ai giovani: 30 giorni senza social media. Un&#8217;utopia? Forse no, e cosa succede quando ci si disconnette davvero? In questa intervista, Muraca ci racconta le storie di chi ha accettato questo esperimento, svelando cosa succede quando decidiamo di mettere via il cellulare e di provare cosa significa vivere senza Facebook, Instagram, WhatsApp o TikTok. Un&#8217;esperienza offerta a oltre 30mila studenti delle scuole superiori e delle universit\u00e0 in tutta Italia.<\/p>\n<h3>Muraca, di cosa parla Freely Veronica?<\/h3>\n<p>La storia racconta di una ragazza di 14 anni che decide di disconnettersi dal mondo virtuale dei social media per connettersi e vedere realmente cosa sta accadendo nella sua vita reale. Questo esperimento la mette di fronte a sfide quotidiane come: coltivare amicizie con gli amici, mantenere la comunicazione con loro, portare avanti una cotta. In questo modo, \u00e8 costretta a riscoprire forme di interazione del passato. Per scrivere questo libro ho dovuto rivolgermi a dei consulenti, cio\u00e8 ai preziosi consigli di ragazzi che mi hanno aiutato a comprendere il linguaggio e le dinamiche dei social network, soprattutto nell&#8217;uso che fanno di questo mondo virtuale. Poi \u00e8 nata l&#8217;esigenza di trovare un adolescente disposto ad accettare la vera sfida di vivere 30 giorni senza zanzariere. Per una felice coincidenza, ho incontrato una ragazza di nome Veronica, proprio come il personaggio principale! \u00c8 stata la prima a vivere questa esperienza.<\/p>\n<h3><strong>Come descriveresti il \u200b\u200btuo libro?<\/strong><\/h3>\n<p>Lo descriverei come un romanzo d&#8217;amore che si collega alla realt\u00e0 degli adolescenti. Ma la sua particolare struttura, suddivisa in 30 capitoli che rappresentano il corso dei 30 giorni di durata dell&#8217;esperimento, lo rende anche un prezioso strumento pedagogico per gli insegnanti delle scuole superiori e delle universit\u00e0, che possono integrarlo nelle loro lezioni come materiale di dibattito e anche come proposta&#8221;.<\/p>\n<h3><strong>Avete invitato pi\u00f9 di 30.000 adolescenti a vivere questa esperienza. Quanti lo hanno accettato?<\/strong><\/h3>\n<p>Da quando ho iniziato a presentare il libro e a lanciare la sfida nelle scuole, ho capito la portata del problema, le cui prospettive erano molto pi\u00f9 grandi di quanto immaginassi. Ascoltando e parlando con insegnanti e studenti, mi sono reso conto di quanto sia grave e seria la dipendenza di cui soffrono molti adolescenti. All&#8217;inizio, quando proponevo l&#8217;esperimento a una scuola di 300 studenti, di solito solo 4 o 5 riuscivano a perseverare fino alla fine. Oggigiorno capita addirittura che nessuno lo capisca, nonostante molti esprimano il loro interesse. Alcuni sono stati spinti a confessarmi la loro incapacit\u00e0 di perseverare a causa dell&#8217;intensit\u00e0 della loro dipendenza dal cellulare e dal mondo virtuale che questo comporta. Dei 30.000 adolescenti con cui ho interagito nelle scuole italiane, solo un centinaio hanno completato con successo la sfida.<\/p>\n<h3><strong>Quali sono stati i risultati?<\/strong><\/h3>\n<p>Chiamo questi giovani, per lo pi\u00f9 ragazze, le sentinelle di domani perch\u00e9 hanno acquisito un&#8217;autonomia che permetter\u00e0 loro di crescere liberamente. Durante l&#8217;esperimento, i partecipanti tenevano un diario a cui avevo accesso, con il consenso dei genitori, per monitorare cosa stava accadendo. Vivere questa esperienza ci permette di comprendere appieno il problema della dipendenza dai social media. Sebbene non si tratti di una soluzione definitiva, aumenta la consapevolezza della realt\u00e0 del problema e ci aiuta a mettere in atto strategie adeguate per affrontarlo.<\/p>\n<h3><strong>Basterebbe una settimana?<\/strong><\/h3>\n<p>&#8220;NO. Una settimana non basta. Le prime due settimane sono terribili. Potremmo definire la prima una crisi di astinenza, mentre la seconda, ancora pi\u00f9 difficile, vede i ragazzi veder crollare l&#8217;idea di mondo che si erano creati. I benefici diventano evidenti a partire dalla terza settimana, quando gli effetti della continua esposizione a modelli e stili di vita irraggiungibili svaniscono. Questo \u00e8 il primo passo per smettere di usare eccessivamente i social media, perch\u00e9 creano dipendenza e allontanano dalla vita reale. Pertanto l&#8217;esperimento ha senso se viene condotto per almeno 30 giorni.<\/p>\n<h3><strong>Perch\u00e9 hai dedicato questa storia agli adolescenti iperconnessi?<\/strong><\/h3>\n<p>I miei figli hanno ormai 17, 21 e 23 anni, quindi hanno vissuto l\u2019evoluzione dell\u2019uso del telefono senza Internet, con Internet e i suoi servizi, in particolare i social network. Rendendomi conto di cosa ci\u00f2 comportasse, mi sono chiesto come gestire questi cambiamenti da un punto di vista educativo. Come regista sono stato uno dei primi a lavorare con queste tecnologie digitali per produrre film, quindi conosco il potere delle immagini. Pertanto, per un suo corretto utilizzo in famiglia era necessario trovare un metodo che non fosse imposto, ma costruito da tutti. Un accordo tra genitori e figli per il suo corretto utilizzo. Abbiamo subito stabilito delle regole e delle linee guida precise per l&#8217;uso, come ad esempio: niente cellulari a tavola. &#8220;Un patto equo per piccoli e grandi.&#8221;<\/p>\n<h3><strong>C&#8217;\u00e8 stato un evento particolare che ti ha spinto a scrivere?<\/strong><\/h3>\n<p>Un giorno, a tavola, il mio secondo figlio ci raccont\u00f2 con evidente preoccupazione che un suo amico aveva un problema molto serio: ossessionato dai giochi online, non usciva pi\u00f9 di casa. Riconoscendo per la prima volta che le nostre regole sull&#8217;uso della tecnologia erano state utili, disse: &#8220;Pap\u00e0, siamo al sicuro. C&#8217;\u00e8 qualcosa che puoi fare per lui?&#8221; \u00c8 stata la mia figlia pi\u00f9 piccola ad avere l&#8217;idea di un romanzo per adolescenti. Cos\u00ec \u00e8 nato <em>Libremente Ver\u00f3nica<\/em>: attorno al tavolo di casa, con i miei figli. Erano loro a voler ricordare ai loro amici l&#8217;opera d&#8217;arte che potevano creare con la loro sola esistenza e che li rendeva unici, irripetibili e straordinariamente diversi.<\/p>\n","protected":false},"excerpt":{"rendered":"<p>30 giorni senza social media. Cosa succede quando ti stacchi davvero?<\/p>\n","protected":false},"author":38,"featured_media":118271,"comment_status":"open","ping_status":"closed","sticky":false,"template":"","format":"standard","meta":{"_acf_changed":false,"_crdt_document":"","inline_featured_image":false,"footnotes":""},"categories":[58],"tags":[32180,42472,42755,18385,18940,4952],"class_list":["post-118270","post","type-post","status-publish","format-standard","has-post-thumbnail","hentry","category-featured-news","tag-adolescenti","tag-disconnessi","tag-mobili","tag-sfide","tag-social-network","tag-trending-it"],"acf":[],"yoast_head":"<!-- This site is optimized with the Yoast SEO plugin v27.5 - https:\/\/yoast.com\/product\/yoast-seo-wordpress\/ -->\n<title>30 giorni senza social media. Cosa succede quando ti stacchi davvero? &#8211; Exaudi<\/title>\n<meta name=\"robots\" content=\"index, follow, max-snippet:-1, max-image-preview:large, max-video-preview:-1\" \/>\n<link rel=\"canonical\" href=\"https:\/\/exaudi.org\/it\/30-giorni-senza-social-media-cosa-succede-quando-ti-stacchi-davvero\/\" \/>\n<meta property=\"og:locale\" content=\"it_IT\" \/>\n<meta property=\"og:type\" content=\"article\" \/>\n<meta property=\"og:title\" content=\"30 giorni senza social media. Cosa succede quando ti stacchi davvero? &#8211; Exaudi\" \/>\n<meta property=\"og:description\" content=\"30 giorni senza social media. Cosa succede quando ti stacchi davvero?\" \/>\n<meta property=\"og:url\" content=\"https:\/\/exaudi.org\/it\/30-giorni-senza-social-media-cosa-succede-quando-ti-stacchi-davvero\/\" \/>\n<meta property=\"og:site_name\" content=\"Exaudi\" \/>\n<meta property=\"article:publisher\" content=\"https:\/\/www.facebook.com\/ExaudiNews\" \/>\n<meta property=\"article:published_time\" content=\"2025-01-28T17:14:05+00:00\" \/>\n<meta property=\"article:modified_time\" content=\"2025-01-31T17:27:43+00:00\" \/>\n<meta property=\"og:image\" content=\"https:\/\/exaudi.org\/wp-content\/uploads\/2025\/01\/1-8.jpg\" \/>\n\t<meta property=\"og:image:width\" content=\"1155\" \/>\n\t<meta property=\"og:image:height\" content=\"770\" \/>\n\t<meta property=\"og:image:type\" content=\"image\/jpeg\" \/>\n<meta name=\"author\" content=\"Mayra Novelo\" \/>\n<meta name=\"twitter:card\" content=\"summary_large_image\" \/>\n<meta name=\"twitter:creator\" content=\"@Exaudi_News\" \/>\n<meta name=\"twitter:site\" content=\"@Exaudi_News\" \/>\n<meta name=\"twitter:label1\" content=\"Scritto da\" \/>\n\t<meta name=\"twitter:data1\" content=\"Mayra Novelo\" \/>\n\t<meta name=\"twitter:label2\" content=\"Tempo di lettura stimato\" \/>\n\t<meta name=\"twitter:data2\" content=\"5 minuti\" \/>\n<script type=\"application\/ld+json\" class=\"yoast-schema-graph\">{\"@context\":\"https:\\\/\\\/schema.org\",\"@graph\":[{\"@type\":\"Article\",\"@id\":\"https:\\\/\\\/exaudi.org\\\/it\\\/30-giorni-senza-social-media-cosa-succede-quando-ti-stacchi-davvero\\\/#article\",\"isPartOf\":{\"@id\":\"https:\\\/\\\/exaudi.org\\\/it\\\/30-giorni-senza-social-media-cosa-succede-quando-ti-stacchi-davvero\\\/\"},\"author\":{\"name\":\"Mayra Novelo\",\"@id\":\"https:\\\/\\\/exaudi.org\\\/#\\\/schema\\\/person\\\/7172ef2dcae2a79b5c8b78693cc9fc0a\"},\"headline\":\"30 giorni senza social media. Cosa succede quando ti stacchi davvero?\",\"datePublished\":\"2025-01-28T17:14:05+00:00\",\"dateModified\":\"2025-01-31T17:27:43+00:00\",\"mainEntityOfPage\":{\"@id\":\"https:\\\/\\\/exaudi.org\\\/it\\\/30-giorni-senza-social-media-cosa-succede-quando-ti-stacchi-davvero\\\/\"},\"wordCount\":969,\"commentCount\":0,\"image\":{\"@id\":\"https:\\\/\\\/exaudi.org\\\/it\\\/30-giorni-senza-social-media-cosa-succede-quando-ti-stacchi-davvero\\\/#primaryimage\"},\"thumbnailUrl\":\"https:\\\/\\\/exaudi.org\\\/wp-content\\\/uploads\\\/2025\\\/01\\\/1-8.jpg\",\"keywords\":[\"Adolescenti\",\"disconnessi\",\"mobili\",\"SFIDE\",\"SOCIAL NETWORK\",\"Trending\"],\"articleSection\":[\"Featured News\"],\"inLanguage\":\"it-IT\",\"potentialAction\":[{\"@type\":\"CommentAction\",\"name\":\"Comment\",\"target\":[\"https:\\\/\\\/exaudi.org\\\/it\\\/30-giorni-senza-social-media-cosa-succede-quando-ti-stacchi-davvero\\\/#respond\"]}]},{\"@type\":\"WebPage\",\"@id\":\"https:\\\/\\\/exaudi.org\\\/it\\\/30-giorni-senza-social-media-cosa-succede-quando-ti-stacchi-davvero\\\/\",\"url\":\"https:\\\/\\\/exaudi.org\\\/it\\\/30-giorni-senza-social-media-cosa-succede-quando-ti-stacchi-davvero\\\/\",\"name\":\"30 giorni senza social media. Cosa succede quando ti stacchi davvero? &#8211; Exaudi\",\"isPartOf\":{\"@id\":\"https:\\\/\\\/exaudi.org\\\/#website\"},\"primaryImageOfPage\":{\"@id\":\"https:\\\/\\\/exaudi.org\\\/it\\\/30-giorni-senza-social-media-cosa-succede-quando-ti-stacchi-davvero\\\/#primaryimage\"},\"image\":{\"@id\":\"https:\\\/\\\/exaudi.org\\\/it\\\/30-giorni-senza-social-media-cosa-succede-quando-ti-stacchi-davvero\\\/#primaryimage\"},\"thumbnailUrl\":\"https:\\\/\\\/exaudi.org\\\/wp-content\\\/uploads\\\/2025\\\/01\\\/1-8.jpg\",\"datePublished\":\"2025-01-28T17:14:05+00:00\",\"dateModified\":\"2025-01-31T17:27:43+00:00\",\"author\":{\"@id\":\"https:\\\/\\\/exaudi.org\\\/#\\\/schema\\\/person\\\/7172ef2dcae2a79b5c8b78693cc9fc0a\"},\"breadcrumb\":{\"@id\":\"https:\\\/\\\/exaudi.org\\\/it\\\/30-giorni-senza-social-media-cosa-succede-quando-ti-stacchi-davvero\\\/#breadcrumb\"},\"inLanguage\":\"it-IT\",\"potentialAction\":[{\"@type\":\"ReadAction\",\"target\":[\"https:\\\/\\\/exaudi.org\\\/it\\\/30-giorni-senza-social-media-cosa-succede-quando-ti-stacchi-davvero\\\/\"]}]},{\"@type\":\"ImageObject\",\"inLanguage\":\"it-IT\",\"@id\":\"https:\\\/\\\/exaudi.org\\\/it\\\/30-giorni-senza-social-media-cosa-succede-quando-ti-stacchi-davvero\\\/#primaryimage\",\"url\":\"https:\\\/\\\/exaudi.org\\\/wp-content\\\/uploads\\\/2025\\\/01\\\/1-8.jpg\",\"contentUrl\":\"https:\\\/\\\/exaudi.org\\\/wp-content\\\/uploads\\\/2025\\\/01\\\/1-8.jpg\",\"width\":1155,\"height\":770},{\"@type\":\"BreadcrumbList\",\"@id\":\"https:\\\/\\\/exaudi.org\\\/it\\\/30-giorni-senza-social-media-cosa-succede-quando-ti-stacchi-davvero\\\/#breadcrumb\",\"itemListElement\":[{\"@type\":\"ListItem\",\"position\":1,\"name\":\"Portada\",\"item\":\"https:\\\/\\\/exaudi.org\\\/it\\\/\"},{\"@type\":\"ListItem\",\"position\":2,\"name\":\"30 giorni senza social media. Cosa succede quando ti stacchi davvero?\"}]},{\"@type\":\"WebSite\",\"@id\":\"https:\\\/\\\/exaudi.org\\\/#website\",\"url\":\"https:\\\/\\\/exaudi.org\\\/\",\"name\":\"Exaudi\",\"description\":\"News\",\"potentialAction\":[{\"@type\":\"SearchAction\",\"target\":{\"@type\":\"EntryPoint\",\"urlTemplate\":\"https:\\\/\\\/exaudi.org\\\/?s={search_term_string}\"},\"query-input\":{\"@type\":\"PropertyValueSpecification\",\"valueRequired\":true,\"valueName\":\"search_term_string\"}}],\"inLanguage\":\"it-IT\"},{\"@type\":\"Person\",\"@id\":\"https:\\\/\\\/exaudi.org\\\/#\\\/schema\\\/person\\\/7172ef2dcae2a79b5c8b78693cc9fc0a\",\"name\":\"Mayra Novelo\",\"image\":{\"@type\":\"ImageObject\",\"inLanguage\":\"it-IT\",\"@id\":\"https:\\\/\\\/secure.gravatar.com\\\/avatar\\\/a59685cc6b7237ed11c6ceb5051fcfc8905619418ab930af70f529f7fb73daee?s=96&d=mm&r=g\",\"url\":\"https:\\\/\\\/secure.gravatar.com\\\/avatar\\\/a59685cc6b7237ed11c6ceb5051fcfc8905619418ab930af70f529f7fb73daee?s=96&d=mm&r=g\",\"contentUrl\":\"https:\\\/\\\/secure.gravatar.com\\\/avatar\\\/a59685cc6b7237ed11c6ceb5051fcfc8905619418ab930af70f529f7fb73daee?s=96&d=mm&r=g\",\"caption\":\"Mayra Novelo\"},\"description\":\"Hay muchas formas de establecer comunicaci\u00f3n entre nosotros, los seres humanos. Una de ellas es la palabra ya sea escrita o hablada. En mi trabajo cotidiano he descubierto como una mirada y una escucha atenta pueden marcar la diferencia. Como periodista me dedico a la prensa escrita y digital. Como pedagoga sigo atenci\u00f3n los temas relacionados con la educaci\u00f3n y formaci\u00f3n en valores. Y aqu\u00ed estoy para mirar, escuchar, escribir y transmitir; aportando mi granito de arena a la apasionante misi\u00f3n evangelizadora de la Iglesia. Nac\u00ed en M\u00e9xico, cruce un oc\u00e9ano, me cas\u00e9 y vivo en Italia.\",\"sameAs\":[\"https:\\\/\\\/www.linkedin.com\\\/in\\\/mayra-novelo\\\/\"],\"url\":\"https:\\\/\\\/exaudi.org\\\/it\\\/author\\\/mayranovelo\\\/\"}]}<\/script>\n<!-- \/ Yoast SEO plugin. -->","yoast_head_json":{"title":"30 giorni senza social media. Cosa succede quando ti stacchi davvero? &#8211; Exaudi","robots":{"index":"index","follow":"follow","max-snippet":"max-snippet:-1","max-image-preview":"max-image-preview:large","max-video-preview":"max-video-preview:-1"},"canonical":"https:\/\/exaudi.org\/it\/30-giorni-senza-social-media-cosa-succede-quando-ti-stacchi-davvero\/","og_locale":"it_IT","og_type":"article","og_title":"30 giorni senza social media. Cosa succede quando ti stacchi davvero? &#8211; Exaudi","og_description":"30 giorni senza social media. Cosa succede quando ti stacchi davvero?","og_url":"https:\/\/exaudi.org\/it\/30-giorni-senza-social-media-cosa-succede-quando-ti-stacchi-davvero\/","og_site_name":"Exaudi","article_publisher":"https:\/\/www.facebook.com\/ExaudiNews","article_published_time":"2025-01-28T17:14:05+00:00","article_modified_time":"2025-01-31T17:27:43+00:00","og_image":[{"width":1155,"height":770,"url":"https:\/\/exaudi.org\/wp-content\/uploads\/2025\/01\/1-8.jpg","type":"image\/jpeg"}],"author":"Mayra Novelo","twitter_card":"summary_large_image","twitter_creator":"@Exaudi_News","twitter_site":"@Exaudi_News","twitter_misc":{"Scritto da":"Mayra Novelo","Tempo di lettura stimato":"5 minuti"},"schema":{"@context":"https:\/\/schema.org","@graph":[{"@type":"Article","@id":"https:\/\/exaudi.org\/it\/30-giorni-senza-social-media-cosa-succede-quando-ti-stacchi-davvero\/#article","isPartOf":{"@id":"https:\/\/exaudi.org\/it\/30-giorni-senza-social-media-cosa-succede-quando-ti-stacchi-davvero\/"},"author":{"name":"Mayra Novelo","@id":"https:\/\/exaudi.org\/#\/schema\/person\/7172ef2dcae2a79b5c8b78693cc9fc0a"},"headline":"30 giorni senza social media. Cosa succede quando ti stacchi davvero?","datePublished":"2025-01-28T17:14:05+00:00","dateModified":"2025-01-31T17:27:43+00:00","mainEntityOfPage":{"@id":"https:\/\/exaudi.org\/it\/30-giorni-senza-social-media-cosa-succede-quando-ti-stacchi-davvero\/"},"wordCount":969,"commentCount":0,"image":{"@id":"https:\/\/exaudi.org\/it\/30-giorni-senza-social-media-cosa-succede-quando-ti-stacchi-davvero\/#primaryimage"},"thumbnailUrl":"https:\/\/exaudi.org\/wp-content\/uploads\/2025\/01\/1-8.jpg","keywords":["Adolescenti","disconnessi","mobili","SFIDE","SOCIAL NETWORK","Trending"],"articleSection":["Featured News"],"inLanguage":"it-IT","potentialAction":[{"@type":"CommentAction","name":"Comment","target":["https:\/\/exaudi.org\/it\/30-giorni-senza-social-media-cosa-succede-quando-ti-stacchi-davvero\/#respond"]}]},{"@type":"WebPage","@id":"https:\/\/exaudi.org\/it\/30-giorni-senza-social-media-cosa-succede-quando-ti-stacchi-davvero\/","url":"https:\/\/exaudi.org\/it\/30-giorni-senza-social-media-cosa-succede-quando-ti-stacchi-davvero\/","name":"30 giorni senza social media. Cosa succede quando ti stacchi davvero? &#8211; Exaudi","isPartOf":{"@id":"https:\/\/exaudi.org\/#website"},"primaryImageOfPage":{"@id":"https:\/\/exaudi.org\/it\/30-giorni-senza-social-media-cosa-succede-quando-ti-stacchi-davvero\/#primaryimage"},"image":{"@id":"https:\/\/exaudi.org\/it\/30-giorni-senza-social-media-cosa-succede-quando-ti-stacchi-davvero\/#primaryimage"},"thumbnailUrl":"https:\/\/exaudi.org\/wp-content\/uploads\/2025\/01\/1-8.jpg","datePublished":"2025-01-28T17:14:05+00:00","dateModified":"2025-01-31T17:27:43+00:00","author":{"@id":"https:\/\/exaudi.org\/#\/schema\/person\/7172ef2dcae2a79b5c8b78693cc9fc0a"},"breadcrumb":{"@id":"https:\/\/exaudi.org\/it\/30-giorni-senza-social-media-cosa-succede-quando-ti-stacchi-davvero\/#breadcrumb"},"inLanguage":"it-IT","potentialAction":[{"@type":"ReadAction","target":["https:\/\/exaudi.org\/it\/30-giorni-senza-social-media-cosa-succede-quando-ti-stacchi-davvero\/"]}]},{"@type":"ImageObject","inLanguage":"it-IT","@id":"https:\/\/exaudi.org\/it\/30-giorni-senza-social-media-cosa-succede-quando-ti-stacchi-davvero\/#primaryimage","url":"https:\/\/exaudi.org\/wp-content\/uploads\/2025\/01\/1-8.jpg","contentUrl":"https:\/\/exaudi.org\/wp-content\/uploads\/2025\/01\/1-8.jpg","width":1155,"height":770},{"@type":"BreadcrumbList","@id":"https:\/\/exaudi.org\/it\/30-giorni-senza-social-media-cosa-succede-quando-ti-stacchi-davvero\/#breadcrumb","itemListElement":[{"@type":"ListItem","position":1,"name":"Portada","item":"https:\/\/exaudi.org\/it\/"},{"@type":"ListItem","position":2,"name":"30 giorni senza social media. Cosa succede quando ti stacchi davvero?"}]},{"@type":"WebSite","@id":"https:\/\/exaudi.org\/#website","url":"https:\/\/exaudi.org\/","name":"Exaudi","description":"News","potentialAction":[{"@type":"SearchAction","target":{"@type":"EntryPoint","urlTemplate":"https:\/\/exaudi.org\/?s={search_term_string}"},"query-input":{"@type":"PropertyValueSpecification","valueRequired":true,"valueName":"search_term_string"}}],"inLanguage":"it-IT"},{"@type":"Person","@id":"https:\/\/exaudi.org\/#\/schema\/person\/7172ef2dcae2a79b5c8b78693cc9fc0a","name":"Mayra Novelo","image":{"@type":"ImageObject","inLanguage":"it-IT","@id":"https:\/\/secure.gravatar.com\/avatar\/a59685cc6b7237ed11c6ceb5051fcfc8905619418ab930af70f529f7fb73daee?s=96&d=mm&r=g","url":"https:\/\/secure.gravatar.com\/avatar\/a59685cc6b7237ed11c6ceb5051fcfc8905619418ab930af70f529f7fb73daee?s=96&d=mm&r=g","contentUrl":"https:\/\/secure.gravatar.com\/avatar\/a59685cc6b7237ed11c6ceb5051fcfc8905619418ab930af70f529f7fb73daee?s=96&d=mm&r=g","caption":"Mayra Novelo"},"description":"Hay muchas formas de establecer comunicaci\u00f3n entre nosotros, los seres humanos. Una de ellas es la palabra ya sea escrita o hablada. En mi trabajo cotidiano he descubierto como una mirada y una escucha atenta pueden marcar la diferencia. Como periodista me dedico a la prensa escrita y digital. Como pedagoga sigo atenci\u00f3n los temas relacionados con la educaci\u00f3n y formaci\u00f3n en valores. Y aqu\u00ed estoy para mirar, escuchar, escribir y transmitir; aportando mi granito de arena a la apasionante misi\u00f3n evangelizadora de la Iglesia. Nac\u00ed en M\u00e9xico, cruce un oc\u00e9ano, me cas\u00e9 y vivo en Italia.","sameAs":["https:\/\/www.linkedin.com\/in\/mayra-novelo\/"],"url":"https:\/\/exaudi.org\/it\/author\/mayranovelo\/"}]}},"jetpack_featured_media_url":"https:\/\/exaudi.org\/wp-content\/uploads\/2025\/01\/1-8.jpg","jetpack_shortlink":"https:\/\/wp.me\/pgKjF2-uLA","_links":{"self":[{"href":"https:\/\/exaudi.org\/it\/wp-json\/wp\/v2\/posts\/118270","targetHints":{"allow":["GET"]}}],"collection":[{"href":"https:\/\/exaudi.org\/it\/wp-json\/wp\/v2\/posts"}],"about":[{"href":"https:\/\/exaudi.org\/it\/wp-json\/wp\/v2\/types\/post"}],"author":[{"embeddable":true,"href":"https:\/\/exaudi.org\/it\/wp-json\/wp\/v2\/users\/38"}],"replies":[{"embeddable":true,"href":"https:\/\/exaudi.org\/it\/wp-json\/wp\/v2\/comments?post=118270"}],"version-history":[{"count":0,"href":"https:\/\/exaudi.org\/it\/wp-json\/wp\/v2\/posts\/118270\/revisions"}],"wp:featuredmedia":[{"embeddable":true,"href":"https:\/\/exaudi.org\/it\/wp-json\/wp\/v2\/media\/118271"}],"wp:attachment":[{"href":"https:\/\/exaudi.org\/it\/wp-json\/wp\/v2\/media?parent=118270"}],"wp:term":[{"taxonomy":"category","embeddable":true,"href":"https:\/\/exaudi.org\/it\/wp-json\/wp\/v2\/categories?post=118270"},{"taxonomy":"post_tag","embeddable":true,"href":"https:\/\/exaudi.org\/it\/wp-json\/wp\/v2\/tags?post=118270"}],"curies":[{"name":"wp","href":"https:\/\/api.w.org\/{rel}","templated":true}]}}