{"id":117676,"date":"2025-01-24T19:16:16","date_gmt":"2025-01-24T18:16:16","guid":{"rendered":"https:\/\/exaudi.org\/?p=117676"},"modified":"2025-01-30T00:40:44","modified_gmt":"2025-01-29T23:40:44","slug":"larte-di-vivere-la-spiritualita-durante-il-giorno","status":"publish","type":"post","link":"https:\/\/exaudi.org\/it\/larte-di-vivere-la-spiritualita-durante-il-giorno\/","title":{"rendered":"L&#8217;arte di vivere, la spiritualit\u00e0 durante il giorno"},"content":{"rendered":"<p>In un mondo pieno di responsabilit\u00e0, attivit\u00e0 e fretta, \u00e8 facile cadere nella tentazione di concentrare tutta la nostra vita spirituale in un solo momento della giornata. Molti genitori, con l\u2019agenda piena di attivit\u00e0 extrascolastiche, faccende domestiche e impegni di lavoro, sono costretti a creare una specie di \u201cora santa\u201d, un momento in cui accumulano tutte le loro pratiche pie: la Santa Messa, la preghiera del Rosario o un momento di preghiera. Sebbene questa strategia possa talvolta rivelarsi utile, vivere la spiritualit\u00e0 in questo modo pu\u00f2 comportare alcuni rischi e carenze.<\/p>\n<h3><strong>Perch\u00e9 non \u00e8 l&#8217;ideale concentrare tutto in un&#8217;ora?<\/strong><\/h3>\n<p>Immagina se, invece di suddividere i pasti nell&#8217;arco della giornata, assumessi tutte le calorie in un unico pasto. Anche se occasionalmente pu\u00f2 funzionare, questa abitudine potrebbe influire sulla tua energia e sul tuo benessere. Lo stesso vale per la vita spirituale. Se limitiamo le nostre pratiche di piet\u00e0 a un singolo momento, corriamo il rischio di:<\/p>\n<ul>\n<li><strong>Passaggio alla modalit\u00e0 automatica:<\/strong> dopo aver eseguito diverse regole di piet\u00e0 di seguito, \u00e8 facile perdere l&#8217;attenzione e viverle senza profondit\u00e0.<\/li>\n<li><strong>Mancanza di energia spirituale:<\/strong> se non distribuiamo le nostre pratiche, potremmo rimanere senza \u201ccarburante\u201d per affrontare le sfide quotidiane.<\/li>\n<li><strong>Minore intensit\u00e0:<\/strong> pregare o partecipare ad atti di piet\u00e0 in momenti specifici della giornata ci aiuta a viverli con maggiore intenzione e dedizione.<\/li>\n<\/ul>\n<h3><strong>La soluzione: la spiritualit\u00e0 distribuita<\/strong><\/h3>\n<p>La chiave \u00e8 organizzare le nostre pratiche spirituali in modo che ci accompagnino per tutta la giornata. Ecco alcune idee:<\/p>\n<p><strong>1. Offerta delle opere al risveglio<\/strong><\/p>\n<p>La giornata pu\u00f2 iniziare con il piede giusto offrendo le nostre opere a Dio. Questo piccolo atto di piet\u00e0 ci ricorda che ogni azione, per quanto semplice, ha uno scopo e pu\u00f2 essere offerta come preghiera.<\/p>\n<p><strong>2. Preghiera dell&#8217;Angelus di met\u00e0 mattina<\/strong><\/p>\n<p>L&#8217;Angelus, una breve preghiera che ricorda l&#8217;Incarnazione, \u00e8 l&#8217;ideale per prendersi una pausa dal caos della giornata. Ci aiuta a riconnetterci con Dio e a chiedere l&#8217;intercessione della Vergine Maria per trovare pace e chiarezza.<\/p>\n<p><strong>3. Santo Rosario durante il giorno<\/strong><\/p>\n<p>A un certo punto, prendetevi del tempo per pregare il Rosario. \u00c8 un potente atto di protezione e fiducia per la nostra famiglia. Se \u00e8 difficile fare tutto in una volta, potresti provare a distribuire i misteri nell&#8217;arco della giornata.<\/p>\n<p><strong>4. La Santa Messa: il cuore della giornata<\/strong><\/p>\n<p>Partecipare alla Santa Messa ci collega all&#8217;eternit\u00e0. \u00c8 il momento di essere grati, di fare ammenda e di chiedere ci\u00f2 di cui abbiamo bisogno. Se non \u00e8 possibile partecipare quotidianamente, pu\u00f2 essere significativo unirsi spiritualmente ovunque ci si trovi.<\/p>\n<p><strong>5. Esame di coscienza prima di dormire<\/strong><\/p>\n<p>Chiudere la giornata con un breve esame di coscienza e una preghiera alla Vergine ci aiuta a salutare la giornata con gratitudine e serenit\u00e0. \u00c8 il momento di riflettere su quanto vissuto e di preparare il cuore a un nuovo giorno.<\/p>\n<h3><strong>I vantaggi di questa organizzazione spirituale<\/strong><\/h3>\n<p>Distribuire le regole di piet\u00e0 nell&#8217;arco della giornata ci permette di:<\/p>\n<ul>\n<li>Rinnoviamo costantemente la nostra energia spirituale.<\/li>\n<li>Affronta le difficolt\u00e0 quotidiane con pi\u00f9 pazienza e serenit\u00e0.<\/li>\n<li>Evita di cadere nella routine e vivi ogni pratica con maggiore profondit\u00e0.<\/li>\n<li>Cospargiamo le nostre giornate con la grazia di Dio, facendo di ogni momento un&#8217;opportunit\u00e0 per crescere nella santit\u00e0.<\/li>\n<\/ul>\n<h3><strong>Un invito per quest&#8217;anno<\/strong><\/h3>\n<p>Perch\u00e9 non approfittare di questo nuovo 2025 per riorganizzare le nostre pratiche spirituali? Ponendo strategicamente i nostri obiettivi di piet\u00e0 possiamo trasformare il nostro rapporto con Dio e con gli altri. La vita spirituale non deve essere limitata a una sola ora; Al contrario, pu\u00f2 diventare un filo conduttore che ci mantiene connessi al piano divino per tutta la giornata.<\/p>\n<p>Vivere con Dio non \u00e8 una questione di quantit\u00e0, ma di qualit\u00e0 e coerenza. Facciamo di ogni momento un&#8217;opportunit\u00e0 per avvicinarci a Lui!<\/p>\n","protected":false},"excerpt":{"rendered":"<p>Come integrare la spiritualit\u00e0 in ogni momento della giornata per vivere con uno scopo e in pace<\/p>\n","protected":false},"author":148,"featured_media":117480,"comment_status":"closed","ping_status":"closed","sticky":false,"template":"","format":"standard","meta":{"_acf_changed":false,"_crdt_document":"","inline_featured_image":false,"footnotes":""},"categories":[],"tags":[250,15200,20616,7626,21978,21978,21978,21978,21978,21978,21978,21978,21978,21978,21978,21978,21978,21978,21978,21978,21978,21978,21978,21978,21978,21978,21978,21978,21978,21978,21978,21978,21978,21978,21978,21978,21978,21978,21978,22669,22671,22672,20944,1862,6449,40355,14223,15442],"class_list":{"0":"post-117676","1":"post","2":"type-post","3":"status-publish","4":"format-standard","5":"has-post-thumbnail","6":"hentry","7":"tag-angelus-it","8":"tag-crescita-spirituale","9":"tag-famiglia-cristiana-3","10":"tag-featured-it","11":"tag-mar-dorrio-3","46":"tag-organizzazione-spirituale","47":"tag-pieta-quotidiana","48":"tag-pratiche-spirituali","49":"tag-preghiera-quotidiana","50":"tag-rosario","51":"tag-santa-messa","52":"tag-spiritualita-quotidiana","53":"tag-vita-cristiana","54":"tag-vita-spirituale"},"acf":[],"yoast_head":"<!-- This site is optimized with the Yoast SEO plugin v27.5 - https:\/\/yoast.com\/product\/yoast-seo-wordpress\/ -->\n<title>L&#039;arte di vivere, la spiritualit\u00e0 durante il giorno &#8211; Exaudi<\/title>\n<meta name=\"robots\" content=\"index, follow, max-snippet:-1, max-image-preview:large, max-video-preview:-1\" \/>\n<link rel=\"canonical\" href=\"https:\/\/exaudi.org\/it\/larte-di-vivere-la-spiritualita-durante-il-giorno\/\" \/>\n<meta property=\"og:locale\" content=\"it_IT\" \/>\n<meta property=\"og:type\" content=\"article\" \/>\n<meta property=\"og:title\" content=\"L&#039;arte di vivere, la spiritualit\u00e0 durante il giorno &#8211; Exaudi\" \/>\n<meta property=\"og:description\" content=\"Come integrare la spiritualit\u00e0 in ogni momento della giornata per vivere con uno scopo e in pace\" \/>\n<meta property=\"og:url\" content=\"https:\/\/exaudi.org\/it\/larte-di-vivere-la-spiritualita-durante-il-giorno\/\" \/>\n<meta property=\"og:site_name\" content=\"Exaudi\" \/>\n<meta property=\"article:publisher\" content=\"https:\/\/www.facebook.com\/ExaudiNews\" \/>\n<meta property=\"article:published_time\" content=\"2025-01-24T18:16:16+00:00\" \/>\n<meta property=\"article:modified_time\" content=\"2025-01-29T23:40:44+00:00\" \/>\n<meta property=\"og:image\" content=\"https:\/\/exaudi.org\/wp-content\/uploads\/2025\/01\/pexels-karolina-grabowska-5202611-scaled.jpg\" \/>\n\t<meta property=\"og:image:width\" content=\"2560\" \/>\n\t<meta property=\"og:image:height\" content=\"1707\" \/>\n\t<meta property=\"og:image:type\" content=\"image\/jpeg\" \/>\n<meta name=\"author\" content=\"Mar Dorrio\" \/>\n<meta name=\"twitter:card\" content=\"summary_large_image\" \/>\n<meta name=\"twitter:creator\" content=\"@Exaudi_News\" \/>\n<meta name=\"twitter:site\" content=\"@Exaudi_News\" \/>\n<meta name=\"twitter:label1\" content=\"Scritto da\" \/>\n\t<meta name=\"twitter:data1\" content=\"Mar Dorrio\" \/>\n\t<meta name=\"twitter:label2\" content=\"Tempo di lettura stimato\" \/>\n\t<meta name=\"twitter:data2\" content=\"3 minuti\" \/>\n<script type=\"application\/ld+json\" class=\"yoast-schema-graph\">{\"@context\":\"https:\\\/\\\/schema.org\",\"@graph\":[{\"@type\":\"Article\",\"@id\":\"https:\\\/\\\/exaudi.org\\\/it\\\/larte-di-vivere-la-spiritualita-durante-il-giorno\\\/#article\",\"isPartOf\":{\"@id\":\"https:\\\/\\\/exaudi.org\\\/it\\\/larte-di-vivere-la-spiritualita-durante-il-giorno\\\/\"},\"author\":{\"name\":\"Mar Dorrio\",\"@id\":\"https:\\\/\\\/exaudi.org\\\/#\\\/schema\\\/person\\\/190063d92b4c81e4169e81af30a8b9db\"},\"headline\":\"L&#8217;arte di vivere, la spiritualit\u00e0 durante il giorno\",\"datePublished\":\"2025-01-24T18:16:16+00:00\",\"dateModified\":\"2025-01-29T23:40:44+00:00\",\"mainEntityOfPage\":{\"@id\":\"https:\\\/\\\/exaudi.org\\\/it\\\/larte-di-vivere-la-spiritualita-durante-il-giorno\\\/\"},\"wordCount\":624,\"image\":{\"@id\":\"https:\\\/\\\/exaudi.org\\\/it\\\/larte-di-vivere-la-spiritualita-durante-il-giorno\\\/#primaryimage\"},\"thumbnailUrl\":\"https:\\\/\\\/exaudi.org\\\/wp-content\\\/uploads\\\/2025\\\/01\\\/pexels-karolina-grabowska-5202611-scaled.jpg\",\"keywords\":[\"\u00e1ngelus\",\"crescita spirituale\",\"FAMIGLIA CRISTIANA\",\"Featured\",\"MAR DORRIO\",\"MAR DORRIO\",\"MAR DORRIO\",\"MAR DORRIO\",\"MAR DORRIO\",\"MAR DORRIO\",\"MAR DORRIO\",\"MAR DORRIO\",\"MAR DORRIO\",\"MAR DORRIO\",\"MAR DORRIO\",\"MAR DORRIO\",\"MAR DORRIO\",\"MAR DORRIO\",\"MAR DORRIO\",\"MAR DORRIO\",\"MAR DORRIO\",\"MAR DORRIO\",\"MAR DORRIO\",\"MAR DORRIO\",\"MAR DORRIO\",\"MAR DORRIO\",\"MAR DORRIO\",\"MAR DORRIO\",\"MAR DORRIO\",\"MAR DORRIO\",\"MAR DORRIO\",\"MAR DORRIO\",\"MAR DORRIO\",\"MAR DORRIO\",\"MAR DORRIO\",\"MAR DORRIO\",\"MAR DORRIO\",\"MAR DORRIO\",\"MAR DORRIO\",\"organizzazione spirituale\",\"piet\u00e0 quotidiana\",\"pratiche spirituali\",\"PREGHIERA QUOTIDIANA\",\"Rosario\",\"Santa Messa\",\"spiritualit\u00e0 quotidiana\",\"VITA CRISTIANA\",\"VITA SPIRITUALE\"],\"inLanguage\":\"it-IT\"},{\"@type\":\"WebPage\",\"@id\":\"https:\\\/\\\/exaudi.org\\\/it\\\/larte-di-vivere-la-spiritualita-durante-il-giorno\\\/\",\"url\":\"https:\\\/\\\/exaudi.org\\\/it\\\/larte-di-vivere-la-spiritualita-durante-il-giorno\\\/\",\"name\":\"L'arte di vivere, la spiritualit\u00e0 durante il giorno &#8211; Exaudi\",\"isPartOf\":{\"@id\":\"https:\\\/\\\/exaudi.org\\\/#website\"},\"primaryImageOfPage\":{\"@id\":\"https:\\\/\\\/exaudi.org\\\/it\\\/larte-di-vivere-la-spiritualita-durante-il-giorno\\\/#primaryimage\"},\"image\":{\"@id\":\"https:\\\/\\\/exaudi.org\\\/it\\\/larte-di-vivere-la-spiritualita-durante-il-giorno\\\/#primaryimage\"},\"thumbnailUrl\":\"https:\\\/\\\/exaudi.org\\\/wp-content\\\/uploads\\\/2025\\\/01\\\/pexels-karolina-grabowska-5202611-scaled.jpg\",\"datePublished\":\"2025-01-24T18:16:16+00:00\",\"dateModified\":\"2025-01-29T23:40:44+00:00\",\"author\":{\"@id\":\"https:\\\/\\\/exaudi.org\\\/#\\\/schema\\\/person\\\/190063d92b4c81e4169e81af30a8b9db\"},\"breadcrumb\":{\"@id\":\"https:\\\/\\\/exaudi.org\\\/it\\\/larte-di-vivere-la-spiritualita-durante-il-giorno\\\/#breadcrumb\"},\"inLanguage\":\"it-IT\",\"potentialAction\":[{\"@type\":\"ReadAction\",\"target\":[\"https:\\\/\\\/exaudi.org\\\/it\\\/larte-di-vivere-la-spiritualita-durante-il-giorno\\\/\"]}]},{\"@type\":\"ImageObject\",\"inLanguage\":\"it-IT\",\"@id\":\"https:\\\/\\\/exaudi.org\\\/it\\\/larte-di-vivere-la-spiritualita-durante-il-giorno\\\/#primaryimage\",\"url\":\"https:\\\/\\\/exaudi.org\\\/wp-content\\\/uploads\\\/2025\\\/01\\\/pexels-karolina-grabowska-5202611-scaled.jpg\",\"contentUrl\":\"https:\\\/\\\/exaudi.org\\\/wp-content\\\/uploads\\\/2025\\\/01\\\/pexels-karolina-grabowska-5202611-scaled.jpg\",\"width\":2560,\"height\":1707},{\"@type\":\"BreadcrumbList\",\"@id\":\"https:\\\/\\\/exaudi.org\\\/it\\\/larte-di-vivere-la-spiritualita-durante-il-giorno\\\/#breadcrumb\",\"itemListElement\":[{\"@type\":\"ListItem\",\"position\":1,\"name\":\"Portada\",\"item\":\"https:\\\/\\\/exaudi.org\\\/it\\\/\"},{\"@type\":\"ListItem\",\"position\":2,\"name\":\"L&#8217;arte di vivere, la spiritualit\u00e0 durante il giorno\"}]},{\"@type\":\"WebSite\",\"@id\":\"https:\\\/\\\/exaudi.org\\\/#website\",\"url\":\"https:\\\/\\\/exaudi.org\\\/\",\"name\":\"Exaudi\",\"description\":\"News\",\"potentialAction\":[{\"@type\":\"SearchAction\",\"target\":{\"@type\":\"EntryPoint\",\"urlTemplate\":\"https:\\\/\\\/exaudi.org\\\/?s={search_term_string}\"},\"query-input\":{\"@type\":\"PropertyValueSpecification\",\"valueRequired\":true,\"valueName\":\"search_term_string\"}}],\"inLanguage\":\"it-IT\"},{\"@type\":\"Person\",\"@id\":\"https:\\\/\\\/exaudi.org\\\/#\\\/schema\\\/person\\\/190063d92b4c81e4169e81af30a8b9db\",\"name\":\"Mar Dorrio\",\"image\":{\"@type\":\"ImageObject\",\"inLanguage\":\"it-IT\",\"@id\":\"https:\\\/\\\/secure.gravatar.com\\\/avatar\\\/e83dfcdce3efd6639efe212c38daa01e5377afde4390bfc27b30d803ee0b7fa5?s=96&d=mm&r=g\",\"url\":\"https:\\\/\\\/secure.gravatar.com\\\/avatar\\\/e83dfcdce3efd6639efe212c38daa01e5377afde4390bfc27b30d803ee0b7fa5?s=96&d=mm&r=g\",\"contentUrl\":\"https:\\\/\\\/secure.gravatar.com\\\/avatar\\\/e83dfcdce3efd6639efe212c38daa01e5377afde4390bfc27b30d803ee0b7fa5?s=96&d=mm&r=g\",\"caption\":\"Mar Dorrio\"},\"description\":\"Ser madre de 12 hijos hace que tenga experiencia en psicolog\u00eda, enfermer\u00eda, restauraci\u00f3n, decoraci\u00f3n, organizaci\u00f3n de eventos, coaching de superaci\u00f3n... Y todo regado con la capacidad de trabajo que te da estar disponible las 24 horas del d\u00eda durante 25 a\u00f1os. Con la ilusi\u00f3n de compartir tantas vivencias, cre\u00e9 la cuenta @whynottwelve, actualmente con m\u00e1s de 11.000 seguidores, y la actividad sin \u00e1nimo de lucro \\\"Caf\u00e9 de los Viernes\\\", que consiste en la organizaci\u00f3n de caf\u00e9s simult\u00e1neos en casas particulares de diversas ciudades del mundo, en los que se ofrece, a trav\u00e9s de internet, un testimonio que pretende ayudar a los participantes a acercarse a Dios y a mejorar sus vidas.\",\"sameAs\":[\"https:\\\/\\\/www.instagram.com\\\/whynottwelve\\\/?hl=es\",\"https:\\\/youtu.be\\\/_QDuXCRFK4\"],\"url\":\"https:\\\/\\\/exaudi.org\\\/it\\\/author\\\/mar-dorrio\\\/\"}]}<\/script>\n<!-- \/ Yoast SEO plugin. -->","yoast_head_json":{"title":"L'arte di vivere, la spiritualit\u00e0 durante il giorno &#8211; Exaudi","robots":{"index":"index","follow":"follow","max-snippet":"max-snippet:-1","max-image-preview":"max-image-preview:large","max-video-preview":"max-video-preview:-1"},"canonical":"https:\/\/exaudi.org\/it\/larte-di-vivere-la-spiritualita-durante-il-giorno\/","og_locale":"it_IT","og_type":"article","og_title":"L'arte di vivere, la spiritualit\u00e0 durante il giorno &#8211; Exaudi","og_description":"Come integrare la spiritualit\u00e0 in ogni momento della giornata per vivere con uno scopo e in pace","og_url":"https:\/\/exaudi.org\/it\/larte-di-vivere-la-spiritualita-durante-il-giorno\/","og_site_name":"Exaudi","article_publisher":"https:\/\/www.facebook.com\/ExaudiNews","article_published_time":"2025-01-24T18:16:16+00:00","article_modified_time":"2025-01-29T23:40:44+00:00","og_image":[{"width":2560,"height":1707,"url":"https:\/\/exaudi.org\/wp-content\/uploads\/2025\/01\/pexels-karolina-grabowska-5202611-scaled.jpg","type":"image\/jpeg"}],"author":"Mar Dorrio","twitter_card":"summary_large_image","twitter_creator":"@Exaudi_News","twitter_site":"@Exaudi_News","twitter_misc":{"Scritto da":"Mar Dorrio","Tempo di lettura stimato":"3 minuti"},"schema":{"@context":"https:\/\/schema.org","@graph":[{"@type":"Article","@id":"https:\/\/exaudi.org\/it\/larte-di-vivere-la-spiritualita-durante-il-giorno\/#article","isPartOf":{"@id":"https:\/\/exaudi.org\/it\/larte-di-vivere-la-spiritualita-durante-il-giorno\/"},"author":{"name":"Mar Dorrio","@id":"https:\/\/exaudi.org\/#\/schema\/person\/190063d92b4c81e4169e81af30a8b9db"},"headline":"L&#8217;arte di vivere, la spiritualit\u00e0 durante il giorno","datePublished":"2025-01-24T18:16:16+00:00","dateModified":"2025-01-29T23:40:44+00:00","mainEntityOfPage":{"@id":"https:\/\/exaudi.org\/it\/larte-di-vivere-la-spiritualita-durante-il-giorno\/"},"wordCount":624,"image":{"@id":"https:\/\/exaudi.org\/it\/larte-di-vivere-la-spiritualita-durante-il-giorno\/#primaryimage"},"thumbnailUrl":"https:\/\/exaudi.org\/wp-content\/uploads\/2025\/01\/pexels-karolina-grabowska-5202611-scaled.jpg","keywords":["\u00e1ngelus","crescita spirituale","FAMIGLIA CRISTIANA","Featured","MAR DORRIO","MAR DORRIO","MAR DORRIO","MAR DORRIO","MAR DORRIO","MAR DORRIO","MAR DORRIO","MAR DORRIO","MAR DORRIO","MAR DORRIO","MAR DORRIO","MAR DORRIO","MAR DORRIO","MAR DORRIO","MAR DORRIO","MAR DORRIO","MAR DORRIO","MAR DORRIO","MAR DORRIO","MAR DORRIO","MAR DORRIO","MAR DORRIO","MAR DORRIO","MAR DORRIO","MAR DORRIO","MAR DORRIO","MAR DORRIO","MAR DORRIO","MAR DORRIO","MAR DORRIO","MAR DORRIO","MAR DORRIO","MAR DORRIO","MAR DORRIO","MAR DORRIO","organizzazione spirituale","piet\u00e0 quotidiana","pratiche spirituali","PREGHIERA QUOTIDIANA","Rosario","Santa Messa","spiritualit\u00e0 quotidiana","VITA CRISTIANA","VITA SPIRITUALE"],"inLanguage":"it-IT"},{"@type":"WebPage","@id":"https:\/\/exaudi.org\/it\/larte-di-vivere-la-spiritualita-durante-il-giorno\/","url":"https:\/\/exaudi.org\/it\/larte-di-vivere-la-spiritualita-durante-il-giorno\/","name":"L'arte di vivere, la spiritualit\u00e0 durante il giorno &#8211; Exaudi","isPartOf":{"@id":"https:\/\/exaudi.org\/#website"},"primaryImageOfPage":{"@id":"https:\/\/exaudi.org\/it\/larte-di-vivere-la-spiritualita-durante-il-giorno\/#primaryimage"},"image":{"@id":"https:\/\/exaudi.org\/it\/larte-di-vivere-la-spiritualita-durante-il-giorno\/#primaryimage"},"thumbnailUrl":"https:\/\/exaudi.org\/wp-content\/uploads\/2025\/01\/pexels-karolina-grabowska-5202611-scaled.jpg","datePublished":"2025-01-24T18:16:16+00:00","dateModified":"2025-01-29T23:40:44+00:00","author":{"@id":"https:\/\/exaudi.org\/#\/schema\/person\/190063d92b4c81e4169e81af30a8b9db"},"breadcrumb":{"@id":"https:\/\/exaudi.org\/it\/larte-di-vivere-la-spiritualita-durante-il-giorno\/#breadcrumb"},"inLanguage":"it-IT","potentialAction":[{"@type":"ReadAction","target":["https:\/\/exaudi.org\/it\/larte-di-vivere-la-spiritualita-durante-il-giorno\/"]}]},{"@type":"ImageObject","inLanguage":"it-IT","@id":"https:\/\/exaudi.org\/it\/larte-di-vivere-la-spiritualita-durante-il-giorno\/#primaryimage","url":"https:\/\/exaudi.org\/wp-content\/uploads\/2025\/01\/pexels-karolina-grabowska-5202611-scaled.jpg","contentUrl":"https:\/\/exaudi.org\/wp-content\/uploads\/2025\/01\/pexels-karolina-grabowska-5202611-scaled.jpg","width":2560,"height":1707},{"@type":"BreadcrumbList","@id":"https:\/\/exaudi.org\/it\/larte-di-vivere-la-spiritualita-durante-il-giorno\/#breadcrumb","itemListElement":[{"@type":"ListItem","position":1,"name":"Portada","item":"https:\/\/exaudi.org\/it\/"},{"@type":"ListItem","position":2,"name":"L&#8217;arte di vivere, la spiritualit\u00e0 durante il giorno"}]},{"@type":"WebSite","@id":"https:\/\/exaudi.org\/#website","url":"https:\/\/exaudi.org\/","name":"Exaudi","description":"News","potentialAction":[{"@type":"SearchAction","target":{"@type":"EntryPoint","urlTemplate":"https:\/\/exaudi.org\/?s={search_term_string}"},"query-input":{"@type":"PropertyValueSpecification","valueRequired":true,"valueName":"search_term_string"}}],"inLanguage":"it-IT"},{"@type":"Person","@id":"https:\/\/exaudi.org\/#\/schema\/person\/190063d92b4c81e4169e81af30a8b9db","name":"Mar Dorrio","image":{"@type":"ImageObject","inLanguage":"it-IT","@id":"https:\/\/secure.gravatar.com\/avatar\/e83dfcdce3efd6639efe212c38daa01e5377afde4390bfc27b30d803ee0b7fa5?s=96&d=mm&r=g","url":"https:\/\/secure.gravatar.com\/avatar\/e83dfcdce3efd6639efe212c38daa01e5377afde4390bfc27b30d803ee0b7fa5?s=96&d=mm&r=g","contentUrl":"https:\/\/secure.gravatar.com\/avatar\/e83dfcdce3efd6639efe212c38daa01e5377afde4390bfc27b30d803ee0b7fa5?s=96&d=mm&r=g","caption":"Mar Dorrio"},"description":"Ser madre de 12 hijos hace que tenga experiencia en psicolog\u00eda, enfermer\u00eda, restauraci\u00f3n, decoraci\u00f3n, organizaci\u00f3n de eventos, coaching de superaci\u00f3n... Y todo regado con la capacidad de trabajo que te da estar disponible las 24 horas del d\u00eda durante 25 a\u00f1os. Con la ilusi\u00f3n de compartir tantas vivencias, cre\u00e9 la cuenta @whynottwelve, actualmente con m\u00e1s de 11.000 seguidores, y la actividad sin \u00e1nimo de lucro \"Caf\u00e9 de los Viernes\", que consiste en la organizaci\u00f3n de caf\u00e9s simult\u00e1neos en casas particulares de diversas ciudades del mundo, en los que se ofrece, a trav\u00e9s de internet, un testimonio que pretende ayudar a los participantes a acercarse a Dios y a mejorar sus vidas.","sameAs":["https:\/\/www.instagram.com\/whynottwelve\/?hl=es","https:\/youtu.be\/_QDuXCRFK4"],"url":"https:\/\/exaudi.org\/it\/author\/mar-dorrio\/"}]}},"jetpack_featured_media_url":"https:\/\/exaudi.org\/wp-content\/uploads\/2025\/01\/pexels-karolina-grabowska-5202611-scaled.jpg","jetpack_shortlink":"https:\/\/wp.me\/pgKjF2-uC0","_links":{"self":[{"href":"https:\/\/exaudi.org\/it\/wp-json\/wp\/v2\/posts\/117676","targetHints":{"allow":["GET"]}}],"collection":[{"href":"https:\/\/exaudi.org\/it\/wp-json\/wp\/v2\/posts"}],"about":[{"href":"https:\/\/exaudi.org\/it\/wp-json\/wp\/v2\/types\/post"}],"author":[{"embeddable":true,"href":"https:\/\/exaudi.org\/it\/wp-json\/wp\/v2\/users\/148"}],"replies":[{"embeddable":true,"href":"https:\/\/exaudi.org\/it\/wp-json\/wp\/v2\/comments?post=117676"}],"version-history":[{"count":0,"href":"https:\/\/exaudi.org\/it\/wp-json\/wp\/v2\/posts\/117676\/revisions"}],"wp:featuredmedia":[{"embeddable":true,"href":"https:\/\/exaudi.org\/it\/wp-json\/wp\/v2\/media\/117480"}],"wp:attachment":[{"href":"https:\/\/exaudi.org\/it\/wp-json\/wp\/v2\/media?parent=117676"}],"wp:term":[{"taxonomy":"category","embeddable":true,"href":"https:\/\/exaudi.org\/it\/wp-json\/wp\/v2\/categories?post=117676"},{"taxonomy":"post_tag","embeddable":true,"href":"https:\/\/exaudi.org\/it\/wp-json\/wp\/v2\/tags?post=117676"}],"curies":[{"name":"wp","href":"https:\/\/api.w.org\/{rel}","templated":true}]}}