{"id":117586,"date":"2025-01-23T20:33:50","date_gmt":"2025-01-23T19:33:50","guid":{"rendered":"https:\/\/exaudi.org\/?p=117586"},"modified":"2025-01-23T20:33:50","modified_gmt":"2025-01-23T19:33:50","slug":"torreciudad-2024-un-anno-di-fede-cultura-e-crescita-turistica","status":"publish","type":"post","link":"https:\/\/exaudi.org\/it\/torreciudad-2024-un-anno-di-fede-cultura-e-crescita-turistica\/","title":{"rendered":"Torreciudad 2024: un anno di fede, cultura e crescita turistica"},"content":{"rendered":"<p>Il Consiglio di Amministrazione di Torreciudad ha predisposto informazioni sui visitatori e sulle attivit\u00e0 del 2024 come anteprima del Rapporto Annuale che pubblica ogni anno. L&#8217;anno scorso Torreciudad ha accolto circa 185.000 persone in tutto il mondo. L&#8217;afflusso pi\u00f9 elevato si \u00e8 verificato nei mesi di agosto (32.300), luglio (20.500) e marzo (20.400), un andamento comune direttamente collegato alle vacanze estive e alla Pasqua.<\/p>\n<h3><strong>Origine geografica<\/strong><\/h3>\n<p>Un buon numero di questi visitatori viene assistito personalmente dall&#8217;Ufficio Turistico di Torreciudad. Nel 2024, il 15,21% proveniva da 58 nazioni, mentre il restante 84,29% era turismo nazionale. Tra i paesi di origine spiccano la Francia (28,27% del totale degli stranieri), il Portogallo (9,26%), gli Stati Uniti (8,20%) e il Regno Unito (5,42%). Per quanto riguarda l&#8217;origine spagnola, la Catalogna \u00e8 stata la principale origine dei visitatori (26,49% dei nazionali), seguita dalla Comunit\u00e0 di Madrid (25,40%), dall&#8217;Aragona (10,48%), dalla Comunit\u00e0 Valenciana (7,07%) e dalla Navarra (6,97%).<\/p>\n<h3><strong>Tipologia dei gruppi<\/strong><\/h3>\n<p>Il profilo dei visitatori che giungono a Torreciudad per motivi di fede e viaggiano in gruppi organizzati ha mostrato una netta continuit\u00e0 nel corso del 2024 rispetto ai periodi precedenti: durante tutto l&#8217;anno hanno realizzato pellegrinaggi presso parrocchie, confraternite, congregazioni religiose, scuole di ispirazione cattolica, gruppi di credenti, movimenti ecclesiali e altre comunit\u00e0 religiose dotate di diversi carismi. Tuttavia, la maggior parte del pubblico (circa il 60%) si identifica con la tipologia &#8220;famiglia e amici&#8221;. Si tratta di piccoli gruppi che organizzano il loro viaggio in modo autonomo e flessibile, raccogliendo informazioni in anticipo attraverso Internet e i social network.<\/p>\n<h3><strong><img loading=\"lazy\" decoding=\"async\" class=\"size-medium wp-image-117562 alignleft\" src=\"https:\/\/exaudi.org\/wp-content\/uploads\/2025\/01\/Alumnos-del-colegio-Vanalinna-Hariduskolleegium-Tallin-Estonia-de-visita-en-Torreciudad-300x200.jpg\" alt=\"\" width=\"300\" height=\"200\" srcset=\"https:\/\/exaudi.org\/wp-content\/uploads\/2025\/01\/Alumnos-del-colegio-Vanalinna-Hariduskolleegium-Tallin-Estonia-de-visita-en-Torreciudad-300x200.jpg 300w, https:\/\/exaudi.org\/wp-content\/uploads\/2025\/01\/Alumnos-del-colegio-Vanalinna-Hariduskolleegium-Tallin-Estonia-de-visita-en-Torreciudad-1024x683.jpg 1024w, https:\/\/exaudi.org\/wp-content\/uploads\/2025\/01\/Alumnos-del-colegio-Vanalinna-Hariduskolleegium-Tallin-Estonia-de-visita-en-Torreciudad-770x514.jpg 770w, https:\/\/exaudi.org\/wp-content\/uploads\/2025\/01\/Alumnos-del-colegio-Vanalinna-Hariduskolleegium-Tallin-Estonia-de-visita-en-Torreciudad-1536x1024.jpg 1536w, https:\/\/exaudi.org\/wp-content\/uploads\/2025\/01\/Alumnos-del-colegio-Vanalinna-Hariduskolleegium-Tallin-Estonia-de-visita-en-Torreciudad-2048x1366.jpg 2048w, https:\/\/exaudi.org\/wp-content\/uploads\/2025\/01\/Alumnos-del-colegio-Vanalinna-Hariduskolleegium-Tallin-Estonia-de-visita-en-Torreciudad-360x240.jpg?crop=1 360w, https:\/\/exaudi.org\/wp-content\/uploads\/2025\/01\/Alumnos-del-colegio-Vanalinna-Hariduskolleegium-Tallin-Estonia-de-visita-en-Torreciudad-500x333.jpg 500w, https:\/\/exaudi.org\/wp-content\/uploads\/2025\/01\/Alumnos-del-colegio-Vanalinna-Hariduskolleegium-Tallin-Estonia-de-visita-en-Torreciudad-1155x770.jpg 1155w, https:\/\/exaudi.org\/wp-content\/uploads\/2025\/01\/Alumnos-del-colegio-Vanalinna-Hariduskolleegium-Tallin-Estonia-de-visita-en-Torreciudad-370x247.jpg 370w, https:\/\/exaudi.org\/wp-content\/uploads\/2025\/01\/Alumnos-del-colegio-Vanalinna-Hariduskolleegium-Tallin-Estonia-de-visita-en-Torreciudad-293x195.jpg 293w, https:\/\/exaudi.org\/wp-content\/uploads\/2025\/01\/Alumnos-del-colegio-Vanalinna-Hariduskolleegium-Tallin-Estonia-de-visita-en-Torreciudad-1400x934.jpg 1400w, https:\/\/exaudi.org\/wp-content\/uploads\/2025\/01\/Alumnos-del-colegio-Vanalinna-Hariduskolleegium-Tallin-Estonia-de-visita-en-Torreciudad-120x80.jpg 120w, https:\/\/exaudi.org\/wp-content\/uploads\/2025\/01\/Alumnos-del-colegio-Vanalinna-Hariduskolleegium-Tallin-Estonia-de-visita-en-Torreciudad-240x160.jpg 240w, https:\/\/exaudi.org\/wp-content\/uploads\/2025\/01\/Alumnos-del-colegio-Vanalinna-Hariduskolleegium-Tallin-Estonia-de-visita-en-Torreciudad-390x260.jpg 390w\" sizes=\"auto, (max-width: 300px) 100vw, 300px\" \/>Promozione turistica<\/strong><\/h3>\n<p>Questo pubblico familiare \u00e8 attratto anche dall&#8217;ampia offerta di svago, risorse culturali, naturali e gastronomiche che si trovano nei pressi di Torreciudad. Le conversazioni con questi gruppi da parte del personale che li assiste all&#8217;arrivo confermano che tendono ad aumentare la loro permanenza nella zona quando vengono a conoscenza della variet\u00e0 di attrazioni turistiche a loro disposizione.<\/p>\n<p>In questa linea di promozione, l&#8217;Ufficio del Turismo di Torreciudad distribuisce, attraverso mailing digitali e brochure, informazioni di vario tipo su itinerari culturali, ristoranti e hotel, parchi naturali, centri di interpretazione, cantine vinicole, sport d&#8217;avventura, itinerari gastronomici e altre risorse della zona.<\/p>\n<p>La stretta collaborazione instaurata con la Giunta dell&#8217;Aragona \u00e8 proseguita anche nel 2024 per servire lo sportello del turismo religioso che Turismo de Arag\u00f3n inserisce negli stand con cui svolge attivit\u00e0 promozionali in numerose fiere del settore.<\/p>\n<h3><strong>Spazi museografici<\/strong><\/h3>\n<p>Diversi tour operator internazionali e agenzie di viaggio dedicate al turismo religioso includono gi\u00e0 la museografia di Torreciudad come elemento di riferimento nell&#8217;organizzazione dei pellegrinaggi. Il visitatore potr\u00e0 accedere allo Spazio \u201cVivi l\u2019esperienza della fede\u201d, che nel corso del 2024 ha accolto 15.414 persone, e al video-mapping \u201cLa pala ti racconta\u201d, disponibile in tre versioni (Natalizia, Pasquale e quella consueta per il resto dell\u2019anno) e in tre lingue (spagnolo, inglese e francese). Alle proiezioni hanno partecipato circa 21.000 persone.<\/p>\n<p>La galleria delle devozioni mariane \u00e8 aperta anche al pubblico. L&#8217;anno scorso, 14 nuove immagini della Vergine Maria sono state aggiunte alla galleria durante i pellegrinaggi dalla Corea del Sud, Bulgaria, Sudafrica, Cile e Spagna. Attualmente nella galleria \u00e8 possibile ammirare un totale di 557 Santi Patroni provenienti da 81 paesi distribuiti su cinque continenti.<\/p>\n<h3><strong>Diffusione digitale<\/strong><\/h3>\n<p>Il numero di follower sui social network di Torreciudad \u00e8 aumentato del 9,44% rispetto al 2023, passando da 86.676 a 94.857. In questa occasione, il network che \u00e8 cresciuto di pi\u00f9 in termini percentuali \u00e8 stato Instagram (15,53%, da 18.780 a 21.696), seguito da Facebook (12,53%, da 16.746 a 18.845) e YouTube (7,26%, da 41.231 a 44.225 abbonati).<\/p>\n<p>Le informazioni su Torreciudad vengono diffuse anche digitalmente attraverso una newsletter mensile via email (12.673 indirizzi) e l&#8217;invio di un messaggio informativo settimanale tramite mailing list WhatsApp a 2.689 destinatari. Per quanto riguarda le opinioni dei visitatori, le recensioni pubblicate su Google sono aumentate del 3,74% e gli utenti assegnano a Torreciudad un punteggio medio di 4,7 su 5 su un totale di 3.688 recensioni pubblicate.<\/p>\n<h3><strong>Trasmissioni in diretta<\/strong><\/h3>\n<p>Ogni giorno il canale YouTube di Torreciudad trasmette in diretta la celebrazione della messa e la recita del rosario e dell&#8217;Angelus. Nel 2024, le visualizzazioni sono state pi\u00f9 di 350.000 da 38 Paesi e i video che aiutano le persone a pregare il rosario hanno superato i due milioni di visualizzazioni. Il numero di richieste alla Madonna di Torreciudad ricevute sul sito web del santuario \u00e8 stato di 6.852, il 48,67% in pi\u00f9 rispetto al 2023. Dopo la preghiera dell&#8217;Angelus, queste richieste vengono lette ogni giorno davanti alla sua immagine.<\/p>\n<h3><strong>Progetti per il 2025<\/strong><\/h3>\n<p>L&#8217;Assemblea annuale dei delegati del Consiglio di amministrazione di Torreciudad terr\u00e0 la sua 49\u00aa edizione l&#8217;8 e il 9 marzo. I compiti di pianificazione per il 2025 che si svolgeranno in quei giorni si concentreranno sulla promozione dei pellegrinaggi e delle giornate tradizionali, in particolare della Giornata mariana della Famiglia, e sulla preparazione del 50\u00b0 anniversario dell&#8217;apertura al culto della nuova Torreciudad, inaugurata il 7 luglio 1975. Anche la pastorale familiare ricever\u00e0 un notevole impulso, soprattutto con l&#8217;organizzazione di diverse edizioni dei corsi per coppie sposate &#8220;TWOgether Torreciudad&#8221;, nonch\u00e9 con l&#8217;esperienza spirituale del Giubileo 2025 indetto da Papa Francesco.<\/p>\n","protected":false},"excerpt":{"rendered":"<p>Informazioni sui visitatori e sulle attivit\u00e0 nel 2024<\/p>\n","protected":false},"author":17,"featured_media":117565,"comment_status":"closed","ping_status":"closed","sticky":false,"template":"","format":"standard","meta":{"_acf_changed":false,"_crdt_document":"","inline_featured_image":false,"footnotes":""},"categories":[58],"tags":[42178,34379,42180,42179,42181,15069,9070,42182,42185,21816,2584,42183,42184,18875,9886,42186,42189,42187,42188,42190,42191,42192],"class_list":["post-117586","post","type-post","status-publish","format-standard","has-post-thumbnail","hentry","category-featured-news","tag-santuario-de-torreciudad-3","tag-attivita-culturali","tag-corsi-per-coppie-sposate","tag-devozioni-mariane","tag-eventi-religiosi-spagna","tag-fede-e-cultura","tag-giubileo-2025-2","tag-museografia-religiosa-2","tag-pala-daltare-di-torreciudad","tag-pastorale-familiare","tag-pellegrinaggi","tag-promozione-turistica","tag-reti-sociali-di-torreciudad","tag-spiritualita-cristiana","tag-torreciudad-2","tag-torreciudad-2024-2","tag-turismo-familiare","tag-turismo-in-aragona","tag-turismo-in-spagna","tag-turismo-internazionale","tag-turismo-religioso-2","tag-video-mapping-di-torreciudad"],"acf":[],"yoast_head":"<!-- This site is optimized with the Yoast SEO plugin v27.5 - https:\/\/yoast.com\/product\/yoast-seo-wordpress\/ -->\n<title>Torreciudad 2024: un anno di fede, cultura e crescita turistica &#8211; Exaudi<\/title>\n<meta name=\"robots\" content=\"index, follow, max-snippet:-1, max-image-preview:large, max-video-preview:-1\" \/>\n<link rel=\"canonical\" href=\"https:\/\/exaudi.org\/it\/torreciudad-2024-un-anno-di-fede-cultura-e-crescita-turistica\/\" \/>\n<meta property=\"og:locale\" content=\"it_IT\" \/>\n<meta property=\"og:type\" content=\"article\" \/>\n<meta property=\"og:title\" content=\"Torreciudad 2024: un anno di fede, cultura e crescita turistica &#8211; Exaudi\" \/>\n<meta property=\"og:description\" content=\"Informazioni sui visitatori e sulle attivit\u00e0 nel 2024\" \/>\n<meta property=\"og:url\" content=\"https:\/\/exaudi.org\/it\/torreciudad-2024-un-anno-di-fede-cultura-e-crescita-turistica\/\" \/>\n<meta property=\"og:site_name\" content=\"Exaudi\" \/>\n<meta property=\"article:publisher\" content=\"https:\/\/www.facebook.com\/ExaudiNews\" \/>\n<meta property=\"article:author\" content=\"https:\/\/www.facebook.com\/ExaudiNotizie\/\" \/>\n<meta property=\"article:published_time\" content=\"2025-01-23T19:33:50+00:00\" \/>\n<meta property=\"og:image\" content=\"https:\/\/exaudi.org\/wp-content\/uploads\/2025\/01\/Peregrinacion-a-Torreciudad-con-la-Virgen-del-Quinche-Ecuador-scaled.jpg\" \/>\n\t<meta property=\"og:image:width\" content=\"2560\" \/>\n\t<meta property=\"og:image:height\" content=\"1707\" \/>\n\t<meta property=\"og:image:type\" content=\"image\/jpeg\" \/>\n<meta name=\"author\" content=\"Exaudi Redazione\" \/>\n<meta name=\"twitter:card\" content=\"summary_large_image\" \/>\n<meta name=\"twitter:creator\" content=\"@Exaudi_Notizie\" \/>\n<meta name=\"twitter:site\" content=\"@Exaudi_News\" \/>\n<meta name=\"twitter:label1\" content=\"Scritto da\" \/>\n\t<meta name=\"twitter:data1\" content=\"Exaudi Redazione\" \/>\n\t<meta name=\"twitter:label2\" content=\"Tempo di lettura stimato\" \/>\n\t<meta name=\"twitter:data2\" content=\"4 minuti\" \/>\n<script type=\"application\/ld+json\" class=\"yoast-schema-graph\">{\"@context\":\"https:\\\/\\\/schema.org\",\"@graph\":[{\"@type\":\"Article\",\"@id\":\"https:\\\/\\\/exaudi.org\\\/it\\\/torreciudad-2024-un-anno-di-fede-cultura-e-crescita-turistica\\\/#article\",\"isPartOf\":{\"@id\":\"https:\\\/\\\/exaudi.org\\\/it\\\/torreciudad-2024-un-anno-di-fede-cultura-e-crescita-turistica\\\/\"},\"author\":{\"name\":\"Exaudi Redazione\",\"@id\":\"https:\\\/\\\/exaudi.org\\\/#\\\/schema\\\/person\\\/e1ab6ed07c01774724dd96f925f3a5f0\"},\"headline\":\"Torreciudad 2024: un anno di fede, cultura e crescita turistica\",\"datePublished\":\"2025-01-23T19:33:50+00:00\",\"mainEntityOfPage\":{\"@id\":\"https:\\\/\\\/exaudi.org\\\/it\\\/torreciudad-2024-un-anno-di-fede-cultura-e-crescita-turistica\\\/\"},\"wordCount\":813,\"image\":{\"@id\":\"https:\\\/\\\/exaudi.org\\\/it\\\/torreciudad-2024-un-anno-di-fede-cultura-e-crescita-turistica\\\/#primaryimage\"},\"thumbnailUrl\":\"https:\\\/\\\/exaudi.org\\\/wp-content\\\/uploads\\\/2025\\\/01\\\/Peregrinacion-a-Torreciudad-con-la-Virgen-del-Quinche-Ecuador-scaled.jpg\",\"keywords\":[\"\\\"Santuario de Torreciudad\\\"\",\"Attivit\u00e0 Culturali\",\"Corsi per coppie sposate\",\"Devozioni mariane\",\"Eventi religiosi Spagna\",\"FEDE E CULTURA\",\"Giubileo 2025\",\"Museografia religiosa\",\"Pala d'altare di Torreciudad\",\"PASTORALE FAMILIARE\",\"pellegrinaggi\",\"Promozione turistica\",\"Reti sociali di Torreciudad\",\"SPIRITUALIT\u00c0 CRISTIANA\",\"Torreciudad\",\"Torreciudad 2024\",\"Turismo familiare\",\"Turismo in Aragona\",\"Turismo in Spagna\",\"Turismo internazionale\",\"Turismo religioso\",\"Video-mapping di Torreciudad\"],\"articleSection\":[\"Featured News\"],\"inLanguage\":\"it-IT\"},{\"@type\":\"WebPage\",\"@id\":\"https:\\\/\\\/exaudi.org\\\/it\\\/torreciudad-2024-un-anno-di-fede-cultura-e-crescita-turistica\\\/\",\"url\":\"https:\\\/\\\/exaudi.org\\\/it\\\/torreciudad-2024-un-anno-di-fede-cultura-e-crescita-turistica\\\/\",\"name\":\"Torreciudad 2024: un anno di fede, cultura e crescita turistica &#8211; Exaudi\",\"isPartOf\":{\"@id\":\"https:\\\/\\\/exaudi.org\\\/#website\"},\"primaryImageOfPage\":{\"@id\":\"https:\\\/\\\/exaudi.org\\\/it\\\/torreciudad-2024-un-anno-di-fede-cultura-e-crescita-turistica\\\/#primaryimage\"},\"image\":{\"@id\":\"https:\\\/\\\/exaudi.org\\\/it\\\/torreciudad-2024-un-anno-di-fede-cultura-e-crescita-turistica\\\/#primaryimage\"},\"thumbnailUrl\":\"https:\\\/\\\/exaudi.org\\\/wp-content\\\/uploads\\\/2025\\\/01\\\/Peregrinacion-a-Torreciudad-con-la-Virgen-del-Quinche-Ecuador-scaled.jpg\",\"datePublished\":\"2025-01-23T19:33:50+00:00\",\"author\":{\"@id\":\"https:\\\/\\\/exaudi.org\\\/#\\\/schema\\\/person\\\/e1ab6ed07c01774724dd96f925f3a5f0\"},\"breadcrumb\":{\"@id\":\"https:\\\/\\\/exaudi.org\\\/it\\\/torreciudad-2024-un-anno-di-fede-cultura-e-crescita-turistica\\\/#breadcrumb\"},\"inLanguage\":\"it-IT\",\"potentialAction\":[{\"@type\":\"ReadAction\",\"target\":[\"https:\\\/\\\/exaudi.org\\\/it\\\/torreciudad-2024-un-anno-di-fede-cultura-e-crescita-turistica\\\/\"]}]},{\"@type\":\"ImageObject\",\"inLanguage\":\"it-IT\",\"@id\":\"https:\\\/\\\/exaudi.org\\\/it\\\/torreciudad-2024-un-anno-di-fede-cultura-e-crescita-turistica\\\/#primaryimage\",\"url\":\"https:\\\/\\\/exaudi.org\\\/wp-content\\\/uploads\\\/2025\\\/01\\\/Peregrinacion-a-Torreciudad-con-la-Virgen-del-Quinche-Ecuador-scaled.jpg\",\"contentUrl\":\"https:\\\/\\\/exaudi.org\\\/wp-content\\\/uploads\\\/2025\\\/01\\\/Peregrinacion-a-Torreciudad-con-la-Virgen-del-Quinche-Ecuador-scaled.jpg\",\"width\":2560,\"height\":1707},{\"@type\":\"BreadcrumbList\",\"@id\":\"https:\\\/\\\/exaudi.org\\\/it\\\/torreciudad-2024-un-anno-di-fede-cultura-e-crescita-turistica\\\/#breadcrumb\",\"itemListElement\":[{\"@type\":\"ListItem\",\"position\":1,\"name\":\"Portada\",\"item\":\"https:\\\/\\\/exaudi.org\\\/it\\\/\"},{\"@type\":\"ListItem\",\"position\":2,\"name\":\"Torreciudad 2024: un anno di fede, cultura e crescita turistica\"}]},{\"@type\":\"WebSite\",\"@id\":\"https:\\\/\\\/exaudi.org\\\/#website\",\"url\":\"https:\\\/\\\/exaudi.org\\\/\",\"name\":\"Exaudi\",\"description\":\"News\",\"potentialAction\":[{\"@type\":\"SearchAction\",\"target\":{\"@type\":\"EntryPoint\",\"urlTemplate\":\"https:\\\/\\\/exaudi.org\\\/?s={search_term_string}\"},\"query-input\":{\"@type\":\"PropertyValueSpecification\",\"valueRequired\":true,\"valueName\":\"search_term_string\"}}],\"inLanguage\":\"it-IT\"},{\"@type\":\"Person\",\"@id\":\"https:\\\/\\\/exaudi.org\\\/#\\\/schema\\\/person\\\/e1ab6ed07c01774724dd96f925f3a5f0\",\"name\":\"Exaudi Redazione\",\"image\":{\"@type\":\"ImageObject\",\"inLanguage\":\"it-IT\",\"@id\":\"https:\\\/\\\/secure.gravatar.com\\\/avatar\\\/ad6774b3ada023bf5b939d64f45c94b3adf91502dd883507d469b4308a943bb3?s=96&d=mm&r=g\",\"url\":\"https:\\\/\\\/secure.gravatar.com\\\/avatar\\\/ad6774b3ada023bf5b939d64f45c94b3adf91502dd883507d469b4308a943bb3?s=96&d=mm&r=g\",\"contentUrl\":\"https:\\\/\\\/secure.gravatar.com\\\/avatar\\\/ad6774b3ada023bf5b939d64f45c94b3adf91502dd883507d469b4308a943bb3?s=96&d=mm&r=g\",\"caption\":\"Exaudi Redazione\"},\"description\":\"Che cosa \u00e8 Exaudi News? Exaudi News \u00e8 un agenzia cattolica internazionale che informa, istruisce e trasforma quotidianamente in spagnolo, inglese e italiano. Attraverso notizie, articoli di analisi e trasmissioni in diretta degli eventi del Papa, Exaudi cerca di rafforzare l'unit\u00e0 dei cristiani e di contribuire all'evangelizzazione del mondo, sempre guidato dalla dottrina sociale della Chiesa. Lavoriamo per portare la verit\u00e0 e i valori cristiani in ogni angolo del pianeta. Aiutaci a trasformare il mondo con Exaudi! Noi di Exaudi crediamo che l'evangelizzazione e l'informazione di qualit\u00e0 possano cambiare la vita. Per continuare la nostra missione ed espandere la nostra portata, abbiamo bisogno del tuo aiuto. Stiamo anche cercando persone motivate che vogliano unirsi al nostro team. Grazie al vostro sostegno raggiungeremo pi\u00f9 persone, diffonderemo il messaggio di Cristo e rafforzeremo l'unit\u00e0 dei cristiani. Vuoi unirti alla nostra missione? Per maggiori informazioni su come contribuire, visita Exaudi.org\\\/it o contattaci direttamente: info@exaudi.org Exaudi: informa, forma e trasforma.\",\"sameAs\":[\"https:\\\/\\\/www.facebook.com\\\/ExaudiNotizie\\\/\",\"https:\\\/\\\/www.instagram.com\\\/Exaudi_notizie\\\/\",\"https:\\\/\\\/x.com\\\/Exaudi_Notizie\",\"https:\\\/\\\/www.youtube.com\\\/@exaudicatholicnews\"],\"url\":\"https:\\\/\\\/exaudi.org\\\/it\\\/author\\\/dlvedi-org\\\/\"}]}<\/script>\n<!-- \/ Yoast SEO plugin. -->","yoast_head_json":{"title":"Torreciudad 2024: un anno di fede, cultura e crescita turistica &#8211; Exaudi","robots":{"index":"index","follow":"follow","max-snippet":"max-snippet:-1","max-image-preview":"max-image-preview:large","max-video-preview":"max-video-preview:-1"},"canonical":"https:\/\/exaudi.org\/it\/torreciudad-2024-un-anno-di-fede-cultura-e-crescita-turistica\/","og_locale":"it_IT","og_type":"article","og_title":"Torreciudad 2024: un anno di fede, cultura e crescita turistica &#8211; Exaudi","og_description":"Informazioni sui visitatori e sulle attivit\u00e0 nel 2024","og_url":"https:\/\/exaudi.org\/it\/torreciudad-2024-un-anno-di-fede-cultura-e-crescita-turistica\/","og_site_name":"Exaudi","article_publisher":"https:\/\/www.facebook.com\/ExaudiNews","article_author":"https:\/\/www.facebook.com\/ExaudiNotizie\/","article_published_time":"2025-01-23T19:33:50+00:00","og_image":[{"width":2560,"height":1707,"url":"https:\/\/exaudi.org\/wp-content\/uploads\/2025\/01\/Peregrinacion-a-Torreciudad-con-la-Virgen-del-Quinche-Ecuador-scaled.jpg","type":"image\/jpeg"}],"author":"Exaudi Redazione","twitter_card":"summary_large_image","twitter_creator":"@Exaudi_Notizie","twitter_site":"@Exaudi_News","twitter_misc":{"Scritto da":"Exaudi Redazione","Tempo di lettura stimato":"4 minuti"},"schema":{"@context":"https:\/\/schema.org","@graph":[{"@type":"Article","@id":"https:\/\/exaudi.org\/it\/torreciudad-2024-un-anno-di-fede-cultura-e-crescita-turistica\/#article","isPartOf":{"@id":"https:\/\/exaudi.org\/it\/torreciudad-2024-un-anno-di-fede-cultura-e-crescita-turistica\/"},"author":{"name":"Exaudi Redazione","@id":"https:\/\/exaudi.org\/#\/schema\/person\/e1ab6ed07c01774724dd96f925f3a5f0"},"headline":"Torreciudad 2024: un anno di fede, cultura e crescita turistica","datePublished":"2025-01-23T19:33:50+00:00","mainEntityOfPage":{"@id":"https:\/\/exaudi.org\/it\/torreciudad-2024-un-anno-di-fede-cultura-e-crescita-turistica\/"},"wordCount":813,"image":{"@id":"https:\/\/exaudi.org\/it\/torreciudad-2024-un-anno-di-fede-cultura-e-crescita-turistica\/#primaryimage"},"thumbnailUrl":"https:\/\/exaudi.org\/wp-content\/uploads\/2025\/01\/Peregrinacion-a-Torreciudad-con-la-Virgen-del-Quinche-Ecuador-scaled.jpg","keywords":["\"Santuario de Torreciudad\"","Attivit\u00e0 Culturali","Corsi per coppie sposate","Devozioni mariane","Eventi religiosi Spagna","FEDE E CULTURA","Giubileo 2025","Museografia religiosa","Pala d'altare di Torreciudad","PASTORALE FAMILIARE","pellegrinaggi","Promozione turistica","Reti sociali di Torreciudad","SPIRITUALIT\u00c0 CRISTIANA","Torreciudad","Torreciudad 2024","Turismo familiare","Turismo in Aragona","Turismo in Spagna","Turismo internazionale","Turismo religioso","Video-mapping di Torreciudad"],"articleSection":["Featured News"],"inLanguage":"it-IT"},{"@type":"WebPage","@id":"https:\/\/exaudi.org\/it\/torreciudad-2024-un-anno-di-fede-cultura-e-crescita-turistica\/","url":"https:\/\/exaudi.org\/it\/torreciudad-2024-un-anno-di-fede-cultura-e-crescita-turistica\/","name":"Torreciudad 2024: un anno di fede, cultura e crescita turistica &#8211; Exaudi","isPartOf":{"@id":"https:\/\/exaudi.org\/#website"},"primaryImageOfPage":{"@id":"https:\/\/exaudi.org\/it\/torreciudad-2024-un-anno-di-fede-cultura-e-crescita-turistica\/#primaryimage"},"image":{"@id":"https:\/\/exaudi.org\/it\/torreciudad-2024-un-anno-di-fede-cultura-e-crescita-turistica\/#primaryimage"},"thumbnailUrl":"https:\/\/exaudi.org\/wp-content\/uploads\/2025\/01\/Peregrinacion-a-Torreciudad-con-la-Virgen-del-Quinche-Ecuador-scaled.jpg","datePublished":"2025-01-23T19:33:50+00:00","author":{"@id":"https:\/\/exaudi.org\/#\/schema\/person\/e1ab6ed07c01774724dd96f925f3a5f0"},"breadcrumb":{"@id":"https:\/\/exaudi.org\/it\/torreciudad-2024-un-anno-di-fede-cultura-e-crescita-turistica\/#breadcrumb"},"inLanguage":"it-IT","potentialAction":[{"@type":"ReadAction","target":["https:\/\/exaudi.org\/it\/torreciudad-2024-un-anno-di-fede-cultura-e-crescita-turistica\/"]}]},{"@type":"ImageObject","inLanguage":"it-IT","@id":"https:\/\/exaudi.org\/it\/torreciudad-2024-un-anno-di-fede-cultura-e-crescita-turistica\/#primaryimage","url":"https:\/\/exaudi.org\/wp-content\/uploads\/2025\/01\/Peregrinacion-a-Torreciudad-con-la-Virgen-del-Quinche-Ecuador-scaled.jpg","contentUrl":"https:\/\/exaudi.org\/wp-content\/uploads\/2025\/01\/Peregrinacion-a-Torreciudad-con-la-Virgen-del-Quinche-Ecuador-scaled.jpg","width":2560,"height":1707},{"@type":"BreadcrumbList","@id":"https:\/\/exaudi.org\/it\/torreciudad-2024-un-anno-di-fede-cultura-e-crescita-turistica\/#breadcrumb","itemListElement":[{"@type":"ListItem","position":1,"name":"Portada","item":"https:\/\/exaudi.org\/it\/"},{"@type":"ListItem","position":2,"name":"Torreciudad 2024: un anno di fede, cultura e crescita turistica"}]},{"@type":"WebSite","@id":"https:\/\/exaudi.org\/#website","url":"https:\/\/exaudi.org\/","name":"Exaudi","description":"News","potentialAction":[{"@type":"SearchAction","target":{"@type":"EntryPoint","urlTemplate":"https:\/\/exaudi.org\/?s={search_term_string}"},"query-input":{"@type":"PropertyValueSpecification","valueRequired":true,"valueName":"search_term_string"}}],"inLanguage":"it-IT"},{"@type":"Person","@id":"https:\/\/exaudi.org\/#\/schema\/person\/e1ab6ed07c01774724dd96f925f3a5f0","name":"Exaudi Redazione","image":{"@type":"ImageObject","inLanguage":"it-IT","@id":"https:\/\/secure.gravatar.com\/avatar\/ad6774b3ada023bf5b939d64f45c94b3adf91502dd883507d469b4308a943bb3?s=96&d=mm&r=g","url":"https:\/\/secure.gravatar.com\/avatar\/ad6774b3ada023bf5b939d64f45c94b3adf91502dd883507d469b4308a943bb3?s=96&d=mm&r=g","contentUrl":"https:\/\/secure.gravatar.com\/avatar\/ad6774b3ada023bf5b939d64f45c94b3adf91502dd883507d469b4308a943bb3?s=96&d=mm&r=g","caption":"Exaudi Redazione"},"description":"Che cosa \u00e8 Exaudi News? Exaudi News \u00e8 un agenzia cattolica internazionale che informa, istruisce e trasforma quotidianamente in spagnolo, inglese e italiano. Attraverso notizie, articoli di analisi e trasmissioni in diretta degli eventi del Papa, Exaudi cerca di rafforzare l'unit\u00e0 dei cristiani e di contribuire all'evangelizzazione del mondo, sempre guidato dalla dottrina sociale della Chiesa. Lavoriamo per portare la verit\u00e0 e i valori cristiani in ogni angolo del pianeta. Aiutaci a trasformare il mondo con Exaudi! Noi di Exaudi crediamo che l'evangelizzazione e l'informazione di qualit\u00e0 possano cambiare la vita. Per continuare la nostra missione ed espandere la nostra portata, abbiamo bisogno del tuo aiuto. Stiamo anche cercando persone motivate che vogliano unirsi al nostro team. Grazie al vostro sostegno raggiungeremo pi\u00f9 persone, diffonderemo il messaggio di Cristo e rafforzeremo l'unit\u00e0 dei cristiani. Vuoi unirti alla nostra missione? Per maggiori informazioni su come contribuire, visita Exaudi.org\/it o contattaci direttamente: info@exaudi.org Exaudi: informa, forma e trasforma.","sameAs":["https:\/\/www.facebook.com\/ExaudiNotizie\/","https:\/\/www.instagram.com\/Exaudi_notizie\/","https:\/\/x.com\/Exaudi_Notizie","https:\/\/www.youtube.com\/@exaudicatholicnews"],"url":"https:\/\/exaudi.org\/it\/author\/dlvedi-org\/"}]}},"jetpack_featured_media_url":"https:\/\/exaudi.org\/wp-content\/uploads\/2025\/01\/Peregrinacion-a-Torreciudad-con-la-Virgen-del-Quinche-Ecuador-scaled.jpg","jetpack_shortlink":"https:\/\/wp.me\/pgKjF2-uAy","_links":{"self":[{"href":"https:\/\/exaudi.org\/it\/wp-json\/wp\/v2\/posts\/117586","targetHints":{"allow":["GET"]}}],"collection":[{"href":"https:\/\/exaudi.org\/it\/wp-json\/wp\/v2\/posts"}],"about":[{"href":"https:\/\/exaudi.org\/it\/wp-json\/wp\/v2\/types\/post"}],"author":[{"embeddable":true,"href":"https:\/\/exaudi.org\/it\/wp-json\/wp\/v2\/users\/17"}],"replies":[{"embeddable":true,"href":"https:\/\/exaudi.org\/it\/wp-json\/wp\/v2\/comments?post=117586"}],"version-history":[{"count":0,"href":"https:\/\/exaudi.org\/it\/wp-json\/wp\/v2\/posts\/117586\/revisions"}],"wp:featuredmedia":[{"embeddable":true,"href":"https:\/\/exaudi.org\/it\/wp-json\/wp\/v2\/media\/117565"}],"wp:attachment":[{"href":"https:\/\/exaudi.org\/it\/wp-json\/wp\/v2\/media?parent=117586"}],"wp:term":[{"taxonomy":"category","embeddable":true,"href":"https:\/\/exaudi.org\/it\/wp-json\/wp\/v2\/categories?post=117586"},{"taxonomy":"post_tag","embeddable":true,"href":"https:\/\/exaudi.org\/it\/wp-json\/wp\/v2\/tags?post=117586"}],"curies":[{"name":"wp","href":"https:\/\/api.w.org\/{rel}","templated":true}]}}