{"id":117434,"date":"2025-01-22T20:50:59","date_gmt":"2025-01-22T19:50:59","guid":{"rendered":"https:\/\/exaudi.org\/?p=117434"},"modified":"2025-01-23T02:03:04","modified_gmt":"2025-01-23T01:03:04","slug":"la-pace-comincia-nel-cuore","status":"publish","type":"post","link":"https:\/\/exaudi.org\/it\/la-pace-comincia-nel-cuore\/","title":{"rendered":"La pace comincia nel cuore"},"content":{"rendered":"<p>&#8220;La chiave \u00e8 nel cuore. Solo da l\u00ec \u00e8 possibile unire menti, volont\u00e0 e costruire famiglie in pace&#8221;, ha riflettuto Papa Francesco in risposta a una lettera di un padre che ha condiviso la sua esperienza di separazione e riconciliazione personale. Questa corrispondenza \u00e8 pubblicata nell&#8217;ultimo numero di <strong>St. Peter&#8217;s Square<\/strong>, una rivista che esplora la spiritualit\u00e0, la vita quotidiana e i tesori della Basilica Vaticana.<\/p>\n<p>Nel suo messaggio, il Pontefice ha sottolineato che costruire la pace \u00e8 un compito che richiede un cuore trasformato dall&#8217;amore di Cristo. Secondo lei, questo \u00e8 l&#8217;unico modo per superare i conflitti e prevenire la violenza domestica.<\/p>\n<h3><strong>La storia di Giorgio<\/strong><\/h3>\n<p>La testimonianza che ha ispirato le parole del Papa \u00e8 stata inviata da Giorgio, un padre che ha dovuto affrontare sfide difficili dopo essersi separato dalla moglie dopo cinque anni di matrimonio. Secondo lui, la sua ex moglie aveva chiesto l&#8217;affidamento della figlia per potersi trasferire in Grecia con il suo nuovo compagno, ma il giudice aveva respinto la richiesta. Poco dopo, Giorgio venne arrestato ha seguito di una rapina: nella sua auto, mentre era in compagnia della figlia, venne trovata della droga.<\/p>\n<p>Inaspettatamente, la verit\u00e0 \u00e8 venuta a galla grazie a un&#8217;indagine della polizia. \u00abHo pregato molto Padre Pio in carcere\u00bb, racconta Giorgio, che dopo aver riconquistato la libert\u00e0 ha deciso di trasformare la sua sofferenza in uno stimolo per aiutare gli altri. Da allora, si impegna per promuovere riforme legali che garantiscano i diritti dei figli di genitori separati, assicurando che possano crescere circondati dall&#8217;amore di entrambi i genitori e delle loro famiglie.<\/p>\n<p>Giorgio ha chiesto anche al Papa di sostenerlo nella protezione dei bambini da situazioni di abuso, manipolazione emotiva e conflitti familiari che possono sfociare in tragedie.<\/p>\n<h3><strong>Il messaggio del Papa<\/strong><\/h3>\n<p>Il Papa ha descritto l&#8217;esperienza di Giorgio come un esempio di riconciliazione e speranza. \u00abIn un mondo segnato dalla guerra e dall\u2019odio, la loro storia \u00e8 un faro di pace\u00bb, ha detto Francesco, ricordando che la violenza, anche in famiglia, distrugge le relazioni con il pretesto di tutelare interessi personali.<\/p>\n<p>Il Santo Padre ha condiviso il desiderio di leggi che consentano ai figli di genitori separati di mantenere sani legami affettivi con entrambe le parti della famiglia. Ha inoltre esortato le comunit\u00e0 cristiane a sostenere le famiglie ferite, impedendo ai bambini di diventare ostaggi delle liti tra i genitori.<\/p>\n<p>&#8220;L&#8217;egoismo ci rende brutti&#8221;, ha ammonito Francesco, incoraggiandoci a sostituire il risentimento con il rispetto e la tenerezza. Ha inoltre messo in guardia dall&#8217;utilizzare i regali come strumenti di ricatto emotivo, affermando che &#8220;tolgono la verit\u00e0 all&#8217;amore&#8221;.<\/p>\n<p>Infine, il Papa ha concluso invitando a promuovere iniziative che trasformino il male in bene, ricordando che la via della pace \u00e8 sempre aperta a quanti confidano in Cristo.<\/p>\n<h3><strong>Contenuto in evidenza in &#8220;Piazza San Pietro&#8221;<\/strong><\/h3>\n<p>Oltre alla lettera di Francesco, l&#8217;ultimo numero della rivista include anche le suggestive immagini del fotografo Steve McCurry, noto per il suo lavoro Afghan Girl, che cattura la spiritualit\u00e0 e la bellezza del Vaticano. Il libro include anche le riflessioni del cardinale Pietro Parolin sull&#8217;attuale crisi bellica mondiale e un articolo di Susanna Tamaro dal titolo &#8220;La speranza nasce dalla fede&#8221;, che invita a riflettere sull&#8217;importanza di credere in mezzo alle avversit\u00e0.<\/p>\n","protected":false},"excerpt":{"rendered":"<p>Il Papa riflette sulle famiglie ferite e sull&#8217;importanza della giustizia misericordiosa in una lettera pubblicata sulla rivista mensile &#8220;Piazza San Pietro&#8221;<\/p>\n","protected":false},"author":17,"featured_media":117377,"comment_status":"closed","ping_status":"closed","sticky":false,"template":"","format":"standard","meta":{"_acf_changed":false,"_crdt_document":"","inline_featured_image":false,"footnotes":""},"categories":[58],"tags":[41957,29435,23370,40640,41960,41958,34405,2487,41961,41965,41959,29103,41962,251,5392,7498,41963,18052,41964,483,18875,41966,41967],"class_list":["post-117434","post","type-post","status-publish","format-standard","has-post-thumbnail","hentry","category-featured-news","tag-amore-in-famiglia","tag-basilica-vaticana-2","tag-conflitti-familiari","tag-diritti-dei-bambini","tag-diritto-di-famiglia","tag-egoismo-nelle-famiglie","tag-famiglie-ferite","tag-featured-3","tag-figli-di-genitori-separati","tag-fotografie-di-steve-mccurry","tag-giustizia-misericordiosa","tag-messaggio-del-papa","tag-pacificazione-del-cuore","tag-papa-francesco","tag-piazza-san-pietro","tag-pietro-parolin-3","tag-riconciliazione-familiare","tag-riflessioni","tag-separazione-familiare","tag-speranza","tag-spiritualita-cristiana","tag-susanna-tamaro","tag-trasformazione-del-male-in-bene"],"acf":[],"yoast_head":"<!-- This site is optimized with the Yoast SEO plugin v27.5 - https:\/\/yoast.com\/product\/yoast-seo-wordpress\/ -->\n<title>La pace comincia nel cuore &#8211; Exaudi<\/title>\n<meta name=\"robots\" content=\"index, follow, max-snippet:-1, max-image-preview:large, max-video-preview:-1\" \/>\n<link rel=\"canonical\" href=\"https:\/\/exaudi.org\/it\/la-pace-comincia-nel-cuore\/\" \/>\n<meta property=\"og:locale\" content=\"it_IT\" \/>\n<meta property=\"og:type\" content=\"article\" \/>\n<meta property=\"og:title\" content=\"La pace comincia nel cuore &#8211; Exaudi\" \/>\n<meta property=\"og:description\" content=\"Il Papa riflette sulle famiglie ferite e sull&#039;importanza della giustizia misericordiosa in una lettera pubblicata sulla rivista mensile &quot;Piazza San Pietro&quot;\" \/>\n<meta property=\"og:url\" content=\"https:\/\/exaudi.org\/it\/la-pace-comincia-nel-cuore\/\" \/>\n<meta property=\"og:site_name\" content=\"Exaudi\" \/>\n<meta property=\"article:publisher\" content=\"https:\/\/www.facebook.com\/ExaudiNews\" \/>\n<meta property=\"article:author\" content=\"https:\/\/www.facebook.com\/ExaudiNotizie\/\" \/>\n<meta property=\"article:published_time\" content=\"2025-01-22T19:50:59+00:00\" \/>\n<meta property=\"article:modified_time\" content=\"2025-01-23T01:03:04+00:00\" \/>\n<meta property=\"og:image\" content=\"https:\/\/exaudi.org\/wp-content\/uploads\/2025\/01\/cq5dam.thumbnail.cropped.750.422-15.jpeg\" \/>\n\t<meta property=\"og:image:width\" content=\"750\" \/>\n\t<meta property=\"og:image:height\" content=\"422\" \/>\n\t<meta property=\"og:image:type\" content=\"image\/jpeg\" \/>\n<meta name=\"author\" content=\"Exaudi Redazione\" \/>\n<meta name=\"twitter:card\" content=\"summary_large_image\" \/>\n<meta name=\"twitter:creator\" content=\"@Exaudi_Notizie\" \/>\n<meta name=\"twitter:site\" content=\"@Exaudi_News\" \/>\n<meta name=\"twitter:label1\" content=\"Scritto da\" \/>\n\t<meta name=\"twitter:data1\" content=\"Exaudi Redazione\" \/>\n\t<meta name=\"twitter:label2\" content=\"Tempo di lettura stimato\" \/>\n\t<meta name=\"twitter:data2\" content=\"3 minuti\" \/>\n<script type=\"application\/ld+json\" class=\"yoast-schema-graph\">{\"@context\":\"https:\\\/\\\/schema.org\",\"@graph\":[{\"@type\":\"Article\",\"@id\":\"https:\\\/\\\/exaudi.org\\\/it\\\/la-pace-comincia-nel-cuore\\\/#article\",\"isPartOf\":{\"@id\":\"https:\\\/\\\/exaudi.org\\\/it\\\/la-pace-comincia-nel-cuore\\\/\"},\"author\":{\"name\":\"Exaudi Redazione\",\"@id\":\"https:\\\/\\\/exaudi.org\\\/#\\\/schema\\\/person\\\/e1ab6ed07c01774724dd96f925f3a5f0\"},\"headline\":\"La pace comincia nel cuore\",\"datePublished\":\"2025-01-22T19:50:59+00:00\",\"dateModified\":\"2025-01-23T01:03:04+00:00\",\"mainEntityOfPage\":{\"@id\":\"https:\\\/\\\/exaudi.org\\\/it\\\/la-pace-comincia-nel-cuore\\\/\"},\"wordCount\":547,\"image\":{\"@id\":\"https:\\\/\\\/exaudi.org\\\/it\\\/la-pace-comincia-nel-cuore\\\/#primaryimage\"},\"thumbnailUrl\":\"https:\\\/\\\/exaudi.org\\\/wp-content\\\/uploads\\\/2025\\\/01\\\/cq5dam.thumbnail.cropped.750.422-15.jpeg\",\"keywords\":[\"Amore in famiglia\",\"Basilica Vaticana\",\"conflitti familiari\",\"diritti dei bambini\",\"diritto di famiglia\",\"egoismo nelle famiglie\",\"famiglie ferite\",\"Featured\",\"figli di genitori separati\",\"fotografie di Steve McCurry\",\"giustizia misericordiosa\",\"Messaggio del Papa\",\"pacificazione del cuore\",\"Papa Francesco\",\"piazza San Pietro\",\"Pietro Parolin\",\"riconciliazione familiare\",\"RIFLESSIONI\",\"separazione familiare\",\"speranza\",\"SPIRITUALIT\u00c0 CRISTIANA\",\"Susanna Tamaro\",\"trasformazione del male in bene\"],\"articleSection\":[\"Featured News\"],\"inLanguage\":\"it-IT\"},{\"@type\":\"WebPage\",\"@id\":\"https:\\\/\\\/exaudi.org\\\/it\\\/la-pace-comincia-nel-cuore\\\/\",\"url\":\"https:\\\/\\\/exaudi.org\\\/it\\\/la-pace-comincia-nel-cuore\\\/\",\"name\":\"La pace comincia nel cuore &#8211; Exaudi\",\"isPartOf\":{\"@id\":\"https:\\\/\\\/exaudi.org\\\/#website\"},\"primaryImageOfPage\":{\"@id\":\"https:\\\/\\\/exaudi.org\\\/it\\\/la-pace-comincia-nel-cuore\\\/#primaryimage\"},\"image\":{\"@id\":\"https:\\\/\\\/exaudi.org\\\/it\\\/la-pace-comincia-nel-cuore\\\/#primaryimage\"},\"thumbnailUrl\":\"https:\\\/\\\/exaudi.org\\\/wp-content\\\/uploads\\\/2025\\\/01\\\/cq5dam.thumbnail.cropped.750.422-15.jpeg\",\"datePublished\":\"2025-01-22T19:50:59+00:00\",\"dateModified\":\"2025-01-23T01:03:04+00:00\",\"author\":{\"@id\":\"https:\\\/\\\/exaudi.org\\\/#\\\/schema\\\/person\\\/e1ab6ed07c01774724dd96f925f3a5f0\"},\"breadcrumb\":{\"@id\":\"https:\\\/\\\/exaudi.org\\\/it\\\/la-pace-comincia-nel-cuore\\\/#breadcrumb\"},\"inLanguage\":\"it-IT\",\"potentialAction\":[{\"@type\":\"ReadAction\",\"target\":[\"https:\\\/\\\/exaudi.org\\\/it\\\/la-pace-comincia-nel-cuore\\\/\"]}]},{\"@type\":\"ImageObject\",\"inLanguage\":\"it-IT\",\"@id\":\"https:\\\/\\\/exaudi.org\\\/it\\\/la-pace-comincia-nel-cuore\\\/#primaryimage\",\"url\":\"https:\\\/\\\/exaudi.org\\\/wp-content\\\/uploads\\\/2025\\\/01\\\/cq5dam.thumbnail.cropped.750.422-15.jpeg\",\"contentUrl\":\"https:\\\/\\\/exaudi.org\\\/wp-content\\\/uploads\\\/2025\\\/01\\\/cq5dam.thumbnail.cropped.750.422-15.jpeg\",\"width\":750,\"height\":422},{\"@type\":\"BreadcrumbList\",\"@id\":\"https:\\\/\\\/exaudi.org\\\/it\\\/la-pace-comincia-nel-cuore\\\/#breadcrumb\",\"itemListElement\":[{\"@type\":\"ListItem\",\"position\":1,\"name\":\"Portada\",\"item\":\"https:\\\/\\\/exaudi.org\\\/it\\\/\"},{\"@type\":\"ListItem\",\"position\":2,\"name\":\"La pace comincia nel cuore\"}]},{\"@type\":\"WebSite\",\"@id\":\"https:\\\/\\\/exaudi.org\\\/#website\",\"url\":\"https:\\\/\\\/exaudi.org\\\/\",\"name\":\"Exaudi\",\"description\":\"News\",\"potentialAction\":[{\"@type\":\"SearchAction\",\"target\":{\"@type\":\"EntryPoint\",\"urlTemplate\":\"https:\\\/\\\/exaudi.org\\\/?s={search_term_string}\"},\"query-input\":{\"@type\":\"PropertyValueSpecification\",\"valueRequired\":true,\"valueName\":\"search_term_string\"}}],\"inLanguage\":\"it-IT\"},{\"@type\":\"Person\",\"@id\":\"https:\\\/\\\/exaudi.org\\\/#\\\/schema\\\/person\\\/e1ab6ed07c01774724dd96f925f3a5f0\",\"name\":\"Exaudi Redazione\",\"image\":{\"@type\":\"ImageObject\",\"inLanguage\":\"it-IT\",\"@id\":\"https:\\\/\\\/secure.gravatar.com\\\/avatar\\\/ad6774b3ada023bf5b939d64f45c94b3adf91502dd883507d469b4308a943bb3?s=96&d=mm&r=g\",\"url\":\"https:\\\/\\\/secure.gravatar.com\\\/avatar\\\/ad6774b3ada023bf5b939d64f45c94b3adf91502dd883507d469b4308a943bb3?s=96&d=mm&r=g\",\"contentUrl\":\"https:\\\/\\\/secure.gravatar.com\\\/avatar\\\/ad6774b3ada023bf5b939d64f45c94b3adf91502dd883507d469b4308a943bb3?s=96&d=mm&r=g\",\"caption\":\"Exaudi Redazione\"},\"description\":\"Che cosa \u00e8 Exaudi News? Exaudi News \u00e8 un agenzia cattolica internazionale che informa, istruisce e trasforma quotidianamente in spagnolo, inglese e italiano. Attraverso notizie, articoli di analisi e trasmissioni in diretta degli eventi del Papa, Exaudi cerca di rafforzare l'unit\u00e0 dei cristiani e di contribuire all'evangelizzazione del mondo, sempre guidato dalla dottrina sociale della Chiesa. Lavoriamo per portare la verit\u00e0 e i valori cristiani in ogni angolo del pianeta. Aiutaci a trasformare il mondo con Exaudi! Noi di Exaudi crediamo che l'evangelizzazione e l'informazione di qualit\u00e0 possano cambiare la vita. Per continuare la nostra missione ed espandere la nostra portata, abbiamo bisogno del tuo aiuto. Stiamo anche cercando persone motivate che vogliano unirsi al nostro team. Grazie al vostro sostegno raggiungeremo pi\u00f9 persone, diffonderemo il messaggio di Cristo e rafforzeremo l'unit\u00e0 dei cristiani. Vuoi unirti alla nostra missione? Per maggiori informazioni su come contribuire, visita Exaudi.org\\\/it o contattaci direttamente: info@exaudi.org Exaudi: informa, forma e trasforma.\",\"sameAs\":[\"https:\\\/\\\/www.facebook.com\\\/ExaudiNotizie\\\/\",\"https:\\\/\\\/www.instagram.com\\\/Exaudi_notizie\\\/\",\"https:\\\/\\\/x.com\\\/Exaudi_Notizie\",\"https:\\\/\\\/www.youtube.com\\\/@exaudicatholicnews\"],\"url\":\"https:\\\/\\\/exaudi.org\\\/it\\\/author\\\/dlvedi-org\\\/\"}]}<\/script>\n<!-- \/ Yoast SEO plugin. -->","yoast_head_json":{"title":"La pace comincia nel cuore &#8211; Exaudi","robots":{"index":"index","follow":"follow","max-snippet":"max-snippet:-1","max-image-preview":"max-image-preview:large","max-video-preview":"max-video-preview:-1"},"canonical":"https:\/\/exaudi.org\/it\/la-pace-comincia-nel-cuore\/","og_locale":"it_IT","og_type":"article","og_title":"La pace comincia nel cuore &#8211; Exaudi","og_description":"Il Papa riflette sulle famiglie ferite e sull'importanza della giustizia misericordiosa in una lettera pubblicata sulla rivista mensile \"Piazza San Pietro\"","og_url":"https:\/\/exaudi.org\/it\/la-pace-comincia-nel-cuore\/","og_site_name":"Exaudi","article_publisher":"https:\/\/www.facebook.com\/ExaudiNews","article_author":"https:\/\/www.facebook.com\/ExaudiNotizie\/","article_published_time":"2025-01-22T19:50:59+00:00","article_modified_time":"2025-01-23T01:03:04+00:00","og_image":[{"width":750,"height":422,"url":"https:\/\/exaudi.org\/wp-content\/uploads\/2025\/01\/cq5dam.thumbnail.cropped.750.422-15.jpeg","type":"image\/jpeg"}],"author":"Exaudi Redazione","twitter_card":"summary_large_image","twitter_creator":"@Exaudi_Notizie","twitter_site":"@Exaudi_News","twitter_misc":{"Scritto da":"Exaudi Redazione","Tempo di lettura stimato":"3 minuti"},"schema":{"@context":"https:\/\/schema.org","@graph":[{"@type":"Article","@id":"https:\/\/exaudi.org\/it\/la-pace-comincia-nel-cuore\/#article","isPartOf":{"@id":"https:\/\/exaudi.org\/it\/la-pace-comincia-nel-cuore\/"},"author":{"name":"Exaudi Redazione","@id":"https:\/\/exaudi.org\/#\/schema\/person\/e1ab6ed07c01774724dd96f925f3a5f0"},"headline":"La pace comincia nel cuore","datePublished":"2025-01-22T19:50:59+00:00","dateModified":"2025-01-23T01:03:04+00:00","mainEntityOfPage":{"@id":"https:\/\/exaudi.org\/it\/la-pace-comincia-nel-cuore\/"},"wordCount":547,"image":{"@id":"https:\/\/exaudi.org\/it\/la-pace-comincia-nel-cuore\/#primaryimage"},"thumbnailUrl":"https:\/\/exaudi.org\/wp-content\/uploads\/2025\/01\/cq5dam.thumbnail.cropped.750.422-15.jpeg","keywords":["Amore in famiglia","Basilica Vaticana","conflitti familiari","diritti dei bambini","diritto di famiglia","egoismo nelle famiglie","famiglie ferite","Featured","figli di genitori separati","fotografie di Steve McCurry","giustizia misericordiosa","Messaggio del Papa","pacificazione del cuore","Papa Francesco","piazza San Pietro","Pietro Parolin","riconciliazione familiare","RIFLESSIONI","separazione familiare","speranza","SPIRITUALIT\u00c0 CRISTIANA","Susanna Tamaro","trasformazione del male in bene"],"articleSection":["Featured News"],"inLanguage":"it-IT"},{"@type":"WebPage","@id":"https:\/\/exaudi.org\/it\/la-pace-comincia-nel-cuore\/","url":"https:\/\/exaudi.org\/it\/la-pace-comincia-nel-cuore\/","name":"La pace comincia nel cuore &#8211; Exaudi","isPartOf":{"@id":"https:\/\/exaudi.org\/#website"},"primaryImageOfPage":{"@id":"https:\/\/exaudi.org\/it\/la-pace-comincia-nel-cuore\/#primaryimage"},"image":{"@id":"https:\/\/exaudi.org\/it\/la-pace-comincia-nel-cuore\/#primaryimage"},"thumbnailUrl":"https:\/\/exaudi.org\/wp-content\/uploads\/2025\/01\/cq5dam.thumbnail.cropped.750.422-15.jpeg","datePublished":"2025-01-22T19:50:59+00:00","dateModified":"2025-01-23T01:03:04+00:00","author":{"@id":"https:\/\/exaudi.org\/#\/schema\/person\/e1ab6ed07c01774724dd96f925f3a5f0"},"breadcrumb":{"@id":"https:\/\/exaudi.org\/it\/la-pace-comincia-nel-cuore\/#breadcrumb"},"inLanguage":"it-IT","potentialAction":[{"@type":"ReadAction","target":["https:\/\/exaudi.org\/it\/la-pace-comincia-nel-cuore\/"]}]},{"@type":"ImageObject","inLanguage":"it-IT","@id":"https:\/\/exaudi.org\/it\/la-pace-comincia-nel-cuore\/#primaryimage","url":"https:\/\/exaudi.org\/wp-content\/uploads\/2025\/01\/cq5dam.thumbnail.cropped.750.422-15.jpeg","contentUrl":"https:\/\/exaudi.org\/wp-content\/uploads\/2025\/01\/cq5dam.thumbnail.cropped.750.422-15.jpeg","width":750,"height":422},{"@type":"BreadcrumbList","@id":"https:\/\/exaudi.org\/it\/la-pace-comincia-nel-cuore\/#breadcrumb","itemListElement":[{"@type":"ListItem","position":1,"name":"Portada","item":"https:\/\/exaudi.org\/it\/"},{"@type":"ListItem","position":2,"name":"La pace comincia nel cuore"}]},{"@type":"WebSite","@id":"https:\/\/exaudi.org\/#website","url":"https:\/\/exaudi.org\/","name":"Exaudi","description":"News","potentialAction":[{"@type":"SearchAction","target":{"@type":"EntryPoint","urlTemplate":"https:\/\/exaudi.org\/?s={search_term_string}"},"query-input":{"@type":"PropertyValueSpecification","valueRequired":true,"valueName":"search_term_string"}}],"inLanguage":"it-IT"},{"@type":"Person","@id":"https:\/\/exaudi.org\/#\/schema\/person\/e1ab6ed07c01774724dd96f925f3a5f0","name":"Exaudi Redazione","image":{"@type":"ImageObject","inLanguage":"it-IT","@id":"https:\/\/secure.gravatar.com\/avatar\/ad6774b3ada023bf5b939d64f45c94b3adf91502dd883507d469b4308a943bb3?s=96&d=mm&r=g","url":"https:\/\/secure.gravatar.com\/avatar\/ad6774b3ada023bf5b939d64f45c94b3adf91502dd883507d469b4308a943bb3?s=96&d=mm&r=g","contentUrl":"https:\/\/secure.gravatar.com\/avatar\/ad6774b3ada023bf5b939d64f45c94b3adf91502dd883507d469b4308a943bb3?s=96&d=mm&r=g","caption":"Exaudi Redazione"},"description":"Che cosa \u00e8 Exaudi News? Exaudi News \u00e8 un agenzia cattolica internazionale che informa, istruisce e trasforma quotidianamente in spagnolo, inglese e italiano. Attraverso notizie, articoli di analisi e trasmissioni in diretta degli eventi del Papa, Exaudi cerca di rafforzare l'unit\u00e0 dei cristiani e di contribuire all'evangelizzazione del mondo, sempre guidato dalla dottrina sociale della Chiesa. Lavoriamo per portare la verit\u00e0 e i valori cristiani in ogni angolo del pianeta. Aiutaci a trasformare il mondo con Exaudi! Noi di Exaudi crediamo che l'evangelizzazione e l'informazione di qualit\u00e0 possano cambiare la vita. Per continuare la nostra missione ed espandere la nostra portata, abbiamo bisogno del tuo aiuto. Stiamo anche cercando persone motivate che vogliano unirsi al nostro team. Grazie al vostro sostegno raggiungeremo pi\u00f9 persone, diffonderemo il messaggio di Cristo e rafforzeremo l'unit\u00e0 dei cristiani. Vuoi unirti alla nostra missione? Per maggiori informazioni su come contribuire, visita Exaudi.org\/it o contattaci direttamente: info@exaudi.org Exaudi: informa, forma e trasforma.","sameAs":["https:\/\/www.facebook.com\/ExaudiNotizie\/","https:\/\/www.instagram.com\/Exaudi_notizie\/","https:\/\/x.com\/Exaudi_Notizie","https:\/\/www.youtube.com\/@exaudicatholicnews"],"url":"https:\/\/exaudi.org\/it\/author\/dlvedi-org\/"}]}},"jetpack_featured_media_url":"https:\/\/exaudi.org\/wp-content\/uploads\/2025\/01\/cq5dam.thumbnail.cropped.750.422-15.jpeg","jetpack_shortlink":"https:\/\/wp.me\/pgKjF2-uy6","_links":{"self":[{"href":"https:\/\/exaudi.org\/it\/wp-json\/wp\/v2\/posts\/117434","targetHints":{"allow":["GET"]}}],"collection":[{"href":"https:\/\/exaudi.org\/it\/wp-json\/wp\/v2\/posts"}],"about":[{"href":"https:\/\/exaudi.org\/it\/wp-json\/wp\/v2\/types\/post"}],"author":[{"embeddable":true,"href":"https:\/\/exaudi.org\/it\/wp-json\/wp\/v2\/users\/17"}],"replies":[{"embeddable":true,"href":"https:\/\/exaudi.org\/it\/wp-json\/wp\/v2\/comments?post=117434"}],"version-history":[{"count":0,"href":"https:\/\/exaudi.org\/it\/wp-json\/wp\/v2\/posts\/117434\/revisions"}],"wp:featuredmedia":[{"embeddable":true,"href":"https:\/\/exaudi.org\/it\/wp-json\/wp\/v2\/media\/117377"}],"wp:attachment":[{"href":"https:\/\/exaudi.org\/it\/wp-json\/wp\/v2\/media?parent=117434"}],"wp:term":[{"taxonomy":"category","embeddable":true,"href":"https:\/\/exaudi.org\/it\/wp-json\/wp\/v2\/categories?post=117434"},{"taxonomy":"post_tag","embeddable":true,"href":"https:\/\/exaudi.org\/it\/wp-json\/wp\/v2\/tags?post=117434"}],"curies":[{"name":"wp","href":"https:\/\/api.w.org\/{rel}","templated":true}]}}