{"id":117235,"date":"2025-01-20T18:36:51","date_gmt":"2025-01-20T17:36:51","guid":{"rendered":"https:\/\/exaudi.org\/?p=117235"},"modified":"2025-01-20T18:36:51","modified_gmt":"2025-01-20T17:36:51","slug":"eutanasia-la-chiesa-cattolica-e-il-messaggio-degli-ultimi-cinque-papi","status":"publish","type":"post","link":"https:\/\/exaudi.org\/it\/eutanasia-la-chiesa-cattolica-e-il-messaggio-degli-ultimi-cinque-papi\/","title":{"rendered":"Eutanasia: la Chiesa cattolica e il messaggio degli ultimi cinque Papi"},"content":{"rendered":"<h3><strong>Cosa dice la Chiesa cattolica sull\u2019eutanasia?<\/strong><\/h3>\n<p>L&#8217;eutanasia, definita come l&#8217;azione o l&#8217;omissione che provoca la morte di una persona al fine di eliminarne la sofferenza, \u00e8 considerata dalla Chiesa cattolica un atto intrinsecamente immorale. Secondo l&#8217;insegnamento della Chiesa, ogni vita umana ha un valore unico e irripetibile perch\u00e9 creata a immagine e somiglianza di Dio. L&#8217;eutanasia, quindi, viola la dignit\u00e0 umana e contraddice il comandamento &#8220;Non uccidere&#8221;.<\/p>\n<p>Il <a href=\"https:\/\/www.vatican.va\/archive\/catechism_sp\/index_sp.html\">Catechismo della Chiesa Cattolica<\/a> (n. 2277) sottolinea che \u00abqualunque ne sia la forma e i motivi, l&#8217;eutanasia costituisce un omicidio gravemente contrario alla dignit\u00e0 della persona umana e al rispetto del Dio vivente, suo Creatore\u00bb.<\/p>\n<p>La Chiesa promuove le cure palliative come alternativa etica e compassionevole per alleviare le sofferenze dei malati, sempre nel rispetto della loro vita e dignit\u00e0.<\/p>\n<h3><strong>Gli ultimi cinque Papi sull&#8217;eutanasia<\/strong><\/h3>\n<p><strong>Paolo VI (1963-1978): difensore della sacralit\u00e0 della vita<\/strong><\/p>\n<p>Papa Paolo VI, in documenti come l&#8217;enciclica <a href=\"https:\/\/www.vatican.va\/content\/paul-vi\/es\/encyclicals\/documents\/hf_p-vi_enc_25071968_humanae-vitae.html\">Humanae Vitae<\/a> (1968), ha ribadito l&#8217;inviolabilit\u00e0 della vita umana dal concepimento fino alla morte naturale. Sebbene il presente documento si concentri principalmente sulle questioni relative alla regolamentazione delle nascite, sottolinea l&#8217;importanza di proteggere la vita in ogni sua fase. Paolo VI sottoline\u00f2 che qualsiasi atto che cerchi deliberatamente di porre fine a una vita umana \u00e8 moralmente inaccettabile.<\/p>\n<p><strong>Giovanni Paolo I (1978): Breve ma chiaro in difesa della vita<\/strong><\/p>\n<p>Nonostante il suo breve pontificato, durato solo 33 giorni, Papa Giovanni Paolo I rimase fermo nell&#8217;insegnamento tradizionale della Chiesa. Nei suoi discorsi ha sottolineato l&#8217;importanza di prendersi cura e proteggere i pi\u00f9 vulnerabili, rifiutando ogni forma di eutanasia perch\u00e9 contraria alla legge di Dio.<\/p>\n<p><strong>Giovanni Paolo II (1978-2005): un instancabile difensore della vita<\/strong><\/p>\n<p>Papa Giovanni Paolo II ha dedicato gran parte del suo pontificato alla difesa della vita umana in tutte le sue forme. Nella sua enciclica <a href=\"https:\/\/www.vatican.va\/content\/john-paul-ii\/es\/encyclicals\/documents\/hf_jp-ii_enc_25031995_evangelium-vitae.html\">Evangelium Vitae<\/a> (1995), ha dichiarato:<\/p>\n<p>\u201cL\u2019eutanasia \u00e8 una grave violazione della legge di Dio, poich\u00e9 \u00e8 l\u2019eliminazione deliberata e moralmente inaccettabile di una persona umana\u201d.<\/p>\n<p>Il Pontefice ha sottolineato che la vera compassione non consiste nell&#8217;eliminare la sofferenza eliminando chi soffre, ma nel condividere il dolore e offrire amore e sostegno. Proponeva di promuovere una &#8220;cultura della vita&#8221; in contrapposizione alla &#8220;cultura della morte&#8221; che considera l&#8217;eutanasia una soluzione accettabile.<\/p>\n<p><strong>Benedetto XVI (2005-2013): L&#8217;importanza delle cure palliative<\/strong><\/p>\n<p>Papa Benedetto XVI ha proseguito l&#8217;insegnamento dei suoi predecessori, sottolineando che la sofferenza pu\u00f2 trovare un senso alla luce della fede. Nella sua enciclica <a href=\"http:\/\/www.vatican.va\/content\/benedict-xvi\/es\/encyclicals\/documents\/hf_ben-xvi_enc_20071130_spe-salvi.html\">Spe Salvi<\/a> (2007), ha riflettuto sulla speranza cristiana nella vita eterna e sulla necessit\u00e0 di accompagnare i malati con amore. Ha ribadito che le cure palliative sono un modo etico per alleviare la sofferenza, rispettando la dignit\u00e0 della persona fino alla fine della sua vita.<\/p>\n<p><strong>Francesco (2013-oggi): Una voce chiara contro l&#8217;eutanasia<\/strong><\/p>\n<p>Papa Francesco si \u00e8 espresso in numerose occasioni contro l&#8217;eutanasia e il suicidio assistito, definendoli &#8220;un fallimento per l&#8217;umanit\u00e0&#8221;. Nel 2020 \u00e8 stata approvata la Carta <a href=\"https:\/\/press.vatican.va\/content\/salastampa\/es\/bollettino\/pubblico\/2020\/09\/22\/carta.html\">Samaritanus Bonus<\/a>, un documento che ribadisce l&#8217;opposizione della Chiesa a queste pratiche e promuove l&#8217;accompagnamento dei malati:<\/p>\n<p>\u201cL\u2019eutanasia e il suicidio assistito sono una sconfitta per tutti. L&#8217;unica via umana \u00e8 la cura.&#8221;<\/p>\n<p>Il Pontefice ha insistito sul fatto che la vera compassione si manifesta nell&#8217;amore e nella vicinanza a chi soffre, non nella soppressione della sua vita.<\/p>\n<h3><strong>Alternative proposte dalla Chiesa<\/strong><\/h3>\n<p>La Chiesa cattolica promuove una &#8220;cultura della cura&#8221; che d\u00e0 priorit\u00e0 alla dignit\u00e0 umana e all&#8217;accompagnamento. Le cure palliative vengono presentate come una soluzione etica e compassionevole per chi affronta malattie terminali, offrendo sollievo dal dolore fisico e sostegno emotivo e spirituale.<\/p>\n<p>Nelle parole di Papa Francesco:<\/p>\n<p>&#8220;Il dolore non \u00e8 mai sconfitto dalla morte, ma dall&#8217;amore.&#8221;<\/p>\n<h3><strong>Altri articoli di questa serie:<\/strong><\/h3>\n<p><a href=\"https:\/\/exaudi.org\/it\/la-chiesa-cattolica-e-la-pena-di-morte-insegnamenti-e-azioni-dei-papi-recenti\/\">Pena di morte<\/a><\/p>\n<p><a href=\"https:\/\/exaudi.org\/it\/aborto-la-chiesa-cattolica-e-il-messaggio-degli-ultimi-cinque-papi\/\">Aborto<\/a><\/p>\n<p><a href=\"https:\/\/exaudi.org\/it\/?p=117235\">Eutanasia<\/a><\/p>\n","protected":false},"excerpt":{"rendered":"<p>Eutanasia: la Chiesa cattolica e il messaggio degli ultimi cinque Papi<\/p>\n","protected":false},"author":151,"featured_media":116777,"comment_status":"closed","ping_status":"closed","sticky":false,"template":"","format":"standard","meta":{"_acf_changed":false,"_crdt_document":"","inline_featured_image":false,"footnotes":""},"categories":[58],"tags":[20599,1722,4512,21808,5907,13988,36312,10328,28781,32449,3194,13964,2487,1987,1671,41428,25283,9358,251,41429,4284,266],"class_list":["post-117235","post","type-post","status-publish","format-standard","has-post-thumbnail","hentry","category-featured-news","tag-accompagnamento-spirituale","tag-benedetto-xvi","tag-chiesa-cattolica","tag-cultura-della-vita","tag-cure-palliative","tag-dignita-umana","tag-dottrina-cattolica","tag-dottrina-sociale-della-chiesa","tag-encicliche-papali","tag-etica-cattolica","tag-eutanasia-it","tag-evangelium-vitae-2","tag-featured-3","tag-giovanni-paolo-i","tag-giovanni-paolo-ii","tag-lettera-samaritanus-bonus","tag-morale-cristiana","tag-paolo-vi","tag-papa-francesco","tag-rispetto-della-vita","tag-suicidio-assistito","tag-vaticano"],"acf":[],"yoast_head":"<!-- This site is optimized with the Yoast SEO plugin v27.5 - https:\/\/yoast.com\/product\/yoast-seo-wordpress\/ -->\n<title>Eutanasia: la Chiesa cattolica e il messaggio degli ultimi cinque Papi &#8211; Exaudi<\/title>\n<meta name=\"robots\" content=\"index, follow, max-snippet:-1, max-image-preview:large, max-video-preview:-1\" \/>\n<link rel=\"canonical\" href=\"https:\/\/exaudi.org\/it\/eutanasia-la-chiesa-cattolica-e-il-messaggio-degli-ultimi-cinque-papi\/\" \/>\n<meta property=\"og:locale\" content=\"it_IT\" \/>\n<meta property=\"og:type\" content=\"article\" \/>\n<meta property=\"og:title\" content=\"Eutanasia: la Chiesa cattolica e il messaggio degli ultimi cinque Papi &#8211; Exaudi\" \/>\n<meta property=\"og:description\" content=\"Eutanasia: la Chiesa cattolica e il messaggio degli ultimi cinque Papi\" \/>\n<meta property=\"og:url\" content=\"https:\/\/exaudi.org\/it\/eutanasia-la-chiesa-cattolica-e-il-messaggio-degli-ultimi-cinque-papi\/\" \/>\n<meta property=\"og:site_name\" content=\"Exaudi\" \/>\n<meta property=\"article:publisher\" content=\"https:\/\/www.facebook.com\/ExaudiNews\" \/>\n<meta property=\"article:published_time\" content=\"2025-01-20T17:36:51+00:00\" \/>\n<meta property=\"og:image\" content=\"https:\/\/exaudi.org\/wp-content\/uploads\/2025\/01\/sami-salim-nXVgAAY_FsY-unsplash-scaled-e1736785667480.jpg\" \/>\n\t<meta property=\"og:image:width\" content=\"1920\" \/>\n\t<meta property=\"og:image:height\" content=\"2560\" \/>\n\t<meta property=\"og:image:type\" content=\"image\/jpeg\" \/>\n<meta name=\"author\" content=\"Patricia Jim\u00e9nez Ram\u00edrez\" \/>\n<meta name=\"twitter:card\" content=\"summary_large_image\" \/>\n<meta name=\"twitter:creator\" content=\"@Exaudi_News\" \/>\n<meta name=\"twitter:site\" content=\"@Exaudi_News\" \/>\n<meta name=\"twitter:label1\" content=\"Scritto da\" \/>\n\t<meta name=\"twitter:data1\" content=\"Patricia Jim\u00e9nez Ram\u00edrez\" \/>\n\t<meta name=\"twitter:label2\" content=\"Tempo di lettura stimato\" \/>\n\t<meta name=\"twitter:data2\" content=\"3 minuti\" \/>\n<script type=\"application\/ld+json\" class=\"yoast-schema-graph\">{\"@context\":\"https:\\\/\\\/schema.org\",\"@graph\":[{\"@type\":\"Article\",\"@id\":\"https:\\\/\\\/exaudi.org\\\/it\\\/eutanasia-la-chiesa-cattolica-e-il-messaggio-degli-ultimi-cinque-papi\\\/#article\",\"isPartOf\":{\"@id\":\"https:\\\/\\\/exaudi.org\\\/it\\\/eutanasia-la-chiesa-cattolica-e-il-messaggio-degli-ultimi-cinque-papi\\\/\"},\"author\":{\"name\":\"Patricia Jim\u00e9nez Ram\u00edrez\",\"@id\":\"https:\\\/\\\/exaudi.org\\\/#\\\/schema\\\/person\\\/e7ff749045cafab5d7b926bb4edeaa51\"},\"headline\":\"Eutanasia: la Chiesa cattolica e il messaggio degli ultimi cinque Papi\",\"datePublished\":\"2025-01-20T17:36:51+00:00\",\"mainEntityOfPage\":{\"@id\":\"https:\\\/\\\/exaudi.org\\\/it\\\/eutanasia-la-chiesa-cattolica-e-il-messaggio-degli-ultimi-cinque-papi\\\/\"},\"wordCount\":627,\"image\":{\"@id\":\"https:\\\/\\\/exaudi.org\\\/it\\\/eutanasia-la-chiesa-cattolica-e-il-messaggio-degli-ultimi-cinque-papi\\\/#primaryimage\"},\"thumbnailUrl\":\"https:\\\/\\\/exaudi.org\\\/wp-content\\\/uploads\\\/2025\\\/01\\\/sami-salim-nXVgAAY_FsY-unsplash-scaled-e1736785667480.jpg\",\"keywords\":[\"ACCOMPAGNAMENTO SPIRITUALE\",\"Benedetto XVI\",\"Chiesa cattolica\",\"CULTURA DELLA VITA\",\"cure palliative\",\"DIGNIT\u00c0 UMANA\",\"Dottrina cattolica\",\"DOTTRINA SOCIALE DELLA CHIESA\",\"encicliche papali\",\"Etica cattolica\",\"Eutanasia\",\"EVANGELIUM VITAE\",\"Featured\",\"Giovanni Paolo I\",\"Giovanni Paolo II\",\"Lettera Samaritanus Bonus\",\"Morale cristiana\",\"Paolo VI\",\"Papa Francesco\",\"Rispetto della Vita\",\"suicidio assistito\",\"Vaticano\"],\"articleSection\":[\"Featured News\"],\"inLanguage\":\"it-IT\"},{\"@type\":\"WebPage\",\"@id\":\"https:\\\/\\\/exaudi.org\\\/it\\\/eutanasia-la-chiesa-cattolica-e-il-messaggio-degli-ultimi-cinque-papi\\\/\",\"url\":\"https:\\\/\\\/exaudi.org\\\/it\\\/eutanasia-la-chiesa-cattolica-e-il-messaggio-degli-ultimi-cinque-papi\\\/\",\"name\":\"Eutanasia: la Chiesa cattolica e il messaggio degli ultimi cinque Papi &#8211; Exaudi\",\"isPartOf\":{\"@id\":\"https:\\\/\\\/exaudi.org\\\/#website\"},\"primaryImageOfPage\":{\"@id\":\"https:\\\/\\\/exaudi.org\\\/it\\\/eutanasia-la-chiesa-cattolica-e-il-messaggio-degli-ultimi-cinque-papi\\\/#primaryimage\"},\"image\":{\"@id\":\"https:\\\/\\\/exaudi.org\\\/it\\\/eutanasia-la-chiesa-cattolica-e-il-messaggio-degli-ultimi-cinque-papi\\\/#primaryimage\"},\"thumbnailUrl\":\"https:\\\/\\\/exaudi.org\\\/wp-content\\\/uploads\\\/2025\\\/01\\\/sami-salim-nXVgAAY_FsY-unsplash-scaled-e1736785667480.jpg\",\"datePublished\":\"2025-01-20T17:36:51+00:00\",\"author\":{\"@id\":\"https:\\\/\\\/exaudi.org\\\/#\\\/schema\\\/person\\\/e7ff749045cafab5d7b926bb4edeaa51\"},\"breadcrumb\":{\"@id\":\"https:\\\/\\\/exaudi.org\\\/it\\\/eutanasia-la-chiesa-cattolica-e-il-messaggio-degli-ultimi-cinque-papi\\\/#breadcrumb\"},\"inLanguage\":\"it-IT\",\"potentialAction\":[{\"@type\":\"ReadAction\",\"target\":[\"https:\\\/\\\/exaudi.org\\\/it\\\/eutanasia-la-chiesa-cattolica-e-il-messaggio-degli-ultimi-cinque-papi\\\/\"]}]},{\"@type\":\"ImageObject\",\"inLanguage\":\"it-IT\",\"@id\":\"https:\\\/\\\/exaudi.org\\\/it\\\/eutanasia-la-chiesa-cattolica-e-il-messaggio-degli-ultimi-cinque-papi\\\/#primaryimage\",\"url\":\"https:\\\/\\\/exaudi.org\\\/wp-content\\\/uploads\\\/2025\\\/01\\\/sami-salim-nXVgAAY_FsY-unsplash-scaled-e1736785667480.jpg\",\"contentUrl\":\"https:\\\/\\\/exaudi.org\\\/wp-content\\\/uploads\\\/2025\\\/01\\\/sami-salim-nXVgAAY_FsY-unsplash-scaled-e1736785667480.jpg\",\"width\":1920,\"height\":2560,\"caption\":\"Unsplash\"},{\"@type\":\"BreadcrumbList\",\"@id\":\"https:\\\/\\\/exaudi.org\\\/it\\\/eutanasia-la-chiesa-cattolica-e-il-messaggio-degli-ultimi-cinque-papi\\\/#breadcrumb\",\"itemListElement\":[{\"@type\":\"ListItem\",\"position\":1,\"name\":\"Portada\",\"item\":\"https:\\\/\\\/exaudi.org\\\/it\\\/\"},{\"@type\":\"ListItem\",\"position\":2,\"name\":\"Eutanasia: la Chiesa cattolica e il messaggio degli ultimi cinque Papi\"}]},{\"@type\":\"WebSite\",\"@id\":\"https:\\\/\\\/exaudi.org\\\/#website\",\"url\":\"https:\\\/\\\/exaudi.org\\\/\",\"name\":\"Exaudi\",\"description\":\"News\",\"potentialAction\":[{\"@type\":\"SearchAction\",\"target\":{\"@type\":\"EntryPoint\",\"urlTemplate\":\"https:\\\/\\\/exaudi.org\\\/?s={search_term_string}\"},\"query-input\":{\"@type\":\"PropertyValueSpecification\",\"valueRequired\":true,\"valueName\":\"search_term_string\"}}],\"inLanguage\":\"it-IT\"},{\"@type\":\"Person\",\"@id\":\"https:\\\/\\\/exaudi.org\\\/#\\\/schema\\\/person\\\/e7ff749045cafab5d7b926bb4edeaa51\",\"name\":\"Patricia Jim\u00e9nez Ram\u00edrez\",\"image\":{\"@type\":\"ImageObject\",\"inLanguage\":\"it-IT\",\"@id\":\"https:\\\/\\\/secure.gravatar.com\\\/avatar\\\/c1f016f3010698237250f552cc424d09fd3f545baa3b0e2f5008eae3181ed438?s=96&d=mm&r=g\",\"url\":\"https:\\\/\\\/secure.gravatar.com\\\/avatar\\\/c1f016f3010698237250f552cc424d09fd3f545baa3b0e2f5008eae3181ed438?s=96&d=mm&r=g\",\"contentUrl\":\"https:\\\/\\\/secure.gravatar.com\\\/avatar\\\/c1f016f3010698237250f552cc424d09fd3f545baa3b0e2f5008eae3181ed438?s=96&d=mm&r=g\",\"caption\":\"Patricia Jim\u00e9nez Ram\u00edrez\"},\"description\":\"Soy una mujer comprometida con mi familia, con una s\u00f3lida experiencia empresarial y una profunda dedicaci\u00f3n al hogar. Durante a\u00f1os trabaj\u00e9 en diversos entornos empresariales, liderando equipos y gestionando proyectos de impacto. Sin embargo, en los \u00faltimos a\u00f1os he tomado la decisi\u00f3n de centrarme en mi hogar y dedicar m\u00e1s tiempo a mi marido e hijos, quienes son mi mayor prioridad. Mi experiencia en el \u00e1mbito empresarial me ha brindado valiosas habilidades en gesti\u00f3n del tiempo, organizaci\u00f3n, liderazgo y resoluci\u00f3n de problemas, que ahora aplico en mi vida familiar para fomentar un ambiente armonioso y saludable para todos\",\"url\":\"https:\\\/\\\/exaudi.org\\\/it\\\/author\\\/patricia-jimenez-ramirez\\\/\"}]}<\/script>\n<!-- \/ Yoast SEO plugin. -->","yoast_head_json":{"title":"Eutanasia: la Chiesa cattolica e il messaggio degli ultimi cinque Papi &#8211; Exaudi","robots":{"index":"index","follow":"follow","max-snippet":"max-snippet:-1","max-image-preview":"max-image-preview:large","max-video-preview":"max-video-preview:-1"},"canonical":"https:\/\/exaudi.org\/it\/eutanasia-la-chiesa-cattolica-e-il-messaggio-degli-ultimi-cinque-papi\/","og_locale":"it_IT","og_type":"article","og_title":"Eutanasia: la Chiesa cattolica e il messaggio degli ultimi cinque Papi &#8211; Exaudi","og_description":"Eutanasia: la Chiesa cattolica e il messaggio degli ultimi cinque Papi","og_url":"https:\/\/exaudi.org\/it\/eutanasia-la-chiesa-cattolica-e-il-messaggio-degli-ultimi-cinque-papi\/","og_site_name":"Exaudi","article_publisher":"https:\/\/www.facebook.com\/ExaudiNews","article_published_time":"2025-01-20T17:36:51+00:00","og_image":[{"width":1920,"height":2560,"url":"https:\/\/exaudi.org\/wp-content\/uploads\/2025\/01\/sami-salim-nXVgAAY_FsY-unsplash-scaled-e1736785667480.jpg","type":"image\/jpeg"}],"author":"Patricia Jim\u00e9nez Ram\u00edrez","twitter_card":"summary_large_image","twitter_creator":"@Exaudi_News","twitter_site":"@Exaudi_News","twitter_misc":{"Scritto da":"Patricia Jim\u00e9nez Ram\u00edrez","Tempo di lettura stimato":"3 minuti"},"schema":{"@context":"https:\/\/schema.org","@graph":[{"@type":"Article","@id":"https:\/\/exaudi.org\/it\/eutanasia-la-chiesa-cattolica-e-il-messaggio-degli-ultimi-cinque-papi\/#article","isPartOf":{"@id":"https:\/\/exaudi.org\/it\/eutanasia-la-chiesa-cattolica-e-il-messaggio-degli-ultimi-cinque-papi\/"},"author":{"name":"Patricia Jim\u00e9nez Ram\u00edrez","@id":"https:\/\/exaudi.org\/#\/schema\/person\/e7ff749045cafab5d7b926bb4edeaa51"},"headline":"Eutanasia: la Chiesa cattolica e il messaggio degli ultimi cinque Papi","datePublished":"2025-01-20T17:36:51+00:00","mainEntityOfPage":{"@id":"https:\/\/exaudi.org\/it\/eutanasia-la-chiesa-cattolica-e-il-messaggio-degli-ultimi-cinque-papi\/"},"wordCount":627,"image":{"@id":"https:\/\/exaudi.org\/it\/eutanasia-la-chiesa-cattolica-e-il-messaggio-degli-ultimi-cinque-papi\/#primaryimage"},"thumbnailUrl":"https:\/\/exaudi.org\/wp-content\/uploads\/2025\/01\/sami-salim-nXVgAAY_FsY-unsplash-scaled-e1736785667480.jpg","keywords":["ACCOMPAGNAMENTO SPIRITUALE","Benedetto XVI","Chiesa cattolica","CULTURA DELLA VITA","cure palliative","DIGNIT\u00c0 UMANA","Dottrina cattolica","DOTTRINA SOCIALE DELLA CHIESA","encicliche papali","Etica cattolica","Eutanasia","EVANGELIUM VITAE","Featured","Giovanni Paolo I","Giovanni Paolo II","Lettera Samaritanus Bonus","Morale cristiana","Paolo VI","Papa Francesco","Rispetto della Vita","suicidio assistito","Vaticano"],"articleSection":["Featured News"],"inLanguage":"it-IT"},{"@type":"WebPage","@id":"https:\/\/exaudi.org\/it\/eutanasia-la-chiesa-cattolica-e-il-messaggio-degli-ultimi-cinque-papi\/","url":"https:\/\/exaudi.org\/it\/eutanasia-la-chiesa-cattolica-e-il-messaggio-degli-ultimi-cinque-papi\/","name":"Eutanasia: la Chiesa cattolica e il messaggio degli ultimi cinque Papi &#8211; Exaudi","isPartOf":{"@id":"https:\/\/exaudi.org\/#website"},"primaryImageOfPage":{"@id":"https:\/\/exaudi.org\/it\/eutanasia-la-chiesa-cattolica-e-il-messaggio-degli-ultimi-cinque-papi\/#primaryimage"},"image":{"@id":"https:\/\/exaudi.org\/it\/eutanasia-la-chiesa-cattolica-e-il-messaggio-degli-ultimi-cinque-papi\/#primaryimage"},"thumbnailUrl":"https:\/\/exaudi.org\/wp-content\/uploads\/2025\/01\/sami-salim-nXVgAAY_FsY-unsplash-scaled-e1736785667480.jpg","datePublished":"2025-01-20T17:36:51+00:00","author":{"@id":"https:\/\/exaudi.org\/#\/schema\/person\/e7ff749045cafab5d7b926bb4edeaa51"},"breadcrumb":{"@id":"https:\/\/exaudi.org\/it\/eutanasia-la-chiesa-cattolica-e-il-messaggio-degli-ultimi-cinque-papi\/#breadcrumb"},"inLanguage":"it-IT","potentialAction":[{"@type":"ReadAction","target":["https:\/\/exaudi.org\/it\/eutanasia-la-chiesa-cattolica-e-il-messaggio-degli-ultimi-cinque-papi\/"]}]},{"@type":"ImageObject","inLanguage":"it-IT","@id":"https:\/\/exaudi.org\/it\/eutanasia-la-chiesa-cattolica-e-il-messaggio-degli-ultimi-cinque-papi\/#primaryimage","url":"https:\/\/exaudi.org\/wp-content\/uploads\/2025\/01\/sami-salim-nXVgAAY_FsY-unsplash-scaled-e1736785667480.jpg","contentUrl":"https:\/\/exaudi.org\/wp-content\/uploads\/2025\/01\/sami-salim-nXVgAAY_FsY-unsplash-scaled-e1736785667480.jpg","width":1920,"height":2560,"caption":"Unsplash"},{"@type":"BreadcrumbList","@id":"https:\/\/exaudi.org\/it\/eutanasia-la-chiesa-cattolica-e-il-messaggio-degli-ultimi-cinque-papi\/#breadcrumb","itemListElement":[{"@type":"ListItem","position":1,"name":"Portada","item":"https:\/\/exaudi.org\/it\/"},{"@type":"ListItem","position":2,"name":"Eutanasia: la Chiesa cattolica e il messaggio degli ultimi cinque Papi"}]},{"@type":"WebSite","@id":"https:\/\/exaudi.org\/#website","url":"https:\/\/exaudi.org\/","name":"Exaudi","description":"News","potentialAction":[{"@type":"SearchAction","target":{"@type":"EntryPoint","urlTemplate":"https:\/\/exaudi.org\/?s={search_term_string}"},"query-input":{"@type":"PropertyValueSpecification","valueRequired":true,"valueName":"search_term_string"}}],"inLanguage":"it-IT"},{"@type":"Person","@id":"https:\/\/exaudi.org\/#\/schema\/person\/e7ff749045cafab5d7b926bb4edeaa51","name":"Patricia Jim\u00e9nez Ram\u00edrez","image":{"@type":"ImageObject","inLanguage":"it-IT","@id":"https:\/\/secure.gravatar.com\/avatar\/c1f016f3010698237250f552cc424d09fd3f545baa3b0e2f5008eae3181ed438?s=96&d=mm&r=g","url":"https:\/\/secure.gravatar.com\/avatar\/c1f016f3010698237250f552cc424d09fd3f545baa3b0e2f5008eae3181ed438?s=96&d=mm&r=g","contentUrl":"https:\/\/secure.gravatar.com\/avatar\/c1f016f3010698237250f552cc424d09fd3f545baa3b0e2f5008eae3181ed438?s=96&d=mm&r=g","caption":"Patricia Jim\u00e9nez Ram\u00edrez"},"description":"Soy una mujer comprometida con mi familia, con una s\u00f3lida experiencia empresarial y una profunda dedicaci\u00f3n al hogar. Durante a\u00f1os trabaj\u00e9 en diversos entornos empresariales, liderando equipos y gestionando proyectos de impacto. Sin embargo, en los \u00faltimos a\u00f1os he tomado la decisi\u00f3n de centrarme en mi hogar y dedicar m\u00e1s tiempo a mi marido e hijos, quienes son mi mayor prioridad. Mi experiencia en el \u00e1mbito empresarial me ha brindado valiosas habilidades en gesti\u00f3n del tiempo, organizaci\u00f3n, liderazgo y resoluci\u00f3n de problemas, que ahora aplico en mi vida familiar para fomentar un ambiente armonioso y saludable para todos","url":"https:\/\/exaudi.org\/it\/author\/patricia-jimenez-ramirez\/"}]}},"jetpack_featured_media_url":"https:\/\/exaudi.org\/wp-content\/uploads\/2025\/01\/sami-salim-nXVgAAY_FsY-unsplash-scaled-e1736785667480.jpg","jetpack_shortlink":"https:\/\/wp.me\/pgKjF2-uuT","_links":{"self":[{"href":"https:\/\/exaudi.org\/it\/wp-json\/wp\/v2\/posts\/117235","targetHints":{"allow":["GET"]}}],"collection":[{"href":"https:\/\/exaudi.org\/it\/wp-json\/wp\/v2\/posts"}],"about":[{"href":"https:\/\/exaudi.org\/it\/wp-json\/wp\/v2\/types\/post"}],"author":[{"embeddable":true,"href":"https:\/\/exaudi.org\/it\/wp-json\/wp\/v2\/users\/151"}],"replies":[{"embeddable":true,"href":"https:\/\/exaudi.org\/it\/wp-json\/wp\/v2\/comments?post=117235"}],"version-history":[{"count":0,"href":"https:\/\/exaudi.org\/it\/wp-json\/wp\/v2\/posts\/117235\/revisions"}],"wp:featuredmedia":[{"embeddable":true,"href":"https:\/\/exaudi.org\/it\/wp-json\/wp\/v2\/media\/116777"}],"wp:attachment":[{"href":"https:\/\/exaudi.org\/it\/wp-json\/wp\/v2\/media?parent=117235"}],"wp:term":[{"taxonomy":"category","embeddable":true,"href":"https:\/\/exaudi.org\/it\/wp-json\/wp\/v2\/categories?post=117235"},{"taxonomy":"post_tag","embeddable":true,"href":"https:\/\/exaudi.org\/it\/wp-json\/wp\/v2\/tags?post=117235"}],"curies":[{"name":"wp","href":"https:\/\/api.w.org\/{rel}","templated":true}]}}