{"id":117053,"date":"2025-01-17T19:10:19","date_gmt":"2025-01-17T18:10:19","guid":{"rendered":"https:\/\/exaudi.org\/?p=117053"},"modified":"2025-01-17T19:10:19","modified_gmt":"2025-01-17T18:10:19","slug":"limportanza-della-preghiera-nella-vita-quotidiana","status":"publish","type":"post","link":"https:\/\/exaudi.org\/it\/limportanza-della-preghiera-nella-vita-quotidiana\/","title":{"rendered":"L&#8217;importanza della preghiera nella vita quotidiana"},"content":{"rendered":"<p>La preghiera, come atto di comunicazione con Dio, \u00e8 fondamentale nella vita cristiana. Questa pratica non solo rafforza il nostro rapporto con Lui, ma ci aiuta anche a trovare pace, speranza e direzione in mezzo alle difficolt\u00e0 quotidiane. L&#8217;importanza della preghiera nella vita quotidiana risiede nella sua capacit\u00e0 di trasformare il cuore, di mantenerci in comunione con Dio e di guidarci sul cammino della fede.<\/p>\n<p><strong>La preghiera come fondamento della vita cristiana<\/strong><\/p>\n<p>Nel cristianesimo, la preghiera \u00e8 il mezzo attraverso il quale i credenti possono comunicare direttamente con Dio. Attraverso di esso esprimiamo la nostra gratitudine, i nostri bisogni e i nostri sentimenti pi\u00f9 profondi. Ges\u00f9 stesso ci ha insegnato a pregare, dandoci l&#8217;esempio nella sua vita quotidiana e in momenti chiave come il Padre Nostro, una preghiera che riassume perfettamente il nostro rapporto con il Creatore.<\/p>\n<p>Negli insegnamenti della Chiesa ci viene ricordato che la preghiera \u00e8 il respiro dell&#8217;anima. Senza di essa, la nostra vita spirituale \u00e8 impoverita e lontana da Dio. La preghiera non \u00e8 solo un atto formale, ma un invito continuo a essere attenti alla presenza di Dio in ogni momento.<\/p>\n<h3><strong>Modi di pregare nella vita quotidiana<\/strong><\/h3>\n<p>Esistono diverse forme di preghiera che ci permettono di mantenere una connessione costante con Dio, adattandosi alle esigenze e alle circostanze di ogni persona. Alcune delle forme pi\u00f9 comuni includono:<\/p>\n<ol>\n<li><strong>Preghiera vocale:<\/strong> \u00e8 la forma pi\u00f9 semplice di preghiera, in cui si utilizza il linguaggio parlato. Pu\u00f2 essere spontanea oppure seguire preghiere tradizionali come il Padre Nostro, l&#8217;Ave Maria o il Rosario. Questo modulo \u00e8 particolarmente utile per coloro che stanno iniziando a pregare o desiderano mantenere una pratica quotidiana di connessione con Dio.<\/li>\n<li><strong>Meditazione:<\/strong> questo tipo di preghiera implica la riflessione sulle Scritture o su argomenti spirituali. Si pu\u00f2 fare in un luogo tranquillo e silenzioso, lasciando che Dio parli al cuore di ogni persona. La meditazione ci aiuta ad approfondire la Parola di Dio e a comprenderne il messaggio nel contesto della nostra vita quotidiana.<\/li>\n<li><strong>Preghiera contemplativa:<\/strong> \u00e8 una forma di preghiera pi\u00f9 profonda che invita al silenzio interiore. \u00c8 uno spazio in cui si cerca di stare alla presenza di Dio senza bisogno di parole. San Giovanni della Croce e Santa Teresa d&#8217;Avila, grandi mistici, hanno insegnato che la preghiera contemplativa \u00e8 un incontro diretto con l&#8217;amore di Dio, che trasforma l&#8217;anima in uno spazio di pace.<\/li>\n<li><strong>Preghiera comunitaria:<\/strong> pregare in comunit\u00e0, come fanno le parrocchie, i gruppi di preghiera o le famiglie, rafforza l&#8217;unit\u00e0 e ci ricorda che non siamo soli nella nostra fede. Partecipare alla Messa, all\u2019adorazione eucaristica o ai momenti di preghiera di gruppo \u00e8 un modo forte di vivere la fede in modo comunitario.<\/li>\n<li><strong>Preghiera di azione, ringraziamento e supplica:<\/strong> Molte volte la nostra preghiera diventa un momento di gratitudine per i doni ricevuti o una richiesta di aiuto nei momenti difficili. Entrambi i modi sono essenziali per riconoscere la presenza di Dio nella nostra vita.<\/li>\n<\/ol>\n<h3><strong>Testimonianze stimolanti<\/strong><\/h3>\n<p>Le testimonianze di coloro che hanno sperimentato il potere della preghiera sono fonte di ispirazione per i cristiani. Persone provenienti da ogni ceto sociale hanno raccontato come la preghiera abbia trasformato le loro vite, guarito ferite emotive e offerto loro una nuova prospettiva sulle loro difficolt\u00e0.<\/p>\n<p>Un esempio stimolante \u00e8 quello di <strong>Santa Teresa di Calcutta<\/strong>, che ha dedicato la sua vita alla preghiera e al servizio dei pi\u00f9 poveri. Ha affermato che la preghiera \u00e8 la fonte della sua forza e le sue parole risuonano in molti: &#8220;La preghiera \u00e8 l&#8217;unica forza che cambia il cuore delle persone&#8221;.<\/p>\n<p>Un&#8217;altra testimonianza straordinaria \u00e8 quella di<strong> san Giovanni Paolo II<\/strong>, che, attraverso la sua vita di preghiera costante, ci ha mostrato come la fede pu\u00f2 superare le prove pi\u00f9 difficili. Durante tutto il suo pontificato ha sempre promosso l&#8217;importanza della preghiera nella vita personale e comunitaria.<\/p>\n<p>Anche le testimonianze contemporanee sono arricchenti. Molti fedeli, come <strong>Padre Pio da Pietrelcina<\/strong>, che dedicava lunghe ore alla preghiera, raccontano come questo tempo con Dio abbia permesso loro di vivere pi\u00f9 pienamente, portando pace e speranza a chi li circondava.<\/p>\n<p>La preghiera, come atto di comunicazione con Dio, \u00e8 fondamentale nella vita cristiana. Questa pratica non solo rafforza il nostro rapporto con Lui, ma ci aiuta anche a trovare pace, speranza e direzione in mezzo alle difficolt\u00e0 quotidiane. L&#8217;importanza della preghiera nella vita quotidiana risiede nella sua capacit\u00e0 di trasformare il cuore, di mantenerci in comunione con Dio e di guidarci sul cammino della fede.<\/p>\n<h3><strong>La preghiera come fondamento della vita cristiana<\/strong><\/h3>\n<p>Nel cristianesimo, la preghiera \u00e8 il mezzo attraverso il quale i credenti possono comunicare direttamente con Dio. Attraverso di esso esprimiamo la nostra gratitudine, i nostri bisogni e i nostri sentimenti pi\u00f9 profondi. Ges\u00f9 stesso ci ha insegnato a pregare, dandoci l&#8217;esempio nella sua vita quotidiana e in momenti chiave come il Padre Nostro, una preghiera che riassume perfettamente il nostro rapporto con il Creatore.<\/p>\n<p>Negli insegnamenti della Chiesa ci viene ricordato che la preghiera \u00e8 il respiro dell&#8217;anima. Senza di essa, la nostra vita spirituale \u00e8 impoverita e lontana da Dio. La preghiera non \u00e8 solo un atto formale, ma un invito continuo a essere attenti alla presenza di Dio in ogni momento.<\/p>\n<p>Modi di pregare nella vita quotidiana<\/p>\n<p>Esistono diverse forme di preghiera che ci permettono di mantenere una connessione costante con Dio, adattandosi alle esigenze e alle circostanze di ogni persona. Alcune delle forme pi\u00f9 comuni includono:<\/p>\n<p>Preghiera vocale: \u00e8 la forma pi\u00f9 semplice di preghiera, in cui si utilizza il linguaggio parlato. Pu\u00f2 essere spontanea oppure seguire preghiere tradizionali come il Padre Nostro, l&#8217;Ave Maria o il Rosario. Questo modulo \u00e8 particolarmente utile per coloro che stanno iniziando a pregare o desiderano mantenere una pratica quotidiana di connessione con Dio.<br \/>\nMeditazione: questo tipo di preghiera implica la riflessione sulle Scritture o su argomenti spirituali. Si pu\u00f2 fare in un luogo tranquillo e silenzioso, lasciando che Dio parli al cuore di ogni persona. La meditazione ci aiuta ad approfondire la Parola di Dio e a comprenderne il messaggio nel contesto della nostra vita quotidiana.<br \/>\nPreghiera contemplativa: \u00e8 una forma di preghiera pi\u00f9 profonda che invita al silenzio interiore. \u00c8 uno spazio in cui si cerca di stare alla presenza di Dio senza bisogno di parole. San Giovanni della Croce e Santa Teresa d&#8217;Avila, grandi mistici, hanno insegnato che la preghiera contemplativa \u00e8 un incontro diretto con l&#8217;amore di Dio, che trasforma l&#8217;anima in uno spazio di pace.<br \/>\nPreghiera comunitaria: pregare in comunit\u00e0, come fanno le parrocchie, i gruppi di preghiera o le famiglie, rafforza l&#8217;unit\u00e0 e ci ricorda che non siamo soli nella nostra fede. Partecipare alla Messa, all\u2019adorazione eucaristica o ai momenti di preghiera di gruppo \u00e8 un modo forte di vivere la fede in modo comunitario.<br \/>\nPreghiera di azione, ringraziamento e supplica: Molte volte la nostra preghiera diventa un momento di gratitudine per i doni ricevuti o una richiesta di aiuto nei momenti difficili. Entrambi i modi sono essenziali per riconoscere la presenza di Dio nella nostra vita.<br \/>\nTestimonianze stimolanti<\/p>\n<p>Le testimonianze di coloro che hanno sperimentato il potere della preghiera sono fonte di ispirazione per i cristiani. Persone provenienti da ogni ceto sociale hanno raccontato come la preghiera abbia trasformato le loro vite, guarito ferite emotive e offerto loro una nuova prospettiva sulle loro difficolt\u00e0.<\/p>\n<p>Un esempio stimolante \u00e8 quello di Santa Teresa di Calcutta, che ha dedicato la sua vita alla preghiera e al servizio dei pi\u00f9 poveri. Ha affermato che la preghiera \u00e8 la fonte della sua forza e le sue parole risuonano in molti: &#8220;La preghiera \u00e8 l&#8217;unica forza che cambia il cuore delle persone&#8221;.<\/p>\n<p>Un&#8217;altra testimonianza straordinaria \u00e8 quella di san Giovanni Paolo II, che, attraverso la sua vita di preghiera costante, ci ha mostrato come la fede pu\u00f2 superare le prove pi\u00f9 difficili. Durante tutto il suo pontificato ha sempre promosso l&#8217;importanza della preghiera nella vita personale e comunitaria.<\/p>\n<p>Anche le testimonianze contemporanee sono arricchenti. Molti fedeli, come Padre Pio da Pietrelcina, che dedicava lunghe ore alla preghiera, raccontano come questo tempo con Dio abbia permesso loro di vivere pi\u00f9 pienamente, portando pace e speranza a chi li circondava.<\/p>\n","protected":false},"excerpt":{"rendered":"<p>Modi di pregare e testimonianze ispiratrici<\/p>\n","protected":false},"author":149,"featured_media":117027,"comment_status":"closed","ping_status":"closed","sticky":false,"template":"","format":"standard","meta":{"_acf_changed":false,"_crdt_document":"","inline_featured_image":false,"footnotes":""},"categories":[58],"tags":[17622,25656,30829,41174,41179,7065,41175,578,22392,41176,41177,26602,41178,31541,41180,11143,41181,30624,4952,16562,15442,41182],"class_list":["post-117053","post","type-post","status-publish","format-standard","has-post-thumbnail","hentry","category-featured-news","tag-fede-cristiana","tag-javier-ferrer-garcia-2","tag-meditazione-cristiana","tag-modi-di-pregare","tag-pace-spirituale","tag-padre-pio-2","tag-potere-della-preghiera","tag-preghiera","tag-preghiera-cattolica","tag-preghiera-comunitaria","tag-preghiera-contemplativa","tag-preghiera-cristiana","tag-preghiera-vocale","tag-ringraziamento","tag-san-giovanni-paolo-ii-ii","tag-santa-teresa-di-calcutta","tag-supplica","tag-testimonianze-ispiratrici","tag-trending-it","tag-vita-quotidiana","tag-vita-spirituale","tag-vita-trasformante"],"acf":[],"yoast_head":"<!-- This site is optimized with the Yoast SEO plugin v27.4 - https:\/\/yoast.com\/product\/yoast-seo-wordpress\/ -->\n<title>L&#039;importanza della preghiera nella vita quotidiana &#8211; Exaudi<\/title>\n<meta name=\"robots\" content=\"index, follow, max-snippet:-1, max-image-preview:large, max-video-preview:-1\" \/>\n<link rel=\"canonical\" href=\"https:\/\/exaudi.org\/it\/limportanza-della-preghiera-nella-vita-quotidiana\/\" \/>\n<meta property=\"og:locale\" content=\"it_IT\" \/>\n<meta property=\"og:type\" content=\"article\" \/>\n<meta property=\"og:title\" content=\"L&#039;importanza della preghiera nella vita quotidiana &#8211; Exaudi\" \/>\n<meta property=\"og:description\" content=\"Modi di pregare e testimonianze ispiratrici\" \/>\n<meta property=\"og:url\" content=\"https:\/\/exaudi.org\/it\/limportanza-della-preghiera-nella-vita-quotidiana\/\" \/>\n<meta property=\"og:site_name\" content=\"Exaudi\" \/>\n<meta property=\"article:publisher\" content=\"https:\/\/www.facebook.com\/ExaudiNews\" \/>\n<meta property=\"article:published_time\" content=\"2025-01-17T18:10:19+00:00\" \/>\n<meta property=\"og:image\" content=\"https:\/\/exaudi.org\/wp-content\/uploads\/2025\/01\/amaury-gutierrez-rzmQOng8h8I-unsplash-scaled.jpg\" \/>\n\t<meta property=\"og:image:width\" content=\"2560\" \/>\n\t<meta property=\"og:image:height\" content=\"1223\" \/>\n\t<meta property=\"og:image:type\" content=\"image\/jpeg\" \/>\n<meta name=\"author\" content=\"Javier Ferrer Garc\u00eda\" \/>\n<meta name=\"twitter:card\" content=\"summary_large_image\" \/>\n<meta name=\"twitter:creator\" content=\"@Exaudi_News\" \/>\n<meta name=\"twitter:site\" content=\"@Exaudi_News\" \/>\n<meta name=\"twitter:label1\" content=\"Scritto da\" \/>\n\t<meta name=\"twitter:data1\" content=\"Javier Ferrer Garc\u00eda\" \/>\n\t<meta name=\"twitter:label2\" content=\"Tempo di lettura stimato\" \/>\n\t<meta name=\"twitter:data2\" content=\"7 minuti\" \/>\n<script type=\"application\/ld+json\" class=\"yoast-schema-graph\">{\"@context\":\"https:\\\/\\\/schema.org\",\"@graph\":[{\"@type\":\"Article\",\"@id\":\"https:\\\/\\\/exaudi.org\\\/it\\\/limportanza-della-preghiera-nella-vita-quotidiana\\\/#article\",\"isPartOf\":{\"@id\":\"https:\\\/\\\/exaudi.org\\\/it\\\/limportanza-della-preghiera-nella-vita-quotidiana\\\/\"},\"author\":{\"name\":\"Javier Ferrer Garc\u00eda\",\"@id\":\"https:\\\/\\\/exaudi.org\\\/#\\\/schema\\\/person\\\/0428626ea256fe1d193098fe0ee2b91d\"},\"headline\":\"L&#8217;importanza della preghiera nella vita quotidiana\",\"datePublished\":\"2025-01-17T18:10:19+00:00\",\"mainEntityOfPage\":{\"@id\":\"https:\\\/\\\/exaudi.org\\\/it\\\/limportanza-della-preghiera-nella-vita-quotidiana\\\/\"},\"wordCount\":1345,\"image\":{\"@id\":\"https:\\\/\\\/exaudi.org\\\/it\\\/limportanza-della-preghiera-nella-vita-quotidiana\\\/#primaryimage\"},\"thumbnailUrl\":\"https:\\\/\\\/exaudi.org\\\/wp-content\\\/uploads\\\/2025\\\/01\\\/amaury-gutierrez-rzmQOng8h8I-unsplash-scaled.jpg\",\"keywords\":[\"FEDE CRISTIANA\",\"Javier Ferrer Garc\u00eda\",\"meditazione cristiana\",\"modi di pregare\",\"pace spirituale\",\"Padre Pio\",\"potere della preghiera\",\"preghiera\",\"preghiera cattolica\",\"preghiera comunitaria\",\"preghiera contemplativa\",\"Preghiera cristiana\",\"preghiera vocale\",\"ringraziamento\",\"San Giovanni Paolo II II\",\"SANTA TERESA DI CALCUTTA\",\"supplica\",\"testimonianze ispiratrici\",\"Trending\",\"VITA QUOTIDIANA\",\"VITA SPIRITUALE\",\"vita trasformante\"],\"articleSection\":[\"Featured News\"],\"inLanguage\":\"it-IT\"},{\"@type\":\"WebPage\",\"@id\":\"https:\\\/\\\/exaudi.org\\\/it\\\/limportanza-della-preghiera-nella-vita-quotidiana\\\/\",\"url\":\"https:\\\/\\\/exaudi.org\\\/it\\\/limportanza-della-preghiera-nella-vita-quotidiana\\\/\",\"name\":\"L'importanza della preghiera nella vita quotidiana &#8211; Exaudi\",\"isPartOf\":{\"@id\":\"https:\\\/\\\/exaudi.org\\\/#website\"},\"primaryImageOfPage\":{\"@id\":\"https:\\\/\\\/exaudi.org\\\/it\\\/limportanza-della-preghiera-nella-vita-quotidiana\\\/#primaryimage\"},\"image\":{\"@id\":\"https:\\\/\\\/exaudi.org\\\/it\\\/limportanza-della-preghiera-nella-vita-quotidiana\\\/#primaryimage\"},\"thumbnailUrl\":\"https:\\\/\\\/exaudi.org\\\/wp-content\\\/uploads\\\/2025\\\/01\\\/amaury-gutierrez-rzmQOng8h8I-unsplash-scaled.jpg\",\"datePublished\":\"2025-01-17T18:10:19+00:00\",\"author\":{\"@id\":\"https:\\\/\\\/exaudi.org\\\/#\\\/schema\\\/person\\\/0428626ea256fe1d193098fe0ee2b91d\"},\"breadcrumb\":{\"@id\":\"https:\\\/\\\/exaudi.org\\\/it\\\/limportanza-della-preghiera-nella-vita-quotidiana\\\/#breadcrumb\"},\"inLanguage\":\"it-IT\",\"potentialAction\":[{\"@type\":\"ReadAction\",\"target\":[\"https:\\\/\\\/exaudi.org\\\/it\\\/limportanza-della-preghiera-nella-vita-quotidiana\\\/\"]}]},{\"@type\":\"ImageObject\",\"inLanguage\":\"it-IT\",\"@id\":\"https:\\\/\\\/exaudi.org\\\/it\\\/limportanza-della-preghiera-nella-vita-quotidiana\\\/#primaryimage\",\"url\":\"https:\\\/\\\/exaudi.org\\\/wp-content\\\/uploads\\\/2025\\\/01\\\/amaury-gutierrez-rzmQOng8h8I-unsplash-scaled.jpg\",\"contentUrl\":\"https:\\\/\\\/exaudi.org\\\/wp-content\\\/uploads\\\/2025\\\/01\\\/amaury-gutierrez-rzmQOng8h8I-unsplash-scaled.jpg\",\"width\":2560,\"height\":1223,\"caption\":\"Amaury Gutierrez . Unsplash\"},{\"@type\":\"BreadcrumbList\",\"@id\":\"https:\\\/\\\/exaudi.org\\\/it\\\/limportanza-della-preghiera-nella-vita-quotidiana\\\/#breadcrumb\",\"itemListElement\":[{\"@type\":\"ListItem\",\"position\":1,\"name\":\"Portada\",\"item\":\"https:\\\/\\\/exaudi.org\\\/it\\\/\"},{\"@type\":\"ListItem\",\"position\":2,\"name\":\"L&#8217;importanza della preghiera nella vita quotidiana\"}]},{\"@type\":\"WebSite\",\"@id\":\"https:\\\/\\\/exaudi.org\\\/#website\",\"url\":\"https:\\\/\\\/exaudi.org\\\/\",\"name\":\"Exaudi\",\"description\":\"News\",\"potentialAction\":[{\"@type\":\"SearchAction\",\"target\":{\"@type\":\"EntryPoint\",\"urlTemplate\":\"https:\\\/\\\/exaudi.org\\\/?s={search_term_string}\"},\"query-input\":{\"@type\":\"PropertyValueSpecification\",\"valueRequired\":true,\"valueName\":\"search_term_string\"}}],\"inLanguage\":\"it-IT\"},{\"@type\":\"Person\",\"@id\":\"https:\\\/\\\/exaudi.org\\\/#\\\/schema\\\/person\\\/0428626ea256fe1d193098fe0ee2b91d\",\"name\":\"Javier Ferrer Garc\u00eda\",\"image\":{\"@type\":\"ImageObject\",\"inLanguage\":\"it-IT\",\"@id\":\"https:\\\/\\\/secure.gravatar.com\\\/avatar\\\/c7bc1aef05f4433794cef4a55499c99ae6c0d617e2aa24ba4876a5432af93b2d?s=96&d=mm&r=g\",\"url\":\"https:\\\/\\\/secure.gravatar.com\\\/avatar\\\/c7bc1aef05f4433794cef4a55499c99ae6c0d617e2aa24ba4876a5432af93b2d?s=96&d=mm&r=g\",\"contentUrl\":\"https:\\\/\\\/secure.gravatar.com\\\/avatar\\\/c7bc1aef05f4433794cef4a55499c99ae6c0d617e2aa24ba4876a5432af93b2d?s=96&d=mm&r=g\",\"caption\":\"Javier Ferrer Garc\u00eda\"},\"description\":\"Soy un apasionado de la vida. Fil\u00f3sofo y economista. Mi carrera profesional se ha enriquecido con el constante deseo de aprender y crecer tanto en el \u00e1mbito acad\u00e9mico como en el personal. Me considero un ferviente lector y amante del cine, lo cual me permite tener una perspectiva amplia y diversa sobre el mundo que nos rodea. Como cat\u00f3lico comprometido, busco integrar mis valores en cada aspecto de mi vida, desde mi carrera profesional hasta mi rol como esposo y padre de familia\",\"url\":\"https:\\\/\\\/exaudi.org\\\/it\\\/author\\\/javier-ferrer-garcia\\\/\"}]}<\/script>\n<!-- \/ Yoast SEO plugin. -->","yoast_head_json":{"title":"L'importanza della preghiera nella vita quotidiana &#8211; Exaudi","robots":{"index":"index","follow":"follow","max-snippet":"max-snippet:-1","max-image-preview":"max-image-preview:large","max-video-preview":"max-video-preview:-1"},"canonical":"https:\/\/exaudi.org\/it\/limportanza-della-preghiera-nella-vita-quotidiana\/","og_locale":"it_IT","og_type":"article","og_title":"L'importanza della preghiera nella vita quotidiana &#8211; Exaudi","og_description":"Modi di pregare e testimonianze ispiratrici","og_url":"https:\/\/exaudi.org\/it\/limportanza-della-preghiera-nella-vita-quotidiana\/","og_site_name":"Exaudi","article_publisher":"https:\/\/www.facebook.com\/ExaudiNews","article_published_time":"2025-01-17T18:10:19+00:00","og_image":[{"width":2560,"height":1223,"url":"https:\/\/exaudi.org\/wp-content\/uploads\/2025\/01\/amaury-gutierrez-rzmQOng8h8I-unsplash-scaled.jpg","type":"image\/jpeg"}],"author":"Javier Ferrer Garc\u00eda","twitter_card":"summary_large_image","twitter_creator":"@Exaudi_News","twitter_site":"@Exaudi_News","twitter_misc":{"Scritto da":"Javier Ferrer Garc\u00eda","Tempo di lettura stimato":"7 minuti"},"schema":{"@context":"https:\/\/schema.org","@graph":[{"@type":"Article","@id":"https:\/\/exaudi.org\/it\/limportanza-della-preghiera-nella-vita-quotidiana\/#article","isPartOf":{"@id":"https:\/\/exaudi.org\/it\/limportanza-della-preghiera-nella-vita-quotidiana\/"},"author":{"name":"Javier Ferrer Garc\u00eda","@id":"https:\/\/exaudi.org\/#\/schema\/person\/0428626ea256fe1d193098fe0ee2b91d"},"headline":"L&#8217;importanza della preghiera nella vita quotidiana","datePublished":"2025-01-17T18:10:19+00:00","mainEntityOfPage":{"@id":"https:\/\/exaudi.org\/it\/limportanza-della-preghiera-nella-vita-quotidiana\/"},"wordCount":1345,"image":{"@id":"https:\/\/exaudi.org\/it\/limportanza-della-preghiera-nella-vita-quotidiana\/#primaryimage"},"thumbnailUrl":"https:\/\/exaudi.org\/wp-content\/uploads\/2025\/01\/amaury-gutierrez-rzmQOng8h8I-unsplash-scaled.jpg","keywords":["FEDE CRISTIANA","Javier Ferrer Garc\u00eda","meditazione cristiana","modi di pregare","pace spirituale","Padre Pio","potere della preghiera","preghiera","preghiera cattolica","preghiera comunitaria","preghiera contemplativa","Preghiera cristiana","preghiera vocale","ringraziamento","San Giovanni Paolo II II","SANTA TERESA DI CALCUTTA","supplica","testimonianze ispiratrici","Trending","VITA QUOTIDIANA","VITA SPIRITUALE","vita trasformante"],"articleSection":["Featured News"],"inLanguage":"it-IT"},{"@type":"WebPage","@id":"https:\/\/exaudi.org\/it\/limportanza-della-preghiera-nella-vita-quotidiana\/","url":"https:\/\/exaudi.org\/it\/limportanza-della-preghiera-nella-vita-quotidiana\/","name":"L'importanza della preghiera nella vita quotidiana &#8211; Exaudi","isPartOf":{"@id":"https:\/\/exaudi.org\/#website"},"primaryImageOfPage":{"@id":"https:\/\/exaudi.org\/it\/limportanza-della-preghiera-nella-vita-quotidiana\/#primaryimage"},"image":{"@id":"https:\/\/exaudi.org\/it\/limportanza-della-preghiera-nella-vita-quotidiana\/#primaryimage"},"thumbnailUrl":"https:\/\/exaudi.org\/wp-content\/uploads\/2025\/01\/amaury-gutierrez-rzmQOng8h8I-unsplash-scaled.jpg","datePublished":"2025-01-17T18:10:19+00:00","author":{"@id":"https:\/\/exaudi.org\/#\/schema\/person\/0428626ea256fe1d193098fe0ee2b91d"},"breadcrumb":{"@id":"https:\/\/exaudi.org\/it\/limportanza-della-preghiera-nella-vita-quotidiana\/#breadcrumb"},"inLanguage":"it-IT","potentialAction":[{"@type":"ReadAction","target":["https:\/\/exaudi.org\/it\/limportanza-della-preghiera-nella-vita-quotidiana\/"]}]},{"@type":"ImageObject","inLanguage":"it-IT","@id":"https:\/\/exaudi.org\/it\/limportanza-della-preghiera-nella-vita-quotidiana\/#primaryimage","url":"https:\/\/exaudi.org\/wp-content\/uploads\/2025\/01\/amaury-gutierrez-rzmQOng8h8I-unsplash-scaled.jpg","contentUrl":"https:\/\/exaudi.org\/wp-content\/uploads\/2025\/01\/amaury-gutierrez-rzmQOng8h8I-unsplash-scaled.jpg","width":2560,"height":1223,"caption":"Amaury Gutierrez . Unsplash"},{"@type":"BreadcrumbList","@id":"https:\/\/exaudi.org\/it\/limportanza-della-preghiera-nella-vita-quotidiana\/#breadcrumb","itemListElement":[{"@type":"ListItem","position":1,"name":"Portada","item":"https:\/\/exaudi.org\/it\/"},{"@type":"ListItem","position":2,"name":"L&#8217;importanza della preghiera nella vita quotidiana"}]},{"@type":"WebSite","@id":"https:\/\/exaudi.org\/#website","url":"https:\/\/exaudi.org\/","name":"Exaudi","description":"News","potentialAction":[{"@type":"SearchAction","target":{"@type":"EntryPoint","urlTemplate":"https:\/\/exaudi.org\/?s={search_term_string}"},"query-input":{"@type":"PropertyValueSpecification","valueRequired":true,"valueName":"search_term_string"}}],"inLanguage":"it-IT"},{"@type":"Person","@id":"https:\/\/exaudi.org\/#\/schema\/person\/0428626ea256fe1d193098fe0ee2b91d","name":"Javier Ferrer Garc\u00eda","image":{"@type":"ImageObject","inLanguage":"it-IT","@id":"https:\/\/secure.gravatar.com\/avatar\/c7bc1aef05f4433794cef4a55499c99ae6c0d617e2aa24ba4876a5432af93b2d?s=96&d=mm&r=g","url":"https:\/\/secure.gravatar.com\/avatar\/c7bc1aef05f4433794cef4a55499c99ae6c0d617e2aa24ba4876a5432af93b2d?s=96&d=mm&r=g","contentUrl":"https:\/\/secure.gravatar.com\/avatar\/c7bc1aef05f4433794cef4a55499c99ae6c0d617e2aa24ba4876a5432af93b2d?s=96&d=mm&r=g","caption":"Javier Ferrer Garc\u00eda"},"description":"Soy un apasionado de la vida. Fil\u00f3sofo y economista. Mi carrera profesional se ha enriquecido con el constante deseo de aprender y crecer tanto en el \u00e1mbito acad\u00e9mico como en el personal. Me considero un ferviente lector y amante del cine, lo cual me permite tener una perspectiva amplia y diversa sobre el mundo que nos rodea. Como cat\u00f3lico comprometido, busco integrar mis valores en cada aspecto de mi vida, desde mi carrera profesional hasta mi rol como esposo y padre de familia","url":"https:\/\/exaudi.org\/it\/author\/javier-ferrer-garcia\/"}]}},"jetpack_featured_media_url":"https:\/\/exaudi.org\/wp-content\/uploads\/2025\/01\/amaury-gutierrez-rzmQOng8h8I-unsplash-scaled.jpg","jetpack_shortlink":"https:\/\/wp.me\/pgKjF2-urX","_links":{"self":[{"href":"https:\/\/exaudi.org\/it\/wp-json\/wp\/v2\/posts\/117053","targetHints":{"allow":["GET"]}}],"collection":[{"href":"https:\/\/exaudi.org\/it\/wp-json\/wp\/v2\/posts"}],"about":[{"href":"https:\/\/exaudi.org\/it\/wp-json\/wp\/v2\/types\/post"}],"author":[{"embeddable":true,"href":"https:\/\/exaudi.org\/it\/wp-json\/wp\/v2\/users\/149"}],"replies":[{"embeddable":true,"href":"https:\/\/exaudi.org\/it\/wp-json\/wp\/v2\/comments?post=117053"}],"version-history":[{"count":0,"href":"https:\/\/exaudi.org\/it\/wp-json\/wp\/v2\/posts\/117053\/revisions"}],"wp:featuredmedia":[{"embeddable":true,"href":"https:\/\/exaudi.org\/it\/wp-json\/wp\/v2\/media\/117027"}],"wp:attachment":[{"href":"https:\/\/exaudi.org\/it\/wp-json\/wp\/v2\/media?parent=117053"}],"wp:term":[{"taxonomy":"category","embeddable":true,"href":"https:\/\/exaudi.org\/it\/wp-json\/wp\/v2\/categories?post=117053"},{"taxonomy":"post_tag","embeddable":true,"href":"https:\/\/exaudi.org\/it\/wp-json\/wp\/v2\/tags?post=117053"}],"curies":[{"name":"wp","href":"https:\/\/api.w.org\/{rel}","templated":true}]}}