{"id":116346,"date":"2025-01-07T17:11:14","date_gmt":"2025-01-07T16:11:14","guid":{"rendered":"https:\/\/exaudi.org\/?p=116346"},"modified":"2025-01-07T17:11:14","modified_gmt":"2025-01-07T16:11:14","slug":"sinodalita-contro-il-burnout-pastorale","status":"publish","type":"post","link":"https:\/\/exaudi.org\/it\/sinodalita-contro-il-burnout-pastorale\/","title":{"rendered":"Sinodalit\u00e0 contro il burnout pastorale"},"content":{"rendered":"<p>Il nostro vescovo, Salvador Cristau, della diocesi di Terrassa, ha sollevato con i suoi sacerdoti il \u200b\u200btema della fragilit\u00e0. Ci ha detto che ha portato questa preoccupazione alla Conferenza Episcopale Spagnola. Dovrebbero essere motivo di preoccupazione i sacerdoti che vacillano nella loro vocazione, quelli che abbandonano gli studi, o anche quelli che vivono silenziosamente gravi difficolt\u00e0 psicologiche. Sia il Santo Padre che i vescovi insistono sulla questione della cura personale. Proprio una settimana fa Papa Francesco lo diceva durante la sua visita in Corsica;<\/p>\n<p>\u201cDa parte mia vorrei lasciarvi un doppio invito: abbiate cura di voi stessi e abbiate cura degli altri.<\/p>\n<p>Il primo: <em>Prendetevi cura di voi stessi<\/em>, perch\u00e9 la vita sacerdotale o religiosa non \u00e8 un \u201cs\u00ec\u201d che abbiamo pronunciato una volta e per sempre. Non vivi di rendita con il Signore. Al contrario, la gioia di incontrarlo deve rinnovarsi ogni giorno; In ogni momento \u00e8 necessario riascoltare la sua voce e decidere di seguirlo, anche nei momenti di cadute. Alzati, guarda il Signore e d\u00ec: &#8220;Scusami e aiutami ad andare avanti&#8221;. Questa vicinanza fraterna e filiale \u00e8 molto importante nella nostra vita.<\/p>\n<p>Ricordiamo questo: la nostra vita si esprime nell&#8217;offerta di noi stessi; Ma quanto pi\u00f9 un sacerdote, una suora, un religioso, un diacono&#8230; si dedica, si impegna, lavora per il Regno di Dio, tanto pi\u00f9 \u00e8 necessario che abbia cura anche di se stesso. Se trascurano questo aspetto finiranno per trascurare anche coloro che sono loro affidati.<\/p>\n<p>Occorrono spazi e momenti in cui ogni sacerdote e ogni consacrato si prenda cura di s\u00e9. E non con l&#8217;obiettivo di farsi un lifting per sembrare pi\u00f9 bello. Al contrario, questi spazi e questi momenti servono per dialogare con l&#8217;Amico, con il Signore e, soprattutto, con la Madre \u2013 non smettete di andare dalla Vergine \u2013 per parlare della propria vita e di come sta andando. le cose. Abbiate anche un confessore e un amico che vi conosca e con il quale possiate parlare e fare buon discernimento. I \u201cfunghi presbiterali\u201d non vanno bene!<\/p>\n<p>E in questa cura \u00e8 compresa anche un&#8217;altra cosa: la fratellanza tra voi. Impariamo a condividere gli uni con gli altri non solo la fatica e le sfide, ma anche la gioia e l\u2019amicizia.<\/p>\n<p>Nell&#8217;incontro con il nostro vescovo abbiamo parlato di rompere la solitudine in cui spesso sprofonda il sacerdote e della necessit\u00e0 di saper chiedere aiuto. Alcuni colleghi hanno parlato, in casi urgenti, della possibilit\u00e0 di avere una sorta di telefono o una persona a disposizione per i casi estremi. Anche se l&#8217;idea \u00e8 buona, il problema \u00e8 che quando uno sta male, \u00e8 in tal modo che parte del problema \u00e8 proprio questo, riconoscere la fragilit\u00e0 e chiedere aiuto.<\/p>\n<p>Sollevare l\u2019argomento pu\u00f2 essere di per s\u00e9 terapeutico, anche se oserei dire che, come di solito accade, a volte coloro che potrebbero aver pi\u00f9 bisogno di aiuto, non devono essere interessati alla riflessione. \u00c8 come quando nella messa il celebrante si lamenta di coloro che non partecipano, rivolgendosi proprio a coloro che sono venuti.<\/p>\n<p>Dal mio punto di vista, e con l&#8217;esperienza di tanti anni come terapeuta, credo pi\u00f9 nella prevenzione che nella cura quando tutto \u00e8 gi\u00e0 rotto. I casi di vocazioni spezzate sono spesso la parte di iceberg difficile da riparare.<\/p>\n<p>Quando parliamo di fragilit\u00e0 ci riferiamo contemporaneamente all&#8217;elemento distruttivo che provoca la ferita.<\/p>\n<p>In questa riflessione trascuriamo i casi di gravi difficolt\u00e0 psichiatriche, che in molti casi sono state confuse con la vocazione, e sebbene avrebbero potuto evolvere verso il miglioramento, non lo hanno fatto.<\/p>\n<p>Quali elementi fanno parte della \u201cpressione\u201d che attenta alla vocazione e provoca danni che si trasformano in ferite?<\/p>\n<p>Una parte importante \u00e8, come ci dicono il Papa e i vescovi, trascurare la vita spirituale.<\/p>\n<p>Per quanto riguarda l\u2019ambiente e i metodi pastorali, \u00e8 necessario leggerlo a partire dall\u2019umilt\u00e0 e dalla fragilit\u00e0, per arrivare ad assumere in modo pi\u00f9 sano i limiti personali.<\/p>\n<p>Il nostro vescovo ha commentato che il fenomeno della fragilit\u00e0 si sta verificando in tutte le diocesi vicine e colpisce i sacerdoti giovani e maturi. Cio\u00e8 in coloro per i quali si attendeva una maggiore produzione pastorale, se mi \u00e8 consentito usare l&#8217;espressione.<\/p>\n<p>Propongo alcuni spunti di discussione, o di riflessione.<\/p>\n<p>Primo. La secolarizzazione negata. Potrebbe essere deprimente partire dalla perdita di rilevanza della Chiesa nella societ\u00e0, e addirittura attribuire i tentativi di rendere invisibile il messaggio di Ges\u00f9 a interessi oscuri.<\/p>\n<p>Negare la perdita degli elementi culturali religiosi e agire come se il resto non esistesse \u00e8 ci\u00f2 che chiamiamo lutto isterico. Nego la realt\u00e0 e, quindi, la perdita. In spagnolo si dice \u201cocchi che non vedono, cuore che non sente\u201d.<\/p>\n<p>Il papa insiste nel voler essere una minoranza significativa. Ma non lo abbiamo semplicemente accettato. Ad esempio, diciamo: &#8220;Ho una parrocchia di quindicimila abitanti&#8221;. Anche se tutti sono soggetti all&#8217;evangelizzazione, la realt\u00e0 \u00e8 che sono pochissimi quelli disposti ad ascoltare. Dovremmo dire \u201cla mia comunit\u00e0 \u00e8 cinquecento\u201d.<\/p>\n<p>Evitare la realt\u00e0 porta a una frustrazione permanente, poich\u00e9 la differenza tra i parrocchiani che crediamo di avere \u2013 quindicimila \u2013 e la realt\u00e0 \u2013 cinquecento \u2013 pu\u00f2 portarci a un sentimento di fallimento.<\/p>\n<p>Secondo. Riconciliarci con il fallimento. Evidentemente sembra che questo significhi restare inattivi di fronte alle difficolt\u00e0. Sarebbe rifugiarsi nel pessimismo per giustificare ogni sforzo. Ma sentirsi vergognosamente infruttuosi ci fa nascondere le sconfitte, i sentimenti di impotenza, e quindi il risultato infruttuoso delle nostre azioni deteriora il nostro essere. Potremmo sentirci cattivi pastori.<\/p>\n<p>Terzo. Fuggire dal trionfalismo. \u00c8 tipico nelle riunioni dei pastori parlare dei risultati ottenuti in termini di numeri, come se si trattasse di un campionato. Ricordo che la precedente parrocchia era situata in un quartiere periferico, di piccole dimensioni. Eravamo una comunit\u00e0 invisibile agli altri. A volte ci manca una visione delle realt\u00e0 diversa da quella numerica, sia in termini di persone che di economia. Scoprire queste altre realt\u00e0 pu\u00f2 essere interessante.<\/p>\n<p>Camera. Sii competente, non competitivo. Confrontarsi sia per superare l\u2019\u201cavversario\u201d sia per basare il proprio valore sui risultati raggiunti pu\u00f2 ferire e ridurre la persona e la vocazione a un voto numerico. Negli incontri dei preti pu\u00f2 accadere che vengano presentati risultati esagerati che ci pongono al di sopra degli altri, quando la realt\u00e0 pu\u00f2 essere il contrario.<\/p>\n<p>Quinto. Guardare anche alle altre realt\u00e0 familiari, sociali, politiche e anche religiose, per quanto possibile, anche se non coincidono con il nostro credo. Non mi riferisco al relativismo, ma alla comprensione dell&#8217;altro, pur diverso. All&#8217;interno della Chiesa stessa pu\u00f2 verificarsi questa separazione manichea tra il bene e il male, tipica pi\u00f9 di un atteggiamento settario che ecclesiale. A volte, ad esempio, l&#8217;abbigliamento diventa una classificazione. Conoscere gli altri \u00e8 il ponte perch\u00e9 possano conoscerci.<\/p>\n<p>Sesto. La pastorale \u00e8 una corsa di lunga distanza, pi\u00f9 che uno sprint. Una gara di lunga distanza vede il traguardo in lontananza e richiede di fidarsi del progresso senza aspettarsi il risultato immediato. Correre su per la montagna comporta il pericolo di scivolare o di esaurirsi. E riprendere la risalita dopo il crollo \u00e8 pi\u00f9 difficile.<\/p>\n<p>Settimo. La povert\u00e0 delle risorse umane e sociali non dovrebbe tradursi in una solitudine indesiderata. In Spagna era consuetudine che nella casa parrocchiale vivessero pi\u00f9 persone, oltre al sacerdote. Ci\u00f2 significava che governanti o parenti devoti trasformavano la canonica in una casa. Il mondo del lavoro, fortunatamente, \u00e8 cambiato. Le giuste leggi sul lavoro non consentono pi\u00f9 di avere qualcuno a casa tutto il giorno con uno stipendio basso. Un giorno le condizioni in cui vivono molti sacerdoti dovrebbero essere riviste. Abitazioni bisognose di condizionamento, orari incompatibili con una vita relativamente sana, scarsit\u00e0 di risorse per la cura personale, ecc. Siamo d\u2019accordo che ci sono molte famiglie che vivono in condizioni peggiori. Il che significa lottare affinch\u00e9 le cose non siano cos\u00ec. Argomento che esula dallo scopo di questo articolo. Ma ci\u00f2 dovrebbe farci pensare che il tasso pi\u00f9 elevato di malattie mentali si verifica negli ambienti pi\u00f9 poveri. L\u2019ambiente, le risorse domestiche e la cura di s\u00e9 sono essenziali per una buona salute mentale<\/p>\n<p>Ottavo. Sinodalit\u00e0 intergenerazionale. Dal punto di vista degli anziani, si osserva che, sebbene i metodi e le forme siano nuovi, si nota spesso che l&#8217;esperienza pastorale degli anziani \u00e8 considerata come qualcosa di superato, che non ha funzionato e che \u00e8 semplicemente tollerata. Quanto discusso al punto cinque entra qui in tutta la sua portata, poich\u00e9 si riferisce al dialogo intergenerazionale dei pastori. La sinodalit\u00e0 \u00e8 necessaria per dare pi\u00f9 consistenza alla pratica pastorale. Anni fa, quando c\u2019erano pi\u00f9 vocazioni, era necessario un periodo di convivenza con i sacerdoti pi\u00f9 anziani \u2013 parroco e vicario \u2013, dove si condividevano esperienze, desideri e modi. Questa sinodalit\u00e0 intergenerazionale, con la scarsit\u00e0 di vocazioni, \u00e8 andata perduta.<\/p>\n<p>Nono. Stare e trasmettere lo stare bene. Il nostro vescovo, sollevando la questione della fragilit\u00e0, ha raccomandato l&#8217;aiuto del direttore spirituale e l&#8217;assistenza psicologica come due ambiti necessari e complementari. Ovviamente \u00e8 cos\u00ec. Tuttavia il lavoro pastorale, la vita personale e le esigenze psicologiche non dovrebbero essere separate come qualcosa che corrisponde a diversi aspetti dell&#8217;individuo. Piuttosto tutto interagisce. Per parafrasare McLuhan, \u201cIl mezzo \u00e8 il messaggio\u201d, il che significa che la forma di un mezzo viene incorporata in qualunque messaggio trasmetta o trasporti, creando una relazione simbiotica in cui il mezzo influenza il modo in cui il messaggio viene percepito. Il messaggio del Vangelo viene trasmesso attraverso la comunit\u00e0 presieduta dai suoi ministri. Stare bene per trasmettere bene, facendo del Vangelo stesso fonte di bene, implica che la direzione spirituale comprenda la psicologia e che ci\u00f2 che viene diffuso e elaborato sia la cosa pi\u00f9 sana e salutare per chi trasmette e per i riceventi. A volte ho chiesto ai giovani come vedono il prete e siamo stati visti davvero con un po&#8217; di piet\u00e0.<\/p>\n<p>Decimo. La vera sinodalit\u00e0. Ci\u00f2 richiede che la sinodalit\u00e0 raggiunga non solo generazioni diverse ma anche tendenze diverse. Cos\u00ec come i diversi aspetti della vita personale, domestica, medica, sociale, psicologica e pastorale. Troppa opacit\u00e0 rende difficile a noi aiutare noi stessi e loro ad aiutarci. Insieme \u00e8 pi\u00f9 difficile cadere, o meglio ancora, con pi\u00f9 sostegno \u00e8 pi\u00f9 facile rialzarsi. Camminare insieme.<\/p>\n","protected":false},"excerpt":{"rendered":"<p>Sfide e opportunit\u00e0 nella vita sacerdotale: tra fragilit\u00e0 umana e forza spirituale<\/p>\n","protected":false},"author":77,"featured_media":116310,"comment_status":"closed","ping_status":"closed","sticky":false,"template":"","format":"standard","meta":{"_acf_changed":false,"_crdt_document":"","inline_featured_image":false,"footnotes":""},"categories":[],"tags":[39636,39637,39638,39639,39635,20889,39640,39641,39642,39643,39644,39645,39646,39647,3064,3064,39648,4952,4952,4952,4952,4952,4952,4952,4952,4952,4952,4952,4952,4952,4952,4952,4952,4952,4952,4952,4952,39649,15442,39650],"class_list":{"0":"post-116346","1":"post","2":"type-post","3":"status-publish","4":"format-standard","5":"has-post-thumbnail","6":"hentry","7":"tag-burnout-pastorale","8":"tag-competenza-pastorale","9":"tag-comunita-di-vita-per-i-presbiteri","10":"tag-cura-personale-per-i-presbiteri","11":"tag-cura-psicologica-sacerdotale","12":"tag-direzione-spirituale","13":"tag-evangelizzazione-efficace","14":"tag-fragilita-sacerdotale","15":"tag-minoranza-significativa","16":"tag-pastorale-intergenerazionale","17":"tag-pressione-vocazionale","18":"tag-riconciliazione-con-il-fallimento","19":"tag-risorse-nella-chiesa","20":"tag-sacerdoti-della-salute-mentale","21":"tag-sinodalita","23":"tag-sinodalita-ecclesiale","24":"tag-trending-it","44":"tag-trionfalismo-pastorale","45":"tag-vita-spirituale","46":"tag-vocazioni-spezzate"},"acf":[],"yoast_head":"<!-- This site is optimized with the Yoast SEO plugin v27.4 - https:\/\/yoast.com\/product\/yoast-seo-wordpress\/ -->\n<title>Sinodalit\u00e0 contro il burnout pastorale &#8211; Exaudi<\/title>\n<meta name=\"robots\" content=\"index, follow, max-snippet:-1, max-image-preview:large, max-video-preview:-1\" \/>\n<link rel=\"canonical\" href=\"https:\/\/exaudi.org\/it\/sinodalita-contro-il-burnout-pastorale\/\" \/>\n<meta property=\"og:locale\" content=\"it_IT\" \/>\n<meta property=\"og:type\" content=\"article\" \/>\n<meta property=\"og:title\" content=\"Sinodalit\u00e0 contro il burnout pastorale &#8211; Exaudi\" \/>\n<meta property=\"og:description\" content=\"Sfide e opportunit\u00e0 nella vita sacerdotale: tra fragilit\u00e0 umana e forza spirituale\" \/>\n<meta property=\"og:url\" content=\"https:\/\/exaudi.org\/it\/sinodalita-contro-il-burnout-pastorale\/\" \/>\n<meta property=\"og:site_name\" content=\"Exaudi\" \/>\n<meta property=\"article:publisher\" content=\"https:\/\/www.facebook.com\/ExaudiNews\" \/>\n<meta property=\"article:published_time\" content=\"2025-01-07T16:11:14+00:00\" \/>\n<meta property=\"og:image\" content=\"https:\/\/exaudi.org\/wp-content\/uploads\/2025\/01\/karl-raymund-catabas-QLS_6dvmy-w-unsplash-scaled.jpg\" \/>\n\t<meta property=\"og:image:width\" content=\"2560\" \/>\n\t<meta property=\"og:image:height\" content=\"1440\" \/>\n\t<meta property=\"og:image:type\" content=\"image\/jpeg\" \/>\n<meta name=\"author\" content=\"Alfons Gea\" \/>\n<meta name=\"twitter:card\" content=\"summary_large_image\" \/>\n<meta name=\"twitter:creator\" content=\"@Exaudi_News\" \/>\n<meta name=\"twitter:site\" content=\"@Exaudi_News\" \/>\n<meta name=\"twitter:label1\" content=\"Scritto da\" \/>\n\t<meta name=\"twitter:data1\" content=\"Alfons Gea\" \/>\n\t<meta name=\"twitter:label2\" content=\"Tempo di lettura stimato\" \/>\n\t<meta name=\"twitter:data2\" content=\"8 minuti\" \/>\n<script type=\"application\/ld+json\" class=\"yoast-schema-graph\">{\"@context\":\"https:\\\/\\\/schema.org\",\"@graph\":[{\"@type\":\"Article\",\"@id\":\"https:\\\/\\\/exaudi.org\\\/it\\\/sinodalita-contro-il-burnout-pastorale\\\/#article\",\"isPartOf\":{\"@id\":\"https:\\\/\\\/exaudi.org\\\/it\\\/sinodalita-contro-il-burnout-pastorale\\\/\"},\"author\":{\"name\":\"Alfons Gea\",\"@id\":\"https:\\\/\\\/exaudi.org\\\/#\\\/schema\\\/person\\\/ac92bf102c0b53544ebdec5b9d0aed18\"},\"headline\":\"Sinodalit\u00e0 contro il burnout pastorale\",\"datePublished\":\"2025-01-07T16:11:14+00:00\",\"mainEntityOfPage\":{\"@id\":\"https:\\\/\\\/exaudi.org\\\/it\\\/sinodalita-contro-il-burnout-pastorale\\\/\"},\"wordCount\":1673,\"image\":{\"@id\":\"https:\\\/\\\/exaudi.org\\\/it\\\/sinodalita-contro-il-burnout-pastorale\\\/#primaryimage\"},\"thumbnailUrl\":\"https:\\\/\\\/exaudi.org\\\/wp-content\\\/uploads\\\/2025\\\/01\\\/karl-raymund-catabas-QLS_6dvmy-w-unsplash-scaled.jpg\",\"keywords\":[\"burnout pastorale\",\"competenza pastorale\",\"comunit\u00e0 di vita per i presbiteri\",\"cura personale per i presbiteri\",\"cura psicologica sacerdotale\",\"DIREZIONE SPIRITUALE\",\"evangelizzazione efficace\",\"fragilit\u00e0 sacerdotale\",\"minoranza significativa\",\"pastorale intergenerazionale\",\"pressione vocazionale\",\"riconciliazione con il fallimento\",\"risorse nella Chiesa\",\"sacerdoti della salute mentale\",\"sinodalit\u00e0\",\"sinodalit\u00e0\",\"sinodalit\u00e0 ecclesiale\",\"Trending\",\"Trending\",\"Trending\",\"Trending\",\"Trending\",\"Trending\",\"Trending\",\"Trending\",\"Trending\",\"Trending\",\"Trending\",\"Trending\",\"Trending\",\"Trending\",\"Trending\",\"Trending\",\"Trending\",\"Trending\",\"Trending\",\"Trending\",\"trionfalismo pastorale\",\"VITA SPIRITUALE\",\"vocazioni spezzate\"],\"inLanguage\":\"it-IT\"},{\"@type\":\"WebPage\",\"@id\":\"https:\\\/\\\/exaudi.org\\\/it\\\/sinodalita-contro-il-burnout-pastorale\\\/\",\"url\":\"https:\\\/\\\/exaudi.org\\\/it\\\/sinodalita-contro-il-burnout-pastorale\\\/\",\"name\":\"Sinodalit\u00e0 contro il burnout pastorale &#8211; Exaudi\",\"isPartOf\":{\"@id\":\"https:\\\/\\\/exaudi.org\\\/#website\"},\"primaryImageOfPage\":{\"@id\":\"https:\\\/\\\/exaudi.org\\\/it\\\/sinodalita-contro-il-burnout-pastorale\\\/#primaryimage\"},\"image\":{\"@id\":\"https:\\\/\\\/exaudi.org\\\/it\\\/sinodalita-contro-il-burnout-pastorale\\\/#primaryimage\"},\"thumbnailUrl\":\"https:\\\/\\\/exaudi.org\\\/wp-content\\\/uploads\\\/2025\\\/01\\\/karl-raymund-catabas-QLS_6dvmy-w-unsplash-scaled.jpg\",\"datePublished\":\"2025-01-07T16:11:14+00:00\",\"author\":{\"@id\":\"https:\\\/\\\/exaudi.org\\\/#\\\/schema\\\/person\\\/ac92bf102c0b53544ebdec5b9d0aed18\"},\"breadcrumb\":{\"@id\":\"https:\\\/\\\/exaudi.org\\\/it\\\/sinodalita-contro-il-burnout-pastorale\\\/#breadcrumb\"},\"inLanguage\":\"it-IT\",\"potentialAction\":[{\"@type\":\"ReadAction\",\"target\":[\"https:\\\/\\\/exaudi.org\\\/it\\\/sinodalita-contro-il-burnout-pastorale\\\/\"]}]},{\"@type\":\"ImageObject\",\"inLanguage\":\"it-IT\",\"@id\":\"https:\\\/\\\/exaudi.org\\\/it\\\/sinodalita-contro-il-burnout-pastorale\\\/#primaryimage\",\"url\":\"https:\\\/\\\/exaudi.org\\\/wp-content\\\/uploads\\\/2025\\\/01\\\/karl-raymund-catabas-QLS_6dvmy-w-unsplash-scaled.jpg\",\"contentUrl\":\"https:\\\/\\\/exaudi.org\\\/wp-content\\\/uploads\\\/2025\\\/01\\\/karl-raymund-catabas-QLS_6dvmy-w-unsplash-scaled.jpg\",\"width\":2560,\"height\":1440,\"caption\":\"Foto de Karl Raymund Catabas en Unsplash\"},{\"@type\":\"BreadcrumbList\",\"@id\":\"https:\\\/\\\/exaudi.org\\\/it\\\/sinodalita-contro-il-burnout-pastorale\\\/#breadcrumb\",\"itemListElement\":[{\"@type\":\"ListItem\",\"position\":1,\"name\":\"Portada\",\"item\":\"https:\\\/\\\/exaudi.org\\\/it\\\/\"},{\"@type\":\"ListItem\",\"position\":2,\"name\":\"Sinodalit\u00e0 contro il burnout pastorale\"}]},{\"@type\":\"WebSite\",\"@id\":\"https:\\\/\\\/exaudi.org\\\/#website\",\"url\":\"https:\\\/\\\/exaudi.org\\\/\",\"name\":\"Exaudi\",\"description\":\"News\",\"potentialAction\":[{\"@type\":\"SearchAction\",\"target\":{\"@type\":\"EntryPoint\",\"urlTemplate\":\"https:\\\/\\\/exaudi.org\\\/?s={search_term_string}\"},\"query-input\":{\"@type\":\"PropertyValueSpecification\",\"valueRequired\":true,\"valueName\":\"search_term_string\"}}],\"inLanguage\":\"it-IT\"},{\"@type\":\"Person\",\"@id\":\"https:\\\/\\\/exaudi.org\\\/#\\\/schema\\\/person\\\/ac92bf102c0b53544ebdec5b9d0aed18\",\"name\":\"Alfons Gea\",\"image\":{\"@type\":\"ImageObject\",\"inLanguage\":\"it-IT\",\"@id\":\"https:\\\/\\\/secure.gravatar.com\\\/avatar\\\/24ebf96806e8303525f3910faa8289fe6c8726339b6a79ad483356d520db03c6?s=96&d=mm&r=g\",\"url\":\"https:\\\/\\\/secure.gravatar.com\\\/avatar\\\/24ebf96806e8303525f3910faa8289fe6c8726339b6a79ad483356d520db03c6?s=96&d=mm&r=g\",\"contentUrl\":\"https:\\\/\\\/secure.gravatar.com\\\/avatar\\\/24ebf96806e8303525f3910faa8289fe6c8726339b6a79ad483356d520db03c6?s=96&d=mm&r=g\",\"caption\":\"Alfons Gea\"},\"description\":\"Licenciado en Teolog\u00eda en Facultad de Teolog\u00eda de Barcelona (1988). Diplomado en Magisterio \u2013 profesor EGB. Universidad de Barcelona (1990). Licenciado en Psicopedagogia. Universidad Ram\u00f3n Llull, (1994). Responsable del Servicio de Atenci\u00f3n al Duelo de Funeraria Municipal de Terrassa (2001-2022). Terapeuta en Gabinete Gedi - Psicolog\u00eda aplicada (2022). P\u00e1rroco de St. Viucente de Jonquereas, de Sabadell (2012). Articulista en revistas especializadas y prensa comarcal. Formador en atenci\u00f3n al duelo de profesionales sanitarios y sociosanitarios: Trabajadoras sociales, psic\u00f3logas\\\/os, m\u00e9dicas, enfermer\u00eda, maestras (1995). Ha participado en varios programas de opini\u00f3n y debate de televisiones y radios nacionales. Anteriormente ejerci\u00f3 como asistente espiritual de los hospitales en Terrassa: San L\u00e1zaro, Mutua, y Hospital de Terrassa (1997-2018. Fue p\u00e1rroco de la parroquia Virgen de Montserrat de Terrassa (1997-2013) y responsable de Formaci\u00f3n de la Delegaci\u00f3n de Pastoral de la Salud de la di\u00f3cesis de Barcelona (1995-2005). Delegado episcopal de Pastoral de la salud de la di\u00f3cesis de Terrassa (2005-2012). Coordinador de la Pastoral de la Salud de la Conferencia episcopal catalana. Maestro de EGB, Coordinador de secundaria, subdirector de escuela, jefe de gabinete psicopedag\u00f3gico, fundador y director del Centro Sara \u2013 casa de acogida para enfermos de SIDA, educador en situaciones de riesgo social, Fundador del Taller Solidario \u2013 centro de inserci\u00f3n laboral.\",\"url\":\"https:\\\/\\\/exaudi.org\\\/it\\\/author\\\/alfonsogea\\\/\"}]}<\/script>\n<!-- \/ Yoast SEO plugin. -->","yoast_head_json":{"title":"Sinodalit\u00e0 contro il burnout pastorale &#8211; Exaudi","robots":{"index":"index","follow":"follow","max-snippet":"max-snippet:-1","max-image-preview":"max-image-preview:large","max-video-preview":"max-video-preview:-1"},"canonical":"https:\/\/exaudi.org\/it\/sinodalita-contro-il-burnout-pastorale\/","og_locale":"it_IT","og_type":"article","og_title":"Sinodalit\u00e0 contro il burnout pastorale &#8211; Exaudi","og_description":"Sfide e opportunit\u00e0 nella vita sacerdotale: tra fragilit\u00e0 umana e forza spirituale","og_url":"https:\/\/exaudi.org\/it\/sinodalita-contro-il-burnout-pastorale\/","og_site_name":"Exaudi","article_publisher":"https:\/\/www.facebook.com\/ExaudiNews","article_published_time":"2025-01-07T16:11:14+00:00","og_image":[{"width":2560,"height":1440,"url":"https:\/\/exaudi.org\/wp-content\/uploads\/2025\/01\/karl-raymund-catabas-QLS_6dvmy-w-unsplash-scaled.jpg","type":"image\/jpeg"}],"author":"Alfons Gea","twitter_card":"summary_large_image","twitter_creator":"@Exaudi_News","twitter_site":"@Exaudi_News","twitter_misc":{"Scritto da":"Alfons Gea","Tempo di lettura stimato":"8 minuti"},"schema":{"@context":"https:\/\/schema.org","@graph":[{"@type":"Article","@id":"https:\/\/exaudi.org\/it\/sinodalita-contro-il-burnout-pastorale\/#article","isPartOf":{"@id":"https:\/\/exaudi.org\/it\/sinodalita-contro-il-burnout-pastorale\/"},"author":{"name":"Alfons Gea","@id":"https:\/\/exaudi.org\/#\/schema\/person\/ac92bf102c0b53544ebdec5b9d0aed18"},"headline":"Sinodalit\u00e0 contro il burnout pastorale","datePublished":"2025-01-07T16:11:14+00:00","mainEntityOfPage":{"@id":"https:\/\/exaudi.org\/it\/sinodalita-contro-il-burnout-pastorale\/"},"wordCount":1673,"image":{"@id":"https:\/\/exaudi.org\/it\/sinodalita-contro-il-burnout-pastorale\/#primaryimage"},"thumbnailUrl":"https:\/\/exaudi.org\/wp-content\/uploads\/2025\/01\/karl-raymund-catabas-QLS_6dvmy-w-unsplash-scaled.jpg","keywords":["burnout pastorale","competenza pastorale","comunit\u00e0 di vita per i presbiteri","cura personale per i presbiteri","cura psicologica sacerdotale","DIREZIONE SPIRITUALE","evangelizzazione efficace","fragilit\u00e0 sacerdotale","minoranza significativa","pastorale intergenerazionale","pressione vocazionale","riconciliazione con il fallimento","risorse nella Chiesa","sacerdoti della salute mentale","sinodalit\u00e0","sinodalit\u00e0","sinodalit\u00e0 ecclesiale","Trending","Trending","Trending","Trending","Trending","Trending","Trending","Trending","Trending","Trending","Trending","Trending","Trending","Trending","Trending","Trending","Trending","Trending","Trending","Trending","trionfalismo pastorale","VITA SPIRITUALE","vocazioni spezzate"],"inLanguage":"it-IT"},{"@type":"WebPage","@id":"https:\/\/exaudi.org\/it\/sinodalita-contro-il-burnout-pastorale\/","url":"https:\/\/exaudi.org\/it\/sinodalita-contro-il-burnout-pastorale\/","name":"Sinodalit\u00e0 contro il burnout pastorale &#8211; Exaudi","isPartOf":{"@id":"https:\/\/exaudi.org\/#website"},"primaryImageOfPage":{"@id":"https:\/\/exaudi.org\/it\/sinodalita-contro-il-burnout-pastorale\/#primaryimage"},"image":{"@id":"https:\/\/exaudi.org\/it\/sinodalita-contro-il-burnout-pastorale\/#primaryimage"},"thumbnailUrl":"https:\/\/exaudi.org\/wp-content\/uploads\/2025\/01\/karl-raymund-catabas-QLS_6dvmy-w-unsplash-scaled.jpg","datePublished":"2025-01-07T16:11:14+00:00","author":{"@id":"https:\/\/exaudi.org\/#\/schema\/person\/ac92bf102c0b53544ebdec5b9d0aed18"},"breadcrumb":{"@id":"https:\/\/exaudi.org\/it\/sinodalita-contro-il-burnout-pastorale\/#breadcrumb"},"inLanguage":"it-IT","potentialAction":[{"@type":"ReadAction","target":["https:\/\/exaudi.org\/it\/sinodalita-contro-il-burnout-pastorale\/"]}]},{"@type":"ImageObject","inLanguage":"it-IT","@id":"https:\/\/exaudi.org\/it\/sinodalita-contro-il-burnout-pastorale\/#primaryimage","url":"https:\/\/exaudi.org\/wp-content\/uploads\/2025\/01\/karl-raymund-catabas-QLS_6dvmy-w-unsplash-scaled.jpg","contentUrl":"https:\/\/exaudi.org\/wp-content\/uploads\/2025\/01\/karl-raymund-catabas-QLS_6dvmy-w-unsplash-scaled.jpg","width":2560,"height":1440,"caption":"Foto de Karl Raymund Catabas en Unsplash"},{"@type":"BreadcrumbList","@id":"https:\/\/exaudi.org\/it\/sinodalita-contro-il-burnout-pastorale\/#breadcrumb","itemListElement":[{"@type":"ListItem","position":1,"name":"Portada","item":"https:\/\/exaudi.org\/it\/"},{"@type":"ListItem","position":2,"name":"Sinodalit\u00e0 contro il burnout pastorale"}]},{"@type":"WebSite","@id":"https:\/\/exaudi.org\/#website","url":"https:\/\/exaudi.org\/","name":"Exaudi","description":"News","potentialAction":[{"@type":"SearchAction","target":{"@type":"EntryPoint","urlTemplate":"https:\/\/exaudi.org\/?s={search_term_string}"},"query-input":{"@type":"PropertyValueSpecification","valueRequired":true,"valueName":"search_term_string"}}],"inLanguage":"it-IT"},{"@type":"Person","@id":"https:\/\/exaudi.org\/#\/schema\/person\/ac92bf102c0b53544ebdec5b9d0aed18","name":"Alfons Gea","image":{"@type":"ImageObject","inLanguage":"it-IT","@id":"https:\/\/secure.gravatar.com\/avatar\/24ebf96806e8303525f3910faa8289fe6c8726339b6a79ad483356d520db03c6?s=96&d=mm&r=g","url":"https:\/\/secure.gravatar.com\/avatar\/24ebf96806e8303525f3910faa8289fe6c8726339b6a79ad483356d520db03c6?s=96&d=mm&r=g","contentUrl":"https:\/\/secure.gravatar.com\/avatar\/24ebf96806e8303525f3910faa8289fe6c8726339b6a79ad483356d520db03c6?s=96&d=mm&r=g","caption":"Alfons Gea"},"description":"Licenciado en Teolog\u00eda en Facultad de Teolog\u00eda de Barcelona (1988). Diplomado en Magisterio \u2013 profesor EGB. Universidad de Barcelona (1990). Licenciado en Psicopedagogia. Universidad Ram\u00f3n Llull, (1994). Responsable del Servicio de Atenci\u00f3n al Duelo de Funeraria Municipal de Terrassa (2001-2022). Terapeuta en Gabinete Gedi - Psicolog\u00eda aplicada (2022). P\u00e1rroco de St. Viucente de Jonquereas, de Sabadell (2012). Articulista en revistas especializadas y prensa comarcal. Formador en atenci\u00f3n al duelo de profesionales sanitarios y sociosanitarios: Trabajadoras sociales, psic\u00f3logas\/os, m\u00e9dicas, enfermer\u00eda, maestras (1995). Ha participado en varios programas de opini\u00f3n y debate de televisiones y radios nacionales. Anteriormente ejerci\u00f3 como asistente espiritual de los hospitales en Terrassa: San L\u00e1zaro, Mutua, y Hospital de Terrassa (1997-2018. Fue p\u00e1rroco de la parroquia Virgen de Montserrat de Terrassa (1997-2013) y responsable de Formaci\u00f3n de la Delegaci\u00f3n de Pastoral de la Salud de la di\u00f3cesis de Barcelona (1995-2005). Delegado episcopal de Pastoral de la salud de la di\u00f3cesis de Terrassa (2005-2012). Coordinador de la Pastoral de la Salud de la Conferencia episcopal catalana. Maestro de EGB, Coordinador de secundaria, subdirector de escuela, jefe de gabinete psicopedag\u00f3gico, fundador y director del Centro Sara \u2013 casa de acogida para enfermos de SIDA, educador en situaciones de riesgo social, Fundador del Taller Solidario \u2013 centro de inserci\u00f3n laboral.","url":"https:\/\/exaudi.org\/it\/author\/alfonsogea\/"}]}},"jetpack_featured_media_url":"https:\/\/exaudi.org\/wp-content\/uploads\/2025\/01\/karl-raymund-catabas-QLS_6dvmy-w-unsplash-scaled.jpg","jetpack_shortlink":"https:\/\/wp.me\/pgKjF2-ugy","_links":{"self":[{"href":"https:\/\/exaudi.org\/it\/wp-json\/wp\/v2\/posts\/116346","targetHints":{"allow":["GET"]}}],"collection":[{"href":"https:\/\/exaudi.org\/it\/wp-json\/wp\/v2\/posts"}],"about":[{"href":"https:\/\/exaudi.org\/it\/wp-json\/wp\/v2\/types\/post"}],"author":[{"embeddable":true,"href":"https:\/\/exaudi.org\/it\/wp-json\/wp\/v2\/users\/77"}],"replies":[{"embeddable":true,"href":"https:\/\/exaudi.org\/it\/wp-json\/wp\/v2\/comments?post=116346"}],"version-history":[{"count":0,"href":"https:\/\/exaudi.org\/it\/wp-json\/wp\/v2\/posts\/116346\/revisions"}],"wp:featuredmedia":[{"embeddable":true,"href":"https:\/\/exaudi.org\/it\/wp-json\/wp\/v2\/media\/116310"}],"wp:attachment":[{"href":"https:\/\/exaudi.org\/it\/wp-json\/wp\/v2\/media?parent=116346"}],"wp:term":[{"taxonomy":"category","embeddable":true,"href":"https:\/\/exaudi.org\/it\/wp-json\/wp\/v2\/categories?post=116346"},{"taxonomy":"post_tag","embeddable":true,"href":"https:\/\/exaudi.org\/it\/wp-json\/wp\/v2\/tags?post=116346"}],"curies":[{"name":"wp","href":"https:\/\/api.w.org\/{rel}","templated":true}]}}