{"id":116248,"date":"2025-01-05T17:20:34","date_gmt":"2025-01-05T16:20:34","guid":{"rendered":"https:\/\/exaudi.org\/?p=116248"},"modified":"2025-01-05T17:20:34","modified_gmt":"2025-01-05T16:20:34","slug":"cammino-di-fede-riflessione-di-mons-enrique-diaz","status":"publish","type":"post","link":"https:\/\/exaudi.org\/it\/cammino-di-fede-riflessione-di-mons-enrique-diaz\/","title":{"rendered":"Cammino di fede: riflessione di mons. Enrique D\u00edaz"},"content":{"rendered":"<p>Mons. Enrique D\u00edaz D\u00edaz condivide con i lettori di Exaudi la sua riflessione sul <a href=\"https:\/\/www.dominicos.org\/predicacion\/homilia\/5-1-2025\/lecturas\/\">Vangelo di questa domenica, 5 gennaio 2025<\/a>, dal titolo: \u201c<em>Cammino di fede<\/em>\u201d.<\/p>\n<p>***<\/p>\n<p>Isaia 60,1-6: &#8220;<em>La gloria del Signore risplende su di te<\/em>&#8221;<\/p>\n<p>Salmo 71. \u201c<em>Tutti gli uomini ti adorino, Signore<\/em>\u201d<\/p>\n<p>Efesini 3, 2-3. 5-6: &#8220;<em>Anche i pagani hanno la nostra stessa eredit\u00e0<\/em>&#8221;<\/p>\n<p>San Matteo 2,1-12: &#8220;<em>Siamo venuti dall&#8217;oriente per adorare il re dei Giudei<\/em>&#8221;<\/p>\n<p>Oggi celebriamo la festa popolare dei Santi Re che a stento sostiene i nostri luoghi di fronte all&#8217;invasione dei superflui e grassi Babbo Natale, estranei alle nostre usanze. La nostra citt\u00e0 di Irapuato si riempie di colori, musica e canti con la colorata e tradizionale \u201cCabalgata de Reyes\u201d, gioia di grandi e piccini. La festa dell&#8217;Epifania racchiude un ricco contenuto teologico che non dobbiamo perdere. Non invano \u00e8 la festa pi\u00f9 importante di molte chiese orientali. Epifania significa \u201cmanifestazione\u201d. In questo giorno riviviamo il momento in cui Dio si manifesta alle genti, cio\u00e8 quando il Signore apre le porte del suo Regno agli uomini di tutti i popoli, siano essi ebrei o meno. Fino alla nascita di Cristo, coloro che non erano discendenti di Abramo non potevano entrare nel Regno di Dio secondo il pensiero ebraico. Erano \u201cpagani\u201d, una razza impura, la cui vicinanza li macchiava a tal punto che non si poteva entrare nelle loro case senza essere impuri davanti a Dio. Tutto questo scompare con la presenza della vera luce. Il Signore distrugge questi confini. Con la nascita di Cristo, una nuova stella si accende alta nel cielo, la sua luce risplende con chiarezza e forza, \u00e8 segno visibile dell&#8217;amore di Dio, del suo invito insistente e persuasivo rivolto a ciascuno di noi a seguire il cammino segnato cammino alla luce della fede in Cristo, un cammino diverso per ciascuno, ma aperto a tutti, poich\u00e9 Dio chiama tutti a lasciarci illuminare dalla sua luce e dal suo amore.<\/p>\n<p>San Matteo ce lo mostra in modo eccezionale nell&#8217;emozionante racconto dei Magi d&#8217;Oriente. \u00c8 una storia vera o \u00e8 una storia per bambini? Direi che \u00e8 una storia del Dio Bambino ai figli del Regno. Matteo fa teologia alla maniera orientale, insegnando che il Bambino davanti al quale si prostrano uomini provenienti da terre lontane \u00e8 lo stesso di cui parla Isaia. E allo stesso tempo ci svela il grande mistero che san Giovanni manifesta nel prologo del suo vangelo: \u00abVenne tra i suoi (i Giudei) e non lo accolsero\u00bb. Nessuna autorit\u00e0 religiosa o civile si prostra davanti al Dio Bambino, solo quei Magi che vengono dall&#8217;Oriente. San Matteo, pi\u00f9 che storia, fa teologia, quella \u201cscienza dei bambini\u201d, delle persone semplici e umili, dei piccoli ai quali il Padre rivela gli infiniti misteri del Regno. Per comprendere ed entrare nel Regno dei cieli dobbiamo diventare come bambini, non pu\u00f2 entrare nessuno che non rinasce ricominciando ad essere bambino. La teologia non vive in libri grossi e difficili, si studia in ginocchio, prostrati, come i Magi nell&#8217;adorazione del Divin Bambino. San Matteo ci presenta nel suo racconto l&#8217;intero cammino della fede: ricerca inquieta, apertura, accoglienza, camminare con perseveranza in mezzo alle difficolt\u00e0 e ai problemi, discernimento e infine adorazione profonda e umile davanti al mistero del Bambino. Il racconto di Matteo pu\u00f2 aiutarci a vivere pienamente l&#8217;Anno Santo, anno di speranza.<\/p>\n<p>Certamente l&#8217;Epifania \u00e8 una manifestazione del Signore, ma non rimane nel passato. Ogni giorno il Signore si manifesta a noi, ogni giorno Dio appare nella nostra vita. L\u2019importante \u00e8 che riusciamo a vederlo, che lo vediamo nei poveri che soffrono e nei ricchi che condividono i loro beni, nei nostri successi e nei nostri fallimenti. Il discepolo sa scoprire Dio in mezzo agli avvenimenti di ogni giorno. Molte volte avremo bisogno di una stella che ci guidi, perch\u00e9 la luce di Dio diventi pi\u00f9 visibile attraverso segni particolari. Dio \u00e8 sempre albeggiante nella nostra vita, l&#8217;importante \u00e8 che abbiamo occhi e cuore puliti, per saper vedere Dio attraverso gli eventi esterni. Dobbiamo anche pensare che Dio vuole servirsi, a volte, di ciascuno di noi perch\u00e9 possiamo essere una luce e una stella che guida il cammino degli altri. Con grande umilt\u00e0 e grande generosit\u00e0, offrendo, non imponendo, vivendo, piuttosto che parlare. La luce di Dio, la sua stella, quando \u00e8 veramente presente nella nostra vita, ci riempie di gioia profonda e interiore. Sapere che la luce della nostra vita guida altre persone sulla retta via ci d\u00e0 fiducia e gioia.<\/p>\n<p>Oggi \u00e8 il giorno delle stelle. Giorno dell&#8217;illusione di chi crede nel meraviglioso, di chi comprende lo stupore che c&#8217;\u00e8 nel battito di una stella, di chi si avventura nel cammino alla ricerca del Bambino appena nato, di chi non disprezza la luce vacillante della stella della Speranza e sa scoprire nel volto del Piccolo Bambino \u201cDio con noi\u201d e con gioia si prostra davanti a Lui e gli dona tutto ci\u00f2 che ha. E dopo averlo contemplato e adorato, non percorre le stesse strade di Erode, del potere, della sicurezza, dell&#8217;invidia, ma piuttosto \u00abpercorre le strade nuove\u00bb che le due stelle che lo guardavano con amore gli hanno insegnato. Nel giorno dell&#8217;Epifania nascono tante sfide che dobbiamo assumere con responsabilit\u00e0 e coraggio: ho un ideale per cui vale la pena lottare? Come apro il mio cuore a tutti gli uomini? Come riusciremo a superare le divisioni e gli individualismi in cui ci ha rinchiuso questo mondo neoliberista? Come sto seguendo il cammino della Speranza?<\/p>\n<p><em>Signore, nostro Dio, che per mezzo di una stella hai fatto conoscere in questo giorno a tutti i popoli la nascita del tuo Figlio, concedi a noi che gi\u00e0 ti conosciamo per fede, di scoprire in ogni volto di uomo, donna o bambino, il volto di Ges\u00f9 fatto nostro fratello. Amen.<\/em><\/p>\n","protected":false},"excerpt":{"rendered":"<p>Epifania del Signore<\/p>\n","protected":false},"author":25,"featured_media":115945,"comment_status":"closed","ping_status":"closed","sticky":false,"template":"","format":"standard","meta":{"_acf_changed":false,"_crdt_document":"","inline_featured_image":false,"footnotes":""},"categories":[73,95],"tags":[10963,8079,10964,4952,706],"class_list":["post-116248","post","type-post","status-publish","format-standard","has-post-thumbnail","hentry","category-chiesa-e-mondo","category-spiritualita","tag-enrique-diaz-2","tag-epifania-del-signore","tag-riflessione","tag-trending-it","tag-vangelo"],"acf":[],"yoast_head":"<!-- This site is optimized with the Yoast SEO plugin v27.5 - https:\/\/yoast.com\/product\/yoast-seo-wordpress\/ -->\n<title>Cammino di fede: riflessione di mons. Enrique D\u00edaz &#8211; Exaudi<\/title>\n<meta name=\"robots\" content=\"index, follow, max-snippet:-1, max-image-preview:large, max-video-preview:-1\" \/>\n<link rel=\"canonical\" href=\"https:\/\/exaudi.org\/it\/cammino-di-fede-riflessione-di-mons-enrique-diaz\/\" \/>\n<meta property=\"og:locale\" content=\"it_IT\" \/>\n<meta property=\"og:type\" content=\"article\" \/>\n<meta property=\"og:title\" content=\"Cammino di fede: riflessione di mons. Enrique D\u00edaz &#8211; Exaudi\" \/>\n<meta property=\"og:description\" content=\"Epifania del Signore\" \/>\n<meta property=\"og:url\" content=\"https:\/\/exaudi.org\/it\/cammino-di-fede-riflessione-di-mons-enrique-diaz\/\" \/>\n<meta property=\"og:site_name\" content=\"Exaudi\" \/>\n<meta property=\"article:publisher\" content=\"https:\/\/www.facebook.com\/ExaudiNews\" \/>\n<meta property=\"article:published_time\" content=\"2025-01-05T16:20:34+00:00\" \/>\n<meta property=\"og:image\" content=\"https:\/\/exaudi.org\/wp-content\/uploads\/2024\/12\/christmas-7706050_1280.webp\" \/>\n\t<meta property=\"og:image:width\" content=\"1280\" \/>\n\t<meta property=\"og:image:height\" content=\"1280\" \/>\n\t<meta property=\"og:image:type\" content=\"image\/webp\" \/>\n<meta name=\"author\" content=\"Enrique D\u00edaz\" \/>\n<meta name=\"twitter:card\" content=\"summary_large_image\" \/>\n<meta name=\"twitter:creator\" content=\"@Exaudi_News\" \/>\n<meta name=\"twitter:site\" content=\"@Exaudi_News\" \/>\n<meta name=\"twitter:label1\" content=\"Scritto da\" \/>\n\t<meta name=\"twitter:data1\" content=\"Enrique D\u00edaz\" \/>\n\t<meta name=\"twitter:label2\" content=\"Tempo di lettura stimato\" \/>\n\t<meta name=\"twitter:data2\" content=\"5 minuti\" \/>\n<script type=\"application\/ld+json\" class=\"yoast-schema-graph\">{\"@context\":\"https:\\\/\\\/schema.org\",\"@graph\":[{\"@type\":\"Article\",\"@id\":\"https:\\\/\\\/exaudi.org\\\/it\\\/cammino-di-fede-riflessione-di-mons-enrique-diaz\\\/#article\",\"isPartOf\":{\"@id\":\"https:\\\/\\\/exaudi.org\\\/it\\\/cammino-di-fede-riflessione-di-mons-enrique-diaz\\\/\"},\"author\":{\"name\":\"Enrique D\u00edaz\",\"@id\":\"https:\\\/\\\/exaudi.org\\\/#\\\/schema\\\/person\\\/c02ffbd10830fa375f6882f7dcf1844d\"},\"headline\":\"Cammino di fede: riflessione di mons. Enrique D\u00edaz\",\"datePublished\":\"2025-01-05T16:20:34+00:00\",\"mainEntityOfPage\":{\"@id\":\"https:\\\/\\\/exaudi.org\\\/it\\\/cammino-di-fede-riflessione-di-mons-enrique-diaz\\\/\"},\"wordCount\":965,\"image\":{\"@id\":\"https:\\\/\\\/exaudi.org\\\/it\\\/cammino-di-fede-riflessione-di-mons-enrique-diaz\\\/#primaryimage\"},\"thumbnailUrl\":\"https:\\\/\\\/exaudi.org\\\/wp-content\\\/uploads\\\/2024\\\/12\\\/christmas-7706050_1280.webp\",\"keywords\":[\"ENRIQUE D\u00cdAZ\",\"Epifania del Signore\",\"RIFLESSIONE\",\"Trending\",\"Vangelo\"],\"articleSection\":[\"Chiesa e Mondo\",\"Spiritualit\u00e0\"],\"inLanguage\":\"it-IT\"},{\"@type\":\"WebPage\",\"@id\":\"https:\\\/\\\/exaudi.org\\\/it\\\/cammino-di-fede-riflessione-di-mons-enrique-diaz\\\/\",\"url\":\"https:\\\/\\\/exaudi.org\\\/it\\\/cammino-di-fede-riflessione-di-mons-enrique-diaz\\\/\",\"name\":\"Cammino di fede: riflessione di mons. Enrique D\u00edaz &#8211; Exaudi\",\"isPartOf\":{\"@id\":\"https:\\\/\\\/exaudi.org\\\/#website\"},\"primaryImageOfPage\":{\"@id\":\"https:\\\/\\\/exaudi.org\\\/it\\\/cammino-di-fede-riflessione-di-mons-enrique-diaz\\\/#primaryimage\"},\"image\":{\"@id\":\"https:\\\/\\\/exaudi.org\\\/it\\\/cammino-di-fede-riflessione-di-mons-enrique-diaz\\\/#primaryimage\"},\"thumbnailUrl\":\"https:\\\/\\\/exaudi.org\\\/wp-content\\\/uploads\\\/2024\\\/12\\\/christmas-7706050_1280.webp\",\"datePublished\":\"2025-01-05T16:20:34+00:00\",\"author\":{\"@id\":\"https:\\\/\\\/exaudi.org\\\/#\\\/schema\\\/person\\\/c02ffbd10830fa375f6882f7dcf1844d\"},\"breadcrumb\":{\"@id\":\"https:\\\/\\\/exaudi.org\\\/it\\\/cammino-di-fede-riflessione-di-mons-enrique-diaz\\\/#breadcrumb\"},\"inLanguage\":\"it-IT\",\"potentialAction\":[{\"@type\":\"ReadAction\",\"target\":[\"https:\\\/\\\/exaudi.org\\\/it\\\/cammino-di-fede-riflessione-di-mons-enrique-diaz\\\/\"]}]},{\"@type\":\"ImageObject\",\"inLanguage\":\"it-IT\",\"@id\":\"https:\\\/\\\/exaudi.org\\\/it\\\/cammino-di-fede-riflessione-di-mons-enrique-diaz\\\/#primaryimage\",\"url\":\"https:\\\/\\\/exaudi.org\\\/wp-content\\\/uploads\\\/2024\\\/12\\\/christmas-7706050_1280.webp\",\"contentUrl\":\"https:\\\/\\\/exaudi.org\\\/wp-content\\\/uploads\\\/2024\\\/12\\\/christmas-7706050_1280.webp\",\"width\":1280,\"height\":1280,\"caption\":\"Foto Pixabay\"},{\"@type\":\"BreadcrumbList\",\"@id\":\"https:\\\/\\\/exaudi.org\\\/it\\\/cammino-di-fede-riflessione-di-mons-enrique-diaz\\\/#breadcrumb\",\"itemListElement\":[{\"@type\":\"ListItem\",\"position\":1,\"name\":\"Portada\",\"item\":\"https:\\\/\\\/exaudi.org\\\/it\\\/\"},{\"@type\":\"ListItem\",\"position\":2,\"name\":\"Cammino di fede: riflessione di mons. Enrique D\u00edaz\"}]},{\"@type\":\"WebSite\",\"@id\":\"https:\\\/\\\/exaudi.org\\\/#website\",\"url\":\"https:\\\/\\\/exaudi.org\\\/\",\"name\":\"Exaudi\",\"description\":\"News\",\"potentialAction\":[{\"@type\":\"SearchAction\",\"target\":{\"@type\":\"EntryPoint\",\"urlTemplate\":\"https:\\\/\\\/exaudi.org\\\/?s={search_term_string}\"},\"query-input\":{\"@type\":\"PropertyValueSpecification\",\"valueRequired\":true,\"valueName\":\"search_term_string\"}}],\"inLanguage\":\"it-IT\"},{\"@type\":\"Person\",\"@id\":\"https:\\\/\\\/exaudi.org\\\/#\\\/schema\\\/person\\\/c02ffbd10830fa375f6882f7dcf1844d\",\"name\":\"Enrique D\u00edaz\",\"image\":{\"@type\":\"ImageObject\",\"inLanguage\":\"it-IT\",\"@id\":\"https:\\\/\\\/secure.gravatar.com\\\/avatar\\\/7ca10be5325a95d04b74082d68ba605aa69611eb0f68f47096cb1bc349873284?s=96&d=mm&r=g\",\"url\":\"https:\\\/\\\/secure.gravatar.com\\\/avatar\\\/7ca10be5325a95d04b74082d68ba605aa69611eb0f68f47096cb1bc349873284?s=96&d=mm&r=g\",\"contentUrl\":\"https:\\\/\\\/secure.gravatar.com\\\/avatar\\\/7ca10be5325a95d04b74082d68ba605aa69611eb0f68f47096cb1bc349873284?s=96&d=mm&r=g\",\"caption\":\"Enrique D\u00edaz\"},\"description\":\"Naci\u00f3 en Huandacareo, Michoac\u00e1n, M\u00e9xico, en 1952. Realiz\u00f3 sus estudios de Filosof\u00eda y Teolog\u00eda en el Seminario de Morelia. Ordenado di\u00e1cono el 22 de mayo de 1977, y presb\u00edtero el 23 de octubre del mismo a\u00f1o. Obtuvo la Licenciatura en Sagrada Escritura en el Pontificio Instituto B\u00edblico en Roma. Ha desarrollado m\u00faltiples encargos pastorales como el de capell\u00e1n de la rector\u00eda de las Tres Aves Mar\u00edas; responsable de la Pastoral B\u00edblica Diocesana y director de la Escuela B\u00edblica en Morelia; maestro de Biblia en el Seminario Conciliar de Morelia, p\u00e1rroco de la Parroquia de Nuestra Se\u00f1ora de Guadalupe, Col. Guadalupe, Morelia; o vicario episcopal para la Zona de Nuestra Se\u00f1ora de la Luz, P\u00e1tzcuaro. Ordenado obispo auxiliar de san Crist\u00f3bal de las Casas en 2003. En la Conferencia Episcopal form\u00f3 parte de las Comisiones de Biblia, Diaconado y Ministerios Laicales. Fue responsable de las Dimensiones de Ministerios Laicales, de Educaci\u00f3n y Cultura. Ha participado en encuentros latinoamericanos y mundiales sobre el Diaconado Permanente. Actualmente es el responsable de la Dimensi\u00f3n de Pastoral de la Cultura. Particip\u00f3 como Miembro del S\u00ednodo de Obispos sobre la Palabra de Dios en la Vida y Misi\u00f3n de la Iglesia en Roma, en 2008. Recibi\u00f3 el nombramiento de obispo coadjutor de San Crist\u00f3bal de las Casas en 2014. Nombrado II obispo de Irapuato el d\u00eda 11 de marzo, tom\u00f3 posesi\u00f3n el 19 de Mayo. Colabora en varias revistas y publicaciones sobre todo con la reflexi\u00f3n diaria y dominical tanto en audio como escrita.\",\"url\":\"https:\\\/\\\/exaudi.org\\\/it\\\/author\\\/enriquediaz\\\/\"}]}<\/script>\n<!-- \/ Yoast SEO plugin. -->","yoast_head_json":{"title":"Cammino di fede: riflessione di mons. Enrique D\u00edaz &#8211; Exaudi","robots":{"index":"index","follow":"follow","max-snippet":"max-snippet:-1","max-image-preview":"max-image-preview:large","max-video-preview":"max-video-preview:-1"},"canonical":"https:\/\/exaudi.org\/it\/cammino-di-fede-riflessione-di-mons-enrique-diaz\/","og_locale":"it_IT","og_type":"article","og_title":"Cammino di fede: riflessione di mons. Enrique D\u00edaz &#8211; Exaudi","og_description":"Epifania del Signore","og_url":"https:\/\/exaudi.org\/it\/cammino-di-fede-riflessione-di-mons-enrique-diaz\/","og_site_name":"Exaudi","article_publisher":"https:\/\/www.facebook.com\/ExaudiNews","article_published_time":"2025-01-05T16:20:34+00:00","og_image":[{"width":1280,"height":1280,"url":"https:\/\/exaudi.org\/wp-content\/uploads\/2024\/12\/christmas-7706050_1280.webp","type":"image\/webp"}],"author":"Enrique D\u00edaz","twitter_card":"summary_large_image","twitter_creator":"@Exaudi_News","twitter_site":"@Exaudi_News","twitter_misc":{"Scritto da":"Enrique D\u00edaz","Tempo di lettura stimato":"5 minuti"},"schema":{"@context":"https:\/\/schema.org","@graph":[{"@type":"Article","@id":"https:\/\/exaudi.org\/it\/cammino-di-fede-riflessione-di-mons-enrique-diaz\/#article","isPartOf":{"@id":"https:\/\/exaudi.org\/it\/cammino-di-fede-riflessione-di-mons-enrique-diaz\/"},"author":{"name":"Enrique D\u00edaz","@id":"https:\/\/exaudi.org\/#\/schema\/person\/c02ffbd10830fa375f6882f7dcf1844d"},"headline":"Cammino di fede: riflessione di mons. Enrique D\u00edaz","datePublished":"2025-01-05T16:20:34+00:00","mainEntityOfPage":{"@id":"https:\/\/exaudi.org\/it\/cammino-di-fede-riflessione-di-mons-enrique-diaz\/"},"wordCount":965,"image":{"@id":"https:\/\/exaudi.org\/it\/cammino-di-fede-riflessione-di-mons-enrique-diaz\/#primaryimage"},"thumbnailUrl":"https:\/\/exaudi.org\/wp-content\/uploads\/2024\/12\/christmas-7706050_1280.webp","keywords":["ENRIQUE D\u00cdAZ","Epifania del Signore","RIFLESSIONE","Trending","Vangelo"],"articleSection":["Chiesa e Mondo","Spiritualit\u00e0"],"inLanguage":"it-IT"},{"@type":"WebPage","@id":"https:\/\/exaudi.org\/it\/cammino-di-fede-riflessione-di-mons-enrique-diaz\/","url":"https:\/\/exaudi.org\/it\/cammino-di-fede-riflessione-di-mons-enrique-diaz\/","name":"Cammino di fede: riflessione di mons. Enrique D\u00edaz &#8211; Exaudi","isPartOf":{"@id":"https:\/\/exaudi.org\/#website"},"primaryImageOfPage":{"@id":"https:\/\/exaudi.org\/it\/cammino-di-fede-riflessione-di-mons-enrique-diaz\/#primaryimage"},"image":{"@id":"https:\/\/exaudi.org\/it\/cammino-di-fede-riflessione-di-mons-enrique-diaz\/#primaryimage"},"thumbnailUrl":"https:\/\/exaudi.org\/wp-content\/uploads\/2024\/12\/christmas-7706050_1280.webp","datePublished":"2025-01-05T16:20:34+00:00","author":{"@id":"https:\/\/exaudi.org\/#\/schema\/person\/c02ffbd10830fa375f6882f7dcf1844d"},"breadcrumb":{"@id":"https:\/\/exaudi.org\/it\/cammino-di-fede-riflessione-di-mons-enrique-diaz\/#breadcrumb"},"inLanguage":"it-IT","potentialAction":[{"@type":"ReadAction","target":["https:\/\/exaudi.org\/it\/cammino-di-fede-riflessione-di-mons-enrique-diaz\/"]}]},{"@type":"ImageObject","inLanguage":"it-IT","@id":"https:\/\/exaudi.org\/it\/cammino-di-fede-riflessione-di-mons-enrique-diaz\/#primaryimage","url":"https:\/\/exaudi.org\/wp-content\/uploads\/2024\/12\/christmas-7706050_1280.webp","contentUrl":"https:\/\/exaudi.org\/wp-content\/uploads\/2024\/12\/christmas-7706050_1280.webp","width":1280,"height":1280,"caption":"Foto Pixabay"},{"@type":"BreadcrumbList","@id":"https:\/\/exaudi.org\/it\/cammino-di-fede-riflessione-di-mons-enrique-diaz\/#breadcrumb","itemListElement":[{"@type":"ListItem","position":1,"name":"Portada","item":"https:\/\/exaudi.org\/it\/"},{"@type":"ListItem","position":2,"name":"Cammino di fede: riflessione di mons. Enrique D\u00edaz"}]},{"@type":"WebSite","@id":"https:\/\/exaudi.org\/#website","url":"https:\/\/exaudi.org\/","name":"Exaudi","description":"News","potentialAction":[{"@type":"SearchAction","target":{"@type":"EntryPoint","urlTemplate":"https:\/\/exaudi.org\/?s={search_term_string}"},"query-input":{"@type":"PropertyValueSpecification","valueRequired":true,"valueName":"search_term_string"}}],"inLanguage":"it-IT"},{"@type":"Person","@id":"https:\/\/exaudi.org\/#\/schema\/person\/c02ffbd10830fa375f6882f7dcf1844d","name":"Enrique D\u00edaz","image":{"@type":"ImageObject","inLanguage":"it-IT","@id":"https:\/\/secure.gravatar.com\/avatar\/7ca10be5325a95d04b74082d68ba605aa69611eb0f68f47096cb1bc349873284?s=96&d=mm&r=g","url":"https:\/\/secure.gravatar.com\/avatar\/7ca10be5325a95d04b74082d68ba605aa69611eb0f68f47096cb1bc349873284?s=96&d=mm&r=g","contentUrl":"https:\/\/secure.gravatar.com\/avatar\/7ca10be5325a95d04b74082d68ba605aa69611eb0f68f47096cb1bc349873284?s=96&d=mm&r=g","caption":"Enrique D\u00edaz"},"description":"Naci\u00f3 en Huandacareo, Michoac\u00e1n, M\u00e9xico, en 1952. Realiz\u00f3 sus estudios de Filosof\u00eda y Teolog\u00eda en el Seminario de Morelia. Ordenado di\u00e1cono el 22 de mayo de 1977, y presb\u00edtero el 23 de octubre del mismo a\u00f1o. Obtuvo la Licenciatura en Sagrada Escritura en el Pontificio Instituto B\u00edblico en Roma. Ha desarrollado m\u00faltiples encargos pastorales como el de capell\u00e1n de la rector\u00eda de las Tres Aves Mar\u00edas; responsable de la Pastoral B\u00edblica Diocesana y director de la Escuela B\u00edblica en Morelia; maestro de Biblia en el Seminario Conciliar de Morelia, p\u00e1rroco de la Parroquia de Nuestra Se\u00f1ora de Guadalupe, Col. Guadalupe, Morelia; o vicario episcopal para la Zona de Nuestra Se\u00f1ora de la Luz, P\u00e1tzcuaro. Ordenado obispo auxiliar de san Crist\u00f3bal de las Casas en 2003. En la Conferencia Episcopal form\u00f3 parte de las Comisiones de Biblia, Diaconado y Ministerios Laicales. Fue responsable de las Dimensiones de Ministerios Laicales, de Educaci\u00f3n y Cultura. Ha participado en encuentros latinoamericanos y mundiales sobre el Diaconado Permanente. Actualmente es el responsable de la Dimensi\u00f3n de Pastoral de la Cultura. Particip\u00f3 como Miembro del S\u00ednodo de Obispos sobre la Palabra de Dios en la Vida y Misi\u00f3n de la Iglesia en Roma, en 2008. Recibi\u00f3 el nombramiento de obispo coadjutor de San Crist\u00f3bal de las Casas en 2014. Nombrado II obispo de Irapuato el d\u00eda 11 de marzo, tom\u00f3 posesi\u00f3n el 19 de Mayo. Colabora en varias revistas y publicaciones sobre todo con la reflexi\u00f3n diaria y dominical tanto en audio como escrita.","url":"https:\/\/exaudi.org\/it\/author\/enriquediaz\/"}]}},"jetpack_featured_media_url":"https:\/\/exaudi.org\/wp-content\/uploads\/2024\/12\/christmas-7706050_1280.webp","jetpack_shortlink":"https:\/\/wp.me\/pgKjF2-ueY","_links":{"self":[{"href":"https:\/\/exaudi.org\/it\/wp-json\/wp\/v2\/posts\/116248","targetHints":{"allow":["GET"]}}],"collection":[{"href":"https:\/\/exaudi.org\/it\/wp-json\/wp\/v2\/posts"}],"about":[{"href":"https:\/\/exaudi.org\/it\/wp-json\/wp\/v2\/types\/post"}],"author":[{"embeddable":true,"href":"https:\/\/exaudi.org\/it\/wp-json\/wp\/v2\/users\/25"}],"replies":[{"embeddable":true,"href":"https:\/\/exaudi.org\/it\/wp-json\/wp\/v2\/comments?post=116248"}],"version-history":[{"count":0,"href":"https:\/\/exaudi.org\/it\/wp-json\/wp\/v2\/posts\/116248\/revisions"}],"wp:featuredmedia":[{"embeddable":true,"href":"https:\/\/exaudi.org\/it\/wp-json\/wp\/v2\/media\/115945"}],"wp:attachment":[{"href":"https:\/\/exaudi.org\/it\/wp-json\/wp\/v2\/media?parent=116248"}],"wp:term":[{"taxonomy":"category","embeddable":true,"href":"https:\/\/exaudi.org\/it\/wp-json\/wp\/v2\/categories?post=116248"},{"taxonomy":"post_tag","embeddable":true,"href":"https:\/\/exaudi.org\/it\/wp-json\/wp\/v2\/tags?post=116248"}],"curies":[{"name":"wp","href":"https:\/\/api.w.org\/{rel}","templated":true}]}}