{"id":116101,"date":"2025-01-01T20:11:22","date_gmt":"2025-01-01T19:11:22","guid":{"rendered":"https:\/\/exaudi.org\/?p=116101"},"modified":"2025-01-01T20:11:22","modified_gmt":"2025-01-01T19:11:22","slug":"affidiamo-il-mondo-intero-a-maria-perche-rinasca-la-speranza-e-fiorisca-la-pace","status":"publish","type":"post","link":"https:\/\/exaudi.org\/it\/affidiamo-il-mondo-intero-a-maria-perche-rinasca-la-speranza-e-fiorisca-la-pace\/","title":{"rendered":"Affidiamo il mondo intero a Maria, perch\u00e9 rinasca la speranza e fiorisca la pace"},"content":{"rendered":"<p>Nella Solennit\u00e0 di Maria Santissima Madre di Dio, giorno in cui la Chiesa celebra la Giornata Mondiale della Pace, il Papa ha presieduto la Santa Messa nella Basilica di San Pietro.<\/p>\n<p>Il Santo Padre ci invita ad affidare il mondo intero a Maria, perch\u00e9 rinasca la speranza e fiorisca la pace.<\/p>\n<h3><strong>***<\/strong><\/h3>\n<h3><strong>L&#8217;omelia del Papa<\/strong><\/h3>\n<div class=\"testo\">\n<div class=\"text parbase vaticanrichtext\">\n<p>All\u2019inizio di un nuovo anno che il Signore concede alla nostra vita, \u00e8 bello poter elevare lo sguardo del nostro cuore a Maria. Ella infatti, essendo Madre, ci rimanda alla relazione con il Figlio: ci riporta a Ges\u00f9, ci parla di Ges\u00f9, ci conduce a Ges\u00f9. Cos\u00ec, la Solennit\u00e0 di Maria Santissima Madre di Dio ci immerge nuovamente nel Mistero del Natale: Dio si \u00e8 fatto uno di noi nel grembo di Maria e a noi, che abbiamo aperto la Porta Santa per dare inizio al\u00a0<a href=\"https:\/\/www.vatican.va\/content\/iubilaeum2025\/it.html\">Giubileo<\/a>, oggi viene ricordato che \u00abMaria \u00e8 dunque la porta per cui Cristo entr\u00f2 in questo mondo\u00bb (S. Ambrogio,<i>\u00a0Epistola 42<\/i>, 4:\u00a0<i>PL<\/i>, VII).<\/p>\n<p>L\u2019Apostolo Paolo sintetizza questo Mistero affermando che \u00abDio mand\u00f2 il suo Figlio, nato da donna\u00bb (<i>Gal<\/i>\u00a04,4). Queste parole \u2013 \u201cnato da donna\u201d \u2013 risuonano oggi nel nostro cuore e ci ricordano che Ges\u00f9, nostro Salvatore,\u00a0<i>si \u00e8 fatto carne<\/i>\u00a0e\u00a0<i>si svela nella fragilit\u00e0 della carne<\/i>.<\/p>\n<p><i>Nato da donna<\/i>. Questa espressione anzitutto ci riconduce al Natale: Il Verbo\u00a0<i>si \u00e8 fatto carne<\/i>. L\u2019Apostolo Paolo specifica che \u00e8 nato da donna, sente quasi la necessit\u00e0 di ricordarci che Dio si \u00e8 fatto veramente uomo attraverso un grembo umano. C\u2019\u00e8 una tentazione, che affascina oggi tante persone ma che pu\u00f2 sedurre anche tanti cristiani: immaginare o fabbricarci un Dio \u201castratto\u201d, collegato a una vaga idea religiosa, a qualche buona emozione passeggera. Invece, \u00e8 concreto, \u00e8 umano: \u00e8 nato da donna, ha un volto e un nome, e ci chiama ad avere una relazione con Lui. Cristo Ges\u00f9, il nostro Salvatore, \u00e8 nato da donna; ha carne e sangue; viene dal seno del Padre, ma si incarna nel grembo della Vergine Maria; viene dall\u2019alto dei cieli ma abita le profondit\u00e0 della terra; \u00e8 il Figlio di Dio, ma si \u00e8 fatto Figlio dell\u2019uomo. Egli, immagine del Dio Onnipotente, \u00e8 venuto nella debolezza; e pur essendo senza macchia, \u00abDio lo fece peccato in nostro favore\u00bb (<i>2Cor<\/i>\u00a05,21). \u00c8 nato da donna ed \u00e8\u00a0<i>uno di noi<\/i>. Proprio per questo Egli pu\u00f2 salvarci.<\/p>\n<p><i><img loading=\"lazy\" decoding=\"async\" class=\"size-medium wp-image-116041 alignright\" src=\"https:\/\/exaudi.org\/wp-content\/uploads\/2025\/01\/cq5dam.web_.800.800-2025-01-01T133430.888-300x200.jpeg\" alt=\"\" width=\"300\" height=\"200\" srcset=\"https:\/\/exaudi.org\/wp-content\/uploads\/2025\/01\/cq5dam.web_.800.800-2025-01-01T133430.888-300x200.jpeg 300w, https:\/\/exaudi.org\/wp-content\/uploads\/2025\/01\/cq5dam.web_.800.800-2025-01-01T133430.888-770x513.jpeg 770w, https:\/\/exaudi.org\/wp-content\/uploads\/2025\/01\/cq5dam.web_.800.800-2025-01-01T133430.888-360x240.jpeg?crop=1 360w, https:\/\/exaudi.org\/wp-content\/uploads\/2025\/01\/cq5dam.web_.800.800-2025-01-01T133430.888-500x333.jpeg 500w, https:\/\/exaudi.org\/wp-content\/uploads\/2025\/01\/cq5dam.web_.800.800-2025-01-01T133430.888-370x247.jpeg 370w, https:\/\/exaudi.org\/wp-content\/uploads\/2025\/01\/cq5dam.web_.800.800-2025-01-01T133430.888-293x195.jpeg 293w, https:\/\/exaudi.org\/wp-content\/uploads\/2025\/01\/cq5dam.web_.800.800-2025-01-01T133430.888-120x80.jpeg 120w, https:\/\/exaudi.org\/wp-content\/uploads\/2025\/01\/cq5dam.web_.800.800-2025-01-01T133430.888-240x160.jpeg 240w, https:\/\/exaudi.org\/wp-content\/uploads\/2025\/01\/cq5dam.web_.800.800-2025-01-01T133430.888-390x260.jpeg 390w, https:\/\/exaudi.org\/wp-content\/uploads\/2025\/01\/cq5dam.web_.800.800-2025-01-01T133430.888.jpeg 800w\" sizes=\"auto, (max-width: 300px) 100vw, 300px\" \/>Nato da donna<\/i>. Quest\u2019espressione ci parla anche dell\u2019umanit\u00e0 del Cristo, per dirci che Egli\u00a0<i>si svela nella fragilit\u00e0 della carne.\u00a0<\/i>Se \u00e8 disceso nel grembo di una donna, nascendo come tutte le creature, ecco che Egli si mostra nella fragilit\u00e0 di un Bambino. Per questo i pastori andando a vedere con i loro occhi quanto l\u2019Angelo ha loro annunciato, non trovano segni straordinari o manifestazioni grandiose, ma \u00abtrovarono Maria e Giuseppe e il bambino, adagiato nella mangiatoia\u00bb (<i>Lc<\/i>\u00a02,16). Trovano un neonato inerme, fragile, bisognoso delle cure della mamma, bisognoso di fasce e di latte, di carezze e di amore. San Luigi Maria Grignion de Montfort dice che la Sapienza divina \u00abnon volle, bench\u00e9 potesse farlo, darsi direttamente agli uomini, ma prefer\u00ec darsi per mezzo della Vergine Santa. N\u00e9 volle venire al mondo all\u2019et\u00e0 d\u2019uomo perfetto, indipendente dagli altri, ma come povero e piccolo bambino, bisognoso delle cure e del sostentamento della Madre\u00bb (<i>Trattato della vera devozione alla Santa Vergine<\/i>, 139). E cos\u00ec in tutta la vita di Ges\u00f9 possiamo vedere questa scelta di Dio, la scelta della piccolezza e del nascondimento; \u00a0Egli non ceder\u00e0 mai al fascino del potere divino per compiere grandi segni e imporsi sugli altri come gli aveva suggerito il diavolo, ma sveler\u00e0 l\u2019amore di Dio nella bellezza della sua umanit\u00e0, abitando tra noi, condividendo la vita ordinaria fatta di fatiche e di sogni, mostrando compassione per le sofferenze del corpo e dello spirito, aprendo gli occhi dei ciechi e rinfrancando gli smarriti di cuore. Compassione. I tre atteggiamenti di Dio sono misericordia, vicinanza e compassione. Dio si fa vicino e misericordioso e compassionevole. Non dimentichiamo questo. Ges\u00f9 ci mostra Dio attraverso la sua umanit\u00e0 fragile, che si prende cura dei fragili.<\/p>\n<p>Sorelle e fratelli, \u00e8 bello pensare che Maria, la fanciulla di Nazaret, ci riconduce sempre al Mistero del Figlio suo, Ges\u00f9. Ella ci ricorda che Ges\u00f9 viene nella carne e, perci\u00f2, il luogo privilegiato dove poterlo incontrare \u00e8 anzitutto la nostra vita, la nostra fragile umanit\u00e0, quella di chi ogni giorno ci passa accanto. E invocandola come Madre di Dio, affermiamo che il Cristo \u00e8 stato generato dal Padre, ma \u00e8 nato veramente dal grembo di una donna. Affermiamo che Egli \u00e8 il Signore del tempo ma abita questo nostro tempo, anche questo nuovo anno, con la sua presenza d\u2019amore. Affermiamo che Egli \u00e8 il Salvatore del mondo, ma possiamo incontrarlo e dobbiamo cercarlo nel volto di ogni essere umano. E se Lui, che \u00e8 il Figlio di Dio, si \u00e8 fatto piccolo per essere preso in braccio da una mamma, per essere curato e allattato, allora vuol dire che ancora oggi Egli viene in tutti coloro che hanno bisogno della stessa cura: in ogni sorella e fratello che incontriamo e che ha bisogno di attenzione, di ascolto, di tenerezza.<\/p>\n<p>Questo nuovo anno che si apre, affidiamolo a Maria, Madre di Dio, perch\u00e9 anche noi impariamo come Lei a trovare la grandezza di Dio nella piccolezza della vita; perch\u00e9 impariamo a prenderci cura di ogni creatura nata da donna, anzitutto custodendo il dono prezioso della vita, come fa Maria: la vita nel grembo materno, quella dei bambini, quella di chi soffre, la vita dei poveri, la vita degli anziani, di chi \u00e8 solo, di chi \u00e8 morente. E oggi, Giornata Mondiale della Pace, questo invito che sgorga dal cuore materno di Maria siamo chiamati a raccoglierlo tutti: custodire la vita, prendersi cura della vita ferita \u2013 tanta vita ferita, tanta \u2013, ridare dignit\u00e0 alla vita di ogni \u201cnato da donna\u201d \u00e8 la base fondamentale per costruire una civilt\u00e0 della pace. Per questo, \u00abchiedo un impegno fermo a promuovere il rispetto della dignit\u00e0 della vita umana, dal concepimento alla morte naturale, perch\u00e9 ogni persona possa amare la propria vita e guardare con speranza al futuro\u00bb (<i><a href=\"https:\/\/www.vatican.va\/content\/francesco\/it\/messages\/peace\/documents\/20241208-messaggio-58giornatamondiale-pace2025.html\">Messaggio per la LVIII Giornata Mondiale della Pace<\/a><\/i>, 1\u00b0 gennaio 2025).<\/p>\n<p><img loading=\"lazy\" decoding=\"async\" class=\"size-medium wp-image-116044 alignleft\" src=\"https:\/\/exaudi.org\/wp-content\/uploads\/2025\/01\/cq5dam.web_.800.800-2025-01-01T133634.904-300x200.jpeg\" alt=\"\" width=\"300\" height=\"200\" srcset=\"https:\/\/exaudi.org\/wp-content\/uploads\/2025\/01\/cq5dam.web_.800.800-2025-01-01T133634.904-300x200.jpeg 300w, https:\/\/exaudi.org\/wp-content\/uploads\/2025\/01\/cq5dam.web_.800.800-2025-01-01T133634.904-770x513.jpeg 770w, https:\/\/exaudi.org\/wp-content\/uploads\/2025\/01\/cq5dam.web_.800.800-2025-01-01T133634.904-360x240.jpeg?crop=1 360w, https:\/\/exaudi.org\/wp-content\/uploads\/2025\/01\/cq5dam.web_.800.800-2025-01-01T133634.904-500x333.jpeg 500w, https:\/\/exaudi.org\/wp-content\/uploads\/2025\/01\/cq5dam.web_.800.800-2025-01-01T133634.904-370x247.jpeg 370w, https:\/\/exaudi.org\/wp-content\/uploads\/2025\/01\/cq5dam.web_.800.800-2025-01-01T133634.904-293x195.jpeg 293w, https:\/\/exaudi.org\/wp-content\/uploads\/2025\/01\/cq5dam.web_.800.800-2025-01-01T133634.904-120x80.jpeg 120w, https:\/\/exaudi.org\/wp-content\/uploads\/2025\/01\/cq5dam.web_.800.800-2025-01-01T133634.904-240x160.jpeg 240w, https:\/\/exaudi.org\/wp-content\/uploads\/2025\/01\/cq5dam.web_.800.800-2025-01-01T133634.904-390x260.jpeg 390w, https:\/\/exaudi.org\/wp-content\/uploads\/2025\/01\/cq5dam.web_.800.800-2025-01-01T133634.904.jpeg 800w\" sizes=\"auto, (max-width: 300px) 100vw, 300px\" \/>Maria, Madre di Dio e Madre nostra, ci attende proprio l\u00ec nel presepe. Anche a noi mostra, come ai pastori, il Dio che ci sorprende sempre, che non viene nello splendore dei cieli, ma nella piccolezza di una mangiatoia. Affidiamo a lei questo nuovo anno giubilare, consegniamo a Lei domande, le preoccupazioni, le sofferenze, le gioie e tutto ci\u00f2 che portiamo nel cuore. Lei \u00e8 mamma, lei \u00e8 madre! Affidiamo a Lei il mondo intero, perch\u00e9 rinasca la speranza, perch\u00e9 finalmente germogli la pace per tutti i popoli della Terra.<\/p>\n<p>La storia ci racconta che a Efeso, quando i vescovi entravano in chiesa, il popolo fedele, con i bastoni in mano, gridava: \u201cMadre di Dio!\u201d. E sicuramente i bastoni erano la promessa di quello che sarebbe accaduto se non avessero dichiarato il dogma della \u201cMadre di Dio\u201d. Oggi noi non abbiamo bastoni, ma abbiamo cuori e voci di figli. Per questo, tutti insieme, acclamiamo la Santa Madre di Dio. Tutti insieme, forte: \u201cSanta Madre di Dio!\u201d, per tre volte. Insieme: \u201cSanta Madre di Dio! Santa Madre di Dio! Santa Madre di Dio!\u201d.<\/p>\n<p><iframe loading=\"lazy\" title=\"1 January 2025, Holy Massfor the Solemnity of Mary Mother of God | Pope Francis\" width=\"500\" height=\"281\" src=\"https:\/\/www.youtube.com\/embed\/xxbbG2hOPvQ?feature=oembed\" frameborder=\"0\" allow=\"accelerometer; autoplay; clipboard-write; encrypted-media; gyroscope; picture-in-picture; web-share\" referrerpolicy=\"strict-origin-when-cross-origin\" allowfullscreen><\/iframe><\/p>\n<\/div>\n<\/div>\n","protected":false},"excerpt":{"rendered":"<p>Omelia del Santo Padre alla LVIII Giornata per la Pace<\/p>\n","protected":false},"author":17,"featured_media":116037,"comment_status":"closed","ping_status":"closed","sticky":false,"template":"","format":"standard","meta":{"_acf_changed":false,"_crdt_document":"","inline_featured_image":false,"footnotes":""},"categories":[67,113],"tags":[2487,39202,708,6372,34432],"class_list":["post-116101","post","type-post","status-publish","format-standard","has-post-thumbnail","hentry","category-leone-xiv","category-omelie","tag-featured-3","tag-lviii-giornata-della-pace","tag-messa","tag-omelia","tag-solennita-di-maria-madre-di-dio"],"acf":[],"yoast_head":"<!-- This site is optimized with the Yoast SEO plugin v27.4 - https:\/\/yoast.com\/product\/yoast-seo-wordpress\/ -->\n<title>Affidiamo il mondo intero a Maria, perch\u00e9 rinasca la speranza e fiorisca la pace &#8211; Exaudi<\/title>\n<meta name=\"robots\" content=\"index, follow, max-snippet:-1, max-image-preview:large, max-video-preview:-1\" \/>\n<link rel=\"canonical\" href=\"https:\/\/exaudi.org\/it\/affidiamo-il-mondo-intero-a-maria-perche-rinasca-la-speranza-e-fiorisca-la-pace\/\" \/>\n<meta property=\"og:locale\" content=\"it_IT\" \/>\n<meta property=\"og:type\" content=\"article\" \/>\n<meta property=\"og:title\" content=\"Affidiamo il mondo intero a Maria, perch\u00e9 rinasca la speranza e fiorisca la pace &#8211; Exaudi\" \/>\n<meta property=\"og:description\" content=\"Omelia del Santo Padre alla LVIII Giornata per la Pace\" \/>\n<meta property=\"og:url\" content=\"https:\/\/exaudi.org\/it\/affidiamo-il-mondo-intero-a-maria-perche-rinasca-la-speranza-e-fiorisca-la-pace\/\" \/>\n<meta property=\"og:site_name\" content=\"Exaudi\" \/>\n<meta property=\"article:publisher\" content=\"https:\/\/www.facebook.com\/ExaudiNews\" \/>\n<meta property=\"article:author\" content=\"https:\/\/www.facebook.com\/ExaudiNotizie\/\" \/>\n<meta property=\"article:published_time\" content=\"2025-01-01T19:11:22+00:00\" \/>\n<meta property=\"og:image\" content=\"https:\/\/exaudi.org\/wp-content\/uploads\/2025\/01\/cq5dam.web_.800.800-2025-01-01T123500.638.jpeg\" \/>\n\t<meta property=\"og:image:width\" content=\"800\" \/>\n\t<meta property=\"og:image:height\" content=\"533\" \/>\n\t<meta property=\"og:image:type\" content=\"image\/jpeg\" \/>\n<meta name=\"author\" content=\"Exaudi Redazione\" \/>\n<meta name=\"twitter:card\" content=\"summary_large_image\" \/>\n<meta name=\"twitter:creator\" content=\"@Exaudi_Notizie\" \/>\n<meta name=\"twitter:site\" content=\"@Exaudi_News\" \/>\n<meta name=\"twitter:label1\" content=\"Scritto da\" \/>\n\t<meta name=\"twitter:data1\" content=\"Exaudi Redazione\" \/>\n\t<meta name=\"twitter:label2\" content=\"Tempo di lettura stimato\" \/>\n\t<meta name=\"twitter:data2\" content=\"6 minuti\" \/>\n<script type=\"application\/ld+json\" class=\"yoast-schema-graph\">{\"@context\":\"https:\\\/\\\/schema.org\",\"@graph\":[{\"@type\":\"Article\",\"@id\":\"https:\\\/\\\/exaudi.org\\\/it\\\/affidiamo-il-mondo-intero-a-maria-perche-rinasca-la-speranza-e-fiorisca-la-pace\\\/#article\",\"isPartOf\":{\"@id\":\"https:\\\/\\\/exaudi.org\\\/it\\\/affidiamo-il-mondo-intero-a-maria-perche-rinasca-la-speranza-e-fiorisca-la-pace\\\/\"},\"author\":{\"name\":\"Exaudi Redazione\",\"@id\":\"https:\\\/\\\/exaudi.org\\\/#\\\/schema\\\/person\\\/e1ab6ed07c01774724dd96f925f3a5f0\"},\"headline\":\"Affidiamo il mondo intero a Maria, perch\u00e9 rinasca la speranza e fiorisca la pace\",\"datePublished\":\"2025-01-01T19:11:22+00:00\",\"mainEntityOfPage\":{\"@id\":\"https:\\\/\\\/exaudi.org\\\/it\\\/affidiamo-il-mondo-intero-a-maria-perche-rinasca-la-speranza-e-fiorisca-la-pace\\\/\"},\"wordCount\":1208,\"image\":{\"@id\":\"https:\\\/\\\/exaudi.org\\\/it\\\/affidiamo-il-mondo-intero-a-maria-perche-rinasca-la-speranza-e-fiorisca-la-pace\\\/#primaryimage\"},\"thumbnailUrl\":\"https:\\\/\\\/exaudi.org\\\/wp-content\\\/uploads\\\/2025\\\/01\\\/cq5dam.web_.800.800-2025-01-01T123500.638.jpeg\",\"keywords\":[\"Featured\",\"LVIII Giornata della Pace\",\"Messa\",\"Omelia\",\"Solennit\u00e0 di Maria Madre di Dio\"],\"articleSection\":[\"Leone XIV\",\"Omelie\"],\"inLanguage\":\"it-IT\"},{\"@type\":\"WebPage\",\"@id\":\"https:\\\/\\\/exaudi.org\\\/it\\\/affidiamo-il-mondo-intero-a-maria-perche-rinasca-la-speranza-e-fiorisca-la-pace\\\/\",\"url\":\"https:\\\/\\\/exaudi.org\\\/it\\\/affidiamo-il-mondo-intero-a-maria-perche-rinasca-la-speranza-e-fiorisca-la-pace\\\/\",\"name\":\"Affidiamo il mondo intero a Maria, perch\u00e9 rinasca la speranza e fiorisca la pace &#8211; Exaudi\",\"isPartOf\":{\"@id\":\"https:\\\/\\\/exaudi.org\\\/#website\"},\"primaryImageOfPage\":{\"@id\":\"https:\\\/\\\/exaudi.org\\\/it\\\/affidiamo-il-mondo-intero-a-maria-perche-rinasca-la-speranza-e-fiorisca-la-pace\\\/#primaryimage\"},\"image\":{\"@id\":\"https:\\\/\\\/exaudi.org\\\/it\\\/affidiamo-il-mondo-intero-a-maria-perche-rinasca-la-speranza-e-fiorisca-la-pace\\\/#primaryimage\"},\"thumbnailUrl\":\"https:\\\/\\\/exaudi.org\\\/wp-content\\\/uploads\\\/2025\\\/01\\\/cq5dam.web_.800.800-2025-01-01T123500.638.jpeg\",\"datePublished\":\"2025-01-01T19:11:22+00:00\",\"author\":{\"@id\":\"https:\\\/\\\/exaudi.org\\\/#\\\/schema\\\/person\\\/e1ab6ed07c01774724dd96f925f3a5f0\"},\"breadcrumb\":{\"@id\":\"https:\\\/\\\/exaudi.org\\\/it\\\/affidiamo-il-mondo-intero-a-maria-perche-rinasca-la-speranza-e-fiorisca-la-pace\\\/#breadcrumb\"},\"inLanguage\":\"it-IT\",\"potentialAction\":[{\"@type\":\"ReadAction\",\"target\":[\"https:\\\/\\\/exaudi.org\\\/it\\\/affidiamo-il-mondo-intero-a-maria-perche-rinasca-la-speranza-e-fiorisca-la-pace\\\/\"]}]},{\"@type\":\"ImageObject\",\"inLanguage\":\"it-IT\",\"@id\":\"https:\\\/\\\/exaudi.org\\\/it\\\/affidiamo-il-mondo-intero-a-maria-perche-rinasca-la-speranza-e-fiorisca-la-pace\\\/#primaryimage\",\"url\":\"https:\\\/\\\/exaudi.org\\\/wp-content\\\/uploads\\\/2025\\\/01\\\/cq5dam.web_.800.800-2025-01-01T123500.638.jpeg\",\"contentUrl\":\"https:\\\/\\\/exaudi.org\\\/wp-content\\\/uploads\\\/2025\\\/01\\\/cq5dam.web_.800.800-2025-01-01T123500.638.jpeg\",\"width\":800,\"height\":533},{\"@type\":\"BreadcrumbList\",\"@id\":\"https:\\\/\\\/exaudi.org\\\/it\\\/affidiamo-il-mondo-intero-a-maria-perche-rinasca-la-speranza-e-fiorisca-la-pace\\\/#breadcrumb\",\"itemListElement\":[{\"@type\":\"ListItem\",\"position\":1,\"name\":\"Portada\",\"item\":\"https:\\\/\\\/exaudi.org\\\/it\\\/\"},{\"@type\":\"ListItem\",\"position\":2,\"name\":\"Affidiamo il mondo intero a Maria, perch\u00e9 rinasca la speranza e fiorisca la pace\"}]},{\"@type\":\"WebSite\",\"@id\":\"https:\\\/\\\/exaudi.org\\\/#website\",\"url\":\"https:\\\/\\\/exaudi.org\\\/\",\"name\":\"Exaudi\",\"description\":\"News\",\"potentialAction\":[{\"@type\":\"SearchAction\",\"target\":{\"@type\":\"EntryPoint\",\"urlTemplate\":\"https:\\\/\\\/exaudi.org\\\/?s={search_term_string}\"},\"query-input\":{\"@type\":\"PropertyValueSpecification\",\"valueRequired\":true,\"valueName\":\"search_term_string\"}}],\"inLanguage\":\"it-IT\"},{\"@type\":\"Person\",\"@id\":\"https:\\\/\\\/exaudi.org\\\/#\\\/schema\\\/person\\\/e1ab6ed07c01774724dd96f925f3a5f0\",\"name\":\"Exaudi Redazione\",\"image\":{\"@type\":\"ImageObject\",\"inLanguage\":\"it-IT\",\"@id\":\"https:\\\/\\\/secure.gravatar.com\\\/avatar\\\/ad6774b3ada023bf5b939d64f45c94b3adf91502dd883507d469b4308a943bb3?s=96&d=mm&r=g\",\"url\":\"https:\\\/\\\/secure.gravatar.com\\\/avatar\\\/ad6774b3ada023bf5b939d64f45c94b3adf91502dd883507d469b4308a943bb3?s=96&d=mm&r=g\",\"contentUrl\":\"https:\\\/\\\/secure.gravatar.com\\\/avatar\\\/ad6774b3ada023bf5b939d64f45c94b3adf91502dd883507d469b4308a943bb3?s=96&d=mm&r=g\",\"caption\":\"Exaudi Redazione\"},\"description\":\"Che cosa \u00e8 Exaudi News? Exaudi News \u00e8 un agenzia cattolica internazionale che informa, istruisce e trasforma quotidianamente in spagnolo, inglese e italiano. Attraverso notizie, articoli di analisi e trasmissioni in diretta degli eventi del Papa, Exaudi cerca di rafforzare l'unit\u00e0 dei cristiani e di contribuire all'evangelizzazione del mondo, sempre guidato dalla dottrina sociale della Chiesa. Lavoriamo per portare la verit\u00e0 e i valori cristiani in ogni angolo del pianeta. Aiutaci a trasformare il mondo con Exaudi! Noi di Exaudi crediamo che l'evangelizzazione e l'informazione di qualit\u00e0 possano cambiare la vita. Per continuare la nostra missione ed espandere la nostra portata, abbiamo bisogno del tuo aiuto. Stiamo anche cercando persone motivate che vogliano unirsi al nostro team. Grazie al vostro sostegno raggiungeremo pi\u00f9 persone, diffonderemo il messaggio di Cristo e rafforzeremo l'unit\u00e0 dei cristiani. Vuoi unirti alla nostra missione? Per maggiori informazioni su come contribuire, visita Exaudi.org\\\/it o contattaci direttamente: info@exaudi.org Exaudi: informa, forma e trasforma.\",\"sameAs\":[\"https:\\\/\\\/www.facebook.com\\\/ExaudiNotizie\\\/\",\"https:\\\/\\\/www.instagram.com\\\/Exaudi_notizie\\\/\",\"https:\\\/\\\/x.com\\\/Exaudi_Notizie\",\"https:\\\/\\\/www.youtube.com\\\/@exaudicatholicnews\"],\"url\":\"https:\\\/\\\/exaudi.org\\\/it\\\/author\\\/dlvedi-org\\\/\"}]}<\/script>\n<!-- \/ Yoast SEO plugin. -->","yoast_head_json":{"title":"Affidiamo il mondo intero a Maria, perch\u00e9 rinasca la speranza e fiorisca la pace &#8211; Exaudi","robots":{"index":"index","follow":"follow","max-snippet":"max-snippet:-1","max-image-preview":"max-image-preview:large","max-video-preview":"max-video-preview:-1"},"canonical":"https:\/\/exaudi.org\/it\/affidiamo-il-mondo-intero-a-maria-perche-rinasca-la-speranza-e-fiorisca-la-pace\/","og_locale":"it_IT","og_type":"article","og_title":"Affidiamo il mondo intero a Maria, perch\u00e9 rinasca la speranza e fiorisca la pace &#8211; Exaudi","og_description":"Omelia del Santo Padre alla LVIII Giornata per la Pace","og_url":"https:\/\/exaudi.org\/it\/affidiamo-il-mondo-intero-a-maria-perche-rinasca-la-speranza-e-fiorisca-la-pace\/","og_site_name":"Exaudi","article_publisher":"https:\/\/www.facebook.com\/ExaudiNews","article_author":"https:\/\/www.facebook.com\/ExaudiNotizie\/","article_published_time":"2025-01-01T19:11:22+00:00","og_image":[{"width":800,"height":533,"url":"https:\/\/exaudi.org\/wp-content\/uploads\/2025\/01\/cq5dam.web_.800.800-2025-01-01T123500.638.jpeg","type":"image\/jpeg"}],"author":"Exaudi Redazione","twitter_card":"summary_large_image","twitter_creator":"@Exaudi_Notizie","twitter_site":"@Exaudi_News","twitter_misc":{"Scritto da":"Exaudi Redazione","Tempo di lettura stimato":"6 minuti"},"schema":{"@context":"https:\/\/schema.org","@graph":[{"@type":"Article","@id":"https:\/\/exaudi.org\/it\/affidiamo-il-mondo-intero-a-maria-perche-rinasca-la-speranza-e-fiorisca-la-pace\/#article","isPartOf":{"@id":"https:\/\/exaudi.org\/it\/affidiamo-il-mondo-intero-a-maria-perche-rinasca-la-speranza-e-fiorisca-la-pace\/"},"author":{"name":"Exaudi Redazione","@id":"https:\/\/exaudi.org\/#\/schema\/person\/e1ab6ed07c01774724dd96f925f3a5f0"},"headline":"Affidiamo il mondo intero a Maria, perch\u00e9 rinasca la speranza e fiorisca la pace","datePublished":"2025-01-01T19:11:22+00:00","mainEntityOfPage":{"@id":"https:\/\/exaudi.org\/it\/affidiamo-il-mondo-intero-a-maria-perche-rinasca-la-speranza-e-fiorisca-la-pace\/"},"wordCount":1208,"image":{"@id":"https:\/\/exaudi.org\/it\/affidiamo-il-mondo-intero-a-maria-perche-rinasca-la-speranza-e-fiorisca-la-pace\/#primaryimage"},"thumbnailUrl":"https:\/\/exaudi.org\/wp-content\/uploads\/2025\/01\/cq5dam.web_.800.800-2025-01-01T123500.638.jpeg","keywords":["Featured","LVIII Giornata della Pace","Messa","Omelia","Solennit\u00e0 di Maria Madre di Dio"],"articleSection":["Leone XIV","Omelie"],"inLanguage":"it-IT"},{"@type":"WebPage","@id":"https:\/\/exaudi.org\/it\/affidiamo-il-mondo-intero-a-maria-perche-rinasca-la-speranza-e-fiorisca-la-pace\/","url":"https:\/\/exaudi.org\/it\/affidiamo-il-mondo-intero-a-maria-perche-rinasca-la-speranza-e-fiorisca-la-pace\/","name":"Affidiamo il mondo intero a Maria, perch\u00e9 rinasca la speranza e fiorisca la pace &#8211; Exaudi","isPartOf":{"@id":"https:\/\/exaudi.org\/#website"},"primaryImageOfPage":{"@id":"https:\/\/exaudi.org\/it\/affidiamo-il-mondo-intero-a-maria-perche-rinasca-la-speranza-e-fiorisca-la-pace\/#primaryimage"},"image":{"@id":"https:\/\/exaudi.org\/it\/affidiamo-il-mondo-intero-a-maria-perche-rinasca-la-speranza-e-fiorisca-la-pace\/#primaryimage"},"thumbnailUrl":"https:\/\/exaudi.org\/wp-content\/uploads\/2025\/01\/cq5dam.web_.800.800-2025-01-01T123500.638.jpeg","datePublished":"2025-01-01T19:11:22+00:00","author":{"@id":"https:\/\/exaudi.org\/#\/schema\/person\/e1ab6ed07c01774724dd96f925f3a5f0"},"breadcrumb":{"@id":"https:\/\/exaudi.org\/it\/affidiamo-il-mondo-intero-a-maria-perche-rinasca-la-speranza-e-fiorisca-la-pace\/#breadcrumb"},"inLanguage":"it-IT","potentialAction":[{"@type":"ReadAction","target":["https:\/\/exaudi.org\/it\/affidiamo-il-mondo-intero-a-maria-perche-rinasca-la-speranza-e-fiorisca-la-pace\/"]}]},{"@type":"ImageObject","inLanguage":"it-IT","@id":"https:\/\/exaudi.org\/it\/affidiamo-il-mondo-intero-a-maria-perche-rinasca-la-speranza-e-fiorisca-la-pace\/#primaryimage","url":"https:\/\/exaudi.org\/wp-content\/uploads\/2025\/01\/cq5dam.web_.800.800-2025-01-01T123500.638.jpeg","contentUrl":"https:\/\/exaudi.org\/wp-content\/uploads\/2025\/01\/cq5dam.web_.800.800-2025-01-01T123500.638.jpeg","width":800,"height":533},{"@type":"BreadcrumbList","@id":"https:\/\/exaudi.org\/it\/affidiamo-il-mondo-intero-a-maria-perche-rinasca-la-speranza-e-fiorisca-la-pace\/#breadcrumb","itemListElement":[{"@type":"ListItem","position":1,"name":"Portada","item":"https:\/\/exaudi.org\/it\/"},{"@type":"ListItem","position":2,"name":"Affidiamo il mondo intero a Maria, perch\u00e9 rinasca la speranza e fiorisca la pace"}]},{"@type":"WebSite","@id":"https:\/\/exaudi.org\/#website","url":"https:\/\/exaudi.org\/","name":"Exaudi","description":"News","potentialAction":[{"@type":"SearchAction","target":{"@type":"EntryPoint","urlTemplate":"https:\/\/exaudi.org\/?s={search_term_string}"},"query-input":{"@type":"PropertyValueSpecification","valueRequired":true,"valueName":"search_term_string"}}],"inLanguage":"it-IT"},{"@type":"Person","@id":"https:\/\/exaudi.org\/#\/schema\/person\/e1ab6ed07c01774724dd96f925f3a5f0","name":"Exaudi Redazione","image":{"@type":"ImageObject","inLanguage":"it-IT","@id":"https:\/\/secure.gravatar.com\/avatar\/ad6774b3ada023bf5b939d64f45c94b3adf91502dd883507d469b4308a943bb3?s=96&d=mm&r=g","url":"https:\/\/secure.gravatar.com\/avatar\/ad6774b3ada023bf5b939d64f45c94b3adf91502dd883507d469b4308a943bb3?s=96&d=mm&r=g","contentUrl":"https:\/\/secure.gravatar.com\/avatar\/ad6774b3ada023bf5b939d64f45c94b3adf91502dd883507d469b4308a943bb3?s=96&d=mm&r=g","caption":"Exaudi Redazione"},"description":"Che cosa \u00e8 Exaudi News? Exaudi News \u00e8 un agenzia cattolica internazionale che informa, istruisce e trasforma quotidianamente in spagnolo, inglese e italiano. Attraverso notizie, articoli di analisi e trasmissioni in diretta degli eventi del Papa, Exaudi cerca di rafforzare l'unit\u00e0 dei cristiani e di contribuire all'evangelizzazione del mondo, sempre guidato dalla dottrina sociale della Chiesa. Lavoriamo per portare la verit\u00e0 e i valori cristiani in ogni angolo del pianeta. Aiutaci a trasformare il mondo con Exaudi! Noi di Exaudi crediamo che l'evangelizzazione e l'informazione di qualit\u00e0 possano cambiare la vita. Per continuare la nostra missione ed espandere la nostra portata, abbiamo bisogno del tuo aiuto. Stiamo anche cercando persone motivate che vogliano unirsi al nostro team. Grazie al vostro sostegno raggiungeremo pi\u00f9 persone, diffonderemo il messaggio di Cristo e rafforzeremo l'unit\u00e0 dei cristiani. Vuoi unirti alla nostra missione? Per maggiori informazioni su come contribuire, visita Exaudi.org\/it o contattaci direttamente: info@exaudi.org Exaudi: informa, forma e trasforma.","sameAs":["https:\/\/www.facebook.com\/ExaudiNotizie\/","https:\/\/www.instagram.com\/Exaudi_notizie\/","https:\/\/x.com\/Exaudi_Notizie","https:\/\/www.youtube.com\/@exaudicatholicnews"],"url":"https:\/\/exaudi.org\/it\/author\/dlvedi-org\/"}]}},"jetpack_featured_media_url":"https:\/\/exaudi.org\/wp-content\/uploads\/2025\/01\/cq5dam.web_.800.800-2025-01-01T123500.638.jpeg","jetpack_shortlink":"https:\/\/wp.me\/pgKjF2-ucB","_links":{"self":[{"href":"https:\/\/exaudi.org\/it\/wp-json\/wp\/v2\/posts\/116101","targetHints":{"allow":["GET"]}}],"collection":[{"href":"https:\/\/exaudi.org\/it\/wp-json\/wp\/v2\/posts"}],"about":[{"href":"https:\/\/exaudi.org\/it\/wp-json\/wp\/v2\/types\/post"}],"author":[{"embeddable":true,"href":"https:\/\/exaudi.org\/it\/wp-json\/wp\/v2\/users\/17"}],"replies":[{"embeddable":true,"href":"https:\/\/exaudi.org\/it\/wp-json\/wp\/v2\/comments?post=116101"}],"version-history":[{"count":0,"href":"https:\/\/exaudi.org\/it\/wp-json\/wp\/v2\/posts\/116101\/revisions"}],"wp:featuredmedia":[{"embeddable":true,"href":"https:\/\/exaudi.org\/it\/wp-json\/wp\/v2\/media\/116037"}],"wp:attachment":[{"href":"https:\/\/exaudi.org\/it\/wp-json\/wp\/v2\/media?parent=116101"}],"wp:term":[{"taxonomy":"category","embeddable":true,"href":"https:\/\/exaudi.org\/it\/wp-json\/wp\/v2\/categories?post=116101"},{"taxonomy":"post_tag","embeddable":true,"href":"https:\/\/exaudi.org\/it\/wp-json\/wp\/v2\/tags?post=116101"}],"curies":[{"name":"wp","href":"https:\/\/api.w.org\/{rel}","templated":true}]}}