{"id":116002,"date":"2025-12-31T19:20:18","date_gmt":"2025-12-31T18:20:18","guid":{"rendered":"https:\/\/exaudi.org\/?p=116002"},"modified":"2025-12-31T19:21:12","modified_gmt":"2025-12-31T18:21:12","slug":"natale-unopportunita-per-guarire-la-nostra-umanita","status":"publish","type":"post","link":"https:\/\/exaudi.org\/it\/natale-unopportunita-per-guarire-la-nostra-umanita\/","title":{"rendered":"Natale: un&#8217;opportunit\u00e0 per guarire la nostra umanit\u00e0"},"content":{"rendered":"<p>In questa miniserie natalizia, intitolata Le <strong>3 E del Natale<\/strong>, daremo tre sguardi al Natale. Innanzitutto l&#8217;<a href=\"https:\/\/exaudi.org\/es\/encarnacion-el-misterio-de-la-navidad\/\">Incarnazione<\/a>, dove spiegheremo il contenuto religioso di questa festa. In secondo luogo, <a href=\"https:\/\/exaudi.org\/es\/encanto-el-impacto-de-la-modernidad-y-la-postmodernidad-en-la-navidad\/\">Encanto<\/a>, dove studieremo l&#8217;influenza della modernit\u00e0 e della postmodernit\u00e0 sul Natale. Infine, <a href=\"https:\/\/exaudi.org\/es\/?p=115926&amp;preview=true\">Ascolta<\/a>, dove formuleremo alcune proposte per recuperare la capacit\u00e0 contemplativa.<\/p>\n<p>Dopo aver esplorato nei capitoli precedenti il \u200b\u200bcontenuto della fede nel Natale e l&#8217;influenza della modernit\u00e0 e della postmodernit\u00e0 sulla nostra percezione di questa festivit\u00e0, questo capitolo finale affronta l&#8217;opportunit\u00e0 che il Natale, e nello specifico il presepe, rappresenta per sanare una profonda ferita antropologica: la nostra incapacit\u00e0 di contemplare.<\/p>\n<h3><strong>La crisi contemplativa della postmodernit\u00e0<\/strong><\/h3>\n<p>Viviamo in un\u2019epoca in cui l\u2019obbligo di produrre e comunicare continuamente rende difficile la pausa contemplativa. Questa crisi non \u00e8 solo religiosa, ma anche di attenzione. Il culto e la contemplazione richiedono un impegno di tempo e attenzione, qualcosa che siamo sempre meno disposti a offrire in un mondo che valorizza l\u2019efficienza e la produttivit\u00e0 sopra ogni altra cosa.<\/p>\n<p>La postmodernit\u00e0 ha reagito agli eccessi della modernit\u00e0, sacrificando realt\u00e0 preziose in nome del progresso. Tuttavia, abbiamo mantenuto l\u2019atteggiamento di dominio caratteristico della modernit\u00e0, ora focalizzato sul comfort e sul piacere immediati. L\u2019era digitale inserisce la realt\u00e0 in un torrente di informazioni e comunicazioni che frammenta tempo e attenzione, lasciando tutto grigio, freddo e vuoto.<\/p>\n<h3><strong>Betlemme come spazio di contemplazione<\/strong><\/h3>\n<p>Il Natale, e in particolare il Presepe, ci offre un&#8217;occasione unica per recuperare la nostra capacit\u00e0 contemplativa. La rappresentazione della nascita di Cristo ci invita a fermarci, ad assumere uno sguardo sereno che ci permetta di dialogare con la realt\u00e0 e vivere una vita veramente buona.<\/p>\n<p>Il presepe pu\u00f2 risvegliare in noi tre momenti fondamentali di risonanza:<\/p>\n<ol>\n<li><strong>Apertura e ascolto:<\/strong> richiede un impegno di tempo e attenzione, simile al culto. Questo atteggiamento ci permette di accogliere il messaggio di Betlemme con cuore aperto.<\/li>\n<li><strong>Connessione:<\/strong> \u00e8 il momento in cui siamo colpiti da qualcosa di inedito e diverso dal solito. Pu\u00f2 essere un momento di scandalo o di abbaglio, dove il mistero di Betlemme ci affascina e ci segna profondamente.<\/li>\n<li><strong>Comunicazione e Trasformazione:<\/strong> La connessione con Betlemme ci trasforma, cambiando la nostra percezione del mondo e di noi stessi. Ci conduce a uno stato d&#8217;animo diverso e a nuovi pensieri, permettendo al mistero del Natale di parlarci e trasformarci.<\/li>\n<\/ol>\n<p>L\u2019atteggiamento di dominanza e l\u2019accelerazione tecnologica della nostra epoca ci hanno portato alla crisi dell\u2019amore e alla diffusione delle dipendenze. Il Natale, per\u00f2, ci ricorda che siamo progettati per una vita eccentrica, aperta a tutto ci\u00f2 che ci circonda. La contemplazione di Betlemme ci invita a riscoprire l&#8217;amore, la capacit\u00e0 di ricevere e accettare, l&#8217;apertura alla trascendenza.<\/p>\n<p>Vi invito a rileggere il presepe, guardare il presepe o leggere Luca 2,1-20 con un atteggiamento completamente aperto. Lascia che il mistero del Natale ti trasmetta il suo messaggio, permettendo alla risonanza di trasformare la tua vita.<\/p>\n","protected":false},"excerpt":{"rendered":"<p>Le 3 E del Natale: Incarnazione, Fascino e Ascolto<\/p>\n","protected":false},"author":126,"featured_media":115929,"comment_status":"closed","ping_status":"closed","sticky":false,"template":"","format":"standard","meta":{"_acf_changed":false,"_crdt_document":"","inline_featured_image":false,"footnotes":""},"categories":[71],"tags":[39065,1752,14120,11370,20146,39066,32757,11722,38562,2135,39067,1209,11354,4696,14438,39068,5522,13463,4952,64787,39069],"class_list":["post-116002","post","type-post","status-publish","format-standard","has-post-thumbnail","hentry","category-analisi","tag-accelerazione-digitale","tag-amore","tag-antropologia-2","tag-apertura-2","tag-attenzione","tag-attitudine-alla-padronanza","tag-avvento-2024","tag-betlemme","tag-celebrazione-del-natale","tag-contemplazione","tag-crisi-religiosa","tag-fede","tag-gesu-cristo","tag-natale","tag-postmodernita","tag-risonanza","tag-spiritualita","tag-trasformazione","tag-trending-it","tag-trending-it-236","tag-vita-eccentrica"],"acf":[],"yoast_head":"<!-- This site is optimized with the Yoast SEO plugin v27.4 - https:\/\/yoast.com\/product\/yoast-seo-wordpress\/ -->\n<title>Natale: un&#039;opportunit\u00e0 per guarire la nostra umanit\u00e0 &#8211; Exaudi<\/title>\n<meta name=\"robots\" content=\"index, follow, max-snippet:-1, max-image-preview:large, max-video-preview:-1\" \/>\n<link rel=\"canonical\" href=\"https:\/\/exaudi.org\/it\/natale-unopportunita-per-guarire-la-nostra-umanita\/\" \/>\n<meta property=\"og:locale\" content=\"it_IT\" \/>\n<meta property=\"og:type\" content=\"article\" \/>\n<meta property=\"og:title\" content=\"Natale: un&#039;opportunit\u00e0 per guarire la nostra umanit\u00e0 &#8211; Exaudi\" \/>\n<meta property=\"og:description\" content=\"Le 3 E del Natale: Incarnazione, Fascino e Ascolto\" \/>\n<meta property=\"og:url\" content=\"https:\/\/exaudi.org\/it\/natale-unopportunita-per-guarire-la-nostra-umanita\/\" \/>\n<meta property=\"og:site_name\" content=\"Exaudi\" \/>\n<meta property=\"article:publisher\" content=\"https:\/\/www.facebook.com\/ExaudiNews\" \/>\n<meta property=\"article:published_time\" content=\"2025-12-31T18:20:18+00:00\" \/>\n<meta property=\"article:modified_time\" content=\"2025-12-31T18:21:12+00:00\" \/>\n<meta property=\"og:image\" content=\"https:\/\/exaudi.org\/wp-content\/uploads\/2024\/12\/DALL\u00b7E-2024-12-29-19.25.02-A-traditional-Nativity-scene-depicting-Mary-Joseph-and-the-baby-Jesus-in-a-manger-surrounded-by-shepherds-and-the-Three-Wise-Men.-The-setting-is-se.webp\" \/>\n\t<meta property=\"og:image:width\" content=\"1024\" \/>\n\t<meta property=\"og:image:height\" content=\"1024\" \/>\n\t<meta property=\"og:image:type\" content=\"image\/webp\" \/>\n<meta name=\"author\" content=\"Luis Herrera Campo\" \/>\n<meta name=\"twitter:card\" content=\"summary_large_image\" \/>\n<meta name=\"twitter:creator\" content=\"@Exaudi_News\" \/>\n<meta name=\"twitter:site\" content=\"@Exaudi_News\" \/>\n<meta name=\"twitter:label1\" content=\"Scritto da\" \/>\n\t<meta name=\"twitter:data1\" content=\"Luis Herrera Campo\" \/>\n\t<meta name=\"twitter:label2\" content=\"Tempo di lettura stimato\" \/>\n\t<meta name=\"twitter:data2\" content=\"2 minuti\" \/>\n<script type=\"application\/ld+json\" class=\"yoast-schema-graph\">{\"@context\":\"https:\\\/\\\/schema.org\",\"@graph\":[{\"@type\":\"Article\",\"@id\":\"https:\\\/\\\/exaudi.org\\\/it\\\/natale-unopportunita-per-guarire-la-nostra-umanita\\\/#article\",\"isPartOf\":{\"@id\":\"https:\\\/\\\/exaudi.org\\\/it\\\/natale-unopportunita-per-guarire-la-nostra-umanita\\\/\"},\"author\":{\"name\":\"Luis Herrera Campo\",\"@id\":\"https:\\\/\\\/exaudi.org\\\/#\\\/schema\\\/person\\\/8ba25804983f8e88d3d71c3808a804bc\"},\"headline\":\"Natale: un&#8217;opportunit\u00e0 per guarire la nostra umanit\u00e0\",\"datePublished\":\"2025-12-31T18:20:18+00:00\",\"dateModified\":\"2025-12-31T18:21:12+00:00\",\"mainEntityOfPage\":{\"@id\":\"https:\\\/\\\/exaudi.org\\\/it\\\/natale-unopportunita-per-guarire-la-nostra-umanita\\\/\"},\"wordCount\":497,\"image\":{\"@id\":\"https:\\\/\\\/exaudi.org\\\/it\\\/natale-unopportunita-per-guarire-la-nostra-umanita\\\/#primaryimage\"},\"thumbnailUrl\":\"https:\\\/\\\/exaudi.org\\\/wp-content\\\/uploads\\\/2024\\\/12\\\/DALL\u00b7E-2024-12-29-19.25.02-A-traditional-Nativity-scene-depicting-Mary-Joseph-and-the-baby-Jesus-in-a-manger-surrounded-by-shepherds-and-the-Three-Wise-Men.-The-setting-is-se.webp\",\"keywords\":[\"Accelerazione digitale\",\"amore\",\"ANTROPOLOGIA\",\"APERTURA\",\"ATTENZIONE\",\"attitudine alla padronanza\",\"Avvento 2024\",\"BETLEMME\",\"celebrazione del Natale\",\"contemplazione\",\"crisi religiosa\",\"fede\",\"GES\u00d9 CRISTO\",\"natale\",\"Postmodernit\u00e0\",\"risonanza\",\"spiritualit\u00e0\",\"TRASFORMAZIONE\",\"Trending\",\"Trending\",\"vita eccentrica\"],\"articleSection\":[\"Analisi\"],\"inLanguage\":\"it-IT\"},{\"@type\":\"WebPage\",\"@id\":\"https:\\\/\\\/exaudi.org\\\/it\\\/natale-unopportunita-per-guarire-la-nostra-umanita\\\/\",\"url\":\"https:\\\/\\\/exaudi.org\\\/it\\\/natale-unopportunita-per-guarire-la-nostra-umanita\\\/\",\"name\":\"Natale: un'opportunit\u00e0 per guarire la nostra umanit\u00e0 &#8211; Exaudi\",\"isPartOf\":{\"@id\":\"https:\\\/\\\/exaudi.org\\\/#website\"},\"primaryImageOfPage\":{\"@id\":\"https:\\\/\\\/exaudi.org\\\/it\\\/natale-unopportunita-per-guarire-la-nostra-umanita\\\/#primaryimage\"},\"image\":{\"@id\":\"https:\\\/\\\/exaudi.org\\\/it\\\/natale-unopportunita-per-guarire-la-nostra-umanita\\\/#primaryimage\"},\"thumbnailUrl\":\"https:\\\/\\\/exaudi.org\\\/wp-content\\\/uploads\\\/2024\\\/12\\\/DALL\u00b7E-2024-12-29-19.25.02-A-traditional-Nativity-scene-depicting-Mary-Joseph-and-the-baby-Jesus-in-a-manger-surrounded-by-shepherds-and-the-Three-Wise-Men.-The-setting-is-se.webp\",\"datePublished\":\"2025-12-31T18:20:18+00:00\",\"dateModified\":\"2025-12-31T18:21:12+00:00\",\"author\":{\"@id\":\"https:\\\/\\\/exaudi.org\\\/#\\\/schema\\\/person\\\/8ba25804983f8e88d3d71c3808a804bc\"},\"breadcrumb\":{\"@id\":\"https:\\\/\\\/exaudi.org\\\/it\\\/natale-unopportunita-per-guarire-la-nostra-umanita\\\/#breadcrumb\"},\"inLanguage\":\"it-IT\",\"potentialAction\":[{\"@type\":\"ReadAction\",\"target\":[\"https:\\\/\\\/exaudi.org\\\/it\\\/natale-unopportunita-per-guarire-la-nostra-umanita\\\/\"]}]},{\"@type\":\"ImageObject\",\"inLanguage\":\"it-IT\",\"@id\":\"https:\\\/\\\/exaudi.org\\\/it\\\/natale-unopportunita-per-guarire-la-nostra-umanita\\\/#primaryimage\",\"url\":\"https:\\\/\\\/exaudi.org\\\/wp-content\\\/uploads\\\/2024\\\/12\\\/DALL\u00b7E-2024-12-29-19.25.02-A-traditional-Nativity-scene-depicting-Mary-Joseph-and-the-baby-Jesus-in-a-manger-surrounded-by-shepherds-and-the-Three-Wise-Men.-The-setting-is-se.webp\",\"contentUrl\":\"https:\\\/\\\/exaudi.org\\\/wp-content\\\/uploads\\\/2024\\\/12\\\/DALL\u00b7E-2024-12-29-19.25.02-A-traditional-Nativity-scene-depicting-Mary-Joseph-and-the-baby-Jesus-in-a-manger-surrounded-by-shepherds-and-the-Three-Wise-Men.-The-setting-is-se.webp\",\"width\":1024,\"height\":1024},{\"@type\":\"BreadcrumbList\",\"@id\":\"https:\\\/\\\/exaudi.org\\\/it\\\/natale-unopportunita-per-guarire-la-nostra-umanita\\\/#breadcrumb\",\"itemListElement\":[{\"@type\":\"ListItem\",\"position\":1,\"name\":\"Portada\",\"item\":\"https:\\\/\\\/exaudi.org\\\/it\\\/\"},{\"@type\":\"ListItem\",\"position\":2,\"name\":\"Natale: un&#8217;opportunit\u00e0 per guarire la nostra umanit\u00e0\"}]},{\"@type\":\"WebSite\",\"@id\":\"https:\\\/\\\/exaudi.org\\\/#website\",\"url\":\"https:\\\/\\\/exaudi.org\\\/\",\"name\":\"Exaudi\",\"description\":\"News\",\"potentialAction\":[{\"@type\":\"SearchAction\",\"target\":{\"@type\":\"EntryPoint\",\"urlTemplate\":\"https:\\\/\\\/exaudi.org\\\/?s={search_term_string}\"},\"query-input\":{\"@type\":\"PropertyValueSpecification\",\"valueRequired\":true,\"valueName\":\"search_term_string\"}}],\"inLanguage\":\"it-IT\"},{\"@type\":\"Person\",\"@id\":\"https:\\\/\\\/exaudi.org\\\/#\\\/schema\\\/person\\\/8ba25804983f8e88d3d71c3808a804bc\",\"name\":\"Luis Herrera Campo\",\"image\":{\"@type\":\"ImageObject\",\"inLanguage\":\"it-IT\",\"@id\":\"https:\\\/\\\/secure.gravatar.com\\\/avatar\\\/eac7d1a3c11ac010e320a821607af7cd107b34e1bdffe2f58efdf2b0a8d1c6e5?s=96&d=mm&r=g\",\"url\":\"https:\\\/\\\/secure.gravatar.com\\\/avatar\\\/eac7d1a3c11ac010e320a821607af7cd107b34e1bdffe2f58efdf2b0a8d1c6e5?s=96&d=mm&r=g\",\"contentUrl\":\"https:\\\/\\\/secure.gravatar.com\\\/avatar\\\/eac7d1a3c11ac010e320a821607af7cd107b34e1bdffe2f58efdf2b0a8d1c6e5?s=96&d=mm&r=g\",\"caption\":\"Luis Herrera Campo\"},\"description\":\"Nac\u00ed en Burgos, donde vivo. Soy sacerdote del Opus Dei.\",\"sameAs\":[\"https:\\\/\\\/www.youtube.com\\\/@luisherreracampo\\\/featured\"],\"url\":\"https:\\\/\\\/exaudi.org\\\/it\\\/author\\\/luis-herrera-campo\\\/\"}]}<\/script>\n<!-- \/ Yoast SEO plugin. -->","yoast_head_json":{"title":"Natale: un'opportunit\u00e0 per guarire la nostra umanit\u00e0 &#8211; Exaudi","robots":{"index":"index","follow":"follow","max-snippet":"max-snippet:-1","max-image-preview":"max-image-preview:large","max-video-preview":"max-video-preview:-1"},"canonical":"https:\/\/exaudi.org\/it\/natale-unopportunita-per-guarire-la-nostra-umanita\/","og_locale":"it_IT","og_type":"article","og_title":"Natale: un'opportunit\u00e0 per guarire la nostra umanit\u00e0 &#8211; Exaudi","og_description":"Le 3 E del Natale: Incarnazione, Fascino e Ascolto","og_url":"https:\/\/exaudi.org\/it\/natale-unopportunita-per-guarire-la-nostra-umanita\/","og_site_name":"Exaudi","article_publisher":"https:\/\/www.facebook.com\/ExaudiNews","article_published_time":"2025-12-31T18:20:18+00:00","article_modified_time":"2025-12-31T18:21:12+00:00","og_image":[{"width":1024,"height":1024,"url":"https:\/\/exaudi.org\/wp-content\/uploads\/2024\/12\/DALL\u00b7E-2024-12-29-19.25.02-A-traditional-Nativity-scene-depicting-Mary-Joseph-and-the-baby-Jesus-in-a-manger-surrounded-by-shepherds-and-the-Three-Wise-Men.-The-setting-is-se.webp","type":"image\/webp"}],"author":"Luis Herrera Campo","twitter_card":"summary_large_image","twitter_creator":"@Exaudi_News","twitter_site":"@Exaudi_News","twitter_misc":{"Scritto da":"Luis Herrera Campo","Tempo di lettura stimato":"2 minuti"},"schema":{"@context":"https:\/\/schema.org","@graph":[{"@type":"Article","@id":"https:\/\/exaudi.org\/it\/natale-unopportunita-per-guarire-la-nostra-umanita\/#article","isPartOf":{"@id":"https:\/\/exaudi.org\/it\/natale-unopportunita-per-guarire-la-nostra-umanita\/"},"author":{"name":"Luis Herrera Campo","@id":"https:\/\/exaudi.org\/#\/schema\/person\/8ba25804983f8e88d3d71c3808a804bc"},"headline":"Natale: un&#8217;opportunit\u00e0 per guarire la nostra umanit\u00e0","datePublished":"2025-12-31T18:20:18+00:00","dateModified":"2025-12-31T18:21:12+00:00","mainEntityOfPage":{"@id":"https:\/\/exaudi.org\/it\/natale-unopportunita-per-guarire-la-nostra-umanita\/"},"wordCount":497,"image":{"@id":"https:\/\/exaudi.org\/it\/natale-unopportunita-per-guarire-la-nostra-umanita\/#primaryimage"},"thumbnailUrl":"https:\/\/exaudi.org\/wp-content\/uploads\/2024\/12\/DALL\u00b7E-2024-12-29-19.25.02-A-traditional-Nativity-scene-depicting-Mary-Joseph-and-the-baby-Jesus-in-a-manger-surrounded-by-shepherds-and-the-Three-Wise-Men.-The-setting-is-se.webp","keywords":["Accelerazione digitale","amore","ANTROPOLOGIA","APERTURA","ATTENZIONE","attitudine alla padronanza","Avvento 2024","BETLEMME","celebrazione del Natale","contemplazione","crisi religiosa","fede","GES\u00d9 CRISTO","natale","Postmodernit\u00e0","risonanza","spiritualit\u00e0","TRASFORMAZIONE","Trending","Trending","vita eccentrica"],"articleSection":["Analisi"],"inLanguage":"it-IT"},{"@type":"WebPage","@id":"https:\/\/exaudi.org\/it\/natale-unopportunita-per-guarire-la-nostra-umanita\/","url":"https:\/\/exaudi.org\/it\/natale-unopportunita-per-guarire-la-nostra-umanita\/","name":"Natale: un'opportunit\u00e0 per guarire la nostra umanit\u00e0 &#8211; Exaudi","isPartOf":{"@id":"https:\/\/exaudi.org\/#website"},"primaryImageOfPage":{"@id":"https:\/\/exaudi.org\/it\/natale-unopportunita-per-guarire-la-nostra-umanita\/#primaryimage"},"image":{"@id":"https:\/\/exaudi.org\/it\/natale-unopportunita-per-guarire-la-nostra-umanita\/#primaryimage"},"thumbnailUrl":"https:\/\/exaudi.org\/wp-content\/uploads\/2024\/12\/DALL\u00b7E-2024-12-29-19.25.02-A-traditional-Nativity-scene-depicting-Mary-Joseph-and-the-baby-Jesus-in-a-manger-surrounded-by-shepherds-and-the-Three-Wise-Men.-The-setting-is-se.webp","datePublished":"2025-12-31T18:20:18+00:00","dateModified":"2025-12-31T18:21:12+00:00","author":{"@id":"https:\/\/exaudi.org\/#\/schema\/person\/8ba25804983f8e88d3d71c3808a804bc"},"breadcrumb":{"@id":"https:\/\/exaudi.org\/it\/natale-unopportunita-per-guarire-la-nostra-umanita\/#breadcrumb"},"inLanguage":"it-IT","potentialAction":[{"@type":"ReadAction","target":["https:\/\/exaudi.org\/it\/natale-unopportunita-per-guarire-la-nostra-umanita\/"]}]},{"@type":"ImageObject","inLanguage":"it-IT","@id":"https:\/\/exaudi.org\/it\/natale-unopportunita-per-guarire-la-nostra-umanita\/#primaryimage","url":"https:\/\/exaudi.org\/wp-content\/uploads\/2024\/12\/DALL\u00b7E-2024-12-29-19.25.02-A-traditional-Nativity-scene-depicting-Mary-Joseph-and-the-baby-Jesus-in-a-manger-surrounded-by-shepherds-and-the-Three-Wise-Men.-The-setting-is-se.webp","contentUrl":"https:\/\/exaudi.org\/wp-content\/uploads\/2024\/12\/DALL\u00b7E-2024-12-29-19.25.02-A-traditional-Nativity-scene-depicting-Mary-Joseph-and-the-baby-Jesus-in-a-manger-surrounded-by-shepherds-and-the-Three-Wise-Men.-The-setting-is-se.webp","width":1024,"height":1024},{"@type":"BreadcrumbList","@id":"https:\/\/exaudi.org\/it\/natale-unopportunita-per-guarire-la-nostra-umanita\/#breadcrumb","itemListElement":[{"@type":"ListItem","position":1,"name":"Portada","item":"https:\/\/exaudi.org\/it\/"},{"@type":"ListItem","position":2,"name":"Natale: un&#8217;opportunit\u00e0 per guarire la nostra umanit\u00e0"}]},{"@type":"WebSite","@id":"https:\/\/exaudi.org\/#website","url":"https:\/\/exaudi.org\/","name":"Exaudi","description":"News","potentialAction":[{"@type":"SearchAction","target":{"@type":"EntryPoint","urlTemplate":"https:\/\/exaudi.org\/?s={search_term_string}"},"query-input":{"@type":"PropertyValueSpecification","valueRequired":true,"valueName":"search_term_string"}}],"inLanguage":"it-IT"},{"@type":"Person","@id":"https:\/\/exaudi.org\/#\/schema\/person\/8ba25804983f8e88d3d71c3808a804bc","name":"Luis Herrera Campo","image":{"@type":"ImageObject","inLanguage":"it-IT","@id":"https:\/\/secure.gravatar.com\/avatar\/eac7d1a3c11ac010e320a821607af7cd107b34e1bdffe2f58efdf2b0a8d1c6e5?s=96&d=mm&r=g","url":"https:\/\/secure.gravatar.com\/avatar\/eac7d1a3c11ac010e320a821607af7cd107b34e1bdffe2f58efdf2b0a8d1c6e5?s=96&d=mm&r=g","contentUrl":"https:\/\/secure.gravatar.com\/avatar\/eac7d1a3c11ac010e320a821607af7cd107b34e1bdffe2f58efdf2b0a8d1c6e5?s=96&d=mm&r=g","caption":"Luis Herrera Campo"},"description":"Nac\u00ed en Burgos, donde vivo. Soy sacerdote del Opus Dei.","sameAs":["https:\/\/www.youtube.com\/@luisherreracampo\/featured"],"url":"https:\/\/exaudi.org\/it\/author\/luis-herrera-campo\/"}]}},"jetpack_featured_media_url":"https:\/\/exaudi.org\/wp-content\/uploads\/2024\/12\/DALL\u00b7E-2024-12-29-19.25.02-A-traditional-Nativity-scene-depicting-Mary-Joseph-and-the-baby-Jesus-in-a-manger-surrounded-by-shepherds-and-the-Three-Wise-Men.-The-setting-is-se.webp","jetpack_shortlink":"https:\/\/wp.me\/pgKjF2-ub0","_links":{"self":[{"href":"https:\/\/exaudi.org\/it\/wp-json\/wp\/v2\/posts\/116002","targetHints":{"allow":["GET"]}}],"collection":[{"href":"https:\/\/exaudi.org\/it\/wp-json\/wp\/v2\/posts"}],"about":[{"href":"https:\/\/exaudi.org\/it\/wp-json\/wp\/v2\/types\/post"}],"author":[{"embeddable":true,"href":"https:\/\/exaudi.org\/it\/wp-json\/wp\/v2\/users\/126"}],"replies":[{"embeddable":true,"href":"https:\/\/exaudi.org\/it\/wp-json\/wp\/v2\/comments?post=116002"}],"version-history":[{"count":1,"href":"https:\/\/exaudi.org\/it\/wp-json\/wp\/v2\/posts\/116002\/revisions"}],"predecessor-version":[{"id":152219,"href":"https:\/\/exaudi.org\/it\/wp-json\/wp\/v2\/posts\/116002\/revisions\/152219"}],"wp:featuredmedia":[{"embeddable":true,"href":"https:\/\/exaudi.org\/it\/wp-json\/wp\/v2\/media\/115929"}],"wp:attachment":[{"href":"https:\/\/exaudi.org\/it\/wp-json\/wp\/v2\/media?parent=116002"}],"wp:term":[{"taxonomy":"category","embeddable":true,"href":"https:\/\/exaudi.org\/it\/wp-json\/wp\/v2\/categories?post=116002"},{"taxonomy":"post_tag","embeddable":true,"href":"https:\/\/exaudi.org\/it\/wp-json\/wp\/v2\/tags?post=116002"}],"curies":[{"name":"wp","href":"https:\/\/api.w.org\/{rel}","templated":true}]}}