{"id":115911,"date":"2024-12-29T18:30:46","date_gmt":"2024-12-29T17:30:46","guid":{"rendered":"https:\/\/exaudi.org\/?p=115911"},"modified":"2024-12-29T18:30:46","modified_gmt":"2024-12-29T17:30:46","slug":"esame-di-coscienza-per-lanno-giubilare-della-speranza-2025","status":"publish","type":"post","link":"https:\/\/exaudi.org\/it\/esame-di-coscienza-per-lanno-giubilare-della-speranza-2025\/","title":{"rendered":"Esame di coscienza per l&#8217;Anno giubilare della speranza 2025"},"content":{"rendered":"<p>L\u2019Anno Giubilare 2025, incentrato sulla speranza, ci invita a riflettere sul nostro rapporto con Dio, con gli altri e con il creato. Questo esame di coscienza, illuminato dalla chiamata del Sinodo a camminare insieme come Chiesa sinodale, cerca di aiutarci ad approfondire la nostra fede, la nostra comunione con gli altri e la nostra missione nel mondo.<\/p>\n<h3><strong>I. Riflessione sul mio rapporto con Dio<\/strong><\/h3>\n<p><strong>1.Spero in Dio<\/strong><\/p>\n<ul>\n<li>Ho piena fiducia nella promessa di salvezza di Dio, anche nei momenti di difficolt\u00e0?<\/li>\n<li>Cerco di rafforzare la mia fede e la mia speranza nella preghiera e nei sacramenti?<\/li>\n<li>Ho trascurato la partecipazione all&#8217;Eucaristia domenicale e i momenti di preghiera personale?<\/li>\n<\/ul>\n<p><strong>2. Ascolto della Parola<\/strong><\/p>\n<ul>\n<li>Mi sforzo di ascoltare la Parola di Dio e di metterla in pratica nella mia vita quotidiana?<\/li>\n<li>Permetto alla Parola di Dio di illuminare le mie decisioni e guidare il mio cammino?<\/li>\n<\/ul>\n<p><strong>3. Gratitudine e lode<\/strong><\/p>\n<ul>\n<li>Ringrazio Dio per le benedizioni quotidiane, riconoscendo la sua presenza nella mia vita?<\/li>\n<li>Sono stato indifferente o ingrato per i doni che ricevo?<\/li>\n<\/ul>\n<h3><strong>II. Riflessione sul mio rapporto con gli altri<\/strong><\/h3>\n<p><strong>1.Camminare insieme come comunit\u00e0<\/strong><\/p>\n<ul>\n<li>Apprezzo e partecipo attivamente alla mia parrocchia o comunit\u00e0 ecclesiale?<\/li>\n<li>Sono stato accogliente e comprensivo con coloro che hanno opinioni o esperienze diverse dalle mie?<\/li>\n<\/ul>\n<p><strong>2. Sinodali: ascolto e dialogo<\/strong><\/p>\n<ul>\n<li>Ho ascoltato attentamente e senza pregiudizio delle persone intorno a me?<\/li>\n<li>Ho promosso il dialogo e la riconciliazione nella mia famiglia, comunit\u00e0 o lavoro?<\/li>\n<\/ul>\n<p><strong>3. Amore e servizio<\/strong><\/p>\n<ul>\n<li>Ho mostrato compassione e solidariet\u00e0 con i poveri, gli emarginati e i bisognosi?<\/li>\n<li>Ho agito in modo equo, evitando ogni forma di discriminazione o esclusione?<\/li>\n<\/ul>\n<h3><strong>III. Riflessione sul mio rapporto con il creato<\/strong><\/h3>\n<p><strong>1.Custodi del creato<\/strong><\/p>\n<ul>\n<li>Sono consapevole della mia responsabilit\u00e0 di prendermi cura dell&#8217;ambiente come espressione della mia fede?<\/li>\n<li>Ho adottato abitudini che promuovono la sostenibilit\u00e0 e riducono il mio impatto ecologico?<\/li>\n<\/ul>\n<p><strong>2. Speranza per le generazioni future<\/strong><\/p>\n<ul>\n<li>Ho lavorato per lasciare un mondo migliore alle generazioni future?<\/li>\n<li>Ho promosso una cultura di cura, rispetto e speranza nel mio ambiente?<\/li>\n<\/ul>\n<h3><strong>IV. Riflessione sulla mia missione nel mondo<\/strong><\/h3>\n<p><strong>1.Testimonianza cristiana<\/strong><\/p>\n<ul>\n<li>Ho testimoniato la speranza cristiana nel mio ambiente, soprattutto in tempi di crisi?<\/li>\n<li>Mi vergogno della mia fede o la vivo con coraggio e gioia?<\/li>\n<\/ul>\n<p><strong>2. Impegno per la giustizia e la pace<\/strong><\/p>\n<ul>\n<li>Ho contribuito alla costruzione di un mondo pi\u00f9 giusto e pacifico?<\/li>\n<li>Sono stato indifferente alle ingiustizie o le ho tollerate passivamente?<\/li>\n<\/ul>\n<p><strong>3. Evangelizzazione<\/strong><\/p>\n<ul>\n<li>Condivido la speranza del Vangelo con le persone che mi circondano?<\/li>\n<li>Mi sforzo di essere strumento di unit\u00e0 nella Chiesa e nel mondo?<\/li>\n<\/ul>\n<h3><strong>Preghiera di chiusura<\/strong><\/h3>\n<p>Signore, fonte della nostra speranza, aiutami a camminare con te e con i miei fratelli e sorelle in spirito di comunione, partecipazione e missione. Perdona i miei peccati e rafforza la mia fede, affinch\u00e9 io possa essere testimone fedele del tuo amore nel mondo. Possa questo Anno Giubilare rinnovare il mio cuore e incoraggiarmi a vivere con gioia e speranza, confidando sempre nella tua misericordia. Amen.<\/p>\n<p><a href=\"https:\/\/exaudi.org\/es\/un-camino-biblico-y-sinodal-hacia-la-renovacion-de-la-fe\/\">Parte I<\/a><\/p>\n","protected":false},"excerpt":{"rendered":"<p>Ispirandosi alla tradizione cattolica e ai documenti del Sinodo della Sinodalit\u00e0 (Parte II)<\/p>\n","protected":false},"author":37,"featured_media":115826,"comment_status":"closed","ping_status":"closed","sticky":false,"template":"","format":"standard","meta":{"_acf_changed":false,"_crdt_document":"","inline_featured_image":false,"footnotes":""},"categories":[71],"tags":[1327,1752,38109,4373,10981,26535,5613,20604,1956,38816,23082,1384,1092,1209,1738,11841,12700,1889,38817,688,5623,578,14221,30487,38818,38795,10964,2118,3064,2705,483,38819,4952],"class_list":["post-115911","post","type-post","status-publish","format-standard","has-post-thumbnail","hentry","category-analisi","tag-ambiente","tag-amore","tag-anno-giubilare-2025","tag-ascolto","tag-cattolica","tag-chiesa-sinodale","tag-comunione","tag-comunita-parrocchiale","tag-dialogo-it","tag-documenti-sinodali","tag-esame-di-coscienza","tag-eucaristia","tag-evangelizzazione","tag-fede","tag-giustizia","tag-gratitudine","tag-lode","tag-missione","tag-missione-nel-mondo","tag-pace","tag-parola-di-dio","tag-preghiera","tag-rapporto-con-dio","tag-rapporto-con-gli-altri","tag-rapporto-con-il-creato","tag-ricardo-grzona-3","tag-riflessione","tag-servizio","tag-sinodalita","tag-sostenibilita","tag-speranza","tag-testimonianza-tradizione-cristiana","tag-trending-it"],"acf":[],"yoast_head":"<!-- This site is optimized with the Yoast SEO plugin v27.4 - https:\/\/yoast.com\/product\/yoast-seo-wordpress\/ -->\n<title>Esame di coscienza per l&#039;Anno giubilare della speranza 2025 &#8211; Exaudi<\/title>\n<meta name=\"robots\" content=\"index, follow, max-snippet:-1, max-image-preview:large, max-video-preview:-1\" \/>\n<link rel=\"canonical\" href=\"https:\/\/exaudi.org\/it\/esame-di-coscienza-per-lanno-giubilare-della-speranza-2025\/\" \/>\n<meta property=\"og:locale\" content=\"it_IT\" \/>\n<meta property=\"og:type\" content=\"article\" \/>\n<meta property=\"og:title\" content=\"Esame di coscienza per l&#039;Anno giubilare della speranza 2025 &#8211; Exaudi\" \/>\n<meta property=\"og:description\" content=\"Ispirandosi alla tradizione cattolica e ai documenti del Sinodo della Sinodalit\u00e0 (Parte II)\" \/>\n<meta property=\"og:url\" content=\"https:\/\/exaudi.org\/it\/esame-di-coscienza-per-lanno-giubilare-della-speranza-2025\/\" \/>\n<meta property=\"og:site_name\" content=\"Exaudi\" \/>\n<meta property=\"article:publisher\" content=\"https:\/\/www.facebook.com\/ExaudiNews\" \/>\n<meta property=\"article:published_time\" content=\"2024-12-29T17:30:46+00:00\" \/>\n<meta property=\"og:image\" content=\"https:\/\/exaudi.org\/wp-content\/uploads\/2024\/12\/cq5dam.thumbnail.cropped.750.422-15.jpeg\" \/>\n\t<meta property=\"og:image:width\" content=\"750\" \/>\n\t<meta property=\"og:image:height\" content=\"422\" \/>\n\t<meta property=\"og:image:type\" content=\"image\/jpeg\" \/>\n<meta name=\"author\" content=\"Ricardo Grzona\" \/>\n<meta name=\"twitter:card\" content=\"summary_large_image\" \/>\n<meta name=\"twitter:creator\" content=\"@Exaudi_News\" \/>\n<meta name=\"twitter:site\" content=\"@Exaudi_News\" \/>\n<meta name=\"twitter:label1\" content=\"Scritto da\" \/>\n\t<meta name=\"twitter:data1\" content=\"Ricardo Grzona\" \/>\n\t<meta name=\"twitter:label2\" content=\"Tempo di lettura stimato\" \/>\n\t<meta name=\"twitter:data2\" content=\"2 minuti\" \/>\n<script type=\"application\/ld+json\" class=\"yoast-schema-graph\">{\"@context\":\"https:\\\/\\\/schema.org\",\"@graph\":[{\"@type\":\"Article\",\"@id\":\"https:\\\/\\\/exaudi.org\\\/it\\\/esame-di-coscienza-per-lanno-giubilare-della-speranza-2025\\\/#article\",\"isPartOf\":{\"@id\":\"https:\\\/\\\/exaudi.org\\\/it\\\/esame-di-coscienza-per-lanno-giubilare-della-speranza-2025\\\/\"},\"author\":{\"name\":\"Ricardo Grzona\",\"@id\":\"https:\\\/\\\/exaudi.org\\\/#\\\/schema\\\/person\\\/cb07ea25d04efb7adcdf3b176c030963\"},\"headline\":\"Esame di coscienza per l&#8217;Anno giubilare della speranza 2025\",\"datePublished\":\"2024-12-29T17:30:46+00:00\",\"mainEntityOfPage\":{\"@id\":\"https:\\\/\\\/exaudi.org\\\/it\\\/esame-di-coscienza-per-lanno-giubilare-della-speranza-2025\\\/\"},\"wordCount\":495,\"image\":{\"@id\":\"https:\\\/\\\/exaudi.org\\\/it\\\/esame-di-coscienza-per-lanno-giubilare-della-speranza-2025\\\/#primaryimage\"},\"thumbnailUrl\":\"https:\\\/\\\/exaudi.org\\\/wp-content\\\/uploads\\\/2024\\\/12\\\/cq5dam.thumbnail.cropped.750.422-15.jpeg\",\"keywords\":[\"ambiente\",\"amore\",\"Anno Giubilare 2025\",\"ascolto\",\"CATTOLICA\",\"Chiesa sinodale\",\"comunione\",\"COMUNIT\u00c0 PARROCCHIALE\",\"di\u00e1logo\",\"Documenti sinodali\",\"esame di coscienza\",\"Eucaristia\",\"evangelizzazione\",\"fede\",\"giustizia\",\"gratitudine\",\"LODE\",\"missione\",\"Missione nel mondo\",\"pace\",\"Parola di Dio\",\"preghiera\",\"RAPPORTO CON DIO\",\"rapporto con gli altri\",\"Rapporto con il creato\",\"Ricardo Grzona\",\"RIFLESSIONE\",\"servizio\",\"sinodalit\u00e0\",\"sostenibilit\u00e0\",\"speranza\",\"testimonianza tradizione cristiana\",\"Trending\"],\"articleSection\":[\"Analisi\"],\"inLanguage\":\"it-IT\"},{\"@type\":\"WebPage\",\"@id\":\"https:\\\/\\\/exaudi.org\\\/it\\\/esame-di-coscienza-per-lanno-giubilare-della-speranza-2025\\\/\",\"url\":\"https:\\\/\\\/exaudi.org\\\/it\\\/esame-di-coscienza-per-lanno-giubilare-della-speranza-2025\\\/\",\"name\":\"Esame di coscienza per l'Anno giubilare della speranza 2025 &#8211; Exaudi\",\"isPartOf\":{\"@id\":\"https:\\\/\\\/exaudi.org\\\/#website\"},\"primaryImageOfPage\":{\"@id\":\"https:\\\/\\\/exaudi.org\\\/it\\\/esame-di-coscienza-per-lanno-giubilare-della-speranza-2025\\\/#primaryimage\"},\"image\":{\"@id\":\"https:\\\/\\\/exaudi.org\\\/it\\\/esame-di-coscienza-per-lanno-giubilare-della-speranza-2025\\\/#primaryimage\"},\"thumbnailUrl\":\"https:\\\/\\\/exaudi.org\\\/wp-content\\\/uploads\\\/2024\\\/12\\\/cq5dam.thumbnail.cropped.750.422-15.jpeg\",\"datePublished\":\"2024-12-29T17:30:46+00:00\",\"author\":{\"@id\":\"https:\\\/\\\/exaudi.org\\\/#\\\/schema\\\/person\\\/cb07ea25d04efb7adcdf3b176c030963\"},\"breadcrumb\":{\"@id\":\"https:\\\/\\\/exaudi.org\\\/it\\\/esame-di-coscienza-per-lanno-giubilare-della-speranza-2025\\\/#breadcrumb\"},\"inLanguage\":\"it-IT\",\"potentialAction\":[{\"@type\":\"ReadAction\",\"target\":[\"https:\\\/\\\/exaudi.org\\\/it\\\/esame-di-coscienza-per-lanno-giubilare-della-speranza-2025\\\/\"]}]},{\"@type\":\"ImageObject\",\"inLanguage\":\"it-IT\",\"@id\":\"https:\\\/\\\/exaudi.org\\\/it\\\/esame-di-coscienza-per-lanno-giubilare-della-speranza-2025\\\/#primaryimage\",\"url\":\"https:\\\/\\\/exaudi.org\\\/wp-content\\\/uploads\\\/2024\\\/12\\\/cq5dam.thumbnail.cropped.750.422-15.jpeg\",\"contentUrl\":\"https:\\\/\\\/exaudi.org\\\/wp-content\\\/uploads\\\/2024\\\/12\\\/cq5dam.thumbnail.cropped.750.422-15.jpeg\",\"width\":750,\"height\":422},{\"@type\":\"BreadcrumbList\",\"@id\":\"https:\\\/\\\/exaudi.org\\\/it\\\/esame-di-coscienza-per-lanno-giubilare-della-speranza-2025\\\/#breadcrumb\",\"itemListElement\":[{\"@type\":\"ListItem\",\"position\":1,\"name\":\"Portada\",\"item\":\"https:\\\/\\\/exaudi.org\\\/it\\\/\"},{\"@type\":\"ListItem\",\"position\":2,\"name\":\"Esame di coscienza per l&#8217;Anno giubilare della speranza 2025\"}]},{\"@type\":\"WebSite\",\"@id\":\"https:\\\/\\\/exaudi.org\\\/#website\",\"url\":\"https:\\\/\\\/exaudi.org\\\/\",\"name\":\"Exaudi\",\"description\":\"News\",\"potentialAction\":[{\"@type\":\"SearchAction\",\"target\":{\"@type\":\"EntryPoint\",\"urlTemplate\":\"https:\\\/\\\/exaudi.org\\\/?s={search_term_string}\"},\"query-input\":{\"@type\":\"PropertyValueSpecification\",\"valueRequired\":true,\"valueName\":\"search_term_string\"}}],\"inLanguage\":\"it-IT\"},{\"@type\":\"Person\",\"@id\":\"https:\\\/\\\/exaudi.org\\\/#\\\/schema\\\/person\\\/cb07ea25d04efb7adcdf3b176c030963\",\"name\":\"Ricardo Grzona\",\"image\":{\"@type\":\"ImageObject\",\"inLanguage\":\"it-IT\",\"@id\":\"https:\\\/\\\/secure.gravatar.com\\\/avatar\\\/91cec62a96ecac344b732b50a23b0be38c098e458df2e3dacfef9a338bf8f3d4?s=96&d=mm&r=g\",\"url\":\"https:\\\/\\\/secure.gravatar.com\\\/avatar\\\/91cec62a96ecac344b732b50a23b0be38c098e458df2e3dacfef9a338bf8f3d4?s=96&d=mm&r=g\",\"contentUrl\":\"https:\\\/\\\/secure.gravatar.com\\\/avatar\\\/91cec62a96ecac344b732b50a23b0be38c098e458df2e3dacfef9a338bf8f3d4?s=96&d=mm&r=g\",\"caption\":\"Ricardo Grzona\"},\"description\":\"Hno. Ricardo Grzona, frp (Fraternidad Ram\u00f3n Pan\u00e9). Presidente ejecutivo de la Fundaci\u00f3n Ram\u00f3n Pan\u00e9, con sede en Miami, Florida, USA. Sus estudios son en Catequ\u00e9tica en varias Universidades de las Am\u00e9ricas y Roma, especialmente en espiritualidad b\u00edblica y Lectio Divina\",\"url\":\"https:\\\/\\\/exaudi.org\\\/it\\\/author\\\/ricardogrzona\\\/\"}]}<\/script>\n<!-- \/ Yoast SEO plugin. -->","yoast_head_json":{"title":"Esame di coscienza per l'Anno giubilare della speranza 2025 &#8211; Exaudi","robots":{"index":"index","follow":"follow","max-snippet":"max-snippet:-1","max-image-preview":"max-image-preview:large","max-video-preview":"max-video-preview:-1"},"canonical":"https:\/\/exaudi.org\/it\/esame-di-coscienza-per-lanno-giubilare-della-speranza-2025\/","og_locale":"it_IT","og_type":"article","og_title":"Esame di coscienza per l'Anno giubilare della speranza 2025 &#8211; Exaudi","og_description":"Ispirandosi alla tradizione cattolica e ai documenti del Sinodo della Sinodalit\u00e0 (Parte II)","og_url":"https:\/\/exaudi.org\/it\/esame-di-coscienza-per-lanno-giubilare-della-speranza-2025\/","og_site_name":"Exaudi","article_publisher":"https:\/\/www.facebook.com\/ExaudiNews","article_published_time":"2024-12-29T17:30:46+00:00","og_image":[{"width":750,"height":422,"url":"https:\/\/exaudi.org\/wp-content\/uploads\/2024\/12\/cq5dam.thumbnail.cropped.750.422-15.jpeg","type":"image\/jpeg"}],"author":"Ricardo Grzona","twitter_card":"summary_large_image","twitter_creator":"@Exaudi_News","twitter_site":"@Exaudi_News","twitter_misc":{"Scritto da":"Ricardo Grzona","Tempo di lettura stimato":"2 minuti"},"schema":{"@context":"https:\/\/schema.org","@graph":[{"@type":"Article","@id":"https:\/\/exaudi.org\/it\/esame-di-coscienza-per-lanno-giubilare-della-speranza-2025\/#article","isPartOf":{"@id":"https:\/\/exaudi.org\/it\/esame-di-coscienza-per-lanno-giubilare-della-speranza-2025\/"},"author":{"name":"Ricardo Grzona","@id":"https:\/\/exaudi.org\/#\/schema\/person\/cb07ea25d04efb7adcdf3b176c030963"},"headline":"Esame di coscienza per l&#8217;Anno giubilare della speranza 2025","datePublished":"2024-12-29T17:30:46+00:00","mainEntityOfPage":{"@id":"https:\/\/exaudi.org\/it\/esame-di-coscienza-per-lanno-giubilare-della-speranza-2025\/"},"wordCount":495,"image":{"@id":"https:\/\/exaudi.org\/it\/esame-di-coscienza-per-lanno-giubilare-della-speranza-2025\/#primaryimage"},"thumbnailUrl":"https:\/\/exaudi.org\/wp-content\/uploads\/2024\/12\/cq5dam.thumbnail.cropped.750.422-15.jpeg","keywords":["ambiente","amore","Anno Giubilare 2025","ascolto","CATTOLICA","Chiesa sinodale","comunione","COMUNIT\u00c0 PARROCCHIALE","di\u00e1logo","Documenti sinodali","esame di coscienza","Eucaristia","evangelizzazione","fede","giustizia","gratitudine","LODE","missione","Missione nel mondo","pace","Parola di Dio","preghiera","RAPPORTO CON DIO","rapporto con gli altri","Rapporto con il creato","Ricardo Grzona","RIFLESSIONE","servizio","sinodalit\u00e0","sostenibilit\u00e0","speranza","testimonianza tradizione cristiana","Trending"],"articleSection":["Analisi"],"inLanguage":"it-IT"},{"@type":"WebPage","@id":"https:\/\/exaudi.org\/it\/esame-di-coscienza-per-lanno-giubilare-della-speranza-2025\/","url":"https:\/\/exaudi.org\/it\/esame-di-coscienza-per-lanno-giubilare-della-speranza-2025\/","name":"Esame di coscienza per l'Anno giubilare della speranza 2025 &#8211; Exaudi","isPartOf":{"@id":"https:\/\/exaudi.org\/#website"},"primaryImageOfPage":{"@id":"https:\/\/exaudi.org\/it\/esame-di-coscienza-per-lanno-giubilare-della-speranza-2025\/#primaryimage"},"image":{"@id":"https:\/\/exaudi.org\/it\/esame-di-coscienza-per-lanno-giubilare-della-speranza-2025\/#primaryimage"},"thumbnailUrl":"https:\/\/exaudi.org\/wp-content\/uploads\/2024\/12\/cq5dam.thumbnail.cropped.750.422-15.jpeg","datePublished":"2024-12-29T17:30:46+00:00","author":{"@id":"https:\/\/exaudi.org\/#\/schema\/person\/cb07ea25d04efb7adcdf3b176c030963"},"breadcrumb":{"@id":"https:\/\/exaudi.org\/it\/esame-di-coscienza-per-lanno-giubilare-della-speranza-2025\/#breadcrumb"},"inLanguage":"it-IT","potentialAction":[{"@type":"ReadAction","target":["https:\/\/exaudi.org\/it\/esame-di-coscienza-per-lanno-giubilare-della-speranza-2025\/"]}]},{"@type":"ImageObject","inLanguage":"it-IT","@id":"https:\/\/exaudi.org\/it\/esame-di-coscienza-per-lanno-giubilare-della-speranza-2025\/#primaryimage","url":"https:\/\/exaudi.org\/wp-content\/uploads\/2024\/12\/cq5dam.thumbnail.cropped.750.422-15.jpeg","contentUrl":"https:\/\/exaudi.org\/wp-content\/uploads\/2024\/12\/cq5dam.thumbnail.cropped.750.422-15.jpeg","width":750,"height":422},{"@type":"BreadcrumbList","@id":"https:\/\/exaudi.org\/it\/esame-di-coscienza-per-lanno-giubilare-della-speranza-2025\/#breadcrumb","itemListElement":[{"@type":"ListItem","position":1,"name":"Portada","item":"https:\/\/exaudi.org\/it\/"},{"@type":"ListItem","position":2,"name":"Esame di coscienza per l&#8217;Anno giubilare della speranza 2025"}]},{"@type":"WebSite","@id":"https:\/\/exaudi.org\/#website","url":"https:\/\/exaudi.org\/","name":"Exaudi","description":"News","potentialAction":[{"@type":"SearchAction","target":{"@type":"EntryPoint","urlTemplate":"https:\/\/exaudi.org\/?s={search_term_string}"},"query-input":{"@type":"PropertyValueSpecification","valueRequired":true,"valueName":"search_term_string"}}],"inLanguage":"it-IT"},{"@type":"Person","@id":"https:\/\/exaudi.org\/#\/schema\/person\/cb07ea25d04efb7adcdf3b176c030963","name":"Ricardo Grzona","image":{"@type":"ImageObject","inLanguage":"it-IT","@id":"https:\/\/secure.gravatar.com\/avatar\/91cec62a96ecac344b732b50a23b0be38c098e458df2e3dacfef9a338bf8f3d4?s=96&d=mm&r=g","url":"https:\/\/secure.gravatar.com\/avatar\/91cec62a96ecac344b732b50a23b0be38c098e458df2e3dacfef9a338bf8f3d4?s=96&d=mm&r=g","contentUrl":"https:\/\/secure.gravatar.com\/avatar\/91cec62a96ecac344b732b50a23b0be38c098e458df2e3dacfef9a338bf8f3d4?s=96&d=mm&r=g","caption":"Ricardo Grzona"},"description":"Hno. Ricardo Grzona, frp (Fraternidad Ram\u00f3n Pan\u00e9). Presidente ejecutivo de la Fundaci\u00f3n Ram\u00f3n Pan\u00e9, con sede en Miami, Florida, USA. Sus estudios son en Catequ\u00e9tica en varias Universidades de las Am\u00e9ricas y Roma, especialmente en espiritualidad b\u00edblica y Lectio Divina","url":"https:\/\/exaudi.org\/it\/author\/ricardogrzona\/"}]}},"jetpack_featured_media_url":"https:\/\/exaudi.org\/wp-content\/uploads\/2024\/12\/cq5dam.thumbnail.cropped.750.422-15.jpeg","jetpack_shortlink":"https:\/\/wp.me\/pgKjF2-u9x","_links":{"self":[{"href":"https:\/\/exaudi.org\/it\/wp-json\/wp\/v2\/posts\/115911","targetHints":{"allow":["GET"]}}],"collection":[{"href":"https:\/\/exaudi.org\/it\/wp-json\/wp\/v2\/posts"}],"about":[{"href":"https:\/\/exaudi.org\/it\/wp-json\/wp\/v2\/types\/post"}],"author":[{"embeddable":true,"href":"https:\/\/exaudi.org\/it\/wp-json\/wp\/v2\/users\/37"}],"replies":[{"embeddable":true,"href":"https:\/\/exaudi.org\/it\/wp-json\/wp\/v2\/comments?post=115911"}],"version-history":[{"count":0,"href":"https:\/\/exaudi.org\/it\/wp-json\/wp\/v2\/posts\/115911\/revisions"}],"wp:featuredmedia":[{"embeddable":true,"href":"https:\/\/exaudi.org\/it\/wp-json\/wp\/v2\/media\/115826"}],"wp:attachment":[{"href":"https:\/\/exaudi.org\/it\/wp-json\/wp\/v2\/media?parent=115911"}],"wp:term":[{"taxonomy":"category","embeddable":true,"href":"https:\/\/exaudi.org\/it\/wp-json\/wp\/v2\/categories?post=115911"},{"taxonomy":"post_tag","embeddable":true,"href":"https:\/\/exaudi.org\/it\/wp-json\/wp\/v2\/tags?post=115911"}],"curies":[{"name":"wp","href":"https:\/\/api.w.org\/{rel}","templated":true}]}}