{"id":115870,"date":"2024-12-28T18:50:34","date_gmt":"2024-12-28T17:50:34","guid":{"rendered":"https:\/\/exaudi.org\/?p=115870"},"modified":"2024-12-28T18:50:34","modified_gmt":"2024-12-28T17:50:34","slug":"un-cammino-biblico-e-sinodale-verso-il-rinnovamento-della-fede","status":"publish","type":"post","link":"https:\/\/exaudi.org\/it\/un-cammino-biblico-e-sinodale-verso-il-rinnovamento-della-fede\/","title":{"rendered":"Un cammino biblico e sinodale verso il rinnovamento della fede"},"content":{"rendered":"<p>In un evento emozionante, alla vigilia di Natale, Papa Francesco ha aperto la Porta Santa, dando cos\u00ec la grande apertura del Giubileo della Speranza, un evento che evoca sia la tradizione biblica sia il presente della Chiesa nel contesto del Sinodo della Sinodalit\u00e0. Questo articolo cerca di esplorare il significato del Giubileo nelle Scritture e come questa ricca tradizione si collega con la dinamica sinodale della Chiesa oggi, offrendo una guida spirituale e pastorale per riscoprire la speranza come motore della vita cristiana.<\/p>\n<h3><strong>Il Giubileo nella Bibbia: libert\u00e0 e restaurazione<\/strong><\/h3>\n<p>Nella Bibbia il concetto di Anno del Giubileo o Anno della Gioia \u00e8 espressamente menzionato in tre passaggi principali dell&#8217;Antico Testamento. Questi sono:<\/p>\n<p><strong>\u00a0 \u00a0 \u00a0 1. Numeri 36:4<\/strong><\/p>\n<ul>\n<li>Qui viene descritto nel dettaglio come dovrebbe essere celebrato l&#8217;Anno Giubilare: ogni 50 anni, con la proclamazione della libert\u00e0, la restituzione dei beni e il riposo delle terre. \u00c8 il passaggio centrale di questa pratica.<\/li>\n<\/ul>\n<p><strong>\u00a0 \u00a0 \u00a0 2. Levitico 27:16-24<\/strong><\/p>\n<ul>\n<li>Questo testo regolava il modo in cui le terre dedicate al Signore durante l&#8217;anno giubilare potevano essere riscattate o restituite ai proprietari originari, riflettendo l&#8217;importanza dell&#8217;equit\u00e0 e della giustizia.<\/li>\n<\/ul>\n<p><strong>\u00a0 \u00a0 \u00a0 3. Numeri 36:4<\/strong><\/p>\n<ul>\n<li>Il Giubileo \u00e8 menzionato come il momento in cui le propriet\u00e0 ereditate vengono ridistribuite, garantendo che le terre rimangano nelle famiglie e trib\u00f9 originarie.<\/li>\n<\/ul>\n<h3><strong>Riferimenti simbolici o indiretti<\/strong><\/h3>\n<p>All\u2019Anno Giubilare \u00e8 legato anche il concetto di \u201canno di grazia\u201d o di liberazione, di cui si parla simbolicamente in altri testi, come:<\/p>\n<ul>\n<li>Isaia 61,1-2: \u00abProclamate l&#8217;anno di grazia del Signore\u00bb. Questo brano, pur non menzionando direttamente il Giubileo, ne riflette i temi della libert\u00e0 e della restaurazione.<\/li>\n<li>Luca 4,16-21: Ges\u00f9 cita Isaia 61 e si presenta come il compimento dell&#8217;\u00abanno di grazia\u00bb, collegando il concetto di Giubileo con la sua missione salvifica.<\/li>\n<\/ul>\n<p>Anche se i passaggi pi\u00f9 specifici si trovano nella Legge mosaica, il tema del Giubileo permea tutta la Scrittura come espressione dell&#8217;amore, della giustizia e della misericordia di Dio.<\/p>\n<p>Come abbiamo detto prima, il concetto di giubileo ha radici profonde nella Bibbia. Nel libro del Levitico (25,8-55), l&#8217;anno giubilare \u00e8 stabilito come un tempo di libert\u00e0 e di restaurazione, segnato dalla remissione dei debiti, dalla liberazione degli schiavi e dalla restituzione delle terre ai proprietari originari. Quest&#8217;anno santo, celebrato ogni cinquant&#8217;anni, non \u00e8 stato solo un mandato religioso, ma anche uno strumento sociale per ristabilire la giustizia e l&#8217;equit\u00e0 nella comunit\u00e0 di Israele.<\/p>\n<p>Ges\u00f9 riprende questa tradizione nel suo ministero pubblico. Nel Vangelo di Luca (4,16-21), leggendo il rotolo del profeta Isaia, Ges\u00f9 proclama: \u00abLo Spirito del Signore \u00e8 su di me, perch\u00e9 mi ha unto per annunziare ai poveri un lieto messaggio, per annunciare liberazione\u00bb. ai prigionieri, recupero della vista ai ciechi, per liberare gli oppressi, per proclamare l&#8217;anno di grazia del Signore\u00bb. Questo \u201canno di grazia\u201d rappresenta non solo un evento liturgico, ma un invito permanente alla trasformazione spirituale e sociale che Cristo porta nel mondo.<\/p>\n<h3><strong>Il Giubileo della speranza nel quadro del Sinodo della sinodalit\u00e0<\/strong><\/h3>\n<p>La celebrazione del Giubileo della Speranza nel 2025 assume un significato speciale nel contesto del Sinodo della Sinodalit\u00e0, un processo che cerca di rinnovare la comunione, la partecipazione e la missione nella Chiesa. Papa Francesco ha insistito sul fatto che questo Sinodo non \u00e8 un semplice evento, ma un cammino di discernimento e di ascolto reciproco ispirato dallo Spirito Santo.<\/p>\n<p>Il nesso tra giubileo e sinodalit\u00e0 risiede nella loro essenza comune: entrambi sono chiamate al rinnovamento. Proprio come il giubileo biblico ci invita a liberare, riconciliare e restaurare, il processo sinodale cerca di sanare le divisioni, aprire nuovi spazi per il dialogo e riorientare la missione della Chiesa verso una pi\u00f9 piena comunione con Dio e tra i fedeli.<\/p>\n<p>La speranza diventa l\u2019asse centrale che unisce entrambe le realt\u00e0. In un mondo segnato dall\u2019incertezza, dall\u2019individualismo e dalle crisi globali, il Giubileo della speranza ci ricorda che la fede cristiana \u00e8 profondamente escatologica: camminiamo insieme verso il Regno di Dio, dove la giustizia, la pace e la gioia saranno complete.<\/p>\n<h3><strong>Un itinerario spirituale e pastorale<\/strong><\/h3>\n<p>Il Giubileo della speranza invita tutti i fedeli a sperimentare un&#8217;autentica conversione del cuore. Ispirandoci alle Scritture e guidati dall\u2019insegnamento di Papa Francesco, possiamo individuare tre aspetti fondamentali per questo tempo di grazia:<\/p>\n<ol>\n<li><strong>Ascolto e discernimento comunitario:<\/strong> nello spirito del Sinodo, siamo chiamati a essere una Chiesa che ascolta, soprattutto i pi\u00f9 vulnerabili. Ci\u00f2 richiede spazi aperti al dialogo e alla preghiera condivisa, dove il discernimento comunitario sia il metodo principale per prendere decisioni.<\/li>\n<li><strong>Restaurazione e giustizia sociale:<\/strong> seguendo l&#8217;esempio del giubileo biblico, questo Anno Santo ci sfida a lavorare per la giustizia sociale, la riconciliazione e la solidariet\u00e0. Ci\u00f2 include azioni concrete a favore degli emarginati, come la remissione del debito o progetti di sviluppo sostenibile.<\/li>\n<li><strong>Rinnovamento della speranza nella vita cristiana:<\/strong> la speranza cristiana non \u00e8 un&#8217;attesa passiva, ma una forza trasformatrice che ci spinge a costruire un mondo pi\u00f9 umano e pi\u00f9 santo. Il Giubileo ci chiama ad annunciare il Vangelo con gioia, anche in mezzo alle difficolt\u00e0.<\/li>\n<\/ol>\n<h3><strong>Conclusione<\/strong><\/h3>\n<p>Il Giubileo della speranza, celebrato nel contesto del Sinodo della Sinodalit\u00e0, non \u00e8 solo un evento commemorativo, ma un&#8217;opportunit\u00e0 per la Chiesa di approfondire la propria identit\u00e0 e missione. Guardando alle radici bibliche del Giubileo e abbracciando la dinamica sinodale, siamo chiamati a rinnovare il nostro impegno per essere una Chiesa in uscita, segnata dalla speranza, dalla comunione e dalla conversione.<\/p>\n<p>Nelle parole di Papa Francesco: \u00abLa speranza non delude, perch\u00e9 l\u2019amore di Dio \u00e8 stato riversato nei nostri cuori\u00bb (Rm 5,5). Possa questo Giubileo essere un vero anno di grazia, un tempo di libert\u00e0 e di riconciliazione, e una celebrazione della speranza che non muore mai.<\/p>\n<p>Non posso concludere questo articolo senza proporre un esame di coscienza per poter analizzare noi stessi sotto la guida del Signore e poter cos\u00ec accedere al sacramento della riconciliazione ottenendo le indulgenze.<\/p>\n","protected":false},"excerpt":{"rendered":"<p>Un cammino biblico e sinodale verso il rinnovamento della fede<\/p>\n","protected":false},"author":37,"featured_media":115821,"comment_status":"closed","ping_status":"closed","sticky":false,"template":"","format":"standard","meta":{"_acf_changed":false,"_crdt_document":"","inline_featured_image":false,"footnotes":""},"categories":[71],"tags":[38784,38783,30759,4512,5613,430,38785,1092,35976,15072,4697,30494,38786,38787,38788,38789,38790,38791,251,38792,14756,38793,38794,38795,30809,15932,1107,38796,14752,38797,4952,38798],"class_list":["post-115870","post","type-post","status-publish","format-standard","has-post-thumbnail","hentry","category-analisi","tag-anno-del-giubileo-della-speranza","tag-anno-di-grazia","tag-anno-santo","tag-chiesa-cattolica","tag-comunione","tag-conversione","tag-discernimento-comunitario","tag-evangelizzazione","tag-giubileo-della-speranza","tag-giustizia-sociale","tag-indulgenze","tag-insegnamento-del-papa","tag-isaia-611-2","tag-levitico-258-17-2","tag-levitico-2716-24-2","tag-liberazione-dei-debiti","tag-luca-416-21","tag-numeri-364","tag-papa-francesco","tag-porta-santo","tag-regno-di-dio","tag-restaurazione","tag-restituzione-dei-beni","tag-ricardo-grzona-3","tag-rinnovamento-spirituale","tag-sacramento-della-riconciliazione","tag-sinodo","tag-sinodo-della-sinodalita","tag-speranza-cristiana","tag-tradizione-biblica","tag-trending-it","tag-un-cammino-biblico-e-sinodale-verso-il-rinnovamento-della-fede"],"acf":[],"yoast_head":"<!-- This site is optimized with the Yoast SEO plugin v27.5 - https:\/\/yoast.com\/product\/yoast-seo-wordpress\/ -->\n<title>Un cammino biblico e sinodale verso il rinnovamento della fede &#8211; Exaudi<\/title>\n<meta name=\"robots\" content=\"index, follow, max-snippet:-1, max-image-preview:large, max-video-preview:-1\" \/>\n<link rel=\"canonical\" href=\"https:\/\/exaudi.org\/it\/un-cammino-biblico-e-sinodale-verso-il-rinnovamento-della-fede\/\" \/>\n<meta property=\"og:locale\" content=\"it_IT\" \/>\n<meta property=\"og:type\" content=\"article\" \/>\n<meta property=\"og:title\" content=\"Un cammino biblico e sinodale verso il rinnovamento della fede &#8211; Exaudi\" \/>\n<meta property=\"og:description\" content=\"Un cammino biblico e sinodale verso il rinnovamento della fede\" \/>\n<meta property=\"og:url\" content=\"https:\/\/exaudi.org\/it\/un-cammino-biblico-e-sinodale-verso-il-rinnovamento-della-fede\/\" \/>\n<meta property=\"og:site_name\" content=\"Exaudi\" \/>\n<meta property=\"article:publisher\" content=\"https:\/\/www.facebook.com\/ExaudiNews\" \/>\n<meta property=\"article:published_time\" content=\"2024-12-28T17:50:34+00:00\" \/>\n<meta property=\"og:image\" content=\"https:\/\/exaudi.org\/wp-content\/uploads\/2024\/12\/cq5dam.thumbnail.cropped.1500.844-4.jpeg\" \/>\n\t<meta property=\"og:image:width\" content=\"1500\" \/>\n\t<meta property=\"og:image:height\" content=\"843\" \/>\n\t<meta property=\"og:image:type\" content=\"image\/jpeg\" \/>\n<meta name=\"author\" content=\"Ricardo Grzona\" \/>\n<meta name=\"twitter:card\" content=\"summary_large_image\" \/>\n<meta name=\"twitter:creator\" content=\"@Exaudi_News\" \/>\n<meta name=\"twitter:site\" content=\"@Exaudi_News\" \/>\n<meta name=\"twitter:label1\" content=\"Scritto da\" \/>\n\t<meta name=\"twitter:data1\" content=\"Ricardo Grzona\" \/>\n\t<meta name=\"twitter:label2\" content=\"Tempo di lettura stimato\" \/>\n\t<meta name=\"twitter:data2\" content=\"5 minuti\" \/>\n<script type=\"application\/ld+json\" class=\"yoast-schema-graph\">{\"@context\":\"https:\\\/\\\/schema.org\",\"@graph\":[{\"@type\":\"Article\",\"@id\":\"https:\\\/\\\/exaudi.org\\\/it\\\/un-cammino-biblico-e-sinodale-verso-il-rinnovamento-della-fede\\\/#article\",\"isPartOf\":{\"@id\":\"https:\\\/\\\/exaudi.org\\\/it\\\/un-cammino-biblico-e-sinodale-verso-il-rinnovamento-della-fede\\\/\"},\"author\":{\"name\":\"Ricardo Grzona\",\"@id\":\"https:\\\/\\\/exaudi.org\\\/#\\\/schema\\\/person\\\/cb07ea25d04efb7adcdf3b176c030963\"},\"headline\":\"Un cammino biblico e sinodale verso il rinnovamento della fede\",\"datePublished\":\"2024-12-28T17:50:34+00:00\",\"mainEntityOfPage\":{\"@id\":\"https:\\\/\\\/exaudi.org\\\/it\\\/un-cammino-biblico-e-sinodale-verso-il-rinnovamento-della-fede\\\/\"},\"wordCount\":972,\"image\":{\"@id\":\"https:\\\/\\\/exaudi.org\\\/it\\\/un-cammino-biblico-e-sinodale-verso-il-rinnovamento-della-fede\\\/#primaryimage\"},\"thumbnailUrl\":\"https:\\\/\\\/exaudi.org\\\/wp-content\\\/uploads\\\/2024\\\/12\\\/cq5dam.thumbnail.cropped.1500.844-4.jpeg\",\"keywords\":[\"Anno del Giubileo della speranza\",\"anno di grazia\",\"Anno Santo\",\"Chiesa cattolica\",\"comunione\",\"conversione\",\"discernimento comunitario\",\"evangelizzazione\",\"Giubileo della speranza\",\"GIUSTIZIA SOCIALE\",\"indulgenze\",\"insegnamento del Papa\",\"Isaia 61:1-2\",\"Levitico 25:8 - 17\",\"Levitico 27:16-24\",\"liberazione dei debiti\",\"Luca 4:16-21\",\"Numeri 36:4\",\"Papa Francesco\",\"Porta Santo\",\"REGNO DI DIO\",\"Restaurazione\",\"restituzione dei beni\",\"Ricardo Grzona\",\"rinnovamento spirituale\",\"SACRAMENTO DELLA RICONCILIAZIONE\",\"Sinodo\",\"Sinodo della sinodalit\u00e0\",\"SPERANZA CRISTIANA\",\"tradizione biblica\",\"Trending\",\"Un cammino biblico e sinodale verso il rinnovamento della fede\"],\"articleSection\":[\"Analisi\"],\"inLanguage\":\"it-IT\"},{\"@type\":\"WebPage\",\"@id\":\"https:\\\/\\\/exaudi.org\\\/it\\\/un-cammino-biblico-e-sinodale-verso-il-rinnovamento-della-fede\\\/\",\"url\":\"https:\\\/\\\/exaudi.org\\\/it\\\/un-cammino-biblico-e-sinodale-verso-il-rinnovamento-della-fede\\\/\",\"name\":\"Un cammino biblico e sinodale verso il rinnovamento della fede &#8211; Exaudi\",\"isPartOf\":{\"@id\":\"https:\\\/\\\/exaudi.org\\\/#website\"},\"primaryImageOfPage\":{\"@id\":\"https:\\\/\\\/exaudi.org\\\/it\\\/un-cammino-biblico-e-sinodale-verso-il-rinnovamento-della-fede\\\/#primaryimage\"},\"image\":{\"@id\":\"https:\\\/\\\/exaudi.org\\\/it\\\/un-cammino-biblico-e-sinodale-verso-il-rinnovamento-della-fede\\\/#primaryimage\"},\"thumbnailUrl\":\"https:\\\/\\\/exaudi.org\\\/wp-content\\\/uploads\\\/2024\\\/12\\\/cq5dam.thumbnail.cropped.1500.844-4.jpeg\",\"datePublished\":\"2024-12-28T17:50:34+00:00\",\"author\":{\"@id\":\"https:\\\/\\\/exaudi.org\\\/#\\\/schema\\\/person\\\/cb07ea25d04efb7adcdf3b176c030963\"},\"breadcrumb\":{\"@id\":\"https:\\\/\\\/exaudi.org\\\/it\\\/un-cammino-biblico-e-sinodale-verso-il-rinnovamento-della-fede\\\/#breadcrumb\"},\"inLanguage\":\"it-IT\",\"potentialAction\":[{\"@type\":\"ReadAction\",\"target\":[\"https:\\\/\\\/exaudi.org\\\/it\\\/un-cammino-biblico-e-sinodale-verso-il-rinnovamento-della-fede\\\/\"]}]},{\"@type\":\"ImageObject\",\"inLanguage\":\"it-IT\",\"@id\":\"https:\\\/\\\/exaudi.org\\\/it\\\/un-cammino-biblico-e-sinodale-verso-il-rinnovamento-della-fede\\\/#primaryimage\",\"url\":\"https:\\\/\\\/exaudi.org\\\/wp-content\\\/uploads\\\/2024\\\/12\\\/cq5dam.thumbnail.cropped.1500.844-4.jpeg\",\"contentUrl\":\"https:\\\/\\\/exaudi.org\\\/wp-content\\\/uploads\\\/2024\\\/12\\\/cq5dam.thumbnail.cropped.1500.844-4.jpeg\",\"width\":1500,\"height\":843},{\"@type\":\"BreadcrumbList\",\"@id\":\"https:\\\/\\\/exaudi.org\\\/it\\\/un-cammino-biblico-e-sinodale-verso-il-rinnovamento-della-fede\\\/#breadcrumb\",\"itemListElement\":[{\"@type\":\"ListItem\",\"position\":1,\"name\":\"Portada\",\"item\":\"https:\\\/\\\/exaudi.org\\\/it\\\/\"},{\"@type\":\"ListItem\",\"position\":2,\"name\":\"Un cammino biblico e sinodale verso il rinnovamento della fede\"}]},{\"@type\":\"WebSite\",\"@id\":\"https:\\\/\\\/exaudi.org\\\/#website\",\"url\":\"https:\\\/\\\/exaudi.org\\\/\",\"name\":\"Exaudi\",\"description\":\"News\",\"potentialAction\":[{\"@type\":\"SearchAction\",\"target\":{\"@type\":\"EntryPoint\",\"urlTemplate\":\"https:\\\/\\\/exaudi.org\\\/?s={search_term_string}\"},\"query-input\":{\"@type\":\"PropertyValueSpecification\",\"valueRequired\":true,\"valueName\":\"search_term_string\"}}],\"inLanguage\":\"it-IT\"},{\"@type\":\"Person\",\"@id\":\"https:\\\/\\\/exaudi.org\\\/#\\\/schema\\\/person\\\/cb07ea25d04efb7adcdf3b176c030963\",\"name\":\"Ricardo Grzona\",\"image\":{\"@type\":\"ImageObject\",\"inLanguage\":\"it-IT\",\"@id\":\"https:\\\/\\\/secure.gravatar.com\\\/avatar\\\/91cec62a96ecac344b732b50a23b0be38c098e458df2e3dacfef9a338bf8f3d4?s=96&d=mm&r=g\",\"url\":\"https:\\\/\\\/secure.gravatar.com\\\/avatar\\\/91cec62a96ecac344b732b50a23b0be38c098e458df2e3dacfef9a338bf8f3d4?s=96&d=mm&r=g\",\"contentUrl\":\"https:\\\/\\\/secure.gravatar.com\\\/avatar\\\/91cec62a96ecac344b732b50a23b0be38c098e458df2e3dacfef9a338bf8f3d4?s=96&d=mm&r=g\",\"caption\":\"Ricardo Grzona\"},\"description\":\"Hno. Ricardo Grzona, frp (Fraternidad Ram\u00f3n Pan\u00e9). Presidente ejecutivo de la Fundaci\u00f3n Ram\u00f3n Pan\u00e9, con sede en Miami, Florida, USA. Sus estudios son en Catequ\u00e9tica en varias Universidades de las Am\u00e9ricas y Roma, especialmente en espiritualidad b\u00edblica y Lectio Divina\",\"url\":\"https:\\\/\\\/exaudi.org\\\/it\\\/author\\\/ricardogrzona\\\/\"}]}<\/script>\n<!-- \/ Yoast SEO plugin. -->","yoast_head_json":{"title":"Un cammino biblico e sinodale verso il rinnovamento della fede &#8211; Exaudi","robots":{"index":"index","follow":"follow","max-snippet":"max-snippet:-1","max-image-preview":"max-image-preview:large","max-video-preview":"max-video-preview:-1"},"canonical":"https:\/\/exaudi.org\/it\/un-cammino-biblico-e-sinodale-verso-il-rinnovamento-della-fede\/","og_locale":"it_IT","og_type":"article","og_title":"Un cammino biblico e sinodale verso il rinnovamento della fede &#8211; Exaudi","og_description":"Un cammino biblico e sinodale verso il rinnovamento della fede","og_url":"https:\/\/exaudi.org\/it\/un-cammino-biblico-e-sinodale-verso-il-rinnovamento-della-fede\/","og_site_name":"Exaudi","article_publisher":"https:\/\/www.facebook.com\/ExaudiNews","article_published_time":"2024-12-28T17:50:34+00:00","og_image":[{"width":1500,"height":843,"url":"https:\/\/exaudi.org\/wp-content\/uploads\/2024\/12\/cq5dam.thumbnail.cropped.1500.844-4.jpeg","type":"image\/jpeg"}],"author":"Ricardo Grzona","twitter_card":"summary_large_image","twitter_creator":"@Exaudi_News","twitter_site":"@Exaudi_News","twitter_misc":{"Scritto da":"Ricardo Grzona","Tempo di lettura stimato":"5 minuti"},"schema":{"@context":"https:\/\/schema.org","@graph":[{"@type":"Article","@id":"https:\/\/exaudi.org\/it\/un-cammino-biblico-e-sinodale-verso-il-rinnovamento-della-fede\/#article","isPartOf":{"@id":"https:\/\/exaudi.org\/it\/un-cammino-biblico-e-sinodale-verso-il-rinnovamento-della-fede\/"},"author":{"name":"Ricardo Grzona","@id":"https:\/\/exaudi.org\/#\/schema\/person\/cb07ea25d04efb7adcdf3b176c030963"},"headline":"Un cammino biblico e sinodale verso il rinnovamento della fede","datePublished":"2024-12-28T17:50:34+00:00","mainEntityOfPage":{"@id":"https:\/\/exaudi.org\/it\/un-cammino-biblico-e-sinodale-verso-il-rinnovamento-della-fede\/"},"wordCount":972,"image":{"@id":"https:\/\/exaudi.org\/it\/un-cammino-biblico-e-sinodale-verso-il-rinnovamento-della-fede\/#primaryimage"},"thumbnailUrl":"https:\/\/exaudi.org\/wp-content\/uploads\/2024\/12\/cq5dam.thumbnail.cropped.1500.844-4.jpeg","keywords":["Anno del Giubileo della speranza","anno di grazia","Anno Santo","Chiesa cattolica","comunione","conversione","discernimento comunitario","evangelizzazione","Giubileo della speranza","GIUSTIZIA SOCIALE","indulgenze","insegnamento del Papa","Isaia 61:1-2","Levitico 25:8 - 17","Levitico 27:16-24","liberazione dei debiti","Luca 4:16-21","Numeri 36:4","Papa Francesco","Porta Santo","REGNO DI DIO","Restaurazione","restituzione dei beni","Ricardo Grzona","rinnovamento spirituale","SACRAMENTO DELLA RICONCILIAZIONE","Sinodo","Sinodo della sinodalit\u00e0","SPERANZA CRISTIANA","tradizione biblica","Trending","Un cammino biblico e sinodale verso il rinnovamento della fede"],"articleSection":["Analisi"],"inLanguage":"it-IT"},{"@type":"WebPage","@id":"https:\/\/exaudi.org\/it\/un-cammino-biblico-e-sinodale-verso-il-rinnovamento-della-fede\/","url":"https:\/\/exaudi.org\/it\/un-cammino-biblico-e-sinodale-verso-il-rinnovamento-della-fede\/","name":"Un cammino biblico e sinodale verso il rinnovamento della fede &#8211; Exaudi","isPartOf":{"@id":"https:\/\/exaudi.org\/#website"},"primaryImageOfPage":{"@id":"https:\/\/exaudi.org\/it\/un-cammino-biblico-e-sinodale-verso-il-rinnovamento-della-fede\/#primaryimage"},"image":{"@id":"https:\/\/exaudi.org\/it\/un-cammino-biblico-e-sinodale-verso-il-rinnovamento-della-fede\/#primaryimage"},"thumbnailUrl":"https:\/\/exaudi.org\/wp-content\/uploads\/2024\/12\/cq5dam.thumbnail.cropped.1500.844-4.jpeg","datePublished":"2024-12-28T17:50:34+00:00","author":{"@id":"https:\/\/exaudi.org\/#\/schema\/person\/cb07ea25d04efb7adcdf3b176c030963"},"breadcrumb":{"@id":"https:\/\/exaudi.org\/it\/un-cammino-biblico-e-sinodale-verso-il-rinnovamento-della-fede\/#breadcrumb"},"inLanguage":"it-IT","potentialAction":[{"@type":"ReadAction","target":["https:\/\/exaudi.org\/it\/un-cammino-biblico-e-sinodale-verso-il-rinnovamento-della-fede\/"]}]},{"@type":"ImageObject","inLanguage":"it-IT","@id":"https:\/\/exaudi.org\/it\/un-cammino-biblico-e-sinodale-verso-il-rinnovamento-della-fede\/#primaryimage","url":"https:\/\/exaudi.org\/wp-content\/uploads\/2024\/12\/cq5dam.thumbnail.cropped.1500.844-4.jpeg","contentUrl":"https:\/\/exaudi.org\/wp-content\/uploads\/2024\/12\/cq5dam.thumbnail.cropped.1500.844-4.jpeg","width":1500,"height":843},{"@type":"BreadcrumbList","@id":"https:\/\/exaudi.org\/it\/un-cammino-biblico-e-sinodale-verso-il-rinnovamento-della-fede\/#breadcrumb","itemListElement":[{"@type":"ListItem","position":1,"name":"Portada","item":"https:\/\/exaudi.org\/it\/"},{"@type":"ListItem","position":2,"name":"Un cammino biblico e sinodale verso il rinnovamento della fede"}]},{"@type":"WebSite","@id":"https:\/\/exaudi.org\/#website","url":"https:\/\/exaudi.org\/","name":"Exaudi","description":"News","potentialAction":[{"@type":"SearchAction","target":{"@type":"EntryPoint","urlTemplate":"https:\/\/exaudi.org\/?s={search_term_string}"},"query-input":{"@type":"PropertyValueSpecification","valueRequired":true,"valueName":"search_term_string"}}],"inLanguage":"it-IT"},{"@type":"Person","@id":"https:\/\/exaudi.org\/#\/schema\/person\/cb07ea25d04efb7adcdf3b176c030963","name":"Ricardo Grzona","image":{"@type":"ImageObject","inLanguage":"it-IT","@id":"https:\/\/secure.gravatar.com\/avatar\/91cec62a96ecac344b732b50a23b0be38c098e458df2e3dacfef9a338bf8f3d4?s=96&d=mm&r=g","url":"https:\/\/secure.gravatar.com\/avatar\/91cec62a96ecac344b732b50a23b0be38c098e458df2e3dacfef9a338bf8f3d4?s=96&d=mm&r=g","contentUrl":"https:\/\/secure.gravatar.com\/avatar\/91cec62a96ecac344b732b50a23b0be38c098e458df2e3dacfef9a338bf8f3d4?s=96&d=mm&r=g","caption":"Ricardo Grzona"},"description":"Hno. Ricardo Grzona, frp (Fraternidad Ram\u00f3n Pan\u00e9). Presidente ejecutivo de la Fundaci\u00f3n Ram\u00f3n Pan\u00e9, con sede en Miami, Florida, USA. Sus estudios son en Catequ\u00e9tica en varias Universidades de las Am\u00e9ricas y Roma, especialmente en espiritualidad b\u00edblica y Lectio Divina","url":"https:\/\/exaudi.org\/it\/author\/ricardogrzona\/"}]}},"jetpack_featured_media_url":"https:\/\/exaudi.org\/wp-content\/uploads\/2024\/12\/cq5dam.thumbnail.cropped.1500.844-4.jpeg","jetpack_shortlink":"https:\/\/wp.me\/pgKjF2-u8S","_links":{"self":[{"href":"https:\/\/exaudi.org\/it\/wp-json\/wp\/v2\/posts\/115870","targetHints":{"allow":["GET"]}}],"collection":[{"href":"https:\/\/exaudi.org\/it\/wp-json\/wp\/v2\/posts"}],"about":[{"href":"https:\/\/exaudi.org\/it\/wp-json\/wp\/v2\/types\/post"}],"author":[{"embeddable":true,"href":"https:\/\/exaudi.org\/it\/wp-json\/wp\/v2\/users\/37"}],"replies":[{"embeddable":true,"href":"https:\/\/exaudi.org\/it\/wp-json\/wp\/v2\/comments?post=115870"}],"version-history":[{"count":0,"href":"https:\/\/exaudi.org\/it\/wp-json\/wp\/v2\/posts\/115870\/revisions"}],"wp:featuredmedia":[{"embeddable":true,"href":"https:\/\/exaudi.org\/it\/wp-json\/wp\/v2\/media\/115821"}],"wp:attachment":[{"href":"https:\/\/exaudi.org\/it\/wp-json\/wp\/v2\/media?parent=115870"}],"wp:term":[{"taxonomy":"category","embeddable":true,"href":"https:\/\/exaudi.org\/it\/wp-json\/wp\/v2\/categories?post=115870"},{"taxonomy":"post_tag","embeddable":true,"href":"https:\/\/exaudi.org\/it\/wp-json\/wp\/v2\/tags?post=115870"}],"curies":[{"name":"wp","href":"https:\/\/api.w.org\/{rel}","templated":true}]}}