{"id":115774,"date":"2025-12-30T16:35:36","date_gmt":"2025-12-30T15:35:36","guid":{"rendered":"https:\/\/exaudi.org\/?p=115774"},"modified":"2025-12-30T16:35:54","modified_gmt":"2025-12-30T15:35:54","slug":"come-vivere-la-fine-dellanno-da-cristiani","status":"publish","type":"post","link":"https:\/\/exaudi.org\/it\/come-vivere-la-fine-dellanno-da-cristiani\/","title":{"rendered":"Come vivere la fine dell&#8217;anno da cristiani"},"content":{"rendered":"<p>30La fine dell&#8217;anno \u00e8 un momento favorevole alla riflessione, alla gratitudine e al rinnovamento dei propositi. Per i cristiani questo tempo assume un significato speciale, poich\u00e9 invita a vivere secondo i valori del Vangelo e a rafforzare la nostra fede. Di seguito esploreremo alcuni modi per vivere la fine dell\u2019anno da una prospettiva cristiana.<\/p>\n<h3><strong>Riflessione e gratitudine<\/strong><\/h3>\n<p>La fine dell\u2019anno \u00e8 il momento ideale per fare il punto su ci\u00f2 che abbiamo vissuto, ringraziare Dio per le benedizioni ricevute e riconoscere i momenti difficili come opportunit\u00e0 di crescita. Trascorrere del tempo in preghiera e meditazione pu\u00f2 aiutarti a trovare pace e gratitudine nel tuo cuore. Una buona pratica \u00e8 scrivere una lista di gratitudine, ricordando i momenti in cui hai sentito la presenza di Dio e gli insegnamenti ottenuti.<\/p>\n<h3><strong>Rinnovo delle finalit\u00e0<\/strong><\/h3>\n<p>\u00c8 un buon momento per rinnovare i nostri propositi cristiani, cercando di essere persone migliori e pi\u00f9 impegnate nella nostra fede. Ci\u00f2 pu\u00f2 includere obiettivi come migliorare la nostra vita di preghiera, partecipare pi\u00f9 attivamente alla comunit\u00e0 parrocchiale o dedicare tempo al servizio degli altri. Fare un esame di coscienza pu\u00f2 aiutare a identificare le aree di miglioramento e a stabilire obiettivi concreti e raggiungibili che ci avvicinano a Dio e agli altri.<\/p>\n<h3><strong>Festeggia con la famiglia<\/strong><\/h3>\n<p>La fine dell\u2019anno \u00e8 anche un\u2019occasione per rafforzare i legami familiari. Vivere questo tempo in un clima di amore e di comunione \u00e8 essenziale. Organizzare attivit\u00e0 che coinvolgano tutti i membri della famiglia, come pregare insieme, leggere la Bibbia o condividere storie di fede, pu\u00f2 aiutare a creare ricordi significativi e trasmettere valori cristiani alle nuove generazioni.<\/p>\n<h3><strong>Carit\u00e0 e servizio<\/strong><\/h3>\n<p>La carit\u00e0 e il servizio verso gli altri, soprattutto verso coloro che ne hanno pi\u00f9 bisogno, sono essenziali. Durante la fine dell\u2019anno possiamo dedicare del tempo ad aiutare nelle mense dei poveri, a visitare i malati o a fare donazioni in beneficenza. Questo spirito di solidariet\u00e0 riflette l&#8217;amore di Cristo e ci permette di vivere il Vangelo in modo tangibile.<\/p>\n<h3><strong>Partecipare alla vita liturgica<\/strong><\/h3>\n<p>\u00c8 importante partecipare alle celebrazioni liturgiche di questo tempo. Partecipare alla Messa di Capodanno, celebrare la Festa della Sacra Famiglia e, se possibile, ricevere il sacramento della riconciliazione, sono modi per rinnovare il nostro impegno verso Dio e la Chiesa. Queste celebrazioni ci aiutano a iniziare il nuovo anno con il cuore purificato e pieno di speranza.<\/p>\n<p>Vivere da cristiani la fine dell\u2019anno significa riflettere su ci\u00f2 che abbiamo vissuto, rinnovare i nostri propositi, rafforzare i legami familiari, praticare la carit\u00e0 e partecipare alla vita liturgica. Seguendo queste raccomandazioni, possiamo chiudere l&#8217;anno con gratitudine e iniziarne uno nuovo con uno spirito rinnovato e impegnati nella nostra fede. Ricordiamo che ogni giorno \u00e8 un&#8217;opportunit\u00e0 per crescere nell&#8217;amore e nella santit\u00e0, e che Dio ci accompagna sempre nel nostro cammino.<\/p>\n","protected":false},"excerpt":{"rendered":"<p>Trova riflessione, gratitudine e rinnovamento spirituale all&#8217;inizio di un nuovo anno<\/p>\n","protected":false},"author":149,"featured_media":115749,"comment_status":"closed","ping_status":"closed","sticky":false,"template":"","format":"standard","meta":{"_acf_changed":false,"_crdt_document":"","inline_featured_image":false,"footnotes":""},"categories":[129],"tags":[38632,32757,38638,38633,20604,15200,23082,38634,38636,38635,38313,38637,38639,28666,38640,64787,4952,19610,706,38641,38642],"class_list":["post-115774","post","type-post","status-publish","format-standard","has-post-thumbnail","hentry","category-voci","tag-amore-a-cristo","tag-avvento-2024","tag-capodanno-messa","tag-carita-e-servizio","tag-comunita-parrocchiale","tag-crescita-spirituale","tag-esame-di-coscienza","tag-festa-della-sacra-famiglia","tag-fine-dellanno","tag-fine-dellanno-cristiano","tag-gratitudine-a-dio","tag-javier-garcia-ferrer-2","tag-preghiera-e-meditazione","tag-riflessione-cristiana","tag-rinnovamento-dei-propositi","tag-trending-it-236","tag-trending-it","tag-valori-cristiani","tag-vangelo","tag-vita-familiare-cristiana","tag-vita-liturgica"],"acf":[],"yoast_head":"<!-- This site is optimized with the Yoast SEO plugin v27.4 - https:\/\/yoast.com\/product\/yoast-seo-wordpress\/ -->\n<title>Come vivere la fine dell&#039;anno da cristiani &#8211; Exaudi<\/title>\n<meta name=\"robots\" content=\"index, follow, max-snippet:-1, max-image-preview:large, max-video-preview:-1\" \/>\n<link rel=\"canonical\" href=\"https:\/\/exaudi.org\/it\/come-vivere-la-fine-dellanno-da-cristiani\/\" \/>\n<meta property=\"og:locale\" content=\"it_IT\" \/>\n<meta property=\"og:type\" content=\"article\" \/>\n<meta property=\"og:title\" content=\"Come vivere la fine dell&#039;anno da cristiani &#8211; Exaudi\" \/>\n<meta property=\"og:description\" content=\"Trova riflessione, gratitudine e rinnovamento spirituale all&#039;inizio di un nuovo anno\" \/>\n<meta property=\"og:url\" content=\"https:\/\/exaudi.org\/it\/come-vivere-la-fine-dellanno-da-cristiani\/\" \/>\n<meta property=\"og:site_name\" content=\"Exaudi\" \/>\n<meta property=\"article:publisher\" content=\"https:\/\/www.facebook.com\/ExaudiNews\" \/>\n<meta property=\"article:published_time\" content=\"2025-12-30T15:35:36+00:00\" \/>\n<meta property=\"article:modified_time\" content=\"2025-12-30T15:35:54+00:00\" \/>\n<meta property=\"og:image\" content=\"https:\/\/exaudi.org\/wp-content\/uploads\/2024\/12\/pexels-freestockpro-3036525-scaled.jpg\" \/>\n\t<meta property=\"og:image:width\" content=\"2560\" \/>\n\t<meta property=\"og:image:height\" content=\"1707\" \/>\n\t<meta property=\"og:image:type\" content=\"image\/jpeg\" \/>\n<meta name=\"author\" content=\"Javier Ferrer Garc\u00eda\" \/>\n<meta name=\"twitter:card\" content=\"summary_large_image\" \/>\n<meta name=\"twitter:creator\" content=\"@Exaudi_News\" \/>\n<meta name=\"twitter:site\" content=\"@Exaudi_News\" \/>\n<meta name=\"twitter:label1\" content=\"Scritto da\" \/>\n\t<meta name=\"twitter:data1\" content=\"Javier Ferrer Garc\u00eda\" \/>\n\t<meta name=\"twitter:label2\" content=\"Tempo di lettura stimato\" \/>\n\t<meta name=\"twitter:data2\" content=\"2 minuti\" \/>\n<script type=\"application\/ld+json\" class=\"yoast-schema-graph\">{\"@context\":\"https:\\\/\\\/schema.org\",\"@graph\":[{\"@type\":\"Article\",\"@id\":\"https:\\\/\\\/exaudi.org\\\/it\\\/come-vivere-la-fine-dellanno-da-cristiani\\\/#article\",\"isPartOf\":{\"@id\":\"https:\\\/\\\/exaudi.org\\\/it\\\/come-vivere-la-fine-dellanno-da-cristiani\\\/\"},\"author\":{\"name\":\"Javier Ferrer Garc\u00eda\",\"@id\":\"https:\\\/\\\/exaudi.org\\\/#\\\/schema\\\/person\\\/0428626ea256fe1d193098fe0ee2b91d\"},\"headline\":\"Come vivere la fine dell&#8217;anno da cristiani\",\"datePublished\":\"2025-12-30T15:35:36+00:00\",\"dateModified\":\"2025-12-30T15:35:54+00:00\",\"mainEntityOfPage\":{\"@id\":\"https:\\\/\\\/exaudi.org\\\/it\\\/come-vivere-la-fine-dellanno-da-cristiani\\\/\"},\"wordCount\":472,\"image\":{\"@id\":\"https:\\\/\\\/exaudi.org\\\/it\\\/come-vivere-la-fine-dellanno-da-cristiani\\\/#primaryimage\"},\"thumbnailUrl\":\"https:\\\/\\\/exaudi.org\\\/wp-content\\\/uploads\\\/2024\\\/12\\\/pexels-freestockpro-3036525-scaled.jpg\",\"keywords\":[\"amore a Cristo\",\"Avvento 2024\",\"Capodanno Messa\",\"carit\u00e0 e servizio\",\"COMUNIT\u00c0 PARROCCHIALE\",\"crescita spirituale\",\"esame di coscienza\",\"Festa della Sacra Famiglia\",\"Fine dell'anno\",\"fine dell'anno cristiano\",\"gratitudine a Dio\",\"Javier Garc\u00eda Ferrer\",\"preghiera e meditazione\",\"riflessione cristiana\",\"rinnovamento dei propositi\",\"Trending\",\"Trending\",\"VALORI CRISTIANI\",\"Vangelo\",\"vita familiare cristiana\",\"vita liturgica\"],\"articleSection\":[\"Voci\"],\"inLanguage\":\"it-IT\"},{\"@type\":\"WebPage\",\"@id\":\"https:\\\/\\\/exaudi.org\\\/it\\\/come-vivere-la-fine-dellanno-da-cristiani\\\/\",\"url\":\"https:\\\/\\\/exaudi.org\\\/it\\\/come-vivere-la-fine-dellanno-da-cristiani\\\/\",\"name\":\"Come vivere la fine dell'anno da cristiani &#8211; Exaudi\",\"isPartOf\":{\"@id\":\"https:\\\/\\\/exaudi.org\\\/#website\"},\"primaryImageOfPage\":{\"@id\":\"https:\\\/\\\/exaudi.org\\\/it\\\/come-vivere-la-fine-dellanno-da-cristiani\\\/#primaryimage\"},\"image\":{\"@id\":\"https:\\\/\\\/exaudi.org\\\/it\\\/come-vivere-la-fine-dellanno-da-cristiani\\\/#primaryimage\"},\"thumbnailUrl\":\"https:\\\/\\\/exaudi.org\\\/wp-content\\\/uploads\\\/2024\\\/12\\\/pexels-freestockpro-3036525-scaled.jpg\",\"datePublished\":\"2025-12-30T15:35:36+00:00\",\"dateModified\":\"2025-12-30T15:35:54+00:00\",\"author\":{\"@id\":\"https:\\\/\\\/exaudi.org\\\/#\\\/schema\\\/person\\\/0428626ea256fe1d193098fe0ee2b91d\"},\"breadcrumb\":{\"@id\":\"https:\\\/\\\/exaudi.org\\\/it\\\/come-vivere-la-fine-dellanno-da-cristiani\\\/#breadcrumb\"},\"inLanguage\":\"it-IT\",\"potentialAction\":[{\"@type\":\"ReadAction\",\"target\":[\"https:\\\/\\\/exaudi.org\\\/it\\\/come-vivere-la-fine-dellanno-da-cristiani\\\/\"]}]},{\"@type\":\"ImageObject\",\"inLanguage\":\"it-IT\",\"@id\":\"https:\\\/\\\/exaudi.org\\\/it\\\/come-vivere-la-fine-dellanno-da-cristiani\\\/#primaryimage\",\"url\":\"https:\\\/\\\/exaudi.org\\\/wp-content\\\/uploads\\\/2024\\\/12\\\/pexels-freestockpro-3036525-scaled.jpg\",\"contentUrl\":\"https:\\\/\\\/exaudi.org\\\/wp-content\\\/uploads\\\/2024\\\/12\\\/pexels-freestockpro-3036525-scaled.jpg\",\"width\":2560,\"height\":1707,\"caption\":\"Pexels\"},{\"@type\":\"BreadcrumbList\",\"@id\":\"https:\\\/\\\/exaudi.org\\\/it\\\/come-vivere-la-fine-dellanno-da-cristiani\\\/#breadcrumb\",\"itemListElement\":[{\"@type\":\"ListItem\",\"position\":1,\"name\":\"Portada\",\"item\":\"https:\\\/\\\/exaudi.org\\\/it\\\/\"},{\"@type\":\"ListItem\",\"position\":2,\"name\":\"Come vivere la fine dell&#8217;anno da cristiani\"}]},{\"@type\":\"WebSite\",\"@id\":\"https:\\\/\\\/exaudi.org\\\/#website\",\"url\":\"https:\\\/\\\/exaudi.org\\\/\",\"name\":\"Exaudi\",\"description\":\"News\",\"potentialAction\":[{\"@type\":\"SearchAction\",\"target\":{\"@type\":\"EntryPoint\",\"urlTemplate\":\"https:\\\/\\\/exaudi.org\\\/?s={search_term_string}\"},\"query-input\":{\"@type\":\"PropertyValueSpecification\",\"valueRequired\":true,\"valueName\":\"search_term_string\"}}],\"inLanguage\":\"it-IT\"},{\"@type\":\"Person\",\"@id\":\"https:\\\/\\\/exaudi.org\\\/#\\\/schema\\\/person\\\/0428626ea256fe1d193098fe0ee2b91d\",\"name\":\"Javier Ferrer Garc\u00eda\",\"image\":{\"@type\":\"ImageObject\",\"inLanguage\":\"it-IT\",\"@id\":\"https:\\\/\\\/secure.gravatar.com\\\/avatar\\\/c7bc1aef05f4433794cef4a55499c99ae6c0d617e2aa24ba4876a5432af93b2d?s=96&d=mm&r=g\",\"url\":\"https:\\\/\\\/secure.gravatar.com\\\/avatar\\\/c7bc1aef05f4433794cef4a55499c99ae6c0d617e2aa24ba4876a5432af93b2d?s=96&d=mm&r=g\",\"contentUrl\":\"https:\\\/\\\/secure.gravatar.com\\\/avatar\\\/c7bc1aef05f4433794cef4a55499c99ae6c0d617e2aa24ba4876a5432af93b2d?s=96&d=mm&r=g\",\"caption\":\"Javier Ferrer Garc\u00eda\"},\"description\":\"Soy un apasionado de la vida. Fil\u00f3sofo y economista. Mi carrera profesional se ha enriquecido con el constante deseo de aprender y crecer tanto en el \u00e1mbito acad\u00e9mico como en el personal. Me considero un ferviente lector y amante del cine, lo cual me permite tener una perspectiva amplia y diversa sobre el mundo que nos rodea. Como cat\u00f3lico comprometido, busco integrar mis valores en cada aspecto de mi vida, desde mi carrera profesional hasta mi rol como esposo y padre de familia\",\"url\":\"https:\\\/\\\/exaudi.org\\\/it\\\/author\\\/javier-ferrer-garcia\\\/\"}]}<\/script>\n<!-- \/ Yoast SEO plugin. -->","yoast_head_json":{"title":"Come vivere la fine dell'anno da cristiani &#8211; Exaudi","robots":{"index":"index","follow":"follow","max-snippet":"max-snippet:-1","max-image-preview":"max-image-preview:large","max-video-preview":"max-video-preview:-1"},"canonical":"https:\/\/exaudi.org\/it\/come-vivere-la-fine-dellanno-da-cristiani\/","og_locale":"it_IT","og_type":"article","og_title":"Come vivere la fine dell'anno da cristiani &#8211; Exaudi","og_description":"Trova riflessione, gratitudine e rinnovamento spirituale all'inizio di un nuovo anno","og_url":"https:\/\/exaudi.org\/it\/come-vivere-la-fine-dellanno-da-cristiani\/","og_site_name":"Exaudi","article_publisher":"https:\/\/www.facebook.com\/ExaudiNews","article_published_time":"2025-12-30T15:35:36+00:00","article_modified_time":"2025-12-30T15:35:54+00:00","og_image":[{"width":2560,"height":1707,"url":"https:\/\/exaudi.org\/wp-content\/uploads\/2024\/12\/pexels-freestockpro-3036525-scaled.jpg","type":"image\/jpeg"}],"author":"Javier Ferrer Garc\u00eda","twitter_card":"summary_large_image","twitter_creator":"@Exaudi_News","twitter_site":"@Exaudi_News","twitter_misc":{"Scritto da":"Javier Ferrer Garc\u00eda","Tempo di lettura stimato":"2 minuti"},"schema":{"@context":"https:\/\/schema.org","@graph":[{"@type":"Article","@id":"https:\/\/exaudi.org\/it\/come-vivere-la-fine-dellanno-da-cristiani\/#article","isPartOf":{"@id":"https:\/\/exaudi.org\/it\/come-vivere-la-fine-dellanno-da-cristiani\/"},"author":{"name":"Javier Ferrer Garc\u00eda","@id":"https:\/\/exaudi.org\/#\/schema\/person\/0428626ea256fe1d193098fe0ee2b91d"},"headline":"Come vivere la fine dell&#8217;anno da cristiani","datePublished":"2025-12-30T15:35:36+00:00","dateModified":"2025-12-30T15:35:54+00:00","mainEntityOfPage":{"@id":"https:\/\/exaudi.org\/it\/come-vivere-la-fine-dellanno-da-cristiani\/"},"wordCount":472,"image":{"@id":"https:\/\/exaudi.org\/it\/come-vivere-la-fine-dellanno-da-cristiani\/#primaryimage"},"thumbnailUrl":"https:\/\/exaudi.org\/wp-content\/uploads\/2024\/12\/pexels-freestockpro-3036525-scaled.jpg","keywords":["amore a Cristo","Avvento 2024","Capodanno Messa","carit\u00e0 e servizio","COMUNIT\u00c0 PARROCCHIALE","crescita spirituale","esame di coscienza","Festa della Sacra Famiglia","Fine dell'anno","fine dell'anno cristiano","gratitudine a Dio","Javier Garc\u00eda Ferrer","preghiera e meditazione","riflessione cristiana","rinnovamento dei propositi","Trending","Trending","VALORI CRISTIANI","Vangelo","vita familiare cristiana","vita liturgica"],"articleSection":["Voci"],"inLanguage":"it-IT"},{"@type":"WebPage","@id":"https:\/\/exaudi.org\/it\/come-vivere-la-fine-dellanno-da-cristiani\/","url":"https:\/\/exaudi.org\/it\/come-vivere-la-fine-dellanno-da-cristiani\/","name":"Come vivere la fine dell'anno da cristiani &#8211; Exaudi","isPartOf":{"@id":"https:\/\/exaudi.org\/#website"},"primaryImageOfPage":{"@id":"https:\/\/exaudi.org\/it\/come-vivere-la-fine-dellanno-da-cristiani\/#primaryimage"},"image":{"@id":"https:\/\/exaudi.org\/it\/come-vivere-la-fine-dellanno-da-cristiani\/#primaryimage"},"thumbnailUrl":"https:\/\/exaudi.org\/wp-content\/uploads\/2024\/12\/pexels-freestockpro-3036525-scaled.jpg","datePublished":"2025-12-30T15:35:36+00:00","dateModified":"2025-12-30T15:35:54+00:00","author":{"@id":"https:\/\/exaudi.org\/#\/schema\/person\/0428626ea256fe1d193098fe0ee2b91d"},"breadcrumb":{"@id":"https:\/\/exaudi.org\/it\/come-vivere-la-fine-dellanno-da-cristiani\/#breadcrumb"},"inLanguage":"it-IT","potentialAction":[{"@type":"ReadAction","target":["https:\/\/exaudi.org\/it\/come-vivere-la-fine-dellanno-da-cristiani\/"]}]},{"@type":"ImageObject","inLanguage":"it-IT","@id":"https:\/\/exaudi.org\/it\/come-vivere-la-fine-dellanno-da-cristiani\/#primaryimage","url":"https:\/\/exaudi.org\/wp-content\/uploads\/2024\/12\/pexels-freestockpro-3036525-scaled.jpg","contentUrl":"https:\/\/exaudi.org\/wp-content\/uploads\/2024\/12\/pexels-freestockpro-3036525-scaled.jpg","width":2560,"height":1707,"caption":"Pexels"},{"@type":"BreadcrumbList","@id":"https:\/\/exaudi.org\/it\/come-vivere-la-fine-dellanno-da-cristiani\/#breadcrumb","itemListElement":[{"@type":"ListItem","position":1,"name":"Portada","item":"https:\/\/exaudi.org\/it\/"},{"@type":"ListItem","position":2,"name":"Come vivere la fine dell&#8217;anno da cristiani"}]},{"@type":"WebSite","@id":"https:\/\/exaudi.org\/#website","url":"https:\/\/exaudi.org\/","name":"Exaudi","description":"News","potentialAction":[{"@type":"SearchAction","target":{"@type":"EntryPoint","urlTemplate":"https:\/\/exaudi.org\/?s={search_term_string}"},"query-input":{"@type":"PropertyValueSpecification","valueRequired":true,"valueName":"search_term_string"}}],"inLanguage":"it-IT"},{"@type":"Person","@id":"https:\/\/exaudi.org\/#\/schema\/person\/0428626ea256fe1d193098fe0ee2b91d","name":"Javier Ferrer Garc\u00eda","image":{"@type":"ImageObject","inLanguage":"it-IT","@id":"https:\/\/secure.gravatar.com\/avatar\/c7bc1aef05f4433794cef4a55499c99ae6c0d617e2aa24ba4876a5432af93b2d?s=96&d=mm&r=g","url":"https:\/\/secure.gravatar.com\/avatar\/c7bc1aef05f4433794cef4a55499c99ae6c0d617e2aa24ba4876a5432af93b2d?s=96&d=mm&r=g","contentUrl":"https:\/\/secure.gravatar.com\/avatar\/c7bc1aef05f4433794cef4a55499c99ae6c0d617e2aa24ba4876a5432af93b2d?s=96&d=mm&r=g","caption":"Javier Ferrer Garc\u00eda"},"description":"Soy un apasionado de la vida. Fil\u00f3sofo y economista. Mi carrera profesional se ha enriquecido con el constante deseo de aprender y crecer tanto en el \u00e1mbito acad\u00e9mico como en el personal. Me considero un ferviente lector y amante del cine, lo cual me permite tener una perspectiva amplia y diversa sobre el mundo que nos rodea. Como cat\u00f3lico comprometido, busco integrar mis valores en cada aspecto de mi vida, desde mi carrera profesional hasta mi rol como esposo y padre de familia","url":"https:\/\/exaudi.org\/it\/author\/javier-ferrer-garcia\/"}]}},"jetpack_featured_media_url":"https:\/\/exaudi.org\/wp-content\/uploads\/2024\/12\/pexels-freestockpro-3036525-scaled.jpg","jetpack_shortlink":"https:\/\/wp.me\/pgKjF2-u7k","_links":{"self":[{"href":"https:\/\/exaudi.org\/it\/wp-json\/wp\/v2\/posts\/115774","targetHints":{"allow":["GET"]}}],"collection":[{"href":"https:\/\/exaudi.org\/it\/wp-json\/wp\/v2\/posts"}],"about":[{"href":"https:\/\/exaudi.org\/it\/wp-json\/wp\/v2\/types\/post"}],"author":[{"embeddable":true,"href":"https:\/\/exaudi.org\/it\/wp-json\/wp\/v2\/users\/149"}],"replies":[{"embeddable":true,"href":"https:\/\/exaudi.org\/it\/wp-json\/wp\/v2\/comments?post=115774"}],"version-history":[{"count":2,"href":"https:\/\/exaudi.org\/it\/wp-json\/wp\/v2\/posts\/115774\/revisions"}],"predecessor-version":[{"id":152095,"href":"https:\/\/exaudi.org\/it\/wp-json\/wp\/v2\/posts\/115774\/revisions\/152095"}],"wp:featuredmedia":[{"embeddable":true,"href":"https:\/\/exaudi.org\/it\/wp-json\/wp\/v2\/media\/115749"}],"wp:attachment":[{"href":"https:\/\/exaudi.org\/it\/wp-json\/wp\/v2\/media?parent=115774"}],"wp:term":[{"taxonomy":"category","embeddable":true,"href":"https:\/\/exaudi.org\/it\/wp-json\/wp\/v2\/categories?post=115774"},{"taxonomy":"post_tag","embeddable":true,"href":"https:\/\/exaudi.org\/it\/wp-json\/wp\/v2\/tags?post=115774"}],"curies":[{"name":"wp","href":"https:\/\/api.w.org\/{rel}","templated":true}]}}