{"id":115530,"date":"2024-12-22T17:06:26","date_gmt":"2024-12-22T16:06:26","guid":{"rendered":"https:\/\/exaudi.org\/?p=115530"},"modified":"2024-12-22T17:06:26","modified_gmt":"2024-12-22T16:06:26","slug":"22-dicembre-quarta-domenica-di-avvento","status":"publish","type":"post","link":"https:\/\/exaudi.org\/it\/22-dicembre-quarta-domenica-di-avvento\/","title":{"rendered":"22 dicembre: quarta domenica di Avvento"},"content":{"rendered":"<h3><strong>Riflessione sul Vangelo<\/strong><\/h3>\n<p>Nel vangelo di oggi, Luca 1,46-56, leggiamo il Magnificat della Vergine Maria, il suo canto di lode a Dio. Maria, nel ricevere la visita di Elisabetta, piena di gioia e di umilt\u00e0, esprime la sua gratitudine per l&#8217;amore e la misericordia di Dio verso gli umili e i semplici. Questo brano celebra non solo le meraviglie che Dio ha operato nella sua vita, ma anche la sua giustizia e fedelt\u00e0 verso il suo popolo. \u00c8 un inno di speranza e di lode che ci ricorda che Dio si china sempre verso i pi\u00f9 bisognosi e umili, effondendo su di loro la sua grazia.<\/p>\n<p>Questo Vangelo ci invita a riflettere sull&#8217;importanza della gratitudine verso Dio, riconoscendo la sua azione nella nostra vita e confidando nella sua promessa di salvezza. Come Maria, siamo chiamati a lodare Dio per le sue benedizioni e ad avere un cuore umile e grato.<\/p>\n<h3><strong>Scopo della giornata<\/strong><\/h3>\n<p>Oggi, trascorri del tempo in preghiera e lode, ringraziando Dio per le benedizioni che hai ricevuto. Rifletti su come puoi essere pi\u00f9 grato e riconoscere l&#8217;azione di Dio nella tua vita quotidiana. Sforzati coscientemente di vivere con umilt\u00e0 e gratitudine, sapendo che tutte le cose buone provengono da Lui.<\/p>\n<h3><strong>Come vivere il Natale in famiglia<\/strong><\/h3>\n<p>In questo tempo di Avvento, la quarta domenica \u00e8 un momento perfetto per la famiglia per riunirsi nella preghiera e nella gratitudine. Pregano insieme il Magnificat, lodando Dio per le sue benedizioni. Parla delle piccole meraviglie che hai sperimentato come famiglia e di come puoi vivere con pi\u00f9 umilt\u00e0 e gratitudine, riconoscendo le benedizioni quotidiane di Dio. Questo momento pu\u00f2 essere occasione per rinsaldare i legami familiari, in un clima di preghiera e di gratitudine.<\/p>\n<h3><strong>Preghiera per la giornata<\/strong><\/h3>\n<p>&#8220;Signore Ges\u00f9, ti lodo e ti ringrazio per tutte le tue benedizioni. Aiutami a vivere con cuore grato e umile, riconoscendo sempre la tua azione nella mia vita. Benedici la mia famiglia e permettici di camminare insieme in questo tempo di Avvento, vivendo con gratitudine.<\/p>\n<p>Questa domenica di Avvento ci invita a vivere con cuore grato, seguendo l&#8217;esempio di Maria, che, piena di gratitudine e di umilt\u00e0, lodava Dio per la sua bont\u00e0. Possa questo giorno spingerci a preparare i nostri cuori al Natale, celebrando la bont\u00e0 di Dio nella nostra vita e nelle nostre famiglie.<\/p>\n","protected":false},"excerpt":{"rendered":"<p>Riflessioni quotidiane<\/p>\n","protected":false},"author":17,"featured_media":115537,"comment_status":"closed","ping_status":"closed","sticky":false,"template":"","format":"standard","meta":{"_acf_changed":false,"_crdt_document":"","inline_featured_image":false,"footnotes":""},"categories":[73],"tags":[38218,20601,7750,32757,38219,758,1209,11841,12700,17630,1156,4696,578,32768,38220,38221,483,4952,5308,37809,38222],"class_list":["post-115530","post","type-post","status-publish","format-standard","has-post-thumbnail","hentry","category-chiesa-e-mondo","tag-22-dicembre","tag-amore-di-dio","tag-avvento","tag-avvento-2024","tag-azione-di-dio","tag-famiglia","tag-fede","tag-gratitudine","tag-lode","tag-magnificat-2","tag-maria","tag-natale","tag-preghiera","tag-preparazione-al-natale","tag-quarta-domenica-di-avvento","tag-scopo-per-un-giorno","tag-speranza","tag-trending-it","tag-umilta","tag-vangelo-di-luca","tag-vivete-il-natale-in-famiglia"],"acf":[],"yoast_head":"<!-- This site is optimized with the Yoast SEO plugin v27.5 - https:\/\/yoast.com\/product\/yoast-seo-wordpress\/ -->\n<title>22 dicembre: quarta domenica di Avvento &#8211; Exaudi<\/title>\n<meta name=\"robots\" content=\"index, follow, max-snippet:-1, max-image-preview:large, max-video-preview:-1\" \/>\n<link rel=\"canonical\" href=\"https:\/\/exaudi.org\/it\/22-dicembre-quarta-domenica-di-avvento\/\" \/>\n<meta property=\"og:locale\" content=\"it_IT\" \/>\n<meta property=\"og:type\" content=\"article\" \/>\n<meta property=\"og:title\" content=\"22 dicembre: quarta domenica di Avvento &#8211; Exaudi\" \/>\n<meta property=\"og:description\" content=\"Riflessioni quotidiane\" \/>\n<meta property=\"og:url\" content=\"https:\/\/exaudi.org\/it\/22-dicembre-quarta-domenica-di-avvento\/\" \/>\n<meta property=\"og:site_name\" content=\"Exaudi\" \/>\n<meta property=\"article:publisher\" content=\"https:\/\/www.facebook.com\/ExaudiNews\" \/>\n<meta property=\"article:author\" content=\"https:\/\/www.facebook.com\/ExaudiNotizie\/\" \/>\n<meta property=\"article:published_time\" content=\"2024-12-22T16:06:26+00:00\" \/>\n<meta property=\"og:image\" content=\"https:\/\/exaudi.org\/wp-content\/uploads\/2024\/12\/pexels-rccbtn-6233138-scaled-e1734346253248-1155x770-1.jpg\" \/>\n\t<meta property=\"og:image:width\" content=\"1155\" \/>\n\t<meta property=\"og:image:height\" content=\"770\" \/>\n\t<meta property=\"og:image:type\" content=\"image\/jpeg\" \/>\n<meta name=\"author\" content=\"Exaudi Redazione\" \/>\n<meta name=\"twitter:card\" content=\"summary_large_image\" \/>\n<meta name=\"twitter:creator\" content=\"@Exaudi_Notizie\" \/>\n<meta name=\"twitter:site\" content=\"@Exaudi_News\" \/>\n<meta name=\"twitter:label1\" content=\"Scritto da\" \/>\n\t<meta name=\"twitter:data1\" content=\"Exaudi Redazione\" \/>\n\t<meta name=\"twitter:label2\" content=\"Tempo di lettura stimato\" \/>\n\t<meta name=\"twitter:data2\" content=\"2 minuti\" \/>\n<script type=\"application\/ld+json\" class=\"yoast-schema-graph\">{\"@context\":\"https:\\\/\\\/schema.org\",\"@graph\":[{\"@type\":\"Article\",\"@id\":\"https:\\\/\\\/exaudi.org\\\/it\\\/22-dicembre-quarta-domenica-di-avvento\\\/#article\",\"isPartOf\":{\"@id\":\"https:\\\/\\\/exaudi.org\\\/it\\\/22-dicembre-quarta-domenica-di-avvento\\\/\"},\"author\":{\"name\":\"Exaudi Redazione\",\"@id\":\"https:\\\/\\\/exaudi.org\\\/#\\\/schema\\\/person\\\/e1ab6ed07c01774724dd96f925f3a5f0\"},\"headline\":\"22 dicembre: quarta domenica di Avvento\",\"datePublished\":\"2024-12-22T16:06:26+00:00\",\"mainEntityOfPage\":{\"@id\":\"https:\\\/\\\/exaudi.org\\\/it\\\/22-dicembre-quarta-domenica-di-avvento\\\/\"},\"wordCount\":390,\"image\":{\"@id\":\"https:\\\/\\\/exaudi.org\\\/it\\\/22-dicembre-quarta-domenica-di-avvento\\\/#primaryimage\"},\"thumbnailUrl\":\"https:\\\/\\\/exaudi.org\\\/wp-content\\\/uploads\\\/2024\\\/12\\\/pexels-rccbtn-6233138-scaled-e1734346253248-1155x770-1.jpg\",\"keywords\":[\"22 dicembre\",\"AMORE DI DIO\",\"Avvento\",\"Avvento 2024\",\"azione di Dio\",\"famiglia\",\"fede\",\"gratitudine\",\"LODE\",\"MAGNIFICAT\",\"Maria\",\"natale\",\"preghiera\",\"preparazione al Natale\",\"Quarta domenica di Avvento\",\"scopo per un giorno\",\"speranza\",\"Trending\",\"umilt\u00e0\",\"Vangelo di Luca\",\"vivete il Natale in famiglia\"],\"articleSection\":[\"Chiesa e Mondo\"],\"inLanguage\":\"it-IT\"},{\"@type\":\"WebPage\",\"@id\":\"https:\\\/\\\/exaudi.org\\\/it\\\/22-dicembre-quarta-domenica-di-avvento\\\/\",\"url\":\"https:\\\/\\\/exaudi.org\\\/it\\\/22-dicembre-quarta-domenica-di-avvento\\\/\",\"name\":\"22 dicembre: quarta domenica di Avvento &#8211; Exaudi\",\"isPartOf\":{\"@id\":\"https:\\\/\\\/exaudi.org\\\/#website\"},\"primaryImageOfPage\":{\"@id\":\"https:\\\/\\\/exaudi.org\\\/it\\\/22-dicembre-quarta-domenica-di-avvento\\\/#primaryimage\"},\"image\":{\"@id\":\"https:\\\/\\\/exaudi.org\\\/it\\\/22-dicembre-quarta-domenica-di-avvento\\\/#primaryimage\"},\"thumbnailUrl\":\"https:\\\/\\\/exaudi.org\\\/wp-content\\\/uploads\\\/2024\\\/12\\\/pexels-rccbtn-6233138-scaled-e1734346253248-1155x770-1.jpg\",\"datePublished\":\"2024-12-22T16:06:26+00:00\",\"author\":{\"@id\":\"https:\\\/\\\/exaudi.org\\\/#\\\/schema\\\/person\\\/e1ab6ed07c01774724dd96f925f3a5f0\"},\"breadcrumb\":{\"@id\":\"https:\\\/\\\/exaudi.org\\\/it\\\/22-dicembre-quarta-domenica-di-avvento\\\/#breadcrumb\"},\"inLanguage\":\"it-IT\",\"potentialAction\":[{\"@type\":\"ReadAction\",\"target\":[\"https:\\\/\\\/exaudi.org\\\/it\\\/22-dicembre-quarta-domenica-di-avvento\\\/\"]}]},{\"@type\":\"ImageObject\",\"inLanguage\":\"it-IT\",\"@id\":\"https:\\\/\\\/exaudi.org\\\/it\\\/22-dicembre-quarta-domenica-di-avvento\\\/#primaryimage\",\"url\":\"https:\\\/\\\/exaudi.org\\\/wp-content\\\/uploads\\\/2024\\\/12\\\/pexels-rccbtn-6233138-scaled-e1734346253248-1155x770-1.jpg\",\"contentUrl\":\"https:\\\/\\\/exaudi.org\\\/wp-content\\\/uploads\\\/2024\\\/12\\\/pexels-rccbtn-6233138-scaled-e1734346253248-1155x770-1.jpg\",\"width\":1155,\"height\":770,\"caption\":\"Pexels . Bastian Riccardi\"},{\"@type\":\"BreadcrumbList\",\"@id\":\"https:\\\/\\\/exaudi.org\\\/it\\\/22-dicembre-quarta-domenica-di-avvento\\\/#breadcrumb\",\"itemListElement\":[{\"@type\":\"ListItem\",\"position\":1,\"name\":\"Portada\",\"item\":\"https:\\\/\\\/exaudi.org\\\/it\\\/\"},{\"@type\":\"ListItem\",\"position\":2,\"name\":\"22 dicembre: quarta domenica di Avvento\"}]},{\"@type\":\"WebSite\",\"@id\":\"https:\\\/\\\/exaudi.org\\\/#website\",\"url\":\"https:\\\/\\\/exaudi.org\\\/\",\"name\":\"Exaudi\",\"description\":\"News\",\"potentialAction\":[{\"@type\":\"SearchAction\",\"target\":{\"@type\":\"EntryPoint\",\"urlTemplate\":\"https:\\\/\\\/exaudi.org\\\/?s={search_term_string}\"},\"query-input\":{\"@type\":\"PropertyValueSpecification\",\"valueRequired\":true,\"valueName\":\"search_term_string\"}}],\"inLanguage\":\"it-IT\"},{\"@type\":\"Person\",\"@id\":\"https:\\\/\\\/exaudi.org\\\/#\\\/schema\\\/person\\\/e1ab6ed07c01774724dd96f925f3a5f0\",\"name\":\"Exaudi Redazione\",\"image\":{\"@type\":\"ImageObject\",\"inLanguage\":\"it-IT\",\"@id\":\"https:\\\/\\\/secure.gravatar.com\\\/avatar\\\/ad6774b3ada023bf5b939d64f45c94b3adf91502dd883507d469b4308a943bb3?s=96&d=mm&r=g\",\"url\":\"https:\\\/\\\/secure.gravatar.com\\\/avatar\\\/ad6774b3ada023bf5b939d64f45c94b3adf91502dd883507d469b4308a943bb3?s=96&d=mm&r=g\",\"contentUrl\":\"https:\\\/\\\/secure.gravatar.com\\\/avatar\\\/ad6774b3ada023bf5b939d64f45c94b3adf91502dd883507d469b4308a943bb3?s=96&d=mm&r=g\",\"caption\":\"Exaudi Redazione\"},\"description\":\"Che cosa \u00e8 Exaudi News? Exaudi News \u00e8 un agenzia cattolica internazionale che informa, istruisce e trasforma quotidianamente in spagnolo, inglese e italiano. Attraverso notizie, articoli di analisi e trasmissioni in diretta degli eventi del Papa, Exaudi cerca di rafforzare l'unit\u00e0 dei cristiani e di contribuire all'evangelizzazione del mondo, sempre guidato dalla dottrina sociale della Chiesa. Lavoriamo per portare la verit\u00e0 e i valori cristiani in ogni angolo del pianeta. Aiutaci a trasformare il mondo con Exaudi! Noi di Exaudi crediamo che l'evangelizzazione e l'informazione di qualit\u00e0 possano cambiare la vita. Per continuare la nostra missione ed espandere la nostra portata, abbiamo bisogno del tuo aiuto. Stiamo anche cercando persone motivate che vogliano unirsi al nostro team. Grazie al vostro sostegno raggiungeremo pi\u00f9 persone, diffonderemo il messaggio di Cristo e rafforzeremo l'unit\u00e0 dei cristiani. Vuoi unirti alla nostra missione? Per maggiori informazioni su come contribuire, visita Exaudi.org\\\/it o contattaci direttamente: info@exaudi.org Exaudi: informa, forma e trasforma.\",\"sameAs\":[\"https:\\\/\\\/www.facebook.com\\\/ExaudiNotizie\\\/\",\"https:\\\/\\\/www.instagram.com\\\/Exaudi_notizie\\\/\",\"https:\\\/\\\/x.com\\\/Exaudi_Notizie\",\"https:\\\/\\\/www.youtube.com\\\/@exaudicatholicnews\"],\"url\":\"https:\\\/\\\/exaudi.org\\\/it\\\/author\\\/dlvedi-org\\\/\"}]}<\/script>\n<!-- \/ Yoast SEO plugin. -->","yoast_head_json":{"title":"22 dicembre: quarta domenica di Avvento &#8211; Exaudi","robots":{"index":"index","follow":"follow","max-snippet":"max-snippet:-1","max-image-preview":"max-image-preview:large","max-video-preview":"max-video-preview:-1"},"canonical":"https:\/\/exaudi.org\/it\/22-dicembre-quarta-domenica-di-avvento\/","og_locale":"it_IT","og_type":"article","og_title":"22 dicembre: quarta domenica di Avvento &#8211; Exaudi","og_description":"Riflessioni quotidiane","og_url":"https:\/\/exaudi.org\/it\/22-dicembre-quarta-domenica-di-avvento\/","og_site_name":"Exaudi","article_publisher":"https:\/\/www.facebook.com\/ExaudiNews","article_author":"https:\/\/www.facebook.com\/ExaudiNotizie\/","article_published_time":"2024-12-22T16:06:26+00:00","og_image":[{"width":1155,"height":770,"url":"https:\/\/exaudi.org\/wp-content\/uploads\/2024\/12\/pexels-rccbtn-6233138-scaled-e1734346253248-1155x770-1.jpg","type":"image\/jpeg"}],"author":"Exaudi Redazione","twitter_card":"summary_large_image","twitter_creator":"@Exaudi_Notizie","twitter_site":"@Exaudi_News","twitter_misc":{"Scritto da":"Exaudi Redazione","Tempo di lettura stimato":"2 minuti"},"schema":{"@context":"https:\/\/schema.org","@graph":[{"@type":"Article","@id":"https:\/\/exaudi.org\/it\/22-dicembre-quarta-domenica-di-avvento\/#article","isPartOf":{"@id":"https:\/\/exaudi.org\/it\/22-dicembre-quarta-domenica-di-avvento\/"},"author":{"name":"Exaudi Redazione","@id":"https:\/\/exaudi.org\/#\/schema\/person\/e1ab6ed07c01774724dd96f925f3a5f0"},"headline":"22 dicembre: quarta domenica di Avvento","datePublished":"2024-12-22T16:06:26+00:00","mainEntityOfPage":{"@id":"https:\/\/exaudi.org\/it\/22-dicembre-quarta-domenica-di-avvento\/"},"wordCount":390,"image":{"@id":"https:\/\/exaudi.org\/it\/22-dicembre-quarta-domenica-di-avvento\/#primaryimage"},"thumbnailUrl":"https:\/\/exaudi.org\/wp-content\/uploads\/2024\/12\/pexels-rccbtn-6233138-scaled-e1734346253248-1155x770-1.jpg","keywords":["22 dicembre","AMORE DI DIO","Avvento","Avvento 2024","azione di Dio","famiglia","fede","gratitudine","LODE","MAGNIFICAT","Maria","natale","preghiera","preparazione al Natale","Quarta domenica di Avvento","scopo per un giorno","speranza","Trending","umilt\u00e0","Vangelo di Luca","vivete il Natale in famiglia"],"articleSection":["Chiesa e Mondo"],"inLanguage":"it-IT"},{"@type":"WebPage","@id":"https:\/\/exaudi.org\/it\/22-dicembre-quarta-domenica-di-avvento\/","url":"https:\/\/exaudi.org\/it\/22-dicembre-quarta-domenica-di-avvento\/","name":"22 dicembre: quarta domenica di Avvento &#8211; Exaudi","isPartOf":{"@id":"https:\/\/exaudi.org\/#website"},"primaryImageOfPage":{"@id":"https:\/\/exaudi.org\/it\/22-dicembre-quarta-domenica-di-avvento\/#primaryimage"},"image":{"@id":"https:\/\/exaudi.org\/it\/22-dicembre-quarta-domenica-di-avvento\/#primaryimage"},"thumbnailUrl":"https:\/\/exaudi.org\/wp-content\/uploads\/2024\/12\/pexels-rccbtn-6233138-scaled-e1734346253248-1155x770-1.jpg","datePublished":"2024-12-22T16:06:26+00:00","author":{"@id":"https:\/\/exaudi.org\/#\/schema\/person\/e1ab6ed07c01774724dd96f925f3a5f0"},"breadcrumb":{"@id":"https:\/\/exaudi.org\/it\/22-dicembre-quarta-domenica-di-avvento\/#breadcrumb"},"inLanguage":"it-IT","potentialAction":[{"@type":"ReadAction","target":["https:\/\/exaudi.org\/it\/22-dicembre-quarta-domenica-di-avvento\/"]}]},{"@type":"ImageObject","inLanguage":"it-IT","@id":"https:\/\/exaudi.org\/it\/22-dicembre-quarta-domenica-di-avvento\/#primaryimage","url":"https:\/\/exaudi.org\/wp-content\/uploads\/2024\/12\/pexels-rccbtn-6233138-scaled-e1734346253248-1155x770-1.jpg","contentUrl":"https:\/\/exaudi.org\/wp-content\/uploads\/2024\/12\/pexels-rccbtn-6233138-scaled-e1734346253248-1155x770-1.jpg","width":1155,"height":770,"caption":"Pexels . Bastian Riccardi"},{"@type":"BreadcrumbList","@id":"https:\/\/exaudi.org\/it\/22-dicembre-quarta-domenica-di-avvento\/#breadcrumb","itemListElement":[{"@type":"ListItem","position":1,"name":"Portada","item":"https:\/\/exaudi.org\/it\/"},{"@type":"ListItem","position":2,"name":"22 dicembre: quarta domenica di Avvento"}]},{"@type":"WebSite","@id":"https:\/\/exaudi.org\/#website","url":"https:\/\/exaudi.org\/","name":"Exaudi","description":"News","potentialAction":[{"@type":"SearchAction","target":{"@type":"EntryPoint","urlTemplate":"https:\/\/exaudi.org\/?s={search_term_string}"},"query-input":{"@type":"PropertyValueSpecification","valueRequired":true,"valueName":"search_term_string"}}],"inLanguage":"it-IT"},{"@type":"Person","@id":"https:\/\/exaudi.org\/#\/schema\/person\/e1ab6ed07c01774724dd96f925f3a5f0","name":"Exaudi Redazione","image":{"@type":"ImageObject","inLanguage":"it-IT","@id":"https:\/\/secure.gravatar.com\/avatar\/ad6774b3ada023bf5b939d64f45c94b3adf91502dd883507d469b4308a943bb3?s=96&d=mm&r=g","url":"https:\/\/secure.gravatar.com\/avatar\/ad6774b3ada023bf5b939d64f45c94b3adf91502dd883507d469b4308a943bb3?s=96&d=mm&r=g","contentUrl":"https:\/\/secure.gravatar.com\/avatar\/ad6774b3ada023bf5b939d64f45c94b3adf91502dd883507d469b4308a943bb3?s=96&d=mm&r=g","caption":"Exaudi Redazione"},"description":"Che cosa \u00e8 Exaudi News? Exaudi News \u00e8 un agenzia cattolica internazionale che informa, istruisce e trasforma quotidianamente in spagnolo, inglese e italiano. Attraverso notizie, articoli di analisi e trasmissioni in diretta degli eventi del Papa, Exaudi cerca di rafforzare l'unit\u00e0 dei cristiani e di contribuire all'evangelizzazione del mondo, sempre guidato dalla dottrina sociale della Chiesa. Lavoriamo per portare la verit\u00e0 e i valori cristiani in ogni angolo del pianeta. Aiutaci a trasformare il mondo con Exaudi! Noi di Exaudi crediamo che l'evangelizzazione e l'informazione di qualit\u00e0 possano cambiare la vita. Per continuare la nostra missione ed espandere la nostra portata, abbiamo bisogno del tuo aiuto. Stiamo anche cercando persone motivate che vogliano unirsi al nostro team. Grazie al vostro sostegno raggiungeremo pi\u00f9 persone, diffonderemo il messaggio di Cristo e rafforzeremo l'unit\u00e0 dei cristiani. Vuoi unirti alla nostra missione? Per maggiori informazioni su come contribuire, visita Exaudi.org\/it o contattaci direttamente: info@exaudi.org Exaudi: informa, forma e trasforma.","sameAs":["https:\/\/www.facebook.com\/ExaudiNotizie\/","https:\/\/www.instagram.com\/Exaudi_notizie\/","https:\/\/x.com\/Exaudi_Notizie","https:\/\/www.youtube.com\/@exaudicatholicnews"],"url":"https:\/\/exaudi.org\/it\/author\/dlvedi-org\/"}]}},"jetpack_featured_media_url":"https:\/\/exaudi.org\/wp-content\/uploads\/2024\/12\/pexels-rccbtn-6233138-scaled-e1734346253248-1155x770-1.jpg","jetpack_shortlink":"https:\/\/wp.me\/pgKjF2-u3o","_links":{"self":[{"href":"https:\/\/exaudi.org\/it\/wp-json\/wp\/v2\/posts\/115530","targetHints":{"allow":["GET"]}}],"collection":[{"href":"https:\/\/exaudi.org\/it\/wp-json\/wp\/v2\/posts"}],"about":[{"href":"https:\/\/exaudi.org\/it\/wp-json\/wp\/v2\/types\/post"}],"author":[{"embeddable":true,"href":"https:\/\/exaudi.org\/it\/wp-json\/wp\/v2\/users\/17"}],"replies":[{"embeddable":true,"href":"https:\/\/exaudi.org\/it\/wp-json\/wp\/v2\/comments?post=115530"}],"version-history":[{"count":0,"href":"https:\/\/exaudi.org\/it\/wp-json\/wp\/v2\/posts\/115530\/revisions"}],"wp:featuredmedia":[{"embeddable":true,"href":"https:\/\/exaudi.org\/it\/wp-json\/wp\/v2\/media\/115537"}],"wp:attachment":[{"href":"https:\/\/exaudi.org\/it\/wp-json\/wp\/v2\/media?parent=115530"}],"wp:term":[{"taxonomy":"category","embeddable":true,"href":"https:\/\/exaudi.org\/it\/wp-json\/wp\/v2\/categories?post=115530"},{"taxonomy":"post_tag","embeddable":true,"href":"https:\/\/exaudi.org\/it\/wp-json\/wp\/v2\/tags?post=115530"}],"curies":[{"name":"wp","href":"https:\/\/api.w.org\/{rel}","templated":true}]}}