{"id":11516,"date":"2021-04-14T11:17:54","date_gmt":"2021-04-14T09:17:54","guid":{"rendered":"https:\/\/exaudi.org\/?p=11516"},"modified":"2021-04-14T11:47:29","modified_gmt":"2021-04-14T09:47:29","slug":"la-chiesa-scuola-di-fede-e-di-preghiera","status":"publish","type":"post","link":"https:\/\/exaudi.org\/it\/la-chiesa-scuola-di-fede-e-di-preghiera\/","title":{"rendered":"La Chiesa scuola di fede e di preghiera"},"content":{"rendered":"<p>Nell\u2019udienza generale del mercoled\u00ec, nella Biblioteca del Palazzo Apostolico Vaticano, Papa Francesco ha continuato il suo ciclo di catechesi e ha incentrato la sua meditazione sul tema: \u201cLa Chiesa maestra di preghiera\u201d. Ecco il testo integrale della sua riflessione:<\/p>\n<p>Cari fratelli e sorelle, buongiorno! La Chiesa \u00e8 una grande scuola di preghiera. Molti di noi hanno imparato a sillabare le prime orazioni stando sulle ginocchia dei genitori o dei nonni. Forse custodiamo il ricordo della mamma e del pap\u00e0 che ci insegnavano a recitare le preghiere prima di andare a dormire. Quei momenti di raccoglimento sono spesso quelli in cui i genitori ascoltano dai figli qualche confidenza intima e possono dare il loro consiglio ispirato dal Vangelo.<\/p>\n<h4>Altri testimoni<\/h4>\n<p>Poi, nel cammino della crescita, si fanno altri incontri, con altri testimoni e maestri di preghiera. Fa bene ricordarli. La vita di una parrocchia e di ogni comunit\u00e0 cristiana \u00e8 scandita dai tempi della liturgia e della preghiera comunitaria. Quel dono che nell\u2019infanzia abbiamo ricevuto con semplicit\u00e0, ci accorgiamo che \u00e8 un patrimonio grande, un patrimonio e ricchissimo, e che l\u2019esperienza della preghiera merita di essere approfondita sempre di pi\u00f9.<\/p>\n<h4>Respiro della fede<\/h4>\n<p>L\u2019abito della fede non \u00e8 inamidato, si sviluppa con noi; non \u00e8 rigido, cresce, anche attraverso momenti di crisi e risurrezioni; anzi, non si pu\u00f2 crescere senza momenti di crisi, perch\u00e9 la crisi ti fa crescere: \u00e8 un modo necessario per crescere entrare in crisi. E il respiro della fede \u00e8 la preghiera: cresciamo nella fede tanto quanto impariamo a pregare. Dopo certi passaggi della vita, ci accorgiamo che senza la fede non avremmo potuto farcela e che la preghiera \u00e8 stata la nostra forza. Non solo la preghiera personale, ma anche quella dei fratelli e delle sorelle, e della comunit\u00e0 che ci ha accompagnato e sostenuto, della gente che ci conosce, della gente alla quale chiediamo di pregare per noi.<\/p>\n<h4>Oasi di spiritualit\u00e0<\/h4>\n<p>Anche per questo nella Chiesa fioriscono in continuazione comunit\u00e0 e gruppi dediti alla preghiera. Qualche cristiano sente perfino la chiamata a fare della preghiera l\u2019azione principale delle sue giornate. Nella Chiesa ci sono monasteri, ci sono conventi, eremi, dove vivono persone consacrate a Dio e che spesso diventano centri di irradiazione spirituale. Sono comunit\u00e0 di preghiera che irradiano spiritualit\u00e0. Sono piccole oasi in cui si condivide una preghiera intensa e si costruisce giorno per giorno la comunione fraterna. Sono cellule vitali, non solo per il tessuto ecclesiale ma per la societ\u00e0 stessa<\/p>\n<p>Pensiamo, per esempio, al ruolo che ha avuto il monachesimo per la nascita e la crescita della civilt\u00e0 europea, e anche in altre culture. Pregare e lavorare in comunit\u00e0 manda avanti il mondo. \u00c8 un motore. Tutto nella Chiesa nasce nella preghiera, e tutto cresce grazie alla preghiera. Quando il Nemico, il Maligno, vuole combattere la Chiesa, lo fa prima di tutto cercando di prosciugare le sue fonti, impedendole di pregare<\/p>\n<h4>Senza orazione non c\u2019\u00e8 cambiamento reale<\/h4>\n<p>Per esempio, lo vediamo in certi gruppi che si mettono d\u2019accordo per portare avanti riforme ecclesiali, cambiamenti nella vita della Chiesa\u2026 Ci sono tutte le organizzazioni, ci sono i media che informano tutti\u2026 Ma la preghiera non si vede, non si prega. \u201cDobbiamo cambiare questo, dobbiamo prendere questa decisione che \u00e8 un po\u2019 forte\u2026\u201d. \u00c8 interessante la proposta, \u00e8 interessante, solo con la discussione, solo con i media, ma dov\u2019\u00e8 la preghiera?<\/p>\n<p>La preghiera \u00e8 quella che apre la porta allo Spirito Santo, che \u00e8 quello che ispira per andare avanti. I cambiamenti nella Chiesa senza preghiera non sono cambiamenti di Chiesa, sono cambiamenti di gruppo. E quando il Nemico \u2013 come ho detto \u2013 vuole combattere la Chiesa, lo fa prima di tutto cercando di prosciugare le sue fonti, impedendole di pregare, e [inducendola a] fare queste altre proposte.<\/p>\n<p>Se cessa la preghiera, per un po\u2019 sembra che tutto possa andare avanti come sempre \u2013 per inerzia \u2013, ma dopo poco tempo la Chiesa si accorge di essere diventata come un involucro vuoto, di aver smarrito l\u2019asse portante, di non possedere pi\u00f9 la sorgente del calore e dell\u2019amore.<\/p>\n<h4>La forza dei santi<\/h4>\n<p>Le donne e gli uomini santi non hanno una vita pi\u00f9 facile degli altri, anzi, hanno anch\u2019essi i loro problemi da affrontare e, in pi\u00f9, sono spesso oggetto di opposizioni. Ma la loro forza \u00e8 la preghiera, che attingono sempre dal \u201cpozzo\u201d inesauribile della madre Chiesa. Con la preghiera alimentano la fiamma della loro fede, come si faceva con l\u2019olio delle lampade. E cos\u00ec vanno avanti camminando nella fede e nella speranza. I santi, che spesso agli occhi del mondo contano poco, in realt\u00e0 sono quelli che lo sostengono, non con le armi del denaro e del potere, dei media di comunicazione e cos\u00ec via, ma con le armi della preghiera.<\/p>\n<h4>Gli \u201cimprenditori della fede\u201d<\/h4>\n<p>Nel Vangelo di Luca, Ges\u00f9 pone una domanda drammatica che sempre ci fa riflettere: \u00abIl Figlio dell\u2019uomo, quando verr\u00e0, trover\u00e0 la fede sulla terra?\u00bb, o trover\u00e0 soltanto organizzazioni, come un gruppo di \u201cimprenditori della fede\u201d, tutti organizzati bene, che fanno della beneficenza, tante cose\u2026, o trover\u00e0 fede? \u00abIl Figlio dell\u2019uomo, quando verr\u00e0, trover\u00e0 la fede sulla terra?\u00bb. Questa domanda sta alla fine di una parabola che mostra la necessit\u00e0 di pregare con perseveranza, senza stancarsi.<\/p>\n<h4>Come prego?<\/h4>\n<p>Dunque, possiamo concludere che la lampada della fede sar\u00e0 sempre accesa sulla terra finch\u00e9 ci sar\u00e0 l\u2019olio della preghiera. La lampada della vera fede della Chiesa sar\u00e0 sempre accesa sulla terra finch\u00e9 ci sar\u00e0 l\u2019olio della preghiera. \u00c8 quello che porta avanti la fede e porta avanti la nostra povera vita, debole, peccatrice, ma la preghiera la porta avanti con sicurezza. \u00c8 una domanda che noi cristiani dobbiamo farci: prego? Preghiamo? Come prego? Come dei pappagalli o prego con il cuore? Come prego? Prego sicuro che sono nella Chiesa e prego con la Chiesa, o prego un po\u2019 secondo le mie idee e faccio che le mie idee diventino preghiera? Questa \u00e8 una preghiera pagana, non cristiana.<\/p>\n<h4>L\u2019olio della fiaccola<\/h4>\n<p>Ripeto: possiamo concludere che la lampada della fede sar\u00e0 sempre accesa sulla terra finch\u00e9 ci sar\u00e0 l\u2019olio della preghiera. E questo \u00e8 un compito essenziale della Chiesa: pregare e educare a pregare. Trasmettere di generazione in generazione la lampada della fede con l\u2019olio della preghiera. La lampada della fede che illumina, che sistema le cose davvero come sono, ma che pu\u00f2 andare avanti solo con l\u2019olio della preghiera. Altrimenti si spegne.<\/p>\n<p>Senza la luce di questa lampada, non potremmo vedere la strada per evangelizzare, anzi, non potremmo vedere la strada per credere bene; non potremmo vedere i volti dei fratelli da avvicinare e da servire; non potremmo illuminare la stanza dove incontrarci in comunit\u00e0\u2026 Senza la fede, tutto crolla; e senza la preghiera, la fede si spegne. Fede e preghiera, insieme. Non c\u2019\u00e8 un\u2019altra via. Per questo la Chiesa, che \u00e8 casa e scuola di comunione, \u00e8 casa e scuola di fede e di preghiera.<\/p>\n","protected":false},"excerpt":{"rendered":"<p>Nella sua catechesi il S. Padre ha invitato a chiederci se preghiamo e come preghiamo<\/p>\n","protected":false},"author":17,"featured_media":11530,"comment_status":"closed","ping_status":"closed","sticky":false,"template":"","format":"standard","meta":{"_acf_changed":false,"_crdt_document":"","inline_featured_image":false,"footnotes":""},"categories":[58,67,536,111,297],"tags":[1209,251,578,579],"class_list":["post-11516","post","type-post","status-publish","format-standard","has-post-thumbnail","hentry","category-featured-news","category-leone-xiv","category-special-it","category-udienza-generale","category-ultime-notizie","tag-fede","tag-papa-francesco","tag-preghiera","tag-udienza-generale"],"acf":[],"yoast_head":"<!-- This site is optimized with the Yoast SEO plugin v27.4 - https:\/\/yoast.com\/product\/yoast-seo-wordpress\/ -->\n<title>La Chiesa scuola di fede e di preghiera &#8211; Exaudi<\/title>\n<meta name=\"description\" content=\"La Chiesa \u00e8 scuola di fede e preghiera: lo ha detto il Papa durante la catechesi dell&#039;udienza generale invitando a chiederci come preghiamo\" \/>\n<meta name=\"robots\" content=\"index, follow, max-snippet:-1, max-image-preview:large, max-video-preview:-1\" \/>\n<link rel=\"canonical\" href=\"https:\/\/exaudi.org\/it\/la-chiesa-scuola-di-fede-e-di-preghiera\/\" \/>\n<meta property=\"og:locale\" content=\"it_IT\" \/>\n<meta property=\"og:type\" content=\"article\" \/>\n<meta property=\"og:title\" content=\"La Chiesa scuola di fede e di preghiera &#8211; Exaudi\" \/>\n<meta property=\"og:description\" content=\"La Chiesa \u00e8 scuola di fede e preghiera: lo ha detto il Papa durante la catechesi dell&#039;udienza generale invitando a chiederci come preghiamo\" \/>\n<meta property=\"og:url\" content=\"https:\/\/exaudi.org\/it\/la-chiesa-scuola-di-fede-e-di-preghiera\/\" \/>\n<meta property=\"og:site_name\" content=\"Exaudi\" \/>\n<meta property=\"article:publisher\" content=\"https:\/\/www.facebook.com\/ExaudiNews\" \/>\n<meta property=\"article:author\" content=\"https:\/\/www.facebook.com\/ExaudiNotizie\/\" \/>\n<meta property=\"article:published_time\" content=\"2021-04-14T09:17:54+00:00\" \/>\n<meta property=\"article:modified_time\" content=\"2021-04-14T09:47:29+00:00\" \/>\n<meta property=\"og:image\" content=\"https:\/\/exaudi.org\/wp-content\/uploads\/2021\/04\/DSC5632803-scaled.jpg\" \/>\n\t<meta property=\"og:image:width\" content=\"2560\" \/>\n\t<meta property=\"og:image:height\" content=\"1703\" \/>\n\t<meta property=\"og:image:type\" content=\"image\/jpeg\" \/>\n<meta name=\"author\" content=\"Exaudi Redazione\" \/>\n<meta name=\"twitter:card\" content=\"summary_large_image\" \/>\n<meta name=\"twitter:creator\" content=\"@Exaudi_Notizie\" \/>\n<meta name=\"twitter:site\" content=\"@Exaudi_News\" \/>\n<meta name=\"twitter:label1\" content=\"Scritto da\" \/>\n\t<meta name=\"twitter:data1\" content=\"Exaudi Redazione\" \/>\n\t<meta name=\"twitter:label2\" content=\"Tempo di lettura stimato\" \/>\n\t<meta name=\"twitter:data2\" content=\"6 minuti\" \/>\n<script type=\"application\/ld+json\" class=\"yoast-schema-graph\">{\"@context\":\"https:\\\/\\\/schema.org\",\"@graph\":[{\"@type\":\"Article\",\"@id\":\"https:\\\/\\\/exaudi.org\\\/it\\\/la-chiesa-scuola-di-fede-e-di-preghiera\\\/#article\",\"isPartOf\":{\"@id\":\"https:\\\/\\\/exaudi.org\\\/it\\\/la-chiesa-scuola-di-fede-e-di-preghiera\\\/\"},\"author\":{\"name\":\"Exaudi Redazione\",\"@id\":\"https:\\\/\\\/exaudi.org\\\/#\\\/schema\\\/person\\\/e1ab6ed07c01774724dd96f925f3a5f0\"},\"headline\":\"La Chiesa scuola di fede e di preghiera\",\"datePublished\":\"2021-04-14T09:17:54+00:00\",\"dateModified\":\"2021-04-14T09:47:29+00:00\",\"mainEntityOfPage\":{\"@id\":\"https:\\\/\\\/exaudi.org\\\/it\\\/la-chiesa-scuola-di-fede-e-di-preghiera\\\/\"},\"wordCount\":1147,\"image\":{\"@id\":\"https:\\\/\\\/exaudi.org\\\/it\\\/la-chiesa-scuola-di-fede-e-di-preghiera\\\/#primaryimage\"},\"thumbnailUrl\":\"https:\\\/\\\/exaudi.org\\\/wp-content\\\/uploads\\\/2021\\\/04\\\/DSC5632803-scaled.jpg\",\"keywords\":[\"fede\",\"Papa Francesco\",\"preghiera\",\"udienza generale\"],\"articleSection\":[\"Featured News\",\"Leone XIV\",\"Special\",\"Udienza generale\",\"Ultime Notizie\"],\"inLanguage\":\"it-IT\"},{\"@type\":\"WebPage\",\"@id\":\"https:\\\/\\\/exaudi.org\\\/it\\\/la-chiesa-scuola-di-fede-e-di-preghiera\\\/\",\"url\":\"https:\\\/\\\/exaudi.org\\\/it\\\/la-chiesa-scuola-di-fede-e-di-preghiera\\\/\",\"name\":\"La Chiesa scuola di fede e di preghiera &#8211; Exaudi\",\"isPartOf\":{\"@id\":\"https:\\\/\\\/exaudi.org\\\/#website\"},\"primaryImageOfPage\":{\"@id\":\"https:\\\/\\\/exaudi.org\\\/it\\\/la-chiesa-scuola-di-fede-e-di-preghiera\\\/#primaryimage\"},\"image\":{\"@id\":\"https:\\\/\\\/exaudi.org\\\/it\\\/la-chiesa-scuola-di-fede-e-di-preghiera\\\/#primaryimage\"},\"thumbnailUrl\":\"https:\\\/\\\/exaudi.org\\\/wp-content\\\/uploads\\\/2021\\\/04\\\/DSC5632803-scaled.jpg\",\"datePublished\":\"2021-04-14T09:17:54+00:00\",\"dateModified\":\"2021-04-14T09:47:29+00:00\",\"author\":{\"@id\":\"https:\\\/\\\/exaudi.org\\\/#\\\/schema\\\/person\\\/e1ab6ed07c01774724dd96f925f3a5f0\"},\"description\":\"La Chiesa \u00e8 scuola di fede e preghiera: lo ha detto il Papa durante la catechesi dell'udienza generale invitando a chiederci come preghiamo\",\"breadcrumb\":{\"@id\":\"https:\\\/\\\/exaudi.org\\\/it\\\/la-chiesa-scuola-di-fede-e-di-preghiera\\\/#breadcrumb\"},\"inLanguage\":\"it-IT\",\"potentialAction\":[{\"@type\":\"ReadAction\",\"target\":[\"https:\\\/\\\/exaudi.org\\\/it\\\/la-chiesa-scuola-di-fede-e-di-preghiera\\\/\"]}]},{\"@type\":\"ImageObject\",\"inLanguage\":\"it-IT\",\"@id\":\"https:\\\/\\\/exaudi.org\\\/it\\\/la-chiesa-scuola-di-fede-e-di-preghiera\\\/#primaryimage\",\"url\":\"https:\\\/\\\/exaudi.org\\\/wp-content\\\/uploads\\\/2021\\\/04\\\/DSC5632803-scaled.jpg\",\"contentUrl\":\"https:\\\/\\\/exaudi.org\\\/wp-content\\\/uploads\\\/2021\\\/04\\\/DSC5632803-scaled.jpg\",\"width\":2560,\"height\":1703,\"caption\":\"L'udienza generale \u00a9 Vatican Media\"},{\"@type\":\"BreadcrumbList\",\"@id\":\"https:\\\/\\\/exaudi.org\\\/it\\\/la-chiesa-scuola-di-fede-e-di-preghiera\\\/#breadcrumb\",\"itemListElement\":[{\"@type\":\"ListItem\",\"position\":1,\"name\":\"Portada\",\"item\":\"https:\\\/\\\/exaudi.org\\\/it\\\/\"},{\"@type\":\"ListItem\",\"position\":2,\"name\":\"La Chiesa scuola di fede e di preghiera\"}]},{\"@type\":\"WebSite\",\"@id\":\"https:\\\/\\\/exaudi.org\\\/#website\",\"url\":\"https:\\\/\\\/exaudi.org\\\/\",\"name\":\"Exaudi\",\"description\":\"News\",\"potentialAction\":[{\"@type\":\"SearchAction\",\"target\":{\"@type\":\"EntryPoint\",\"urlTemplate\":\"https:\\\/\\\/exaudi.org\\\/?s={search_term_string}\"},\"query-input\":{\"@type\":\"PropertyValueSpecification\",\"valueRequired\":true,\"valueName\":\"search_term_string\"}}],\"inLanguage\":\"it-IT\"},{\"@type\":\"Person\",\"@id\":\"https:\\\/\\\/exaudi.org\\\/#\\\/schema\\\/person\\\/e1ab6ed07c01774724dd96f925f3a5f0\",\"name\":\"Exaudi Redazione\",\"image\":{\"@type\":\"ImageObject\",\"inLanguage\":\"it-IT\",\"@id\":\"https:\\\/\\\/secure.gravatar.com\\\/avatar\\\/ad6774b3ada023bf5b939d64f45c94b3adf91502dd883507d469b4308a943bb3?s=96&d=mm&r=g\",\"url\":\"https:\\\/\\\/secure.gravatar.com\\\/avatar\\\/ad6774b3ada023bf5b939d64f45c94b3adf91502dd883507d469b4308a943bb3?s=96&d=mm&r=g\",\"contentUrl\":\"https:\\\/\\\/secure.gravatar.com\\\/avatar\\\/ad6774b3ada023bf5b939d64f45c94b3adf91502dd883507d469b4308a943bb3?s=96&d=mm&r=g\",\"caption\":\"Exaudi Redazione\"},\"description\":\"Che cosa \u00e8 Exaudi News? Exaudi News \u00e8 un agenzia cattolica internazionale che informa, istruisce e trasforma quotidianamente in spagnolo, inglese e italiano. Attraverso notizie, articoli di analisi e trasmissioni in diretta degli eventi del Papa, Exaudi cerca di rafforzare l'unit\u00e0 dei cristiani e di contribuire all'evangelizzazione del mondo, sempre guidato dalla dottrina sociale della Chiesa. Lavoriamo per portare la verit\u00e0 e i valori cristiani in ogni angolo del pianeta. Aiutaci a trasformare il mondo con Exaudi! Noi di Exaudi crediamo che l'evangelizzazione e l'informazione di qualit\u00e0 possano cambiare la vita. Per continuare la nostra missione ed espandere la nostra portata, abbiamo bisogno del tuo aiuto. Stiamo anche cercando persone motivate che vogliano unirsi al nostro team. Grazie al vostro sostegno raggiungeremo pi\u00f9 persone, diffonderemo il messaggio di Cristo e rafforzeremo l'unit\u00e0 dei cristiani. Vuoi unirti alla nostra missione? Per maggiori informazioni su come contribuire, visita Exaudi.org\\\/it o contattaci direttamente: info@exaudi.org Exaudi: informa, forma e trasforma.\",\"sameAs\":[\"https:\\\/\\\/www.facebook.com\\\/ExaudiNotizie\\\/\",\"https:\\\/\\\/www.instagram.com\\\/Exaudi_notizie\\\/\",\"https:\\\/\\\/x.com\\\/Exaudi_Notizie\",\"https:\\\/\\\/www.youtube.com\\\/@exaudicatholicnews\"],\"url\":\"https:\\\/\\\/exaudi.org\\\/it\\\/author\\\/dlvedi-org\\\/\"}]}<\/script>\n<!-- \/ Yoast SEO plugin. -->","yoast_head_json":{"title":"La Chiesa scuola di fede e di preghiera &#8211; Exaudi","description":"La Chiesa \u00e8 scuola di fede e preghiera: lo ha detto il Papa durante la catechesi dell'udienza generale invitando a chiederci come preghiamo","robots":{"index":"index","follow":"follow","max-snippet":"max-snippet:-1","max-image-preview":"max-image-preview:large","max-video-preview":"max-video-preview:-1"},"canonical":"https:\/\/exaudi.org\/it\/la-chiesa-scuola-di-fede-e-di-preghiera\/","og_locale":"it_IT","og_type":"article","og_title":"La Chiesa scuola di fede e di preghiera &#8211; Exaudi","og_description":"La Chiesa \u00e8 scuola di fede e preghiera: lo ha detto il Papa durante la catechesi dell'udienza generale invitando a chiederci come preghiamo","og_url":"https:\/\/exaudi.org\/it\/la-chiesa-scuola-di-fede-e-di-preghiera\/","og_site_name":"Exaudi","article_publisher":"https:\/\/www.facebook.com\/ExaudiNews","article_author":"https:\/\/www.facebook.com\/ExaudiNotizie\/","article_published_time":"2021-04-14T09:17:54+00:00","article_modified_time":"2021-04-14T09:47:29+00:00","og_image":[{"width":2560,"height":1703,"url":"https:\/\/exaudi.org\/wp-content\/uploads\/2021\/04\/DSC5632803-scaled.jpg","type":"image\/jpeg"}],"author":"Exaudi Redazione","twitter_card":"summary_large_image","twitter_creator":"@Exaudi_Notizie","twitter_site":"@Exaudi_News","twitter_misc":{"Scritto da":"Exaudi Redazione","Tempo di lettura stimato":"6 minuti"},"schema":{"@context":"https:\/\/schema.org","@graph":[{"@type":"Article","@id":"https:\/\/exaudi.org\/it\/la-chiesa-scuola-di-fede-e-di-preghiera\/#article","isPartOf":{"@id":"https:\/\/exaudi.org\/it\/la-chiesa-scuola-di-fede-e-di-preghiera\/"},"author":{"name":"Exaudi Redazione","@id":"https:\/\/exaudi.org\/#\/schema\/person\/e1ab6ed07c01774724dd96f925f3a5f0"},"headline":"La Chiesa scuola di fede e di preghiera","datePublished":"2021-04-14T09:17:54+00:00","dateModified":"2021-04-14T09:47:29+00:00","mainEntityOfPage":{"@id":"https:\/\/exaudi.org\/it\/la-chiesa-scuola-di-fede-e-di-preghiera\/"},"wordCount":1147,"image":{"@id":"https:\/\/exaudi.org\/it\/la-chiesa-scuola-di-fede-e-di-preghiera\/#primaryimage"},"thumbnailUrl":"https:\/\/exaudi.org\/wp-content\/uploads\/2021\/04\/DSC5632803-scaled.jpg","keywords":["fede","Papa Francesco","preghiera","udienza generale"],"articleSection":["Featured News","Leone XIV","Special","Udienza generale","Ultime Notizie"],"inLanguage":"it-IT"},{"@type":"WebPage","@id":"https:\/\/exaudi.org\/it\/la-chiesa-scuola-di-fede-e-di-preghiera\/","url":"https:\/\/exaudi.org\/it\/la-chiesa-scuola-di-fede-e-di-preghiera\/","name":"La Chiesa scuola di fede e di preghiera &#8211; Exaudi","isPartOf":{"@id":"https:\/\/exaudi.org\/#website"},"primaryImageOfPage":{"@id":"https:\/\/exaudi.org\/it\/la-chiesa-scuola-di-fede-e-di-preghiera\/#primaryimage"},"image":{"@id":"https:\/\/exaudi.org\/it\/la-chiesa-scuola-di-fede-e-di-preghiera\/#primaryimage"},"thumbnailUrl":"https:\/\/exaudi.org\/wp-content\/uploads\/2021\/04\/DSC5632803-scaled.jpg","datePublished":"2021-04-14T09:17:54+00:00","dateModified":"2021-04-14T09:47:29+00:00","author":{"@id":"https:\/\/exaudi.org\/#\/schema\/person\/e1ab6ed07c01774724dd96f925f3a5f0"},"description":"La Chiesa \u00e8 scuola di fede e preghiera: lo ha detto il Papa durante la catechesi dell'udienza generale invitando a chiederci come preghiamo","breadcrumb":{"@id":"https:\/\/exaudi.org\/it\/la-chiesa-scuola-di-fede-e-di-preghiera\/#breadcrumb"},"inLanguage":"it-IT","potentialAction":[{"@type":"ReadAction","target":["https:\/\/exaudi.org\/it\/la-chiesa-scuola-di-fede-e-di-preghiera\/"]}]},{"@type":"ImageObject","inLanguage":"it-IT","@id":"https:\/\/exaudi.org\/it\/la-chiesa-scuola-di-fede-e-di-preghiera\/#primaryimage","url":"https:\/\/exaudi.org\/wp-content\/uploads\/2021\/04\/DSC5632803-scaled.jpg","contentUrl":"https:\/\/exaudi.org\/wp-content\/uploads\/2021\/04\/DSC5632803-scaled.jpg","width":2560,"height":1703,"caption":"L'udienza generale \u00a9 Vatican Media"},{"@type":"BreadcrumbList","@id":"https:\/\/exaudi.org\/it\/la-chiesa-scuola-di-fede-e-di-preghiera\/#breadcrumb","itemListElement":[{"@type":"ListItem","position":1,"name":"Portada","item":"https:\/\/exaudi.org\/it\/"},{"@type":"ListItem","position":2,"name":"La Chiesa scuola di fede e di preghiera"}]},{"@type":"WebSite","@id":"https:\/\/exaudi.org\/#website","url":"https:\/\/exaudi.org\/","name":"Exaudi","description":"News","potentialAction":[{"@type":"SearchAction","target":{"@type":"EntryPoint","urlTemplate":"https:\/\/exaudi.org\/?s={search_term_string}"},"query-input":{"@type":"PropertyValueSpecification","valueRequired":true,"valueName":"search_term_string"}}],"inLanguage":"it-IT"},{"@type":"Person","@id":"https:\/\/exaudi.org\/#\/schema\/person\/e1ab6ed07c01774724dd96f925f3a5f0","name":"Exaudi Redazione","image":{"@type":"ImageObject","inLanguage":"it-IT","@id":"https:\/\/secure.gravatar.com\/avatar\/ad6774b3ada023bf5b939d64f45c94b3adf91502dd883507d469b4308a943bb3?s=96&d=mm&r=g","url":"https:\/\/secure.gravatar.com\/avatar\/ad6774b3ada023bf5b939d64f45c94b3adf91502dd883507d469b4308a943bb3?s=96&d=mm&r=g","contentUrl":"https:\/\/secure.gravatar.com\/avatar\/ad6774b3ada023bf5b939d64f45c94b3adf91502dd883507d469b4308a943bb3?s=96&d=mm&r=g","caption":"Exaudi Redazione"},"description":"Che cosa \u00e8 Exaudi News? Exaudi News \u00e8 un agenzia cattolica internazionale che informa, istruisce e trasforma quotidianamente in spagnolo, inglese e italiano. Attraverso notizie, articoli di analisi e trasmissioni in diretta degli eventi del Papa, Exaudi cerca di rafforzare l'unit\u00e0 dei cristiani e di contribuire all'evangelizzazione del mondo, sempre guidato dalla dottrina sociale della Chiesa. Lavoriamo per portare la verit\u00e0 e i valori cristiani in ogni angolo del pianeta. Aiutaci a trasformare il mondo con Exaudi! Noi di Exaudi crediamo che l'evangelizzazione e l'informazione di qualit\u00e0 possano cambiare la vita. Per continuare la nostra missione ed espandere la nostra portata, abbiamo bisogno del tuo aiuto. Stiamo anche cercando persone motivate che vogliano unirsi al nostro team. Grazie al vostro sostegno raggiungeremo pi\u00f9 persone, diffonderemo il messaggio di Cristo e rafforzeremo l'unit\u00e0 dei cristiani. Vuoi unirti alla nostra missione? Per maggiori informazioni su come contribuire, visita Exaudi.org\/it o contattaci direttamente: info@exaudi.org Exaudi: informa, forma e trasforma.","sameAs":["https:\/\/www.facebook.com\/ExaudiNotizie\/","https:\/\/www.instagram.com\/Exaudi_notizie\/","https:\/\/x.com\/Exaudi_Notizie","https:\/\/www.youtube.com\/@exaudicatholicnews"],"url":"https:\/\/exaudi.org\/it\/author\/dlvedi-org\/"}]}},"jetpack_featured_media_url":"https:\/\/exaudi.org\/wp-content\/uploads\/2021\/04\/DSC5632803-scaled.jpg","jetpack_shortlink":"https:\/\/wp.me\/pgKjF2-2ZK","_links":{"self":[{"href":"https:\/\/exaudi.org\/it\/wp-json\/wp\/v2\/posts\/11516","targetHints":{"allow":["GET"]}}],"collection":[{"href":"https:\/\/exaudi.org\/it\/wp-json\/wp\/v2\/posts"}],"about":[{"href":"https:\/\/exaudi.org\/it\/wp-json\/wp\/v2\/types\/post"}],"author":[{"embeddable":true,"href":"https:\/\/exaudi.org\/it\/wp-json\/wp\/v2\/users\/17"}],"replies":[{"embeddable":true,"href":"https:\/\/exaudi.org\/it\/wp-json\/wp\/v2\/comments?post=11516"}],"version-history":[{"count":0,"href":"https:\/\/exaudi.org\/it\/wp-json\/wp\/v2\/posts\/11516\/revisions"}],"wp:featuredmedia":[{"embeddable":true,"href":"https:\/\/exaudi.org\/it\/wp-json\/wp\/v2\/media\/11530"}],"wp:attachment":[{"href":"https:\/\/exaudi.org\/it\/wp-json\/wp\/v2\/media?parent=11516"}],"wp:term":[{"taxonomy":"category","embeddable":true,"href":"https:\/\/exaudi.org\/it\/wp-json\/wp\/v2\/categories?post=11516"},{"taxonomy":"post_tag","embeddable":true,"href":"https:\/\/exaudi.org\/it\/wp-json\/wp\/v2\/tags?post=11516"}],"curies":[{"name":"wp","href":"https:\/\/api.w.org\/{rel}","templated":true}]}}