{"id":114328,"date":"2024-12-04T20:02:00","date_gmt":"2024-12-04T19:02:00","guid":{"rendered":"https:\/\/exaudi.org\/?p=114328"},"modified":"2024-12-04T20:02:00","modified_gmt":"2024-12-04T19:02:00","slug":"iii-edizione-del-seminario-internazionale-di-guadalupe-riflessione-e-preparazione-verso-il-giubileo-2031","status":"publish","type":"post","link":"https:\/\/exaudi.org\/it\/iii-edizione-del-seminario-internazionale-di-guadalupe-riflessione-e-preparazione-verso-il-giubileo-2031\/","title":{"rendered":"III Edizione del Seminario Internazionale di Guadalupe: riflessione e preparazione verso il Giubileo 2031"},"content":{"rendered":"<p>Il 14 dicembre si terr\u00e0 la terza edizione del Seminario internazionale di Guadalupe, evento promosso dall&#8217;Accademia dei leader cattolici con il sostegno di oltre 12 istituzioni cattoliche di portata internazionale. Questo incontro annuale si \u00e8 affermato come uno spazio essenziale per riflettere sul mistero di Guadalupe e sul suo impatto sul mondo contemporaneo.<\/p>\n<h3><strong>Nell&#8217;ambito del Novenario di Guadalupe<\/strong><\/h3>\n<p>Questo seminario si svolge nell&#8217;ambito del Novenario Intercontinentale di Guadalupe, <strong>convocato da Papa Francesco nel 2022<\/strong>. Lo scopo di questa iniziativa \u00e8 preparare la strada verso il Giubileo del 2031, in cui ricorderanno i 500 anni dell&#8217;apparizione di Nostra Signora di Guadalupe essere celebrato, <strong>una tappa spirituale e culturale di enorme rilevanza per la Chiesa e il continente americano<\/strong>.<\/p>\n<h3><strong>Motto 2024: \u201c<em>Solo dalla nostra Madre possiamo riconoscerci fratelli<\/em>\u201d<\/strong><\/h3>\n<p>L&#8217;edizione di quest&#8217;anno si concentrer\u00e0 sulla riflessione sull&#8217;impatto storico, spirituale e sociale dell&#8217;evento di Guadalupe, offrendo uno spazio per un dialogo arricchente tra diverse prospettive, il tutto sotto la protezione della Morenita del Tepeyac.<\/p>\n<h3><strong>Le parole dell&#8217;amministratore delegato<\/strong><\/h3>\n<p>Jos\u00e9 Antonio Rosas, direttore generale dell&#8217;Accademia dei Leader Cattolici, ha sottolineato l&#8217;attualit\u00e0 di questo evento:<\/p>\n<p>\u201c<em>Come Accademia, abbiamo accolto l\u2019appello di Papa Francesco a preparare la strada verso il Giubileo del 2031. Anno dopo anno, offriamo questo spazio internazionale per approfondire il mistero di Nostra Signora di Guadalupe, che come Madre e Regina si prende cura di tutti i suoi figli. . Questo progetto si collega anche alla nostra iniziativa di formazione, Generazione Guadalupe 2031, che cerca di preparare una nuova generazione di cattolici impegnati nelle sfide politiche, sociali ed economiche della nostra regione, sotto la guida di La Morenita<\/em>\u201d.<\/p>\n<h3><strong>Uno sforzo congiunto<\/strong><\/h3>\n<p>Questo seminario \u00e8 il risultato della collaborazione tra diverse istituzioni cattoliche, tra cui le Conferenze Episcopali del Messico e degli Stati Uniti, la Pontificia Commissione per l&#8217;America Latina, i media religiosi, le istituzioni educative e le comunit\u00e0 laiche e consacrate.<\/p>\n<h3><strong>Partecipa a questa esperienza unica!<\/strong><\/h3>\n<p>Per registrarsi, visitare: <a href=\"http:\/\/www.liderescatolicos.net\/guadalupe3\/indiciones\">http:\/\/www.liderescatolicos.net\/guadalupe3\/indiciones<\/a>. L\u00ec troverai il modulo di registrazione e tutti i dettagli sull&#8217;evento. Consultate inoltre il programma, gli argomenti da trattare e i profili dei relatori presenti su: <a href=\"http:\/\/www.liderescatolicos.net\/guadalupe3\" rel=\"nofollow\">http:\/\/www.liderescatolicos.net\/guadalupe3<\/a><\/p>\n<h3><strong>Informazioni sulla Catholic Leaders Academy<\/strong><\/h3>\n<p>L&#8217;Accademia \u00e8 un centro di formazione in Dottrina Sociale della Chiesa presente in 50 diocesi di 15 paesi, tra cui Argentina, Cile, Brasile, Per\u00f9, Uruguay, Paraguay, Colombia, Messico e Spagna. Inoltre, sta muovendo i primi passi nel continente africano, ampliando la sua missione evangelizzatrice e formativa.<\/p>\n","protected":false},"excerpt":{"rendered":"<p>Preparazione al Giubileo 2031: Un seminario per approfondire l&#8217;impatto dell&#8217;apparizione di Nostra Signora di Guadalupe e la sua rilevanza per il futuro della Chiesa e dell&#8217;America Latina<\/p>\n","protected":false},"author":107,"featured_media":42883,"comment_status":"closed","ping_status":"closed","sticky":false,"template":"","format":"standard","meta":{"_acf_changed":false,"_crdt_document":"","inline_featured_image":false,"footnotes":""},"categories":[73],"tags":[11218,3066,668,31622,1209,35978,35980,35979,35977,21923,11563,35981,251,32767,30809,35982],"class_list":["post-114328","post","type-post","status-publish","format-standard","has-post-thumbnail","hentry","category-chiesa-e-mondo","tag-accademia-dei-leader-cattolici","tag-america-latina-it","tag-chiesa","tag-evento-cattolico","tag-fede","tag-generazione-guadalupe-2031","tag-giubileo-2031","tag-guadalupe-tepeyac-2","tag-incontro-cattolico-internazionale","tag-leadership-cattolica","tag-nostra-signora-di-guadalupe","tag-novenario-di-guadalupe","tag-papa-francesco","tag-preparazione-spirituale","tag-rinnovamento-spirituale","tag-seminario-internazionale-di-guadalupe"],"acf":[],"yoast_head":"<!-- This site is optimized with the Yoast SEO plugin v27.5 - https:\/\/yoast.com\/product\/yoast-seo-wordpress\/ -->\n<title>III Edizione del Seminario Internazionale di Guadalupe: riflessione e preparazione verso il Giubileo 2031 &#8211; Exaudi<\/title>\n<meta name=\"robots\" content=\"index, follow, max-snippet:-1, max-image-preview:large, max-video-preview:-1\" \/>\n<link rel=\"canonical\" href=\"https:\/\/exaudi.org\/it\/iii-edizione-del-seminario-internazionale-di-guadalupe-riflessione-e-preparazione-verso-il-giubileo-2031\/\" \/>\n<meta property=\"og:locale\" content=\"it_IT\" \/>\n<meta property=\"og:type\" content=\"article\" \/>\n<meta property=\"og:title\" content=\"III Edizione del Seminario Internazionale di Guadalupe: riflessione e preparazione verso il Giubileo 2031 &#8211; Exaudi\" \/>\n<meta property=\"og:description\" content=\"Preparazione al Giubileo 2031: Un seminario per approfondire l&#039;impatto dell&#039;apparizione di Nostra Signora di Guadalupe e la sua rilevanza per il futuro della Chiesa e dell&#039;America Latina\" \/>\n<meta property=\"og:url\" content=\"https:\/\/exaudi.org\/it\/iii-edizione-del-seminario-internazionale-di-guadalupe-riflessione-e-preparazione-verso-il-giubileo-2031\/\" \/>\n<meta property=\"og:site_name\" content=\"Exaudi\" \/>\n<meta property=\"article:publisher\" content=\"https:\/\/www.facebook.com\/ExaudiNews\" \/>\n<meta property=\"article:published_time\" content=\"2024-12-04T19:02:00+00:00\" \/>\n<meta property=\"og:image\" content=\"https:\/\/exaudi.org\/wp-content\/uploads\/2021\/11\/Virgen-de-Guadalupe-C-Asamblea-Eclesial-de-Latinoamerica-y-el-Caribe-6.jpeg\" \/>\n\t<meta property=\"og:image:width\" content=\"825\" \/>\n\t<meta property=\"og:image:height\" content=\"510\" \/>\n\t<meta property=\"og:image:type\" content=\"image\/jpeg\" \/>\n<meta name=\"author\" content=\"Academia de L\u00edderes Cat\u00f3licos\" \/>\n<meta name=\"twitter:card\" content=\"summary_large_image\" \/>\n<meta name=\"twitter:creator\" content=\"@Exaudi_News\" \/>\n<meta name=\"twitter:site\" content=\"@Exaudi_News\" \/>\n<meta name=\"twitter:label1\" content=\"Scritto da\" \/>\n\t<meta name=\"twitter:data1\" content=\"Academia de L\u00edderes Cat\u00f3licos\" \/>\n\t<meta name=\"twitter:label2\" content=\"Tempo di lettura stimato\" \/>\n\t<meta name=\"twitter:data2\" content=\"2 minuti\" \/>\n<script type=\"application\/ld+json\" class=\"yoast-schema-graph\">{\"@context\":\"https:\\\/\\\/schema.org\",\"@graph\":[{\"@type\":\"Article\",\"@id\":\"https:\\\/\\\/exaudi.org\\\/it\\\/iii-edizione-del-seminario-internazionale-di-guadalupe-riflessione-e-preparazione-verso-il-giubileo-2031\\\/#article\",\"isPartOf\":{\"@id\":\"https:\\\/\\\/exaudi.org\\\/it\\\/iii-edizione-del-seminario-internazionale-di-guadalupe-riflessione-e-preparazione-verso-il-giubileo-2031\\\/\"},\"author\":{\"name\":\"Academia de L\u00edderes Cat\u00f3licos\",\"@id\":\"https:\\\/\\\/exaudi.org\\\/#\\\/schema\\\/person\\\/334968a332d5dad9f94e08897852c6af\"},\"headline\":\"III Edizione del Seminario Internazionale di Guadalupe: riflessione e preparazione verso il Giubileo 2031\",\"datePublished\":\"2024-12-04T19:02:00+00:00\",\"mainEntityOfPage\":{\"@id\":\"https:\\\/\\\/exaudi.org\\\/it\\\/iii-edizione-del-seminario-internazionale-di-guadalupe-riflessione-e-preparazione-verso-il-giubileo-2031\\\/\"},\"wordCount\":416,\"image\":{\"@id\":\"https:\\\/\\\/exaudi.org\\\/it\\\/iii-edizione-del-seminario-internazionale-di-guadalupe-riflessione-e-preparazione-verso-il-giubileo-2031\\\/#primaryimage\"},\"thumbnailUrl\":\"https:\\\/\\\/exaudi.org\\\/wp-content\\\/uploads\\\/2021\\\/11\\\/Virgen-de-Guadalupe-C-Asamblea-Eclesial-de-Latinoamerica-y-el-Caribe-6.jpeg\",\"keywords\":[\"ACCADEMIA DEI LEADER CATTOLICI\",\"Am\u00e9rica Latina\",\"Chiesa\",\"Evento cattolico\",\"fede\",\"Generazione Guadalupe 2031\",\"Giubileo 2031\",\"Guadalupe Tepeyac\",\"incontro cattolico internazionale\",\"LEADERSHIP CATTOLICA\",\"Nostra Signora di Guadalupe\",\"Novenario di Guadalupe\",\"Papa Francesco\",\"preparazione spirituale\",\"rinnovamento spirituale\",\"Seminario Internazionale di Guadalupe\"],\"articleSection\":[\"Chiesa e Mondo\"],\"inLanguage\":\"it-IT\"},{\"@type\":\"WebPage\",\"@id\":\"https:\\\/\\\/exaudi.org\\\/it\\\/iii-edizione-del-seminario-internazionale-di-guadalupe-riflessione-e-preparazione-verso-il-giubileo-2031\\\/\",\"url\":\"https:\\\/\\\/exaudi.org\\\/it\\\/iii-edizione-del-seminario-internazionale-di-guadalupe-riflessione-e-preparazione-verso-il-giubileo-2031\\\/\",\"name\":\"III Edizione del Seminario Internazionale di Guadalupe: riflessione e preparazione verso il Giubileo 2031 &#8211; Exaudi\",\"isPartOf\":{\"@id\":\"https:\\\/\\\/exaudi.org\\\/#website\"},\"primaryImageOfPage\":{\"@id\":\"https:\\\/\\\/exaudi.org\\\/it\\\/iii-edizione-del-seminario-internazionale-di-guadalupe-riflessione-e-preparazione-verso-il-giubileo-2031\\\/#primaryimage\"},\"image\":{\"@id\":\"https:\\\/\\\/exaudi.org\\\/it\\\/iii-edizione-del-seminario-internazionale-di-guadalupe-riflessione-e-preparazione-verso-il-giubileo-2031\\\/#primaryimage\"},\"thumbnailUrl\":\"https:\\\/\\\/exaudi.org\\\/wp-content\\\/uploads\\\/2021\\\/11\\\/Virgen-de-Guadalupe-C-Asamblea-Eclesial-de-Latinoamerica-y-el-Caribe-6.jpeg\",\"datePublished\":\"2024-12-04T19:02:00+00:00\",\"author\":{\"@id\":\"https:\\\/\\\/exaudi.org\\\/#\\\/schema\\\/person\\\/334968a332d5dad9f94e08897852c6af\"},\"breadcrumb\":{\"@id\":\"https:\\\/\\\/exaudi.org\\\/it\\\/iii-edizione-del-seminario-internazionale-di-guadalupe-riflessione-e-preparazione-verso-il-giubileo-2031\\\/#breadcrumb\"},\"inLanguage\":\"it-IT\",\"potentialAction\":[{\"@type\":\"ReadAction\",\"target\":[\"https:\\\/\\\/exaudi.org\\\/it\\\/iii-edizione-del-seminario-internazionale-di-guadalupe-riflessione-e-preparazione-verso-il-giubileo-2031\\\/\"]}]},{\"@type\":\"ImageObject\",\"inLanguage\":\"it-IT\",\"@id\":\"https:\\\/\\\/exaudi.org\\\/it\\\/iii-edizione-del-seminario-internazionale-di-guadalupe-riflessione-e-preparazione-verso-il-giubileo-2031\\\/#primaryimage\",\"url\":\"https:\\\/\\\/exaudi.org\\\/wp-content\\\/uploads\\\/2021\\\/11\\\/Virgen-de-Guadalupe-C-Asamblea-Eclesial-de-Latinoamerica-y-el-Caribe-6.jpeg\",\"contentUrl\":\"https:\\\/\\\/exaudi.org\\\/wp-content\\\/uploads\\\/2021\\\/11\\\/Virgen-de-Guadalupe-C-Asamblea-Eclesial-de-Latinoamerica-y-el-Caribe-6.jpeg\",\"width\":825,\"height\":510},{\"@type\":\"BreadcrumbList\",\"@id\":\"https:\\\/\\\/exaudi.org\\\/it\\\/iii-edizione-del-seminario-internazionale-di-guadalupe-riflessione-e-preparazione-verso-il-giubileo-2031\\\/#breadcrumb\",\"itemListElement\":[{\"@type\":\"ListItem\",\"position\":1,\"name\":\"Portada\",\"item\":\"https:\\\/\\\/exaudi.org\\\/it\\\/\"},{\"@type\":\"ListItem\",\"position\":2,\"name\":\"III Edizione del Seminario Internazionale di Guadalupe: riflessione e preparazione verso il Giubileo 2031\"}]},{\"@type\":\"WebSite\",\"@id\":\"https:\\\/\\\/exaudi.org\\\/#website\",\"url\":\"https:\\\/\\\/exaudi.org\\\/\",\"name\":\"Exaudi\",\"description\":\"News\",\"potentialAction\":[{\"@type\":\"SearchAction\",\"target\":{\"@type\":\"EntryPoint\",\"urlTemplate\":\"https:\\\/\\\/exaudi.org\\\/?s={search_term_string}\"},\"query-input\":{\"@type\":\"PropertyValueSpecification\",\"valueRequired\":true,\"valueName\":\"search_term_string\"}}],\"inLanguage\":\"it-IT\"},{\"@type\":\"Person\",\"@id\":\"https:\\\/\\\/exaudi.org\\\/#\\\/schema\\\/person\\\/334968a332d5dad9f94e08897852c6af\",\"name\":\"Academia de L\u00edderes Cat\u00f3licos\",\"image\":{\"@type\":\"ImageObject\",\"inLanguage\":\"it-IT\",\"@id\":\"https:\\\/\\\/secure.gravatar.com\\\/avatar\\\/80d80b1e34d8fa01f6b95d10e695853ca4ea7e054050e21ad1a15d546d4600ca?s=96&d=mm&r=g\",\"url\":\"https:\\\/\\\/secure.gravatar.com\\\/avatar\\\/80d80b1e34d8fa01f6b95d10e695853ca4ea7e054050e21ad1a15d546d4600ca?s=96&d=mm&r=g\",\"contentUrl\":\"https:\\\/\\\/secure.gravatar.com\\\/avatar\\\/80d80b1e34d8fa01f6b95d10e695853ca4ea7e054050e21ad1a15d546d4600ca?s=96&d=mm&r=g\",\"caption\":\"Academia de L\u00edderes Cat\u00f3licos\"},\"description\":\"Es una fundaci\u00f3n de derecho privado sin fines de lucro que busca formar cat\u00f3licos que a partir de la experiencia cristiana desarrollen su vocaci\u00f3n pol\u00edtica con la ayuda de la Doctrina Social de la Iglesia. La Academia Latinoamericana de L\u00edderes Cat\u00f3licos tiene como misi\u00f3n, formar l\u00edderes desde una perspectiva cat\u00f3lica, arraigados en la fe de la Iglesia, para transformar el mundo social, pol\u00edtico y econ\u00f3mico a la luz de la Doctrina Social de la Iglesia. Formar una nueva generaci\u00f3n de cat\u00f3licos latinoamericanos con responsabilidades pol\u00edticas y sociales para que transformen el rostro del continente al servicio de sus pueblos, a la luz del Magisterio de la Iglesia y de cara a los Jubileos del V Centenario Guadalupano y de los dos mil a\u00f1os de la redenci\u00f3n.\",\"sameAs\":[\"https:\\\/\\\/liderescatolicos.net\\\/\",\"https:\\\/\\\/www.youtube.com\\\/c\\\/LderesCatlicos\"],\"url\":\"https:\\\/\\\/exaudi.org\\\/it\\\/author\\\/academia-de-lideres-catolicos\\\/\"}]}<\/script>\n<!-- \/ Yoast SEO plugin. -->","yoast_head_json":{"title":"III Edizione del Seminario Internazionale di Guadalupe: riflessione e preparazione verso il Giubileo 2031 &#8211; Exaudi","robots":{"index":"index","follow":"follow","max-snippet":"max-snippet:-1","max-image-preview":"max-image-preview:large","max-video-preview":"max-video-preview:-1"},"canonical":"https:\/\/exaudi.org\/it\/iii-edizione-del-seminario-internazionale-di-guadalupe-riflessione-e-preparazione-verso-il-giubileo-2031\/","og_locale":"it_IT","og_type":"article","og_title":"III Edizione del Seminario Internazionale di Guadalupe: riflessione e preparazione verso il Giubileo 2031 &#8211; Exaudi","og_description":"Preparazione al Giubileo 2031: Un seminario per approfondire l'impatto dell'apparizione di Nostra Signora di Guadalupe e la sua rilevanza per il futuro della Chiesa e dell'America Latina","og_url":"https:\/\/exaudi.org\/it\/iii-edizione-del-seminario-internazionale-di-guadalupe-riflessione-e-preparazione-verso-il-giubileo-2031\/","og_site_name":"Exaudi","article_publisher":"https:\/\/www.facebook.com\/ExaudiNews","article_published_time":"2024-12-04T19:02:00+00:00","og_image":[{"width":825,"height":510,"url":"https:\/\/exaudi.org\/wp-content\/uploads\/2021\/11\/Virgen-de-Guadalupe-C-Asamblea-Eclesial-de-Latinoamerica-y-el-Caribe-6.jpeg","type":"image\/jpeg"}],"author":"Academia de L\u00edderes Cat\u00f3licos","twitter_card":"summary_large_image","twitter_creator":"@Exaudi_News","twitter_site":"@Exaudi_News","twitter_misc":{"Scritto da":"Academia de L\u00edderes Cat\u00f3licos","Tempo di lettura stimato":"2 minuti"},"schema":{"@context":"https:\/\/schema.org","@graph":[{"@type":"Article","@id":"https:\/\/exaudi.org\/it\/iii-edizione-del-seminario-internazionale-di-guadalupe-riflessione-e-preparazione-verso-il-giubileo-2031\/#article","isPartOf":{"@id":"https:\/\/exaudi.org\/it\/iii-edizione-del-seminario-internazionale-di-guadalupe-riflessione-e-preparazione-verso-il-giubileo-2031\/"},"author":{"name":"Academia de L\u00edderes Cat\u00f3licos","@id":"https:\/\/exaudi.org\/#\/schema\/person\/334968a332d5dad9f94e08897852c6af"},"headline":"III Edizione del Seminario Internazionale di Guadalupe: riflessione e preparazione verso il Giubileo 2031","datePublished":"2024-12-04T19:02:00+00:00","mainEntityOfPage":{"@id":"https:\/\/exaudi.org\/it\/iii-edizione-del-seminario-internazionale-di-guadalupe-riflessione-e-preparazione-verso-il-giubileo-2031\/"},"wordCount":416,"image":{"@id":"https:\/\/exaudi.org\/it\/iii-edizione-del-seminario-internazionale-di-guadalupe-riflessione-e-preparazione-verso-il-giubileo-2031\/#primaryimage"},"thumbnailUrl":"https:\/\/exaudi.org\/wp-content\/uploads\/2021\/11\/Virgen-de-Guadalupe-C-Asamblea-Eclesial-de-Latinoamerica-y-el-Caribe-6.jpeg","keywords":["ACCADEMIA DEI LEADER CATTOLICI","Am\u00e9rica Latina","Chiesa","Evento cattolico","fede","Generazione Guadalupe 2031","Giubileo 2031","Guadalupe Tepeyac","incontro cattolico internazionale","LEADERSHIP CATTOLICA","Nostra Signora di Guadalupe","Novenario di Guadalupe","Papa Francesco","preparazione spirituale","rinnovamento spirituale","Seminario Internazionale di Guadalupe"],"articleSection":["Chiesa e Mondo"],"inLanguage":"it-IT"},{"@type":"WebPage","@id":"https:\/\/exaudi.org\/it\/iii-edizione-del-seminario-internazionale-di-guadalupe-riflessione-e-preparazione-verso-il-giubileo-2031\/","url":"https:\/\/exaudi.org\/it\/iii-edizione-del-seminario-internazionale-di-guadalupe-riflessione-e-preparazione-verso-il-giubileo-2031\/","name":"III Edizione del Seminario Internazionale di Guadalupe: riflessione e preparazione verso il Giubileo 2031 &#8211; Exaudi","isPartOf":{"@id":"https:\/\/exaudi.org\/#website"},"primaryImageOfPage":{"@id":"https:\/\/exaudi.org\/it\/iii-edizione-del-seminario-internazionale-di-guadalupe-riflessione-e-preparazione-verso-il-giubileo-2031\/#primaryimage"},"image":{"@id":"https:\/\/exaudi.org\/it\/iii-edizione-del-seminario-internazionale-di-guadalupe-riflessione-e-preparazione-verso-il-giubileo-2031\/#primaryimage"},"thumbnailUrl":"https:\/\/exaudi.org\/wp-content\/uploads\/2021\/11\/Virgen-de-Guadalupe-C-Asamblea-Eclesial-de-Latinoamerica-y-el-Caribe-6.jpeg","datePublished":"2024-12-04T19:02:00+00:00","author":{"@id":"https:\/\/exaudi.org\/#\/schema\/person\/334968a332d5dad9f94e08897852c6af"},"breadcrumb":{"@id":"https:\/\/exaudi.org\/it\/iii-edizione-del-seminario-internazionale-di-guadalupe-riflessione-e-preparazione-verso-il-giubileo-2031\/#breadcrumb"},"inLanguage":"it-IT","potentialAction":[{"@type":"ReadAction","target":["https:\/\/exaudi.org\/it\/iii-edizione-del-seminario-internazionale-di-guadalupe-riflessione-e-preparazione-verso-il-giubileo-2031\/"]}]},{"@type":"ImageObject","inLanguage":"it-IT","@id":"https:\/\/exaudi.org\/it\/iii-edizione-del-seminario-internazionale-di-guadalupe-riflessione-e-preparazione-verso-il-giubileo-2031\/#primaryimage","url":"https:\/\/exaudi.org\/wp-content\/uploads\/2021\/11\/Virgen-de-Guadalupe-C-Asamblea-Eclesial-de-Latinoamerica-y-el-Caribe-6.jpeg","contentUrl":"https:\/\/exaudi.org\/wp-content\/uploads\/2021\/11\/Virgen-de-Guadalupe-C-Asamblea-Eclesial-de-Latinoamerica-y-el-Caribe-6.jpeg","width":825,"height":510},{"@type":"BreadcrumbList","@id":"https:\/\/exaudi.org\/it\/iii-edizione-del-seminario-internazionale-di-guadalupe-riflessione-e-preparazione-verso-il-giubileo-2031\/#breadcrumb","itemListElement":[{"@type":"ListItem","position":1,"name":"Portada","item":"https:\/\/exaudi.org\/it\/"},{"@type":"ListItem","position":2,"name":"III Edizione del Seminario Internazionale di Guadalupe: riflessione e preparazione verso il Giubileo 2031"}]},{"@type":"WebSite","@id":"https:\/\/exaudi.org\/#website","url":"https:\/\/exaudi.org\/","name":"Exaudi","description":"News","potentialAction":[{"@type":"SearchAction","target":{"@type":"EntryPoint","urlTemplate":"https:\/\/exaudi.org\/?s={search_term_string}"},"query-input":{"@type":"PropertyValueSpecification","valueRequired":true,"valueName":"search_term_string"}}],"inLanguage":"it-IT"},{"@type":"Person","@id":"https:\/\/exaudi.org\/#\/schema\/person\/334968a332d5dad9f94e08897852c6af","name":"Academia de L\u00edderes Cat\u00f3licos","image":{"@type":"ImageObject","inLanguage":"it-IT","@id":"https:\/\/secure.gravatar.com\/avatar\/80d80b1e34d8fa01f6b95d10e695853ca4ea7e054050e21ad1a15d546d4600ca?s=96&d=mm&r=g","url":"https:\/\/secure.gravatar.com\/avatar\/80d80b1e34d8fa01f6b95d10e695853ca4ea7e054050e21ad1a15d546d4600ca?s=96&d=mm&r=g","contentUrl":"https:\/\/secure.gravatar.com\/avatar\/80d80b1e34d8fa01f6b95d10e695853ca4ea7e054050e21ad1a15d546d4600ca?s=96&d=mm&r=g","caption":"Academia de L\u00edderes Cat\u00f3licos"},"description":"Es una fundaci\u00f3n de derecho privado sin fines de lucro que busca formar cat\u00f3licos que a partir de la experiencia cristiana desarrollen su vocaci\u00f3n pol\u00edtica con la ayuda de la Doctrina Social de la Iglesia. La Academia Latinoamericana de L\u00edderes Cat\u00f3licos tiene como misi\u00f3n, formar l\u00edderes desde una perspectiva cat\u00f3lica, arraigados en la fe de la Iglesia, para transformar el mundo social, pol\u00edtico y econ\u00f3mico a la luz de la Doctrina Social de la Iglesia. Formar una nueva generaci\u00f3n de cat\u00f3licos latinoamericanos con responsabilidades pol\u00edticas y sociales para que transformen el rostro del continente al servicio de sus pueblos, a la luz del Magisterio de la Iglesia y de cara a los Jubileos del V Centenario Guadalupano y de los dos mil a\u00f1os de la redenci\u00f3n.","sameAs":["https:\/\/liderescatolicos.net\/","https:\/\/www.youtube.com\/c\/LderesCatlicos"],"url":"https:\/\/exaudi.org\/it\/author\/academia-de-lideres-catolicos\/"}]}},"jetpack_featured_media_url":"https:\/\/exaudi.org\/wp-content\/uploads\/2021\/11\/Virgen-de-Guadalupe-C-Asamblea-Eclesial-de-Latinoamerica-y-el-Caribe-6.jpeg","jetpack_shortlink":"https:\/\/wp.me\/pgKjF2-tK0","_links":{"self":[{"href":"https:\/\/exaudi.org\/it\/wp-json\/wp\/v2\/posts\/114328","targetHints":{"allow":["GET"]}}],"collection":[{"href":"https:\/\/exaudi.org\/it\/wp-json\/wp\/v2\/posts"}],"about":[{"href":"https:\/\/exaudi.org\/it\/wp-json\/wp\/v2\/types\/post"}],"author":[{"embeddable":true,"href":"https:\/\/exaudi.org\/it\/wp-json\/wp\/v2\/users\/107"}],"replies":[{"embeddable":true,"href":"https:\/\/exaudi.org\/it\/wp-json\/wp\/v2\/comments?post=114328"}],"version-history":[{"count":0,"href":"https:\/\/exaudi.org\/it\/wp-json\/wp\/v2\/posts\/114328\/revisions"}],"wp:featuredmedia":[{"embeddable":true,"href":"https:\/\/exaudi.org\/it\/wp-json\/wp\/v2\/media\/42883"}],"wp:attachment":[{"href":"https:\/\/exaudi.org\/it\/wp-json\/wp\/v2\/media?parent=114328"}],"wp:term":[{"taxonomy":"category","embeddable":true,"href":"https:\/\/exaudi.org\/it\/wp-json\/wp\/v2\/categories?post=114328"},{"taxonomy":"post_tag","embeddable":true,"href":"https:\/\/exaudi.org\/it\/wp-json\/wp\/v2\/tags?post=114328"}],"curies":[{"name":"wp","href":"https:\/\/api.w.org\/{rel}","templated":true}]}}