{"id":114219,"date":"2024-12-03T21:32:18","date_gmt":"2024-12-03T20:32:18","guid":{"rendered":"https:\/\/exaudi.org\/?p=114219"},"modified":"2024-12-03T21:32:18","modified_gmt":"2024-12-03T20:32:18","slug":"proclamate-le-opere-finaliste-del-xliv-premio-mondiale-di-poesia-mistica-fernando-rielo-2024","status":"publish","type":"post","link":"https:\/\/exaudi.org\/it\/proclamate-le-opere-finaliste-del-xliv-premio-mondiale-di-poesia-mistica-fernando-rielo-2024\/","title":{"rendered":"Proclamate le opere finaliste del XLIV Premio Mondiale di Poesia Mistica Fernando Rielo 2024"},"content":{"rendered":"<p>La proclamazione dell&#8217;opera vincitrice, che uscir\u00e0 tra questi 10 finalisti, avr\u00e0 luogo il 12 dicembre 2024 presso il Colegio Mayor Universitario dell&#8217;Universit\u00e0 CEU San Pablo di Madrid, Spagna.<\/p>\n<p>Le undici opere finaliste, selezionate tra 312 provenienti da 32 paesi, sono le seguenti: <em><strong>La decima ora<\/strong><\/em>, di Jer\u00f3nimo Anaya Flores (Ciudad Real, SPAGNA); <em><strong>Alla fine della strada<\/strong><\/em>, di Antonio Bocanegra (San Fernando, Cadice, SPAGNA); <em><strong>La canzone di Ney<\/strong><\/em>, di Juan Jos\u00e9 Manchado Cerezo (Molina de Segura, Murcia, Spagna); <em><strong>Aumento della luce<\/strong><\/em>\u00a0di Antonio Jes\u00fas Garc\u00eda Pereyra (M\u00e1laga, Spagna); <em><strong>Il Diario di Ges\u00f9<\/strong><\/em>, di Carlos Gonz\u00e1lez Garc\u00eda (Fresnedillas de la Sierra, Madrid, SPAGNA); <em><strong>Trillo di dolore<\/strong><\/em>, di Guy Merlin Nana Tadoun (Yaound\u00e9, CAMERUN); <em><strong>Latens<\/strong><\/em>, di Elizabeth Obando Ortiz de la Victoria (Arequipa, PER\u00d9); <em><strong>Cantico dell&#8217;Alba<\/strong><\/em>, di Cecilia Pablos (Sinaloa, MESSICO), <strong><em>Exegesis<\/em><\/strong>, di Andrea Rodr\u00edguez Prat (Sant Cugat del Vall\u00e8s, Barcellona, \u200b\u200bSPAGNA); <em><strong>\u00c8 ora di volare<\/strong><\/em>, di Mar\u00eda Jes\u00fas Rosales Palencia (Ciudad Real, SPAGNA) e <em><strong>Anima mea<\/strong><\/em>, di Lisa J. Roberts (Pleasanton, California, Stati Uniti)<\/p>\n<p><strong>Il Premio Mondiale di Poesia Mistica Fernando Rielo<\/strong>, dotato di 7.000 euro, dell&#8217;edizione dell&#8217;opera vincitrice e di una medaglia commemorativa, <strong>sar\u00e0 assegnato nella sua quarantaquattresima edizione in un evento pubblico, che si svolger\u00e0 presso l&#8217;Universit\u00e0 CEU San Pablo di Madrid, il 12 dicembre.<\/strong><\/p>\n","protected":false},"excerpt":{"rendered":"<p>Le dieci raccolte di poesie finaliste provengono dal Camerun, dagli Stati Uniti, dal Messico, dal Per\u00f9 e dalla Spagna<\/p>\n","protected":false},"author":17,"featured_media":114138,"comment_status":"closed","ping_status":"closed","sticky":false,"template":"","format":"standard","meta":{"_acf_changed":false,"_crdt_document":"","inline_featured_image":false,"footnotes":""},"categories":[73],"tags":[13717,35727,35728,35729,8304,35730,35731,35743,35732,35733,35661,35744,19284,35734,35735,35736,35737,35738,13347,35739,1300,2183,11019,35740,35742,35741,936,2219],"class_list":["post-114219","post","type-post","status-publish","format-standard","has-post-thumbnail","hentry","category-chiesa-e-mondo","tag-2024-3","tag-andrea-rodriguez-prat-2","tag-antonio-bocanegra-2","tag-antonio-jesus-garcia-pereyra-2","tag-camerun-2","tag-carlos-gonzalez-garcia-2","tag-cecilia-pablos-2","tag-ceu-san-pablo-university","tag-colegio-mayor-universitario-2","tag-concorso-di-poesia","tag-dicembre-2024","tag-elizabeth-obando-ortiz-de-la-victoria-arequipa-peru","tag-fernando-rielo-2","tag-finalisti","tag-guy-merlin-nana-tadoun-2","tag-jeronimo-anaya-flores-2","tag-juan-jose-manchado-cerezo-2","tag-lisa-j-roberts-2","tag-madrid-3","tag-maria-jesus-rosales-palencia-2","tag-messico","tag-peru-it","tag-poesia-2","tag-poesia-mistica-2","tag-premi-letterari","tag-premio-mondiale-di-poesia-mistica","tag-spagna","tag-stati-uniti"],"acf":[],"yoast_head":"<!-- This site is optimized with the Yoast SEO plugin v27.5 - https:\/\/yoast.com\/product\/yoast-seo-wordpress\/ -->\n<title>Proclamate le opere finaliste del XLIV Premio Mondiale di Poesia Mistica Fernando Rielo 2024 &#8211; Exaudi<\/title>\n<meta name=\"robots\" content=\"index, follow, max-snippet:-1, max-image-preview:large, max-video-preview:-1\" \/>\n<link rel=\"canonical\" href=\"https:\/\/exaudi.org\/it\/proclamate-le-opere-finaliste-del-xliv-premio-mondiale-di-poesia-mistica-fernando-rielo-2024\/\" \/>\n<meta property=\"og:locale\" content=\"it_IT\" \/>\n<meta property=\"og:type\" content=\"article\" \/>\n<meta property=\"og:title\" content=\"Proclamate le opere finaliste del XLIV Premio Mondiale di Poesia Mistica Fernando Rielo 2024 &#8211; Exaudi\" \/>\n<meta property=\"og:description\" content=\"Le dieci raccolte di poesie finaliste provengono dal Camerun, dagli Stati Uniti, dal Messico, dal Per\u00f9 e dalla Spagna\" \/>\n<meta property=\"og:url\" content=\"https:\/\/exaudi.org\/it\/proclamate-le-opere-finaliste-del-xliv-premio-mondiale-di-poesia-mistica-fernando-rielo-2024\/\" \/>\n<meta property=\"og:site_name\" content=\"Exaudi\" \/>\n<meta property=\"article:publisher\" content=\"https:\/\/www.facebook.com\/ExaudiNews\" \/>\n<meta property=\"article:author\" content=\"https:\/\/www.facebook.com\/ExaudiNotizie\/\" \/>\n<meta property=\"article:published_time\" content=\"2024-12-03T20:32:18+00:00\" \/>\n<meta property=\"og:image\" content=\"https:\/\/exaudi.org\/wp-content\/uploads\/2024\/12\/pexels-sheep-556180-1846422-scaled.jpg\" \/>\n\t<meta property=\"og:image:width\" content=\"2560\" \/>\n\t<meta property=\"og:image:height\" content=\"1703\" \/>\n\t<meta property=\"og:image:type\" content=\"image\/jpeg\" \/>\n<meta name=\"author\" content=\"Exaudi Redazione\" \/>\n<meta name=\"twitter:card\" content=\"summary_large_image\" \/>\n<meta name=\"twitter:creator\" content=\"@Exaudi_Notizie\" \/>\n<meta name=\"twitter:site\" content=\"@Exaudi_News\" \/>\n<meta name=\"twitter:label1\" content=\"Scritto da\" \/>\n\t<meta name=\"twitter:data1\" content=\"Exaudi Redazione\" \/>\n\t<meta name=\"twitter:label2\" content=\"Tempo di lettura stimato\" \/>\n\t<meta name=\"twitter:data2\" content=\"1 minuto\" \/>\n<script type=\"application\/ld+json\" class=\"yoast-schema-graph\">{\"@context\":\"https:\\\/\\\/schema.org\",\"@graph\":[{\"@type\":\"Article\",\"@id\":\"https:\\\/\\\/exaudi.org\\\/it\\\/proclamate-le-opere-finaliste-del-xliv-premio-mondiale-di-poesia-mistica-fernando-rielo-2024\\\/#article\",\"isPartOf\":{\"@id\":\"https:\\\/\\\/exaudi.org\\\/it\\\/proclamate-le-opere-finaliste-del-xliv-premio-mondiale-di-poesia-mistica-fernando-rielo-2024\\\/\"},\"author\":{\"name\":\"Exaudi Redazione\",\"@id\":\"https:\\\/\\\/exaudi.org\\\/#\\\/schema\\\/person\\\/e1ab6ed07c01774724dd96f925f3a5f0\"},\"headline\":\"Proclamate le opere finaliste del XLIV Premio Mondiale di Poesia Mistica Fernando Rielo 2024\",\"datePublished\":\"2024-12-03T20:32:18+00:00\",\"mainEntityOfPage\":{\"@id\":\"https:\\\/\\\/exaudi.org\\\/it\\\/proclamate-le-opere-finaliste-del-xliv-premio-mondiale-di-poesia-mistica-fernando-rielo-2024\\\/\"},\"wordCount\":226,\"image\":{\"@id\":\"https:\\\/\\\/exaudi.org\\\/it\\\/proclamate-le-opere-finaliste-del-xliv-premio-mondiale-di-poesia-mistica-fernando-rielo-2024\\\/#primaryimage\"},\"thumbnailUrl\":\"https:\\\/\\\/exaudi.org\\\/wp-content\\\/uploads\\\/2024\\\/12\\\/pexels-sheep-556180-1846422-scaled.jpg\",\"keywords\":[\"2024\",\"Andrea Rodr\u00edguez Prat\",\"Antonio Bocanegra\",\"Antonio Jes\u00fas Garc\u00eda Pereyra\",\"Camerun\",\"Carlos Gonz\u00e1lez Garc\u00eda\",\"Cecilia Pablos\",\"CEU San Pablo University\",\"Colegio Mayor Universitario\",\"concorso di poesia\",\"dicembre 2024\",\"Elizabeth Obando Ortiz de la Victoria (Arequipa PER\u00d9)\",\"FERNANDO RIELO\",\"finalisti\",\"Guy Merlin Nana Tadoun\",\"Jer\u00f3nimo Anaya Flores\",\"Juan Jos\u00e9 Manchado Cerezo\",\"Lisa J. Roberts\",\"MADRID\",\"Mar\u00eda Jes\u00fas Rosales Palencia\",\"Messico\",\"Per\u00fa\",\"POESIA\",\"Poesia Mistica\",\"premi letterari\",\"Premio Mondiale di Poesia Mistica\",\"Spagna\",\"Stati Uniti\"],\"articleSection\":[\"Chiesa e Mondo\"],\"inLanguage\":\"it-IT\"},{\"@type\":\"WebPage\",\"@id\":\"https:\\\/\\\/exaudi.org\\\/it\\\/proclamate-le-opere-finaliste-del-xliv-premio-mondiale-di-poesia-mistica-fernando-rielo-2024\\\/\",\"url\":\"https:\\\/\\\/exaudi.org\\\/it\\\/proclamate-le-opere-finaliste-del-xliv-premio-mondiale-di-poesia-mistica-fernando-rielo-2024\\\/\",\"name\":\"Proclamate le opere finaliste del XLIV Premio Mondiale di Poesia Mistica Fernando Rielo 2024 &#8211; Exaudi\",\"isPartOf\":{\"@id\":\"https:\\\/\\\/exaudi.org\\\/#website\"},\"primaryImageOfPage\":{\"@id\":\"https:\\\/\\\/exaudi.org\\\/it\\\/proclamate-le-opere-finaliste-del-xliv-premio-mondiale-di-poesia-mistica-fernando-rielo-2024\\\/#primaryimage\"},\"image\":{\"@id\":\"https:\\\/\\\/exaudi.org\\\/it\\\/proclamate-le-opere-finaliste-del-xliv-premio-mondiale-di-poesia-mistica-fernando-rielo-2024\\\/#primaryimage\"},\"thumbnailUrl\":\"https:\\\/\\\/exaudi.org\\\/wp-content\\\/uploads\\\/2024\\\/12\\\/pexels-sheep-556180-1846422-scaled.jpg\",\"datePublished\":\"2024-12-03T20:32:18+00:00\",\"author\":{\"@id\":\"https:\\\/\\\/exaudi.org\\\/#\\\/schema\\\/person\\\/e1ab6ed07c01774724dd96f925f3a5f0\"},\"breadcrumb\":{\"@id\":\"https:\\\/\\\/exaudi.org\\\/it\\\/proclamate-le-opere-finaliste-del-xliv-premio-mondiale-di-poesia-mistica-fernando-rielo-2024\\\/#breadcrumb\"},\"inLanguage\":\"it-IT\",\"potentialAction\":[{\"@type\":\"ReadAction\",\"target\":[\"https:\\\/\\\/exaudi.org\\\/it\\\/proclamate-le-opere-finaliste-del-xliv-premio-mondiale-di-poesia-mistica-fernando-rielo-2024\\\/\"]}]},{\"@type\":\"ImageObject\",\"inLanguage\":\"it-IT\",\"@id\":\"https:\\\/\\\/exaudi.org\\\/it\\\/proclamate-le-opere-finaliste-del-xliv-premio-mondiale-di-poesia-mistica-fernando-rielo-2024\\\/#primaryimage\",\"url\":\"https:\\\/\\\/exaudi.org\\\/wp-content\\\/uploads\\\/2024\\\/12\\\/pexels-sheep-556180-1846422-scaled.jpg\",\"contentUrl\":\"https:\\\/\\\/exaudi.org\\\/wp-content\\\/uploads\\\/2024\\\/12\\\/pexels-sheep-556180-1846422-scaled.jpg\",\"width\":2560,\"height\":1703},{\"@type\":\"BreadcrumbList\",\"@id\":\"https:\\\/\\\/exaudi.org\\\/it\\\/proclamate-le-opere-finaliste-del-xliv-premio-mondiale-di-poesia-mistica-fernando-rielo-2024\\\/#breadcrumb\",\"itemListElement\":[{\"@type\":\"ListItem\",\"position\":1,\"name\":\"Portada\",\"item\":\"https:\\\/\\\/exaudi.org\\\/it\\\/\"},{\"@type\":\"ListItem\",\"position\":2,\"name\":\"Proclamate le opere finaliste del XLIV Premio Mondiale di Poesia Mistica Fernando Rielo 2024\"}]},{\"@type\":\"WebSite\",\"@id\":\"https:\\\/\\\/exaudi.org\\\/#website\",\"url\":\"https:\\\/\\\/exaudi.org\\\/\",\"name\":\"Exaudi\",\"description\":\"News\",\"potentialAction\":[{\"@type\":\"SearchAction\",\"target\":{\"@type\":\"EntryPoint\",\"urlTemplate\":\"https:\\\/\\\/exaudi.org\\\/?s={search_term_string}\"},\"query-input\":{\"@type\":\"PropertyValueSpecification\",\"valueRequired\":true,\"valueName\":\"search_term_string\"}}],\"inLanguage\":\"it-IT\"},{\"@type\":\"Person\",\"@id\":\"https:\\\/\\\/exaudi.org\\\/#\\\/schema\\\/person\\\/e1ab6ed07c01774724dd96f925f3a5f0\",\"name\":\"Exaudi Redazione\",\"image\":{\"@type\":\"ImageObject\",\"inLanguage\":\"it-IT\",\"@id\":\"https:\\\/\\\/secure.gravatar.com\\\/avatar\\\/ad6774b3ada023bf5b939d64f45c94b3adf91502dd883507d469b4308a943bb3?s=96&d=mm&r=g\",\"url\":\"https:\\\/\\\/secure.gravatar.com\\\/avatar\\\/ad6774b3ada023bf5b939d64f45c94b3adf91502dd883507d469b4308a943bb3?s=96&d=mm&r=g\",\"contentUrl\":\"https:\\\/\\\/secure.gravatar.com\\\/avatar\\\/ad6774b3ada023bf5b939d64f45c94b3adf91502dd883507d469b4308a943bb3?s=96&d=mm&r=g\",\"caption\":\"Exaudi Redazione\"},\"description\":\"Che cosa \u00e8 Exaudi News? Exaudi News \u00e8 un agenzia cattolica internazionale che informa, istruisce e trasforma quotidianamente in spagnolo, inglese e italiano. Attraverso notizie, articoli di analisi e trasmissioni in diretta degli eventi del Papa, Exaudi cerca di rafforzare l'unit\u00e0 dei cristiani e di contribuire all'evangelizzazione del mondo, sempre guidato dalla dottrina sociale della Chiesa. Lavoriamo per portare la verit\u00e0 e i valori cristiani in ogni angolo del pianeta. Aiutaci a trasformare il mondo con Exaudi! Noi di Exaudi crediamo che l'evangelizzazione e l'informazione di qualit\u00e0 possano cambiare la vita. Per continuare la nostra missione ed espandere la nostra portata, abbiamo bisogno del tuo aiuto. Stiamo anche cercando persone motivate che vogliano unirsi al nostro team. Grazie al vostro sostegno raggiungeremo pi\u00f9 persone, diffonderemo il messaggio di Cristo e rafforzeremo l'unit\u00e0 dei cristiani. Vuoi unirti alla nostra missione? Per maggiori informazioni su come contribuire, visita Exaudi.org\\\/it o contattaci direttamente: info@exaudi.org Exaudi: informa, forma e trasforma.\",\"sameAs\":[\"https:\\\/\\\/www.facebook.com\\\/ExaudiNotizie\\\/\",\"https:\\\/\\\/www.instagram.com\\\/Exaudi_notizie\\\/\",\"https:\\\/\\\/x.com\\\/Exaudi_Notizie\",\"https:\\\/\\\/www.youtube.com\\\/@exaudicatholicnews\"],\"url\":\"https:\\\/\\\/exaudi.org\\\/it\\\/author\\\/dlvedi-org\\\/\"}]}<\/script>\n<!-- \/ Yoast SEO plugin. -->","yoast_head_json":{"title":"Proclamate le opere finaliste del XLIV Premio Mondiale di Poesia Mistica Fernando Rielo 2024 &#8211; Exaudi","robots":{"index":"index","follow":"follow","max-snippet":"max-snippet:-1","max-image-preview":"max-image-preview:large","max-video-preview":"max-video-preview:-1"},"canonical":"https:\/\/exaudi.org\/it\/proclamate-le-opere-finaliste-del-xliv-premio-mondiale-di-poesia-mistica-fernando-rielo-2024\/","og_locale":"it_IT","og_type":"article","og_title":"Proclamate le opere finaliste del XLIV Premio Mondiale di Poesia Mistica Fernando Rielo 2024 &#8211; Exaudi","og_description":"Le dieci raccolte di poesie finaliste provengono dal Camerun, dagli Stati Uniti, dal Messico, dal Per\u00f9 e dalla Spagna","og_url":"https:\/\/exaudi.org\/it\/proclamate-le-opere-finaliste-del-xliv-premio-mondiale-di-poesia-mistica-fernando-rielo-2024\/","og_site_name":"Exaudi","article_publisher":"https:\/\/www.facebook.com\/ExaudiNews","article_author":"https:\/\/www.facebook.com\/ExaudiNotizie\/","article_published_time":"2024-12-03T20:32:18+00:00","og_image":[{"width":2560,"height":1703,"url":"https:\/\/exaudi.org\/wp-content\/uploads\/2024\/12\/pexels-sheep-556180-1846422-scaled.jpg","type":"image\/jpeg"}],"author":"Exaudi Redazione","twitter_card":"summary_large_image","twitter_creator":"@Exaudi_Notizie","twitter_site":"@Exaudi_News","twitter_misc":{"Scritto da":"Exaudi Redazione","Tempo di lettura stimato":"1 minuto"},"schema":{"@context":"https:\/\/schema.org","@graph":[{"@type":"Article","@id":"https:\/\/exaudi.org\/it\/proclamate-le-opere-finaliste-del-xliv-premio-mondiale-di-poesia-mistica-fernando-rielo-2024\/#article","isPartOf":{"@id":"https:\/\/exaudi.org\/it\/proclamate-le-opere-finaliste-del-xliv-premio-mondiale-di-poesia-mistica-fernando-rielo-2024\/"},"author":{"name":"Exaudi Redazione","@id":"https:\/\/exaudi.org\/#\/schema\/person\/e1ab6ed07c01774724dd96f925f3a5f0"},"headline":"Proclamate le opere finaliste del XLIV Premio Mondiale di Poesia Mistica Fernando Rielo 2024","datePublished":"2024-12-03T20:32:18+00:00","mainEntityOfPage":{"@id":"https:\/\/exaudi.org\/it\/proclamate-le-opere-finaliste-del-xliv-premio-mondiale-di-poesia-mistica-fernando-rielo-2024\/"},"wordCount":226,"image":{"@id":"https:\/\/exaudi.org\/it\/proclamate-le-opere-finaliste-del-xliv-premio-mondiale-di-poesia-mistica-fernando-rielo-2024\/#primaryimage"},"thumbnailUrl":"https:\/\/exaudi.org\/wp-content\/uploads\/2024\/12\/pexels-sheep-556180-1846422-scaled.jpg","keywords":["2024","Andrea Rodr\u00edguez Prat","Antonio Bocanegra","Antonio Jes\u00fas Garc\u00eda Pereyra","Camerun","Carlos Gonz\u00e1lez Garc\u00eda","Cecilia Pablos","CEU San Pablo University","Colegio Mayor Universitario","concorso di poesia","dicembre 2024","Elizabeth Obando Ortiz de la Victoria (Arequipa PER\u00d9)","FERNANDO RIELO","finalisti","Guy Merlin Nana Tadoun","Jer\u00f3nimo Anaya Flores","Juan Jos\u00e9 Manchado Cerezo","Lisa J. Roberts","MADRID","Mar\u00eda Jes\u00fas Rosales Palencia","Messico","Per\u00fa","POESIA","Poesia Mistica","premi letterari","Premio Mondiale di Poesia Mistica","Spagna","Stati Uniti"],"articleSection":["Chiesa e Mondo"],"inLanguage":"it-IT"},{"@type":"WebPage","@id":"https:\/\/exaudi.org\/it\/proclamate-le-opere-finaliste-del-xliv-premio-mondiale-di-poesia-mistica-fernando-rielo-2024\/","url":"https:\/\/exaudi.org\/it\/proclamate-le-opere-finaliste-del-xliv-premio-mondiale-di-poesia-mistica-fernando-rielo-2024\/","name":"Proclamate le opere finaliste del XLIV Premio Mondiale di Poesia Mistica Fernando Rielo 2024 &#8211; Exaudi","isPartOf":{"@id":"https:\/\/exaudi.org\/#website"},"primaryImageOfPage":{"@id":"https:\/\/exaudi.org\/it\/proclamate-le-opere-finaliste-del-xliv-premio-mondiale-di-poesia-mistica-fernando-rielo-2024\/#primaryimage"},"image":{"@id":"https:\/\/exaudi.org\/it\/proclamate-le-opere-finaliste-del-xliv-premio-mondiale-di-poesia-mistica-fernando-rielo-2024\/#primaryimage"},"thumbnailUrl":"https:\/\/exaudi.org\/wp-content\/uploads\/2024\/12\/pexels-sheep-556180-1846422-scaled.jpg","datePublished":"2024-12-03T20:32:18+00:00","author":{"@id":"https:\/\/exaudi.org\/#\/schema\/person\/e1ab6ed07c01774724dd96f925f3a5f0"},"breadcrumb":{"@id":"https:\/\/exaudi.org\/it\/proclamate-le-opere-finaliste-del-xliv-premio-mondiale-di-poesia-mistica-fernando-rielo-2024\/#breadcrumb"},"inLanguage":"it-IT","potentialAction":[{"@type":"ReadAction","target":["https:\/\/exaudi.org\/it\/proclamate-le-opere-finaliste-del-xliv-premio-mondiale-di-poesia-mistica-fernando-rielo-2024\/"]}]},{"@type":"ImageObject","inLanguage":"it-IT","@id":"https:\/\/exaudi.org\/it\/proclamate-le-opere-finaliste-del-xliv-premio-mondiale-di-poesia-mistica-fernando-rielo-2024\/#primaryimage","url":"https:\/\/exaudi.org\/wp-content\/uploads\/2024\/12\/pexels-sheep-556180-1846422-scaled.jpg","contentUrl":"https:\/\/exaudi.org\/wp-content\/uploads\/2024\/12\/pexels-sheep-556180-1846422-scaled.jpg","width":2560,"height":1703},{"@type":"BreadcrumbList","@id":"https:\/\/exaudi.org\/it\/proclamate-le-opere-finaliste-del-xliv-premio-mondiale-di-poesia-mistica-fernando-rielo-2024\/#breadcrumb","itemListElement":[{"@type":"ListItem","position":1,"name":"Portada","item":"https:\/\/exaudi.org\/it\/"},{"@type":"ListItem","position":2,"name":"Proclamate le opere finaliste del XLIV Premio Mondiale di Poesia Mistica Fernando Rielo 2024"}]},{"@type":"WebSite","@id":"https:\/\/exaudi.org\/#website","url":"https:\/\/exaudi.org\/","name":"Exaudi","description":"News","potentialAction":[{"@type":"SearchAction","target":{"@type":"EntryPoint","urlTemplate":"https:\/\/exaudi.org\/?s={search_term_string}"},"query-input":{"@type":"PropertyValueSpecification","valueRequired":true,"valueName":"search_term_string"}}],"inLanguage":"it-IT"},{"@type":"Person","@id":"https:\/\/exaudi.org\/#\/schema\/person\/e1ab6ed07c01774724dd96f925f3a5f0","name":"Exaudi Redazione","image":{"@type":"ImageObject","inLanguage":"it-IT","@id":"https:\/\/secure.gravatar.com\/avatar\/ad6774b3ada023bf5b939d64f45c94b3adf91502dd883507d469b4308a943bb3?s=96&d=mm&r=g","url":"https:\/\/secure.gravatar.com\/avatar\/ad6774b3ada023bf5b939d64f45c94b3adf91502dd883507d469b4308a943bb3?s=96&d=mm&r=g","contentUrl":"https:\/\/secure.gravatar.com\/avatar\/ad6774b3ada023bf5b939d64f45c94b3adf91502dd883507d469b4308a943bb3?s=96&d=mm&r=g","caption":"Exaudi Redazione"},"description":"Che cosa \u00e8 Exaudi News? Exaudi News \u00e8 un agenzia cattolica internazionale che informa, istruisce e trasforma quotidianamente in spagnolo, inglese e italiano. Attraverso notizie, articoli di analisi e trasmissioni in diretta degli eventi del Papa, Exaudi cerca di rafforzare l'unit\u00e0 dei cristiani e di contribuire all'evangelizzazione del mondo, sempre guidato dalla dottrina sociale della Chiesa. Lavoriamo per portare la verit\u00e0 e i valori cristiani in ogni angolo del pianeta. Aiutaci a trasformare il mondo con Exaudi! Noi di Exaudi crediamo che l'evangelizzazione e l'informazione di qualit\u00e0 possano cambiare la vita. Per continuare la nostra missione ed espandere la nostra portata, abbiamo bisogno del tuo aiuto. Stiamo anche cercando persone motivate che vogliano unirsi al nostro team. Grazie al vostro sostegno raggiungeremo pi\u00f9 persone, diffonderemo il messaggio di Cristo e rafforzeremo l'unit\u00e0 dei cristiani. Vuoi unirti alla nostra missione? Per maggiori informazioni su come contribuire, visita Exaudi.org\/it o contattaci direttamente: info@exaudi.org Exaudi: informa, forma e trasforma.","sameAs":["https:\/\/www.facebook.com\/ExaudiNotizie\/","https:\/\/www.instagram.com\/Exaudi_notizie\/","https:\/\/x.com\/Exaudi_Notizie","https:\/\/www.youtube.com\/@exaudicatholicnews"],"url":"https:\/\/exaudi.org\/it\/author\/dlvedi-org\/"}]}},"jetpack_featured_media_url":"https:\/\/exaudi.org\/wp-content\/uploads\/2024\/12\/pexels-sheep-556180-1846422-scaled.jpg","jetpack_shortlink":"https:\/\/wp.me\/pgKjF2-tIf","_links":{"self":[{"href":"https:\/\/exaudi.org\/it\/wp-json\/wp\/v2\/posts\/114219","targetHints":{"allow":["GET"]}}],"collection":[{"href":"https:\/\/exaudi.org\/it\/wp-json\/wp\/v2\/posts"}],"about":[{"href":"https:\/\/exaudi.org\/it\/wp-json\/wp\/v2\/types\/post"}],"author":[{"embeddable":true,"href":"https:\/\/exaudi.org\/it\/wp-json\/wp\/v2\/users\/17"}],"replies":[{"embeddable":true,"href":"https:\/\/exaudi.org\/it\/wp-json\/wp\/v2\/comments?post=114219"}],"version-history":[{"count":0,"href":"https:\/\/exaudi.org\/it\/wp-json\/wp\/v2\/posts\/114219\/revisions"}],"wp:featuredmedia":[{"embeddable":true,"href":"https:\/\/exaudi.org\/it\/wp-json\/wp\/v2\/media\/114138"}],"wp:attachment":[{"href":"https:\/\/exaudi.org\/it\/wp-json\/wp\/v2\/media?parent=114219"}],"wp:term":[{"taxonomy":"category","embeddable":true,"href":"https:\/\/exaudi.org\/it\/wp-json\/wp\/v2\/categories?post=114219"},{"taxonomy":"post_tag","embeddable":true,"href":"https:\/\/exaudi.org\/it\/wp-json\/wp\/v2\/tags?post=114219"}],"curies":[{"name":"wp","href":"https:\/\/api.w.org\/{rel}","templated":true}]}}